{"id":66963,"date":"2017-10-18T00:02:23","date_gmt":"2017-10-18T05:02:23","guid":{"rendered":"http:\/\/www.reconoce.mx\/?p=66963"},"modified":"2017-10-18T03:08:09","modified_gmt":"2017-10-18T08:08:09","slug":"la-mitad-mas-uno-de-resorte","status":"publish","type":"post","link":"https:\/\/www.reconoce.mx\/?p=66963","title":{"rendered":"&#8216;La mitad m\u00e1s uno&#8217;, de Resorte"},"content":{"rendered":"<p><a href=\"http:\/\/www.reconoce.mx\/category\/cultura\/musica\/miercoles-nostalgico\/\"><img loading=\"lazy\" decoding=\"async\" class=\"aligncenter size-full wp-image-38360\" src=\"http:\/\/www.reconoce.mx\/wp-content\/uploads\/2015\/06\/Miercoles.png\" alt=\"Martes\" width=\"550\" height=\"70\" \/><\/a><strong><br \/>\nPor <a title=\"@AsfaltosTweets\" href=\"http:\/\/twitter.com\/AsfaltosTweets\" target=\"_blank\" rel=\"noopener\">Asfaltos<\/a><\/strong>.<\/p>\n<p>Mitad de semana de <a href=\"http:\/\/www.reconoce.mx\/category\/cultura\/musica\/miercoles-nostalgico\/\" target=\"_blank\" rel=\"noopener\">Mi\u00e9rcoles nost\u00e1lgico<\/a> en <span style=\"color: #a81f25;\"><strong>Reconoce MX<\/strong><\/span>, d\u00eda en el que como saben si me leen con frecuencia, recordamos una rola viejita que nos haga sentir que en efecto el tiempo ha pasado, pero no en vano. Para lo anterior eleg\u00ed una rola de hace 20 a\u00f1os, s\u00ed, ya 20 a\u00f1os de una de las canciones del grupo de <em>nu metal<\/em> formado en el Estado de M\u00e9xico, <strong>Resorte<\/strong>.<\/p>\n<style>.embed-container { position: relative; padding-bottom: 56.25%; height: 0; overflow: hidden; max-width: 100%; } .embed-container iframe, .embed-container object, .embed-container embed { position: absolute; top: 0; left: 0; width: 100%; height: 100%; }<\/style>\n<div class=\"embed-container\"><iframe loading=\"lazy\" src=\"https:\/\/www.youtube.com\/embed\/jxUwCcNw5Uw\" width=\"300\" height=\"150\" frameborder=\"0\" allowfullscreen=\"allowfullscreen\"><\/iframe><\/div>\n<p>&nbsp;<\/p>\n<p>S\u00ed, eran los a\u00f1os del llamado <em>nu metal<\/em>, cuando \u00e9ste dominaba la escena musical de los adolescentes, cuando grupos como <strong>Deftones<\/strong>, <strong>KoRn<\/strong>, <strong>Limp Bizkit<\/strong> y <strong>Papa Roach<\/strong> se apoderaban de la televisi\u00f3n musical (que s\u00ed era musical a\u00fan en esos a\u00f1os) y de los conciertos masivos para la chaviza. Ah, qu\u00e9 recuerdos tan llenos de nostalgia, caray.<\/p>\n<p>En 1995, de la mano de Juan Ch\u00e1vez y Carlos S\u00e1nchez, naci\u00f3 en el Estado de M\u00e9xico el grupo <strong>Resorte<\/strong>, que seguramente recordar\u00e1n, por la que es quiz\u00e1 su canci\u00f3n m\u00e1s reconocida: \u00abAm\u00e9rica\u00bb. Como con sus colegas del otro lado de la frontera norte, mucho del \u00e9xito de <strong>Resorte<\/strong> se debi\u00f3 a haber aparecido en la televisi\u00f3n musical: un ejemplo de ello fue la canci\u00f3n con la que les recuerdo hoy.<\/p>\n<p>Como parte de una invitaci\u00f3n masiva, los mexiquenses de <strong>Resorte<\/strong> invitaron en su momento a que los fan\u00e1ticos de la banda formaran parte del video de su m\u00e1s reciente sencillo, \u00abLa mitad m\u00e1s uno\u00bb. La rola, en tiempos donde en Ciudad de M\u00e9xico se celebraba en el mismo 1997 la primer elecci\u00f3n de Jefe de Gobierno, donde nos encontr\u00e1bamos con el movimiento zapatista tan cercano y a tres a\u00f1os de la \u00absalida del PRI\u00bb de Los Pinos, habla de un momento en el que las rolas con tem\u00e1tica social tomaban un significado importante.<\/p>\n<p>La misma calidad del video que les comparto nos traslada tambien en el tiempo en donde las grabaciones en VHS eran frecuentes para revivir videos musicales como \u00e9ste, en tiempos, en efecto, much\u00edsimo muy anteriores a YouTube, mucho antes de los \u00abtel\u00e9fonos inteligentes\u00bb&#8230; \u00bfYa se sintieron viejos?<\/p>\n<p>&nbsp;<\/p>\n<p>&nbsp;<\/p>\n","protected":false},"excerpt":{"rendered":"<p>Mitad de semana de Mi\u00e9rcoles nost\u00e1lgico en Reconoce MX, d\u00eda en el que como saben si me leen con frecuencia, recordamos una rola viejita que nos haga sentir que en efecto el tiempo ha pasado, pero no en v<\/p>\n","protected":false},"author":2,"featured_media":66967,"comment_status":"open","ping_status":"open","sticky":false,"template":"","format":"standard","meta":{"footnotes":""},"categories":[1,2580,18,17],"tags":[],"class_list":["post-66963","post","type-post","status-publish","format-standard","has-post-thumbnail","hentry","category-cultura","category-miercoles-nostalgico","category-musica","category-principal"],"yoast_head":"<!-- This site is optimized with the Yoast SEO plugin v24.7 - https:\/\/yoast.com\/wordpress\/plugins\/seo\/ -->\n<title>&#039;La mitad m\u00e1s uno&#039;, de Resorte &#171; Reconoce MX<\/title>\n<meta name=\"robots\" content=\"index, follow, max-snippet:-1, max-image-preview:large, max-video-preview:-1\" \/>\n<link rel=\"canonical\" href=\"http:\/\/www.reconoce.mx\/?p=66963\" \/>\n<meta property=\"og:locale\" content=\"es_ES\" \/>\n<meta property=\"og:type\" content=\"article\" \/>\n<meta property=\"og:title\" content=\"&#039;La mitad m\u00e1s uno&#039;, de Resorte &#171; Reconoce MX\" \/>\n<meta property=\"og:description\" content=\"Mitad de semana de Mi\u00e9rcoles nost\u00e1lgico en Reconoce MX, d\u00eda en el que como saben si me leen con frecuencia, recordamos una rola viejita que nos haga sentir que en efecto el tiempo ha pasado, pero no en v\" \/>\n<meta property=\"og:url\" content=\"http:\/\/www.reconoce.mx\/?p=66963\" \/>\n<meta property=\"og:site_name\" content=\"Reconoce MX\" \/>\n<meta property=\"article:publisher\" content=\"https:\/\/es-la.facebook.com\/ReconoceMX\/\" \/>\n<meta property=\"article:published_time\" content=\"2017-10-18T05:02:23+00:00\" \/>\n<meta property=\"article:modified_time\" content=\"2017-10-18T08:08:09+00:00\" \/>\n<meta property=\"og:image\" content=\"http:\/\/www.reconoce.mx\/wp-content\/uploads\/2017\/10\/resorte-republica-de-ciegos.png\" \/>\n\t<meta property=\"og:image:width\" content=\"590\" \/>\n\t<meta property=\"og:image:height\" content=\"380\" \/>\n\t<meta property=\"og:image:type\" content=\"image\/png\" \/>\n<meta name=\"author\" content=\"Reconoce MX\" \/>\n<meta name=\"twitter:card\" content=\"summary_large_image\" \/>\n<meta name=\"twitter:creator\" content=\"@reconocemx\" \/>\n<meta name=\"twitter:site\" content=\"@reconocemx\" \/>\n<meta name=\"twitter:label1\" content=\"Escrito por\" \/>\n\t<meta name=\"twitter:data1\" content=\"Reconoce MX\" \/>\n\t<meta name=\"twitter:label2\" content=\"Tiempo de lectura\" \/>\n\t<meta name=\"twitter:data2\" content=\"2 minutos\" \/>\n<script type=\"application\/ld+json\" class=\"yoast-schema-graph\">{\"@context\":\"https:\/\/schema.org\",\"@graph\":[{\"@type\":\"Article\",\"@id\":\"http:\/\/www.reconoce.mx\/?p=66963#article\",\"isPartOf\":{\"@id\":\"http:\/\/www.reconoce.mx\/?p=66963\"},\"author\":{\"name\":\"Reconoce MX\",\"@id\":\"http:\/\/www.reconoce.mx\/#\/schema\/person\/2117e997d7051dc15d6880eaf9bca0b2\"},\"headline\":\"&#8216;La mitad m\u00e1s uno&#8217;, de Resorte\",\"datePublished\":\"2017-10-18T05:02:23+00:00\",\"dateModified\":\"2017-10-18T08:08:09+00:00\",\"mainEntityOfPage\":{\"@id\":\"http:\/\/www.reconoce.mx\/?p=66963\"},\"wordCount\":376,\"commentCount\":0,\"publisher\":{\"@id\":\"http:\/\/www.reconoce.mx\/#organization\"},\"image\":{\"@id\":\"http:\/\/www.reconoce.mx\/?p=66963#primaryimage\"},\"thumbnailUrl\":\"https:\/\/www.reconoce.mx\/wp-content\/uploads\/2017\/10\/resorte-republica-de-ciegos.png\",\"articleSection\":[\"Cultura\",\"Mi\u00e9rcoles nost\u00e1lgico\",\"M\u00fasica\",\"Principal\"],\"inLanguage\":\"es\",\"potentialAction\":[{\"@type\":\"CommentAction\",\"name\":\"Comment\",\"target\":[\"http:\/\/www.reconoce.mx\/?p=66963#respond\"]}]},{\"@type\":\"WebPage\",\"@id\":\"http:\/\/www.reconoce.mx\/?p=66963\",\"url\":\"http:\/\/www.reconoce.mx\/?p=66963\",\"name\":\"'La mitad m\u00e1s uno', de Resorte &#171; Reconoce MX\",\"isPartOf\":{\"@id\":\"http:\/\/www.reconoce.mx\/#website\"},\"primaryImageOfPage\":{\"@id\":\"http:\/\/www.reconoce.mx\/?p=66963#primaryimage\"},\"image\":{\"@id\":\"http:\/\/www.reconoce.mx\/?p=66963#primaryimage\"},\"thumbnailUrl\":\"https:\/\/www.reconoce.mx\/wp-content\/uploads\/2017\/10\/resorte-republica-de-ciegos.png\",\"datePublished\":\"2017-10-18T05:02:23+00:00\",\"dateModified\":\"2017-10-18T08:08:09+00:00\",\"breadcrumb\":{\"@id\":\"http:\/\/www.reconoce.mx\/?p=66963#breadcrumb\"},\"inLanguage\":\"es\",\"potentialAction\":[{\"@type\":\"ReadAction\",\"target\":[\"http:\/\/www.reconoce.mx\/?p=66963\"]}]},{\"@type\":\"ImageObject\",\"inLanguage\":\"es\",\"@id\":\"http:\/\/www.reconoce.mx\/?p=66963#primaryimage\",\"url\":\"https:\/\/www.reconoce.mx\/wp-content\/uploads\/2017\/10\/resorte-republica-de-ciegos.png\",\"contentUrl\":\"https:\/\/www.reconoce.mx\/wp-content\/uploads\/2017\/10\/resorte-republica-de-ciegos.png\",\"width\":590,\"height\":380},{\"@type\":\"BreadcrumbList\",\"@id\":\"http:\/\/www.reconoce.mx\/?p=66963#breadcrumb\",\"itemListElement\":[{\"@type\":\"ListItem\",\"position\":1,\"name\":\"Portada\",\"item\":\"http:\/\/www.reconoce.mx\/\"},{\"@type\":\"ListItem\",\"position\":2,\"name\":\"&#8216;La mitad m\u00e1s uno&#8217;, de Resorte\"}]},{\"@type\":\"WebSite\",\"@id\":\"http:\/\/www.reconoce.mx\/#website\",\"url\":\"http:\/\/www.reconoce.mx\/\",\"name\":\"Reconoce MX\",\"description\":\"En Reconoce MX difundimos arte, cultura y conciencia social en M\u00e9xico. Tu ciudad en otra perspectiva.\",\"publisher\":{\"@id\":\"http:\/\/www.reconoce.mx\/#organization\"},\"potentialAction\":[{\"@type\":\"SearchAction\",\"target\":{\"@type\":\"EntryPoint\",\"urlTemplate\":\"http:\/\/www.reconoce.mx\/?s={search_term_string}\"},\"query-input\":{\"@type\":\"PropertyValueSpecification\",\"valueRequired\":true,\"valueName\":\"search_term_string\"}}],\"inLanguage\":\"es\"},{\"@type\":\"Organization\",\"@id\":\"http:\/\/www.reconoce.mx\/#organization\",\"name\":\"Reconoce MX\",\"url\":\"http:\/\/www.reconoce.mx\/\",\"logo\":{\"@type\":\"ImageObject\",\"inLanguage\":\"es\",\"@id\":\"http:\/\/www.reconoce.mx\/#\/schema\/logo\/image\/\",\"url\":\"https:\/\/www.reconoce.mx\/wp-content\/uploads\/2019\/03\/logorcmx-good-1.png\",\"contentUrl\":\"https:\/\/www.reconoce.mx\/wp-content\/uploads\/2019\/03\/logorcmx-good-1.png\",\"width\":280,\"height\":90,\"caption\":\"Reconoce MX\"},\"image\":{\"@id\":\"http:\/\/www.reconoce.mx\/#\/schema\/logo\/image\/\"},\"sameAs\":[\"https:\/\/es-la.facebook.com\/ReconoceMX\/\",\"https:\/\/x.com\/reconocemx\",\"http:\/\/@reconocemx\"]},{\"@type\":\"Person\",\"@id\":\"http:\/\/www.reconoce.mx\/#\/schema\/person\/2117e997d7051dc15d6880eaf9bca0b2\",\"name\":\"Reconoce MX\",\"image\":{\"@type\":\"ImageObject\",\"inLanguage\":\"es\",\"@id\":\"http:\/\/www.reconoce.mx\/#\/schema\/person\/image\/\",\"url\":\"https:\/\/secure.gravatar.com\/avatar\/6c8d4dc7569ca1c90c5fdcc349f839d5ddef6fe1e70b4337ead2ef1a4c43fc3a?s=96&d=identicon&r=g\",\"contentUrl\":\"https:\/\/secure.gravatar.com\/avatar\/6c8d4dc7569ca1c90c5fdcc349f839d5ddef6fe1e70b4337ead2ef1a4c43fc3a?s=96&d=identicon&r=g\",\"caption\":\"Reconoce MX\"},\"description\":\"Reconoce MX es un proyecto de difusi\u00f3n art\u00edstica, cultural y de conciencia social que est\u00e1 enfocado a difundir y fomentar el entretenimiento alternativo de calidad para todo el p\u00fablico que comparta el mismo entusiasmo.\",\"sameAs\":[\"http:\/\/www.reconoce.mx\"],\"url\":\"https:\/\/www.reconoce.mx\/?author=2\"}]}<\/script>\n<!-- \/ Yoast SEO plugin. -->","yoast_head_json":{"title":"'La mitad m\u00e1s uno', de Resorte &#171; Reconoce MX","robots":{"index":"index","follow":"follow","max-snippet":"max-snippet:-1","max-image-preview":"max-image-preview:large","max-video-preview":"max-video-preview:-1"},"canonical":"http:\/\/www.reconoce.mx\/?p=66963","og_locale":"es_ES","og_type":"article","og_title":"'La mitad m\u00e1s uno', de Resorte &#171; Reconoce MX","og_description":"Mitad de semana de Mi\u00e9rcoles nost\u00e1lgico en Reconoce MX, d\u00eda en el que como saben si me leen con frecuencia, recordamos una rola viejita que nos haga sentir que en efecto el tiempo ha pasado, pero no en v","og_url":"http:\/\/www.reconoce.mx\/?p=66963","og_site_name":"Reconoce MX","article_publisher":"https:\/\/es-la.facebook.com\/ReconoceMX\/","article_published_time":"2017-10-18T05:02:23+00:00","article_modified_time":"2017-10-18T08:08:09+00:00","og_image":[{"width":590,"height":380,"url":"http:\/\/www.reconoce.mx\/wp-content\/uploads\/2017\/10\/resorte-republica-de-ciegos.png","type":"image\/png"}],"author":"Reconoce MX","twitter_card":"summary_large_image","twitter_creator":"@reconocemx","twitter_site":"@reconocemx","twitter_misc":{"Escrito por":"Reconoce MX","Tiempo de lectura":"2 minutos"},"schema":{"@context":"https:\/\/schema.org","@graph":[{"@type":"Article","@id":"http:\/\/www.reconoce.mx\/?p=66963#article","isPartOf":{"@id":"http:\/\/www.reconoce.mx\/?p=66963"},"author":{"name":"Reconoce MX","@id":"http:\/\/www.reconoce.mx\/#\/schema\/person\/2117e997d7051dc15d6880eaf9bca0b2"},"headline":"&#8216;La mitad m\u00e1s uno&#8217;, de Resorte","datePublished":"2017-10-18T05:02:23+00:00","dateModified":"2017-10-18T08:08:09+00:00","mainEntityOfPage":{"@id":"http:\/\/www.reconoce.mx\/?p=66963"},"wordCount":376,"commentCount":0,"publisher":{"@id":"http:\/\/www.reconoce.mx\/#organization"},"image":{"@id":"http:\/\/www.reconoce.mx\/?p=66963#primaryimage"},"thumbnailUrl":"https:\/\/www.reconoce.mx\/wp-content\/uploads\/2017\/10\/resorte-republica-de-ciegos.png","articleSection":["Cultura","Mi\u00e9rcoles nost\u00e1lgico","M\u00fasica","Principal"],"inLanguage":"es","potentialAction":[{"@type":"CommentAction","name":"Comment","target":["http:\/\/www.reconoce.mx\/?p=66963#respond"]}]},{"@type":"WebPage","@id":"http:\/\/www.reconoce.mx\/?p=66963","url":"http:\/\/www.reconoce.mx\/?p=66963","name":"'La mitad m\u00e1s uno', de Resorte &#171; Reconoce MX","isPartOf":{"@id":"http:\/\/www.reconoce.mx\/#website"},"primaryImageOfPage":{"@id":"http:\/\/www.reconoce.mx\/?p=66963#primaryimage"},"image":{"@id":"http:\/\/www.reconoce.mx\/?p=66963#primaryimage"},"thumbnailUrl":"https:\/\/www.reconoce.mx\/wp-content\/uploads\/2017\/10\/resorte-republica-de-ciegos.png","datePublished":"2017-10-18T05:02:23+00:00","dateModified":"2017-10-18T08:08:09+00:00","breadcrumb":{"@id":"http:\/\/www.reconoce.mx\/?p=66963#breadcrumb"},"inLanguage":"es","potentialAction":[{"@type":"ReadAction","target":["http:\/\/www.reconoce.mx\/?p=66963"]}]},{"@type":"ImageObject","inLanguage":"es","@id":"http:\/\/www.reconoce.mx\/?p=66963#primaryimage","url":"https:\/\/www.reconoce.mx\/wp-content\/uploads\/2017\/10\/resorte-republica-de-ciegos.png","contentUrl":"https:\/\/www.reconoce.mx\/wp-content\/uploads\/2017\/10\/resorte-republica-de-ciegos.png","width":590,"height":380},{"@type":"BreadcrumbList","@id":"http:\/\/www.reconoce.mx\/?p=66963#breadcrumb","itemListElement":[{"@type":"ListItem","position":1,"name":"Portada","item":"http:\/\/www.reconoce.mx\/"},{"@type":"ListItem","position":2,"name":"&#8216;La mitad m\u00e1s uno&#8217;, de Resorte"}]},{"@type":"WebSite","@id":"http:\/\/www.reconoce.mx\/#website","url":"http:\/\/www.reconoce.mx\/","name":"Reconoce MX","description":"En Reconoce MX difundimos arte, cultura y conciencia social en M\u00e9xico. Tu ciudad en otra perspectiva.","publisher":{"@id":"http:\/\/www.reconoce.mx\/#organization"},"potentialAction":[{"@type":"SearchAction","target":{"@type":"EntryPoint","urlTemplate":"http:\/\/www.reconoce.mx\/?s={search_term_string}"},"query-input":{"@type":"PropertyValueSpecification","valueRequired":true,"valueName":"search_term_string"}}],"inLanguage":"es"},{"@type":"Organization","@id":"http:\/\/www.reconoce.mx\/#organization","name":"Reconoce MX","url":"http:\/\/www.reconoce.mx\/","logo":{"@type":"ImageObject","inLanguage":"es","@id":"http:\/\/www.reconoce.mx\/#\/schema\/logo\/image\/","url":"https:\/\/www.reconoce.mx\/wp-content\/uploads\/2019\/03\/logorcmx-good-1.png","contentUrl":"https:\/\/www.reconoce.mx\/wp-content\/uploads\/2019\/03\/logorcmx-good-1.png","width":280,"height":90,"caption":"Reconoce MX"},"image":{"@id":"http:\/\/www.reconoce.mx\/#\/schema\/logo\/image\/"},"sameAs":["https:\/\/es-la.facebook.com\/ReconoceMX\/","https:\/\/x.com\/reconocemx","http:\/\/@reconocemx"]},{"@type":"Person","@id":"http:\/\/www.reconoce.mx\/#\/schema\/person\/2117e997d7051dc15d6880eaf9bca0b2","name":"Reconoce MX","image":{"@type":"ImageObject","inLanguage":"es","@id":"http:\/\/www.reconoce.mx\/#\/schema\/person\/image\/","url":"https:\/\/secure.gravatar.com\/avatar\/6c8d4dc7569ca1c90c5fdcc349f839d5ddef6fe1e70b4337ead2ef1a4c43fc3a?s=96&d=identicon&r=g","contentUrl":"https:\/\/secure.gravatar.com\/avatar\/6c8d4dc7569ca1c90c5fdcc349f839d5ddef6fe1e70b4337ead2ef1a4c43fc3a?s=96&d=identicon&r=g","caption":"Reconoce MX"},"description":"Reconoce MX es un proyecto de difusi\u00f3n art\u00edstica, cultural y de conciencia social que est\u00e1 enfocado a difundir y fomentar el entretenimiento alternativo de calidad para todo el p\u00fablico que comparta el mismo entusiasmo.","sameAs":["http:\/\/www.reconoce.mx"],"url":"https:\/\/www.reconoce.mx\/?author=2"}]}},"_links":{"self":[{"href":"https:\/\/www.reconoce.mx\/index.php?rest_route=\/wp\/v2\/posts\/66963","targetHints":{"allow":["GET"]}}],"collection":[{"href":"https:\/\/www.reconoce.mx\/index.php?rest_route=\/wp\/v2\/posts"}],"about":[{"href":"https:\/\/www.reconoce.mx\/index.php?rest_route=\/wp\/v2\/types\/post"}],"author":[{"embeddable":true,"href":"https:\/\/www.reconoce.mx\/index.php?rest_route=\/wp\/v2\/users\/2"}],"replies":[{"embeddable":true,"href":"https:\/\/www.reconoce.mx\/index.php?rest_route=%2Fwp%2Fv2%2Fcomments&post=66963"}],"version-history":[{"count":5,"href":"https:\/\/www.reconoce.mx\/index.php?rest_route=\/wp\/v2\/posts\/66963\/revisions"}],"predecessor-version":[{"id":66969,"href":"https:\/\/www.reconoce.mx\/index.php?rest_route=\/wp\/v2\/posts\/66963\/revisions\/66969"}],"wp:featuredmedia":[{"embeddable":true,"href":"https:\/\/www.reconoce.mx\/index.php?rest_route=\/wp\/v2\/media\/66967"}],"wp:attachment":[{"href":"https:\/\/www.reconoce.mx\/index.php?rest_route=%2Fwp%2Fv2%2Fmedia&parent=66963"}],"wp:term":[{"taxonomy":"category","embeddable":true,"href":"https:\/\/www.reconoce.mx\/index.php?rest_route=%2Fwp%2Fv2%2Fcategories&post=66963"},{"taxonomy":"post_tag","embeddable":true,"href":"https:\/\/www.reconoce.mx\/index.php?rest_route=%2Fwp%2Fv2%2Ftags&post=66963"}],"curies":[{"name":"wp","href":"https:\/\/api.w.org\/{rel}","templated":true}]}}