{"id":66988,"date":"2017-10-16T00:06:22","date_gmt":"2017-10-16T05:06:22","guid":{"rendered":"http:\/\/www.reconoce.mx\/?p=66988"},"modified":"2017-10-16T02:55:16","modified_gmt":"2017-10-16T07:55:16","slug":"goran-bregovic-balsamo-balcanico-necesario-en-el-plaza","status":"publish","type":"post","link":"https:\/\/www.reconoce.mx\/?p=66988","title":{"rendered":"Goran Bregovi\u0107, b\u00e1lsamo balc\u00e1nico necesario en El Plaza"},"content":{"rendered":"<p><strong> Texto por Gina Szclar.<br \/>\nFotos por <a href=\"https:\/\/twitter.com\/JACSPhoto\" target=\"_blank\" rel=\"noopener noreferrer\">Joaqu\u00edn Cervantes<\/a>.<br \/>\n<\/strong><\/p>\n<p><strong>Goran Bregovi\u0107<\/strong> se present\u00f3 de nueva cuenta en nuestra ciudad despu\u00e9s de cuatro largos a\u00f1os de espera. Este compositor nace en el seno de una familia tan ecl\u00e9ctica como su m\u00fasica: madre ortodoxa serbia y padre cat\u00f3lico croata, en una zona compleja -Los Balcanes- que se vio sumida en dos grandes guerras que culminar\u00edan en el conflicto de Kosovo en los a\u00f1os 90 y que trajeron como consecuencia la disoluci\u00f3n de Yugoslavia.<\/p>\n<p><img loading=\"lazy\" decoding=\"async\" class=\"alignnone size-full\" src=\"https:\/\/c1.staticflickr.com\/5\/4479\/23873983238_43d9be099e_c.jpg\" width=\"591\" height=\"800\" \/><\/p>\n<p><em><strong> &gt;&gt;<a href=\"https:\/\/www.flickr.com\/photos\/reconocemx\/albums\/72157688065859843\" target=\"_blank\" rel=\"noopener\">Disfruta nuestra galer\u00eda completa de Goran Bregovi\u0107 en El Plaza<\/a>&lt;&lt;<\/strong><\/em><\/p>\n<p>Casado con una bosnia musulmana, Bregovi\u0107, estudiante de filosof\u00eda, se adentra en la m\u00fasica representativa de su pa\u00ed s-la balc\u00e1nica- iniciada por gitanos que interpretan una mezcla de pop de la regi\u00f3n, con <em>klezmer<\/em> (tradicional jud\u00eda), griega y chalga (ritmo que se origina en Bulgaria en 1990).<\/p>\n<p>Goran incorpora la guitarra el\u00e9ctrica, percusiones, instrumentos de viento y metal, cuerdas y voces, creando una mixtura que le ha permitido llegar a p\u00fablicos de muy diversos gustos que van del jazz al pop, al rock y al gypsy, y que ha abierto la puerta a grupos como <strong>Fanfare Ciocarlia<\/strong>, <strong>Shantel<\/strong>, <strong>Balkan Beat Box<\/strong> o <strong>Gogol Bordello<\/strong>.<\/p>\n<p><img loading=\"lazy\" decoding=\"async\" class=\"alignnone size-full\" src=\"https:\/\/c1.staticflickr.com\/5\/4512\/37056608283_d4b79d7a47_c.jpg\" width=\"800\" height=\"534\" \/><\/p>\n<p><em><strong> &gt;&gt;<a href=\"https:\/\/www.flickr.com\/photos\/reconocemx\/albums\/72157688065859843\" target=\"_blank\" rel=\"noopener\">Disfruta nuestra galer\u00eda completa de Goran Bregovi\u0107 en El Plaza<\/a>&lt;&lt;<\/strong><\/em><\/p>\n<p>Para <strong>Emir Kusturica<\/strong> compuso la m\u00fasica de sus filmes \u00abTiempo de gitanos\u00bb, \u00abSue\u00f1o de Arizona\u00bb y \u00abUnderground\u00bb, as\u00ed como para la pel\u00edcula \u00abLa Reina Margot\u00bb del franc\u00e9s <strong>Patrice Chereau<\/strong>; tambi\u00e9n ha incursionado en el teatro y\u00a0 en la \u00f3pera como \u00abCarmen con un final feliz\u00bb (2004).<\/p>\n<p>En 2008, con su banda <strong>Bodas y Funerales<\/strong>, se presentaron primero en el centro de Oaxaca y luego en la Plaza de Santo Domingo de nuestra capital, amalgam\u00e1ndose con la bandas oaxaque\u00f1as mixe y zapoteca, quedando demostrado una vez m\u00e1s, la universalidad de la m\u00fasica. Fue en 2013 en un s\u00e1bado memorable en que la lluvia torrencial nos oblig\u00f3 a dispersarnos del concierto en la explanada del Z\u00f3calo de Cuernavaca.<\/p>\n<p><img loading=\"lazy\" decoding=\"async\" class=\"alignnone size-full\" src=\"https:\/\/c1.staticflickr.com\/5\/4471\/37726784421_95233657f5_z.jpg\" width=\"640\" height=\"470\" \/><\/p>\n<p><em><strong> &gt;&gt;<a href=\"https:\/\/www.flickr.com\/photos\/reconocemx\/albums\/72157688065859843\" target=\"_blank\" rel=\"noopener\">Disfruta nuestra galer\u00eda completa de Goran Bregovi\u0107 en El Plaza<\/a>&lt;&lt;<\/strong><\/em><\/p>\n<p>Goran present\u00f3 ayer en <strong>El Plaza Condesa<\/strong> su m\u00e1s reciente disco \u00abThree letters from Sarajevo, opus 1\u00bb (2017). Apareciendo a mitad del foro, partiendo plaza, en el t\u00e9rmino m\u00e1s literal de la palabra, la banda se dirigi\u00f3 al escenario en donde, ataviado con su cl\u00e1sica ropa blanca, Goran se incorpora a ellos para tocar y cantar sus m\u00e1s grandes \u00e9xitos como: \u00abGas gas\u00bb, \u00abOmule\u00bb, \u00abPresident\u00bb (grabada conjuntamente con <strong>Gipsy Kings<\/strong>), \u00abMesecina\u00bb, \u00abKalasnjikov\u00bb, \u00abYa ya ringe ringe raja\u00bb y muchas m\u00e1s.<\/p>\n<p>Durante 90 minutos, estos 7 m\u00fasicos y sus 2 cantantes lograron hacernos olvidar por completo nuestros problemas, un espacio completamente lleno, completamente entregado a este hombre que a su vez se entreg\u00f3 por completo a nosotros, un concierto tan \u00fanico como todos sus conciertos. <em>Cia bello<\/em>, \u00a1gracias y regresa pronto!<\/p>\n<p>&nbsp;<\/p>\n<p>&nbsp;<\/p>\n","protected":false},"excerpt":{"rendered":"<p>Goran Bregovi\u0107 se present\u00f3 de nueva cuenta en nuestra ciudad despu\u00e9s de cuatro largos a\u00f1os de espera. <\/p>\n","protected":false},"author":2,"featured_media":66989,"comment_status":"open","ping_status":"open","sticky":false,"template":"","format":"standard","meta":{"footnotes":""},"categories":[1,18,17],"tags":[],"class_list":["post-66988","post","type-post","status-publish","format-standard","has-post-thumbnail","hentry","category-cultura","category-musica","category-principal"],"yoast_head":"<!-- This site is optimized with the Yoast SEO plugin v24.7 - https:\/\/yoast.com\/wordpress\/plugins\/seo\/ -->\n<title>Goran Bregovi\u0107, b\u00e1lsamo balc\u00e1nico necesario en El Plaza &#171; Reconoce MX<\/title>\n<meta name=\"robots\" content=\"index, follow, max-snippet:-1, max-image-preview:large, max-video-preview:-1\" \/>\n<link rel=\"canonical\" href=\"https:\/\/www.reconoce.mx\/?p=66988\" \/>\n<meta property=\"og:locale\" content=\"es_ES\" \/>\n<meta property=\"og:type\" content=\"article\" \/>\n<meta property=\"og:title\" content=\"Goran Bregovi\u0107, b\u00e1lsamo balc\u00e1nico necesario en El Plaza &#171; Reconoce MX\" \/>\n<meta property=\"og:description\" content=\"Goran Bregovi\u0107 se present\u00f3 de nueva cuenta en nuestra ciudad despu\u00e9s de cuatro largos a\u00f1os de espera.\" \/>\n<meta property=\"og:url\" content=\"https:\/\/www.reconoce.mx\/?p=66988\" \/>\n<meta property=\"og:site_name\" content=\"Reconoce MX\" \/>\n<meta property=\"article:publisher\" content=\"https:\/\/es-la.facebook.com\/ReconoceMX\/\" \/>\n<meta property=\"article:published_time\" content=\"2017-10-16T05:06:22+00:00\" \/>\n<meta property=\"article:modified_time\" content=\"2017-10-16T07:55:16+00:00\" \/>\n<meta property=\"og:image\" content=\"https:\/\/www.reconoce.mx\/wp-content\/uploads\/2017\/10\/goran-bregovic-cover.png\" \/>\n\t<meta property=\"og:image:width\" content=\"590\" \/>\n\t<meta property=\"og:image:height\" content=\"380\" \/>\n\t<meta property=\"og:image:type\" content=\"image\/png\" \/>\n<meta name=\"author\" content=\"Reconoce MX\" \/>\n<meta name=\"twitter:card\" content=\"summary_large_image\" \/>\n<meta name=\"twitter:creator\" content=\"@reconocemx\" \/>\n<meta name=\"twitter:site\" content=\"@reconocemx\" \/>\n<meta name=\"twitter:label1\" content=\"Escrito por\" \/>\n\t<meta name=\"twitter:data1\" content=\"Reconoce MX\" \/>\n\t<meta name=\"twitter:label2\" content=\"Tiempo de lectura\" \/>\n\t<meta name=\"twitter:data2\" content=\"3 minutos\" \/>\n<script type=\"application\/ld+json\" class=\"yoast-schema-graph\">{\"@context\":\"https:\/\/schema.org\",\"@graph\":[{\"@type\":\"Article\",\"@id\":\"https:\/\/www.reconoce.mx\/?p=66988#article\",\"isPartOf\":{\"@id\":\"https:\/\/www.reconoce.mx\/?p=66988\"},\"author\":{\"name\":\"Reconoce MX\",\"@id\":\"http:\/\/www.reconoce.mx\/#\/schema\/person\/2117e997d7051dc15d6880eaf9bca0b2\"},\"headline\":\"Goran Bregovi\u0107, b\u00e1lsamo balc\u00e1nico necesario en El Plaza\",\"datePublished\":\"2017-10-16T05:06:22+00:00\",\"dateModified\":\"2017-10-16T07:55:16+00:00\",\"mainEntityOfPage\":{\"@id\":\"https:\/\/www.reconoce.mx\/?p=66988\"},\"wordCount\":511,\"commentCount\":0,\"publisher\":{\"@id\":\"http:\/\/www.reconoce.mx\/#organization\"},\"image\":{\"@id\":\"https:\/\/www.reconoce.mx\/?p=66988#primaryimage\"},\"thumbnailUrl\":\"https:\/\/www.reconoce.mx\/wp-content\/uploads\/2017\/10\/goran-bregovic-cover.png\",\"articleSection\":[\"Cultura\",\"M\u00fasica\",\"Principal\"],\"inLanguage\":\"es\",\"potentialAction\":[{\"@type\":\"CommentAction\",\"name\":\"Comment\",\"target\":[\"https:\/\/www.reconoce.mx\/?p=66988#respond\"]}]},{\"@type\":\"WebPage\",\"@id\":\"https:\/\/www.reconoce.mx\/?p=66988\",\"url\":\"https:\/\/www.reconoce.mx\/?p=66988\",\"name\":\"Goran Bregovi\u0107, b\u00e1lsamo balc\u00e1nico necesario en El Plaza &#171; Reconoce MX\",\"isPartOf\":{\"@id\":\"http:\/\/www.reconoce.mx\/#website\"},\"primaryImageOfPage\":{\"@id\":\"https:\/\/www.reconoce.mx\/?p=66988#primaryimage\"},\"image\":{\"@id\":\"https:\/\/www.reconoce.mx\/?p=66988#primaryimage\"},\"thumbnailUrl\":\"https:\/\/www.reconoce.mx\/wp-content\/uploads\/2017\/10\/goran-bregovic-cover.png\",\"datePublished\":\"2017-10-16T05:06:22+00:00\",\"dateModified\":\"2017-10-16T07:55:16+00:00\",\"breadcrumb\":{\"@id\":\"https:\/\/www.reconoce.mx\/?p=66988#breadcrumb\"},\"inLanguage\":\"es\",\"potentialAction\":[{\"@type\":\"ReadAction\",\"target\":[\"https:\/\/www.reconoce.mx\/?p=66988\"]}]},{\"@type\":\"ImageObject\",\"inLanguage\":\"es\",\"@id\":\"https:\/\/www.reconoce.mx\/?p=66988#primaryimage\",\"url\":\"https:\/\/www.reconoce.mx\/wp-content\/uploads\/2017\/10\/goran-bregovic-cover.png\",\"contentUrl\":\"https:\/\/www.reconoce.mx\/wp-content\/uploads\/2017\/10\/goran-bregovic-cover.png\",\"width\":590,\"height\":380},{\"@type\":\"BreadcrumbList\",\"@id\":\"https:\/\/www.reconoce.mx\/?p=66988#breadcrumb\",\"itemListElement\":[{\"@type\":\"ListItem\",\"position\":1,\"name\":\"Portada\",\"item\":\"http:\/\/www.reconoce.mx\/\"},{\"@type\":\"ListItem\",\"position\":2,\"name\":\"Goran Bregovi\u0107, b\u00e1lsamo balc\u00e1nico necesario en El Plaza\"}]},{\"@type\":\"WebSite\",\"@id\":\"http:\/\/www.reconoce.mx\/#website\",\"url\":\"http:\/\/www.reconoce.mx\/\",\"name\":\"Reconoce MX\",\"description\":\"En Reconoce MX difundimos arte, cultura y conciencia social en M\u00e9xico. Tu ciudad en otra perspectiva.\",\"publisher\":{\"@id\":\"http:\/\/www.reconoce.mx\/#organization\"},\"potentialAction\":[{\"@type\":\"SearchAction\",\"target\":{\"@type\":\"EntryPoint\",\"urlTemplate\":\"http:\/\/www.reconoce.mx\/?s={search_term_string}\"},\"query-input\":{\"@type\":\"PropertyValueSpecification\",\"valueRequired\":true,\"valueName\":\"search_term_string\"}}],\"inLanguage\":\"es\"},{\"@type\":\"Organization\",\"@id\":\"http:\/\/www.reconoce.mx\/#organization\",\"name\":\"Reconoce MX\",\"url\":\"http:\/\/www.reconoce.mx\/\",\"logo\":{\"@type\":\"ImageObject\",\"inLanguage\":\"es\",\"@id\":\"http:\/\/www.reconoce.mx\/#\/schema\/logo\/image\/\",\"url\":\"https:\/\/www.reconoce.mx\/wp-content\/uploads\/2019\/03\/logorcmx-good-1.png\",\"contentUrl\":\"https:\/\/www.reconoce.mx\/wp-content\/uploads\/2019\/03\/logorcmx-good-1.png\",\"width\":280,\"height\":90,\"caption\":\"Reconoce MX\"},\"image\":{\"@id\":\"http:\/\/www.reconoce.mx\/#\/schema\/logo\/image\/\"},\"sameAs\":[\"https:\/\/es-la.facebook.com\/ReconoceMX\/\",\"https:\/\/x.com\/reconocemx\",\"http:\/\/@reconocemx\"]},{\"@type\":\"Person\",\"@id\":\"http:\/\/www.reconoce.mx\/#\/schema\/person\/2117e997d7051dc15d6880eaf9bca0b2\",\"name\":\"Reconoce MX\",\"image\":{\"@type\":\"ImageObject\",\"inLanguage\":\"es\",\"@id\":\"http:\/\/www.reconoce.mx\/#\/schema\/person\/image\/\",\"url\":\"https:\/\/secure.gravatar.com\/avatar\/6c8d4dc7569ca1c90c5fdcc349f839d5ddef6fe1e70b4337ead2ef1a4c43fc3a?s=96&d=identicon&r=g\",\"contentUrl\":\"https:\/\/secure.gravatar.com\/avatar\/6c8d4dc7569ca1c90c5fdcc349f839d5ddef6fe1e70b4337ead2ef1a4c43fc3a?s=96&d=identicon&r=g\",\"caption\":\"Reconoce MX\"},\"description\":\"Reconoce MX es un proyecto de difusi\u00f3n art\u00edstica, cultural y de conciencia social que est\u00e1 enfocado a difundir y fomentar el entretenimiento alternativo de calidad para todo el p\u00fablico que comparta el mismo entusiasmo.\",\"sameAs\":[\"http:\/\/www.reconoce.mx\"],\"url\":\"https:\/\/www.reconoce.mx\/?author=2\"}]}<\/script>\n<!-- \/ Yoast SEO plugin. -->","yoast_head_json":{"title":"Goran Bregovi\u0107, b\u00e1lsamo balc\u00e1nico necesario en El Plaza &#171; Reconoce MX","robots":{"index":"index","follow":"follow","max-snippet":"max-snippet:-1","max-image-preview":"max-image-preview:large","max-video-preview":"max-video-preview:-1"},"canonical":"https:\/\/www.reconoce.mx\/?p=66988","og_locale":"es_ES","og_type":"article","og_title":"Goran Bregovi\u0107, b\u00e1lsamo balc\u00e1nico necesario en El Plaza &#171; Reconoce MX","og_description":"Goran Bregovi\u0107 se present\u00f3 de nueva cuenta en nuestra ciudad despu\u00e9s de cuatro largos a\u00f1os de espera.","og_url":"https:\/\/www.reconoce.mx\/?p=66988","og_site_name":"Reconoce MX","article_publisher":"https:\/\/es-la.facebook.com\/ReconoceMX\/","article_published_time":"2017-10-16T05:06:22+00:00","article_modified_time":"2017-10-16T07:55:16+00:00","og_image":[{"width":590,"height":380,"url":"https:\/\/www.reconoce.mx\/wp-content\/uploads\/2017\/10\/goran-bregovic-cover.png","type":"image\/png"}],"author":"Reconoce MX","twitter_card":"summary_large_image","twitter_creator":"@reconocemx","twitter_site":"@reconocemx","twitter_misc":{"Escrito por":"Reconoce MX","Tiempo de lectura":"3 minutos"},"schema":{"@context":"https:\/\/schema.org","@graph":[{"@type":"Article","@id":"https:\/\/www.reconoce.mx\/?p=66988#article","isPartOf":{"@id":"https:\/\/www.reconoce.mx\/?p=66988"},"author":{"name":"Reconoce MX","@id":"http:\/\/www.reconoce.mx\/#\/schema\/person\/2117e997d7051dc15d6880eaf9bca0b2"},"headline":"Goran Bregovi\u0107, b\u00e1lsamo balc\u00e1nico necesario en El Plaza","datePublished":"2017-10-16T05:06:22+00:00","dateModified":"2017-10-16T07:55:16+00:00","mainEntityOfPage":{"@id":"https:\/\/www.reconoce.mx\/?p=66988"},"wordCount":511,"commentCount":0,"publisher":{"@id":"http:\/\/www.reconoce.mx\/#organization"},"image":{"@id":"https:\/\/www.reconoce.mx\/?p=66988#primaryimage"},"thumbnailUrl":"https:\/\/www.reconoce.mx\/wp-content\/uploads\/2017\/10\/goran-bregovic-cover.png","articleSection":["Cultura","M\u00fasica","Principal"],"inLanguage":"es","potentialAction":[{"@type":"CommentAction","name":"Comment","target":["https:\/\/www.reconoce.mx\/?p=66988#respond"]}]},{"@type":"WebPage","@id":"https:\/\/www.reconoce.mx\/?p=66988","url":"https:\/\/www.reconoce.mx\/?p=66988","name":"Goran Bregovi\u0107, b\u00e1lsamo balc\u00e1nico necesario en El Plaza &#171; Reconoce MX","isPartOf":{"@id":"http:\/\/www.reconoce.mx\/#website"},"primaryImageOfPage":{"@id":"https:\/\/www.reconoce.mx\/?p=66988#primaryimage"},"image":{"@id":"https:\/\/www.reconoce.mx\/?p=66988#primaryimage"},"thumbnailUrl":"https:\/\/www.reconoce.mx\/wp-content\/uploads\/2017\/10\/goran-bregovic-cover.png","datePublished":"2017-10-16T05:06:22+00:00","dateModified":"2017-10-16T07:55:16+00:00","breadcrumb":{"@id":"https:\/\/www.reconoce.mx\/?p=66988#breadcrumb"},"inLanguage":"es","potentialAction":[{"@type":"ReadAction","target":["https:\/\/www.reconoce.mx\/?p=66988"]}]},{"@type":"ImageObject","inLanguage":"es","@id":"https:\/\/www.reconoce.mx\/?p=66988#primaryimage","url":"https:\/\/www.reconoce.mx\/wp-content\/uploads\/2017\/10\/goran-bregovic-cover.png","contentUrl":"https:\/\/www.reconoce.mx\/wp-content\/uploads\/2017\/10\/goran-bregovic-cover.png","width":590,"height":380},{"@type":"BreadcrumbList","@id":"https:\/\/www.reconoce.mx\/?p=66988#breadcrumb","itemListElement":[{"@type":"ListItem","position":1,"name":"Portada","item":"http:\/\/www.reconoce.mx\/"},{"@type":"ListItem","position":2,"name":"Goran Bregovi\u0107, b\u00e1lsamo balc\u00e1nico necesario en El Plaza"}]},{"@type":"WebSite","@id":"http:\/\/www.reconoce.mx\/#website","url":"http:\/\/www.reconoce.mx\/","name":"Reconoce MX","description":"En Reconoce MX difundimos arte, cultura y conciencia social en M\u00e9xico. Tu ciudad en otra perspectiva.","publisher":{"@id":"http:\/\/www.reconoce.mx\/#organization"},"potentialAction":[{"@type":"SearchAction","target":{"@type":"EntryPoint","urlTemplate":"http:\/\/www.reconoce.mx\/?s={search_term_string}"},"query-input":{"@type":"PropertyValueSpecification","valueRequired":true,"valueName":"search_term_string"}}],"inLanguage":"es"},{"@type":"Organization","@id":"http:\/\/www.reconoce.mx\/#organization","name":"Reconoce MX","url":"http:\/\/www.reconoce.mx\/","logo":{"@type":"ImageObject","inLanguage":"es","@id":"http:\/\/www.reconoce.mx\/#\/schema\/logo\/image\/","url":"https:\/\/www.reconoce.mx\/wp-content\/uploads\/2019\/03\/logorcmx-good-1.png","contentUrl":"https:\/\/www.reconoce.mx\/wp-content\/uploads\/2019\/03\/logorcmx-good-1.png","width":280,"height":90,"caption":"Reconoce MX"},"image":{"@id":"http:\/\/www.reconoce.mx\/#\/schema\/logo\/image\/"},"sameAs":["https:\/\/es-la.facebook.com\/ReconoceMX\/","https:\/\/x.com\/reconocemx","http:\/\/@reconocemx"]},{"@type":"Person","@id":"http:\/\/www.reconoce.mx\/#\/schema\/person\/2117e997d7051dc15d6880eaf9bca0b2","name":"Reconoce MX","image":{"@type":"ImageObject","inLanguage":"es","@id":"http:\/\/www.reconoce.mx\/#\/schema\/person\/image\/","url":"https:\/\/secure.gravatar.com\/avatar\/6c8d4dc7569ca1c90c5fdcc349f839d5ddef6fe1e70b4337ead2ef1a4c43fc3a?s=96&d=identicon&r=g","contentUrl":"https:\/\/secure.gravatar.com\/avatar\/6c8d4dc7569ca1c90c5fdcc349f839d5ddef6fe1e70b4337ead2ef1a4c43fc3a?s=96&d=identicon&r=g","caption":"Reconoce MX"},"description":"Reconoce MX es un proyecto de difusi\u00f3n art\u00edstica, cultural y de conciencia social que est\u00e1 enfocado a difundir y fomentar el entretenimiento alternativo de calidad para todo el p\u00fablico que comparta el mismo entusiasmo.","sameAs":["http:\/\/www.reconoce.mx"],"url":"https:\/\/www.reconoce.mx\/?author=2"}]}},"_links":{"self":[{"href":"https:\/\/www.reconoce.mx\/index.php?rest_route=\/wp\/v2\/posts\/66988","targetHints":{"allow":["GET"]}}],"collection":[{"href":"https:\/\/www.reconoce.mx\/index.php?rest_route=\/wp\/v2\/posts"}],"about":[{"href":"https:\/\/www.reconoce.mx\/index.php?rest_route=\/wp\/v2\/types\/post"}],"author":[{"embeddable":true,"href":"https:\/\/www.reconoce.mx\/index.php?rest_route=\/wp\/v2\/users\/2"}],"replies":[{"embeddable":true,"href":"https:\/\/www.reconoce.mx\/index.php?rest_route=%2Fwp%2Fv2%2Fcomments&post=66988"}],"version-history":[{"count":4,"href":"https:\/\/www.reconoce.mx\/index.php?rest_route=\/wp\/v2\/posts\/66988\/revisions"}],"predecessor-version":[{"id":66993,"href":"https:\/\/www.reconoce.mx\/index.php?rest_route=\/wp\/v2\/posts\/66988\/revisions\/66993"}],"wp:featuredmedia":[{"embeddable":true,"href":"https:\/\/www.reconoce.mx\/index.php?rest_route=\/wp\/v2\/media\/66989"}],"wp:attachment":[{"href":"https:\/\/www.reconoce.mx\/index.php?rest_route=%2Fwp%2Fv2%2Fmedia&parent=66988"}],"wp:term":[{"taxonomy":"category","embeddable":true,"href":"https:\/\/www.reconoce.mx\/index.php?rest_route=%2Fwp%2Fv2%2Fcategories&post=66988"},{"taxonomy":"post_tag","embeddable":true,"href":"https:\/\/www.reconoce.mx\/index.php?rest_route=%2Fwp%2Fv2%2Ftags&post=66988"}],"curies":[{"name":"wp","href":"https:\/\/api.w.org\/{rel}","templated":true}]}}