{"id":67022,"date":"2017-10-17T00:01:36","date_gmt":"2017-10-17T05:01:36","guid":{"rendered":"http:\/\/www.reconoce.mx\/?p=67022"},"modified":"2017-10-16T23:55:20","modified_gmt":"2017-10-17T04:55:20","slug":"portugal-the-man-y-su-fin-de-semana-en-mexico","status":"publish","type":"post","link":"https:\/\/www.reconoce.mx\/?p=67022","title":{"rendered":"Portugal The Man y su fin de semana en M\u00e9xico"},"content":{"rendered":"<p><strong>Por\u00a0<span class=\"st\"><a href=\"https:\/\/twitter.com\/Amauryshow\" target=\"_blank\" rel=\"noopener noreferrer\">Amaury Berdejo Ju\u00e1rez<\/a><\/span>.<\/strong><\/p>\n<p>Nuestro pa\u00eds se ha convertido en la parada obligada de actos musicales de gran calidad mundial, y una banda tan interesante como <strong>Portugal The Man<\/strong> no pod\u00eda quedarse fuera de este <em>boom<\/em> dentro de los festivales mexicanos.<\/p>\n<p><a href=\"http:\/\/www.reconoce.mx\/wp-content\/uploads\/2017\/10\/20280389_1594845243900061_5338425303969415203_o.jpg\"><img loading=\"lazy\" decoding=\"async\" class=\"aligncenter size-full wp-image-66858\" src=\"http:\/\/www.reconoce.mx\/wp-content\/uploads\/2017\/10\/20280389_1594845243900061_5338425303969415203_o.jpg\" alt=\"\" width=\"1146\" height=\"1772\" srcset=\"https:\/\/www.reconoce.mx\/wp-content\/uploads\/2017\/10\/20280389_1594845243900061_5338425303969415203_o.jpg 1146w, https:\/\/www.reconoce.mx\/wp-content\/uploads\/2017\/10\/20280389_1594845243900061_5338425303969415203_o-194x300.jpg 194w, https:\/\/www.reconoce.mx\/wp-content\/uploads\/2017\/10\/20280389_1594845243900061_5338425303969415203_o-768x1188.jpg 768w, https:\/\/www.reconoce.mx\/wp-content\/uploads\/2017\/10\/20280389_1594845243900061_5338425303969415203_o-662x1024.jpg 662w, https:\/\/www.reconoce.mx\/wp-content\/uploads\/2017\/10\/20280389_1594845243900061_5338425303969415203_o-150x232.jpg 150w, https:\/\/www.reconoce.mx\/wp-content\/uploads\/2017\/10\/20280389_1594845243900061_5338425303969415203_o-700x1082.jpg 700w, https:\/\/www.reconoce.mx\/wp-content\/uploads\/2017\/10\/20280389_1594845243900061_5338425303969415203_o-658x1017.jpg 658w, https:\/\/www.reconoce.mx\/wp-content\/uploads\/2017\/10\/20280389_1594845243900061_5338425303969415203_o-300x464.jpg 300w\" sizes=\"auto, (max-width: 1146px) 100vw, 1146px\" \/><\/a><\/p>\n<p>Su visita a M\u00e9xico dar\u00e1 inicio el s\u00e1bado 21 de octubre en <strong>Parque Fundidora<\/strong> (Monterrey), en en el marco de la edici\u00f3n 2017 del <strong>Live Out<\/strong>, un referente de los festivales en Nuevo Le\u00f3n. Su siguiente y \u00faltima parada ser\u00e1 en Ciudad de M\u00e9xico, el pr\u00f3ximo domingo 22 de octubre en<strong> El Plaza Condesa<\/strong>.<\/p>\n<p>Provenientes de Alaska y posteriormente mudados a Portland, se han caracterizado por un sonido muy pulido desde el inicio de su carrera, con ejecuciones limpias, a veces bailables y siempre interesantes tanto en grabaciones como en sus shows en vivo.<\/p>\n<p>Seguramente el <em>setlist<\/em> estar\u00e1 repleto de himnos de la banda como \u00abSo American\u00bb, \u00abPeople Say\u00bb, \u00abAll Your Light\u00bb, \u00abDo You\u00bb, \u00abThe Dead Dog\u00bb, \u00abAKA M80 The Wolf\u00bb, \u00abLay Me Back Down\u00bb, \u00abThe Sun,\u00bb \u00abEvil Friends,\u00bb \u00abPurple Yellow Red and Blue\u00bb, \u00abModern Jesus\u00bb, \u00abAtomic Man\u00bb, \u00abNoise Pollution\u00bb, \u00abFeel It Still\u00bb y \u00abGuns &amp; Dogs\u00bb.<\/p>\n<p>A pesar de venir de un clima fr\u00edo, la m\u00fasica de <strong>Portugal The Man<\/strong> logra calentar los sentidos de todo aquel que los escucha, y estas paradas en suelo mexicano no ser\u00e1n la excepci\u00f3n. Su visita es perfecta para continuar con la tradici\u00f3n de nuestro ya querido \u00abRocktubre\u00bb, mes que nuevamente se ha visto \u00abplagado\u00bb de varios conciertos esperados por todos los amantes del rock.<\/p>\n<p>&nbsp;<\/p>\n<p>&nbsp;<\/p>\n","protected":false},"excerpt":{"rendered":"<p>Nuestro pa\u00eds se ha convertido en la parada obligada de actos musicales de gran calidad mundial, y una banda tan interesante como Portugal The Man no pod\u00eda quedarse fuera de este boom dentro de los festivales mexicanos.<\/p>\n","protected":false},"author":2,"featured_media":67024,"comment_status":"open","ping_status":"open","sticky":false,"template":"","format":"standard","meta":{"footnotes":""},"categories":[1,18,17],"tags":[],"class_list":["post-67022","post","type-post","status-publish","format-standard","has-post-thumbnail","hentry","category-cultura","category-musica","category-principal"],"yoast_head":"<!-- This site is optimized with the Yoast SEO plugin v24.7 - https:\/\/yoast.com\/wordpress\/plugins\/seo\/ -->\n<title>Portugal The Man y su fin de semana en M\u00e9xico &#171; Reconoce MX<\/title>\n<meta name=\"robots\" content=\"index, follow, max-snippet:-1, max-image-preview:large, max-video-preview:-1\" \/>\n<link rel=\"canonical\" href=\"https:\/\/www.reconoce.mx\/?p=67022\" \/>\n<meta property=\"og:locale\" content=\"es_ES\" \/>\n<meta property=\"og:type\" content=\"article\" \/>\n<meta property=\"og:title\" content=\"Portugal The Man y su fin de semana en M\u00e9xico &#171; Reconoce MX\" \/>\n<meta property=\"og:description\" content=\"Nuestro pa\u00eds se ha convertido en la parada obligada de actos musicales de gran calidad mundial, y una banda tan interesante como Portugal The Man no pod\u00eda quedarse fuera de este boom dentro de los festivales mexicanos.\" \/>\n<meta property=\"og:url\" content=\"https:\/\/www.reconoce.mx\/?p=67022\" \/>\n<meta property=\"og:site_name\" content=\"Reconoce MX\" \/>\n<meta property=\"article:publisher\" content=\"https:\/\/es-la.facebook.com\/ReconoceMX\/\" \/>\n<meta property=\"article:published_time\" content=\"2017-10-17T05:01:36+00:00\" \/>\n<meta property=\"og:image\" content=\"https:\/\/www.reconoce.mx\/wp-content\/uploads\/2017\/10\/portugal-the-man.png\" \/>\n\t<meta property=\"og:image:width\" content=\"590\" \/>\n\t<meta property=\"og:image:height\" content=\"380\" \/>\n\t<meta property=\"og:image:type\" content=\"image\/png\" \/>\n<meta name=\"author\" content=\"Reconoce MX\" \/>\n<meta name=\"twitter:card\" content=\"summary_large_image\" \/>\n<meta name=\"twitter:creator\" content=\"@reconocemx\" \/>\n<meta name=\"twitter:site\" content=\"@reconocemx\" \/>\n<meta name=\"twitter:label1\" content=\"Escrito por\" \/>\n\t<meta name=\"twitter:data1\" content=\"Reconoce MX\" \/>\n\t<meta name=\"twitter:label2\" content=\"Tiempo de lectura\" \/>\n\t<meta name=\"twitter:data2\" content=\"1 minuto\" \/>\n<script type=\"application\/ld+json\" class=\"yoast-schema-graph\">{\"@context\":\"https:\/\/schema.org\",\"@graph\":[{\"@type\":\"Article\",\"@id\":\"https:\/\/www.reconoce.mx\/?p=67022#article\",\"isPartOf\":{\"@id\":\"https:\/\/www.reconoce.mx\/?p=67022\"},\"author\":{\"name\":\"Reconoce MX\",\"@id\":\"http:\/\/www.reconoce.mx\/#\/schema\/person\/2117e997d7051dc15d6880eaf9bca0b2\"},\"headline\":\"Portugal The Man y su fin de semana en M\u00e9xico\",\"datePublished\":\"2017-10-17T05:01:36+00:00\",\"mainEntityOfPage\":{\"@id\":\"https:\/\/www.reconoce.mx\/?p=67022\"},\"wordCount\":277,\"commentCount\":0,\"publisher\":{\"@id\":\"http:\/\/www.reconoce.mx\/#organization\"},\"image\":{\"@id\":\"https:\/\/www.reconoce.mx\/?p=67022#primaryimage\"},\"thumbnailUrl\":\"https:\/\/www.reconoce.mx\/wp-content\/uploads\/2017\/10\/portugal-the-man.png\",\"articleSection\":[\"Cultura\",\"M\u00fasica\",\"Principal\"],\"inLanguage\":\"es\",\"potentialAction\":[{\"@type\":\"CommentAction\",\"name\":\"Comment\",\"target\":[\"https:\/\/www.reconoce.mx\/?p=67022#respond\"]}]},{\"@type\":\"WebPage\",\"@id\":\"https:\/\/www.reconoce.mx\/?p=67022\",\"url\":\"https:\/\/www.reconoce.mx\/?p=67022\",\"name\":\"Portugal The Man y su fin de semana en M\u00e9xico &#171; Reconoce MX\",\"isPartOf\":{\"@id\":\"http:\/\/www.reconoce.mx\/#website\"},\"primaryImageOfPage\":{\"@id\":\"https:\/\/www.reconoce.mx\/?p=67022#primaryimage\"},\"image\":{\"@id\":\"https:\/\/www.reconoce.mx\/?p=67022#primaryimage\"},\"thumbnailUrl\":\"https:\/\/www.reconoce.mx\/wp-content\/uploads\/2017\/10\/portugal-the-man.png\",\"datePublished\":\"2017-10-17T05:01:36+00:00\",\"breadcrumb\":{\"@id\":\"https:\/\/www.reconoce.mx\/?p=67022#breadcrumb\"},\"inLanguage\":\"es\",\"potentialAction\":[{\"@type\":\"ReadAction\",\"target\":[\"https:\/\/www.reconoce.mx\/?p=67022\"]}]},{\"@type\":\"ImageObject\",\"inLanguage\":\"es\",\"@id\":\"https:\/\/www.reconoce.mx\/?p=67022#primaryimage\",\"url\":\"https:\/\/www.reconoce.mx\/wp-content\/uploads\/2017\/10\/portugal-the-man.png\",\"contentUrl\":\"https:\/\/www.reconoce.mx\/wp-content\/uploads\/2017\/10\/portugal-the-man.png\",\"width\":590,\"height\":380},{\"@type\":\"BreadcrumbList\",\"@id\":\"https:\/\/www.reconoce.mx\/?p=67022#breadcrumb\",\"itemListElement\":[{\"@type\":\"ListItem\",\"position\":1,\"name\":\"Portada\",\"item\":\"http:\/\/www.reconoce.mx\/\"},{\"@type\":\"ListItem\",\"position\":2,\"name\":\"Portugal The Man y su fin de semana en M\u00e9xico\"}]},{\"@type\":\"WebSite\",\"@id\":\"http:\/\/www.reconoce.mx\/#website\",\"url\":\"http:\/\/www.reconoce.mx\/\",\"name\":\"Reconoce MX\",\"description\":\"En Reconoce MX difundimos arte, cultura y conciencia social en M\u00e9xico. Tu ciudad en otra perspectiva.\",\"publisher\":{\"@id\":\"http:\/\/www.reconoce.mx\/#organization\"},\"potentialAction\":[{\"@type\":\"SearchAction\",\"target\":{\"@type\":\"EntryPoint\",\"urlTemplate\":\"http:\/\/www.reconoce.mx\/?s={search_term_string}\"},\"query-input\":{\"@type\":\"PropertyValueSpecification\",\"valueRequired\":true,\"valueName\":\"search_term_string\"}}],\"inLanguage\":\"es\"},{\"@type\":\"Organization\",\"@id\":\"http:\/\/www.reconoce.mx\/#organization\",\"name\":\"Reconoce MX\",\"url\":\"http:\/\/www.reconoce.mx\/\",\"logo\":{\"@type\":\"ImageObject\",\"inLanguage\":\"es\",\"@id\":\"http:\/\/www.reconoce.mx\/#\/schema\/logo\/image\/\",\"url\":\"https:\/\/www.reconoce.mx\/wp-content\/uploads\/2019\/03\/logorcmx-good-1.png\",\"contentUrl\":\"https:\/\/www.reconoce.mx\/wp-content\/uploads\/2019\/03\/logorcmx-good-1.png\",\"width\":280,\"height\":90,\"caption\":\"Reconoce MX\"},\"image\":{\"@id\":\"http:\/\/www.reconoce.mx\/#\/schema\/logo\/image\/\"},\"sameAs\":[\"https:\/\/es-la.facebook.com\/ReconoceMX\/\",\"https:\/\/x.com\/reconocemx\",\"http:\/\/@reconocemx\"]},{\"@type\":\"Person\",\"@id\":\"http:\/\/www.reconoce.mx\/#\/schema\/person\/2117e997d7051dc15d6880eaf9bca0b2\",\"name\":\"Reconoce MX\",\"image\":{\"@type\":\"ImageObject\",\"inLanguage\":\"es\",\"@id\":\"http:\/\/www.reconoce.mx\/#\/schema\/person\/image\/\",\"url\":\"https:\/\/secure.gravatar.com\/avatar\/6c8d4dc7569ca1c90c5fdcc349f839d5ddef6fe1e70b4337ead2ef1a4c43fc3a?s=96&d=identicon&r=g\",\"contentUrl\":\"https:\/\/secure.gravatar.com\/avatar\/6c8d4dc7569ca1c90c5fdcc349f839d5ddef6fe1e70b4337ead2ef1a4c43fc3a?s=96&d=identicon&r=g\",\"caption\":\"Reconoce MX\"},\"description\":\"Reconoce MX es un proyecto de difusi\u00f3n art\u00edstica, cultural y de conciencia social que est\u00e1 enfocado a difundir y fomentar el entretenimiento alternativo de calidad para todo el p\u00fablico que comparta el mismo entusiasmo.\",\"sameAs\":[\"http:\/\/www.reconoce.mx\"],\"url\":\"https:\/\/www.reconoce.mx\/?author=2\"}]}<\/script>\n<!-- \/ Yoast SEO plugin. -->","yoast_head_json":{"title":"Portugal The Man y su fin de semana en M\u00e9xico &#171; Reconoce MX","robots":{"index":"index","follow":"follow","max-snippet":"max-snippet:-1","max-image-preview":"max-image-preview:large","max-video-preview":"max-video-preview:-1"},"canonical":"https:\/\/www.reconoce.mx\/?p=67022","og_locale":"es_ES","og_type":"article","og_title":"Portugal The Man y su fin de semana en M\u00e9xico &#171; Reconoce MX","og_description":"Nuestro pa\u00eds se ha convertido en la parada obligada de actos musicales de gran calidad mundial, y una banda tan interesante como Portugal The Man no pod\u00eda quedarse fuera de este boom dentro de los festivales mexicanos.","og_url":"https:\/\/www.reconoce.mx\/?p=67022","og_site_name":"Reconoce MX","article_publisher":"https:\/\/es-la.facebook.com\/ReconoceMX\/","article_published_time":"2017-10-17T05:01:36+00:00","og_image":[{"width":590,"height":380,"url":"https:\/\/www.reconoce.mx\/wp-content\/uploads\/2017\/10\/portugal-the-man.png","type":"image\/png"}],"author":"Reconoce MX","twitter_card":"summary_large_image","twitter_creator":"@reconocemx","twitter_site":"@reconocemx","twitter_misc":{"Escrito por":"Reconoce MX","Tiempo de lectura":"1 minuto"},"schema":{"@context":"https:\/\/schema.org","@graph":[{"@type":"Article","@id":"https:\/\/www.reconoce.mx\/?p=67022#article","isPartOf":{"@id":"https:\/\/www.reconoce.mx\/?p=67022"},"author":{"name":"Reconoce MX","@id":"http:\/\/www.reconoce.mx\/#\/schema\/person\/2117e997d7051dc15d6880eaf9bca0b2"},"headline":"Portugal The Man y su fin de semana en M\u00e9xico","datePublished":"2017-10-17T05:01:36+00:00","mainEntityOfPage":{"@id":"https:\/\/www.reconoce.mx\/?p=67022"},"wordCount":277,"commentCount":0,"publisher":{"@id":"http:\/\/www.reconoce.mx\/#organization"},"image":{"@id":"https:\/\/www.reconoce.mx\/?p=67022#primaryimage"},"thumbnailUrl":"https:\/\/www.reconoce.mx\/wp-content\/uploads\/2017\/10\/portugal-the-man.png","articleSection":["Cultura","M\u00fasica","Principal"],"inLanguage":"es","potentialAction":[{"@type":"CommentAction","name":"Comment","target":["https:\/\/www.reconoce.mx\/?p=67022#respond"]}]},{"@type":"WebPage","@id":"https:\/\/www.reconoce.mx\/?p=67022","url":"https:\/\/www.reconoce.mx\/?p=67022","name":"Portugal The Man y su fin de semana en M\u00e9xico &#171; Reconoce MX","isPartOf":{"@id":"http:\/\/www.reconoce.mx\/#website"},"primaryImageOfPage":{"@id":"https:\/\/www.reconoce.mx\/?p=67022#primaryimage"},"image":{"@id":"https:\/\/www.reconoce.mx\/?p=67022#primaryimage"},"thumbnailUrl":"https:\/\/www.reconoce.mx\/wp-content\/uploads\/2017\/10\/portugal-the-man.png","datePublished":"2017-10-17T05:01:36+00:00","breadcrumb":{"@id":"https:\/\/www.reconoce.mx\/?p=67022#breadcrumb"},"inLanguage":"es","potentialAction":[{"@type":"ReadAction","target":["https:\/\/www.reconoce.mx\/?p=67022"]}]},{"@type":"ImageObject","inLanguage":"es","@id":"https:\/\/www.reconoce.mx\/?p=67022#primaryimage","url":"https:\/\/www.reconoce.mx\/wp-content\/uploads\/2017\/10\/portugal-the-man.png","contentUrl":"https:\/\/www.reconoce.mx\/wp-content\/uploads\/2017\/10\/portugal-the-man.png","width":590,"height":380},{"@type":"BreadcrumbList","@id":"https:\/\/www.reconoce.mx\/?p=67022#breadcrumb","itemListElement":[{"@type":"ListItem","position":1,"name":"Portada","item":"http:\/\/www.reconoce.mx\/"},{"@type":"ListItem","position":2,"name":"Portugal The Man y su fin de semana en M\u00e9xico"}]},{"@type":"WebSite","@id":"http:\/\/www.reconoce.mx\/#website","url":"http:\/\/www.reconoce.mx\/","name":"Reconoce MX","description":"En Reconoce MX difundimos arte, cultura y conciencia social en M\u00e9xico. Tu ciudad en otra perspectiva.","publisher":{"@id":"http:\/\/www.reconoce.mx\/#organization"},"potentialAction":[{"@type":"SearchAction","target":{"@type":"EntryPoint","urlTemplate":"http:\/\/www.reconoce.mx\/?s={search_term_string}"},"query-input":{"@type":"PropertyValueSpecification","valueRequired":true,"valueName":"search_term_string"}}],"inLanguage":"es"},{"@type":"Organization","@id":"http:\/\/www.reconoce.mx\/#organization","name":"Reconoce MX","url":"http:\/\/www.reconoce.mx\/","logo":{"@type":"ImageObject","inLanguage":"es","@id":"http:\/\/www.reconoce.mx\/#\/schema\/logo\/image\/","url":"https:\/\/www.reconoce.mx\/wp-content\/uploads\/2019\/03\/logorcmx-good-1.png","contentUrl":"https:\/\/www.reconoce.mx\/wp-content\/uploads\/2019\/03\/logorcmx-good-1.png","width":280,"height":90,"caption":"Reconoce MX"},"image":{"@id":"http:\/\/www.reconoce.mx\/#\/schema\/logo\/image\/"},"sameAs":["https:\/\/es-la.facebook.com\/ReconoceMX\/","https:\/\/x.com\/reconocemx","http:\/\/@reconocemx"]},{"@type":"Person","@id":"http:\/\/www.reconoce.mx\/#\/schema\/person\/2117e997d7051dc15d6880eaf9bca0b2","name":"Reconoce MX","image":{"@type":"ImageObject","inLanguage":"es","@id":"http:\/\/www.reconoce.mx\/#\/schema\/person\/image\/","url":"https:\/\/secure.gravatar.com\/avatar\/6c8d4dc7569ca1c90c5fdcc349f839d5ddef6fe1e70b4337ead2ef1a4c43fc3a?s=96&d=identicon&r=g","contentUrl":"https:\/\/secure.gravatar.com\/avatar\/6c8d4dc7569ca1c90c5fdcc349f839d5ddef6fe1e70b4337ead2ef1a4c43fc3a?s=96&d=identicon&r=g","caption":"Reconoce MX"},"description":"Reconoce MX es un proyecto de difusi\u00f3n art\u00edstica, cultural y de conciencia social que est\u00e1 enfocado a difundir y fomentar el entretenimiento alternativo de calidad para todo el p\u00fablico que comparta el mismo entusiasmo.","sameAs":["http:\/\/www.reconoce.mx"],"url":"https:\/\/www.reconoce.mx\/?author=2"}]}},"_links":{"self":[{"href":"https:\/\/www.reconoce.mx\/index.php?rest_route=\/wp\/v2\/posts\/67022","targetHints":{"allow":["GET"]}}],"collection":[{"href":"https:\/\/www.reconoce.mx\/index.php?rest_route=\/wp\/v2\/posts"}],"about":[{"href":"https:\/\/www.reconoce.mx\/index.php?rest_route=\/wp\/v2\/types\/post"}],"author":[{"embeddable":true,"href":"https:\/\/www.reconoce.mx\/index.php?rest_route=\/wp\/v2\/users\/2"}],"replies":[{"embeddable":true,"href":"https:\/\/www.reconoce.mx\/index.php?rest_route=%2Fwp%2Fv2%2Fcomments&post=67022"}],"version-history":[{"count":2,"href":"https:\/\/www.reconoce.mx\/index.php?rest_route=\/wp\/v2\/posts\/67022\/revisions"}],"predecessor-version":[{"id":67025,"href":"https:\/\/www.reconoce.mx\/index.php?rest_route=\/wp\/v2\/posts\/67022\/revisions\/67025"}],"wp:featuredmedia":[{"embeddable":true,"href":"https:\/\/www.reconoce.mx\/index.php?rest_route=\/wp\/v2\/media\/67024"}],"wp:attachment":[{"href":"https:\/\/www.reconoce.mx\/index.php?rest_route=%2Fwp%2Fv2%2Fmedia&parent=67022"}],"wp:term":[{"taxonomy":"category","embeddable":true,"href":"https:\/\/www.reconoce.mx\/index.php?rest_route=%2Fwp%2Fv2%2Fcategories&post=67022"},{"taxonomy":"post_tag","embeddable":true,"href":"https:\/\/www.reconoce.mx\/index.php?rest_route=%2Fwp%2Fv2%2Ftags&post=67022"}],"curies":[{"name":"wp","href":"https:\/\/api.w.org\/{rel}","templated":true}]}}