{"id":67140,"date":"2017-10-19T00:07:40","date_gmt":"2017-10-19T05:07:40","guid":{"rendered":"http:\/\/www.reconoce.mx\/?p=67140"},"modified":"2017-10-19T00:13:12","modified_gmt":"2017-10-19T05:13:12","slug":"la-habitacion-las-heridas-de-nuestro-pais","status":"publish","type":"post","link":"https:\/\/www.reconoce.mx\/?p=67140","title":{"rendered":"\u00abLa habitaci\u00f3n\u00bb: las heridas de nuestro pa\u00eds"},"content":{"rendered":"<p><strong> Por <a title=\"@AsfaltosTweets\" href=\"http:\/\/twitter.com\/AsfaltosTweets\" target=\"_blank\" rel=\"noopener noreferrer\">Asfaltos<\/a><\/strong>.<\/p>\n<p>Nos encontramos en plena noche del 15 de septiembre de 1910, en plenos festejos del centenario del inicio de la guerra de independencia en M\u00e9xico; si bien el festejado es nuestro pa\u00eds, en parte, el otro gran festejado es don Porfirio D\u00edaz, presidente de M\u00e9xico, dictador que viv\u00eda en aquellos -sin saberlo- sus \u00faltimos d\u00edas en el poder. Estamos en casa de una familia de clase alta que se prepara con ayuda de su servidumbre para los festejos; estamos en \u00abLa habitaci\u00f3n\u00bb.<\/p>\n<p><a href=\"http:\/\/www.reconoce.mx\/wp-content\/uploads\/2017\/10\/la-habitacion-e1508308837330.png\"><img loading=\"lazy\" decoding=\"async\" class=\"aligncenter size-full wp-image-67145\" src=\"http:\/\/www.reconoce.mx\/wp-content\/uploads\/2017\/10\/la-habitacion-e1508308837330.png\" alt=\"\" width=\"590\" height=\"836\" \/><\/a><\/p>\n<p>Desarrollada originalmente como un proyecto a lanzarse con motivo del bicentenario del inicio de la independencia de M\u00e9xico, se estrena \u00abLa habitaci\u00f3n\u00bb este fin de semana una pel\u00edcula desarrollada por <strong>Machete Producciones<\/strong> con gran cuidado. S\u00ed, empezamos en la noche del 15 de septiembre de 1910, pero nos movemos a partir de ah\u00ed por los \u00faltimos 100 a\u00f1os de nuestro pa\u00eds. El eje conductor es, en efecto, \u00abLa habitaci\u00f3n\u00bb.<\/p>\n<p>A trav\u00e9s de 8 historias muy bien filmadas y contadas, con elenco diverso y la visi\u00f3n de 8 directores que ven el cine diferente, nos encontramos con la historia de \u00abLa habitaci\u00f3n\u00bb en los \u00faltimos 100 a\u00f1os en nuestro pa\u00eds. \u00abLa habitaci\u00f3n\u00bb, que bien funge como una maqueta de M\u00e9xico, ve pasar muchas de nuestras felicidades, pero sobre todo muchas de nuestras heridas.<\/p>\n<p><a href=\"http:\/\/www.reconoce.mx\/wp-content\/uploads\/2017\/10\/la-habitacion-2.png\"><img loading=\"lazy\" decoding=\"async\" class=\"aligncenter size-full wp-image-67143\" src=\"http:\/\/www.reconoce.mx\/wp-content\/uploads\/2017\/10\/la-habitacion-2.png\" alt=\"\" width=\"590\" height=\"380\" srcset=\"https:\/\/www.reconoce.mx\/wp-content\/uploads\/2017\/10\/la-habitacion-2.png 590w, https:\/\/www.reconoce.mx\/wp-content\/uploads\/2017\/10\/la-habitacion-2-300x193.png 300w, https:\/\/www.reconoce.mx\/wp-content\/uploads\/2017\/10\/la-habitacion-2-150x97.png 150w\" sizes=\"auto, (max-width: 590px) 100vw, 590px\" \/><\/a><\/p>\n<p>La diferencia de clases sociales, la revoluci\u00f3n mexicana, la persecuci\u00f3n china, la matanza de estudiantes en 1968, la pobreza y el narcotr\u00e1fico, entre otros temas, salen a relucir en una pel\u00edcula coral donde la atenci\u00f3n de quienes nos permitimos verla, se mantiene intacta por lo bien filmada que est\u00e1 la cinta. Al ser una pel\u00edcula que pasa por diversas \u00e9pocas, el cuidado en los detalles de producci\u00f3n ees impecable, pues en efecto nos transportamos a cualquiera de los tiempos que se nos presentan.<\/p>\n<p><strong>Daniel Gim\u00e9nez Cacho<\/strong>,<strong> Carlos Carrera<\/strong>, <strong>Carlos Bolado<\/strong>, <strong>Ernesto Contreras<\/strong>, <strong>Natalia Berist\u00e1in<\/strong>, <strong>Alfonso Pineda-Ulloa<\/strong>, <strong>Alejandro Valle<\/strong> e <strong>Iv\u00e1n \u00c1vila Due\u00f1as<\/strong>, son los directores responsables de una pel\u00edcula que adem\u00e1s incluye tambi\u00e9n a un elenco de primera. <strong>Luis Alberti<\/strong>, <strong>Sof\u00eda Espinosa<\/strong>,<strong> Kristyan Ferrer<\/strong>, <strong>Dagoberto Gama<\/strong> y <strong>Paulette Hern\u00e1ndez<\/strong>, entre otros, son algunos de los actores presentes en los 8 segmentos de \u00abLa habitaci\u00f3n\u00bb.<\/p>\n<p><a href=\"http:\/\/www.reconoce.mx\/wp-content\/uploads\/2017\/10\/la-habitacion-3.png\"><img loading=\"lazy\" decoding=\"async\" class=\"aligncenter size-full wp-image-67144\" src=\"http:\/\/www.reconoce.mx\/wp-content\/uploads\/2017\/10\/la-habitacion-3.png\" alt=\"\" width=\"590\" height=\"380\" srcset=\"https:\/\/www.reconoce.mx\/wp-content\/uploads\/2017\/10\/la-habitacion-3.png 590w, https:\/\/www.reconoce.mx\/wp-content\/uploads\/2017\/10\/la-habitacion-3-300x193.png 300w, https:\/\/www.reconoce.mx\/wp-content\/uploads\/2017\/10\/la-habitacion-3-150x97.png 150w\" sizes=\"auto, (max-width: 590px) 100vw, 590px\" \/><\/a><\/p>\n<p>A pesar de la temporalidad de cada una de estas historias, cabe destacar tambi\u00e9n la atemporalidad de lo que cuentan, pues muchas de las tem\u00e1ticas siguen tristemente vigentes en un pa\u00eds que pareciera no sana una herida sin pasar antes pasar a otra. \u00abLa habitaci\u00f3n\u00bb luce sus mejores momentos siendo la casa de una familia de clase alta, pero tambi\u00e9n sufre el abandono extremo y hasta el desastre. La tragedia, siempre encerrada en esas cuatro paredes, nos pone a pensar sobre lo que como sociedad mexicana hemos vivido.<\/p>\n<p>Con gran toque \u00abLa habitaci\u00f3n\u00bb resulta tambi\u00e9n, sin querer, un documento que resguarda muchos de los momentos que m\u00e1s han marcado a nuestro pa\u00eds. La cinta permite la reflexi\u00f3n y la posterior discusi\u00f3n de c\u00f3mo evitar muchas de las cosas que siguen presentes. La pel\u00edcula entretiene tambi\u00e9n y sorprende por su gran manufactura. \u00abEl sue\u00f1o\u00bb nos ubica en 1910, \u00abLa pesadilla\u00bb en 1913, \u00abLa duermevela\u00bb en 1928; \u00abEl erotismo\u00bben 1946, \u00abLa soledad\u00bb en 1968; \u00abLa vigilia\u00bb en 1985; \u00abLa muerte\u00bb en 1994; y \u00abLa evocaci\u00f3n\u00bb en 2010.<\/p>\n<style>.embed-container { position: relative; padding-bottom: 56.25%; height: 0; overflow: hidden; max-width: 100%; } .embed-container iframe, .embed-container object, .embed-container embed { position: absolute; top: 0; left: 0; width: 100%; height: 100%; }<\/style>\n<div class=\"embed-container\"><iframe loading=\"lazy\" src=\"https:\/\/player.vimeo.com\/video\/227995608\" width=\"300\" height=\"150\" frameborder=\"0\" allowfullscreen=\"allowfullscreen\"><\/iframe><\/div>\n<p>&nbsp;<\/p>\n<p>\u00abLa habitaci\u00f3n\u00bb se estrena ma\u00f1ana viernes 20 de octubre en cines nacionales. S\u00ed, absolutamente recomendable. \u00a1Corran a verla!<\/p>\n<p>&nbsp;<\/p>\n<p>&nbsp;<\/p>\n","protected":false},"excerpt":{"rendered":"<p>Nos encontramos en plena noche del 15 de septiembre de 1910, en plenos festejos del centenario del inicio de la guerra de independencia en M\u00e9xico; si bien el festejado es nuestro pa\u00eds, en parte, el otro gran festejado es don Porfirio D\u00edaz, presidente de M\u00e9xico, dictador que viv\u00eda en aquellos -sin saberlo- sus \u00faltimos d\u00edas en el poder. <\/p>\n","protected":false},"author":2,"featured_media":67142,"comment_status":"open","ping_status":"open","sticky":false,"template":"","format":"standard","meta":{"footnotes":""},"categories":[24,1,17],"tags":[],"class_list":["post-67140","post","type-post","status-publish","format-standard","has-post-thumbnail","hentry","category-cine","category-cultura","category-principal"],"yoast_head":"<!-- This site is optimized with the Yoast SEO plugin v24.7 - https:\/\/yoast.com\/wordpress\/plugins\/seo\/ -->\n<title>&quot;La habitaci\u00f3n&quot;: las heridas de nuestro pa\u00eds &#171; Reconoce MX<\/title>\n<meta name=\"robots\" content=\"index, follow, max-snippet:-1, max-image-preview:large, max-video-preview:-1\" \/>\n<link rel=\"canonical\" href=\"http:\/\/www.reconoce.mx\/?p=67140\" \/>\n<meta property=\"og:locale\" content=\"es_ES\" \/>\n<meta property=\"og:type\" content=\"article\" \/>\n<meta property=\"og:title\" content=\"&quot;La habitaci\u00f3n&quot;: las heridas de nuestro pa\u00eds &#171; Reconoce MX\" \/>\n<meta property=\"og:description\" content=\"Nos encontramos en plena noche del 15 de septiembre de 1910, en plenos festejos del centenario del inicio de la guerra de independencia en M\u00e9xico; si bien el festejado es nuestro pa\u00eds, en parte, el otro gran festejado es don Porfirio D\u00edaz, presidente de M\u00e9xico, dictador que viv\u00eda en aquellos -sin saberlo- sus \u00faltimos d\u00edas en el poder.\" \/>\n<meta property=\"og:url\" content=\"http:\/\/www.reconoce.mx\/?p=67140\" \/>\n<meta property=\"og:site_name\" content=\"Reconoce MX\" \/>\n<meta property=\"article:publisher\" content=\"https:\/\/es-la.facebook.com\/ReconoceMX\/\" \/>\n<meta property=\"article:published_time\" content=\"2017-10-19T05:07:40+00:00\" \/>\n<meta property=\"article:modified_time\" content=\"2017-10-19T05:13:12+00:00\" \/>\n<meta property=\"og:image\" content=\"http:\/\/www.reconoce.mx\/wp-content\/uploads\/2017\/10\/la-habitacion-1.png\" \/>\n\t<meta property=\"og:image:width\" content=\"590\" \/>\n\t<meta property=\"og:image:height\" content=\"380\" \/>\n\t<meta property=\"og:image:type\" content=\"image\/png\" \/>\n<meta name=\"author\" content=\"Reconoce MX\" \/>\n<meta name=\"twitter:card\" content=\"summary_large_image\" \/>\n<meta name=\"twitter:creator\" content=\"@reconocemx\" \/>\n<meta name=\"twitter:site\" content=\"@reconocemx\" \/>\n<meta name=\"twitter:label1\" content=\"Escrito por\" \/>\n\t<meta name=\"twitter:data1\" content=\"Reconoce MX\" \/>\n\t<meta name=\"twitter:label2\" content=\"Tiempo de lectura\" \/>\n\t<meta name=\"twitter:data2\" content=\"3 minutos\" \/>\n<script type=\"application\/ld+json\" class=\"yoast-schema-graph\">{\"@context\":\"https:\/\/schema.org\",\"@graph\":[{\"@type\":\"Article\",\"@id\":\"http:\/\/www.reconoce.mx\/?p=67140#article\",\"isPartOf\":{\"@id\":\"http:\/\/www.reconoce.mx\/?p=67140\"},\"author\":{\"name\":\"Reconoce MX\",\"@id\":\"http:\/\/www.reconoce.mx\/#\/schema\/person\/2117e997d7051dc15d6880eaf9bca0b2\"},\"headline\":\"\u00abLa habitaci\u00f3n\u00bb: las heridas de nuestro pa\u00eds\",\"datePublished\":\"2017-10-19T05:07:40+00:00\",\"dateModified\":\"2017-10-19T05:13:12+00:00\",\"mainEntityOfPage\":{\"@id\":\"http:\/\/www.reconoce.mx\/?p=67140\"},\"wordCount\":602,\"commentCount\":0,\"publisher\":{\"@id\":\"http:\/\/www.reconoce.mx\/#organization\"},\"image\":{\"@id\":\"http:\/\/www.reconoce.mx\/?p=67140#primaryimage\"},\"thumbnailUrl\":\"https:\/\/www.reconoce.mx\/wp-content\/uploads\/2017\/10\/la-habitacion-1.png\",\"articleSection\":[\"Cine\",\"Cultura\",\"Principal\"],\"inLanguage\":\"es\",\"potentialAction\":[{\"@type\":\"CommentAction\",\"name\":\"Comment\",\"target\":[\"http:\/\/www.reconoce.mx\/?p=67140#respond\"]}]},{\"@type\":\"WebPage\",\"@id\":\"http:\/\/www.reconoce.mx\/?p=67140\",\"url\":\"http:\/\/www.reconoce.mx\/?p=67140\",\"name\":\"\\\"La habitaci\u00f3n\\\": las heridas de nuestro pa\u00eds &#171; Reconoce MX\",\"isPartOf\":{\"@id\":\"http:\/\/www.reconoce.mx\/#website\"},\"primaryImageOfPage\":{\"@id\":\"http:\/\/www.reconoce.mx\/?p=67140#primaryimage\"},\"image\":{\"@id\":\"http:\/\/www.reconoce.mx\/?p=67140#primaryimage\"},\"thumbnailUrl\":\"https:\/\/www.reconoce.mx\/wp-content\/uploads\/2017\/10\/la-habitacion-1.png\",\"datePublished\":\"2017-10-19T05:07:40+00:00\",\"dateModified\":\"2017-10-19T05:13:12+00:00\",\"breadcrumb\":{\"@id\":\"http:\/\/www.reconoce.mx\/?p=67140#breadcrumb\"},\"inLanguage\":\"es\",\"potentialAction\":[{\"@type\":\"ReadAction\",\"target\":[\"http:\/\/www.reconoce.mx\/?p=67140\"]}]},{\"@type\":\"ImageObject\",\"inLanguage\":\"es\",\"@id\":\"http:\/\/www.reconoce.mx\/?p=67140#primaryimage\",\"url\":\"https:\/\/www.reconoce.mx\/wp-content\/uploads\/2017\/10\/la-habitacion-1.png\",\"contentUrl\":\"https:\/\/www.reconoce.mx\/wp-content\/uploads\/2017\/10\/la-habitacion-1.png\",\"width\":590,\"height\":380},{\"@type\":\"BreadcrumbList\",\"@id\":\"http:\/\/www.reconoce.mx\/?p=67140#breadcrumb\",\"itemListElement\":[{\"@type\":\"ListItem\",\"position\":1,\"name\":\"Portada\",\"item\":\"http:\/\/www.reconoce.mx\/\"},{\"@type\":\"ListItem\",\"position\":2,\"name\":\"\u00abLa habitaci\u00f3n\u00bb: las heridas de nuestro pa\u00eds\"}]},{\"@type\":\"WebSite\",\"@id\":\"http:\/\/www.reconoce.mx\/#website\",\"url\":\"http:\/\/www.reconoce.mx\/\",\"name\":\"Reconoce MX\",\"description\":\"En Reconoce MX difundimos arte, cultura y conciencia social en M\u00e9xico. Tu ciudad en otra perspectiva.\",\"publisher\":{\"@id\":\"http:\/\/www.reconoce.mx\/#organization\"},\"potentialAction\":[{\"@type\":\"SearchAction\",\"target\":{\"@type\":\"EntryPoint\",\"urlTemplate\":\"http:\/\/www.reconoce.mx\/?s={search_term_string}\"},\"query-input\":{\"@type\":\"PropertyValueSpecification\",\"valueRequired\":true,\"valueName\":\"search_term_string\"}}],\"inLanguage\":\"es\"},{\"@type\":\"Organization\",\"@id\":\"http:\/\/www.reconoce.mx\/#organization\",\"name\":\"Reconoce MX\",\"url\":\"http:\/\/www.reconoce.mx\/\",\"logo\":{\"@type\":\"ImageObject\",\"inLanguage\":\"es\",\"@id\":\"http:\/\/www.reconoce.mx\/#\/schema\/logo\/image\/\",\"url\":\"https:\/\/www.reconoce.mx\/wp-content\/uploads\/2019\/03\/logorcmx-good-1.png\",\"contentUrl\":\"https:\/\/www.reconoce.mx\/wp-content\/uploads\/2019\/03\/logorcmx-good-1.png\",\"width\":280,\"height\":90,\"caption\":\"Reconoce MX\"},\"image\":{\"@id\":\"http:\/\/www.reconoce.mx\/#\/schema\/logo\/image\/\"},\"sameAs\":[\"https:\/\/es-la.facebook.com\/ReconoceMX\/\",\"https:\/\/x.com\/reconocemx\",\"http:\/\/@reconocemx\"]},{\"@type\":\"Person\",\"@id\":\"http:\/\/www.reconoce.mx\/#\/schema\/person\/2117e997d7051dc15d6880eaf9bca0b2\",\"name\":\"Reconoce MX\",\"image\":{\"@type\":\"ImageObject\",\"inLanguage\":\"es\",\"@id\":\"http:\/\/www.reconoce.mx\/#\/schema\/person\/image\/\",\"url\":\"https:\/\/secure.gravatar.com\/avatar\/6c8d4dc7569ca1c90c5fdcc349f839d5ddef6fe1e70b4337ead2ef1a4c43fc3a?s=96&d=identicon&r=g\",\"contentUrl\":\"https:\/\/secure.gravatar.com\/avatar\/6c8d4dc7569ca1c90c5fdcc349f839d5ddef6fe1e70b4337ead2ef1a4c43fc3a?s=96&d=identicon&r=g\",\"caption\":\"Reconoce MX\"},\"description\":\"Reconoce MX es un proyecto de difusi\u00f3n art\u00edstica, cultural y de conciencia social que est\u00e1 enfocado a difundir y fomentar el entretenimiento alternativo de calidad para todo el p\u00fablico que comparta el mismo entusiasmo.\",\"sameAs\":[\"http:\/\/www.reconoce.mx\"],\"url\":\"https:\/\/www.reconoce.mx\/?author=2\"}]}<\/script>\n<!-- \/ Yoast SEO plugin. -->","yoast_head_json":{"title":"\"La habitaci\u00f3n\": las heridas de nuestro pa\u00eds &#171; Reconoce MX","robots":{"index":"index","follow":"follow","max-snippet":"max-snippet:-1","max-image-preview":"max-image-preview:large","max-video-preview":"max-video-preview:-1"},"canonical":"http:\/\/www.reconoce.mx\/?p=67140","og_locale":"es_ES","og_type":"article","og_title":"\"La habitaci\u00f3n\": las heridas de nuestro pa\u00eds &#171; Reconoce MX","og_description":"Nos encontramos en plena noche del 15 de septiembre de 1910, en plenos festejos del centenario del inicio de la guerra de independencia en M\u00e9xico; si bien el festejado es nuestro pa\u00eds, en parte, el otro gran festejado es don Porfirio D\u00edaz, presidente de M\u00e9xico, dictador que viv\u00eda en aquellos -sin saberlo- sus \u00faltimos d\u00edas en el poder.","og_url":"http:\/\/www.reconoce.mx\/?p=67140","og_site_name":"Reconoce MX","article_publisher":"https:\/\/es-la.facebook.com\/ReconoceMX\/","article_published_time":"2017-10-19T05:07:40+00:00","article_modified_time":"2017-10-19T05:13:12+00:00","og_image":[{"width":590,"height":380,"url":"http:\/\/www.reconoce.mx\/wp-content\/uploads\/2017\/10\/la-habitacion-1.png","type":"image\/png"}],"author":"Reconoce MX","twitter_card":"summary_large_image","twitter_creator":"@reconocemx","twitter_site":"@reconocemx","twitter_misc":{"Escrito por":"Reconoce MX","Tiempo de lectura":"3 minutos"},"schema":{"@context":"https:\/\/schema.org","@graph":[{"@type":"Article","@id":"http:\/\/www.reconoce.mx\/?p=67140#article","isPartOf":{"@id":"http:\/\/www.reconoce.mx\/?p=67140"},"author":{"name":"Reconoce MX","@id":"http:\/\/www.reconoce.mx\/#\/schema\/person\/2117e997d7051dc15d6880eaf9bca0b2"},"headline":"\u00abLa habitaci\u00f3n\u00bb: las heridas de nuestro pa\u00eds","datePublished":"2017-10-19T05:07:40+00:00","dateModified":"2017-10-19T05:13:12+00:00","mainEntityOfPage":{"@id":"http:\/\/www.reconoce.mx\/?p=67140"},"wordCount":602,"commentCount":0,"publisher":{"@id":"http:\/\/www.reconoce.mx\/#organization"},"image":{"@id":"http:\/\/www.reconoce.mx\/?p=67140#primaryimage"},"thumbnailUrl":"https:\/\/www.reconoce.mx\/wp-content\/uploads\/2017\/10\/la-habitacion-1.png","articleSection":["Cine","Cultura","Principal"],"inLanguage":"es","potentialAction":[{"@type":"CommentAction","name":"Comment","target":["http:\/\/www.reconoce.mx\/?p=67140#respond"]}]},{"@type":"WebPage","@id":"http:\/\/www.reconoce.mx\/?p=67140","url":"http:\/\/www.reconoce.mx\/?p=67140","name":"\"La habitaci\u00f3n\": las heridas de nuestro pa\u00eds &#171; Reconoce MX","isPartOf":{"@id":"http:\/\/www.reconoce.mx\/#website"},"primaryImageOfPage":{"@id":"http:\/\/www.reconoce.mx\/?p=67140#primaryimage"},"image":{"@id":"http:\/\/www.reconoce.mx\/?p=67140#primaryimage"},"thumbnailUrl":"https:\/\/www.reconoce.mx\/wp-content\/uploads\/2017\/10\/la-habitacion-1.png","datePublished":"2017-10-19T05:07:40+00:00","dateModified":"2017-10-19T05:13:12+00:00","breadcrumb":{"@id":"http:\/\/www.reconoce.mx\/?p=67140#breadcrumb"},"inLanguage":"es","potentialAction":[{"@type":"ReadAction","target":["http:\/\/www.reconoce.mx\/?p=67140"]}]},{"@type":"ImageObject","inLanguage":"es","@id":"http:\/\/www.reconoce.mx\/?p=67140#primaryimage","url":"https:\/\/www.reconoce.mx\/wp-content\/uploads\/2017\/10\/la-habitacion-1.png","contentUrl":"https:\/\/www.reconoce.mx\/wp-content\/uploads\/2017\/10\/la-habitacion-1.png","width":590,"height":380},{"@type":"BreadcrumbList","@id":"http:\/\/www.reconoce.mx\/?p=67140#breadcrumb","itemListElement":[{"@type":"ListItem","position":1,"name":"Portada","item":"http:\/\/www.reconoce.mx\/"},{"@type":"ListItem","position":2,"name":"\u00abLa habitaci\u00f3n\u00bb: las heridas de nuestro pa\u00eds"}]},{"@type":"WebSite","@id":"http:\/\/www.reconoce.mx\/#website","url":"http:\/\/www.reconoce.mx\/","name":"Reconoce MX","description":"En Reconoce MX difundimos arte, cultura y conciencia social en M\u00e9xico. Tu ciudad en otra perspectiva.","publisher":{"@id":"http:\/\/www.reconoce.mx\/#organization"},"potentialAction":[{"@type":"SearchAction","target":{"@type":"EntryPoint","urlTemplate":"http:\/\/www.reconoce.mx\/?s={search_term_string}"},"query-input":{"@type":"PropertyValueSpecification","valueRequired":true,"valueName":"search_term_string"}}],"inLanguage":"es"},{"@type":"Organization","@id":"http:\/\/www.reconoce.mx\/#organization","name":"Reconoce MX","url":"http:\/\/www.reconoce.mx\/","logo":{"@type":"ImageObject","inLanguage":"es","@id":"http:\/\/www.reconoce.mx\/#\/schema\/logo\/image\/","url":"https:\/\/www.reconoce.mx\/wp-content\/uploads\/2019\/03\/logorcmx-good-1.png","contentUrl":"https:\/\/www.reconoce.mx\/wp-content\/uploads\/2019\/03\/logorcmx-good-1.png","width":280,"height":90,"caption":"Reconoce MX"},"image":{"@id":"http:\/\/www.reconoce.mx\/#\/schema\/logo\/image\/"},"sameAs":["https:\/\/es-la.facebook.com\/ReconoceMX\/","https:\/\/x.com\/reconocemx","http:\/\/@reconocemx"]},{"@type":"Person","@id":"http:\/\/www.reconoce.mx\/#\/schema\/person\/2117e997d7051dc15d6880eaf9bca0b2","name":"Reconoce MX","image":{"@type":"ImageObject","inLanguage":"es","@id":"http:\/\/www.reconoce.mx\/#\/schema\/person\/image\/","url":"https:\/\/secure.gravatar.com\/avatar\/6c8d4dc7569ca1c90c5fdcc349f839d5ddef6fe1e70b4337ead2ef1a4c43fc3a?s=96&d=identicon&r=g","contentUrl":"https:\/\/secure.gravatar.com\/avatar\/6c8d4dc7569ca1c90c5fdcc349f839d5ddef6fe1e70b4337ead2ef1a4c43fc3a?s=96&d=identicon&r=g","caption":"Reconoce MX"},"description":"Reconoce MX es un proyecto de difusi\u00f3n art\u00edstica, cultural y de conciencia social que est\u00e1 enfocado a difundir y fomentar el entretenimiento alternativo de calidad para todo el p\u00fablico que comparta el mismo entusiasmo.","sameAs":["http:\/\/www.reconoce.mx"],"url":"https:\/\/www.reconoce.mx\/?author=2"}]}},"_links":{"self":[{"href":"https:\/\/www.reconoce.mx\/index.php?rest_route=\/wp\/v2\/posts\/67140","targetHints":{"allow":["GET"]}}],"collection":[{"href":"https:\/\/www.reconoce.mx\/index.php?rest_route=\/wp\/v2\/posts"}],"about":[{"href":"https:\/\/www.reconoce.mx\/index.php?rest_route=\/wp\/v2\/types\/post"}],"author":[{"embeddable":true,"href":"https:\/\/www.reconoce.mx\/index.php?rest_route=\/wp\/v2\/users\/2"}],"replies":[{"embeddable":true,"href":"https:\/\/www.reconoce.mx\/index.php?rest_route=%2Fwp%2Fv2%2Fcomments&post=67140"}],"version-history":[{"count":4,"href":"https:\/\/www.reconoce.mx\/index.php?rest_route=\/wp\/v2\/posts\/67140\/revisions"}],"predecessor-version":[{"id":67148,"href":"https:\/\/www.reconoce.mx\/index.php?rest_route=\/wp\/v2\/posts\/67140\/revisions\/67148"}],"wp:featuredmedia":[{"embeddable":true,"href":"https:\/\/www.reconoce.mx\/index.php?rest_route=\/wp\/v2\/media\/67142"}],"wp:attachment":[{"href":"https:\/\/www.reconoce.mx\/index.php?rest_route=%2Fwp%2Fv2%2Fmedia&parent=67140"}],"wp:term":[{"taxonomy":"category","embeddable":true,"href":"https:\/\/www.reconoce.mx\/index.php?rest_route=%2Fwp%2Fv2%2Fcategories&post=67140"},{"taxonomy":"post_tag","embeddable":true,"href":"https:\/\/www.reconoce.mx\/index.php?rest_route=%2Fwp%2Fv2%2Ftags&post=67140"}],"curies":[{"name":"wp","href":"https:\/\/api.w.org\/{rel}","templated":true}]}}