{"id":67173,"date":"2017-10-19T00:03:08","date_gmt":"2017-10-19T05:03:08","guid":{"rendered":"http:\/\/www.reconoce.mx\/?p=67173"},"modified":"2017-10-19T00:11:42","modified_gmt":"2017-10-19T05:11:42","slug":"pacifico-3-historias-sencillas-y-entranables","status":"publish","type":"post","link":"https:\/\/www.reconoce.mx\/?p=67173","title":{"rendered":"\u00abPac\u00edfico\u00bb: 3 historias sencillas y entra\u00f1ables"},"content":{"rendered":"<p><strong>Por <a title=\"@AsfaltosTweets\" href=\"http:\/\/twitter.com\/AsfaltosTweets\" target=\"_blank\" rel=\"noopener noreferrer\" data-slimstat-type=\"0\" data-slimstat-callback=\"false\" data-slimstat-tracking=\"true\">Asfaltos<\/a><\/strong>.<\/p>\n<p>No hay historia peque\u00f1a. Es m\u00e1s, en muchas ocasiones con esas historias que podr\u00edamos considerar micro, nos encontramos con relatos m\u00e1s amplios y completos. En el caso de \u00abPac\u00edfico\u00bb, \u00f3pera prima de la directora <strong>Fernanda Romand\u00eda<\/strong>, nos topamos precisamente frente a lo anteriormente compartido.<\/p>\n<p><a href=\"http:\/\/www.reconoce.mx\/wp-content\/uploads\/2017\/10\/1476290687-57fe687fc5767-pacifico-poster-jpg.jpg\"><img loading=\"lazy\" decoding=\"async\" class=\"aligncenter size-full wp-image-67174\" src=\"http:\/\/www.reconoce.mx\/wp-content\/uploads\/2017\/10\/1476290687-57fe687fc5767-pacifico-poster-jpg.jpg\" alt=\"\" width=\"700\" height=\"980\" srcset=\"https:\/\/www.reconoce.mx\/wp-content\/uploads\/2017\/10\/1476290687-57fe687fc5767-pacifico-poster-jpg.jpg 700w, https:\/\/www.reconoce.mx\/wp-content\/uploads\/2017\/10\/1476290687-57fe687fc5767-pacifico-poster-jpg-214x300.jpg 214w, https:\/\/www.reconoce.mx\/wp-content\/uploads\/2017\/10\/1476290687-57fe687fc5767-pacifico-poster-jpg-150x210.jpg 150w, https:\/\/www.reconoce.mx\/wp-content\/uploads\/2017\/10\/1476290687-57fe687fc5767-pacifico-poster-jpg-658x921.jpg 658w, https:\/\/www.reconoce.mx\/wp-content\/uploads\/2017\/10\/1476290687-57fe687fc5767-pacifico-poster-jpg-300x420.jpg 300w\" sizes=\"auto, (max-width: 700px) 100vw, 700px\" \/><\/a><\/p>\n<p>En un pueblo de la costa mexicana, del lado precisamente del Oc\u00e9ano Pac\u00edfico, nos encontramos con una construcci\u00f3n donde entre otros, se nos presentan a tres personajes con sus respectivas historias. La construcci\u00f3n es el eje f\u00edsico de esta \u00abPac\u00edfico\u00bb, en la que se nos muestran 3 personajes que con sus particularidades viven su propio devenir.<\/p>\n<p>Conocemos entonces a Coral, una ni\u00f1a peque\u00f1a que sabemos preocupada por haber perdido unos aretes que su padrino le regal\u00f3. Enfrentando sin \u00e9xito a la ni\u00f1a culpable de la p\u00e9rdida, Coral empieza un viaje sencillo y personal, pero muy importante para ella. Despu\u00e9s conocemos a Diego, su padrino, quien trabajando como alba\u00f1il vive su propia historia, entre su ahijada, su novia, su trabajo y su futuro; y tambi\u00e9n a Oriente, un carpintero que despu\u00e9s de escapar de su pueblo natal, sue\u00f1a con la idea de regresar a su casa mientras imagina ser una persona distinta a la que es.<\/p>\n<p><a href=\"http:\/\/www.reconoce.mx\/wp-content\/uploads\/2017\/10\/pacifico.jpg\"><img loading=\"lazy\" decoding=\"async\" class=\"aligncenter size-full wp-image-67176\" src=\"http:\/\/www.reconoce.mx\/wp-content\/uploads\/2017\/10\/pacifico.jpg\" alt=\"\" width=\"1296\" height=\"730\" srcset=\"https:\/\/www.reconoce.mx\/wp-content\/uploads\/2017\/10\/pacifico.jpg 1296w, https:\/\/www.reconoce.mx\/wp-content\/uploads\/2017\/10\/pacifico-300x169.jpg 300w, https:\/\/www.reconoce.mx\/wp-content\/uploads\/2017\/10\/pacifico-768x433.jpg 768w, https:\/\/www.reconoce.mx\/wp-content\/uploads\/2017\/10\/pacifico-1024x577.jpg 1024w, https:\/\/www.reconoce.mx\/wp-content\/uploads\/2017\/10\/pacifico-150x84.jpg 150w, https:\/\/www.reconoce.mx\/wp-content\/uploads\/2017\/10\/pacifico-700x394.jpg 700w, https:\/\/www.reconoce.mx\/wp-content\/uploads\/2017\/10\/pacifico-658x371.jpg 658w\" sizes=\"auto, (max-width: 1296px) 100vw, 1296px\" \/><\/a><\/p>\n<p>Con una intimidad muy cuidadosa, con im\u00e1genes sencillas pero con una muy buena distancia entre la c\u00e1mara y los personajes que retrata, <strong>Fernanda Romand\u00eda<\/strong> logra presentarnos tres historias sencillas que se entrelazan gracias a los v\u00ednculos que vamos viendo existen entre ellos.<\/p>\n<p>Con pocos di\u00e1logos, sin mucha informaci\u00f3n hablada o escrita, es con el lenguaje cinematogr\u00e1fico que la cineasta consigue contarnos con precisi\u00f3n la historia que termina por compartirnos. Ayudan tambi\u00e9n, y de forma muy puntual, que las personalidades de los personajes le impriman un inter\u00e9s extra a la historia; lo que hace que conforme van pasando los minutos, nos vayamos encari\u00f1ando con ellos.<\/p>\n<p><a href=\"http:\/\/www.reconoce.mx\/wp-content\/uploads\/2017\/10\/pacifico-2.jpg\"><img loading=\"lazy\" decoding=\"async\" class=\"aligncenter size-full wp-image-67175\" src=\"http:\/\/www.reconoce.mx\/wp-content\/uploads\/2017\/10\/pacifico-2.jpg\" alt=\"\" width=\"1920\" height=\"768\" srcset=\"https:\/\/www.reconoce.mx\/wp-content\/uploads\/2017\/10\/pacifico-2.jpg 1920w, https:\/\/www.reconoce.mx\/wp-content\/uploads\/2017\/10\/pacifico-2-300x120.jpg 300w, https:\/\/www.reconoce.mx\/wp-content\/uploads\/2017\/10\/pacifico-2-768x307.jpg 768w, https:\/\/www.reconoce.mx\/wp-content\/uploads\/2017\/10\/pacifico-2-1024x410.jpg 1024w, https:\/\/www.reconoce.mx\/wp-content\/uploads\/2017\/10\/pacifico-2-150x60.jpg 150w, https:\/\/www.reconoce.mx\/wp-content\/uploads\/2017\/10\/pacifico-2-700x280.jpg 700w, https:\/\/www.reconoce.mx\/wp-content\/uploads\/2017\/10\/pacifico-2-658x263.jpg 658w\" sizes=\"auto, (max-width: 1920px) 100vw, 1920px\" \/><\/a><\/p>\n<p>\u00abPac\u00edfico\u00bb no es un trabajo largo ya que apenas pasa de la hora de duraci\u00f3n, por lo que a pesar de la pasividad y lentitud propios del pueblo que se nos presenta, no se vuelve tedioso en ning\u00fan momento. Las frases incluidas, recitadas por el personaje de Oriente, terminan por impregnarse tambi\u00e9n en la narrativa para colocarse como un elemento que redondea de gran forma hacia el final a la historia que se nos presenta.<\/p>\n<p>Ver \u00abPac\u00edfico\u00bb resulta una experiencia recomendable para aquellos quienes gustan de los documentales, pero tambi\u00e9n para quienes gustan de las historias sencillas y entra\u00f1ables. Si desean escaparse un poco de la pirotecnia caracter\u00edstica de la cartelera habitual, sin duda es una recomendaci\u00f3n inmediata.<\/p>\n<style>.embed-container { position: relative; padding-bottom: 56.25%; height: 0; overflow: hidden; max-width: 100%; } .embed-container iframe, .embed-container object, .embed-container embed { position: absolute; top: 0; left: 0; width: 100%; height: 100%; }<\/style>\n<div class=\"embed-container\"><iframe loading=\"lazy\" src=\"https:\/\/www.youtube.com\/embed\/1ekIit7MNlI\" width=\"300\" height=\"150\" frameborder=\"0\" allowfullscreen=\"allowfullscreen\"><\/iframe><\/div>\n<p>&nbsp;<\/p>\n<p>\u00abPac\u00edfico\u00bb se estrena ma\u00f1ana viernes 20 de octubre bajo el sello de <strong>Artegios<\/strong>.<\/p>\n<p>&nbsp;<\/p>\n<p>&nbsp;<\/p>\n","protected":false},"excerpt":{"rendered":"<p>No hay historia peque\u00f1a. Es m\u00e1s, en muchas ocasiones con esas historias que podr\u00edamos considerar micro, nos encontramos con relatos m\u00e1s amplios y completos. En el caso de \u00abPac\u00edfico\u00bb, \u00f3pera prima de la directora Fernanda Romand\u00eda, nos topamos precisamente frente a lo anteriormente compartido.<\/p>\n","protected":false},"author":2,"featured_media":67177,"comment_status":"open","ping_status":"open","sticky":false,"template":"","format":"standard","meta":{"footnotes":""},"categories":[24,1,17],"tags":[],"class_list":["post-67173","post","type-post","status-publish","format-standard","has-post-thumbnail","hentry","category-cine","category-cultura","category-principal"],"yoast_head":"<!-- This site is optimized with the Yoast SEO plugin v24.7 - https:\/\/yoast.com\/wordpress\/plugins\/seo\/ -->\n<title>&quot;Pac\u00edfico&quot;: 3 historias sencillas y entra\u00f1ables &#171; Reconoce MX<\/title>\n<meta name=\"robots\" content=\"index, follow, max-snippet:-1, max-image-preview:large, max-video-preview:-1\" \/>\n<link rel=\"canonical\" href=\"http:\/\/www.reconoce.mx\/?p=67173\" \/>\n<meta property=\"og:locale\" content=\"es_ES\" \/>\n<meta property=\"og:type\" content=\"article\" \/>\n<meta property=\"og:title\" content=\"&quot;Pac\u00edfico&quot;: 3 historias sencillas y entra\u00f1ables &#171; Reconoce MX\" \/>\n<meta property=\"og:description\" content=\"No hay historia peque\u00f1a. Es m\u00e1s, en muchas ocasiones con esas historias que podr\u00edamos considerar micro, nos encontramos con relatos m\u00e1s amplios y completos. En el caso de &quot;Pac\u00edfico&quot;, \u00f3pera prima de la directora Fernanda Romand\u00eda, nos topamos precisamente frente a lo anteriormente compartido.\" \/>\n<meta property=\"og:url\" content=\"http:\/\/www.reconoce.mx\/?p=67173\" \/>\n<meta property=\"og:site_name\" content=\"Reconoce MX\" \/>\n<meta property=\"article:publisher\" content=\"https:\/\/es-la.facebook.com\/ReconoceMX\/\" \/>\n<meta property=\"article:published_time\" content=\"2017-10-19T05:03:08+00:00\" \/>\n<meta property=\"article:modified_time\" content=\"2017-10-19T05:11:42+00:00\" \/>\n<meta property=\"og:image\" content=\"http:\/\/www.reconoce.mx\/wp-content\/uploads\/2017\/10\/pacifico-cover.jpg\" \/>\n\t<meta property=\"og:image:width\" content=\"590\" \/>\n\t<meta property=\"og:image:height\" content=\"380\" \/>\n\t<meta property=\"og:image:type\" content=\"image\/jpeg\" \/>\n<meta name=\"author\" content=\"Reconoce MX\" \/>\n<meta name=\"twitter:card\" content=\"summary_large_image\" \/>\n<meta name=\"twitter:creator\" content=\"@reconocemx\" \/>\n<meta name=\"twitter:site\" content=\"@reconocemx\" \/>\n<meta name=\"twitter:label1\" content=\"Escrito por\" \/>\n\t<meta name=\"twitter:data1\" content=\"Reconoce MX\" \/>\n\t<meta name=\"twitter:label2\" content=\"Tiempo de lectura\" \/>\n\t<meta name=\"twitter:data2\" content=\"2 minutos\" \/>\n<script type=\"application\/ld+json\" class=\"yoast-schema-graph\">{\"@context\":\"https:\/\/schema.org\",\"@graph\":[{\"@type\":\"Article\",\"@id\":\"http:\/\/www.reconoce.mx\/?p=67173#article\",\"isPartOf\":{\"@id\":\"http:\/\/www.reconoce.mx\/?p=67173\"},\"author\":{\"name\":\"Reconoce MX\",\"@id\":\"http:\/\/www.reconoce.mx\/#\/schema\/person\/2117e997d7051dc15d6880eaf9bca0b2\"},\"headline\":\"\u00abPac\u00edfico\u00bb: 3 historias sencillas y entra\u00f1ables\",\"datePublished\":\"2017-10-19T05:03:08+00:00\",\"dateModified\":\"2017-10-19T05:11:42+00:00\",\"mainEntityOfPage\":{\"@id\":\"http:\/\/www.reconoce.mx\/?p=67173\"},\"wordCount\":487,\"commentCount\":0,\"publisher\":{\"@id\":\"http:\/\/www.reconoce.mx\/#organization\"},\"image\":{\"@id\":\"http:\/\/www.reconoce.mx\/?p=67173#primaryimage\"},\"thumbnailUrl\":\"https:\/\/www.reconoce.mx\/wp-content\/uploads\/2017\/10\/pacifico-cover.jpg\",\"articleSection\":[\"Cine\",\"Cultura\",\"Principal\"],\"inLanguage\":\"es\",\"potentialAction\":[{\"@type\":\"CommentAction\",\"name\":\"Comment\",\"target\":[\"http:\/\/www.reconoce.mx\/?p=67173#respond\"]}]},{\"@type\":\"WebPage\",\"@id\":\"http:\/\/www.reconoce.mx\/?p=67173\",\"url\":\"http:\/\/www.reconoce.mx\/?p=67173\",\"name\":\"\\\"Pac\u00edfico\\\": 3 historias sencillas y entra\u00f1ables &#171; Reconoce MX\",\"isPartOf\":{\"@id\":\"http:\/\/www.reconoce.mx\/#website\"},\"primaryImageOfPage\":{\"@id\":\"http:\/\/www.reconoce.mx\/?p=67173#primaryimage\"},\"image\":{\"@id\":\"http:\/\/www.reconoce.mx\/?p=67173#primaryimage\"},\"thumbnailUrl\":\"https:\/\/www.reconoce.mx\/wp-content\/uploads\/2017\/10\/pacifico-cover.jpg\",\"datePublished\":\"2017-10-19T05:03:08+00:00\",\"dateModified\":\"2017-10-19T05:11:42+00:00\",\"breadcrumb\":{\"@id\":\"http:\/\/www.reconoce.mx\/?p=67173#breadcrumb\"},\"inLanguage\":\"es\",\"potentialAction\":[{\"@type\":\"ReadAction\",\"target\":[\"http:\/\/www.reconoce.mx\/?p=67173\"]}]},{\"@type\":\"ImageObject\",\"inLanguage\":\"es\",\"@id\":\"http:\/\/www.reconoce.mx\/?p=67173#primaryimage\",\"url\":\"https:\/\/www.reconoce.mx\/wp-content\/uploads\/2017\/10\/pacifico-cover.jpg\",\"contentUrl\":\"https:\/\/www.reconoce.mx\/wp-content\/uploads\/2017\/10\/pacifico-cover.jpg\",\"width\":590,\"height\":380},{\"@type\":\"BreadcrumbList\",\"@id\":\"http:\/\/www.reconoce.mx\/?p=67173#breadcrumb\",\"itemListElement\":[{\"@type\":\"ListItem\",\"position\":1,\"name\":\"Portada\",\"item\":\"http:\/\/www.reconoce.mx\/\"},{\"@type\":\"ListItem\",\"position\":2,\"name\":\"\u00abPac\u00edfico\u00bb: 3 historias sencillas y entra\u00f1ables\"}]},{\"@type\":\"WebSite\",\"@id\":\"http:\/\/www.reconoce.mx\/#website\",\"url\":\"http:\/\/www.reconoce.mx\/\",\"name\":\"Reconoce MX\",\"description\":\"En Reconoce MX difundimos arte, cultura y conciencia social en M\u00e9xico. Tu ciudad en otra perspectiva.\",\"publisher\":{\"@id\":\"http:\/\/www.reconoce.mx\/#organization\"},\"potentialAction\":[{\"@type\":\"SearchAction\",\"target\":{\"@type\":\"EntryPoint\",\"urlTemplate\":\"http:\/\/www.reconoce.mx\/?s={search_term_string}\"},\"query-input\":{\"@type\":\"PropertyValueSpecification\",\"valueRequired\":true,\"valueName\":\"search_term_string\"}}],\"inLanguage\":\"es\"},{\"@type\":\"Organization\",\"@id\":\"http:\/\/www.reconoce.mx\/#organization\",\"name\":\"Reconoce MX\",\"url\":\"http:\/\/www.reconoce.mx\/\",\"logo\":{\"@type\":\"ImageObject\",\"inLanguage\":\"es\",\"@id\":\"http:\/\/www.reconoce.mx\/#\/schema\/logo\/image\/\",\"url\":\"https:\/\/www.reconoce.mx\/wp-content\/uploads\/2019\/03\/logorcmx-good-1.png\",\"contentUrl\":\"https:\/\/www.reconoce.mx\/wp-content\/uploads\/2019\/03\/logorcmx-good-1.png\",\"width\":280,\"height\":90,\"caption\":\"Reconoce MX\"},\"image\":{\"@id\":\"http:\/\/www.reconoce.mx\/#\/schema\/logo\/image\/\"},\"sameAs\":[\"https:\/\/es-la.facebook.com\/ReconoceMX\/\",\"https:\/\/x.com\/reconocemx\",\"http:\/\/@reconocemx\"]},{\"@type\":\"Person\",\"@id\":\"http:\/\/www.reconoce.mx\/#\/schema\/person\/2117e997d7051dc15d6880eaf9bca0b2\",\"name\":\"Reconoce MX\",\"image\":{\"@type\":\"ImageObject\",\"inLanguage\":\"es\",\"@id\":\"http:\/\/www.reconoce.mx\/#\/schema\/person\/image\/\",\"url\":\"https:\/\/secure.gravatar.com\/avatar\/6c8d4dc7569ca1c90c5fdcc349f839d5ddef6fe1e70b4337ead2ef1a4c43fc3a?s=96&d=identicon&r=g\",\"contentUrl\":\"https:\/\/secure.gravatar.com\/avatar\/6c8d4dc7569ca1c90c5fdcc349f839d5ddef6fe1e70b4337ead2ef1a4c43fc3a?s=96&d=identicon&r=g\",\"caption\":\"Reconoce MX\"},\"description\":\"Reconoce MX es un proyecto de difusi\u00f3n art\u00edstica, cultural y de conciencia social que est\u00e1 enfocado a difundir y fomentar el entretenimiento alternativo de calidad para todo el p\u00fablico que comparta el mismo entusiasmo.\",\"sameAs\":[\"http:\/\/www.reconoce.mx\"],\"url\":\"https:\/\/www.reconoce.mx\/?author=2\"}]}<\/script>\n<!-- \/ Yoast SEO plugin. -->","yoast_head_json":{"title":"\"Pac\u00edfico\": 3 historias sencillas y entra\u00f1ables &#171; Reconoce MX","robots":{"index":"index","follow":"follow","max-snippet":"max-snippet:-1","max-image-preview":"max-image-preview:large","max-video-preview":"max-video-preview:-1"},"canonical":"http:\/\/www.reconoce.mx\/?p=67173","og_locale":"es_ES","og_type":"article","og_title":"\"Pac\u00edfico\": 3 historias sencillas y entra\u00f1ables &#171; Reconoce MX","og_description":"No hay historia peque\u00f1a. Es m\u00e1s, en muchas ocasiones con esas historias que podr\u00edamos considerar micro, nos encontramos con relatos m\u00e1s amplios y completos. En el caso de \"Pac\u00edfico\", \u00f3pera prima de la directora Fernanda Romand\u00eda, nos topamos precisamente frente a lo anteriormente compartido.","og_url":"http:\/\/www.reconoce.mx\/?p=67173","og_site_name":"Reconoce MX","article_publisher":"https:\/\/es-la.facebook.com\/ReconoceMX\/","article_published_time":"2017-10-19T05:03:08+00:00","article_modified_time":"2017-10-19T05:11:42+00:00","og_image":[{"width":590,"height":380,"url":"http:\/\/www.reconoce.mx\/wp-content\/uploads\/2017\/10\/pacifico-cover.jpg","type":"image\/jpeg"}],"author":"Reconoce MX","twitter_card":"summary_large_image","twitter_creator":"@reconocemx","twitter_site":"@reconocemx","twitter_misc":{"Escrito por":"Reconoce MX","Tiempo de lectura":"2 minutos"},"schema":{"@context":"https:\/\/schema.org","@graph":[{"@type":"Article","@id":"http:\/\/www.reconoce.mx\/?p=67173#article","isPartOf":{"@id":"http:\/\/www.reconoce.mx\/?p=67173"},"author":{"name":"Reconoce MX","@id":"http:\/\/www.reconoce.mx\/#\/schema\/person\/2117e997d7051dc15d6880eaf9bca0b2"},"headline":"\u00abPac\u00edfico\u00bb: 3 historias sencillas y entra\u00f1ables","datePublished":"2017-10-19T05:03:08+00:00","dateModified":"2017-10-19T05:11:42+00:00","mainEntityOfPage":{"@id":"http:\/\/www.reconoce.mx\/?p=67173"},"wordCount":487,"commentCount":0,"publisher":{"@id":"http:\/\/www.reconoce.mx\/#organization"},"image":{"@id":"http:\/\/www.reconoce.mx\/?p=67173#primaryimage"},"thumbnailUrl":"https:\/\/www.reconoce.mx\/wp-content\/uploads\/2017\/10\/pacifico-cover.jpg","articleSection":["Cine","Cultura","Principal"],"inLanguage":"es","potentialAction":[{"@type":"CommentAction","name":"Comment","target":["http:\/\/www.reconoce.mx\/?p=67173#respond"]}]},{"@type":"WebPage","@id":"http:\/\/www.reconoce.mx\/?p=67173","url":"http:\/\/www.reconoce.mx\/?p=67173","name":"\"Pac\u00edfico\": 3 historias sencillas y entra\u00f1ables &#171; Reconoce MX","isPartOf":{"@id":"http:\/\/www.reconoce.mx\/#website"},"primaryImageOfPage":{"@id":"http:\/\/www.reconoce.mx\/?p=67173#primaryimage"},"image":{"@id":"http:\/\/www.reconoce.mx\/?p=67173#primaryimage"},"thumbnailUrl":"https:\/\/www.reconoce.mx\/wp-content\/uploads\/2017\/10\/pacifico-cover.jpg","datePublished":"2017-10-19T05:03:08+00:00","dateModified":"2017-10-19T05:11:42+00:00","breadcrumb":{"@id":"http:\/\/www.reconoce.mx\/?p=67173#breadcrumb"},"inLanguage":"es","potentialAction":[{"@type":"ReadAction","target":["http:\/\/www.reconoce.mx\/?p=67173"]}]},{"@type":"ImageObject","inLanguage":"es","@id":"http:\/\/www.reconoce.mx\/?p=67173#primaryimage","url":"https:\/\/www.reconoce.mx\/wp-content\/uploads\/2017\/10\/pacifico-cover.jpg","contentUrl":"https:\/\/www.reconoce.mx\/wp-content\/uploads\/2017\/10\/pacifico-cover.jpg","width":590,"height":380},{"@type":"BreadcrumbList","@id":"http:\/\/www.reconoce.mx\/?p=67173#breadcrumb","itemListElement":[{"@type":"ListItem","position":1,"name":"Portada","item":"http:\/\/www.reconoce.mx\/"},{"@type":"ListItem","position":2,"name":"\u00abPac\u00edfico\u00bb: 3 historias sencillas y entra\u00f1ables"}]},{"@type":"WebSite","@id":"http:\/\/www.reconoce.mx\/#website","url":"http:\/\/www.reconoce.mx\/","name":"Reconoce MX","description":"En Reconoce MX difundimos arte, cultura y conciencia social en M\u00e9xico. Tu ciudad en otra perspectiva.","publisher":{"@id":"http:\/\/www.reconoce.mx\/#organization"},"potentialAction":[{"@type":"SearchAction","target":{"@type":"EntryPoint","urlTemplate":"http:\/\/www.reconoce.mx\/?s={search_term_string}"},"query-input":{"@type":"PropertyValueSpecification","valueRequired":true,"valueName":"search_term_string"}}],"inLanguage":"es"},{"@type":"Organization","@id":"http:\/\/www.reconoce.mx\/#organization","name":"Reconoce MX","url":"http:\/\/www.reconoce.mx\/","logo":{"@type":"ImageObject","inLanguage":"es","@id":"http:\/\/www.reconoce.mx\/#\/schema\/logo\/image\/","url":"https:\/\/www.reconoce.mx\/wp-content\/uploads\/2019\/03\/logorcmx-good-1.png","contentUrl":"https:\/\/www.reconoce.mx\/wp-content\/uploads\/2019\/03\/logorcmx-good-1.png","width":280,"height":90,"caption":"Reconoce MX"},"image":{"@id":"http:\/\/www.reconoce.mx\/#\/schema\/logo\/image\/"},"sameAs":["https:\/\/es-la.facebook.com\/ReconoceMX\/","https:\/\/x.com\/reconocemx","http:\/\/@reconocemx"]},{"@type":"Person","@id":"http:\/\/www.reconoce.mx\/#\/schema\/person\/2117e997d7051dc15d6880eaf9bca0b2","name":"Reconoce MX","image":{"@type":"ImageObject","inLanguage":"es","@id":"http:\/\/www.reconoce.mx\/#\/schema\/person\/image\/","url":"https:\/\/secure.gravatar.com\/avatar\/6c8d4dc7569ca1c90c5fdcc349f839d5ddef6fe1e70b4337ead2ef1a4c43fc3a?s=96&d=identicon&r=g","contentUrl":"https:\/\/secure.gravatar.com\/avatar\/6c8d4dc7569ca1c90c5fdcc349f839d5ddef6fe1e70b4337ead2ef1a4c43fc3a?s=96&d=identicon&r=g","caption":"Reconoce MX"},"description":"Reconoce MX es un proyecto de difusi\u00f3n art\u00edstica, cultural y de conciencia social que est\u00e1 enfocado a difundir y fomentar el entretenimiento alternativo de calidad para todo el p\u00fablico que comparta el mismo entusiasmo.","sameAs":["http:\/\/www.reconoce.mx"],"url":"https:\/\/www.reconoce.mx\/?author=2"}]}},"_links":{"self":[{"href":"https:\/\/www.reconoce.mx\/index.php?rest_route=\/wp\/v2\/posts\/67173","targetHints":{"allow":["GET"]}}],"collection":[{"href":"https:\/\/www.reconoce.mx\/index.php?rest_route=\/wp\/v2\/posts"}],"about":[{"href":"https:\/\/www.reconoce.mx\/index.php?rest_route=\/wp\/v2\/types\/post"}],"author":[{"embeddable":true,"href":"https:\/\/www.reconoce.mx\/index.php?rest_route=\/wp\/v2\/users\/2"}],"replies":[{"embeddable":true,"href":"https:\/\/www.reconoce.mx\/index.php?rest_route=%2Fwp%2Fv2%2Fcomments&post=67173"}],"version-history":[{"count":1,"href":"https:\/\/www.reconoce.mx\/index.php?rest_route=\/wp\/v2\/posts\/67173\/revisions"}],"predecessor-version":[{"id":67178,"href":"https:\/\/www.reconoce.mx\/index.php?rest_route=\/wp\/v2\/posts\/67173\/revisions\/67178"}],"wp:featuredmedia":[{"embeddable":true,"href":"https:\/\/www.reconoce.mx\/index.php?rest_route=\/wp\/v2\/media\/67177"}],"wp:attachment":[{"href":"https:\/\/www.reconoce.mx\/index.php?rest_route=%2Fwp%2Fv2%2Fmedia&parent=67173"}],"wp:term":[{"taxonomy":"category","embeddable":true,"href":"https:\/\/www.reconoce.mx\/index.php?rest_route=%2Fwp%2Fv2%2Fcategories&post=67173"},{"taxonomy":"post_tag","embeddable":true,"href":"https:\/\/www.reconoce.mx\/index.php?rest_route=%2Fwp%2Fv2%2Ftags&post=67173"}],"curies":[{"name":"wp","href":"https:\/\/api.w.org\/{rel}","templated":true}]}}