{"id":67568,"date":"2017-11-07T00:06:28","date_gmt":"2017-11-07T06:06:28","guid":{"rendered":"http:\/\/www.reconoce.mx\/?p=67568"},"modified":"2017-11-07T06:43:41","modified_gmt":"2017-11-07T12:43:41","slug":"amplifica-reconstruccion-sin-corrupcion","status":"publish","type":"post","link":"https:\/\/www.reconoce.mx\/?p=67568","title":{"rendered":"Amplifica: reconstrucci\u00f3n sin corrupci\u00f3n"},"content":{"rendered":"<p><strong>Texto por <a href=\"http:\/\/twitter.com\/UrikFuentes\" target=\"_blank\" rel=\"noopener noreferrer\">Ulrich Fuentes<\/a><\/strong>.<br \/>\n<strong>Fotos por Elliot Eduardo D\u00edaz Yepis<\/strong>.<\/p>\n<p>Despu\u00e9s de los sismos del pasado 7 y 19 de septiembre, a\u00fan queda mucho por hacer para lograr la reconstrucci\u00f3n de las zonas afectadas de nuestro pa\u00eds. <strong>Amplifica<\/strong> se ha convertido en una de esas causas que buscan apoyar a la reconstrucci\u00f3n de nuestro pa\u00eds, y que sin duda hay que voltear a ver y aplaudir.<\/p>\n<p><img loading=\"lazy\" decoding=\"async\" class=\"alignnone size-full\" src=\"https:\/\/c1.staticflickr.com\/5\/4586\/37466152364_ba4dae5f6b_c.jpg\" width=\"800\" height=\"534\" \/><\/p>\n<p><em><strong> &gt;&gt;<a href=\"https:\/\/www.flickr.com\/photos\/reconocemx\/albums\/72157665893255099\" target=\"_blank\" rel=\"noopener\">Disfruta nuestra galer\u00eda completa de AMPLIFICA<\/a>&lt;&lt;<\/strong><\/em><\/p>\n<p><strong>Amplifica<\/strong> fue un evento independiente organizado por algunas de las bandas mas importantes de nuestro pa\u00eds, con el fin de ayudar a los afectados en el terremoto que azot\u00f3 a Ciudad de M\u00e9xico. El evento realizado el pasado 1 de noviembre en el <strong>Palacio de los Deportes<\/strong>, fue sin duda una gran muestra de solidaridad y amor, que se demostr\u00f3 tanto por parte de las bandas que se han movilizado de distintas maneras para buscar la mejor forma de apoyar con las ganancias obtenidas de los <em>tickets<\/em> del evento a diversas asociaciones en pro de la reconstrucci\u00f3n post-sismo, como por parte de los asistentes con muestras de apoyo, cari\u00f1o y solidaridad. Lo recaudado ser\u00e1 destinado a los afectados de Ciudad de M\u00e9xico, Morelos, Puebla, Oaxaca, Tlaxcala, Chiapas y Tabasco.<\/p>\n<p><img loading=\"lazy\" decoding=\"async\" class=\"alignnone size-full\" src=\"https:\/\/c1.staticflickr.com\/5\/4579\/37466152204_cdc0328918_c.jpg\" width=\"800\" height=\"534\" \/><\/p>\n<p><em><strong> &gt;&gt;<a href=\"https:\/\/www.flickr.com\/photos\/reconocemx\/albums\/72157665893255099\" target=\"_blank\" rel=\"noopener\">Disfruta nuestra galer\u00eda completa de AMPLIFICA<\/a>&lt;&lt;<\/strong><\/em><\/p>\n<p>Uno de los momentos mas destacados de la noche lleg\u00f3 al escuchar las voces de m\u00e1s de 20 mil personas cantando al un\u00edsono de \u00abCuando pase el temblor\u00bb, canci\u00f3n original de <strong>Soda Stereo<\/strong> que hizo que se nos pusiera \u00abla piel chinita\u00bb, y m\u00e1s cuando es interpretada por personalidades de algunas de las bandas mas importantes de nuestro amado M\u00e9xico como Guardiola y Le\u00f3n de <strong>Zo\u00e9<\/strong>, Quique y Meme de Caf\u00e9 Tacvba, Tito y Huidos de <strong>Molotov<\/strong>, Gil de <strong>Kinky<\/strong> y <strong>Mon Laferte<\/strong>.<\/p>\n<p><img loading=\"lazy\" decoding=\"async\" class=\"alignnone size-full\" src=\"https:\/\/c1.staticflickr.com\/5\/4484\/37466149774_2995cca989_c.jpg\" width=\"800\" height=\"534\" \/><\/p>\n<p><em><strong> &gt;&gt;<a href=\"https:\/\/www.flickr.com\/photos\/reconocemx\/albums\/72157665893255099\" target=\"_blank\" rel=\"noopener\">Disfruta nuestra galer\u00eda completa de AMPLIFICA<\/a>&lt;&lt;<\/strong><\/em><\/p>\n<p>Anteriormente las bandas <strong>Caf\u00e9 Tacvba<\/strong> y <strong>Molotov<\/strong> ten\u00edan presentaciones ya confirmadas mismas que cancelaron para unirse a <strong>Le\u00f3n Larregui<\/strong> quien fue uno de los organizadores principales del evento, ya que al darse cuenta de que a\u00fan hab\u00eda mucho por hacer decidi\u00f3 reunir a amigos y talento mexicano para recaudar fondos. A esta noble causa se unieron m\u00e1s bandas como <strong>Kinky<\/strong> y la chilena<strong> Mon Laferte<\/strong>. Cada banda toc\u00f3 un tiempo aproximado de 40 minutos, tiempo ideal para disfrutar un poco de su m\u00fasica, olvidarnos de la tragedia y disfrutar ese ambiente festivo que tanto nos caracteriza. Tambi\u00e9n aprovecharon para demostrar su amor por nuestro pa\u00eds en sus presentaciones dentro del evento, con mensajes de apoyo, solidaridad y conciencia, agregando testimonios de afectados, asociaciones civiles y artistas que han apoyado diversas causas para la reconstrucci\u00f3n de las zonas afectadas. De igual manera otras bandas y solistas internacionales se sumaron a la causa; el boricua Residente de <strong>Calle 13<\/strong>, <strong>Babas\u00f3nicos<\/strong>, <strong>Natalia Lafourcade<\/strong>,<strong> Banda de Turistas<\/strong> y los franceses <strong>Phoenix<\/strong> enviaron sus mensajes de solidaridad y fuerza por medio de grabaciones proyectadas en las pantallas del recinto.<\/p>\n<p><img loading=\"lazy\" decoding=\"async\" class=\"alignnone size-full\" src=\"https:\/\/c1.staticflickr.com\/5\/4540\/24324174168_66d9a34244_c.jpg\" width=\"800\" height=\"534\" \/><\/p>\n<p><em><strong> &gt;&gt;<a href=\"https:\/\/www.flickr.com\/photos\/reconocemx\/albums\/72157665893255099\" target=\"_blank\" rel=\"noopener\">Disfruta nuestra galer\u00eda completa de AMPLIFICA<\/a>&lt;&lt;<\/strong><\/em><\/p>\n<p>Otra de las grandes causas a apoyar que tuvo una participaci\u00f3n importante en el marco del evento, fue la organizaci\u00f3n sin fines de lucro <strong>Ambulante<\/strong> liderada por \u00ablos charolastras\u00bb <strong>Diego Luna<\/strong> y <strong>Gael Garc\u00eda Bernal<\/strong>. \u00abNo se trata de reconstruir M\u00e9xico, se trata de construir el pa\u00eds en el que queremos vivir\u00bb, dijo el actor <strong>Diego Luna<\/strong>. Un porcentaje de las ganancias de <strong>Amplifica<\/strong> ser\u00e1 donada para la organizaci\u00f3n <strong>Ambulante<\/strong> que busca por diversos canales de comunicaci\u00f3n y programas apoyar a los damnificados por el sismo.<\/p>\n<p><img loading=\"lazy\" decoding=\"async\" class=\"alignnone size-full\" src=\"https:\/\/c1.staticflickr.com\/5\/4572\/37466136624_9d9037ee86_b.jpg\" width=\"684\" height=\"1024\" \/><\/p>\n<p><em><strong> &gt;&gt;<a href=\"https:\/\/www.flickr.com\/photos\/reconocemx\/albums\/72157665893255099\" target=\"_blank\" rel=\"noopener\">Disfruta nuestra galer\u00eda completa de AMPLIFICA<\/a>&lt;&lt;<\/strong><\/em><\/p>\n<p>Sin duda uno de los mensajes m\u00e1s fuertes por parte de los artistas e involucrados, fue el de apoyar a esta causa sin corrupci\u00f3n, quitarnos esa m\u00e1scara de la corrupci\u00f3n que predomina en organizaciones gubernamentales, y hacer las cosas por nuestra cuenta, organizarnos como sociedad civil y esforzarnos culturalmente por no caer en la corrupci\u00f3n. Ppodemos lograr una \u00abreconstrucci\u00f3n sin corrupci\u00f3n\u00bb.<\/p>\n<p><img loading=\"lazy\" decoding=\"async\" class=\"alignnone size-full\" src=\"https:\/\/c1.staticflickr.com\/5\/4543\/37466135874_1c5b7bb577_c.jpg\" width=\"800\" height=\"534\" \/><\/p>\n<p><em><strong> &gt;&gt;<a href=\"https:\/\/www.flickr.com\/photos\/reconocemx\/albums\/72157665893255099\" target=\"_blank\" rel=\"noopener\">Disfruta nuestra galer\u00eda completa de AMPLIFICA<\/a>&lt;&lt;<\/strong><\/em><\/p>\n<p>Un evento lleno de emociones vibrantes, de amor y solidaridad, que nos hace reflexionar sobre la unidad de nuestra sociedad. La m\u00fasica nos une, solamente esperamos que este tipo de eventos sigan ocurriendo para \u00e9sta y muchas causas m\u00e1s. Tampoco hay que olvidar que la ayuda a\u00fan no debe parar, falta mucho por hacer y juntos podemos construir ese pa\u00eds en el que queremos vivir.<\/p>\n<p>&nbsp;<\/p>\n<p>&nbsp;<\/p>\n","protected":false},"excerpt":{"rendered":"<p>Despu\u00e9s de los sismos del pasado 7 y 19 de septiembre, a\u00fan queda mucho por hacer para lograr la reconstrucci\u00f3n de las zonas afectadas de nuestro pa\u00eds. Amplifica se ha convertido en una de esas causas que buscan apoyar a la reconstrucci\u00f3n de nuestro pa\u00eds, y que sin duda hay que voltear a ver y aplaudir.<\/p>\n","protected":false},"author":2,"featured_media":67570,"comment_status":"open","ping_status":"open","sticky":false,"template":"","format":"standard","meta":{"footnotes":""},"categories":[1,18,17,2663],"tags":[563],"class_list":["post-67568","post","type-post","status-publish","format-standard","has-post-thumbnail","hentry","category-cultura","category-musica","category-principal","category-sismo-19-s","tag-sismo"],"yoast_head":"<!-- This site is optimized with the Yoast SEO plugin v24.7 - https:\/\/yoast.com\/wordpress\/plugins\/seo\/ -->\n<title>Amplifica: reconstrucci\u00f3n sin corrupci\u00f3n &#171; Reconoce MX<\/title>\n<meta name=\"robots\" content=\"index, follow, max-snippet:-1, max-image-preview:large, max-video-preview:-1\" \/>\n<link rel=\"canonical\" href=\"https:\/\/www.reconoce.mx\/?p=67568\" \/>\n<meta property=\"og:locale\" content=\"es_ES\" \/>\n<meta property=\"og:type\" content=\"article\" \/>\n<meta property=\"og:title\" content=\"Amplifica: reconstrucci\u00f3n sin corrupci\u00f3n &#171; Reconoce MX\" \/>\n<meta property=\"og:description\" content=\"Despu\u00e9s de los sismos del pasado 7 y 19 de septiembre, a\u00fan queda mucho por hacer para lograr la reconstrucci\u00f3n de las zonas afectadas de nuestro pa\u00eds. Amplifica se ha convertido en una de esas causas que buscan apoyar a la reconstrucci\u00f3n de nuestro pa\u00eds, y que sin duda hay que voltear a ver y aplaudir.\" \/>\n<meta property=\"og:url\" content=\"https:\/\/www.reconoce.mx\/?p=67568\" \/>\n<meta property=\"og:site_name\" content=\"Reconoce MX\" \/>\n<meta property=\"article:publisher\" content=\"https:\/\/es-la.facebook.com\/ReconoceMX\/\" \/>\n<meta property=\"article:published_time\" content=\"2017-11-07T06:06:28+00:00\" \/>\n<meta property=\"article:modified_time\" content=\"2017-11-07T12:43:41+00:00\" \/>\n<meta property=\"og:image\" content=\"https:\/\/www.reconoce.mx\/wp-content\/uploads\/2017\/11\/amplifica-mexico-2017.jpg\" \/>\n\t<meta property=\"og:image:width\" content=\"590\" \/>\n\t<meta property=\"og:image:height\" content=\"380\" \/>\n\t<meta property=\"og:image:type\" content=\"image\/jpeg\" \/>\n<meta name=\"author\" content=\"Reconoce MX\" \/>\n<meta name=\"twitter:card\" content=\"summary_large_image\" \/>\n<meta name=\"twitter:creator\" content=\"@reconocemx\" \/>\n<meta name=\"twitter:site\" content=\"@reconocemx\" \/>\n<meta name=\"twitter:label1\" content=\"Escrito por\" \/>\n\t<meta name=\"twitter:data1\" content=\"Reconoce MX\" \/>\n\t<meta name=\"twitter:label2\" content=\"Tiempo de lectura\" \/>\n\t<meta name=\"twitter:data2\" content=\"4 minutos\" \/>\n<script type=\"application\/ld+json\" class=\"yoast-schema-graph\">{\"@context\":\"https:\/\/schema.org\",\"@graph\":[{\"@type\":\"Article\",\"@id\":\"https:\/\/www.reconoce.mx\/?p=67568#article\",\"isPartOf\":{\"@id\":\"https:\/\/www.reconoce.mx\/?p=67568\"},\"author\":{\"name\":\"Reconoce MX\",\"@id\":\"http:\/\/www.reconoce.mx\/#\/schema\/person\/2117e997d7051dc15d6880eaf9bca0b2\"},\"headline\":\"Amplifica: reconstrucci\u00f3n sin corrupci\u00f3n\",\"datePublished\":\"2017-11-07T06:06:28+00:00\",\"dateModified\":\"2017-11-07T12:43:41+00:00\",\"mainEntityOfPage\":{\"@id\":\"https:\/\/www.reconoce.mx\/?p=67568\"},\"wordCount\":788,\"commentCount\":0,\"publisher\":{\"@id\":\"http:\/\/www.reconoce.mx\/#organization\"},\"image\":{\"@id\":\"https:\/\/www.reconoce.mx\/?p=67568#primaryimage\"},\"thumbnailUrl\":\"https:\/\/www.reconoce.mx\/wp-content\/uploads\/2017\/11\/amplifica-mexico-2017.jpg\",\"keywords\":[\"sismo\"],\"articleSection\":[\"Cultura\",\"M\u00fasica\",\"Principal\",\"Sismo 19-S\"],\"inLanguage\":\"es\",\"potentialAction\":[{\"@type\":\"CommentAction\",\"name\":\"Comment\",\"target\":[\"https:\/\/www.reconoce.mx\/?p=67568#respond\"]}]},{\"@type\":\"WebPage\",\"@id\":\"https:\/\/www.reconoce.mx\/?p=67568\",\"url\":\"https:\/\/www.reconoce.mx\/?p=67568\",\"name\":\"Amplifica: reconstrucci\u00f3n sin corrupci\u00f3n &#171; Reconoce MX\",\"isPartOf\":{\"@id\":\"http:\/\/www.reconoce.mx\/#website\"},\"primaryImageOfPage\":{\"@id\":\"https:\/\/www.reconoce.mx\/?p=67568#primaryimage\"},\"image\":{\"@id\":\"https:\/\/www.reconoce.mx\/?p=67568#primaryimage\"},\"thumbnailUrl\":\"https:\/\/www.reconoce.mx\/wp-content\/uploads\/2017\/11\/amplifica-mexico-2017.jpg\",\"datePublished\":\"2017-11-07T06:06:28+00:00\",\"dateModified\":\"2017-11-07T12:43:41+00:00\",\"breadcrumb\":{\"@id\":\"https:\/\/www.reconoce.mx\/?p=67568#breadcrumb\"},\"inLanguage\":\"es\",\"potentialAction\":[{\"@type\":\"ReadAction\",\"target\":[\"https:\/\/www.reconoce.mx\/?p=67568\"]}]},{\"@type\":\"ImageObject\",\"inLanguage\":\"es\",\"@id\":\"https:\/\/www.reconoce.mx\/?p=67568#primaryimage\",\"url\":\"https:\/\/www.reconoce.mx\/wp-content\/uploads\/2017\/11\/amplifica-mexico-2017.jpg\",\"contentUrl\":\"https:\/\/www.reconoce.mx\/wp-content\/uploads\/2017\/11\/amplifica-mexico-2017.jpg\",\"width\":590,\"height\":380},{\"@type\":\"BreadcrumbList\",\"@id\":\"https:\/\/www.reconoce.mx\/?p=67568#breadcrumb\",\"itemListElement\":[{\"@type\":\"ListItem\",\"position\":1,\"name\":\"Portada\",\"item\":\"http:\/\/www.reconoce.mx\/\"},{\"@type\":\"ListItem\",\"position\":2,\"name\":\"Amplifica: reconstrucci\u00f3n sin corrupci\u00f3n\"}]},{\"@type\":\"WebSite\",\"@id\":\"http:\/\/www.reconoce.mx\/#website\",\"url\":\"http:\/\/www.reconoce.mx\/\",\"name\":\"Reconoce MX\",\"description\":\"En Reconoce MX difundimos arte, cultura y conciencia social en M\u00e9xico. Tu ciudad en otra perspectiva.\",\"publisher\":{\"@id\":\"http:\/\/www.reconoce.mx\/#organization\"},\"potentialAction\":[{\"@type\":\"SearchAction\",\"target\":{\"@type\":\"EntryPoint\",\"urlTemplate\":\"http:\/\/www.reconoce.mx\/?s={search_term_string}\"},\"query-input\":{\"@type\":\"PropertyValueSpecification\",\"valueRequired\":true,\"valueName\":\"search_term_string\"}}],\"inLanguage\":\"es\"},{\"@type\":\"Organization\",\"@id\":\"http:\/\/www.reconoce.mx\/#organization\",\"name\":\"Reconoce MX\",\"url\":\"http:\/\/www.reconoce.mx\/\",\"logo\":{\"@type\":\"ImageObject\",\"inLanguage\":\"es\",\"@id\":\"http:\/\/www.reconoce.mx\/#\/schema\/logo\/image\/\",\"url\":\"https:\/\/www.reconoce.mx\/wp-content\/uploads\/2019\/03\/logorcmx-good-1.png\",\"contentUrl\":\"https:\/\/www.reconoce.mx\/wp-content\/uploads\/2019\/03\/logorcmx-good-1.png\",\"width\":280,\"height\":90,\"caption\":\"Reconoce MX\"},\"image\":{\"@id\":\"http:\/\/www.reconoce.mx\/#\/schema\/logo\/image\/\"},\"sameAs\":[\"https:\/\/es-la.facebook.com\/ReconoceMX\/\",\"https:\/\/x.com\/reconocemx\",\"http:\/\/@reconocemx\"]},{\"@type\":\"Person\",\"@id\":\"http:\/\/www.reconoce.mx\/#\/schema\/person\/2117e997d7051dc15d6880eaf9bca0b2\",\"name\":\"Reconoce MX\",\"image\":{\"@type\":\"ImageObject\",\"inLanguage\":\"es\",\"@id\":\"http:\/\/www.reconoce.mx\/#\/schema\/person\/image\/\",\"url\":\"https:\/\/secure.gravatar.com\/avatar\/6c8d4dc7569ca1c90c5fdcc349f839d5ddef6fe1e70b4337ead2ef1a4c43fc3a?s=96&d=identicon&r=g\",\"contentUrl\":\"https:\/\/secure.gravatar.com\/avatar\/6c8d4dc7569ca1c90c5fdcc349f839d5ddef6fe1e70b4337ead2ef1a4c43fc3a?s=96&d=identicon&r=g\",\"caption\":\"Reconoce MX\"},\"description\":\"Reconoce MX es un proyecto de difusi\u00f3n art\u00edstica, cultural y de conciencia social que est\u00e1 enfocado a difundir y fomentar el entretenimiento alternativo de calidad para todo el p\u00fablico que comparta el mismo entusiasmo.\",\"sameAs\":[\"http:\/\/www.reconoce.mx\"],\"url\":\"https:\/\/www.reconoce.mx\/?author=2\"}]}<\/script>\n<!-- \/ Yoast SEO plugin. -->","yoast_head_json":{"title":"Amplifica: reconstrucci\u00f3n sin corrupci\u00f3n &#171; Reconoce MX","robots":{"index":"index","follow":"follow","max-snippet":"max-snippet:-1","max-image-preview":"max-image-preview:large","max-video-preview":"max-video-preview:-1"},"canonical":"https:\/\/www.reconoce.mx\/?p=67568","og_locale":"es_ES","og_type":"article","og_title":"Amplifica: reconstrucci\u00f3n sin corrupci\u00f3n &#171; Reconoce MX","og_description":"Despu\u00e9s de los sismos del pasado 7 y 19 de septiembre, a\u00fan queda mucho por hacer para lograr la reconstrucci\u00f3n de las zonas afectadas de nuestro pa\u00eds. Amplifica se ha convertido en una de esas causas que buscan apoyar a la reconstrucci\u00f3n de nuestro pa\u00eds, y que sin duda hay que voltear a ver y aplaudir.","og_url":"https:\/\/www.reconoce.mx\/?p=67568","og_site_name":"Reconoce MX","article_publisher":"https:\/\/es-la.facebook.com\/ReconoceMX\/","article_published_time":"2017-11-07T06:06:28+00:00","article_modified_time":"2017-11-07T12:43:41+00:00","og_image":[{"width":590,"height":380,"url":"https:\/\/www.reconoce.mx\/wp-content\/uploads\/2017\/11\/amplifica-mexico-2017.jpg","type":"image\/jpeg"}],"author":"Reconoce MX","twitter_card":"summary_large_image","twitter_creator":"@reconocemx","twitter_site":"@reconocemx","twitter_misc":{"Escrito por":"Reconoce MX","Tiempo de lectura":"4 minutos"},"schema":{"@context":"https:\/\/schema.org","@graph":[{"@type":"Article","@id":"https:\/\/www.reconoce.mx\/?p=67568#article","isPartOf":{"@id":"https:\/\/www.reconoce.mx\/?p=67568"},"author":{"name":"Reconoce MX","@id":"http:\/\/www.reconoce.mx\/#\/schema\/person\/2117e997d7051dc15d6880eaf9bca0b2"},"headline":"Amplifica: reconstrucci\u00f3n sin corrupci\u00f3n","datePublished":"2017-11-07T06:06:28+00:00","dateModified":"2017-11-07T12:43:41+00:00","mainEntityOfPage":{"@id":"https:\/\/www.reconoce.mx\/?p=67568"},"wordCount":788,"commentCount":0,"publisher":{"@id":"http:\/\/www.reconoce.mx\/#organization"},"image":{"@id":"https:\/\/www.reconoce.mx\/?p=67568#primaryimage"},"thumbnailUrl":"https:\/\/www.reconoce.mx\/wp-content\/uploads\/2017\/11\/amplifica-mexico-2017.jpg","keywords":["sismo"],"articleSection":["Cultura","M\u00fasica","Principal","Sismo 19-S"],"inLanguage":"es","potentialAction":[{"@type":"CommentAction","name":"Comment","target":["https:\/\/www.reconoce.mx\/?p=67568#respond"]}]},{"@type":"WebPage","@id":"https:\/\/www.reconoce.mx\/?p=67568","url":"https:\/\/www.reconoce.mx\/?p=67568","name":"Amplifica: reconstrucci\u00f3n sin corrupci\u00f3n &#171; Reconoce MX","isPartOf":{"@id":"http:\/\/www.reconoce.mx\/#website"},"primaryImageOfPage":{"@id":"https:\/\/www.reconoce.mx\/?p=67568#primaryimage"},"image":{"@id":"https:\/\/www.reconoce.mx\/?p=67568#primaryimage"},"thumbnailUrl":"https:\/\/www.reconoce.mx\/wp-content\/uploads\/2017\/11\/amplifica-mexico-2017.jpg","datePublished":"2017-11-07T06:06:28+00:00","dateModified":"2017-11-07T12:43:41+00:00","breadcrumb":{"@id":"https:\/\/www.reconoce.mx\/?p=67568#breadcrumb"},"inLanguage":"es","potentialAction":[{"@type":"ReadAction","target":["https:\/\/www.reconoce.mx\/?p=67568"]}]},{"@type":"ImageObject","inLanguage":"es","@id":"https:\/\/www.reconoce.mx\/?p=67568#primaryimage","url":"https:\/\/www.reconoce.mx\/wp-content\/uploads\/2017\/11\/amplifica-mexico-2017.jpg","contentUrl":"https:\/\/www.reconoce.mx\/wp-content\/uploads\/2017\/11\/amplifica-mexico-2017.jpg","width":590,"height":380},{"@type":"BreadcrumbList","@id":"https:\/\/www.reconoce.mx\/?p=67568#breadcrumb","itemListElement":[{"@type":"ListItem","position":1,"name":"Portada","item":"http:\/\/www.reconoce.mx\/"},{"@type":"ListItem","position":2,"name":"Amplifica: reconstrucci\u00f3n sin corrupci\u00f3n"}]},{"@type":"WebSite","@id":"http:\/\/www.reconoce.mx\/#website","url":"http:\/\/www.reconoce.mx\/","name":"Reconoce MX","description":"En Reconoce MX difundimos arte, cultura y conciencia social en M\u00e9xico. Tu ciudad en otra perspectiva.","publisher":{"@id":"http:\/\/www.reconoce.mx\/#organization"},"potentialAction":[{"@type":"SearchAction","target":{"@type":"EntryPoint","urlTemplate":"http:\/\/www.reconoce.mx\/?s={search_term_string}"},"query-input":{"@type":"PropertyValueSpecification","valueRequired":true,"valueName":"search_term_string"}}],"inLanguage":"es"},{"@type":"Organization","@id":"http:\/\/www.reconoce.mx\/#organization","name":"Reconoce MX","url":"http:\/\/www.reconoce.mx\/","logo":{"@type":"ImageObject","inLanguage":"es","@id":"http:\/\/www.reconoce.mx\/#\/schema\/logo\/image\/","url":"https:\/\/www.reconoce.mx\/wp-content\/uploads\/2019\/03\/logorcmx-good-1.png","contentUrl":"https:\/\/www.reconoce.mx\/wp-content\/uploads\/2019\/03\/logorcmx-good-1.png","width":280,"height":90,"caption":"Reconoce MX"},"image":{"@id":"http:\/\/www.reconoce.mx\/#\/schema\/logo\/image\/"},"sameAs":["https:\/\/es-la.facebook.com\/ReconoceMX\/","https:\/\/x.com\/reconocemx","http:\/\/@reconocemx"]},{"@type":"Person","@id":"http:\/\/www.reconoce.mx\/#\/schema\/person\/2117e997d7051dc15d6880eaf9bca0b2","name":"Reconoce MX","image":{"@type":"ImageObject","inLanguage":"es","@id":"http:\/\/www.reconoce.mx\/#\/schema\/person\/image\/","url":"https:\/\/secure.gravatar.com\/avatar\/6c8d4dc7569ca1c90c5fdcc349f839d5ddef6fe1e70b4337ead2ef1a4c43fc3a?s=96&d=identicon&r=g","contentUrl":"https:\/\/secure.gravatar.com\/avatar\/6c8d4dc7569ca1c90c5fdcc349f839d5ddef6fe1e70b4337ead2ef1a4c43fc3a?s=96&d=identicon&r=g","caption":"Reconoce MX"},"description":"Reconoce MX es un proyecto de difusi\u00f3n art\u00edstica, cultural y de conciencia social que est\u00e1 enfocado a difundir y fomentar el entretenimiento alternativo de calidad para todo el p\u00fablico que comparta el mismo entusiasmo.","sameAs":["http:\/\/www.reconoce.mx"],"url":"https:\/\/www.reconoce.mx\/?author=2"}]}},"_links":{"self":[{"href":"https:\/\/www.reconoce.mx\/index.php?rest_route=\/wp\/v2\/posts\/67568","targetHints":{"allow":["GET"]}}],"collection":[{"href":"https:\/\/www.reconoce.mx\/index.php?rest_route=\/wp\/v2\/posts"}],"about":[{"href":"https:\/\/www.reconoce.mx\/index.php?rest_route=\/wp\/v2\/types\/post"}],"author":[{"embeddable":true,"href":"https:\/\/www.reconoce.mx\/index.php?rest_route=\/wp\/v2\/users\/2"}],"replies":[{"embeddable":true,"href":"https:\/\/www.reconoce.mx\/index.php?rest_route=%2Fwp%2Fv2%2Fcomments&post=67568"}],"version-history":[{"count":3,"href":"https:\/\/www.reconoce.mx\/index.php?rest_route=\/wp\/v2\/posts\/67568\/revisions"}],"predecessor-version":[{"id":67572,"href":"https:\/\/www.reconoce.mx\/index.php?rest_route=\/wp\/v2\/posts\/67568\/revisions\/67572"}],"wp:featuredmedia":[{"embeddable":true,"href":"https:\/\/www.reconoce.mx\/index.php?rest_route=\/wp\/v2\/media\/67570"}],"wp:attachment":[{"href":"https:\/\/www.reconoce.mx\/index.php?rest_route=%2Fwp%2Fv2%2Fmedia&parent=67568"}],"wp:term":[{"taxonomy":"category","embeddable":true,"href":"https:\/\/www.reconoce.mx\/index.php?rest_route=%2Fwp%2Fv2%2Fcategories&post=67568"},{"taxonomy":"post_tag","embeddable":true,"href":"https:\/\/www.reconoce.mx\/index.php?rest_route=%2Fwp%2Fv2%2Ftags&post=67568"}],"curies":[{"name":"wp","href":"https:\/\/api.w.org\/{rel}","templated":true}]}}