{"id":67779,"date":"2017-11-17T00:01:34","date_gmt":"2017-11-17T06:01:34","guid":{"rendered":"http:\/\/www.reconoce.mx\/?p=67779"},"modified":"2017-11-17T09:01:04","modified_gmt":"2017-11-17T15:01:04","slug":"lunario-cartelera-del-17-al-23-de-noviembre","status":"publish","type":"post","link":"https:\/\/www.reconoce.mx\/?p=67779","title":{"rendered":"Lunario: Cartelera del 17 al 23 de noviembre"},"content":{"rendered":"<p><strong>Por <a title=\"@AsfaltosTweets\" href=\"http:\/\/twitter.com\/AsfaltosTweets\" target=\"_blank\" rel=\"noopener noreferrer\">Asfaltos<\/a><\/strong>.<\/p>\n<p>Al caer la noche, en una ubicaci\u00f3n inmejorable como es Paseo de la Reforma, en el coraz\u00f3n del Bosque de Chapultepec, el foro alternativo del <strong>Auditorio Nacional<\/strong>, el <strong>Lunario<\/strong>, se convierte en un espacio \u00edntimo y confortable donde innumerables artistas, grupos, solistas, ensambles y compa\u00f1\u00edas de prestigio nacional e internacional, deleitan a los muy diversos p\u00fablicos que se permiten disfrutar de sus noches.<\/p>\n<p>Disfruta de la variopinta cartelera del <strong>Lunario del Auditorio Nacional<\/strong>, un sitio donde lo sentidos son atendidos sin reserva y s\u00ed con mucha calidez.<\/p>\n<h1>LNG\/Sht + Invitados<\/h1>\n<p>\/\/ noviembre 17; viernes; 21:00h<br \/>\n\/\/ precios: agotado<\/p>\n<p><a href=\"http:\/\/www.reconoce.mx\/wp-content\/uploads\/2017\/11\/23032747_1658246917560010_2078635605374553347_n.jpg\"><img loading=\"lazy\" decoding=\"async\" class=\"aligncenter size-full wp-image-67783\" src=\"http:\/\/www.reconoce.mx\/wp-content\/uploads\/2017\/11\/23032747_1658246917560010_2078635605374553347_n.jpg\" alt=\"\" width=\"471\" height=\"720\" srcset=\"https:\/\/www.reconoce.mx\/wp-content\/uploads\/2017\/11\/23032747_1658246917560010_2078635605374553347_n.jpg 471w, https:\/\/www.reconoce.mx\/wp-content\/uploads\/2017\/11\/23032747_1658246917560010_2078635605374553347_n-196x300.jpg 196w, https:\/\/www.reconoce.mx\/wp-content\/uploads\/2017\/11\/23032747_1658246917560010_2078635605374553347_n-150x229.jpg 150w, https:\/\/www.reconoce.mx\/wp-content\/uploads\/2017\/11\/23032747_1658246917560010_2078635605374553347_n-300x459.jpg 300w\" sizes=\"auto, (max-width: 471px) 100vw, 471px\" \/><\/a><\/p>\n<p><a href=\"http:\/\/www.reconoce.mx\/lunariotierraadentro-dia-2-emocionante-fecha-que-reafirmo-variedad\/\" target=\"_blank\" rel=\"noopener\">Luego de su presentaci\u00f3n en el <strong>Festival Lunario Tierra Adentro<\/strong> en 2016<\/a>, <strong>Lng\/SHT<\/strong> volver\u00e1 a pisar el escenario del foro alterno del <strong>Auditorio Nacional<\/strong>, ahora acompa\u00f1ado por su pandilla ofrecer\u00e1 un concierto en el que fusionar\u00e1 a su estilo sonidos de punk rock, hip hop, un poco de <em>stand up comedy<\/em> y las rimas de sus canciones que hablan de la clase media, la cultura pop, ex novias locas, noches de mucho alcohol, la escena punk rock, el cine y la m\u00fasica. En esta presentaci\u00f3n, la primera con un concierto propio en el <strong>Lunario<\/strong>, <strong>Gast\u00f3n Espinosa<\/strong> -nombre real del artista- har\u00e1 un recorrido por su historia musical e interpretar\u00e1 por primera vez en vivo temas de su EP \u00abBBSides\u00bb. La carrera del rapero, galardonado con la presea especial de \u00abRevelaci\u00f3n\u00bb en la reciente entrega de las <strong>Lunas del Auditorio<\/strong>, inici\u00f3 con el lanzamiento de su disco \u00abHip hop para punk rockers\u00bb (2009), al que siguieron el \u00abEP\u00bb (2013), \u00abYouth (08-13)\u00bb (2014) y \u00abLes juro que s\u00ed llego\u00bb (2015).<\/p>\n<h1>Carlos Carreira <em>Canci\u00f3n espejo<\/em><\/h1>\n<p>\/\/ noviembre 18; s\u00e1bado; 21:00h<br \/>\n\/\/ precios: de $350 a $650<\/p>\n<p><a href=\"http:\/\/www.reconoce.mx\/wp-content\/uploads\/2017\/11\/18noviembre.jpg\"><img loading=\"lazy\" decoding=\"async\" class=\"aligncenter size-full wp-image-67780\" src=\"http:\/\/www.reconoce.mx\/wp-content\/uploads\/2017\/11\/18noviembre.jpg\" alt=\"\" width=\"910\" height=\"1280\" srcset=\"https:\/\/www.reconoce.mx\/wp-content\/uploads\/2017\/11\/18noviembre.jpg 910w, https:\/\/www.reconoce.mx\/wp-content\/uploads\/2017\/11\/18noviembre-213x300.jpg 213w, https:\/\/www.reconoce.mx\/wp-content\/uploads\/2017\/11\/18noviembre-768x1080.jpg 768w, https:\/\/www.reconoce.mx\/wp-content\/uploads\/2017\/11\/18noviembre-728x1024.jpg 728w, https:\/\/www.reconoce.mx\/wp-content\/uploads\/2017\/11\/18noviembre-150x211.jpg 150w, https:\/\/www.reconoce.mx\/wp-content\/uploads\/2017\/11\/18noviembre-700x985.jpg 700w, https:\/\/www.reconoce.mx\/wp-content\/uploads\/2017\/11\/18noviembre-658x926.jpg 658w, https:\/\/www.reconoce.mx\/wp-content\/uploads\/2017\/11\/18noviembre-300x422.jpg 300w\" sizes=\"auto, (max-width: 910px) 100vw, 910px\" \/><\/a><\/p>\n<p>En su tercera actuaci\u00f3n en el <strong>Lunario<\/strong>, <strong>Carlos Carreira<\/strong> presentar\u00e1 su espect\u00e1culo \u00abCanci\u00f3n espejo\u00bb, formado por canciones de sus discos \u00abContigo\u00bb (2015) y \u00abSe\u00f1ales\u00bb (2016), as\u00ed como algunos temas in\u00e9ditos. El cantautor mexicano le ha dado su propio estilo musical a temas de amor y desamor, abordando g\u00e9neros musicales como pop, balada, jazz y ranchero. A lo largo de su trayectoria de m\u00e1s de 15 a\u00f1os, ha colaborado con otros cantautores como <strong>Miguel Izunza<\/strong> y <strong>Edgar Oceransky<\/strong>. En su discograf\u00eda tambi\u00e9n se encuentran \u00abLa manera de contar\u00bb (2009), grabado en vivo, y \u00abCon el pie derecho\u00bb (2014), en colaboraci\u00f3n con el cantante y compositor<strong> Jaime Flores<\/strong>.<\/p>\n<h1>Francisco C\u00e9spedes presenta <em>Zona preferente<\/em><\/h1>\n<p>\/\/ noviembre 21; martes; 20:00 a 23:00h (fecha reprogramada)<br \/>\n\/\/ precios: de $1,050 a $1,950<\/p>\n<p><a href=\"http:\/\/www.reconoce.mx\/wp-content\/uploads\/2017\/11\/21766621_1466423616728174_6266141060129598436_n.jpg\"><img loading=\"lazy\" decoding=\"async\" class=\"aligncenter size-full wp-image-67782\" src=\"http:\/\/www.reconoce.mx\/wp-content\/uploads\/2017\/11\/21766621_1466423616728174_6266141060129598436_n.jpg\" alt=\"\" width=\"742\" height=\"960\" srcset=\"https:\/\/www.reconoce.mx\/wp-content\/uploads\/2017\/11\/21766621_1466423616728174_6266141060129598436_n.jpg 742w, https:\/\/www.reconoce.mx\/wp-content\/uploads\/2017\/11\/21766621_1466423616728174_6266141060129598436_n-232x300.jpg 232w, https:\/\/www.reconoce.mx\/wp-content\/uploads\/2017\/11\/21766621_1466423616728174_6266141060129598436_n-150x194.jpg 150w, https:\/\/www.reconoce.mx\/wp-content\/uploads\/2017\/11\/21766621_1466423616728174_6266141060129598436_n-700x906.jpg 700w, https:\/\/www.reconoce.mx\/wp-content\/uploads\/2017\/11\/21766621_1466423616728174_6266141060129598436_n-658x851.jpg 658w, https:\/\/www.reconoce.mx\/wp-content\/uploads\/2017\/11\/21766621_1466423616728174_6266141060129598436_n-300x388.jpg 300w\" sizes=\"auto, (max-width: 742px) 100vw, 742px\" \/><\/a><\/p>\n<p>Para celebrar 20 a\u00f1os de la grabaci\u00f3n de su \u00e1lbum \u00abVida loca\u00bb, <strong>Francisco C\u00e9spedes<\/strong> ofrecer\u00e1 un nuevo concierto en el <strong>Lunario<\/strong>, con su \u00e1lbum \u00abZona preferente: Francisco C\u00e9spedes desde el Teatro Karl Marx en vivo desde La Habana\u00bb, en el que interpreta todos sus grandes \u00e9xitos. El v\u00ednculo del cantautor de origen cubano, nacionalizado mexicano, con este foro se remonta al a\u00f1o 2000 cuando realiz\u00f3 su concierto \u00ab\u00bfD\u00f3nde est\u00e1 la vida?\u00bb, desde entonces se ha presentado en diversas ocasiones, como en 2014 durante los festejos de los primeros 10 a\u00f1os del recinto. <strong>Pancho C\u00e9spedes<\/strong>, como tambi\u00e9n es conocido, toma su influencia musical de la Nueva Trova Cubana. Su trabajo como compositor ha sonado en voces de reconocidos artistas como <strong>Pablo Milan\u00e9s<\/strong> y <strong>Alejandro Fern\u00e1ndez<\/strong>.<\/p>\n<h1>India Mart\u00ednez en concierto<\/h1>\n<p>\/\/ noviembre 22; mi\u00e9rcoles; 21:00h<br \/>\n\/\/ precios: $400<\/p>\n<p><a href=\"http:\/\/www.reconoce.mx\/wp-content\/uploads\/2017\/11\/41C06241-F60F-4DCC-9069-D1123E7E439B.jpeg\"><img loading=\"lazy\" decoding=\"async\" class=\"aligncenter size-full wp-image-67781\" src=\"http:\/\/www.reconoce.mx\/wp-content\/uploads\/2017\/11\/41C06241-F60F-4DCC-9069-D1123E7E439B.jpeg\" alt=\"\" width=\"800\" height=\"800\" srcset=\"https:\/\/www.reconoce.mx\/wp-content\/uploads\/2017\/11\/41C06241-F60F-4DCC-9069-D1123E7E439B.jpeg 800w, https:\/\/www.reconoce.mx\/wp-content\/uploads\/2017\/11\/41C06241-F60F-4DCC-9069-D1123E7E439B-150x150.jpeg 150w, https:\/\/www.reconoce.mx\/wp-content\/uploads\/2017\/11\/41C06241-F60F-4DCC-9069-D1123E7E439B-300x300.jpeg 300w, https:\/\/www.reconoce.mx\/wp-content\/uploads\/2017\/11\/41C06241-F60F-4DCC-9069-D1123E7E439B-768x768.jpeg 768w, https:\/\/www.reconoce.mx\/wp-content\/uploads\/2017\/11\/41C06241-F60F-4DCC-9069-D1123E7E439B-65x65.jpeg 65w, https:\/\/www.reconoce.mx\/wp-content\/uploads\/2017\/11\/41C06241-F60F-4DCC-9069-D1123E7E439B-700x700.jpeg 700w, https:\/\/www.reconoce.mx\/wp-content\/uploads\/2017\/11\/41C06241-F60F-4DCC-9069-D1123E7E439B-658x658.jpeg 658w\" sizes=\"auto, (max-width: 800px) 100vw, 800px\" \/><\/a><\/p>\n<p>Luego de cuatro a\u00f1os sin lanzar un \u00e1lbum in\u00e9dito, la cantante y compositora <strong>India Mart\u00ednez<\/strong> presenta \u00abTe cuento un secreto\u00bb, s\u00e9ptimo trabajo en su carrera sobre el que ha declarado: \u00abQuiero cantar y contar cosas que me emocionen, por eso participo tanto en las letras, en las melod\u00edas y en los arreglos\u00bb. Con un <strong>Goya<\/strong> a la \u00abMejor canci\u00f3n original\u00bb por la pel\u00edcula \u00abEl ni\u00f1o\u00bb (Daniel Monz\u00f3n, 2015), tres nominaciones en los <strong>Grammy Latino<\/strong> y tres discos de platino, India es una de las j\u00f3venes artistas espa\u00f1olas con mayor proyecci\u00f3n. En su estilo musical fusiona sus ra\u00edces flamencas y el pop. Ha colaborado con diversas personalidades de la m\u00fasica, como Enrique Iglesias, David Bisbal, Manuel Carrasco, Prince Royce, Vanesa Mart\u00edn, Raphael, Estopa y Franco de Vita. Algunos de los \u00e1lbumes que ha presentado son \u00abDespertar\u00bb (2009), \u00abTrece verdades\u00bb (2011), \u00abCamino de la buena suerte\u00bb (2013) y \u00abDual\u00bb (2014).<\/p>\n<h1>Diana Vanoni <em>Con todas mis ganas<\/em><\/h1>\n<p>\/\/ noviembre 23; jueves; 21:00h<br \/>\n\/\/ precios: $400 a $750<\/p>\n<p><a href=\"http:\/\/www.reconoce.mx\/wp-content\/uploads\/2017\/11\/bfcd64564efb1bf94c2e91ab6073201b.jpg\"><img loading=\"lazy\" decoding=\"async\" class=\"aligncenter size-full wp-image-67784\" src=\"http:\/\/www.reconoce.mx\/wp-content\/uploads\/2017\/11\/bfcd64564efb1bf94c2e91ab6073201b.jpg\" alt=\"\" width=\"720\" height=\"498\" srcset=\"https:\/\/www.reconoce.mx\/wp-content\/uploads\/2017\/11\/bfcd64564efb1bf94c2e91ab6073201b.jpg 720w, https:\/\/www.reconoce.mx\/wp-content\/uploads\/2017\/11\/bfcd64564efb1bf94c2e91ab6073201b-300x208.jpg 300w, https:\/\/www.reconoce.mx\/wp-content\/uploads\/2017\/11\/bfcd64564efb1bf94c2e91ab6073201b-150x104.jpg 150w, https:\/\/www.reconoce.mx\/wp-content\/uploads\/2017\/11\/bfcd64564efb1bf94c2e91ab6073201b-700x484.jpg 700w, https:\/\/www.reconoce.mx\/wp-content\/uploads\/2017\/11\/bfcd64564efb1bf94c2e91ab6073201b-658x455.jpg 658w\" sizes=\"auto, (max-width: 720px) 100vw, 720px\" \/><\/a><\/p>\n<p>Para su debut en el <strong>Lunario<\/strong>, la cantante <strong>Diana Vanoni<\/strong> prepara un espect\u00e1culo en el que interpretar\u00e1 todos los temas de su m\u00e1s reciente producci\u00f3n discogr\u00e1fica \u00abCon todas mis ganas\u00bb, as\u00ed como canciones de sus siete discos, los cuales incluyen cortes in\u00e9ditos y \u00e9xitos de importantes compositores como <strong>Armando Manzanero<\/strong> y <strong>Marco Antonio Sol\u00eds<\/strong>. La cantante inici\u00f3 su carrera en la d\u00e9cada de los 80 y tras una pausa regres\u00f3 con el disco<strong> Diana Vanoni<\/strong> interpreta a<strong> Armando Manzanero<\/strong>, para m\u00e1s adelante lanzar \u00abHoy soy\u00bb (2013), entre otros. Tanto en su nueva producci\u00f3n, como en otras que forman su discograf\u00eda, Vanoni ha trabajado al lado de Armando y Juan Pablo Manzanero.<\/p>\n<p>Boletos a la venta en taquilla y a trav\u00e9s del <a href=\"http:\/\/www.ticketmaster.com.mx\/Lunario-Del-Auditorio-Nacional-boletos-Mexico\/venue\/164051\" target=\"_blank\" rel=\"noopener noreferrer\">Sistema Ticketmaster<\/a>. <strong>Lunario<\/strong> se encuentra ubicado en Paseo de la Reforma #50, Polanco V Secc, Miguel Hidalgo, Ciudad de M\u00e9xico.<\/p>\n<p>&nbsp;<\/p>\n<p>&nbsp;<\/p>\n","protected":false},"excerpt":{"rendered":"<p>Disfruta de la variopinta cartelera del Lunario del Auditorio Nacional, un sitio donde lo sentidos son atendidos sin reserva y s\u00ed con mucha calidez.<\/p>\n","protected":false},"author":2,"featured_media":53154,"comment_status":"open","ping_status":"open","sticky":false,"template":"","format":"standard","meta":{"footnotes":""},"categories":[1,18,17],"tags":[],"class_list":["post-67779","post","type-post","status-publish","format-standard","has-post-thumbnail","hentry","category-cultura","category-musica","category-principal"],"yoast_head":"<!-- This site is optimized with the Yoast SEO plugin v24.7 - https:\/\/yoast.com\/wordpress\/plugins\/seo\/ -->\n<title>Lunario: Cartelera del 17 al 23 de noviembre &#171; Reconoce MX<\/title>\n<meta name=\"robots\" content=\"index, follow, max-snippet:-1, max-image-preview:large, max-video-preview:-1\" \/>\n<link rel=\"canonical\" href=\"http:\/\/www.reconoce.mx\/?p=67779\" \/>\n<meta property=\"og:locale\" content=\"es_ES\" \/>\n<meta property=\"og:type\" content=\"article\" \/>\n<meta property=\"og:title\" content=\"Lunario: Cartelera del 17 al 23 de noviembre &#171; Reconoce MX\" \/>\n<meta property=\"og:description\" content=\"Disfruta de la variopinta cartelera del Lunario del Auditorio Nacional, un sitio donde lo sentidos son atendidos sin reserva y s\u00ed con mucha calidez.\" \/>\n<meta property=\"og:url\" content=\"http:\/\/www.reconoce.mx\/?p=67779\" \/>\n<meta property=\"og:site_name\" content=\"Reconoce MX\" \/>\n<meta property=\"article:publisher\" content=\"https:\/\/es-la.facebook.com\/ReconoceMX\/\" \/>\n<meta property=\"article:published_time\" content=\"2017-11-17T06:01:34+00:00\" \/>\n<meta property=\"article:modified_time\" content=\"2017-11-17T15:01:04+00:00\" \/>\n<meta property=\"og:image\" content=\"http:\/\/www.reconoce.mx\/wp-content\/uploads\/2016\/10\/lunario.cover2_.png\" \/>\n\t<meta property=\"og:image:width\" content=\"590\" \/>\n\t<meta property=\"og:image:height\" content=\"380\" \/>\n\t<meta property=\"og:image:type\" content=\"image\/png\" \/>\n<meta name=\"author\" content=\"Reconoce MX\" \/>\n<meta name=\"twitter:card\" content=\"summary_large_image\" \/>\n<meta name=\"twitter:creator\" content=\"@reconocemx\" \/>\n<meta name=\"twitter:site\" content=\"@reconocemx\" \/>\n<meta name=\"twitter:label1\" content=\"Escrito por\" \/>\n\t<meta name=\"twitter:data1\" content=\"Reconoce MX\" \/>\n\t<meta name=\"twitter:label2\" content=\"Tiempo de lectura\" \/>\n\t<meta name=\"twitter:data2\" content=\"4 minutos\" \/>\n<script type=\"application\/ld+json\" class=\"yoast-schema-graph\">{\"@context\":\"https:\/\/schema.org\",\"@graph\":[{\"@type\":\"Article\",\"@id\":\"http:\/\/www.reconoce.mx\/?p=67779#article\",\"isPartOf\":{\"@id\":\"http:\/\/www.reconoce.mx\/?p=67779\"},\"author\":{\"name\":\"Reconoce MX\",\"@id\":\"http:\/\/www.reconoce.mx\/#\/schema\/person\/2117e997d7051dc15d6880eaf9bca0b2\"},\"headline\":\"Lunario: Cartelera del 17 al 23 de noviembre\",\"datePublished\":\"2017-11-17T06:01:34+00:00\",\"dateModified\":\"2017-11-17T15:01:04+00:00\",\"mainEntityOfPage\":{\"@id\":\"http:\/\/www.reconoce.mx\/?p=67779\"},\"wordCount\":879,\"commentCount\":0,\"publisher\":{\"@id\":\"http:\/\/www.reconoce.mx\/#organization\"},\"image\":{\"@id\":\"http:\/\/www.reconoce.mx\/?p=67779#primaryimage\"},\"thumbnailUrl\":\"https:\/\/www.reconoce.mx\/wp-content\/uploads\/2016\/10\/lunario.cover2_.png\",\"articleSection\":[\"Cultura\",\"M\u00fasica\",\"Principal\"],\"inLanguage\":\"es\",\"potentialAction\":[{\"@type\":\"CommentAction\",\"name\":\"Comment\",\"target\":[\"http:\/\/www.reconoce.mx\/?p=67779#respond\"]}]},{\"@type\":\"WebPage\",\"@id\":\"http:\/\/www.reconoce.mx\/?p=67779\",\"url\":\"http:\/\/www.reconoce.mx\/?p=67779\",\"name\":\"Lunario: Cartelera del 17 al 23 de noviembre &#171; Reconoce MX\",\"isPartOf\":{\"@id\":\"http:\/\/www.reconoce.mx\/#website\"},\"primaryImageOfPage\":{\"@id\":\"http:\/\/www.reconoce.mx\/?p=67779#primaryimage\"},\"image\":{\"@id\":\"http:\/\/www.reconoce.mx\/?p=67779#primaryimage\"},\"thumbnailUrl\":\"https:\/\/www.reconoce.mx\/wp-content\/uploads\/2016\/10\/lunario.cover2_.png\",\"datePublished\":\"2017-11-17T06:01:34+00:00\",\"dateModified\":\"2017-11-17T15:01:04+00:00\",\"breadcrumb\":{\"@id\":\"http:\/\/www.reconoce.mx\/?p=67779#breadcrumb\"},\"inLanguage\":\"es\",\"potentialAction\":[{\"@type\":\"ReadAction\",\"target\":[\"http:\/\/www.reconoce.mx\/?p=67779\"]}]},{\"@type\":\"ImageObject\",\"inLanguage\":\"es\",\"@id\":\"http:\/\/www.reconoce.mx\/?p=67779#primaryimage\",\"url\":\"https:\/\/www.reconoce.mx\/wp-content\/uploads\/2016\/10\/lunario.cover2_.png\",\"contentUrl\":\"https:\/\/www.reconoce.mx\/wp-content\/uploads\/2016\/10\/lunario.cover2_.png\",\"width\":590,\"height\":380},{\"@type\":\"BreadcrumbList\",\"@id\":\"http:\/\/www.reconoce.mx\/?p=67779#breadcrumb\",\"itemListElement\":[{\"@type\":\"ListItem\",\"position\":1,\"name\":\"Portada\",\"item\":\"http:\/\/www.reconoce.mx\/\"},{\"@type\":\"ListItem\",\"position\":2,\"name\":\"Lunario: Cartelera del 17 al 23 de noviembre\"}]},{\"@type\":\"WebSite\",\"@id\":\"http:\/\/www.reconoce.mx\/#website\",\"url\":\"http:\/\/www.reconoce.mx\/\",\"name\":\"Reconoce MX\",\"description\":\"En Reconoce MX difundimos arte, cultura y conciencia social en M\u00e9xico. Tu ciudad en otra perspectiva.\",\"publisher\":{\"@id\":\"http:\/\/www.reconoce.mx\/#organization\"},\"potentialAction\":[{\"@type\":\"SearchAction\",\"target\":{\"@type\":\"EntryPoint\",\"urlTemplate\":\"http:\/\/www.reconoce.mx\/?s={search_term_string}\"},\"query-input\":{\"@type\":\"PropertyValueSpecification\",\"valueRequired\":true,\"valueName\":\"search_term_string\"}}],\"inLanguage\":\"es\"},{\"@type\":\"Organization\",\"@id\":\"http:\/\/www.reconoce.mx\/#organization\",\"name\":\"Reconoce MX\",\"url\":\"http:\/\/www.reconoce.mx\/\",\"logo\":{\"@type\":\"ImageObject\",\"inLanguage\":\"es\",\"@id\":\"http:\/\/www.reconoce.mx\/#\/schema\/logo\/image\/\",\"url\":\"https:\/\/www.reconoce.mx\/wp-content\/uploads\/2019\/03\/logorcmx-good-1.png\",\"contentUrl\":\"https:\/\/www.reconoce.mx\/wp-content\/uploads\/2019\/03\/logorcmx-good-1.png\",\"width\":280,\"height\":90,\"caption\":\"Reconoce MX\"},\"image\":{\"@id\":\"http:\/\/www.reconoce.mx\/#\/schema\/logo\/image\/\"},\"sameAs\":[\"https:\/\/es-la.facebook.com\/ReconoceMX\/\",\"https:\/\/x.com\/reconocemx\",\"http:\/\/@reconocemx\"]},{\"@type\":\"Person\",\"@id\":\"http:\/\/www.reconoce.mx\/#\/schema\/person\/2117e997d7051dc15d6880eaf9bca0b2\",\"name\":\"Reconoce MX\",\"image\":{\"@type\":\"ImageObject\",\"inLanguage\":\"es\",\"@id\":\"http:\/\/www.reconoce.mx\/#\/schema\/person\/image\/\",\"url\":\"https:\/\/secure.gravatar.com\/avatar\/6c8d4dc7569ca1c90c5fdcc349f839d5ddef6fe1e70b4337ead2ef1a4c43fc3a?s=96&d=identicon&r=g\",\"contentUrl\":\"https:\/\/secure.gravatar.com\/avatar\/6c8d4dc7569ca1c90c5fdcc349f839d5ddef6fe1e70b4337ead2ef1a4c43fc3a?s=96&d=identicon&r=g\",\"caption\":\"Reconoce MX\"},\"description\":\"Reconoce MX es un proyecto de difusi\u00f3n art\u00edstica, cultural y de conciencia social que est\u00e1 enfocado a difundir y fomentar el entretenimiento alternativo de calidad para todo el p\u00fablico que comparta el mismo entusiasmo.\",\"sameAs\":[\"http:\/\/www.reconoce.mx\"],\"url\":\"https:\/\/www.reconoce.mx\/?author=2\"}]}<\/script>\n<!-- \/ Yoast SEO plugin. -->","yoast_head_json":{"title":"Lunario: Cartelera del 17 al 23 de noviembre &#171; Reconoce MX","robots":{"index":"index","follow":"follow","max-snippet":"max-snippet:-1","max-image-preview":"max-image-preview:large","max-video-preview":"max-video-preview:-1"},"canonical":"http:\/\/www.reconoce.mx\/?p=67779","og_locale":"es_ES","og_type":"article","og_title":"Lunario: Cartelera del 17 al 23 de noviembre &#171; Reconoce MX","og_description":"Disfruta de la variopinta cartelera del Lunario del Auditorio Nacional, un sitio donde lo sentidos son atendidos sin reserva y s\u00ed con mucha calidez.","og_url":"http:\/\/www.reconoce.mx\/?p=67779","og_site_name":"Reconoce MX","article_publisher":"https:\/\/es-la.facebook.com\/ReconoceMX\/","article_published_time":"2017-11-17T06:01:34+00:00","article_modified_time":"2017-11-17T15:01:04+00:00","og_image":[{"width":590,"height":380,"url":"http:\/\/www.reconoce.mx\/wp-content\/uploads\/2016\/10\/lunario.cover2_.png","type":"image\/png"}],"author":"Reconoce MX","twitter_card":"summary_large_image","twitter_creator":"@reconocemx","twitter_site":"@reconocemx","twitter_misc":{"Escrito por":"Reconoce MX","Tiempo de lectura":"4 minutos"},"schema":{"@context":"https:\/\/schema.org","@graph":[{"@type":"Article","@id":"http:\/\/www.reconoce.mx\/?p=67779#article","isPartOf":{"@id":"http:\/\/www.reconoce.mx\/?p=67779"},"author":{"name":"Reconoce MX","@id":"http:\/\/www.reconoce.mx\/#\/schema\/person\/2117e997d7051dc15d6880eaf9bca0b2"},"headline":"Lunario: Cartelera del 17 al 23 de noviembre","datePublished":"2017-11-17T06:01:34+00:00","dateModified":"2017-11-17T15:01:04+00:00","mainEntityOfPage":{"@id":"http:\/\/www.reconoce.mx\/?p=67779"},"wordCount":879,"commentCount":0,"publisher":{"@id":"http:\/\/www.reconoce.mx\/#organization"},"image":{"@id":"http:\/\/www.reconoce.mx\/?p=67779#primaryimage"},"thumbnailUrl":"https:\/\/www.reconoce.mx\/wp-content\/uploads\/2016\/10\/lunario.cover2_.png","articleSection":["Cultura","M\u00fasica","Principal"],"inLanguage":"es","potentialAction":[{"@type":"CommentAction","name":"Comment","target":["http:\/\/www.reconoce.mx\/?p=67779#respond"]}]},{"@type":"WebPage","@id":"http:\/\/www.reconoce.mx\/?p=67779","url":"http:\/\/www.reconoce.mx\/?p=67779","name":"Lunario: Cartelera del 17 al 23 de noviembre &#171; Reconoce MX","isPartOf":{"@id":"http:\/\/www.reconoce.mx\/#website"},"primaryImageOfPage":{"@id":"http:\/\/www.reconoce.mx\/?p=67779#primaryimage"},"image":{"@id":"http:\/\/www.reconoce.mx\/?p=67779#primaryimage"},"thumbnailUrl":"https:\/\/www.reconoce.mx\/wp-content\/uploads\/2016\/10\/lunario.cover2_.png","datePublished":"2017-11-17T06:01:34+00:00","dateModified":"2017-11-17T15:01:04+00:00","breadcrumb":{"@id":"http:\/\/www.reconoce.mx\/?p=67779#breadcrumb"},"inLanguage":"es","potentialAction":[{"@type":"ReadAction","target":["http:\/\/www.reconoce.mx\/?p=67779"]}]},{"@type":"ImageObject","inLanguage":"es","@id":"http:\/\/www.reconoce.mx\/?p=67779#primaryimage","url":"https:\/\/www.reconoce.mx\/wp-content\/uploads\/2016\/10\/lunario.cover2_.png","contentUrl":"https:\/\/www.reconoce.mx\/wp-content\/uploads\/2016\/10\/lunario.cover2_.png","width":590,"height":380},{"@type":"BreadcrumbList","@id":"http:\/\/www.reconoce.mx\/?p=67779#breadcrumb","itemListElement":[{"@type":"ListItem","position":1,"name":"Portada","item":"http:\/\/www.reconoce.mx\/"},{"@type":"ListItem","position":2,"name":"Lunario: Cartelera del 17 al 23 de noviembre"}]},{"@type":"WebSite","@id":"http:\/\/www.reconoce.mx\/#website","url":"http:\/\/www.reconoce.mx\/","name":"Reconoce MX","description":"En Reconoce MX difundimos arte, cultura y conciencia social en M\u00e9xico. Tu ciudad en otra perspectiva.","publisher":{"@id":"http:\/\/www.reconoce.mx\/#organization"},"potentialAction":[{"@type":"SearchAction","target":{"@type":"EntryPoint","urlTemplate":"http:\/\/www.reconoce.mx\/?s={search_term_string}"},"query-input":{"@type":"PropertyValueSpecification","valueRequired":true,"valueName":"search_term_string"}}],"inLanguage":"es"},{"@type":"Organization","@id":"http:\/\/www.reconoce.mx\/#organization","name":"Reconoce MX","url":"http:\/\/www.reconoce.mx\/","logo":{"@type":"ImageObject","inLanguage":"es","@id":"http:\/\/www.reconoce.mx\/#\/schema\/logo\/image\/","url":"https:\/\/www.reconoce.mx\/wp-content\/uploads\/2019\/03\/logorcmx-good-1.png","contentUrl":"https:\/\/www.reconoce.mx\/wp-content\/uploads\/2019\/03\/logorcmx-good-1.png","width":280,"height":90,"caption":"Reconoce MX"},"image":{"@id":"http:\/\/www.reconoce.mx\/#\/schema\/logo\/image\/"},"sameAs":["https:\/\/es-la.facebook.com\/ReconoceMX\/","https:\/\/x.com\/reconocemx","http:\/\/@reconocemx"]},{"@type":"Person","@id":"http:\/\/www.reconoce.mx\/#\/schema\/person\/2117e997d7051dc15d6880eaf9bca0b2","name":"Reconoce MX","image":{"@type":"ImageObject","inLanguage":"es","@id":"http:\/\/www.reconoce.mx\/#\/schema\/person\/image\/","url":"https:\/\/secure.gravatar.com\/avatar\/6c8d4dc7569ca1c90c5fdcc349f839d5ddef6fe1e70b4337ead2ef1a4c43fc3a?s=96&d=identicon&r=g","contentUrl":"https:\/\/secure.gravatar.com\/avatar\/6c8d4dc7569ca1c90c5fdcc349f839d5ddef6fe1e70b4337ead2ef1a4c43fc3a?s=96&d=identicon&r=g","caption":"Reconoce MX"},"description":"Reconoce MX es un proyecto de difusi\u00f3n art\u00edstica, cultural y de conciencia social que est\u00e1 enfocado a difundir y fomentar el entretenimiento alternativo de calidad para todo el p\u00fablico que comparta el mismo entusiasmo.","sameAs":["http:\/\/www.reconoce.mx"],"url":"https:\/\/www.reconoce.mx\/?author=2"}]}},"_links":{"self":[{"href":"https:\/\/www.reconoce.mx\/index.php?rest_route=\/wp\/v2\/posts\/67779","targetHints":{"allow":["GET"]}}],"collection":[{"href":"https:\/\/www.reconoce.mx\/index.php?rest_route=\/wp\/v2\/posts"}],"about":[{"href":"https:\/\/www.reconoce.mx\/index.php?rest_route=\/wp\/v2\/types\/post"}],"author":[{"embeddable":true,"href":"https:\/\/www.reconoce.mx\/index.php?rest_route=\/wp\/v2\/users\/2"}],"replies":[{"embeddable":true,"href":"https:\/\/www.reconoce.mx\/index.php?rest_route=%2Fwp%2Fv2%2Fcomments&post=67779"}],"version-history":[{"count":1,"href":"https:\/\/www.reconoce.mx\/index.php?rest_route=\/wp\/v2\/posts\/67779\/revisions"}],"predecessor-version":[{"id":67785,"href":"https:\/\/www.reconoce.mx\/index.php?rest_route=\/wp\/v2\/posts\/67779\/revisions\/67785"}],"wp:featuredmedia":[{"embeddable":true,"href":"https:\/\/www.reconoce.mx\/index.php?rest_route=\/wp\/v2\/media\/53154"}],"wp:attachment":[{"href":"https:\/\/www.reconoce.mx\/index.php?rest_route=%2Fwp%2Fv2%2Fmedia&parent=67779"}],"wp:term":[{"taxonomy":"category","embeddable":true,"href":"https:\/\/www.reconoce.mx\/index.php?rest_route=%2Fwp%2Fv2%2Fcategories&post=67779"},{"taxonomy":"post_tag","embeddable":true,"href":"https:\/\/www.reconoce.mx\/index.php?rest_route=%2Fwp%2Fv2%2Ftags&post=67779"}],"curies":[{"name":"wp","href":"https:\/\/api.w.org\/{rel}","templated":true}]}}