{"id":67948,"date":"2017-11-16T00:03:30","date_gmt":"2017-11-16T06:03:30","guid":{"rendered":"http:\/\/www.reconoce.mx\/?p=67948"},"modified":"2017-11-16T09:58:40","modified_gmt":"2017-11-16T15:58:40","slug":"visita-a-la-liga-de-la-justicia-en-mural-en-la-colonia-granada","status":"publish","type":"post","link":"https:\/\/www.reconoce.mx\/?p=67948","title":{"rendered":"\u00a1Visita a la \u00abLiga de la justicia\u00bb en mural en la colonia Granada!"},"content":{"rendered":"<p><strong>Por <a title=\"@AsfaltosTweets\" href=\"http:\/\/twitter.com\/AsfaltosTweets\" target=\"_blank\" rel=\"noopener noreferrer\" data-slimstat-type=\"0\" data-slimstat-callback=\"false\" data-slimstat-tracking=\"true\">Asfaltos<\/a><\/strong>.<\/p>\n<p>Ma\u00f1ana viernes 17 de noviembre ser\u00e1 posible ver junta, en una pantalla grande, a la \u00abLiga de la justicia\u00bb completa&#8230; o por lo menos esta versi\u00f3n que en cines se nos presentar\u00e1. Sin embargo, si sus ansias son enormes por disfrutar de todos y cada uno de sus miembros, as\u00ed como buen fan\u00e1tico sacarse una selfie con ellos, basta nada mas y nada menos que con dirigirse a la colonia Granada en Ciudad de M\u00e9xico.<\/p>\n<p><a href=\"http:\/\/www.reconoce.mx\/wp-content\/uploads\/2017\/11\/mural-justice-league-mexico-granada-2.jpg\"><img loading=\"lazy\" decoding=\"async\" class=\"aligncenter size-full wp-image-67958\" src=\"http:\/\/www.reconoce.mx\/wp-content\/uploads\/2017\/11\/mural-justice-league-mexico-granada-2.jpg\" alt=\"\" width=\"747\" height=\"1120\" srcset=\"https:\/\/www.reconoce.mx\/wp-content\/uploads\/2017\/11\/mural-justice-league-mexico-granada-2.jpg 747w, https:\/\/www.reconoce.mx\/wp-content\/uploads\/2017\/11\/mural-justice-league-mexico-granada-2-200x300.jpg 200w, https:\/\/www.reconoce.mx\/wp-content\/uploads\/2017\/11\/mural-justice-league-mexico-granada-2-683x1024.jpg 683w, https:\/\/www.reconoce.mx\/wp-content\/uploads\/2017\/11\/mural-justice-league-mexico-granada-2-150x225.jpg 150w, https:\/\/www.reconoce.mx\/wp-content\/uploads\/2017\/11\/mural-justice-league-mexico-granada-2-700x1050.jpg 700w, https:\/\/www.reconoce.mx\/wp-content\/uploads\/2017\/11\/mural-justice-league-mexico-granada-2-658x987.jpg 658w, https:\/\/www.reconoce.mx\/wp-content\/uploads\/2017\/11\/mural-justice-league-mexico-granada-2-300x450.jpg 300w\" sizes=\"auto, (max-width: 747px) 100vw, 747px\" \/><\/a><\/p>\n<p>Con la intenci\u00f3n de celebrar la llegada del equipo de superh\u00e9roes conformado por <strong>Batman<\/strong>, <strong>Wonder Woman<\/strong>, <strong>Flash<\/strong>, <strong>Aquaman<\/strong> y <strong>Cyborg<\/strong>, el artista urbano <strong>Minoz<\/strong> fue comisionado con la labor de plasmar en un mural a la mism\u00edsima \u00abLiga de la justicia\u00bb. El mural, ubicado para ser precisos en la esquina de las calles Lago Victoria y Lago Guadalupe, en la colonia Granada, estar\u00e1 disponible para observarse hasta el 6 de diciembre del presente a\u00f1o.<\/p>\n<p>Para lograr ser el elegido, <strong>Minoz<\/strong> pas\u00f3 por una selecci\u00f3n realizada por productores de la pel\u00edcula y ejecutivos de <strong>DC<\/strong>, quienes eligieron de entre una serie de bocetos recibidos tras una convocatoria lanzada a artistas mexicanos, el suyo.<\/p>\n<p><iframe loading=\"lazy\" style=\"border: 0;\" src=\"https:\/\/www.google.com\/maps\/embed?pb=!1m14!1m12!1m3!1d940.5795199432821!2d-99.19371402082974!3d19.44184821381487!2m3!1f0!2f0!3f0!3m2!1i1024!2i768!4f13.1!5e0!3m2!1ses!2smx!4v1510810949415\" width=\"400\" height=\"300\" frameborder=\"0\" allowfullscreen=\"allowfullscreen\"><\/iframe><\/p>\n<p><strong>Minoz<\/strong>, originario de Ecatepec, es reconocido por su estilo de graffiti realista, adem\u00e1s, de por supuesto, ser un fan de los personajes de <strong>DC<\/strong>. \u00abHacer este mural me tom\u00f3 5 d\u00edas y fue la mezcla perfecta para m\u00ed: combin\u00e9 mi oficio con mi hobby. Como fan\u00e1tico del universo extendido de <strong>DC<\/strong> y fan\u00e1tico de <strong>Batman<\/strong>, me emocion\u00f3 mucho ser parte del proyecto. Llevar a estos personajes de una historia de c\u00f3mic al formato mural es algo nuevo y contempor\u00e1neo, que no es usual ver en las calles\u00bb, comparti\u00f3 <strong>Minoz<\/strong> sobre el proceso de creaci\u00f3n.<\/p>\n<p>\u00bfQu\u00e9 dicen, nos echamos entonces una selfie frente al mural? \u00abLiga de la justicia\u00bb llega a cines ma\u00f1ana viernes 17 de noviembre. La cinta es dirigida por <strong>Zack Snyder<\/strong> y cuenta con las actuaciones de <strong>Ben Affleck<\/strong> como Batman, <strong>Henry Cavill<\/strong> como Superman, <strong>Gal Gadot<\/strong> como Wonder Woman, <strong>Ezra Miller<\/strong> como Flash, <strong>Jason Momoa<\/strong> como Aquaman y <strong>Ray Fisher<\/strong> como Cyborg. \u00bfQuieres saber qu\u00e9 nos pareci\u00f3? Revisa nuestra rese\u00f1a.<\/p>\n<p style=\"text-align: right;\">Con informaci\u00f3n e im\u00e1genes cortes\u00eda de <strong>Warner Bros. M\u00e9xico<\/strong>.<\/p>\n<p>&nbsp;<\/p>\n<p>&nbsp;<\/p>\n","protected":false},"excerpt":{"rendered":"<p>Ma\u00f1ana viernes 17 de noviembre ser\u00e1 posible ver junta, en una pantalla grande, a la \u00abLiga de la justicia\u00bb completa&#8230; o por lo menos esta versi\u00f3n que en cines se nos presentar\u00e1. <\/p>\n","protected":false},"author":2,"featured_media":67957,"comment_status":"open","ping_status":"open","sticky":false,"template":"","format":"standard","meta":{"footnotes":""},"categories":[1834,3,17],"tags":[],"class_list":["post-67948","post","type-post","status-publish","format-standard","has-post-thumbnail","hentry","category-calles-de-mexico","category-ciudad","category-principal"],"yoast_head":"<!-- This site is optimized with the Yoast SEO plugin v24.7 - https:\/\/yoast.com\/wordpress\/plugins\/seo\/ -->\n<title>\u00a1Visita a la &quot;Liga de la justicia&quot; en mural en la colonia Granada! &#171; Reconoce MX<\/title>\n<meta name=\"robots\" content=\"index, follow, max-snippet:-1, max-image-preview:large, max-video-preview:-1\" \/>\n<link rel=\"canonical\" href=\"http:\/\/www.reconoce.mx\/?p=67948\" \/>\n<meta property=\"og:locale\" content=\"es_ES\" \/>\n<meta property=\"og:type\" content=\"article\" \/>\n<meta property=\"og:title\" content=\"\u00a1Visita a la &quot;Liga de la justicia&quot; en mural en la colonia Granada! &#171; Reconoce MX\" \/>\n<meta property=\"og:description\" content=\"Ma\u00f1ana viernes 17 de noviembre ser\u00e1 posible ver junta, en una pantalla grande, a la &quot;Liga de la justicia&quot; completa... o por lo menos esta versi\u00f3n que en cines se nos presentar\u00e1.\" \/>\n<meta property=\"og:url\" content=\"http:\/\/www.reconoce.mx\/?p=67948\" \/>\n<meta property=\"og:site_name\" content=\"Reconoce MX\" \/>\n<meta property=\"article:publisher\" content=\"https:\/\/es-la.facebook.com\/ReconoceMX\/\" \/>\n<meta property=\"article:published_time\" content=\"2017-11-16T06:03:30+00:00\" \/>\n<meta property=\"article:modified_time\" content=\"2017-11-16T15:58:40+00:00\" \/>\n<meta property=\"og:image\" content=\"http:\/\/www.reconoce.mx\/wp-content\/uploads\/2017\/11\/mural-justice-league-mexico-granada-1.png\" \/>\n\t<meta property=\"og:image:width\" content=\"590\" \/>\n\t<meta property=\"og:image:height\" content=\"380\" \/>\n\t<meta property=\"og:image:type\" content=\"image\/png\" \/>\n<meta name=\"author\" content=\"Reconoce MX\" \/>\n<meta name=\"twitter:card\" content=\"summary_large_image\" \/>\n<meta name=\"twitter:creator\" content=\"@reconocemx\" \/>\n<meta name=\"twitter:site\" content=\"@reconocemx\" \/>\n<meta name=\"twitter:label1\" content=\"Escrito por\" \/>\n\t<meta name=\"twitter:data1\" content=\"Reconoce MX\" \/>\n\t<meta name=\"twitter:label2\" content=\"Tiempo de lectura\" \/>\n\t<meta name=\"twitter:data2\" content=\"2 minutos\" \/>\n<script type=\"application\/ld+json\" class=\"yoast-schema-graph\">{\"@context\":\"https:\/\/schema.org\",\"@graph\":[{\"@type\":\"Article\",\"@id\":\"http:\/\/www.reconoce.mx\/?p=67948#article\",\"isPartOf\":{\"@id\":\"http:\/\/www.reconoce.mx\/?p=67948\"},\"author\":{\"name\":\"Reconoce MX\",\"@id\":\"http:\/\/www.reconoce.mx\/#\/schema\/person\/2117e997d7051dc15d6880eaf9bca0b2\"},\"headline\":\"\u00a1Visita a la \u00abLiga de la justicia\u00bb en mural en la colonia Granada!\",\"datePublished\":\"2017-11-16T06:03:30+00:00\",\"dateModified\":\"2017-11-16T15:58:40+00:00\",\"mainEntityOfPage\":{\"@id\":\"http:\/\/www.reconoce.mx\/?p=67948\"},\"wordCount\":395,\"commentCount\":0,\"publisher\":{\"@id\":\"http:\/\/www.reconoce.mx\/#organization\"},\"image\":{\"@id\":\"http:\/\/www.reconoce.mx\/?p=67948#primaryimage\"},\"thumbnailUrl\":\"https:\/\/www.reconoce.mx\/wp-content\/uploads\/2017\/11\/mural-justice-league-mexico-granada-1.png\",\"articleSection\":[\"Calles de M\u00e9xico\",\"Ciudad\",\"Principal\"],\"inLanguage\":\"es\",\"potentialAction\":[{\"@type\":\"CommentAction\",\"name\":\"Comment\",\"target\":[\"http:\/\/www.reconoce.mx\/?p=67948#respond\"]}]},{\"@type\":\"WebPage\",\"@id\":\"http:\/\/www.reconoce.mx\/?p=67948\",\"url\":\"http:\/\/www.reconoce.mx\/?p=67948\",\"name\":\"\u00a1Visita a la \\\"Liga de la justicia\\\" en mural en la colonia Granada! &#171; Reconoce MX\",\"isPartOf\":{\"@id\":\"http:\/\/www.reconoce.mx\/#website\"},\"primaryImageOfPage\":{\"@id\":\"http:\/\/www.reconoce.mx\/?p=67948#primaryimage\"},\"image\":{\"@id\":\"http:\/\/www.reconoce.mx\/?p=67948#primaryimage\"},\"thumbnailUrl\":\"https:\/\/www.reconoce.mx\/wp-content\/uploads\/2017\/11\/mural-justice-league-mexico-granada-1.png\",\"datePublished\":\"2017-11-16T06:03:30+00:00\",\"dateModified\":\"2017-11-16T15:58:40+00:00\",\"breadcrumb\":{\"@id\":\"http:\/\/www.reconoce.mx\/?p=67948#breadcrumb\"},\"inLanguage\":\"es\",\"potentialAction\":[{\"@type\":\"ReadAction\",\"target\":[\"http:\/\/www.reconoce.mx\/?p=67948\"]}]},{\"@type\":\"ImageObject\",\"inLanguage\":\"es\",\"@id\":\"http:\/\/www.reconoce.mx\/?p=67948#primaryimage\",\"url\":\"https:\/\/www.reconoce.mx\/wp-content\/uploads\/2017\/11\/mural-justice-league-mexico-granada-1.png\",\"contentUrl\":\"https:\/\/www.reconoce.mx\/wp-content\/uploads\/2017\/11\/mural-justice-league-mexico-granada-1.png\",\"width\":590,\"height\":380},{\"@type\":\"BreadcrumbList\",\"@id\":\"http:\/\/www.reconoce.mx\/?p=67948#breadcrumb\",\"itemListElement\":[{\"@type\":\"ListItem\",\"position\":1,\"name\":\"Portada\",\"item\":\"http:\/\/www.reconoce.mx\/\"},{\"@type\":\"ListItem\",\"position\":2,\"name\":\"\u00a1Visita a la \u00abLiga de la justicia\u00bb en mural en la colonia Granada!\"}]},{\"@type\":\"WebSite\",\"@id\":\"http:\/\/www.reconoce.mx\/#website\",\"url\":\"http:\/\/www.reconoce.mx\/\",\"name\":\"Reconoce MX\",\"description\":\"En Reconoce MX difundimos arte, cultura y conciencia social en M\u00e9xico. Tu ciudad en otra perspectiva.\",\"publisher\":{\"@id\":\"http:\/\/www.reconoce.mx\/#organization\"},\"potentialAction\":[{\"@type\":\"SearchAction\",\"target\":{\"@type\":\"EntryPoint\",\"urlTemplate\":\"http:\/\/www.reconoce.mx\/?s={search_term_string}\"},\"query-input\":{\"@type\":\"PropertyValueSpecification\",\"valueRequired\":true,\"valueName\":\"search_term_string\"}}],\"inLanguage\":\"es\"},{\"@type\":\"Organization\",\"@id\":\"http:\/\/www.reconoce.mx\/#organization\",\"name\":\"Reconoce MX\",\"url\":\"http:\/\/www.reconoce.mx\/\",\"logo\":{\"@type\":\"ImageObject\",\"inLanguage\":\"es\",\"@id\":\"http:\/\/www.reconoce.mx\/#\/schema\/logo\/image\/\",\"url\":\"https:\/\/www.reconoce.mx\/wp-content\/uploads\/2019\/03\/logorcmx-good-1.png\",\"contentUrl\":\"https:\/\/www.reconoce.mx\/wp-content\/uploads\/2019\/03\/logorcmx-good-1.png\",\"width\":280,\"height\":90,\"caption\":\"Reconoce MX\"},\"image\":{\"@id\":\"http:\/\/www.reconoce.mx\/#\/schema\/logo\/image\/\"},\"sameAs\":[\"https:\/\/es-la.facebook.com\/ReconoceMX\/\",\"https:\/\/x.com\/reconocemx\",\"http:\/\/@reconocemx\"]},{\"@type\":\"Person\",\"@id\":\"http:\/\/www.reconoce.mx\/#\/schema\/person\/2117e997d7051dc15d6880eaf9bca0b2\",\"name\":\"Reconoce MX\",\"image\":{\"@type\":\"ImageObject\",\"inLanguage\":\"es\",\"@id\":\"http:\/\/www.reconoce.mx\/#\/schema\/person\/image\/\",\"url\":\"https:\/\/secure.gravatar.com\/avatar\/6c8d4dc7569ca1c90c5fdcc349f839d5ddef6fe1e70b4337ead2ef1a4c43fc3a?s=96&d=identicon&r=g\",\"contentUrl\":\"https:\/\/secure.gravatar.com\/avatar\/6c8d4dc7569ca1c90c5fdcc349f839d5ddef6fe1e70b4337ead2ef1a4c43fc3a?s=96&d=identicon&r=g\",\"caption\":\"Reconoce MX\"},\"description\":\"Reconoce MX es un proyecto de difusi\u00f3n art\u00edstica, cultural y de conciencia social que est\u00e1 enfocado a difundir y fomentar el entretenimiento alternativo de calidad para todo el p\u00fablico que comparta el mismo entusiasmo.\",\"sameAs\":[\"http:\/\/www.reconoce.mx\"],\"url\":\"https:\/\/www.reconoce.mx\/?author=2\"}]}<\/script>\n<!-- \/ Yoast SEO plugin. -->","yoast_head_json":{"title":"\u00a1Visita a la \"Liga de la justicia\" en mural en la colonia Granada! &#171; Reconoce MX","robots":{"index":"index","follow":"follow","max-snippet":"max-snippet:-1","max-image-preview":"max-image-preview:large","max-video-preview":"max-video-preview:-1"},"canonical":"http:\/\/www.reconoce.mx\/?p=67948","og_locale":"es_ES","og_type":"article","og_title":"\u00a1Visita a la \"Liga de la justicia\" en mural en la colonia Granada! &#171; Reconoce MX","og_description":"Ma\u00f1ana viernes 17 de noviembre ser\u00e1 posible ver junta, en una pantalla grande, a la \"Liga de la justicia\" completa... o por lo menos esta versi\u00f3n que en cines se nos presentar\u00e1.","og_url":"http:\/\/www.reconoce.mx\/?p=67948","og_site_name":"Reconoce MX","article_publisher":"https:\/\/es-la.facebook.com\/ReconoceMX\/","article_published_time":"2017-11-16T06:03:30+00:00","article_modified_time":"2017-11-16T15:58:40+00:00","og_image":[{"width":590,"height":380,"url":"http:\/\/www.reconoce.mx\/wp-content\/uploads\/2017\/11\/mural-justice-league-mexico-granada-1.png","type":"image\/png"}],"author":"Reconoce MX","twitter_card":"summary_large_image","twitter_creator":"@reconocemx","twitter_site":"@reconocemx","twitter_misc":{"Escrito por":"Reconoce MX","Tiempo de lectura":"2 minutos"},"schema":{"@context":"https:\/\/schema.org","@graph":[{"@type":"Article","@id":"http:\/\/www.reconoce.mx\/?p=67948#article","isPartOf":{"@id":"http:\/\/www.reconoce.mx\/?p=67948"},"author":{"name":"Reconoce MX","@id":"http:\/\/www.reconoce.mx\/#\/schema\/person\/2117e997d7051dc15d6880eaf9bca0b2"},"headline":"\u00a1Visita a la \u00abLiga de la justicia\u00bb en mural en la colonia Granada!","datePublished":"2017-11-16T06:03:30+00:00","dateModified":"2017-11-16T15:58:40+00:00","mainEntityOfPage":{"@id":"http:\/\/www.reconoce.mx\/?p=67948"},"wordCount":395,"commentCount":0,"publisher":{"@id":"http:\/\/www.reconoce.mx\/#organization"},"image":{"@id":"http:\/\/www.reconoce.mx\/?p=67948#primaryimage"},"thumbnailUrl":"https:\/\/www.reconoce.mx\/wp-content\/uploads\/2017\/11\/mural-justice-league-mexico-granada-1.png","articleSection":["Calles de M\u00e9xico","Ciudad","Principal"],"inLanguage":"es","potentialAction":[{"@type":"CommentAction","name":"Comment","target":["http:\/\/www.reconoce.mx\/?p=67948#respond"]}]},{"@type":"WebPage","@id":"http:\/\/www.reconoce.mx\/?p=67948","url":"http:\/\/www.reconoce.mx\/?p=67948","name":"\u00a1Visita a la \"Liga de la justicia\" en mural en la colonia Granada! &#171; Reconoce MX","isPartOf":{"@id":"http:\/\/www.reconoce.mx\/#website"},"primaryImageOfPage":{"@id":"http:\/\/www.reconoce.mx\/?p=67948#primaryimage"},"image":{"@id":"http:\/\/www.reconoce.mx\/?p=67948#primaryimage"},"thumbnailUrl":"https:\/\/www.reconoce.mx\/wp-content\/uploads\/2017\/11\/mural-justice-league-mexico-granada-1.png","datePublished":"2017-11-16T06:03:30+00:00","dateModified":"2017-11-16T15:58:40+00:00","breadcrumb":{"@id":"http:\/\/www.reconoce.mx\/?p=67948#breadcrumb"},"inLanguage":"es","potentialAction":[{"@type":"ReadAction","target":["http:\/\/www.reconoce.mx\/?p=67948"]}]},{"@type":"ImageObject","inLanguage":"es","@id":"http:\/\/www.reconoce.mx\/?p=67948#primaryimage","url":"https:\/\/www.reconoce.mx\/wp-content\/uploads\/2017\/11\/mural-justice-league-mexico-granada-1.png","contentUrl":"https:\/\/www.reconoce.mx\/wp-content\/uploads\/2017\/11\/mural-justice-league-mexico-granada-1.png","width":590,"height":380},{"@type":"BreadcrumbList","@id":"http:\/\/www.reconoce.mx\/?p=67948#breadcrumb","itemListElement":[{"@type":"ListItem","position":1,"name":"Portada","item":"http:\/\/www.reconoce.mx\/"},{"@type":"ListItem","position":2,"name":"\u00a1Visita a la \u00abLiga de la justicia\u00bb en mural en la colonia Granada!"}]},{"@type":"WebSite","@id":"http:\/\/www.reconoce.mx\/#website","url":"http:\/\/www.reconoce.mx\/","name":"Reconoce MX","description":"En Reconoce MX difundimos arte, cultura y conciencia social en M\u00e9xico. Tu ciudad en otra perspectiva.","publisher":{"@id":"http:\/\/www.reconoce.mx\/#organization"},"potentialAction":[{"@type":"SearchAction","target":{"@type":"EntryPoint","urlTemplate":"http:\/\/www.reconoce.mx\/?s={search_term_string}"},"query-input":{"@type":"PropertyValueSpecification","valueRequired":true,"valueName":"search_term_string"}}],"inLanguage":"es"},{"@type":"Organization","@id":"http:\/\/www.reconoce.mx\/#organization","name":"Reconoce MX","url":"http:\/\/www.reconoce.mx\/","logo":{"@type":"ImageObject","inLanguage":"es","@id":"http:\/\/www.reconoce.mx\/#\/schema\/logo\/image\/","url":"https:\/\/www.reconoce.mx\/wp-content\/uploads\/2019\/03\/logorcmx-good-1.png","contentUrl":"https:\/\/www.reconoce.mx\/wp-content\/uploads\/2019\/03\/logorcmx-good-1.png","width":280,"height":90,"caption":"Reconoce MX"},"image":{"@id":"http:\/\/www.reconoce.mx\/#\/schema\/logo\/image\/"},"sameAs":["https:\/\/es-la.facebook.com\/ReconoceMX\/","https:\/\/x.com\/reconocemx","http:\/\/@reconocemx"]},{"@type":"Person","@id":"http:\/\/www.reconoce.mx\/#\/schema\/person\/2117e997d7051dc15d6880eaf9bca0b2","name":"Reconoce MX","image":{"@type":"ImageObject","inLanguage":"es","@id":"http:\/\/www.reconoce.mx\/#\/schema\/person\/image\/","url":"https:\/\/secure.gravatar.com\/avatar\/6c8d4dc7569ca1c90c5fdcc349f839d5ddef6fe1e70b4337ead2ef1a4c43fc3a?s=96&d=identicon&r=g","contentUrl":"https:\/\/secure.gravatar.com\/avatar\/6c8d4dc7569ca1c90c5fdcc349f839d5ddef6fe1e70b4337ead2ef1a4c43fc3a?s=96&d=identicon&r=g","caption":"Reconoce MX"},"description":"Reconoce MX es un proyecto de difusi\u00f3n art\u00edstica, cultural y de conciencia social que est\u00e1 enfocado a difundir y fomentar el entretenimiento alternativo de calidad para todo el p\u00fablico que comparta el mismo entusiasmo.","sameAs":["http:\/\/www.reconoce.mx"],"url":"https:\/\/www.reconoce.mx\/?author=2"}]}},"_links":{"self":[{"href":"https:\/\/www.reconoce.mx\/index.php?rest_route=\/wp\/v2\/posts\/67948","targetHints":{"allow":["GET"]}}],"collection":[{"href":"https:\/\/www.reconoce.mx\/index.php?rest_route=\/wp\/v2\/posts"}],"about":[{"href":"https:\/\/www.reconoce.mx\/index.php?rest_route=\/wp\/v2\/types\/post"}],"author":[{"embeddable":true,"href":"https:\/\/www.reconoce.mx\/index.php?rest_route=\/wp\/v2\/users\/2"}],"replies":[{"embeddable":true,"href":"https:\/\/www.reconoce.mx\/index.php?rest_route=%2Fwp%2Fv2%2Fcomments&post=67948"}],"version-history":[{"count":3,"href":"https:\/\/www.reconoce.mx\/index.php?rest_route=\/wp\/v2\/posts\/67948\/revisions"}],"predecessor-version":[{"id":67960,"href":"https:\/\/www.reconoce.mx\/index.php?rest_route=\/wp\/v2\/posts\/67948\/revisions\/67960"}],"wp:featuredmedia":[{"embeddable":true,"href":"https:\/\/www.reconoce.mx\/index.php?rest_route=\/wp\/v2\/media\/67957"}],"wp:attachment":[{"href":"https:\/\/www.reconoce.mx\/index.php?rest_route=%2Fwp%2Fv2%2Fmedia&parent=67948"}],"wp:term":[{"taxonomy":"category","embeddable":true,"href":"https:\/\/www.reconoce.mx\/index.php?rest_route=%2Fwp%2Fv2%2Fcategories&post=67948"},{"taxonomy":"post_tag","embeddable":true,"href":"https:\/\/www.reconoce.mx\/index.php?rest_route=%2Fwp%2Fv2%2Ftags&post=67948"}],"curies":[{"name":"wp","href":"https:\/\/api.w.org\/{rel}","templated":true}]}}