{"id":67961,"date":"2017-11-16T00:06:16","date_gmt":"2017-11-16T06:06:16","guid":{"rendered":"http:\/\/www.reconoce.mx\/?p=67961"},"modified":"2017-11-16T10:39:11","modified_gmt":"2017-11-16T16:39:11","slug":"la-verdad-incomoda-2-o-como-no-decaer-en-la-defensa-del-planeta","status":"publish","type":"post","link":"https:\/\/www.reconoce.mx\/?p=67961","title":{"rendered":"\u00abLa verdad inc\u00f3moda 2\u00bb, o c\u00f3mo no decaer en la defensa del planeta"},"content":{"rendered":"<p><strong>Por <a href=\"https:\/\/twitter.com\/Jan_AguileraM\" target=\"_blank\" rel=\"noopener\">Juan Aguilera<\/a><\/strong>.<\/p>\n<p style=\"text-align: right;\"><em>\u00abNuestro planeta es un solitario grano en la gran y envolvente penumbra c\u00f3smica. En nuestra oscuridad en toda esta vastedad, no hay ni un indicio de que vaya a llegar ayuda desde alg\u00fan otro lugar para salvarnos de nosotros mismos\u00bb<\/em>, <strong>Carl Sagan<\/strong>.<\/p>\n<p>\u00bfQu\u00e9 pasa cuando alguien te advierte que algo muy malo est\u00e1 por suceder, y peor a\u00fan que ya est\u00e1 sucediendo y t\u00fa decides darle la espalda y negarlo? \u00bfQu\u00e9 pasa cuando eres el presidente de la naci\u00f3n m\u00e1s poderosa y una de las m\u00e1s contaminantes del planeta, y decides ignorar a un ganador del<strong> Premio Nobel<\/strong> quien te ha estado advirtiendo de los peligros de la contaminaci\u00f3n en tu pa\u00eds y el mundo? \u00bfQu\u00e9 pasa cuando el propio planeta en donde vives te sigue advirtiendo de todos los efectos que estamos causando en \u00e9l y t\u00fa decides ignorarlo?<\/p>\n<p><a href=\"http:\/\/www.reconoce.mx\/wp-content\/uploads\/2017\/11\/poster.jpg\"><img loading=\"lazy\" decoding=\"async\" class=\"aligncenter size-full wp-image-67965\" src=\"http:\/\/www.reconoce.mx\/wp-content\/uploads\/2017\/11\/poster.jpg\" alt=\"\" width=\"1500\" height=\"2143\" srcset=\"https:\/\/www.reconoce.mx\/wp-content\/uploads\/2017\/11\/poster.jpg 1500w, https:\/\/www.reconoce.mx\/wp-content\/uploads\/2017\/11\/poster-210x300.jpg 210w, https:\/\/www.reconoce.mx\/wp-content\/uploads\/2017\/11\/poster-768x1097.jpg 768w, https:\/\/www.reconoce.mx\/wp-content\/uploads\/2017\/11\/poster-717x1024.jpg 717w, https:\/\/www.reconoce.mx\/wp-content\/uploads\/2017\/11\/poster-150x214.jpg 150w, https:\/\/www.reconoce.mx\/wp-content\/uploads\/2017\/11\/poster-700x1000.jpg 700w, https:\/\/www.reconoce.mx\/wp-content\/uploads\/2017\/11\/poster-658x940.jpg 658w, https:\/\/www.reconoce.mx\/wp-content\/uploads\/2017\/11\/poster-300x429.jpg 300w\" sizes=\"auto, (max-width: 1500px) 100vw, 1500px\" \/><\/a><\/p>\n<p>Todas \u00e9stas y m\u00e1s preguntas son las que plantea <strong>Al Gore<\/strong> en la secuela de su documental de 2007 ganador del <strong>Premio de la Academia<\/strong>, \u00abUna verdad inc\u00f3moda\u00bb.<\/p>\n<p>Regresando diez a\u00f1os en el tiempo el ex vicepresidente de los Estados Unidos, nos planteaba un concepto que apenas comenzaba a sonar por todos lados: la idea del calentamiento global. Apoyado por gr\u00e1ficas, mediciones de la temperatura, fotograf\u00edas y sus propias investigaciones, el ganador del <strong>Premio Nobel de la Paz<\/strong>, nos hac\u00eda ver el da\u00f1o que le est\u00e1bamos causando a nuestro planeta. Pero \u00abLa verdad inc\u00f3moda\u00bb no se quedaba en la sola idea de hacernos ver lo malo que est\u00e1bamos haciendo, tambi\u00e9n nos mostraba las soluciones que cada uno pod\u00edamos llevar a cabo para prevenir y detener el da\u00f1o a nuestro hogar, la Tierra.<\/p>\n<p><a href=\"http:\/\/www.reconoce.mx\/wp-content\/uploads\/2017\/11\/AIS_FF_226.jpg\"><img loading=\"lazy\" decoding=\"async\" class=\"aligncenter size-full wp-image-67963\" src=\"http:\/\/www.reconoce.mx\/wp-content\/uploads\/2017\/11\/AIS_FF_226.jpg\" alt=\"\" width=\"2000\" height=\"1125\" srcset=\"https:\/\/www.reconoce.mx\/wp-content\/uploads\/2017\/11\/AIS_FF_226.jpg 2000w, https:\/\/www.reconoce.mx\/wp-content\/uploads\/2017\/11\/AIS_FF_226-300x169.jpg 300w, https:\/\/www.reconoce.mx\/wp-content\/uploads\/2017\/11\/AIS_FF_226-768x432.jpg 768w, https:\/\/www.reconoce.mx\/wp-content\/uploads\/2017\/11\/AIS_FF_226-1024x576.jpg 1024w, https:\/\/www.reconoce.mx\/wp-content\/uploads\/2017\/11\/AIS_FF_226-150x84.jpg 150w, https:\/\/www.reconoce.mx\/wp-content\/uploads\/2017\/11\/AIS_FF_226-700x394.jpg 700w, https:\/\/www.reconoce.mx\/wp-content\/uploads\/2017\/11\/AIS_FF_226-658x370.jpg 658w\" sizes=\"auto, (max-width: 2000px) 100vw, 2000px\" \/><\/a><\/p>\n<p>Diez a\u00f1os despu\u00e9s, Gore regresa con \u00abLa verdad inc\u00f3moda 2\u00bb, para mostrarnos todo lo que ha cambiado en el tiempo desde su primera entrega\u2026 Regresa para hacernos ver que no entendimos absolutamente nada, y peor a\u00fan, los l\u00edderes de nuestros gobiernos est\u00e1n haciendo todo por ocultar, desmentir y hasta desacreditar las pruebas de algo que claramente le est\u00e1 pasando a este planeta.<\/p>\n<p>Esta vez el documental va m\u00e1s all\u00e1 de un <strong>Al Gore<\/strong> hablando ante un grupo de gente en una conferencia con gr\u00e1ficas, esta vez vemos a un <strong>Al Gore<\/strong> negociando con l\u00edderes mundiales su incorporaci\u00f3n al Tratado de Par\u00eds, lo vemos luchando ante aquellas voces que tratan de acallar su incomoda verdad; en este documental lo vemos diez a\u00f1os despu\u00e9s del inicio de su lucha, tan incansable como al principio, pero tambi\u00e9n lo vemos frustrado ante la falta de acciones de quienes pueden, y tienen que hacer algo por ayudar a la causa. En este documental, conoceremos a un Gore enojado, frustrado y alterado, pero con la firme convicci\u00f3n de seguir advirtiendo y empujando a los habitantes de este planeta a rescatarlo y cambiar nuestro propio destino.<\/p>\n<p><a href=\"http:\/\/www.reconoce.mx\/wp-content\/uploads\/2017\/11\/MG_0080.jpg\"><img loading=\"lazy\" decoding=\"async\" class=\"aligncenter size-full wp-image-67962\" src=\"http:\/\/www.reconoce.mx\/wp-content\/uploads\/2017\/11\/MG_0080.jpg\" alt=\"\" width=\"900\" height=\"1350\" srcset=\"https:\/\/www.reconoce.mx\/wp-content\/uploads\/2017\/11\/MG_0080.jpg 900w, https:\/\/www.reconoce.mx\/wp-content\/uploads\/2017\/11\/MG_0080-200x300.jpg 200w, https:\/\/www.reconoce.mx\/wp-content\/uploads\/2017\/11\/MG_0080-768x1152.jpg 768w, https:\/\/www.reconoce.mx\/wp-content\/uploads\/2017\/11\/MG_0080-683x1024.jpg 683w, https:\/\/www.reconoce.mx\/wp-content\/uploads\/2017\/11\/MG_0080-150x225.jpg 150w, https:\/\/www.reconoce.mx\/wp-content\/uploads\/2017\/11\/MG_0080-700x1050.jpg 700w, https:\/\/www.reconoce.mx\/wp-content\/uploads\/2017\/11\/MG_0080-658x987.jpg 658w, https:\/\/www.reconoce.mx\/wp-content\/uploads\/2017\/11\/MG_0080-300x450.jpg 300w\" sizes=\"auto, (max-width: 900px) 100vw, 900px\" \/><\/a><\/p>\n<p>Las pruebas van m\u00e1s all\u00e1 de teor\u00edas y n\u00fameros, las pruebas las vivimos d\u00eda a d\u00eda y este documental nos lo demuestra, nos recuerda lo que el hurac\u00e1n Katrina le hizo a nuestra ciudades, nos recuerda las olas de calor que est\u00e1n matando a cientos de personas en lugares que sol\u00edan ser para\u00edsos tropicales, nos muestra lo que aquellos con intereses diferentes quieren ocultar, y lo demuestra con una voz fuerte y directa.<\/p>\n<p>\u00abLa verdad inc\u00f3moda 2\u00bb no es un documental para admirar la belleza del trabajo cinematogr\u00e1fico de los directores <strong>Bonni Cohen<\/strong> y <strong>John Shenk<\/strong>, este es un documental para hacernos reflexionar, para hacernos pensar en lo que le hacemos a la Tierra d\u00eda a d\u00eda; es para tomar conciencia y actuar, invita al espectador a alzar la voz ante los gobiernos y exigir un cambio en nuestras costumbres energ\u00e9ticas, nuestro tratamiento de la basura y todos aquellos residuos que da\u00f1an d\u00eda a d\u00eda al ecosistema y sigue alterando nuestros d\u00edas.<\/p>\n<style>.embed-container { position: relative; padding-bottom: 56.25%; height: 0; overflow: hidden; max-width: 100%; } .embed-container iframe, .embed-container object, .embed-container embed { position: absolute; top: 0; left: 0; width: 100%; height: 100%; }<\/style>\n<div class=\"embed-container\"><iframe loading=\"lazy\" src=\"https:\/\/www.youtube.com\/embed\/g-itXHivsRM\" width=\"300\" height=\"150\" frameborder=\"0\" allowfullscreen=\"allowfullscreen\"><\/iframe><\/div>\n<p>&nbsp;<\/p>\n<p>Este es un documental necesario para todas las edades y generaciones, no lo deje de buscar en cartelera e invierta un poco de su tiempo en comprender lo que pasa d\u00eda a d\u00eda en nuestro planeta, recuerde lo que dec\u00eda <strong>Carl Sagan<\/strong>: \u00abNos guste o no, por el momento la Tierra es donde tenemos que quedarnos\u00bb.<\/p>\n<h2><em><strong>\u00abLa verdad inc\u00f3moda 2\u00bb<\/strong><\/em><\/h2>\n<p><strong>T\u00edtulo original<\/strong>: \u00abAn Inconvenient Sequel: Truth to Power\u00bb<br \/>\n<strong>Directores<\/strong>: Bonni Cohen, Jon Shenk<br \/>\n<strong>Reparto<\/strong>: Al Gore<\/p>\n<p style=\"text-align: right;\">Con im\u00e1genes cortes\u00eda de<strong> Cinetc&#8230;<\/strong><\/p>\n<p>&nbsp;<\/p>\n<p>&nbsp;<\/p>\n","protected":false},"excerpt":{"rendered":"<p>\u00bfQu\u00e9 pasa cuando alguien te advierte que algo muy malo est\u00e1 por suceder, y peor a\u00fan que ya est\u00e1 sucediendo y t\u00fa decides darle la espalda y negarlo?<\/p>\n","protected":false},"author":2,"featured_media":67964,"comment_status":"open","ping_status":"open","sticky":false,"template":"","format":"standard","meta":{"footnotes":""},"categories":[24,1,17],"tags":[],"class_list":["post-67961","post","type-post","status-publish","format-standard","has-post-thumbnail","hentry","category-cine","category-cultura","category-principal"],"yoast_head":"<!-- This site is optimized with the Yoast SEO plugin v24.7 - https:\/\/yoast.com\/wordpress\/plugins\/seo\/ -->\n<title>&quot;La verdad inc\u00f3moda 2&quot;, o c\u00f3mo no decaer en la defensa del planeta &#171; Reconoce MX<\/title>\n<meta name=\"robots\" content=\"index, follow, max-snippet:-1, max-image-preview:large, max-video-preview:-1\" \/>\n<link rel=\"canonical\" href=\"http:\/\/www.reconoce.mx\/?p=67961\" \/>\n<meta property=\"og:locale\" content=\"es_ES\" \/>\n<meta property=\"og:type\" content=\"article\" \/>\n<meta property=\"og:title\" content=\"&quot;La verdad inc\u00f3moda 2&quot;, o c\u00f3mo no decaer en la defensa del planeta &#171; Reconoce MX\" \/>\n<meta property=\"og:description\" content=\"\u00bfQu\u00e9 pasa cuando alguien te advierte que algo muy malo est\u00e1 por suceder, y peor a\u00fan que ya est\u00e1 sucediendo y t\u00fa decides darle la espalda y negarlo?\" \/>\n<meta property=\"og:url\" content=\"http:\/\/www.reconoce.mx\/?p=67961\" \/>\n<meta property=\"og:site_name\" content=\"Reconoce MX\" \/>\n<meta property=\"article:publisher\" content=\"https:\/\/es-la.facebook.com\/ReconoceMX\/\" \/>\n<meta property=\"article:published_time\" content=\"2017-11-16T06:06:16+00:00\" \/>\n<meta property=\"article:modified_time\" content=\"2017-11-16T16:39:11+00:00\" \/>\n<meta property=\"og:image\" content=\"http:\/\/www.reconoce.mx\/wp-content\/uploads\/2017\/11\/al-gore-la-verdad-incomoda-2-1.png\" \/>\n\t<meta property=\"og:image:width\" content=\"590\" \/>\n\t<meta property=\"og:image:height\" content=\"380\" \/>\n\t<meta property=\"og:image:type\" content=\"image\/png\" \/>\n<meta name=\"author\" content=\"Reconoce MX\" \/>\n<meta name=\"twitter:card\" content=\"summary_large_image\" \/>\n<meta name=\"twitter:creator\" content=\"@reconocemx\" \/>\n<meta name=\"twitter:site\" content=\"@reconocemx\" \/>\n<meta name=\"twitter:label1\" content=\"Escrito por\" \/>\n\t<meta name=\"twitter:data1\" content=\"Reconoce MX\" \/>\n\t<meta name=\"twitter:label2\" content=\"Tiempo de lectura\" \/>\n\t<meta name=\"twitter:data2\" content=\"4 minutos\" \/>\n<script type=\"application\/ld+json\" class=\"yoast-schema-graph\">{\"@context\":\"https:\/\/schema.org\",\"@graph\":[{\"@type\":\"Article\",\"@id\":\"http:\/\/www.reconoce.mx\/?p=67961#article\",\"isPartOf\":{\"@id\":\"http:\/\/www.reconoce.mx\/?p=67961\"},\"author\":{\"name\":\"Reconoce MX\",\"@id\":\"http:\/\/www.reconoce.mx\/#\/schema\/person\/2117e997d7051dc15d6880eaf9bca0b2\"},\"headline\":\"\u00abLa verdad inc\u00f3moda 2\u00bb, o c\u00f3mo no decaer en la defensa del planeta\",\"datePublished\":\"2017-11-16T06:06:16+00:00\",\"dateModified\":\"2017-11-16T16:39:11+00:00\",\"mainEntityOfPage\":{\"@id\":\"http:\/\/www.reconoce.mx\/?p=67961\"},\"wordCount\":781,\"commentCount\":0,\"publisher\":{\"@id\":\"http:\/\/www.reconoce.mx\/#organization\"},\"image\":{\"@id\":\"http:\/\/www.reconoce.mx\/?p=67961#primaryimage\"},\"thumbnailUrl\":\"https:\/\/www.reconoce.mx\/wp-content\/uploads\/2017\/11\/al-gore-la-verdad-incomoda-2-1.png\",\"articleSection\":[\"Cine\",\"Cultura\",\"Principal\"],\"inLanguage\":\"es\",\"potentialAction\":[{\"@type\":\"CommentAction\",\"name\":\"Comment\",\"target\":[\"http:\/\/www.reconoce.mx\/?p=67961#respond\"]}]},{\"@type\":\"WebPage\",\"@id\":\"http:\/\/www.reconoce.mx\/?p=67961\",\"url\":\"http:\/\/www.reconoce.mx\/?p=67961\",\"name\":\"\\\"La verdad inc\u00f3moda 2\\\", o c\u00f3mo no decaer en la defensa del planeta &#171; Reconoce MX\",\"isPartOf\":{\"@id\":\"http:\/\/www.reconoce.mx\/#website\"},\"primaryImageOfPage\":{\"@id\":\"http:\/\/www.reconoce.mx\/?p=67961#primaryimage\"},\"image\":{\"@id\":\"http:\/\/www.reconoce.mx\/?p=67961#primaryimage\"},\"thumbnailUrl\":\"https:\/\/www.reconoce.mx\/wp-content\/uploads\/2017\/11\/al-gore-la-verdad-incomoda-2-1.png\",\"datePublished\":\"2017-11-16T06:06:16+00:00\",\"dateModified\":\"2017-11-16T16:39:11+00:00\",\"breadcrumb\":{\"@id\":\"http:\/\/www.reconoce.mx\/?p=67961#breadcrumb\"},\"inLanguage\":\"es\",\"potentialAction\":[{\"@type\":\"ReadAction\",\"target\":[\"http:\/\/www.reconoce.mx\/?p=67961\"]}]},{\"@type\":\"ImageObject\",\"inLanguage\":\"es\",\"@id\":\"http:\/\/www.reconoce.mx\/?p=67961#primaryimage\",\"url\":\"https:\/\/www.reconoce.mx\/wp-content\/uploads\/2017\/11\/al-gore-la-verdad-incomoda-2-1.png\",\"contentUrl\":\"https:\/\/www.reconoce.mx\/wp-content\/uploads\/2017\/11\/al-gore-la-verdad-incomoda-2-1.png\",\"width\":590,\"height\":380},{\"@type\":\"BreadcrumbList\",\"@id\":\"http:\/\/www.reconoce.mx\/?p=67961#breadcrumb\",\"itemListElement\":[{\"@type\":\"ListItem\",\"position\":1,\"name\":\"Portada\",\"item\":\"http:\/\/www.reconoce.mx\/\"},{\"@type\":\"ListItem\",\"position\":2,\"name\":\"\u00abLa verdad inc\u00f3moda 2\u00bb, o c\u00f3mo no decaer en la defensa del planeta\"}]},{\"@type\":\"WebSite\",\"@id\":\"http:\/\/www.reconoce.mx\/#website\",\"url\":\"http:\/\/www.reconoce.mx\/\",\"name\":\"Reconoce MX\",\"description\":\"En Reconoce MX difundimos arte, cultura y conciencia social en M\u00e9xico. Tu ciudad en otra perspectiva.\",\"publisher\":{\"@id\":\"http:\/\/www.reconoce.mx\/#organization\"},\"potentialAction\":[{\"@type\":\"SearchAction\",\"target\":{\"@type\":\"EntryPoint\",\"urlTemplate\":\"http:\/\/www.reconoce.mx\/?s={search_term_string}\"},\"query-input\":{\"@type\":\"PropertyValueSpecification\",\"valueRequired\":true,\"valueName\":\"search_term_string\"}}],\"inLanguage\":\"es\"},{\"@type\":\"Organization\",\"@id\":\"http:\/\/www.reconoce.mx\/#organization\",\"name\":\"Reconoce MX\",\"url\":\"http:\/\/www.reconoce.mx\/\",\"logo\":{\"@type\":\"ImageObject\",\"inLanguage\":\"es\",\"@id\":\"http:\/\/www.reconoce.mx\/#\/schema\/logo\/image\/\",\"url\":\"https:\/\/www.reconoce.mx\/wp-content\/uploads\/2019\/03\/logorcmx-good-1.png\",\"contentUrl\":\"https:\/\/www.reconoce.mx\/wp-content\/uploads\/2019\/03\/logorcmx-good-1.png\",\"width\":280,\"height\":90,\"caption\":\"Reconoce MX\"},\"image\":{\"@id\":\"http:\/\/www.reconoce.mx\/#\/schema\/logo\/image\/\"},\"sameAs\":[\"https:\/\/es-la.facebook.com\/ReconoceMX\/\",\"https:\/\/x.com\/reconocemx\",\"http:\/\/@reconocemx\"]},{\"@type\":\"Person\",\"@id\":\"http:\/\/www.reconoce.mx\/#\/schema\/person\/2117e997d7051dc15d6880eaf9bca0b2\",\"name\":\"Reconoce MX\",\"image\":{\"@type\":\"ImageObject\",\"inLanguage\":\"es\",\"@id\":\"http:\/\/www.reconoce.mx\/#\/schema\/person\/image\/\",\"url\":\"https:\/\/secure.gravatar.com\/avatar\/6c8d4dc7569ca1c90c5fdcc349f839d5ddef6fe1e70b4337ead2ef1a4c43fc3a?s=96&d=identicon&r=g\",\"contentUrl\":\"https:\/\/secure.gravatar.com\/avatar\/6c8d4dc7569ca1c90c5fdcc349f839d5ddef6fe1e70b4337ead2ef1a4c43fc3a?s=96&d=identicon&r=g\",\"caption\":\"Reconoce MX\"},\"description\":\"Reconoce MX es un proyecto de difusi\u00f3n art\u00edstica, cultural y de conciencia social que est\u00e1 enfocado a difundir y fomentar el entretenimiento alternativo de calidad para todo el p\u00fablico que comparta el mismo entusiasmo.\",\"sameAs\":[\"http:\/\/www.reconoce.mx\"],\"url\":\"https:\/\/www.reconoce.mx\/?author=2\"}]}<\/script>\n<!-- \/ Yoast SEO plugin. -->","yoast_head_json":{"title":"\"La verdad inc\u00f3moda 2\", o c\u00f3mo no decaer en la defensa del planeta &#171; Reconoce MX","robots":{"index":"index","follow":"follow","max-snippet":"max-snippet:-1","max-image-preview":"max-image-preview:large","max-video-preview":"max-video-preview:-1"},"canonical":"http:\/\/www.reconoce.mx\/?p=67961","og_locale":"es_ES","og_type":"article","og_title":"\"La verdad inc\u00f3moda 2\", o c\u00f3mo no decaer en la defensa del planeta &#171; Reconoce MX","og_description":"\u00bfQu\u00e9 pasa cuando alguien te advierte que algo muy malo est\u00e1 por suceder, y peor a\u00fan que ya est\u00e1 sucediendo y t\u00fa decides darle la espalda y negarlo?","og_url":"http:\/\/www.reconoce.mx\/?p=67961","og_site_name":"Reconoce MX","article_publisher":"https:\/\/es-la.facebook.com\/ReconoceMX\/","article_published_time":"2017-11-16T06:06:16+00:00","article_modified_time":"2017-11-16T16:39:11+00:00","og_image":[{"width":590,"height":380,"url":"http:\/\/www.reconoce.mx\/wp-content\/uploads\/2017\/11\/al-gore-la-verdad-incomoda-2-1.png","type":"image\/png"}],"author":"Reconoce MX","twitter_card":"summary_large_image","twitter_creator":"@reconocemx","twitter_site":"@reconocemx","twitter_misc":{"Escrito por":"Reconoce MX","Tiempo de lectura":"4 minutos"},"schema":{"@context":"https:\/\/schema.org","@graph":[{"@type":"Article","@id":"http:\/\/www.reconoce.mx\/?p=67961#article","isPartOf":{"@id":"http:\/\/www.reconoce.mx\/?p=67961"},"author":{"name":"Reconoce MX","@id":"http:\/\/www.reconoce.mx\/#\/schema\/person\/2117e997d7051dc15d6880eaf9bca0b2"},"headline":"\u00abLa verdad inc\u00f3moda 2\u00bb, o c\u00f3mo no decaer en la defensa del planeta","datePublished":"2017-11-16T06:06:16+00:00","dateModified":"2017-11-16T16:39:11+00:00","mainEntityOfPage":{"@id":"http:\/\/www.reconoce.mx\/?p=67961"},"wordCount":781,"commentCount":0,"publisher":{"@id":"http:\/\/www.reconoce.mx\/#organization"},"image":{"@id":"http:\/\/www.reconoce.mx\/?p=67961#primaryimage"},"thumbnailUrl":"https:\/\/www.reconoce.mx\/wp-content\/uploads\/2017\/11\/al-gore-la-verdad-incomoda-2-1.png","articleSection":["Cine","Cultura","Principal"],"inLanguage":"es","potentialAction":[{"@type":"CommentAction","name":"Comment","target":["http:\/\/www.reconoce.mx\/?p=67961#respond"]}]},{"@type":"WebPage","@id":"http:\/\/www.reconoce.mx\/?p=67961","url":"http:\/\/www.reconoce.mx\/?p=67961","name":"\"La verdad inc\u00f3moda 2\", o c\u00f3mo no decaer en la defensa del planeta &#171; Reconoce MX","isPartOf":{"@id":"http:\/\/www.reconoce.mx\/#website"},"primaryImageOfPage":{"@id":"http:\/\/www.reconoce.mx\/?p=67961#primaryimage"},"image":{"@id":"http:\/\/www.reconoce.mx\/?p=67961#primaryimage"},"thumbnailUrl":"https:\/\/www.reconoce.mx\/wp-content\/uploads\/2017\/11\/al-gore-la-verdad-incomoda-2-1.png","datePublished":"2017-11-16T06:06:16+00:00","dateModified":"2017-11-16T16:39:11+00:00","breadcrumb":{"@id":"http:\/\/www.reconoce.mx\/?p=67961#breadcrumb"},"inLanguage":"es","potentialAction":[{"@type":"ReadAction","target":["http:\/\/www.reconoce.mx\/?p=67961"]}]},{"@type":"ImageObject","inLanguage":"es","@id":"http:\/\/www.reconoce.mx\/?p=67961#primaryimage","url":"https:\/\/www.reconoce.mx\/wp-content\/uploads\/2017\/11\/al-gore-la-verdad-incomoda-2-1.png","contentUrl":"https:\/\/www.reconoce.mx\/wp-content\/uploads\/2017\/11\/al-gore-la-verdad-incomoda-2-1.png","width":590,"height":380},{"@type":"BreadcrumbList","@id":"http:\/\/www.reconoce.mx\/?p=67961#breadcrumb","itemListElement":[{"@type":"ListItem","position":1,"name":"Portada","item":"http:\/\/www.reconoce.mx\/"},{"@type":"ListItem","position":2,"name":"\u00abLa verdad inc\u00f3moda 2\u00bb, o c\u00f3mo no decaer en la defensa del planeta"}]},{"@type":"WebSite","@id":"http:\/\/www.reconoce.mx\/#website","url":"http:\/\/www.reconoce.mx\/","name":"Reconoce MX","description":"En Reconoce MX difundimos arte, cultura y conciencia social en M\u00e9xico. Tu ciudad en otra perspectiva.","publisher":{"@id":"http:\/\/www.reconoce.mx\/#organization"},"potentialAction":[{"@type":"SearchAction","target":{"@type":"EntryPoint","urlTemplate":"http:\/\/www.reconoce.mx\/?s={search_term_string}"},"query-input":{"@type":"PropertyValueSpecification","valueRequired":true,"valueName":"search_term_string"}}],"inLanguage":"es"},{"@type":"Organization","@id":"http:\/\/www.reconoce.mx\/#organization","name":"Reconoce MX","url":"http:\/\/www.reconoce.mx\/","logo":{"@type":"ImageObject","inLanguage":"es","@id":"http:\/\/www.reconoce.mx\/#\/schema\/logo\/image\/","url":"https:\/\/www.reconoce.mx\/wp-content\/uploads\/2019\/03\/logorcmx-good-1.png","contentUrl":"https:\/\/www.reconoce.mx\/wp-content\/uploads\/2019\/03\/logorcmx-good-1.png","width":280,"height":90,"caption":"Reconoce MX"},"image":{"@id":"http:\/\/www.reconoce.mx\/#\/schema\/logo\/image\/"},"sameAs":["https:\/\/es-la.facebook.com\/ReconoceMX\/","https:\/\/x.com\/reconocemx","http:\/\/@reconocemx"]},{"@type":"Person","@id":"http:\/\/www.reconoce.mx\/#\/schema\/person\/2117e997d7051dc15d6880eaf9bca0b2","name":"Reconoce MX","image":{"@type":"ImageObject","inLanguage":"es","@id":"http:\/\/www.reconoce.mx\/#\/schema\/person\/image\/","url":"https:\/\/secure.gravatar.com\/avatar\/6c8d4dc7569ca1c90c5fdcc349f839d5ddef6fe1e70b4337ead2ef1a4c43fc3a?s=96&d=identicon&r=g","contentUrl":"https:\/\/secure.gravatar.com\/avatar\/6c8d4dc7569ca1c90c5fdcc349f839d5ddef6fe1e70b4337ead2ef1a4c43fc3a?s=96&d=identicon&r=g","caption":"Reconoce MX"},"description":"Reconoce MX es un proyecto de difusi\u00f3n art\u00edstica, cultural y de conciencia social que est\u00e1 enfocado a difundir y fomentar el entretenimiento alternativo de calidad para todo el p\u00fablico que comparta el mismo entusiasmo.","sameAs":["http:\/\/www.reconoce.mx"],"url":"https:\/\/www.reconoce.mx\/?author=2"}]}},"_links":{"self":[{"href":"https:\/\/www.reconoce.mx\/index.php?rest_route=\/wp\/v2\/posts\/67961","targetHints":{"allow":["GET"]}}],"collection":[{"href":"https:\/\/www.reconoce.mx\/index.php?rest_route=\/wp\/v2\/posts"}],"about":[{"href":"https:\/\/www.reconoce.mx\/index.php?rest_route=\/wp\/v2\/types\/post"}],"author":[{"embeddable":true,"href":"https:\/\/www.reconoce.mx\/index.php?rest_route=\/wp\/v2\/users\/2"}],"replies":[{"embeddable":true,"href":"https:\/\/www.reconoce.mx\/index.php?rest_route=%2Fwp%2Fv2%2Fcomments&post=67961"}],"version-history":[{"count":3,"href":"https:\/\/www.reconoce.mx\/index.php?rest_route=\/wp\/v2\/posts\/67961\/revisions"}],"predecessor-version":[{"id":67968,"href":"https:\/\/www.reconoce.mx\/index.php?rest_route=\/wp\/v2\/posts\/67961\/revisions\/67968"}],"wp:featuredmedia":[{"embeddable":true,"href":"https:\/\/www.reconoce.mx\/index.php?rest_route=\/wp\/v2\/media\/67964"}],"wp:attachment":[{"href":"https:\/\/www.reconoce.mx\/index.php?rest_route=%2Fwp%2Fv2%2Fmedia&parent=67961"}],"wp:term":[{"taxonomy":"category","embeddable":true,"href":"https:\/\/www.reconoce.mx\/index.php?rest_route=%2Fwp%2Fv2%2Fcategories&post=67961"},{"taxonomy":"post_tag","embeddable":true,"href":"https:\/\/www.reconoce.mx\/index.php?rest_route=%2Fwp%2Fv2%2Ftags&post=67961"}],"curies":[{"name":"wp","href":"https:\/\/api.w.org\/{rel}","templated":true}]}}