{"id":68194,"date":"2017-11-29T00:07:42","date_gmt":"2017-11-29T06:07:42","guid":{"rendered":"http:\/\/www.reconoce.mx\/?p=68194"},"modified":"2017-11-29T00:55:36","modified_gmt":"2017-11-29T06:55:36","slug":"llega-la-2a-edicion-del-mercado-industria-cine-y-audiovisual-mica-2017","status":"publish","type":"post","link":"https:\/\/www.reconoce.mx\/?p=68194","title":{"rendered":"Llega la 2\u00aa edici\u00f3n del Mercado, Industria, Cine y Audiovisual, MICA 2017"},"content":{"rendered":"<p><strong> Por <a title=\"@AsfaltosTweets\" href=\"http:\/\/twitter.com\/AsfaltosTweets\" target=\"_blank\" rel=\"noopener noreferrer\" data-slimstat-type=\"0\" data-slimstat-callback=\"false\" data-slimstat-tracking=\"true\">Asfaltos<\/a><\/strong>.<\/p>\n<p>El <strong>Mercado, Industria, Cine y Audiovisual, MICA<\/strong>, iniciativa que naci\u00f3 en 2016 entre el <strong>Instituto Mexicano de Cinematorgaf\u00eda<\/strong> y los <strong>Premios F\u00e9nix<\/strong>, llegar\u00e1 a su segunda edici\u00f3n del 7 al 10 de diciembre del presente. <strong>MICA<\/strong> nace como un espacio para la interacci\u00f3n creativa y la exposici\u00f3n de las cinematograf\u00edas, realizadores, obras audiovisuales y pr\u00e1cticas relacionadas con el cine y las series en Iberoam\u00e9rica.<\/p>\n<p><strong>MICA<\/strong>, con el objetivo siempre presente de la promoci\u00f3n de la industria audiovisual en Iberoam\u00e9rica, sum\u00f3 este a\u00f1o el apoyo de la <strong>Berlinale<\/strong> y el <strong>European Film Market<\/strong>. Entre los participantes destaca la presencia de <strong>Diego Luna<\/strong>, <strong>Carlos Reygadas<\/strong>, <strong>M\u00f3nica Lozano<\/strong>, <strong>Alfredo Castro<\/strong>, <strong>Tina Wagner Sorensen<\/strong>, <strong>Manolo Caro<\/strong>, <strong>Gaz Alazraki<\/strong>, <strong>Gabriel Ripstein<\/strong>, <strong>Linda Beath<\/strong> y <strong>Jana Wolff<\/strong>. Otros invitados participantes en <strong><span class=\"il\">MICA<\/span> <\/strong>son los representantes del <strong>EFM-Berlinale<\/strong>, <strong>Netflix<\/strong>, <strong>The National Film School of Denmark<\/strong>, <strong>The Film Agency<\/strong>; adem\u00e1s de agentes de ventas, distribuidores y posibles coproductores nacionales e internacionales.<\/p>\n<p>Las actividades que se realizar\u00e1n en <strong><span class=\"il\">MICA<\/span> <\/strong>est\u00e1n organizadas en cuatro grandes \u00e1reas que buscan atender la situaci\u00f3n actual del cine y el audiovisual mexicano e iberoamericano, a trav\u00e9s de la interacci\u00f3n con distinguidos invitados nacionales e internacionales que compartir\u00e1n sus experiencias con los invitados en clases magistrales, conferencias, exhibiciones de pel\u00edculas, paneles y talleres.<\/p>\n<ul>\n<li><strong><span class=\"il\">MICA<\/span> Mercado<\/strong>: Busca impulsar el intercambio comercial para las producciones de contenidos audiovisuales mexicanos e iberoamericanos a trav\u00e9s de reuniones, uno a uno, entre distribuidores y agentes de ventas nacionales e internacionales con creadores iberoamericanos de proyectos audiovisuales y sesiones de presentaci\u00f3n de proyectos en etapa de terminaci\u00f3n para agentes de ventas nacionales e internacionales. En esta edici\u00f3n se presentar\u00e1n m\u00e1s de 30 proyectos de largometraje de ficci\u00f3n y documental y 12 proyectos de series provenientes de M\u00e9xico, Venezuela, Argentina y El Salvador.<\/li>\n<li><strong><span class=\"il\">MICA<\/span> Profesional<\/strong>: Las actividades est\u00e1n dirigidas a promover la profesionalizaci\u00f3n de la industria cinematogr\u00e1fica nacional y fomentar la interacci\u00f3n y creaci\u00f3n de redes entre profesionales.<\/li>\n<li><strong><span class=\"il\">MICA<\/span> Corto<\/strong>: Con el prop\u00f3sito de contribuir a la formaci\u00f3n profesional de j\u00f3venes realizadores de los estados principalmente, nace <span class=\"il\">MICA<\/span> Corto un espacio para el an\u00e1lisis, desarrollo y reflexi\u00f3n para los proyectos mexicanos de cortometrajes de ficci\u00f3n, documental y animaci\u00f3n.<\/li>\n<li><strong><span class=\"il\">MICA<\/span> P\u00fablico<\/strong>: Incluye actividades que faciliten el acercamiento de los p\u00fablicos cinematogr\u00e1ficos con producciones mexicanas e iberoamericanas, as\u00ed como con sus procesos creativos.<\/li>\n<\/ul>\n<p>Todas las actividades de <strong>MICA<\/strong> son gratutias, <a href=\"http:\/\/www.imcine.gob.mx\/mica-2017\/registro.php\" target=\"_blank\" rel=\"noopener\">previo registro que se puede hacer aqu\u00ed<\/a>. Para conocer el programa y m\u00e1s detalles, <a href=\"http:\/\/www.imcine.gob.mx\/mica-2017\/\">visita el sitio oficial<\/a>.<\/p>\n<p style=\"text-align: right;\">Con imformaci\u00f3n oficial proporcionada por el <strong>IMCINE<\/strong>.<\/p>\n<p>&nbsp;<\/p>\n<p>&nbsp;<\/p>\n","protected":false},"excerpt":{"rendered":"<p>El Mercado, Industria, Cine y Audiovisual, MICA, iniciativa que naci\u00f3 en 2016 entre el Instituto Mexicano de Cinematorgaf\u00eda y los Premios F\u00e9nix, llegar\u00e1 a su segunda edici\u00f3n del 7 al 10 de diciembre del presente. <\/p>\n","protected":false},"author":2,"featured_media":68195,"comment_status":"open","ping_status":"open","sticky":false,"template":"","format":"standard","meta":{"footnotes":""},"categories":[24,17],"tags":[],"class_list":["post-68194","post","type-post","status-publish","format-standard","has-post-thumbnail","hentry","category-cine","category-principal"],"yoast_head":"<!-- This site is optimized with the Yoast SEO plugin v24.7 - https:\/\/yoast.com\/wordpress\/plugins\/seo\/ -->\n<title>Llega la 2\u00aa edici\u00f3n del Mercado, Industria, Cine y Audiovisual, MICA 2017 &#171; Reconoce MX<\/title>\n<meta name=\"robots\" content=\"index, follow, max-snippet:-1, max-image-preview:large, max-video-preview:-1\" \/>\n<link rel=\"canonical\" href=\"https:\/\/www.reconoce.mx\/?p=68194\" \/>\n<meta property=\"og:locale\" content=\"es_ES\" \/>\n<meta property=\"og:type\" content=\"article\" \/>\n<meta property=\"og:title\" content=\"Llega la 2\u00aa edici\u00f3n del Mercado, Industria, Cine y Audiovisual, MICA 2017 &#171; Reconoce MX\" \/>\n<meta property=\"og:description\" content=\"El Mercado, Industria, Cine y Audiovisual, MICA, iniciativa que naci\u00f3 en 2016 entre el Instituto Mexicano de Cinematorgaf\u00eda y los Premios F\u00e9nix, llegar\u00e1 a su segunda edici\u00f3n del 7 al 10 de diciembre del presente.\" \/>\n<meta property=\"og:url\" content=\"https:\/\/www.reconoce.mx\/?p=68194\" \/>\n<meta property=\"og:site_name\" content=\"Reconoce MX\" \/>\n<meta property=\"article:publisher\" content=\"https:\/\/es-la.facebook.com\/ReconoceMX\/\" \/>\n<meta property=\"article:published_time\" content=\"2017-11-29T06:07:42+00:00\" \/>\n<meta property=\"article:modified_time\" content=\"2017-11-29T06:55:36+00:00\" \/>\n<meta property=\"og:image\" content=\"https:\/\/www.reconoce.mx\/wp-content\/uploads\/2017\/11\/mica.png\" \/>\n\t<meta property=\"og:image:width\" content=\"590\" \/>\n\t<meta property=\"og:image:height\" content=\"380\" \/>\n\t<meta property=\"og:image:type\" content=\"image\/png\" \/>\n<meta name=\"author\" content=\"Reconoce MX\" \/>\n<meta name=\"twitter:card\" content=\"summary_large_image\" \/>\n<meta name=\"twitter:creator\" content=\"@reconocemx\" \/>\n<meta name=\"twitter:site\" content=\"@reconocemx\" \/>\n<meta name=\"twitter:label1\" content=\"Escrito por\" \/>\n\t<meta name=\"twitter:data1\" content=\"Reconoce MX\" \/>\n\t<meta name=\"twitter:label2\" content=\"Tiempo de lectura\" \/>\n\t<meta name=\"twitter:data2\" content=\"2 minutos\" \/>\n<script type=\"application\/ld+json\" class=\"yoast-schema-graph\">{\"@context\":\"https:\/\/schema.org\",\"@graph\":[{\"@type\":\"Article\",\"@id\":\"https:\/\/www.reconoce.mx\/?p=68194#article\",\"isPartOf\":{\"@id\":\"https:\/\/www.reconoce.mx\/?p=68194\"},\"author\":{\"name\":\"Reconoce MX\",\"@id\":\"http:\/\/www.reconoce.mx\/#\/schema\/person\/2117e997d7051dc15d6880eaf9bca0b2\"},\"headline\":\"Llega la 2\u00aa edici\u00f3n del Mercado, Industria, Cine y Audiovisual, MICA 2017\",\"datePublished\":\"2017-11-29T06:07:42+00:00\",\"dateModified\":\"2017-11-29T06:55:36+00:00\",\"mainEntityOfPage\":{\"@id\":\"https:\/\/www.reconoce.mx\/?p=68194\"},\"wordCount\":466,\"commentCount\":0,\"publisher\":{\"@id\":\"http:\/\/www.reconoce.mx\/#organization\"},\"image\":{\"@id\":\"https:\/\/www.reconoce.mx\/?p=68194#primaryimage\"},\"thumbnailUrl\":\"https:\/\/www.reconoce.mx\/wp-content\/uploads\/2017\/11\/mica.png\",\"articleSection\":[\"Cine\",\"Principal\"],\"inLanguage\":\"es\",\"potentialAction\":[{\"@type\":\"CommentAction\",\"name\":\"Comment\",\"target\":[\"https:\/\/www.reconoce.mx\/?p=68194#respond\"]}]},{\"@type\":\"WebPage\",\"@id\":\"https:\/\/www.reconoce.mx\/?p=68194\",\"url\":\"https:\/\/www.reconoce.mx\/?p=68194\",\"name\":\"Llega la 2\u00aa edici\u00f3n del Mercado, Industria, Cine y Audiovisual, MICA 2017 &#171; Reconoce MX\",\"isPartOf\":{\"@id\":\"http:\/\/www.reconoce.mx\/#website\"},\"primaryImageOfPage\":{\"@id\":\"https:\/\/www.reconoce.mx\/?p=68194#primaryimage\"},\"image\":{\"@id\":\"https:\/\/www.reconoce.mx\/?p=68194#primaryimage\"},\"thumbnailUrl\":\"https:\/\/www.reconoce.mx\/wp-content\/uploads\/2017\/11\/mica.png\",\"datePublished\":\"2017-11-29T06:07:42+00:00\",\"dateModified\":\"2017-11-29T06:55:36+00:00\",\"breadcrumb\":{\"@id\":\"https:\/\/www.reconoce.mx\/?p=68194#breadcrumb\"},\"inLanguage\":\"es\",\"potentialAction\":[{\"@type\":\"ReadAction\",\"target\":[\"https:\/\/www.reconoce.mx\/?p=68194\"]}]},{\"@type\":\"ImageObject\",\"inLanguage\":\"es\",\"@id\":\"https:\/\/www.reconoce.mx\/?p=68194#primaryimage\",\"url\":\"https:\/\/www.reconoce.mx\/wp-content\/uploads\/2017\/11\/mica.png\",\"contentUrl\":\"https:\/\/www.reconoce.mx\/wp-content\/uploads\/2017\/11\/mica.png\",\"width\":590,\"height\":380},{\"@type\":\"BreadcrumbList\",\"@id\":\"https:\/\/www.reconoce.mx\/?p=68194#breadcrumb\",\"itemListElement\":[{\"@type\":\"ListItem\",\"position\":1,\"name\":\"Portada\",\"item\":\"http:\/\/www.reconoce.mx\/\"},{\"@type\":\"ListItem\",\"position\":2,\"name\":\"Llega la 2\u00aa edici\u00f3n del Mercado, Industria, Cine y Audiovisual, MICA 2017\"}]},{\"@type\":\"WebSite\",\"@id\":\"http:\/\/www.reconoce.mx\/#website\",\"url\":\"http:\/\/www.reconoce.mx\/\",\"name\":\"Reconoce MX\",\"description\":\"En Reconoce MX difundimos arte, cultura y conciencia social en M\u00e9xico. Tu ciudad en otra perspectiva.\",\"publisher\":{\"@id\":\"http:\/\/www.reconoce.mx\/#organization\"},\"potentialAction\":[{\"@type\":\"SearchAction\",\"target\":{\"@type\":\"EntryPoint\",\"urlTemplate\":\"http:\/\/www.reconoce.mx\/?s={search_term_string}\"},\"query-input\":{\"@type\":\"PropertyValueSpecification\",\"valueRequired\":true,\"valueName\":\"search_term_string\"}}],\"inLanguage\":\"es\"},{\"@type\":\"Organization\",\"@id\":\"http:\/\/www.reconoce.mx\/#organization\",\"name\":\"Reconoce MX\",\"url\":\"http:\/\/www.reconoce.mx\/\",\"logo\":{\"@type\":\"ImageObject\",\"inLanguage\":\"es\",\"@id\":\"http:\/\/www.reconoce.mx\/#\/schema\/logo\/image\/\",\"url\":\"https:\/\/www.reconoce.mx\/wp-content\/uploads\/2019\/03\/logorcmx-good-1.png\",\"contentUrl\":\"https:\/\/www.reconoce.mx\/wp-content\/uploads\/2019\/03\/logorcmx-good-1.png\",\"width\":280,\"height\":90,\"caption\":\"Reconoce MX\"},\"image\":{\"@id\":\"http:\/\/www.reconoce.mx\/#\/schema\/logo\/image\/\"},\"sameAs\":[\"https:\/\/es-la.facebook.com\/ReconoceMX\/\",\"https:\/\/x.com\/reconocemx\",\"http:\/\/@reconocemx\"]},{\"@type\":\"Person\",\"@id\":\"http:\/\/www.reconoce.mx\/#\/schema\/person\/2117e997d7051dc15d6880eaf9bca0b2\",\"name\":\"Reconoce MX\",\"image\":{\"@type\":\"ImageObject\",\"inLanguage\":\"es\",\"@id\":\"http:\/\/www.reconoce.mx\/#\/schema\/person\/image\/\",\"url\":\"https:\/\/secure.gravatar.com\/avatar\/6c8d4dc7569ca1c90c5fdcc349f839d5ddef6fe1e70b4337ead2ef1a4c43fc3a?s=96&d=identicon&r=g\",\"contentUrl\":\"https:\/\/secure.gravatar.com\/avatar\/6c8d4dc7569ca1c90c5fdcc349f839d5ddef6fe1e70b4337ead2ef1a4c43fc3a?s=96&d=identicon&r=g\",\"caption\":\"Reconoce MX\"},\"description\":\"Reconoce MX es un proyecto de difusi\u00f3n art\u00edstica, cultural y de conciencia social que est\u00e1 enfocado a difundir y fomentar el entretenimiento alternativo de calidad para todo el p\u00fablico que comparta el mismo entusiasmo.\",\"sameAs\":[\"http:\/\/www.reconoce.mx\"],\"url\":\"https:\/\/www.reconoce.mx\/?author=2\"}]}<\/script>\n<!-- \/ Yoast SEO plugin. -->","yoast_head_json":{"title":"Llega la 2\u00aa edici\u00f3n del Mercado, Industria, Cine y Audiovisual, MICA 2017 &#171; Reconoce MX","robots":{"index":"index","follow":"follow","max-snippet":"max-snippet:-1","max-image-preview":"max-image-preview:large","max-video-preview":"max-video-preview:-1"},"canonical":"https:\/\/www.reconoce.mx\/?p=68194","og_locale":"es_ES","og_type":"article","og_title":"Llega la 2\u00aa edici\u00f3n del Mercado, Industria, Cine y Audiovisual, MICA 2017 &#171; Reconoce MX","og_description":"El Mercado, Industria, Cine y Audiovisual, MICA, iniciativa que naci\u00f3 en 2016 entre el Instituto Mexicano de Cinematorgaf\u00eda y los Premios F\u00e9nix, llegar\u00e1 a su segunda edici\u00f3n del 7 al 10 de diciembre del presente.","og_url":"https:\/\/www.reconoce.mx\/?p=68194","og_site_name":"Reconoce MX","article_publisher":"https:\/\/es-la.facebook.com\/ReconoceMX\/","article_published_time":"2017-11-29T06:07:42+00:00","article_modified_time":"2017-11-29T06:55:36+00:00","og_image":[{"width":590,"height":380,"url":"https:\/\/www.reconoce.mx\/wp-content\/uploads\/2017\/11\/mica.png","type":"image\/png"}],"author":"Reconoce MX","twitter_card":"summary_large_image","twitter_creator":"@reconocemx","twitter_site":"@reconocemx","twitter_misc":{"Escrito por":"Reconoce MX","Tiempo de lectura":"2 minutos"},"schema":{"@context":"https:\/\/schema.org","@graph":[{"@type":"Article","@id":"https:\/\/www.reconoce.mx\/?p=68194#article","isPartOf":{"@id":"https:\/\/www.reconoce.mx\/?p=68194"},"author":{"name":"Reconoce MX","@id":"http:\/\/www.reconoce.mx\/#\/schema\/person\/2117e997d7051dc15d6880eaf9bca0b2"},"headline":"Llega la 2\u00aa edici\u00f3n del Mercado, Industria, Cine y Audiovisual, MICA 2017","datePublished":"2017-11-29T06:07:42+00:00","dateModified":"2017-11-29T06:55:36+00:00","mainEntityOfPage":{"@id":"https:\/\/www.reconoce.mx\/?p=68194"},"wordCount":466,"commentCount":0,"publisher":{"@id":"http:\/\/www.reconoce.mx\/#organization"},"image":{"@id":"https:\/\/www.reconoce.mx\/?p=68194#primaryimage"},"thumbnailUrl":"https:\/\/www.reconoce.mx\/wp-content\/uploads\/2017\/11\/mica.png","articleSection":["Cine","Principal"],"inLanguage":"es","potentialAction":[{"@type":"CommentAction","name":"Comment","target":["https:\/\/www.reconoce.mx\/?p=68194#respond"]}]},{"@type":"WebPage","@id":"https:\/\/www.reconoce.mx\/?p=68194","url":"https:\/\/www.reconoce.mx\/?p=68194","name":"Llega la 2\u00aa edici\u00f3n del Mercado, Industria, Cine y Audiovisual, MICA 2017 &#171; Reconoce MX","isPartOf":{"@id":"http:\/\/www.reconoce.mx\/#website"},"primaryImageOfPage":{"@id":"https:\/\/www.reconoce.mx\/?p=68194#primaryimage"},"image":{"@id":"https:\/\/www.reconoce.mx\/?p=68194#primaryimage"},"thumbnailUrl":"https:\/\/www.reconoce.mx\/wp-content\/uploads\/2017\/11\/mica.png","datePublished":"2017-11-29T06:07:42+00:00","dateModified":"2017-11-29T06:55:36+00:00","breadcrumb":{"@id":"https:\/\/www.reconoce.mx\/?p=68194#breadcrumb"},"inLanguage":"es","potentialAction":[{"@type":"ReadAction","target":["https:\/\/www.reconoce.mx\/?p=68194"]}]},{"@type":"ImageObject","inLanguage":"es","@id":"https:\/\/www.reconoce.mx\/?p=68194#primaryimage","url":"https:\/\/www.reconoce.mx\/wp-content\/uploads\/2017\/11\/mica.png","contentUrl":"https:\/\/www.reconoce.mx\/wp-content\/uploads\/2017\/11\/mica.png","width":590,"height":380},{"@type":"BreadcrumbList","@id":"https:\/\/www.reconoce.mx\/?p=68194#breadcrumb","itemListElement":[{"@type":"ListItem","position":1,"name":"Portada","item":"http:\/\/www.reconoce.mx\/"},{"@type":"ListItem","position":2,"name":"Llega la 2\u00aa edici\u00f3n del Mercado, Industria, Cine y Audiovisual, MICA 2017"}]},{"@type":"WebSite","@id":"http:\/\/www.reconoce.mx\/#website","url":"http:\/\/www.reconoce.mx\/","name":"Reconoce MX","description":"En Reconoce MX difundimos arte, cultura y conciencia social en M\u00e9xico. Tu ciudad en otra perspectiva.","publisher":{"@id":"http:\/\/www.reconoce.mx\/#organization"},"potentialAction":[{"@type":"SearchAction","target":{"@type":"EntryPoint","urlTemplate":"http:\/\/www.reconoce.mx\/?s={search_term_string}"},"query-input":{"@type":"PropertyValueSpecification","valueRequired":true,"valueName":"search_term_string"}}],"inLanguage":"es"},{"@type":"Organization","@id":"http:\/\/www.reconoce.mx\/#organization","name":"Reconoce MX","url":"http:\/\/www.reconoce.mx\/","logo":{"@type":"ImageObject","inLanguage":"es","@id":"http:\/\/www.reconoce.mx\/#\/schema\/logo\/image\/","url":"https:\/\/www.reconoce.mx\/wp-content\/uploads\/2019\/03\/logorcmx-good-1.png","contentUrl":"https:\/\/www.reconoce.mx\/wp-content\/uploads\/2019\/03\/logorcmx-good-1.png","width":280,"height":90,"caption":"Reconoce MX"},"image":{"@id":"http:\/\/www.reconoce.mx\/#\/schema\/logo\/image\/"},"sameAs":["https:\/\/es-la.facebook.com\/ReconoceMX\/","https:\/\/x.com\/reconocemx","http:\/\/@reconocemx"]},{"@type":"Person","@id":"http:\/\/www.reconoce.mx\/#\/schema\/person\/2117e997d7051dc15d6880eaf9bca0b2","name":"Reconoce MX","image":{"@type":"ImageObject","inLanguage":"es","@id":"http:\/\/www.reconoce.mx\/#\/schema\/person\/image\/","url":"https:\/\/secure.gravatar.com\/avatar\/6c8d4dc7569ca1c90c5fdcc349f839d5ddef6fe1e70b4337ead2ef1a4c43fc3a?s=96&d=identicon&r=g","contentUrl":"https:\/\/secure.gravatar.com\/avatar\/6c8d4dc7569ca1c90c5fdcc349f839d5ddef6fe1e70b4337ead2ef1a4c43fc3a?s=96&d=identicon&r=g","caption":"Reconoce MX"},"description":"Reconoce MX es un proyecto de difusi\u00f3n art\u00edstica, cultural y de conciencia social que est\u00e1 enfocado a difundir y fomentar el entretenimiento alternativo de calidad para todo el p\u00fablico que comparta el mismo entusiasmo.","sameAs":["http:\/\/www.reconoce.mx"],"url":"https:\/\/www.reconoce.mx\/?author=2"}]}},"_links":{"self":[{"href":"https:\/\/www.reconoce.mx\/index.php?rest_route=\/wp\/v2\/posts\/68194","targetHints":{"allow":["GET"]}}],"collection":[{"href":"https:\/\/www.reconoce.mx\/index.php?rest_route=\/wp\/v2\/posts"}],"about":[{"href":"https:\/\/www.reconoce.mx\/index.php?rest_route=\/wp\/v2\/types\/post"}],"author":[{"embeddable":true,"href":"https:\/\/www.reconoce.mx\/index.php?rest_route=\/wp\/v2\/users\/2"}],"replies":[{"embeddable":true,"href":"https:\/\/www.reconoce.mx\/index.php?rest_route=%2Fwp%2Fv2%2Fcomments&post=68194"}],"version-history":[{"count":2,"href":"https:\/\/www.reconoce.mx\/index.php?rest_route=\/wp\/v2\/posts\/68194\/revisions"}],"predecessor-version":[{"id":68197,"href":"https:\/\/www.reconoce.mx\/index.php?rest_route=\/wp\/v2\/posts\/68194\/revisions\/68197"}],"wp:featuredmedia":[{"embeddable":true,"href":"https:\/\/www.reconoce.mx\/index.php?rest_route=\/wp\/v2\/media\/68195"}],"wp:attachment":[{"href":"https:\/\/www.reconoce.mx\/index.php?rest_route=%2Fwp%2Fv2%2Fmedia&parent=68194"}],"wp:term":[{"taxonomy":"category","embeddable":true,"href":"https:\/\/www.reconoce.mx\/index.php?rest_route=%2Fwp%2Fv2%2Fcategories&post=68194"},{"taxonomy":"post_tag","embeddable":true,"href":"https:\/\/www.reconoce.mx\/index.php?rest_route=%2Fwp%2Fv2%2Ftags&post=68194"}],"curies":[{"name":"wp","href":"https:\/\/api.w.org\/{rel}","templated":true}]}}