{"id":68284,"date":"2017-11-29T00:05:37","date_gmt":"2017-11-29T06:05:37","guid":{"rendered":"http:\/\/www.reconoce.mx\/?p=68284"},"modified":"2017-11-29T00:55:49","modified_gmt":"2017-11-29T06:55:49","slug":"carlos-sadness-se-presentara-en-el-plaza-condesa","status":"publish","type":"post","link":"https:\/\/www.reconoce.mx\/?p=68284","title":{"rendered":"Carlos Sadness se presentar\u00e1 en El Plaza Condesa"},"content":{"rendered":"<p><strong>Por <a href=\"https:\/\/twitter.com\/YessicaDaniels\" target=\"_blank\" rel=\"noopener\">Yessica Daniels<\/a><\/strong>.<\/p>\n<p>La historia de <strong>Carlos Sadness<\/strong> en nuestro pa\u00eds comienza desde muchos a\u00f1os atr\u00e1s, y no solo desde su primer visita en octubre del a\u00f1o 2016, cuando el cantante agot\u00f3 en 5 minutos las entradas de sus diferentes fechas en el <strong>Lunario del Auditorio Nacional<\/strong>, algo que la prensa catalog\u00f3 como un hecho nunca antes visto con un artista independiente espa\u00f1ol.<\/p>\n<p><a href=\"http:\/\/www.reconoce.mx\/wp-content\/uploads\/2017\/11\/event-poster-8575439.jpg\"><img loading=\"lazy\" decoding=\"async\" src=\"http:\/\/www.reconoce.mx\/wp-content\/uploads\/2017\/11\/event-poster-8575439.jpg\" alt=\"\" width=\"800\" height=\"1237\" class=\"aligncenter size-full wp-image-68285\" srcset=\"https:\/\/www.reconoce.mx\/wp-content\/uploads\/2017\/11\/event-poster-8575439.jpg 800w, https:\/\/www.reconoce.mx\/wp-content\/uploads\/2017\/11\/event-poster-8575439-194x300.jpg 194w, https:\/\/www.reconoce.mx\/wp-content\/uploads\/2017\/11\/event-poster-8575439-768x1188.jpg 768w, https:\/\/www.reconoce.mx\/wp-content\/uploads\/2017\/11\/event-poster-8575439-662x1024.jpg 662w, https:\/\/www.reconoce.mx\/wp-content\/uploads\/2017\/11\/event-poster-8575439-150x232.jpg 150w, https:\/\/www.reconoce.mx\/wp-content\/uploads\/2017\/11\/event-poster-8575439-700x1082.jpg 700w, https:\/\/www.reconoce.mx\/wp-content\/uploads\/2017\/11\/event-poster-8575439-658x1017.jpg 658w, https:\/\/www.reconoce.mx\/wp-content\/uploads\/2017\/11\/event-poster-8575439-300x464.jpg 300w\" sizes=\"auto, (max-width: 800px) 100vw, 800px\" \/><\/a><\/p>\n<p>Y es que la historia musical de Sadness no comienza con el contrato de una disquera (<strong>SONY<\/strong>), ni la invitaci\u00f3n de <strong>OCESA<\/strong> para presentarse en nuestro pa\u00eds, si no desde a\u00f1os atr\u00e1s cuando cientos de fans consumen la m\u00fasica de su anterior faceta Shinoflow, y que a\u00f1oraban asistir para verlo actuar en vivo cuando \u00e9sto sucediera.<\/p>\n<p>Adem\u00e1s de sus presentaciones en el <strong>Lunario<\/strong>, una ola de \u00e9xitos vinieron en su carrera, como la invitaci\u00f3n a ser parte de festivales importantes como <strong>Vive Latino<\/strong>, <strong>Pal&#8217; Norte<\/strong> y <strong>Coordenada<\/strong>, por mencionar algunos.<\/p>\n<style>.embed-container { position: relative; padding-bottom: 56.25%; height: 0; overflow: hidden; max-width: 100%; } .embed-container iframe, .embed-container object, .embed-container embed { position: absolute; top: 0; left: 0; width: 100%; height: 100%; }<\/style>\n<div class=\"embed-container\"><iframe loading=\"lazy\" src=\"https:\/\/www.youtube.com\/embed\/f4H3YNRLlEY\" width=\"300\" height=\"150\" frameborder=\"0\" allowfullscreen=\"allowfullscreen\"><\/iframe><\/div>\n<p>&nbsp;<\/p>\n<p>Colaboraciones con artistas mexicanos e invitaciones a importantes programas en vivo en nuestro pa\u00eds, hicieron que su m\u00fasica llegara a todos lados, tanto que posiblemente lo tengamos present\u00e1ndose en nuestro pa\u00eds por muchos a\u00f1os m\u00e1s.<\/p>\n<p>En fin, el pr\u00f3ximo 1 de diciembre <strong>Carlos Sadness<\/strong> estar\u00e1 present\u00e1ndose por primera vez en las instalaciones de <strong>El Plaza Condesa<\/strong>, donde presentar\u00e1 una versi\u00f3n especial de su primer disco \u00abCiencias celestes\u00bb, publicado en el a\u00f1o 2002. Boletos a la venta en taquilla y a trav\u00e9s del <a href=\"http:\/\/www.ticketmaster.com.mx\/carlos-sadness-mexico-distrito-federal-01-12-2017\/event\/140052FD01B5E3D5\" target=\"_blank\" rel=\"noopener\">Sistema Ticketmaster<\/a>.<\/p>\n<p>Es importante se\u00f1alar que desde que fue anunciada la fecha en redes sociales, se prometi\u00f3 el disco en f\u00edsico de la edici\u00f3n especial, mismo que ser\u00e1 entregada personalmente en la tienda de souvenirs.<\/p>\n<p>&nbsp;<\/p>\n<p>&nbsp;<\/p>\n","protected":false},"excerpt":{"rendered":"<p>La historia de Carlos Sadness en nuestro pa\u00eds comienza desde muchos a\u00f1os atr\u00e1s, y no solo desde su primer visita en octubre del a\u00f1o 2016, cuando el cantante agot\u00f3 en 5 minutos las entradas de sus diferentes fechas en el Lunario del Auditorio Nacional.<\/p>\n","protected":false},"author":2,"featured_media":68286,"comment_status":"open","ping_status":"open","sticky":false,"template":"","format":"standard","meta":{"footnotes":""},"categories":[1,18,17],"tags":[],"class_list":["post-68284","post","type-post","status-publish","format-standard","has-post-thumbnail","hentry","category-cultura","category-musica","category-principal"],"yoast_head":"<!-- This site is optimized with the Yoast SEO plugin v24.7 - https:\/\/yoast.com\/wordpress\/plugins\/seo\/ -->\n<title>Carlos Sadness se presentar\u00e1 en El Plaza Condesa &#171; Reconoce MX<\/title>\n<meta name=\"robots\" content=\"index, follow, max-snippet:-1, max-image-preview:large, max-video-preview:-1\" \/>\n<link rel=\"canonical\" href=\"https:\/\/www.reconoce.mx\/?p=68284\" \/>\n<meta property=\"og:locale\" content=\"es_ES\" \/>\n<meta property=\"og:type\" content=\"article\" \/>\n<meta property=\"og:title\" content=\"Carlos Sadness se presentar\u00e1 en El Plaza Condesa &#171; Reconoce MX\" \/>\n<meta property=\"og:description\" content=\"La historia de Carlos Sadness en nuestro pa\u00eds comienza desde muchos a\u00f1os atr\u00e1s, y no solo desde su primer visita en octubre del a\u00f1o 2016, cuando el cantante agot\u00f3 en 5 minutos las entradas de sus diferentes fechas en el Lunario del Auditorio Nacional.\" \/>\n<meta property=\"og:url\" content=\"https:\/\/www.reconoce.mx\/?p=68284\" \/>\n<meta property=\"og:site_name\" content=\"Reconoce MX\" \/>\n<meta property=\"article:publisher\" content=\"https:\/\/es-la.facebook.com\/ReconoceMX\/\" \/>\n<meta property=\"article:published_time\" content=\"2017-11-29T06:05:37+00:00\" \/>\n<meta property=\"article:modified_time\" content=\"2017-11-29T06:55:49+00:00\" \/>\n<meta property=\"og:image\" content=\"https:\/\/www.reconoce.mx\/wp-content\/uploads\/2017\/11\/carlos-sadness-cover.png\" \/>\n\t<meta property=\"og:image:width\" content=\"590\" \/>\n\t<meta property=\"og:image:height\" content=\"380\" \/>\n\t<meta property=\"og:image:type\" content=\"image\/png\" \/>\n<meta name=\"author\" content=\"Reconoce MX\" \/>\n<meta name=\"twitter:card\" content=\"summary_large_image\" \/>\n<meta name=\"twitter:creator\" content=\"@reconocemx\" \/>\n<meta name=\"twitter:site\" content=\"@reconocemx\" \/>\n<meta name=\"twitter:label1\" content=\"Escrito por\" \/>\n\t<meta name=\"twitter:data1\" content=\"Reconoce MX\" \/>\n\t<meta name=\"twitter:label2\" content=\"Tiempo de lectura\" \/>\n\t<meta name=\"twitter:data2\" content=\"1 minuto\" \/>\n<script type=\"application\/ld+json\" class=\"yoast-schema-graph\">{\"@context\":\"https:\/\/schema.org\",\"@graph\":[{\"@type\":\"Article\",\"@id\":\"https:\/\/www.reconoce.mx\/?p=68284#article\",\"isPartOf\":{\"@id\":\"https:\/\/www.reconoce.mx\/?p=68284\"},\"author\":{\"name\":\"Reconoce MX\",\"@id\":\"http:\/\/www.reconoce.mx\/#\/schema\/person\/2117e997d7051dc15d6880eaf9bca0b2\"},\"headline\":\"Carlos Sadness se presentar\u00e1 en El Plaza Condesa\",\"datePublished\":\"2017-11-29T06:05:37+00:00\",\"dateModified\":\"2017-11-29T06:55:49+00:00\",\"mainEntityOfPage\":{\"@id\":\"https:\/\/www.reconoce.mx\/?p=68284\"},\"wordCount\":304,\"commentCount\":0,\"publisher\":{\"@id\":\"http:\/\/www.reconoce.mx\/#organization\"},\"image\":{\"@id\":\"https:\/\/www.reconoce.mx\/?p=68284#primaryimage\"},\"thumbnailUrl\":\"https:\/\/www.reconoce.mx\/wp-content\/uploads\/2017\/11\/carlos-sadness-cover.png\",\"articleSection\":[\"Cultura\",\"M\u00fasica\",\"Principal\"],\"inLanguage\":\"es\",\"potentialAction\":[{\"@type\":\"CommentAction\",\"name\":\"Comment\",\"target\":[\"https:\/\/www.reconoce.mx\/?p=68284#respond\"]}]},{\"@type\":\"WebPage\",\"@id\":\"https:\/\/www.reconoce.mx\/?p=68284\",\"url\":\"https:\/\/www.reconoce.mx\/?p=68284\",\"name\":\"Carlos Sadness se presentar\u00e1 en El Plaza Condesa &#171; Reconoce MX\",\"isPartOf\":{\"@id\":\"http:\/\/www.reconoce.mx\/#website\"},\"primaryImageOfPage\":{\"@id\":\"https:\/\/www.reconoce.mx\/?p=68284#primaryimage\"},\"image\":{\"@id\":\"https:\/\/www.reconoce.mx\/?p=68284#primaryimage\"},\"thumbnailUrl\":\"https:\/\/www.reconoce.mx\/wp-content\/uploads\/2017\/11\/carlos-sadness-cover.png\",\"datePublished\":\"2017-11-29T06:05:37+00:00\",\"dateModified\":\"2017-11-29T06:55:49+00:00\",\"breadcrumb\":{\"@id\":\"https:\/\/www.reconoce.mx\/?p=68284#breadcrumb\"},\"inLanguage\":\"es\",\"potentialAction\":[{\"@type\":\"ReadAction\",\"target\":[\"https:\/\/www.reconoce.mx\/?p=68284\"]}]},{\"@type\":\"ImageObject\",\"inLanguage\":\"es\",\"@id\":\"https:\/\/www.reconoce.mx\/?p=68284#primaryimage\",\"url\":\"https:\/\/www.reconoce.mx\/wp-content\/uploads\/2017\/11\/carlos-sadness-cover.png\",\"contentUrl\":\"https:\/\/www.reconoce.mx\/wp-content\/uploads\/2017\/11\/carlos-sadness-cover.png\",\"width\":590,\"height\":380},{\"@type\":\"BreadcrumbList\",\"@id\":\"https:\/\/www.reconoce.mx\/?p=68284#breadcrumb\",\"itemListElement\":[{\"@type\":\"ListItem\",\"position\":1,\"name\":\"Portada\",\"item\":\"http:\/\/www.reconoce.mx\/\"},{\"@type\":\"ListItem\",\"position\":2,\"name\":\"Carlos Sadness se presentar\u00e1 en El Plaza Condesa\"}]},{\"@type\":\"WebSite\",\"@id\":\"http:\/\/www.reconoce.mx\/#website\",\"url\":\"http:\/\/www.reconoce.mx\/\",\"name\":\"Reconoce MX\",\"description\":\"En Reconoce MX difundimos arte, cultura y conciencia social en M\u00e9xico. Tu ciudad en otra perspectiva.\",\"publisher\":{\"@id\":\"http:\/\/www.reconoce.mx\/#organization\"},\"potentialAction\":[{\"@type\":\"SearchAction\",\"target\":{\"@type\":\"EntryPoint\",\"urlTemplate\":\"http:\/\/www.reconoce.mx\/?s={search_term_string}\"},\"query-input\":{\"@type\":\"PropertyValueSpecification\",\"valueRequired\":true,\"valueName\":\"search_term_string\"}}],\"inLanguage\":\"es\"},{\"@type\":\"Organization\",\"@id\":\"http:\/\/www.reconoce.mx\/#organization\",\"name\":\"Reconoce MX\",\"url\":\"http:\/\/www.reconoce.mx\/\",\"logo\":{\"@type\":\"ImageObject\",\"inLanguage\":\"es\",\"@id\":\"http:\/\/www.reconoce.mx\/#\/schema\/logo\/image\/\",\"url\":\"https:\/\/www.reconoce.mx\/wp-content\/uploads\/2019\/03\/logorcmx-good-1.png\",\"contentUrl\":\"https:\/\/www.reconoce.mx\/wp-content\/uploads\/2019\/03\/logorcmx-good-1.png\",\"width\":280,\"height\":90,\"caption\":\"Reconoce MX\"},\"image\":{\"@id\":\"http:\/\/www.reconoce.mx\/#\/schema\/logo\/image\/\"},\"sameAs\":[\"https:\/\/es-la.facebook.com\/ReconoceMX\/\",\"https:\/\/x.com\/reconocemx\",\"http:\/\/@reconocemx\"]},{\"@type\":\"Person\",\"@id\":\"http:\/\/www.reconoce.mx\/#\/schema\/person\/2117e997d7051dc15d6880eaf9bca0b2\",\"name\":\"Reconoce MX\",\"image\":{\"@type\":\"ImageObject\",\"inLanguage\":\"es\",\"@id\":\"http:\/\/www.reconoce.mx\/#\/schema\/person\/image\/\",\"url\":\"https:\/\/secure.gravatar.com\/avatar\/6c8d4dc7569ca1c90c5fdcc349f839d5ddef6fe1e70b4337ead2ef1a4c43fc3a?s=96&d=identicon&r=g\",\"contentUrl\":\"https:\/\/secure.gravatar.com\/avatar\/6c8d4dc7569ca1c90c5fdcc349f839d5ddef6fe1e70b4337ead2ef1a4c43fc3a?s=96&d=identicon&r=g\",\"caption\":\"Reconoce MX\"},\"description\":\"Reconoce MX es un proyecto de difusi\u00f3n art\u00edstica, cultural y de conciencia social que est\u00e1 enfocado a difundir y fomentar el entretenimiento alternativo de calidad para todo el p\u00fablico que comparta el mismo entusiasmo.\",\"sameAs\":[\"http:\/\/www.reconoce.mx\"],\"url\":\"https:\/\/www.reconoce.mx\/?author=2\"}]}<\/script>\n<!-- \/ Yoast SEO plugin. -->","yoast_head_json":{"title":"Carlos Sadness se presentar\u00e1 en El Plaza Condesa &#171; Reconoce MX","robots":{"index":"index","follow":"follow","max-snippet":"max-snippet:-1","max-image-preview":"max-image-preview:large","max-video-preview":"max-video-preview:-1"},"canonical":"https:\/\/www.reconoce.mx\/?p=68284","og_locale":"es_ES","og_type":"article","og_title":"Carlos Sadness se presentar\u00e1 en El Plaza Condesa &#171; Reconoce MX","og_description":"La historia de Carlos Sadness en nuestro pa\u00eds comienza desde muchos a\u00f1os atr\u00e1s, y no solo desde su primer visita en octubre del a\u00f1o 2016, cuando el cantante agot\u00f3 en 5 minutos las entradas de sus diferentes fechas en el Lunario del Auditorio Nacional.","og_url":"https:\/\/www.reconoce.mx\/?p=68284","og_site_name":"Reconoce MX","article_publisher":"https:\/\/es-la.facebook.com\/ReconoceMX\/","article_published_time":"2017-11-29T06:05:37+00:00","article_modified_time":"2017-11-29T06:55:49+00:00","og_image":[{"width":590,"height":380,"url":"https:\/\/www.reconoce.mx\/wp-content\/uploads\/2017\/11\/carlos-sadness-cover.png","type":"image\/png"}],"author":"Reconoce MX","twitter_card":"summary_large_image","twitter_creator":"@reconocemx","twitter_site":"@reconocemx","twitter_misc":{"Escrito por":"Reconoce MX","Tiempo de lectura":"1 minuto"},"schema":{"@context":"https:\/\/schema.org","@graph":[{"@type":"Article","@id":"https:\/\/www.reconoce.mx\/?p=68284#article","isPartOf":{"@id":"https:\/\/www.reconoce.mx\/?p=68284"},"author":{"name":"Reconoce MX","@id":"http:\/\/www.reconoce.mx\/#\/schema\/person\/2117e997d7051dc15d6880eaf9bca0b2"},"headline":"Carlos Sadness se presentar\u00e1 en El Plaza Condesa","datePublished":"2017-11-29T06:05:37+00:00","dateModified":"2017-11-29T06:55:49+00:00","mainEntityOfPage":{"@id":"https:\/\/www.reconoce.mx\/?p=68284"},"wordCount":304,"commentCount":0,"publisher":{"@id":"http:\/\/www.reconoce.mx\/#organization"},"image":{"@id":"https:\/\/www.reconoce.mx\/?p=68284#primaryimage"},"thumbnailUrl":"https:\/\/www.reconoce.mx\/wp-content\/uploads\/2017\/11\/carlos-sadness-cover.png","articleSection":["Cultura","M\u00fasica","Principal"],"inLanguage":"es","potentialAction":[{"@type":"CommentAction","name":"Comment","target":["https:\/\/www.reconoce.mx\/?p=68284#respond"]}]},{"@type":"WebPage","@id":"https:\/\/www.reconoce.mx\/?p=68284","url":"https:\/\/www.reconoce.mx\/?p=68284","name":"Carlos Sadness se presentar\u00e1 en El Plaza Condesa &#171; Reconoce MX","isPartOf":{"@id":"http:\/\/www.reconoce.mx\/#website"},"primaryImageOfPage":{"@id":"https:\/\/www.reconoce.mx\/?p=68284#primaryimage"},"image":{"@id":"https:\/\/www.reconoce.mx\/?p=68284#primaryimage"},"thumbnailUrl":"https:\/\/www.reconoce.mx\/wp-content\/uploads\/2017\/11\/carlos-sadness-cover.png","datePublished":"2017-11-29T06:05:37+00:00","dateModified":"2017-11-29T06:55:49+00:00","breadcrumb":{"@id":"https:\/\/www.reconoce.mx\/?p=68284#breadcrumb"},"inLanguage":"es","potentialAction":[{"@type":"ReadAction","target":["https:\/\/www.reconoce.mx\/?p=68284"]}]},{"@type":"ImageObject","inLanguage":"es","@id":"https:\/\/www.reconoce.mx\/?p=68284#primaryimage","url":"https:\/\/www.reconoce.mx\/wp-content\/uploads\/2017\/11\/carlos-sadness-cover.png","contentUrl":"https:\/\/www.reconoce.mx\/wp-content\/uploads\/2017\/11\/carlos-sadness-cover.png","width":590,"height":380},{"@type":"BreadcrumbList","@id":"https:\/\/www.reconoce.mx\/?p=68284#breadcrumb","itemListElement":[{"@type":"ListItem","position":1,"name":"Portada","item":"http:\/\/www.reconoce.mx\/"},{"@type":"ListItem","position":2,"name":"Carlos Sadness se presentar\u00e1 en El Plaza Condesa"}]},{"@type":"WebSite","@id":"http:\/\/www.reconoce.mx\/#website","url":"http:\/\/www.reconoce.mx\/","name":"Reconoce MX","description":"En Reconoce MX difundimos arte, cultura y conciencia social en M\u00e9xico. Tu ciudad en otra perspectiva.","publisher":{"@id":"http:\/\/www.reconoce.mx\/#organization"},"potentialAction":[{"@type":"SearchAction","target":{"@type":"EntryPoint","urlTemplate":"http:\/\/www.reconoce.mx\/?s={search_term_string}"},"query-input":{"@type":"PropertyValueSpecification","valueRequired":true,"valueName":"search_term_string"}}],"inLanguage":"es"},{"@type":"Organization","@id":"http:\/\/www.reconoce.mx\/#organization","name":"Reconoce MX","url":"http:\/\/www.reconoce.mx\/","logo":{"@type":"ImageObject","inLanguage":"es","@id":"http:\/\/www.reconoce.mx\/#\/schema\/logo\/image\/","url":"https:\/\/www.reconoce.mx\/wp-content\/uploads\/2019\/03\/logorcmx-good-1.png","contentUrl":"https:\/\/www.reconoce.mx\/wp-content\/uploads\/2019\/03\/logorcmx-good-1.png","width":280,"height":90,"caption":"Reconoce MX"},"image":{"@id":"http:\/\/www.reconoce.mx\/#\/schema\/logo\/image\/"},"sameAs":["https:\/\/es-la.facebook.com\/ReconoceMX\/","https:\/\/x.com\/reconocemx","http:\/\/@reconocemx"]},{"@type":"Person","@id":"http:\/\/www.reconoce.mx\/#\/schema\/person\/2117e997d7051dc15d6880eaf9bca0b2","name":"Reconoce MX","image":{"@type":"ImageObject","inLanguage":"es","@id":"http:\/\/www.reconoce.mx\/#\/schema\/person\/image\/","url":"https:\/\/secure.gravatar.com\/avatar\/6c8d4dc7569ca1c90c5fdcc349f839d5ddef6fe1e70b4337ead2ef1a4c43fc3a?s=96&d=identicon&r=g","contentUrl":"https:\/\/secure.gravatar.com\/avatar\/6c8d4dc7569ca1c90c5fdcc349f839d5ddef6fe1e70b4337ead2ef1a4c43fc3a?s=96&d=identicon&r=g","caption":"Reconoce MX"},"description":"Reconoce MX es un proyecto de difusi\u00f3n art\u00edstica, cultural y de conciencia social que est\u00e1 enfocado a difundir y fomentar el entretenimiento alternativo de calidad para todo el p\u00fablico que comparta el mismo entusiasmo.","sameAs":["http:\/\/www.reconoce.mx"],"url":"https:\/\/www.reconoce.mx\/?author=2"}]}},"_links":{"self":[{"href":"https:\/\/www.reconoce.mx\/index.php?rest_route=\/wp\/v2\/posts\/68284","targetHints":{"allow":["GET"]}}],"collection":[{"href":"https:\/\/www.reconoce.mx\/index.php?rest_route=\/wp\/v2\/posts"}],"about":[{"href":"https:\/\/www.reconoce.mx\/index.php?rest_route=\/wp\/v2\/types\/post"}],"author":[{"embeddable":true,"href":"https:\/\/www.reconoce.mx\/index.php?rest_route=\/wp\/v2\/users\/2"}],"replies":[{"embeddable":true,"href":"https:\/\/www.reconoce.mx\/index.php?rest_route=%2Fwp%2Fv2%2Fcomments&post=68284"}],"version-history":[{"count":2,"href":"https:\/\/www.reconoce.mx\/index.php?rest_route=\/wp\/v2\/posts\/68284\/revisions"}],"predecessor-version":[{"id":68288,"href":"https:\/\/www.reconoce.mx\/index.php?rest_route=\/wp\/v2\/posts\/68284\/revisions\/68288"}],"wp:featuredmedia":[{"embeddable":true,"href":"https:\/\/www.reconoce.mx\/index.php?rest_route=\/wp\/v2\/media\/68286"}],"wp:attachment":[{"href":"https:\/\/www.reconoce.mx\/index.php?rest_route=%2Fwp%2Fv2%2Fmedia&parent=68284"}],"wp:term":[{"taxonomy":"category","embeddable":true,"href":"https:\/\/www.reconoce.mx\/index.php?rest_route=%2Fwp%2Fv2%2Fcategories&post=68284"},{"taxonomy":"post_tag","embeddable":true,"href":"https:\/\/www.reconoce.mx\/index.php?rest_route=%2Fwp%2Fv2%2Ftags&post=68284"}],"curies":[{"name":"wp","href":"https:\/\/api.w.org\/{rel}","templated":true}]}}