{"id":68289,"date":"2017-11-29T00:04:00","date_gmt":"2017-11-29T06:04:00","guid":{"rendered":"http:\/\/www.reconoce.mx\/?p=68289"},"modified":"2017-11-29T00:55:58","modified_gmt":"2017-11-29T06:55:58","slug":"the-nbhd-el-blanco-y-negro-de-la-musica-estara-en-el-plaza-condesa","status":"publish","type":"post","link":"https:\/\/www.reconoce.mx\/?p=68289","title":{"rendered":"THE NBHD, el blanco y negro de la m\u00fasica estar\u00e1 en El Plaza Condesa"},"content":{"rendered":"<p><strong>Por <a href=\"https:\/\/twitter.com\/alice_freckles\" target=\"_blank\" rel=\"noopener noreferrer\">Alicia \u00c1vila Monroy<\/a>.<\/strong><\/p>\n<p>Hace unas semanas, la banda estadounidense <strong>The Neighborhood<\/strong> anunci\u00f3 a trav\u00e9s de sus redes sociales que visitar\u00edan Ciudad de M\u00e9xico y se presentar\u00edan con dos shows en <strong>El Plaza Condesa<\/strong>: el domingo 3 y el lunes 4 de diciembre. Es la primera vez que los californianos pisan M\u00e9xico y no solamente estar\u00e1n visitando la ciudad, sino que despu\u00e9s de las dos fechas que dar\u00e1n por ac\u00e1, un par de d\u00edas despu\u00e9s se presentar\u00e1n en Monterrey.<\/p>\n<p><a href=\"http:\/\/www.reconoce.mx\/wp-content\/uploads\/2017\/11\/20507664_1603114139739838_4382235000363054137_o.jpg\"><img loading=\"lazy\" decoding=\"async\" class=\"aligncenter size-full wp-image-68290\" src=\"http:\/\/www.reconoce.mx\/wp-content\/uploads\/2017\/11\/20507664_1603114139739838_4382235000363054137_o.jpg\" alt=\"\" width=\"1146\" height=\"1772\" srcset=\"https:\/\/www.reconoce.mx\/wp-content\/uploads\/2017\/11\/20507664_1603114139739838_4382235000363054137_o.jpg 1146w, https:\/\/www.reconoce.mx\/wp-content\/uploads\/2017\/11\/20507664_1603114139739838_4382235000363054137_o-194x300.jpg 194w, https:\/\/www.reconoce.mx\/wp-content\/uploads\/2017\/11\/20507664_1603114139739838_4382235000363054137_o-768x1188.jpg 768w, https:\/\/www.reconoce.mx\/wp-content\/uploads\/2017\/11\/20507664_1603114139739838_4382235000363054137_o-662x1024.jpg 662w, https:\/\/www.reconoce.mx\/wp-content\/uploads\/2017\/11\/20507664_1603114139739838_4382235000363054137_o-150x232.jpg 150w, https:\/\/www.reconoce.mx\/wp-content\/uploads\/2017\/11\/20507664_1603114139739838_4382235000363054137_o-700x1082.jpg 700w, https:\/\/www.reconoce.mx\/wp-content\/uploads\/2017\/11\/20507664_1603114139739838_4382235000363054137_o-658x1017.jpg 658w, https:\/\/www.reconoce.mx\/wp-content\/uploads\/2017\/11\/20507664_1603114139739838_4382235000363054137_o-300x464.jpg 300w\" sizes=\"auto, (max-width: 1146px) 100vw, 1146px\" \/><\/a><\/p>\n<p>La banda de rock alternativo que inici\u00f3 en agosto de 2011, est\u00e1 conformada por Jesse Rutherford (voz), Jeremy Freedman y Zach Abels (guitarras), Mikey Margott (bajo) y Brandon Fried (bater\u00eda). Fue despu\u00e9s de lanzar tres EP, \u00abIm sorry&#8230;\u00bb, \u00abThe love collection\u00bb y \u00abThank you\u00bb, que <strong>The NBHD<\/strong> se anim\u00f3 a publicar su primer \u00e1lbum de larga duraci\u00f3n: \u00abI love you\u00bb en 2013, material del que se desprenden temas como \u00abAfraid\u00bb, \u00abLet it go\u00bb y uno de nuestros favoritos, \u00abSweater weather\u00bb, <em>single<\/em> que recibi\u00f3 la certificaci\u00f3n de platino en Estados Unidos y que sigue conquistando corazones despu\u00e9s de 4 a\u00f1os. En 2015 el grupo form\u00f3 parte del soundtrack \u00abThe Amazing Spider-Man 2\u00bb con \u00abHonest\u00bb y lanz\u00f3 su segundo material, \u00abWiped Out!\u00bb en 2015, debutando en el n\u00famero uno de la lista de \u00e1lbumes alternativos de <strong>Billboard<\/strong> alcanzando el n\u00famero 2 de las listas \u00abTop Rock\u00bb.<\/p>\n<p>\u00bfPor qu\u00e9 nos gusta tanto<strong> The Neighborhood<\/strong>? El secreto de esta banda para seguir unidos, es que todos los miembros son amigos desde antes de iniciar a tocar juntos, y nos encanta identificar elementos peculiares por los que se distinguen de otras bandas como el toque de representar su m\u00fasica con el color blanco y negro con los que est\u00e1n hechos sus videoclips.<\/p>\n<p>Aunque no hicieron algo m\u00e1s despu\u00e9s de \u00abWiped Out!\u00bb, fans de la banda ans\u00edan presenciar cada \u00e9xito de la banda desde sus inicios.<\/p>\n<p>A\u00fan puedes adquirir boletos en taquillas del inmueble y a trav\u00e9s de <a href=\"http:\/\/www.ticketmaster.com.mx\/the-neighbourhood-el-plaza-condesa-mexico-df\/venueartist\/164618\/2164718\" target=\"_blank\" rel=\"noopener\">Ticketmaster<\/a>.<\/p>\n<p>&nbsp;<\/p>\n<p>&nbsp;<\/p>\n","protected":false},"excerpt":{"rendered":"<p>Hace unas semanas, la banda estadounidense The Neighborhood anunci\u00f3 a trav\u00e9s de sus redes sociales que visitar\u00edan Ciudad de M\u00e9xico y se presentar\u00edan con dos shows en El Plaza Condesa: el domingo 3 y el lunes 4 de diciembre.<\/p>\n","protected":false},"author":2,"featured_media":68291,"comment_status":"open","ping_status":"open","sticky":false,"template":"","format":"standard","meta":{"footnotes":""},"categories":[1,18,17],"tags":[],"class_list":["post-68289","post","type-post","status-publish","format-standard","has-post-thumbnail","hentry","category-cultura","category-musica","category-principal"],"yoast_head":"<!-- This site is optimized with the Yoast SEO plugin v24.7 - https:\/\/yoast.com\/wordpress\/plugins\/seo\/ -->\n<title>THE NBHD, el blanco y negro de la m\u00fasica estar\u00e1 en El Plaza Condesa &#171; Reconoce MX<\/title>\n<meta name=\"robots\" content=\"index, follow, max-snippet:-1, max-image-preview:large, max-video-preview:-1\" \/>\n<link rel=\"canonical\" href=\"https:\/\/www.reconoce.mx\/?p=68289\" \/>\n<meta property=\"og:locale\" content=\"es_ES\" \/>\n<meta property=\"og:type\" content=\"article\" \/>\n<meta property=\"og:title\" content=\"THE NBHD, el blanco y negro de la m\u00fasica estar\u00e1 en El Plaza Condesa &#171; Reconoce MX\" \/>\n<meta property=\"og:description\" content=\"Hace unas semanas, la banda estadounidense The Neighborhood anunci\u00f3 a trav\u00e9s de sus redes sociales que visitar\u00edan Ciudad de M\u00e9xico y se presentar\u00edan con dos shows en El Plaza Condesa: el domingo 3 y el lunes 4 de diciembre.\" \/>\n<meta property=\"og:url\" content=\"https:\/\/www.reconoce.mx\/?p=68289\" \/>\n<meta property=\"og:site_name\" content=\"Reconoce MX\" \/>\n<meta property=\"article:publisher\" content=\"https:\/\/es-la.facebook.com\/ReconoceMX\/\" \/>\n<meta property=\"article:published_time\" content=\"2017-11-29T06:04:00+00:00\" \/>\n<meta property=\"article:modified_time\" content=\"2017-11-29T06:55:58+00:00\" \/>\n<meta property=\"og:image\" content=\"https:\/\/www.reconoce.mx\/wp-content\/uploads\/2017\/11\/neighbourhood-plaza.png\" \/>\n\t<meta property=\"og:image:width\" content=\"590\" \/>\n\t<meta property=\"og:image:height\" content=\"380\" \/>\n\t<meta property=\"og:image:type\" content=\"image\/png\" \/>\n<meta name=\"author\" content=\"Reconoce MX\" \/>\n<meta name=\"twitter:card\" content=\"summary_large_image\" \/>\n<meta name=\"twitter:creator\" content=\"@reconocemx\" \/>\n<meta name=\"twitter:site\" content=\"@reconocemx\" \/>\n<meta name=\"twitter:label1\" content=\"Escrito por\" \/>\n\t<meta name=\"twitter:data1\" content=\"Reconoce MX\" \/>\n\t<meta name=\"twitter:label2\" content=\"Tiempo de lectura\" \/>\n\t<meta name=\"twitter:data2\" content=\"2 minutos\" \/>\n<script type=\"application\/ld+json\" class=\"yoast-schema-graph\">{\"@context\":\"https:\/\/schema.org\",\"@graph\":[{\"@type\":\"Article\",\"@id\":\"https:\/\/www.reconoce.mx\/?p=68289#article\",\"isPartOf\":{\"@id\":\"https:\/\/www.reconoce.mx\/?p=68289\"},\"author\":{\"name\":\"Reconoce MX\",\"@id\":\"http:\/\/www.reconoce.mx\/#\/schema\/person\/2117e997d7051dc15d6880eaf9bca0b2\"},\"headline\":\"THE NBHD, el blanco y negro de la m\u00fasica estar\u00e1 en El Plaza Condesa\",\"datePublished\":\"2017-11-29T06:04:00+00:00\",\"dateModified\":\"2017-11-29T06:55:58+00:00\",\"mainEntityOfPage\":{\"@id\":\"https:\/\/www.reconoce.mx\/?p=68289\"},\"wordCount\":356,\"commentCount\":0,\"publisher\":{\"@id\":\"http:\/\/www.reconoce.mx\/#organization\"},\"image\":{\"@id\":\"https:\/\/www.reconoce.mx\/?p=68289#primaryimage\"},\"thumbnailUrl\":\"https:\/\/www.reconoce.mx\/wp-content\/uploads\/2017\/11\/neighbourhood-plaza.png\",\"articleSection\":[\"Cultura\",\"M\u00fasica\",\"Principal\"],\"inLanguage\":\"es\",\"potentialAction\":[{\"@type\":\"CommentAction\",\"name\":\"Comment\",\"target\":[\"https:\/\/www.reconoce.mx\/?p=68289#respond\"]}]},{\"@type\":\"WebPage\",\"@id\":\"https:\/\/www.reconoce.mx\/?p=68289\",\"url\":\"https:\/\/www.reconoce.mx\/?p=68289\",\"name\":\"THE NBHD, el blanco y negro de la m\u00fasica estar\u00e1 en El Plaza Condesa &#171; Reconoce MX\",\"isPartOf\":{\"@id\":\"http:\/\/www.reconoce.mx\/#website\"},\"primaryImageOfPage\":{\"@id\":\"https:\/\/www.reconoce.mx\/?p=68289#primaryimage\"},\"image\":{\"@id\":\"https:\/\/www.reconoce.mx\/?p=68289#primaryimage\"},\"thumbnailUrl\":\"https:\/\/www.reconoce.mx\/wp-content\/uploads\/2017\/11\/neighbourhood-plaza.png\",\"datePublished\":\"2017-11-29T06:04:00+00:00\",\"dateModified\":\"2017-11-29T06:55:58+00:00\",\"breadcrumb\":{\"@id\":\"https:\/\/www.reconoce.mx\/?p=68289#breadcrumb\"},\"inLanguage\":\"es\",\"potentialAction\":[{\"@type\":\"ReadAction\",\"target\":[\"https:\/\/www.reconoce.mx\/?p=68289\"]}]},{\"@type\":\"ImageObject\",\"inLanguage\":\"es\",\"@id\":\"https:\/\/www.reconoce.mx\/?p=68289#primaryimage\",\"url\":\"https:\/\/www.reconoce.mx\/wp-content\/uploads\/2017\/11\/neighbourhood-plaza.png\",\"contentUrl\":\"https:\/\/www.reconoce.mx\/wp-content\/uploads\/2017\/11\/neighbourhood-plaza.png\",\"width\":590,\"height\":380},{\"@type\":\"BreadcrumbList\",\"@id\":\"https:\/\/www.reconoce.mx\/?p=68289#breadcrumb\",\"itemListElement\":[{\"@type\":\"ListItem\",\"position\":1,\"name\":\"Portada\",\"item\":\"http:\/\/www.reconoce.mx\/\"},{\"@type\":\"ListItem\",\"position\":2,\"name\":\"THE NBHD, el blanco y negro de la m\u00fasica estar\u00e1 en El Plaza Condesa\"}]},{\"@type\":\"WebSite\",\"@id\":\"http:\/\/www.reconoce.mx\/#website\",\"url\":\"http:\/\/www.reconoce.mx\/\",\"name\":\"Reconoce MX\",\"description\":\"En Reconoce MX difundimos arte, cultura y conciencia social en M\u00e9xico. Tu ciudad en otra perspectiva.\",\"publisher\":{\"@id\":\"http:\/\/www.reconoce.mx\/#organization\"},\"potentialAction\":[{\"@type\":\"SearchAction\",\"target\":{\"@type\":\"EntryPoint\",\"urlTemplate\":\"http:\/\/www.reconoce.mx\/?s={search_term_string}\"},\"query-input\":{\"@type\":\"PropertyValueSpecification\",\"valueRequired\":true,\"valueName\":\"search_term_string\"}}],\"inLanguage\":\"es\"},{\"@type\":\"Organization\",\"@id\":\"http:\/\/www.reconoce.mx\/#organization\",\"name\":\"Reconoce MX\",\"url\":\"http:\/\/www.reconoce.mx\/\",\"logo\":{\"@type\":\"ImageObject\",\"inLanguage\":\"es\",\"@id\":\"http:\/\/www.reconoce.mx\/#\/schema\/logo\/image\/\",\"url\":\"https:\/\/www.reconoce.mx\/wp-content\/uploads\/2019\/03\/logorcmx-good-1.png\",\"contentUrl\":\"https:\/\/www.reconoce.mx\/wp-content\/uploads\/2019\/03\/logorcmx-good-1.png\",\"width\":280,\"height\":90,\"caption\":\"Reconoce MX\"},\"image\":{\"@id\":\"http:\/\/www.reconoce.mx\/#\/schema\/logo\/image\/\"},\"sameAs\":[\"https:\/\/es-la.facebook.com\/ReconoceMX\/\",\"https:\/\/x.com\/reconocemx\",\"http:\/\/@reconocemx\"]},{\"@type\":\"Person\",\"@id\":\"http:\/\/www.reconoce.mx\/#\/schema\/person\/2117e997d7051dc15d6880eaf9bca0b2\",\"name\":\"Reconoce MX\",\"image\":{\"@type\":\"ImageObject\",\"inLanguage\":\"es\",\"@id\":\"http:\/\/www.reconoce.mx\/#\/schema\/person\/image\/\",\"url\":\"https:\/\/secure.gravatar.com\/avatar\/6c8d4dc7569ca1c90c5fdcc349f839d5ddef6fe1e70b4337ead2ef1a4c43fc3a?s=96&d=identicon&r=g\",\"contentUrl\":\"https:\/\/secure.gravatar.com\/avatar\/6c8d4dc7569ca1c90c5fdcc349f839d5ddef6fe1e70b4337ead2ef1a4c43fc3a?s=96&d=identicon&r=g\",\"caption\":\"Reconoce MX\"},\"description\":\"Reconoce MX es un proyecto de difusi\u00f3n art\u00edstica, cultural y de conciencia social que est\u00e1 enfocado a difundir y fomentar el entretenimiento alternativo de calidad para todo el p\u00fablico que comparta el mismo entusiasmo.\",\"sameAs\":[\"http:\/\/www.reconoce.mx\"],\"url\":\"https:\/\/www.reconoce.mx\/?author=2\"}]}<\/script>\n<!-- \/ Yoast SEO plugin. -->","yoast_head_json":{"title":"THE NBHD, el blanco y negro de la m\u00fasica estar\u00e1 en El Plaza Condesa &#171; Reconoce MX","robots":{"index":"index","follow":"follow","max-snippet":"max-snippet:-1","max-image-preview":"max-image-preview:large","max-video-preview":"max-video-preview:-1"},"canonical":"https:\/\/www.reconoce.mx\/?p=68289","og_locale":"es_ES","og_type":"article","og_title":"THE NBHD, el blanco y negro de la m\u00fasica estar\u00e1 en El Plaza Condesa &#171; Reconoce MX","og_description":"Hace unas semanas, la banda estadounidense The Neighborhood anunci\u00f3 a trav\u00e9s de sus redes sociales que visitar\u00edan Ciudad de M\u00e9xico y se presentar\u00edan con dos shows en El Plaza Condesa: el domingo 3 y el lunes 4 de diciembre.","og_url":"https:\/\/www.reconoce.mx\/?p=68289","og_site_name":"Reconoce MX","article_publisher":"https:\/\/es-la.facebook.com\/ReconoceMX\/","article_published_time":"2017-11-29T06:04:00+00:00","article_modified_time":"2017-11-29T06:55:58+00:00","og_image":[{"width":590,"height":380,"url":"https:\/\/www.reconoce.mx\/wp-content\/uploads\/2017\/11\/neighbourhood-plaza.png","type":"image\/png"}],"author":"Reconoce MX","twitter_card":"summary_large_image","twitter_creator":"@reconocemx","twitter_site":"@reconocemx","twitter_misc":{"Escrito por":"Reconoce MX","Tiempo de lectura":"2 minutos"},"schema":{"@context":"https:\/\/schema.org","@graph":[{"@type":"Article","@id":"https:\/\/www.reconoce.mx\/?p=68289#article","isPartOf":{"@id":"https:\/\/www.reconoce.mx\/?p=68289"},"author":{"name":"Reconoce MX","@id":"http:\/\/www.reconoce.mx\/#\/schema\/person\/2117e997d7051dc15d6880eaf9bca0b2"},"headline":"THE NBHD, el blanco y negro de la m\u00fasica estar\u00e1 en El Plaza Condesa","datePublished":"2017-11-29T06:04:00+00:00","dateModified":"2017-11-29T06:55:58+00:00","mainEntityOfPage":{"@id":"https:\/\/www.reconoce.mx\/?p=68289"},"wordCount":356,"commentCount":0,"publisher":{"@id":"http:\/\/www.reconoce.mx\/#organization"},"image":{"@id":"https:\/\/www.reconoce.mx\/?p=68289#primaryimage"},"thumbnailUrl":"https:\/\/www.reconoce.mx\/wp-content\/uploads\/2017\/11\/neighbourhood-plaza.png","articleSection":["Cultura","M\u00fasica","Principal"],"inLanguage":"es","potentialAction":[{"@type":"CommentAction","name":"Comment","target":["https:\/\/www.reconoce.mx\/?p=68289#respond"]}]},{"@type":"WebPage","@id":"https:\/\/www.reconoce.mx\/?p=68289","url":"https:\/\/www.reconoce.mx\/?p=68289","name":"THE NBHD, el blanco y negro de la m\u00fasica estar\u00e1 en El Plaza Condesa &#171; Reconoce MX","isPartOf":{"@id":"http:\/\/www.reconoce.mx\/#website"},"primaryImageOfPage":{"@id":"https:\/\/www.reconoce.mx\/?p=68289#primaryimage"},"image":{"@id":"https:\/\/www.reconoce.mx\/?p=68289#primaryimage"},"thumbnailUrl":"https:\/\/www.reconoce.mx\/wp-content\/uploads\/2017\/11\/neighbourhood-plaza.png","datePublished":"2017-11-29T06:04:00+00:00","dateModified":"2017-11-29T06:55:58+00:00","breadcrumb":{"@id":"https:\/\/www.reconoce.mx\/?p=68289#breadcrumb"},"inLanguage":"es","potentialAction":[{"@type":"ReadAction","target":["https:\/\/www.reconoce.mx\/?p=68289"]}]},{"@type":"ImageObject","inLanguage":"es","@id":"https:\/\/www.reconoce.mx\/?p=68289#primaryimage","url":"https:\/\/www.reconoce.mx\/wp-content\/uploads\/2017\/11\/neighbourhood-plaza.png","contentUrl":"https:\/\/www.reconoce.mx\/wp-content\/uploads\/2017\/11\/neighbourhood-plaza.png","width":590,"height":380},{"@type":"BreadcrumbList","@id":"https:\/\/www.reconoce.mx\/?p=68289#breadcrumb","itemListElement":[{"@type":"ListItem","position":1,"name":"Portada","item":"http:\/\/www.reconoce.mx\/"},{"@type":"ListItem","position":2,"name":"THE NBHD, el blanco y negro de la m\u00fasica estar\u00e1 en El Plaza Condesa"}]},{"@type":"WebSite","@id":"http:\/\/www.reconoce.mx\/#website","url":"http:\/\/www.reconoce.mx\/","name":"Reconoce MX","description":"En Reconoce MX difundimos arte, cultura y conciencia social en M\u00e9xico. Tu ciudad en otra perspectiva.","publisher":{"@id":"http:\/\/www.reconoce.mx\/#organization"},"potentialAction":[{"@type":"SearchAction","target":{"@type":"EntryPoint","urlTemplate":"http:\/\/www.reconoce.mx\/?s={search_term_string}"},"query-input":{"@type":"PropertyValueSpecification","valueRequired":true,"valueName":"search_term_string"}}],"inLanguage":"es"},{"@type":"Organization","@id":"http:\/\/www.reconoce.mx\/#organization","name":"Reconoce MX","url":"http:\/\/www.reconoce.mx\/","logo":{"@type":"ImageObject","inLanguage":"es","@id":"http:\/\/www.reconoce.mx\/#\/schema\/logo\/image\/","url":"https:\/\/www.reconoce.mx\/wp-content\/uploads\/2019\/03\/logorcmx-good-1.png","contentUrl":"https:\/\/www.reconoce.mx\/wp-content\/uploads\/2019\/03\/logorcmx-good-1.png","width":280,"height":90,"caption":"Reconoce MX"},"image":{"@id":"http:\/\/www.reconoce.mx\/#\/schema\/logo\/image\/"},"sameAs":["https:\/\/es-la.facebook.com\/ReconoceMX\/","https:\/\/x.com\/reconocemx","http:\/\/@reconocemx"]},{"@type":"Person","@id":"http:\/\/www.reconoce.mx\/#\/schema\/person\/2117e997d7051dc15d6880eaf9bca0b2","name":"Reconoce MX","image":{"@type":"ImageObject","inLanguage":"es","@id":"http:\/\/www.reconoce.mx\/#\/schema\/person\/image\/","url":"https:\/\/secure.gravatar.com\/avatar\/6c8d4dc7569ca1c90c5fdcc349f839d5ddef6fe1e70b4337ead2ef1a4c43fc3a?s=96&d=identicon&r=g","contentUrl":"https:\/\/secure.gravatar.com\/avatar\/6c8d4dc7569ca1c90c5fdcc349f839d5ddef6fe1e70b4337ead2ef1a4c43fc3a?s=96&d=identicon&r=g","caption":"Reconoce MX"},"description":"Reconoce MX es un proyecto de difusi\u00f3n art\u00edstica, cultural y de conciencia social que est\u00e1 enfocado a difundir y fomentar el entretenimiento alternativo de calidad para todo el p\u00fablico que comparta el mismo entusiasmo.","sameAs":["http:\/\/www.reconoce.mx"],"url":"https:\/\/www.reconoce.mx\/?author=2"}]}},"_links":{"self":[{"href":"https:\/\/www.reconoce.mx\/index.php?rest_route=\/wp\/v2\/posts\/68289","targetHints":{"allow":["GET"]}}],"collection":[{"href":"https:\/\/www.reconoce.mx\/index.php?rest_route=\/wp\/v2\/posts"}],"about":[{"href":"https:\/\/www.reconoce.mx\/index.php?rest_route=\/wp\/v2\/types\/post"}],"author":[{"embeddable":true,"href":"https:\/\/www.reconoce.mx\/index.php?rest_route=\/wp\/v2\/users\/2"}],"replies":[{"embeddable":true,"href":"https:\/\/www.reconoce.mx\/index.php?rest_route=%2Fwp%2Fv2%2Fcomments&post=68289"}],"version-history":[{"count":2,"href":"https:\/\/www.reconoce.mx\/index.php?rest_route=\/wp\/v2\/posts\/68289\/revisions"}],"predecessor-version":[{"id":68293,"href":"https:\/\/www.reconoce.mx\/index.php?rest_route=\/wp\/v2\/posts\/68289\/revisions\/68293"}],"wp:featuredmedia":[{"embeddable":true,"href":"https:\/\/www.reconoce.mx\/index.php?rest_route=\/wp\/v2\/media\/68291"}],"wp:attachment":[{"href":"https:\/\/www.reconoce.mx\/index.php?rest_route=%2Fwp%2Fv2%2Fmedia&parent=68289"}],"wp:term":[{"taxonomy":"category","embeddable":true,"href":"https:\/\/www.reconoce.mx\/index.php?rest_route=%2Fwp%2Fv2%2Fcategories&post=68289"},{"taxonomy":"post_tag","embeddable":true,"href":"https:\/\/www.reconoce.mx\/index.php?rest_route=%2Fwp%2Fv2%2Ftags&post=68289"}],"curies":[{"name":"wp","href":"https:\/\/api.w.org\/{rel}","templated":true}]}}