{"id":68294,"date":"2017-11-29T00:06:12","date_gmt":"2017-11-29T06:06:12","guid":{"rendered":"http:\/\/www.reconoce.mx\/?p=68294"},"modified":"2017-11-29T00:55:43","modified_gmt":"2017-11-29T06:55:43","slug":"desde-mi-imaginacion-de-marcela-viejo","status":"publish","type":"post","link":"https:\/\/www.reconoce.mx\/?p=68294","title":{"rendered":"&#8216;Desde mi imaginaci\u00f3n&#8217;, de Marcela Viejo"},"content":{"rendered":"<p><a href=\"http:\/\/www.reconoce.mx\/category\/cultura\/musica\/video-de-la-semana\/\"><img loading=\"lazy\" decoding=\"async\" class=\"aligncenter size-full wp-image-38360\" src=\"http:\/\/www.reconoce.mx\/wp-content\/uploads\/2015\/06\/videodelasemana.png\" alt=\"Martes\" width=\"550\" height=\"70\" \/><\/a><strong><br \/>\nPor <a title=\"@AsfaltosTweets\" href=\"http:\/\/twitter.com\/AsfaltosTweets\" target=\"_blank\" rel=\"noopener noreferrer\">Asfaltos<\/a><\/strong>.<\/p>\n<p>Pues sin querer queriendo hemos andado en este noviembre que se acaba, muy regiomontanos; y sobre todo, muy <strong>Quiero Club<\/strong>. <strong>Marcela Viejo<\/strong>, quien form\u00f3 parte de aquella agrupaci\u00f3n por 13 a\u00f1os, se separ\u00f3 del proyecto para emprender su propia aventura como solista. Con el riesgo que significa siempre lanzarse por su cuenta, si nos preguntan, a Marcela parece que las cosas le salen bien; en princpio, porque tiene talento.<\/p>\n<style>.embed-container { position: relative; padding-bottom: 56.25%; height: 0; overflow: hidden; max-width: 100%; } .embed-container iframe, .embed-container object, .embed-container embed { position: absolute; top: 0; left: 0; width: 100%; height: 100%; }<\/style>\n<div class=\"embed-container\"><iframe loading=\"lazy\" src=\"https:\/\/www.youtube.com\/embed\/Aa9mlC2jioE\" width=\"300\" height=\"150\" frameborder=\"0\" allowfullscreen=\"allowfullscreen\"><\/iframe><\/div>\n<p>&nbsp;<\/p>\n<p>\u00abDesde mi imaginaci\u00f3n\u00bb es el t\u00edtulo del primer sencillo del primer pr\u00f3ximo \u00e1lbum solista de <strong>Marcela Viejo<\/strong>, nombrado \u00abPeque\u00f1as profec\u00edas\u00bb. La canci\u00f3n, como les compart\u00eda en un texto anterior, resulta en un nuevo camino que se ve Marcela ten\u00eda ganas de explorar; y que s\u00ed, le sale con gran destreza de modo que nos llama la atenci\u00f3n para lo que se viene.<\/p>\n<p>Ahora, como parte de la promoci\u00f3n de su nueva etapa musical, se lanz\u00f3 la semana pasada su primer video musical. Dirigido por <strong>Nef Espino<\/strong>, con direcci\u00f3n de arte de <strong>Welcome Branding<\/strong>, el videoclip de \u00abDesde mi imaginaci\u00f3n\u00bb nos presenta a Marcela en un viejo hotel de Reforma que funciona perfecto para el aire de misterio que envuelve a la rola. Lo real se confunde con lo surreal y termina por envolvernos en una traves\u00eda que no sabemos d\u00f3nde empieza ni d\u00f3nde termina. Vamos, un acierto visual que redondea la canci\u00f3n.<\/p>\n<p>\u00bfQu\u00e9 m\u00e1s sabemos de \u00abPeque\u00f1as profec\u00edas\u00bb? Que contendr\u00e1 11 tracks y que \u00e9stos fueron producidos por <strong>Carlos Ann<\/strong>. En cuanto sepamos m\u00e1s, les avisamos. Por el momento: a disfrutar del video, nuesto <a href=\"http:\/\/www.reconoce.mx\/category\/cultura\/musica\/video-de-la-semana\/\" target=\"_blank\" rel=\"noopener\">Video de la semana<\/a>.<\/p>\n<p>&nbsp;<\/p>\n<p>&nbsp;<\/p>\n","protected":false},"excerpt":{"rendered":"<p>Pues sin querer queriendo hemos andado en este noviembre que se acaba, muy regiomontanos; y sobre todo, muy Quiero Club. Marcela Viejo, quien form\u00f3 parte de aquella agrupaci\u00f3n por 13 a\u00f1os, se separ\u00f3 del proyecto para emprender su propia aventura como solista. <\/p>\n","protected":false},"author":2,"featured_media":68297,"comment_status":"open","ping_status":"open","sticky":false,"template":"","format":"standard","meta":{"footnotes":""},"categories":[1,18,17,2575],"tags":[],"class_list":["post-68294","post","type-post","status-publish","format-standard","has-post-thumbnail","hentry","category-cultura","category-musica","category-principal","category-video-de-la-semana"],"yoast_head":"<!-- This site is optimized with the Yoast SEO plugin v24.7 - https:\/\/yoast.com\/wordpress\/plugins\/seo\/ -->\n<title>&#039;Desde mi imaginaci\u00f3n&#039;, de Marcela Viejo &#171; Reconoce MX<\/title>\n<meta name=\"robots\" content=\"index, follow, max-snippet:-1, max-image-preview:large, max-video-preview:-1\" \/>\n<link rel=\"canonical\" href=\"https:\/\/www.reconoce.mx\/?p=68294\" \/>\n<meta property=\"og:locale\" content=\"es_ES\" \/>\n<meta property=\"og:type\" content=\"article\" \/>\n<meta property=\"og:title\" content=\"&#039;Desde mi imaginaci\u00f3n&#039;, de Marcela Viejo &#171; Reconoce MX\" \/>\n<meta property=\"og:description\" content=\"Pues sin querer queriendo hemos andado en este noviembre que se acaba, muy regiomontanos; y sobre todo, muy Quiero Club. Marcela Viejo, quien form\u00f3 parte de aquella agrupaci\u00f3n por 13 a\u00f1os, se separ\u00f3 del proyecto para emprender su propia aventura como solista.\" \/>\n<meta property=\"og:url\" content=\"https:\/\/www.reconoce.mx\/?p=68294\" \/>\n<meta property=\"og:site_name\" content=\"Reconoce MX\" \/>\n<meta property=\"article:publisher\" content=\"https:\/\/es-la.facebook.com\/ReconoceMX\/\" \/>\n<meta property=\"article:published_time\" content=\"2017-11-29T06:06:12+00:00\" \/>\n<meta property=\"article:modified_time\" content=\"2017-11-29T06:55:43+00:00\" \/>\n<meta property=\"og:image\" content=\"https:\/\/www.reconoce.mx\/wp-content\/uploads\/2017\/11\/marcela-viejo-desde-imaginacion.png\" \/>\n\t<meta property=\"og:image:width\" content=\"590\" \/>\n\t<meta property=\"og:image:height\" content=\"380\" \/>\n\t<meta property=\"og:image:type\" content=\"image\/png\" \/>\n<meta name=\"author\" content=\"Reconoce MX\" \/>\n<meta name=\"twitter:card\" content=\"summary_large_image\" \/>\n<meta name=\"twitter:creator\" content=\"@reconocemx\" \/>\n<meta name=\"twitter:site\" content=\"@reconocemx\" \/>\n<meta name=\"twitter:label1\" content=\"Escrito por\" \/>\n\t<meta name=\"twitter:data1\" content=\"Reconoce MX\" \/>\n\t<meta name=\"twitter:label2\" content=\"Tiempo de lectura\" \/>\n\t<meta name=\"twitter:data2\" content=\"1 minuto\" \/>\n<script type=\"application\/ld+json\" class=\"yoast-schema-graph\">{\"@context\":\"https:\/\/schema.org\",\"@graph\":[{\"@type\":\"Article\",\"@id\":\"https:\/\/www.reconoce.mx\/?p=68294#article\",\"isPartOf\":{\"@id\":\"https:\/\/www.reconoce.mx\/?p=68294\"},\"author\":{\"name\":\"Reconoce MX\",\"@id\":\"http:\/\/www.reconoce.mx\/#\/schema\/person\/2117e997d7051dc15d6880eaf9bca0b2\"},\"headline\":\"&#8216;Desde mi imaginaci\u00f3n&#8217;, de Marcela Viejo\",\"datePublished\":\"2017-11-29T06:06:12+00:00\",\"dateModified\":\"2017-11-29T06:55:43+00:00\",\"mainEntityOfPage\":{\"@id\":\"https:\/\/www.reconoce.mx\/?p=68294\"},\"wordCount\":289,\"commentCount\":0,\"publisher\":{\"@id\":\"http:\/\/www.reconoce.mx\/#organization\"},\"image\":{\"@id\":\"https:\/\/www.reconoce.mx\/?p=68294#primaryimage\"},\"thumbnailUrl\":\"https:\/\/www.reconoce.mx\/wp-content\/uploads\/2017\/11\/marcela-viejo-desde-imaginacion.png\",\"articleSection\":[\"Cultura\",\"M\u00fasica\",\"Principal\",\"Video de la semana\"],\"inLanguage\":\"es\",\"potentialAction\":[{\"@type\":\"CommentAction\",\"name\":\"Comment\",\"target\":[\"https:\/\/www.reconoce.mx\/?p=68294#respond\"]}]},{\"@type\":\"WebPage\",\"@id\":\"https:\/\/www.reconoce.mx\/?p=68294\",\"url\":\"https:\/\/www.reconoce.mx\/?p=68294\",\"name\":\"'Desde mi imaginaci\u00f3n', de Marcela Viejo &#171; Reconoce MX\",\"isPartOf\":{\"@id\":\"http:\/\/www.reconoce.mx\/#website\"},\"primaryImageOfPage\":{\"@id\":\"https:\/\/www.reconoce.mx\/?p=68294#primaryimage\"},\"image\":{\"@id\":\"https:\/\/www.reconoce.mx\/?p=68294#primaryimage\"},\"thumbnailUrl\":\"https:\/\/www.reconoce.mx\/wp-content\/uploads\/2017\/11\/marcela-viejo-desde-imaginacion.png\",\"datePublished\":\"2017-11-29T06:06:12+00:00\",\"dateModified\":\"2017-11-29T06:55:43+00:00\",\"breadcrumb\":{\"@id\":\"https:\/\/www.reconoce.mx\/?p=68294#breadcrumb\"},\"inLanguage\":\"es\",\"potentialAction\":[{\"@type\":\"ReadAction\",\"target\":[\"https:\/\/www.reconoce.mx\/?p=68294\"]}]},{\"@type\":\"ImageObject\",\"inLanguage\":\"es\",\"@id\":\"https:\/\/www.reconoce.mx\/?p=68294#primaryimage\",\"url\":\"https:\/\/www.reconoce.mx\/wp-content\/uploads\/2017\/11\/marcela-viejo-desde-imaginacion.png\",\"contentUrl\":\"https:\/\/www.reconoce.mx\/wp-content\/uploads\/2017\/11\/marcela-viejo-desde-imaginacion.png\",\"width\":590,\"height\":380},{\"@type\":\"BreadcrumbList\",\"@id\":\"https:\/\/www.reconoce.mx\/?p=68294#breadcrumb\",\"itemListElement\":[{\"@type\":\"ListItem\",\"position\":1,\"name\":\"Portada\",\"item\":\"http:\/\/www.reconoce.mx\/\"},{\"@type\":\"ListItem\",\"position\":2,\"name\":\"&#8216;Desde mi imaginaci\u00f3n&#8217;, de Marcela Viejo\"}]},{\"@type\":\"WebSite\",\"@id\":\"http:\/\/www.reconoce.mx\/#website\",\"url\":\"http:\/\/www.reconoce.mx\/\",\"name\":\"Reconoce MX\",\"description\":\"En Reconoce MX difundimos arte, cultura y conciencia social en M\u00e9xico. Tu ciudad en otra perspectiva.\",\"publisher\":{\"@id\":\"http:\/\/www.reconoce.mx\/#organization\"},\"potentialAction\":[{\"@type\":\"SearchAction\",\"target\":{\"@type\":\"EntryPoint\",\"urlTemplate\":\"http:\/\/www.reconoce.mx\/?s={search_term_string}\"},\"query-input\":{\"@type\":\"PropertyValueSpecification\",\"valueRequired\":true,\"valueName\":\"search_term_string\"}}],\"inLanguage\":\"es\"},{\"@type\":\"Organization\",\"@id\":\"http:\/\/www.reconoce.mx\/#organization\",\"name\":\"Reconoce MX\",\"url\":\"http:\/\/www.reconoce.mx\/\",\"logo\":{\"@type\":\"ImageObject\",\"inLanguage\":\"es\",\"@id\":\"http:\/\/www.reconoce.mx\/#\/schema\/logo\/image\/\",\"url\":\"https:\/\/www.reconoce.mx\/wp-content\/uploads\/2019\/03\/logorcmx-good-1.png\",\"contentUrl\":\"https:\/\/www.reconoce.mx\/wp-content\/uploads\/2019\/03\/logorcmx-good-1.png\",\"width\":280,\"height\":90,\"caption\":\"Reconoce MX\"},\"image\":{\"@id\":\"http:\/\/www.reconoce.mx\/#\/schema\/logo\/image\/\"},\"sameAs\":[\"https:\/\/es-la.facebook.com\/ReconoceMX\/\",\"https:\/\/x.com\/reconocemx\",\"http:\/\/@reconocemx\"]},{\"@type\":\"Person\",\"@id\":\"http:\/\/www.reconoce.mx\/#\/schema\/person\/2117e997d7051dc15d6880eaf9bca0b2\",\"name\":\"Reconoce MX\",\"image\":{\"@type\":\"ImageObject\",\"inLanguage\":\"es\",\"@id\":\"http:\/\/www.reconoce.mx\/#\/schema\/person\/image\/\",\"url\":\"https:\/\/secure.gravatar.com\/avatar\/6c8d4dc7569ca1c90c5fdcc349f839d5ddef6fe1e70b4337ead2ef1a4c43fc3a?s=96&d=identicon&r=g\",\"contentUrl\":\"https:\/\/secure.gravatar.com\/avatar\/6c8d4dc7569ca1c90c5fdcc349f839d5ddef6fe1e70b4337ead2ef1a4c43fc3a?s=96&d=identicon&r=g\",\"caption\":\"Reconoce MX\"},\"description\":\"Reconoce MX es un proyecto de difusi\u00f3n art\u00edstica, cultural y de conciencia social que est\u00e1 enfocado a difundir y fomentar el entretenimiento alternativo de calidad para todo el p\u00fablico que comparta el mismo entusiasmo.\",\"sameAs\":[\"http:\/\/www.reconoce.mx\"],\"url\":\"https:\/\/www.reconoce.mx\/?author=2\"}]}<\/script>\n<!-- \/ Yoast SEO plugin. -->","yoast_head_json":{"title":"'Desde mi imaginaci\u00f3n', de Marcela Viejo &#171; Reconoce MX","robots":{"index":"index","follow":"follow","max-snippet":"max-snippet:-1","max-image-preview":"max-image-preview:large","max-video-preview":"max-video-preview:-1"},"canonical":"https:\/\/www.reconoce.mx\/?p=68294","og_locale":"es_ES","og_type":"article","og_title":"'Desde mi imaginaci\u00f3n', de Marcela Viejo &#171; Reconoce MX","og_description":"Pues sin querer queriendo hemos andado en este noviembre que se acaba, muy regiomontanos; y sobre todo, muy Quiero Club. Marcela Viejo, quien form\u00f3 parte de aquella agrupaci\u00f3n por 13 a\u00f1os, se separ\u00f3 del proyecto para emprender su propia aventura como solista.","og_url":"https:\/\/www.reconoce.mx\/?p=68294","og_site_name":"Reconoce MX","article_publisher":"https:\/\/es-la.facebook.com\/ReconoceMX\/","article_published_time":"2017-11-29T06:06:12+00:00","article_modified_time":"2017-11-29T06:55:43+00:00","og_image":[{"width":590,"height":380,"url":"https:\/\/www.reconoce.mx\/wp-content\/uploads\/2017\/11\/marcela-viejo-desde-imaginacion.png","type":"image\/png"}],"author":"Reconoce MX","twitter_card":"summary_large_image","twitter_creator":"@reconocemx","twitter_site":"@reconocemx","twitter_misc":{"Escrito por":"Reconoce MX","Tiempo de lectura":"1 minuto"},"schema":{"@context":"https:\/\/schema.org","@graph":[{"@type":"Article","@id":"https:\/\/www.reconoce.mx\/?p=68294#article","isPartOf":{"@id":"https:\/\/www.reconoce.mx\/?p=68294"},"author":{"name":"Reconoce MX","@id":"http:\/\/www.reconoce.mx\/#\/schema\/person\/2117e997d7051dc15d6880eaf9bca0b2"},"headline":"&#8216;Desde mi imaginaci\u00f3n&#8217;, de Marcela Viejo","datePublished":"2017-11-29T06:06:12+00:00","dateModified":"2017-11-29T06:55:43+00:00","mainEntityOfPage":{"@id":"https:\/\/www.reconoce.mx\/?p=68294"},"wordCount":289,"commentCount":0,"publisher":{"@id":"http:\/\/www.reconoce.mx\/#organization"},"image":{"@id":"https:\/\/www.reconoce.mx\/?p=68294#primaryimage"},"thumbnailUrl":"https:\/\/www.reconoce.mx\/wp-content\/uploads\/2017\/11\/marcela-viejo-desde-imaginacion.png","articleSection":["Cultura","M\u00fasica","Principal","Video de la semana"],"inLanguage":"es","potentialAction":[{"@type":"CommentAction","name":"Comment","target":["https:\/\/www.reconoce.mx\/?p=68294#respond"]}]},{"@type":"WebPage","@id":"https:\/\/www.reconoce.mx\/?p=68294","url":"https:\/\/www.reconoce.mx\/?p=68294","name":"'Desde mi imaginaci\u00f3n', de Marcela Viejo &#171; Reconoce MX","isPartOf":{"@id":"http:\/\/www.reconoce.mx\/#website"},"primaryImageOfPage":{"@id":"https:\/\/www.reconoce.mx\/?p=68294#primaryimage"},"image":{"@id":"https:\/\/www.reconoce.mx\/?p=68294#primaryimage"},"thumbnailUrl":"https:\/\/www.reconoce.mx\/wp-content\/uploads\/2017\/11\/marcela-viejo-desde-imaginacion.png","datePublished":"2017-11-29T06:06:12+00:00","dateModified":"2017-11-29T06:55:43+00:00","breadcrumb":{"@id":"https:\/\/www.reconoce.mx\/?p=68294#breadcrumb"},"inLanguage":"es","potentialAction":[{"@type":"ReadAction","target":["https:\/\/www.reconoce.mx\/?p=68294"]}]},{"@type":"ImageObject","inLanguage":"es","@id":"https:\/\/www.reconoce.mx\/?p=68294#primaryimage","url":"https:\/\/www.reconoce.mx\/wp-content\/uploads\/2017\/11\/marcela-viejo-desde-imaginacion.png","contentUrl":"https:\/\/www.reconoce.mx\/wp-content\/uploads\/2017\/11\/marcela-viejo-desde-imaginacion.png","width":590,"height":380},{"@type":"BreadcrumbList","@id":"https:\/\/www.reconoce.mx\/?p=68294#breadcrumb","itemListElement":[{"@type":"ListItem","position":1,"name":"Portada","item":"http:\/\/www.reconoce.mx\/"},{"@type":"ListItem","position":2,"name":"&#8216;Desde mi imaginaci\u00f3n&#8217;, de Marcela Viejo"}]},{"@type":"WebSite","@id":"http:\/\/www.reconoce.mx\/#website","url":"http:\/\/www.reconoce.mx\/","name":"Reconoce MX","description":"En Reconoce MX difundimos arte, cultura y conciencia social en M\u00e9xico. Tu ciudad en otra perspectiva.","publisher":{"@id":"http:\/\/www.reconoce.mx\/#organization"},"potentialAction":[{"@type":"SearchAction","target":{"@type":"EntryPoint","urlTemplate":"http:\/\/www.reconoce.mx\/?s={search_term_string}"},"query-input":{"@type":"PropertyValueSpecification","valueRequired":true,"valueName":"search_term_string"}}],"inLanguage":"es"},{"@type":"Organization","@id":"http:\/\/www.reconoce.mx\/#organization","name":"Reconoce MX","url":"http:\/\/www.reconoce.mx\/","logo":{"@type":"ImageObject","inLanguage":"es","@id":"http:\/\/www.reconoce.mx\/#\/schema\/logo\/image\/","url":"https:\/\/www.reconoce.mx\/wp-content\/uploads\/2019\/03\/logorcmx-good-1.png","contentUrl":"https:\/\/www.reconoce.mx\/wp-content\/uploads\/2019\/03\/logorcmx-good-1.png","width":280,"height":90,"caption":"Reconoce MX"},"image":{"@id":"http:\/\/www.reconoce.mx\/#\/schema\/logo\/image\/"},"sameAs":["https:\/\/es-la.facebook.com\/ReconoceMX\/","https:\/\/x.com\/reconocemx","http:\/\/@reconocemx"]},{"@type":"Person","@id":"http:\/\/www.reconoce.mx\/#\/schema\/person\/2117e997d7051dc15d6880eaf9bca0b2","name":"Reconoce MX","image":{"@type":"ImageObject","inLanguage":"es","@id":"http:\/\/www.reconoce.mx\/#\/schema\/person\/image\/","url":"https:\/\/secure.gravatar.com\/avatar\/6c8d4dc7569ca1c90c5fdcc349f839d5ddef6fe1e70b4337ead2ef1a4c43fc3a?s=96&d=identicon&r=g","contentUrl":"https:\/\/secure.gravatar.com\/avatar\/6c8d4dc7569ca1c90c5fdcc349f839d5ddef6fe1e70b4337ead2ef1a4c43fc3a?s=96&d=identicon&r=g","caption":"Reconoce MX"},"description":"Reconoce MX es un proyecto de difusi\u00f3n art\u00edstica, cultural y de conciencia social que est\u00e1 enfocado a difundir y fomentar el entretenimiento alternativo de calidad para todo el p\u00fablico que comparta el mismo entusiasmo.","sameAs":["http:\/\/www.reconoce.mx"],"url":"https:\/\/www.reconoce.mx\/?author=2"}]}},"_links":{"self":[{"href":"https:\/\/www.reconoce.mx\/index.php?rest_route=\/wp\/v2\/posts\/68294","targetHints":{"allow":["GET"]}}],"collection":[{"href":"https:\/\/www.reconoce.mx\/index.php?rest_route=\/wp\/v2\/posts"}],"about":[{"href":"https:\/\/www.reconoce.mx\/index.php?rest_route=\/wp\/v2\/types\/post"}],"author":[{"embeddable":true,"href":"https:\/\/www.reconoce.mx\/index.php?rest_route=\/wp\/v2\/users\/2"}],"replies":[{"embeddable":true,"href":"https:\/\/www.reconoce.mx\/index.php?rest_route=%2Fwp%2Fv2%2Fcomments&post=68294"}],"version-history":[{"count":5,"href":"https:\/\/www.reconoce.mx\/index.php?rest_route=\/wp\/v2\/posts\/68294\/revisions"}],"predecessor-version":[{"id":68300,"href":"https:\/\/www.reconoce.mx\/index.php?rest_route=\/wp\/v2\/posts\/68294\/revisions\/68300"}],"wp:featuredmedia":[{"embeddable":true,"href":"https:\/\/www.reconoce.mx\/index.php?rest_route=\/wp\/v2\/media\/68297"}],"wp:attachment":[{"href":"https:\/\/www.reconoce.mx\/index.php?rest_route=%2Fwp%2Fv2%2Fmedia&parent=68294"}],"wp:term":[{"taxonomy":"category","embeddable":true,"href":"https:\/\/www.reconoce.mx\/index.php?rest_route=%2Fwp%2Fv2%2Fcategories&post=68294"},{"taxonomy":"post_tag","embeddable":true,"href":"https:\/\/www.reconoce.mx\/index.php?rest_route=%2Fwp%2Fv2%2Ftags&post=68294"}],"curies":[{"name":"wp","href":"https:\/\/api.w.org\/{rel}","templated":true}]}}