{"id":68310,"date":"2017-11-30T00:01:57","date_gmt":"2017-11-30T06:01:57","guid":{"rendered":"http:\/\/www.reconoce.mx\/?p=68310"},"modified":"2017-11-30T08:55:37","modified_gmt":"2017-11-30T14:55:37","slug":"jose-madero-ofrecera-una-noche-en-el-teatro-metropolitan","status":"publish","type":"post","link":"https:\/\/www.reconoce.mx\/?p=68310","title":{"rendered":"Jos\u00e9 Madero ofrecer\u00e1 una \u00abNoche\u00bb en el Teatro Metrop\u00f3litan"},"content":{"rendered":"<p><strong> Por <a title=\"@AsfaltosTweets\" href=\"http:\/\/twitter.com\/AsfaltosTweets\" target=\"_blank\" rel=\"noopener noreferrer\" data-slimstat-type=\"0\" data-slimstat-callback=\"false\" data-slimstat-tracking=\"true\">Asfaltos<\/a><\/strong>.<\/p>\n<p>El cantante, compositor, escritor, productor y guitarrista Jos\u00e9 Madero Vizca\u00edno, mejor conocido como <strong>Jos\u00e9 Madero<\/strong>, presentar\u00e1 su segundo y m\u00e1s reciente material como solista, \u00abNoche\u00bb, ma\u00f1ana viernes 1 de diciembre en el <strong>Teatro Metrop\u00f3litan<\/strong>.<\/p>\n<p><a href=\"http:\/\/www.reconoce.mx\/wp-content\/uploads\/2017\/11\/Flyer-Jos\u00e9-Madero-2017-e1512003807972.jpg\"><img loading=\"lazy\" decoding=\"async\" class=\"aligncenter size-full wp-image-68311\" src=\"http:\/\/www.reconoce.mx\/wp-content\/uploads\/2017\/11\/Flyer-Jos\u00e9-Madero-2017-e1512003807972.jpg\" alt=\"\" width=\"1000\" height=\"1814\" \/><\/a><\/p>\n<p>\u00abNoche\u00bb, compuesto por 13 tracks m\u00e1s oscuros a su anterior material \u00abCarmes\u00ed\u00bb, con un mayor apego a la guitarra el\u00e9ctrica, es un material distinto, duro y contundente de un m\u00fasico que ha abrazado la madurez de gran manera. Uno de los temas de \u00abNoche\u00bb toca inclusive el tiroteo en el <strong>Colegio Americano del Noroeste<\/strong> que sacudi\u00f3 a su natal Monterrey.<\/p>\n<p>Amado y odiado, multifac\u00e9tico, pol\u00e9mico, diverso, <strong>Jos\u00e9 Madero<\/strong> desde aquel 1995 en el que su pap\u00e1 le regal\u00f3 una guitarra Yamaha negra, supo que su vida ser\u00eda distinta a la de los dem\u00e1s. 11 n\u00fameros 1 en toda Am\u00e9rica Latina le han confirmado su \u00e9xito; mismo que ha extendido adem\u00e1s de en la m\u00fasica, en las letras con su primer libro \u00abPens\u00e1ndolo bien pens\u00e9 mal\u00bb que se convirti\u00f3 en un <em>best seller<\/em> en M\u00e9xico.<\/p>\n<p><strong>Jos\u00e9 Madero<\/strong>, una estrella de la m\u00fasica de la presente generaci\u00f3n, se presentar\u00e1 con su trabajo de m\u00e1s de tres lustros ma\u00f1ana viernes 1 de diciembre en el <strong>Teatro Metrop\u00f3litan<\/strong>, con \u00abNoche\u00bb como su principal atracci\u00f3n, pero tambi\u00e9n con las canciones que le han convertido en el m\u00fasico que es hoy. Los boletos se encuentran a la venta en las taquillas del inmueble y a trav\u00e9s del <a href=\"http:\/\/www.ticketmaster.com.mx\/jose-madero-mexico-distrito-federal-01-12-2017\/event\/140053178DF03A18\" target=\"_blank\" rel=\"noopener\">Sistema Ticketmaster<\/a>.<\/p>\n<p style=\"text-align: right;\">Con informaci\u00f3n e imagen cortes\u00eda de <strong>OCESA<\/strong>.<\/p>\n<p>&nbsp;<\/p>\n<p>&nbsp;<\/p>\n","protected":false},"excerpt":{"rendered":"<p>El cantante, compositor, escritor, productor y guitarrista Jos\u00e9 Madero Vizca\u00edno, mejor conocido como Jos\u00e9 Madero, presentar\u00e1 su segundo y m\u00e1s reciente material como solista, \u00abNoche\u00bb, ma\u00f1ana viernes 1 de diciembre en el Teatro Metrop\u00f3litan.<\/p>\n","protected":false},"author":2,"featured_media":68312,"comment_status":"open","ping_status":"open","sticky":false,"template":"","format":"standard","meta":{"footnotes":""},"categories":[1,18,17],"tags":[],"class_list":["post-68310","post","type-post","status-publish","format-standard","has-post-thumbnail","hentry","category-cultura","category-musica","category-principal"],"yoast_head":"<!-- This site is optimized with the Yoast SEO plugin v24.7 - https:\/\/yoast.com\/wordpress\/plugins\/seo\/ -->\n<title>Jos\u00e9 Madero ofrecer\u00e1 una &quot;Noche&quot; en el Teatro Metrop\u00f3litan &#171; Reconoce MX<\/title>\n<meta name=\"robots\" content=\"index, follow, max-snippet:-1, max-image-preview:large, max-video-preview:-1\" \/>\n<link rel=\"canonical\" href=\"https:\/\/www.reconoce.mx\/?p=68310\" \/>\n<meta property=\"og:locale\" content=\"es_ES\" \/>\n<meta property=\"og:type\" content=\"article\" \/>\n<meta property=\"og:title\" content=\"Jos\u00e9 Madero ofrecer\u00e1 una &quot;Noche&quot; en el Teatro Metrop\u00f3litan &#171; Reconoce MX\" \/>\n<meta property=\"og:description\" content=\"El cantante, compositor, escritor, productor y guitarrista Jos\u00e9 Madero Vizca\u00edno, mejor conocido como Jos\u00e9 Madero, presentar\u00e1 su segundo y m\u00e1s reciente material como solista, &quot;Noche&quot;, ma\u00f1ana viernes 1 de diciembre en el Teatro Metrop\u00f3litan.\" \/>\n<meta property=\"og:url\" content=\"https:\/\/www.reconoce.mx\/?p=68310\" \/>\n<meta property=\"og:site_name\" content=\"Reconoce MX\" \/>\n<meta property=\"article:publisher\" content=\"https:\/\/es-la.facebook.com\/ReconoceMX\/\" \/>\n<meta property=\"article:published_time\" content=\"2017-11-30T06:01:57+00:00\" \/>\n<meta property=\"article:modified_time\" content=\"2017-11-30T14:55:37+00:00\" \/>\n<meta property=\"og:image\" content=\"https:\/\/www.reconoce.mx\/wp-content\/uploads\/2017\/11\/jose-madero-teatro-metrop\u00f3litan.png\" \/>\n\t<meta property=\"og:image:width\" content=\"590\" \/>\n\t<meta property=\"og:image:height\" content=\"380\" \/>\n\t<meta property=\"og:image:type\" content=\"image\/png\" \/>\n<meta name=\"author\" content=\"Reconoce MX\" \/>\n<meta name=\"twitter:card\" content=\"summary_large_image\" \/>\n<meta name=\"twitter:creator\" content=\"@reconocemx\" \/>\n<meta name=\"twitter:site\" content=\"@reconocemx\" \/>\n<meta name=\"twitter:label1\" content=\"Escrito por\" \/>\n\t<meta name=\"twitter:data1\" content=\"Reconoce MX\" \/>\n\t<meta name=\"twitter:label2\" content=\"Tiempo de lectura\" \/>\n\t<meta name=\"twitter:data2\" content=\"1 minuto\" \/>\n<script type=\"application\/ld+json\" class=\"yoast-schema-graph\">{\"@context\":\"https:\/\/schema.org\",\"@graph\":[{\"@type\":\"Article\",\"@id\":\"https:\/\/www.reconoce.mx\/?p=68310#article\",\"isPartOf\":{\"@id\":\"https:\/\/www.reconoce.mx\/?p=68310\"},\"author\":{\"name\":\"Reconoce MX\",\"@id\":\"http:\/\/www.reconoce.mx\/#\/schema\/person\/2117e997d7051dc15d6880eaf9bca0b2\"},\"headline\":\"Jos\u00e9 Madero ofrecer\u00e1 una \u00abNoche\u00bb en el Teatro Metrop\u00f3litan\",\"datePublished\":\"2017-11-30T06:01:57+00:00\",\"dateModified\":\"2017-11-30T14:55:37+00:00\",\"mainEntityOfPage\":{\"@id\":\"https:\/\/www.reconoce.mx\/?p=68310\"},\"wordCount\":280,\"commentCount\":0,\"publisher\":{\"@id\":\"http:\/\/www.reconoce.mx\/#organization\"},\"image\":{\"@id\":\"https:\/\/www.reconoce.mx\/?p=68310#primaryimage\"},\"thumbnailUrl\":\"https:\/\/www.reconoce.mx\/wp-content\/uploads\/2017\/11\/jose-madero-teatro-metrop\u00f3litan.png\",\"articleSection\":[\"Cultura\",\"M\u00fasica\",\"Principal\"],\"inLanguage\":\"es\",\"potentialAction\":[{\"@type\":\"CommentAction\",\"name\":\"Comment\",\"target\":[\"https:\/\/www.reconoce.mx\/?p=68310#respond\"]}]},{\"@type\":\"WebPage\",\"@id\":\"https:\/\/www.reconoce.mx\/?p=68310\",\"url\":\"https:\/\/www.reconoce.mx\/?p=68310\",\"name\":\"Jos\u00e9 Madero ofrecer\u00e1 una \\\"Noche\\\" en el Teatro Metrop\u00f3litan &#171; Reconoce MX\",\"isPartOf\":{\"@id\":\"http:\/\/www.reconoce.mx\/#website\"},\"primaryImageOfPage\":{\"@id\":\"https:\/\/www.reconoce.mx\/?p=68310#primaryimage\"},\"image\":{\"@id\":\"https:\/\/www.reconoce.mx\/?p=68310#primaryimage\"},\"thumbnailUrl\":\"https:\/\/www.reconoce.mx\/wp-content\/uploads\/2017\/11\/jose-madero-teatro-metrop\u00f3litan.png\",\"datePublished\":\"2017-11-30T06:01:57+00:00\",\"dateModified\":\"2017-11-30T14:55:37+00:00\",\"breadcrumb\":{\"@id\":\"https:\/\/www.reconoce.mx\/?p=68310#breadcrumb\"},\"inLanguage\":\"es\",\"potentialAction\":[{\"@type\":\"ReadAction\",\"target\":[\"https:\/\/www.reconoce.mx\/?p=68310\"]}]},{\"@type\":\"ImageObject\",\"inLanguage\":\"es\",\"@id\":\"https:\/\/www.reconoce.mx\/?p=68310#primaryimage\",\"url\":\"https:\/\/www.reconoce.mx\/wp-content\/uploads\/2017\/11\/jose-madero-teatro-metrop\u00f3litan.png\",\"contentUrl\":\"https:\/\/www.reconoce.mx\/wp-content\/uploads\/2017\/11\/jose-madero-teatro-metrop\u00f3litan.png\",\"width\":590,\"height\":380},{\"@type\":\"BreadcrumbList\",\"@id\":\"https:\/\/www.reconoce.mx\/?p=68310#breadcrumb\",\"itemListElement\":[{\"@type\":\"ListItem\",\"position\":1,\"name\":\"Portada\",\"item\":\"http:\/\/www.reconoce.mx\/\"},{\"@type\":\"ListItem\",\"position\":2,\"name\":\"Jos\u00e9 Madero ofrecer\u00e1 una \u00abNoche\u00bb en el Teatro Metrop\u00f3litan\"}]},{\"@type\":\"WebSite\",\"@id\":\"http:\/\/www.reconoce.mx\/#website\",\"url\":\"http:\/\/www.reconoce.mx\/\",\"name\":\"Reconoce MX\",\"description\":\"En Reconoce MX difundimos arte, cultura y conciencia social en M\u00e9xico. Tu ciudad en otra perspectiva.\",\"publisher\":{\"@id\":\"http:\/\/www.reconoce.mx\/#organization\"},\"potentialAction\":[{\"@type\":\"SearchAction\",\"target\":{\"@type\":\"EntryPoint\",\"urlTemplate\":\"http:\/\/www.reconoce.mx\/?s={search_term_string}\"},\"query-input\":{\"@type\":\"PropertyValueSpecification\",\"valueRequired\":true,\"valueName\":\"search_term_string\"}}],\"inLanguage\":\"es\"},{\"@type\":\"Organization\",\"@id\":\"http:\/\/www.reconoce.mx\/#organization\",\"name\":\"Reconoce MX\",\"url\":\"http:\/\/www.reconoce.mx\/\",\"logo\":{\"@type\":\"ImageObject\",\"inLanguage\":\"es\",\"@id\":\"http:\/\/www.reconoce.mx\/#\/schema\/logo\/image\/\",\"url\":\"https:\/\/www.reconoce.mx\/wp-content\/uploads\/2019\/03\/logorcmx-good-1.png\",\"contentUrl\":\"https:\/\/www.reconoce.mx\/wp-content\/uploads\/2019\/03\/logorcmx-good-1.png\",\"width\":280,\"height\":90,\"caption\":\"Reconoce MX\"},\"image\":{\"@id\":\"http:\/\/www.reconoce.mx\/#\/schema\/logo\/image\/\"},\"sameAs\":[\"https:\/\/es-la.facebook.com\/ReconoceMX\/\",\"https:\/\/x.com\/reconocemx\",\"http:\/\/@reconocemx\"]},{\"@type\":\"Person\",\"@id\":\"http:\/\/www.reconoce.mx\/#\/schema\/person\/2117e997d7051dc15d6880eaf9bca0b2\",\"name\":\"Reconoce MX\",\"image\":{\"@type\":\"ImageObject\",\"inLanguage\":\"es\",\"@id\":\"http:\/\/www.reconoce.mx\/#\/schema\/person\/image\/\",\"url\":\"https:\/\/secure.gravatar.com\/avatar\/6c8d4dc7569ca1c90c5fdcc349f839d5ddef6fe1e70b4337ead2ef1a4c43fc3a?s=96&d=identicon&r=g\",\"contentUrl\":\"https:\/\/secure.gravatar.com\/avatar\/6c8d4dc7569ca1c90c5fdcc349f839d5ddef6fe1e70b4337ead2ef1a4c43fc3a?s=96&d=identicon&r=g\",\"caption\":\"Reconoce MX\"},\"description\":\"Reconoce MX es un proyecto de difusi\u00f3n art\u00edstica, cultural y de conciencia social que est\u00e1 enfocado a difundir y fomentar el entretenimiento alternativo de calidad para todo el p\u00fablico que comparta el mismo entusiasmo.\",\"sameAs\":[\"http:\/\/www.reconoce.mx\"],\"url\":\"https:\/\/www.reconoce.mx\/?author=2\"}]}<\/script>\n<!-- \/ Yoast SEO plugin. -->","yoast_head_json":{"title":"Jos\u00e9 Madero ofrecer\u00e1 una \"Noche\" en el Teatro Metrop\u00f3litan &#171; Reconoce MX","robots":{"index":"index","follow":"follow","max-snippet":"max-snippet:-1","max-image-preview":"max-image-preview:large","max-video-preview":"max-video-preview:-1"},"canonical":"https:\/\/www.reconoce.mx\/?p=68310","og_locale":"es_ES","og_type":"article","og_title":"Jos\u00e9 Madero ofrecer\u00e1 una \"Noche\" en el Teatro Metrop\u00f3litan &#171; Reconoce MX","og_description":"El cantante, compositor, escritor, productor y guitarrista Jos\u00e9 Madero Vizca\u00edno, mejor conocido como Jos\u00e9 Madero, presentar\u00e1 su segundo y m\u00e1s reciente material como solista, \"Noche\", ma\u00f1ana viernes 1 de diciembre en el Teatro Metrop\u00f3litan.","og_url":"https:\/\/www.reconoce.mx\/?p=68310","og_site_name":"Reconoce MX","article_publisher":"https:\/\/es-la.facebook.com\/ReconoceMX\/","article_published_time":"2017-11-30T06:01:57+00:00","article_modified_time":"2017-11-30T14:55:37+00:00","og_image":[{"width":590,"height":380,"url":"https:\/\/www.reconoce.mx\/wp-content\/uploads\/2017\/11\/jose-madero-teatro-metrop\u00f3litan.png","type":"image\/png"}],"author":"Reconoce MX","twitter_card":"summary_large_image","twitter_creator":"@reconocemx","twitter_site":"@reconocemx","twitter_misc":{"Escrito por":"Reconoce MX","Tiempo de lectura":"1 minuto"},"schema":{"@context":"https:\/\/schema.org","@graph":[{"@type":"Article","@id":"https:\/\/www.reconoce.mx\/?p=68310#article","isPartOf":{"@id":"https:\/\/www.reconoce.mx\/?p=68310"},"author":{"name":"Reconoce MX","@id":"http:\/\/www.reconoce.mx\/#\/schema\/person\/2117e997d7051dc15d6880eaf9bca0b2"},"headline":"Jos\u00e9 Madero ofrecer\u00e1 una \u00abNoche\u00bb en el Teatro Metrop\u00f3litan","datePublished":"2017-11-30T06:01:57+00:00","dateModified":"2017-11-30T14:55:37+00:00","mainEntityOfPage":{"@id":"https:\/\/www.reconoce.mx\/?p=68310"},"wordCount":280,"commentCount":0,"publisher":{"@id":"http:\/\/www.reconoce.mx\/#organization"},"image":{"@id":"https:\/\/www.reconoce.mx\/?p=68310#primaryimage"},"thumbnailUrl":"https:\/\/www.reconoce.mx\/wp-content\/uploads\/2017\/11\/jose-madero-teatro-metrop\u00f3litan.png","articleSection":["Cultura","M\u00fasica","Principal"],"inLanguage":"es","potentialAction":[{"@type":"CommentAction","name":"Comment","target":["https:\/\/www.reconoce.mx\/?p=68310#respond"]}]},{"@type":"WebPage","@id":"https:\/\/www.reconoce.mx\/?p=68310","url":"https:\/\/www.reconoce.mx\/?p=68310","name":"Jos\u00e9 Madero ofrecer\u00e1 una \"Noche\" en el Teatro Metrop\u00f3litan &#171; Reconoce MX","isPartOf":{"@id":"http:\/\/www.reconoce.mx\/#website"},"primaryImageOfPage":{"@id":"https:\/\/www.reconoce.mx\/?p=68310#primaryimage"},"image":{"@id":"https:\/\/www.reconoce.mx\/?p=68310#primaryimage"},"thumbnailUrl":"https:\/\/www.reconoce.mx\/wp-content\/uploads\/2017\/11\/jose-madero-teatro-metrop\u00f3litan.png","datePublished":"2017-11-30T06:01:57+00:00","dateModified":"2017-11-30T14:55:37+00:00","breadcrumb":{"@id":"https:\/\/www.reconoce.mx\/?p=68310#breadcrumb"},"inLanguage":"es","potentialAction":[{"@type":"ReadAction","target":["https:\/\/www.reconoce.mx\/?p=68310"]}]},{"@type":"ImageObject","inLanguage":"es","@id":"https:\/\/www.reconoce.mx\/?p=68310#primaryimage","url":"https:\/\/www.reconoce.mx\/wp-content\/uploads\/2017\/11\/jose-madero-teatro-metrop\u00f3litan.png","contentUrl":"https:\/\/www.reconoce.mx\/wp-content\/uploads\/2017\/11\/jose-madero-teatro-metrop\u00f3litan.png","width":590,"height":380},{"@type":"BreadcrumbList","@id":"https:\/\/www.reconoce.mx\/?p=68310#breadcrumb","itemListElement":[{"@type":"ListItem","position":1,"name":"Portada","item":"http:\/\/www.reconoce.mx\/"},{"@type":"ListItem","position":2,"name":"Jos\u00e9 Madero ofrecer\u00e1 una \u00abNoche\u00bb en el Teatro Metrop\u00f3litan"}]},{"@type":"WebSite","@id":"http:\/\/www.reconoce.mx\/#website","url":"http:\/\/www.reconoce.mx\/","name":"Reconoce MX","description":"En Reconoce MX difundimos arte, cultura y conciencia social en M\u00e9xico. Tu ciudad en otra perspectiva.","publisher":{"@id":"http:\/\/www.reconoce.mx\/#organization"},"potentialAction":[{"@type":"SearchAction","target":{"@type":"EntryPoint","urlTemplate":"http:\/\/www.reconoce.mx\/?s={search_term_string}"},"query-input":{"@type":"PropertyValueSpecification","valueRequired":true,"valueName":"search_term_string"}}],"inLanguage":"es"},{"@type":"Organization","@id":"http:\/\/www.reconoce.mx\/#organization","name":"Reconoce MX","url":"http:\/\/www.reconoce.mx\/","logo":{"@type":"ImageObject","inLanguage":"es","@id":"http:\/\/www.reconoce.mx\/#\/schema\/logo\/image\/","url":"https:\/\/www.reconoce.mx\/wp-content\/uploads\/2019\/03\/logorcmx-good-1.png","contentUrl":"https:\/\/www.reconoce.mx\/wp-content\/uploads\/2019\/03\/logorcmx-good-1.png","width":280,"height":90,"caption":"Reconoce MX"},"image":{"@id":"http:\/\/www.reconoce.mx\/#\/schema\/logo\/image\/"},"sameAs":["https:\/\/es-la.facebook.com\/ReconoceMX\/","https:\/\/x.com\/reconocemx","http:\/\/@reconocemx"]},{"@type":"Person","@id":"http:\/\/www.reconoce.mx\/#\/schema\/person\/2117e997d7051dc15d6880eaf9bca0b2","name":"Reconoce MX","image":{"@type":"ImageObject","inLanguage":"es","@id":"http:\/\/www.reconoce.mx\/#\/schema\/person\/image\/","url":"https:\/\/secure.gravatar.com\/avatar\/6c8d4dc7569ca1c90c5fdcc349f839d5ddef6fe1e70b4337ead2ef1a4c43fc3a?s=96&d=identicon&r=g","contentUrl":"https:\/\/secure.gravatar.com\/avatar\/6c8d4dc7569ca1c90c5fdcc349f839d5ddef6fe1e70b4337ead2ef1a4c43fc3a?s=96&d=identicon&r=g","caption":"Reconoce MX"},"description":"Reconoce MX es un proyecto de difusi\u00f3n art\u00edstica, cultural y de conciencia social que est\u00e1 enfocado a difundir y fomentar el entretenimiento alternativo de calidad para todo el p\u00fablico que comparta el mismo entusiasmo.","sameAs":["http:\/\/www.reconoce.mx"],"url":"https:\/\/www.reconoce.mx\/?author=2"}]}},"_links":{"self":[{"href":"https:\/\/www.reconoce.mx\/index.php?rest_route=\/wp\/v2\/posts\/68310","targetHints":{"allow":["GET"]}}],"collection":[{"href":"https:\/\/www.reconoce.mx\/index.php?rest_route=\/wp\/v2\/posts"}],"about":[{"href":"https:\/\/www.reconoce.mx\/index.php?rest_route=\/wp\/v2\/types\/post"}],"author":[{"embeddable":true,"href":"https:\/\/www.reconoce.mx\/index.php?rest_route=\/wp\/v2\/users\/2"}],"replies":[{"embeddable":true,"href":"https:\/\/www.reconoce.mx\/index.php?rest_route=%2Fwp%2Fv2%2Fcomments&post=68310"}],"version-history":[{"count":4,"href":"https:\/\/www.reconoce.mx\/index.php?rest_route=\/wp\/v2\/posts\/68310\/revisions"}],"predecessor-version":[{"id":68316,"href":"https:\/\/www.reconoce.mx\/index.php?rest_route=\/wp\/v2\/posts\/68310\/revisions\/68316"}],"wp:featuredmedia":[{"embeddable":true,"href":"https:\/\/www.reconoce.mx\/index.php?rest_route=\/wp\/v2\/media\/68312"}],"wp:attachment":[{"href":"https:\/\/www.reconoce.mx\/index.php?rest_route=%2Fwp%2Fv2%2Fmedia&parent=68310"}],"wp:term":[{"taxonomy":"category","embeddable":true,"href":"https:\/\/www.reconoce.mx\/index.php?rest_route=%2Fwp%2Fv2%2Fcategories&post=68310"},{"taxonomy":"post_tag","embeddable":true,"href":"https:\/\/www.reconoce.mx\/index.php?rest_route=%2Fwp%2Fv2%2Ftags&post=68310"}],"curies":[{"name":"wp","href":"https:\/\/api.w.org\/{rel}","templated":true}]}}