{"id":68356,"date":"2017-11-30T00:04:13","date_gmt":"2017-11-30T06:04:13","guid":{"rendered":"http:\/\/www.reconoce.mx\/?p=68356"},"modified":"2017-11-30T13:45:09","modified_gmt":"2017-11-30T19:45:09","slug":"guerra-de-papas-2-o-papas-macho-alfa-vs-papas-mas-navidenos-que-el-jengibre","status":"publish","type":"post","link":"https:\/\/www.reconoce.mx\/?p=68356","title":{"rendered":"\u00abGuerra de pap\u00e1s 2\u00bb, o pap\u00e1s macho alfa vs. pap\u00e1s m\u00e1s navide\u00f1os que el jengibre"},"content":{"rendered":"<p><strong>Por <a title=\"@AsfaltosTweets\" href=\"http:\/\/twitter.com\/AsfaltosTweets\" target=\"_blank\" rel=\"noopener noreferrer\" data-slimstat-type=\"0\" data-slimstat-callback=\"false\" data-slimstat-tracking=\"true\">Asfaltos<\/a><\/strong>.<\/p>\n<p>Llega la temporada decembrina, y con ella, las pel\u00edculas con tem\u00e1tica navide\u00f1a. S\u00ed, es cierto que desde hace ya algunos a\u00f1os las pel\u00edculas navide\u00f1as que trascienden son pocas; sin embargo, como entretenimiento para pasarlo en familia, y tambi\u00e9n re\u00edrnos inclusive de nosotros mismos -pues muchas situaciones plasmadas en el cine se replican en la realidad-, s\u00ed hay opciones en la temporada, y una de ellas es precisamente \u00abGuerra de pap\u00e1s 2\u00bb.<\/p>\n<p><a href=\"http:\/\/www.reconoce.mx\/wp-content\/uploads\/2017\/11\/Guerra_de_pap\u00e1s_2_poster.jpg\"><img loading=\"lazy\" decoding=\"async\" src=\"http:\/\/www.reconoce.mx\/wp-content\/uploads\/2017\/11\/Guerra_de_pap\u00e1s_2_poster.jpg\" alt=\"\" width=\"1382\" height=\"2048\" class=\"aligncenter size-full wp-image-68360\" srcset=\"https:\/\/www.reconoce.mx\/wp-content\/uploads\/2017\/11\/Guerra_de_pap\u00e1s_2_poster.jpg 1382w, https:\/\/www.reconoce.mx\/wp-content\/uploads\/2017\/11\/Guerra_de_pap\u00e1s_2_poster-202x300.jpg 202w, https:\/\/www.reconoce.mx\/wp-content\/uploads\/2017\/11\/Guerra_de_pap\u00e1s_2_poster-768x1138.jpg 768w, https:\/\/www.reconoce.mx\/wp-content\/uploads\/2017\/11\/Guerra_de_pap\u00e1s_2_poster-691x1024.jpg 691w, https:\/\/www.reconoce.mx\/wp-content\/uploads\/2017\/11\/Guerra_de_pap\u00e1s_2_poster-150x222.jpg 150w, https:\/\/www.reconoce.mx\/wp-content\/uploads\/2017\/11\/Guerra_de_pap\u00e1s_2_poster-700x1037.jpg 700w, https:\/\/www.reconoce.mx\/wp-content\/uploads\/2017\/11\/Guerra_de_pap\u00e1s_2_poster-658x975.jpg 658w, https:\/\/www.reconoce.mx\/wp-content\/uploads\/2017\/11\/Guerra_de_pap\u00e1s_2_poster-300x445.jpg 300w\" sizes=\"auto, (max-width: 1382px) 100vw, 1382px\" \/><\/a><\/p>\n<p>La historia la conocimos en su primera parte, cuando se nos presentaba a Brad Whitaker (<strong>Will Ferrell<\/strong>), un ejecutivo de radio de suaves modos, cari\u00f1oso pero a veces muy empalogoso, que intentaba todo por ganarse el cari\u00f1o de los hijos de su nueva pareja Sarah Whitaker (<strong>Linda Cardellini<\/strong>). Ah\u00ed es cuando conocimos a Dusty Mayron (<strong>Mark Wahlberg<\/strong>), el padre biol\u00f3gico de los ni\u00f1os a los que Brad se quer\u00eda ganar. \u00bfEl final? Miel sobre hojuelas, pues Brad se conviriti\u00f3 en papito mientras Dusty no dej\u00f3 de ser pap\u00e1. S\u00ed, todo bien&#8230; hasta ahora.<\/p>\n<p>Cuando todo parec\u00eda que estaba planchadito para una relaci\u00f3n entre pap\u00e1 y papito en paz, el pap\u00e1 gru\u00f1\u00f3n, macho alfa de Dusty, interpretado por <strong>Mel Gibson<\/strong>; y el pap\u00e1 cari\u00f1oso y tierno al extremo de Brad, interpretado por <strong>John Lithgow<\/strong>, reaparecen en sus vidas para volver a poner todo de cabeza. \u00bfLograr\u00e1n los nuevos mejores amigos mantener su relaci\u00f3n y amistad? \u00bfVolver\u00e1n a caer una vez m\u00e1s en esa aut\u00e9ntica guerra que vivieron en el pasado?<\/p>\n<p><a href=\"http:\/\/www.reconoce.mx\/wp-content\/uploads\/2017\/11\/Mark-Wahlberg-Will-Ferrell-Daddys-Home-2--e1512070917897.jpg\"><img loading=\"lazy\" decoding=\"async\" src=\"http:\/\/www.reconoce.mx\/wp-content\/uploads\/2017\/11\/Mark-Wahlberg-Will-Ferrell-Daddys-Home-2--e1512070917897.jpg\" alt=\"\" width=\"1000\" height=\"667\" class=\"aligncenter size-full wp-image-68361\" \/><\/a><\/p>\n<p>S\u00ed, \u00abGuerra de pap\u00e1s 2\u00bb repite la f\u00f3rmula de su antecesora logrando algunas buenas risas por las situaciones tan inveros\u00edmiles que se nos presentan, pero hasta ah\u00ed. Lamentablemente la pel\u00edcula no consigue atraparnos en la historia, y se termina convirtiendo m\u00e1s en una serie de sketches en los que algunos funcionan y otros no.<\/p>\n<p>La presencia de 2 nuevos pap\u00e1s refresca un poco la f\u00f3rmula. Ver a <strong>Mel Gibson<\/strong> en el papel del macho alfa por excelencia es divertido, ver tambi\u00e9n a<strong> John Lithgow<\/strong> como el pap\u00e1 m\u00e1s amoroso del mundo tambi\u00e9n lo es; sin embargo, en ambos casos, la sobreactuaci\u00f3n termina por hacer que por momentos que todo luzca m\u00e1s forzado que nada, y por lo mismo, en un humor que presiona hasta el exceso tratando que uno se r\u00eda con todo lo que sucede.<\/p>\n<div id=\"attachment_68358\" style=\"width: 810px\" class=\"wp-caption aligncenter\"><a href=\"http:\/\/www.reconoce.mx\/wp-content\/uploads\/2017\/11\/daddyshome002.jpg\"><img loading=\"lazy\" decoding=\"async\" aria-describedby=\"caption-attachment-68358\" src=\"http:\/\/www.reconoce.mx\/wp-content\/uploads\/2017\/11\/daddyshome002.jpg\" alt=\"\" width=\"800\" height=\"1200\" class=\"size-full wp-image-68358\" srcset=\"https:\/\/www.reconoce.mx\/wp-content\/uploads\/2017\/11\/daddyshome002.jpg 800w, https:\/\/www.reconoce.mx\/wp-content\/uploads\/2017\/11\/daddyshome002-200x300.jpg 200w, https:\/\/www.reconoce.mx\/wp-content\/uploads\/2017\/11\/daddyshome002-768x1152.jpg 768w, https:\/\/www.reconoce.mx\/wp-content\/uploads\/2017\/11\/daddyshome002-683x1024.jpg 683w, https:\/\/www.reconoce.mx\/wp-content\/uploads\/2017\/11\/daddyshome002-150x225.jpg 150w, https:\/\/www.reconoce.mx\/wp-content\/uploads\/2017\/11\/daddyshome002-700x1050.jpg 700w, https:\/\/www.reconoce.mx\/wp-content\/uploads\/2017\/11\/daddyshome002-658x987.jpg 658w, https:\/\/www.reconoce.mx\/wp-content\/uploads\/2017\/11\/daddyshome002-300x450.jpg 300w\" sizes=\"auto, (max-width: 800px) 100vw, 800px\" \/><\/a><p id=\"caption-attachment-68358\" class=\"wp-caption-text\">Linda Cardellini plays Sarah in Daddy&#8217;s Home 2 from Paramount Pictures.<\/p><\/div>\n<p>Lamentablemente la pel\u00edcula no termina por cuajar como una comedia redonda, pues as\u00ed como hay momentos simples que nos pueden hacer re\u00edr, tambi\u00e9n hay momentos m\u00e1s complejos y rebuscados que terminan por funcionar poco o nada.<\/p>\n<p>\u00abGuerra de pap\u00e1s 2\u00bb quiz\u00e1 tenga sus fortalezas en el cast infantil, cuyos int\u00e9rpretes nos regalan los momentos m\u00e1s emotivos de la pel\u00edcula; y tambi\u00e9n en los dos primeros pap\u00e1s que conocimos, interpretados por <strong>Will Ferrel<\/strong> y <strong>Mark Wahlberg<\/strong>, quienes como pareja c\u00f3mica funcionan pero sin aportarle mucho nuevo m\u00e1s a este reciente episodio en conjunto.<\/p>\n<style>.embed-container { position: relative; padding-bottom: 56.25%; height: 0; overflow: hidden; max-width: 100%; } .embed-container iframe, .embed-container object, .embed-container embed { position: absolute; top: 0; left: 0; width: 100%; height: 100%; }<\/style>\n<div class='embed-container'><iframe src='https:\/\/www.youtube.com\/embed\/V63hvdPVebw' frameborder='0' allowfullscreen><\/iframe><\/div>\n<p>&nbsp;<\/p>\n<p>De cualquier modo, si ustedes quieren re\u00edrse un rato, desconectarse de lo cotidiano y pasarla bien al tiempo que empiezan a vivir los d\u00edas navide\u00f1os, \u00abGuerra de pap\u00e1s 2\u00bb es para ustedes. La pel\u00edcula se preestren\u00f3 ya el fin de semana, pero ma\u00f1ana viernes 1 de diciembre llega a la mayor\u00eda de las salas nacionales. V\u00e9anla y me comentan si no es que he sido acaso yo el grinch de la temporada.<\/p>\n<p>&nbsp;<\/p>\n<p>&nbsp;<\/p>\n","protected":false},"excerpt":{"rendered":"<p>Llega la temporada decembrina, y con ella, las pel\u00edculas con tem\u00e1tica navide\u00f1a. S\u00ed, es cierto que desde hace ya algunos a\u00f1os las pel\u00edculas navide\u00f1as que trascienden son pocas.<\/p>\n","protected":false},"author":2,"featured_media":68359,"comment_status":"open","ping_status":"open","sticky":false,"template":"","format":"standard","meta":{"footnotes":""},"categories":[24,1,17],"tags":[],"class_list":["post-68356","post","type-post","status-publish","format-standard","has-post-thumbnail","hentry","category-cine","category-cultura","category-principal"],"yoast_head":"<!-- This site is optimized with the Yoast SEO plugin v24.7 - https:\/\/yoast.com\/wordpress\/plugins\/seo\/ -->\n<title>&quot;Guerra de pap\u00e1s 2&quot;, o pap\u00e1s macho alfa vs. pap\u00e1s m\u00e1s navide\u00f1os que el jengibre &#171; Reconoce MX<\/title>\n<meta name=\"robots\" content=\"index, follow, max-snippet:-1, max-image-preview:large, max-video-preview:-1\" \/>\n<link rel=\"canonical\" href=\"https:\/\/www.reconoce.mx\/?p=68356\" \/>\n<meta property=\"og:locale\" content=\"es_ES\" \/>\n<meta property=\"og:type\" content=\"article\" \/>\n<meta property=\"og:title\" content=\"&quot;Guerra de pap\u00e1s 2&quot;, o pap\u00e1s macho alfa vs. pap\u00e1s m\u00e1s navide\u00f1os que el jengibre &#171; Reconoce MX\" \/>\n<meta property=\"og:description\" content=\"Llega la temporada decembrina, y con ella, las pel\u00edculas con tem\u00e1tica navide\u00f1a. S\u00ed, es cierto que desde hace ya algunos a\u00f1os las pel\u00edculas navide\u00f1as que trascienden son pocas.\" \/>\n<meta property=\"og:url\" content=\"https:\/\/www.reconoce.mx\/?p=68356\" \/>\n<meta property=\"og:site_name\" content=\"Reconoce MX\" \/>\n<meta property=\"article:publisher\" content=\"https:\/\/es-la.facebook.com\/ReconoceMX\/\" \/>\n<meta property=\"article:published_time\" content=\"2017-11-30T06:04:13+00:00\" \/>\n<meta property=\"article:modified_time\" content=\"2017-11-30T19:45:09+00:00\" \/>\n<meta property=\"og:image\" content=\"https:\/\/www.reconoce.mx\/wp-content\/uploads\/2017\/11\/guerra-de-pap\u00e1s-2.png\" \/>\n\t<meta property=\"og:image:width\" content=\"590\" \/>\n\t<meta property=\"og:image:height\" content=\"380\" \/>\n\t<meta property=\"og:image:type\" content=\"image\/png\" \/>\n<meta name=\"author\" content=\"Reconoce MX\" \/>\n<meta name=\"twitter:card\" content=\"summary_large_image\" \/>\n<meta name=\"twitter:creator\" content=\"@reconocemx\" \/>\n<meta name=\"twitter:site\" content=\"@reconocemx\" \/>\n<meta name=\"twitter:label1\" content=\"Escrito por\" \/>\n\t<meta name=\"twitter:data1\" content=\"Reconoce MX\" \/>\n\t<meta name=\"twitter:label2\" content=\"Tiempo de lectura\" \/>\n\t<meta name=\"twitter:data2\" content=\"3 minutos\" \/>\n<script type=\"application\/ld+json\" class=\"yoast-schema-graph\">{\"@context\":\"https:\/\/schema.org\",\"@graph\":[{\"@type\":\"Article\",\"@id\":\"https:\/\/www.reconoce.mx\/?p=68356#article\",\"isPartOf\":{\"@id\":\"https:\/\/www.reconoce.mx\/?p=68356\"},\"author\":{\"name\":\"Reconoce MX\",\"@id\":\"http:\/\/www.reconoce.mx\/#\/schema\/person\/2117e997d7051dc15d6880eaf9bca0b2\"},\"headline\":\"\u00abGuerra de pap\u00e1s 2\u00bb, o pap\u00e1s macho alfa vs. pap\u00e1s m\u00e1s navide\u00f1os que el jengibre\",\"datePublished\":\"2017-11-30T06:04:13+00:00\",\"dateModified\":\"2017-11-30T19:45:09+00:00\",\"mainEntityOfPage\":{\"@id\":\"https:\/\/www.reconoce.mx\/?p=68356\"},\"wordCount\":631,\"commentCount\":0,\"publisher\":{\"@id\":\"http:\/\/www.reconoce.mx\/#organization\"},\"image\":{\"@id\":\"https:\/\/www.reconoce.mx\/?p=68356#primaryimage\"},\"thumbnailUrl\":\"https:\/\/www.reconoce.mx\/wp-content\/uploads\/2017\/11\/guerra-de-pap\u00e1s-2.png\",\"articleSection\":[\"Cine\",\"Cultura\",\"Principal\"],\"inLanguage\":\"es\",\"potentialAction\":[{\"@type\":\"CommentAction\",\"name\":\"Comment\",\"target\":[\"https:\/\/www.reconoce.mx\/?p=68356#respond\"]}]},{\"@type\":\"WebPage\",\"@id\":\"https:\/\/www.reconoce.mx\/?p=68356\",\"url\":\"https:\/\/www.reconoce.mx\/?p=68356\",\"name\":\"\\\"Guerra de pap\u00e1s 2\\\", o pap\u00e1s macho alfa vs. pap\u00e1s m\u00e1s navide\u00f1os que el jengibre &#171; Reconoce MX\",\"isPartOf\":{\"@id\":\"http:\/\/www.reconoce.mx\/#website\"},\"primaryImageOfPage\":{\"@id\":\"https:\/\/www.reconoce.mx\/?p=68356#primaryimage\"},\"image\":{\"@id\":\"https:\/\/www.reconoce.mx\/?p=68356#primaryimage\"},\"thumbnailUrl\":\"https:\/\/www.reconoce.mx\/wp-content\/uploads\/2017\/11\/guerra-de-pap\u00e1s-2.png\",\"datePublished\":\"2017-11-30T06:04:13+00:00\",\"dateModified\":\"2017-11-30T19:45:09+00:00\",\"breadcrumb\":{\"@id\":\"https:\/\/www.reconoce.mx\/?p=68356#breadcrumb\"},\"inLanguage\":\"es\",\"potentialAction\":[{\"@type\":\"ReadAction\",\"target\":[\"https:\/\/www.reconoce.mx\/?p=68356\"]}]},{\"@type\":\"ImageObject\",\"inLanguage\":\"es\",\"@id\":\"https:\/\/www.reconoce.mx\/?p=68356#primaryimage\",\"url\":\"https:\/\/www.reconoce.mx\/wp-content\/uploads\/2017\/11\/guerra-de-pap\u00e1s-2.png\",\"contentUrl\":\"https:\/\/www.reconoce.mx\/wp-content\/uploads\/2017\/11\/guerra-de-pap\u00e1s-2.png\",\"width\":590,\"height\":380},{\"@type\":\"BreadcrumbList\",\"@id\":\"https:\/\/www.reconoce.mx\/?p=68356#breadcrumb\",\"itemListElement\":[{\"@type\":\"ListItem\",\"position\":1,\"name\":\"Portada\",\"item\":\"http:\/\/www.reconoce.mx\/\"},{\"@type\":\"ListItem\",\"position\":2,\"name\":\"\u00abGuerra de pap\u00e1s 2\u00bb, o pap\u00e1s macho alfa vs. pap\u00e1s m\u00e1s navide\u00f1os que el jengibre\"}]},{\"@type\":\"WebSite\",\"@id\":\"http:\/\/www.reconoce.mx\/#website\",\"url\":\"http:\/\/www.reconoce.mx\/\",\"name\":\"Reconoce MX\",\"description\":\"En Reconoce MX difundimos arte, cultura y conciencia social en M\u00e9xico. Tu ciudad en otra perspectiva.\",\"publisher\":{\"@id\":\"http:\/\/www.reconoce.mx\/#organization\"},\"potentialAction\":[{\"@type\":\"SearchAction\",\"target\":{\"@type\":\"EntryPoint\",\"urlTemplate\":\"http:\/\/www.reconoce.mx\/?s={search_term_string}\"},\"query-input\":{\"@type\":\"PropertyValueSpecification\",\"valueRequired\":true,\"valueName\":\"search_term_string\"}}],\"inLanguage\":\"es\"},{\"@type\":\"Organization\",\"@id\":\"http:\/\/www.reconoce.mx\/#organization\",\"name\":\"Reconoce MX\",\"url\":\"http:\/\/www.reconoce.mx\/\",\"logo\":{\"@type\":\"ImageObject\",\"inLanguage\":\"es\",\"@id\":\"http:\/\/www.reconoce.mx\/#\/schema\/logo\/image\/\",\"url\":\"https:\/\/www.reconoce.mx\/wp-content\/uploads\/2019\/03\/logorcmx-good-1.png\",\"contentUrl\":\"https:\/\/www.reconoce.mx\/wp-content\/uploads\/2019\/03\/logorcmx-good-1.png\",\"width\":280,\"height\":90,\"caption\":\"Reconoce MX\"},\"image\":{\"@id\":\"http:\/\/www.reconoce.mx\/#\/schema\/logo\/image\/\"},\"sameAs\":[\"https:\/\/es-la.facebook.com\/ReconoceMX\/\",\"https:\/\/x.com\/reconocemx\",\"http:\/\/@reconocemx\"]},{\"@type\":\"Person\",\"@id\":\"http:\/\/www.reconoce.mx\/#\/schema\/person\/2117e997d7051dc15d6880eaf9bca0b2\",\"name\":\"Reconoce MX\",\"image\":{\"@type\":\"ImageObject\",\"inLanguage\":\"es\",\"@id\":\"http:\/\/www.reconoce.mx\/#\/schema\/person\/image\/\",\"url\":\"https:\/\/secure.gravatar.com\/avatar\/6c8d4dc7569ca1c90c5fdcc349f839d5ddef6fe1e70b4337ead2ef1a4c43fc3a?s=96&d=identicon&r=g\",\"contentUrl\":\"https:\/\/secure.gravatar.com\/avatar\/6c8d4dc7569ca1c90c5fdcc349f839d5ddef6fe1e70b4337ead2ef1a4c43fc3a?s=96&d=identicon&r=g\",\"caption\":\"Reconoce MX\"},\"description\":\"Reconoce MX es un proyecto de difusi\u00f3n art\u00edstica, cultural y de conciencia social que est\u00e1 enfocado a difundir y fomentar el entretenimiento alternativo de calidad para todo el p\u00fablico que comparta el mismo entusiasmo.\",\"sameAs\":[\"http:\/\/www.reconoce.mx\"],\"url\":\"https:\/\/www.reconoce.mx\/?author=2\"}]}<\/script>\n<!-- \/ Yoast SEO plugin. -->","yoast_head_json":{"title":"\"Guerra de pap\u00e1s 2\", o pap\u00e1s macho alfa vs. pap\u00e1s m\u00e1s navide\u00f1os que el jengibre &#171; Reconoce MX","robots":{"index":"index","follow":"follow","max-snippet":"max-snippet:-1","max-image-preview":"max-image-preview:large","max-video-preview":"max-video-preview:-1"},"canonical":"https:\/\/www.reconoce.mx\/?p=68356","og_locale":"es_ES","og_type":"article","og_title":"\"Guerra de pap\u00e1s 2\", o pap\u00e1s macho alfa vs. pap\u00e1s m\u00e1s navide\u00f1os que el jengibre &#171; Reconoce MX","og_description":"Llega la temporada decembrina, y con ella, las pel\u00edculas con tem\u00e1tica navide\u00f1a. S\u00ed, es cierto que desde hace ya algunos a\u00f1os las pel\u00edculas navide\u00f1as que trascienden son pocas.","og_url":"https:\/\/www.reconoce.mx\/?p=68356","og_site_name":"Reconoce MX","article_publisher":"https:\/\/es-la.facebook.com\/ReconoceMX\/","article_published_time":"2017-11-30T06:04:13+00:00","article_modified_time":"2017-11-30T19:45:09+00:00","og_image":[{"width":590,"height":380,"url":"https:\/\/www.reconoce.mx\/wp-content\/uploads\/2017\/11\/guerra-de-pap\u00e1s-2.png","type":"image\/png"}],"author":"Reconoce MX","twitter_card":"summary_large_image","twitter_creator":"@reconocemx","twitter_site":"@reconocemx","twitter_misc":{"Escrito por":"Reconoce MX","Tiempo de lectura":"3 minutos"},"schema":{"@context":"https:\/\/schema.org","@graph":[{"@type":"Article","@id":"https:\/\/www.reconoce.mx\/?p=68356#article","isPartOf":{"@id":"https:\/\/www.reconoce.mx\/?p=68356"},"author":{"name":"Reconoce MX","@id":"http:\/\/www.reconoce.mx\/#\/schema\/person\/2117e997d7051dc15d6880eaf9bca0b2"},"headline":"\u00abGuerra de pap\u00e1s 2\u00bb, o pap\u00e1s macho alfa vs. pap\u00e1s m\u00e1s navide\u00f1os que el jengibre","datePublished":"2017-11-30T06:04:13+00:00","dateModified":"2017-11-30T19:45:09+00:00","mainEntityOfPage":{"@id":"https:\/\/www.reconoce.mx\/?p=68356"},"wordCount":631,"commentCount":0,"publisher":{"@id":"http:\/\/www.reconoce.mx\/#organization"},"image":{"@id":"https:\/\/www.reconoce.mx\/?p=68356#primaryimage"},"thumbnailUrl":"https:\/\/www.reconoce.mx\/wp-content\/uploads\/2017\/11\/guerra-de-pap\u00e1s-2.png","articleSection":["Cine","Cultura","Principal"],"inLanguage":"es","potentialAction":[{"@type":"CommentAction","name":"Comment","target":["https:\/\/www.reconoce.mx\/?p=68356#respond"]}]},{"@type":"WebPage","@id":"https:\/\/www.reconoce.mx\/?p=68356","url":"https:\/\/www.reconoce.mx\/?p=68356","name":"\"Guerra de pap\u00e1s 2\", o pap\u00e1s macho alfa vs. pap\u00e1s m\u00e1s navide\u00f1os que el jengibre &#171; Reconoce MX","isPartOf":{"@id":"http:\/\/www.reconoce.mx\/#website"},"primaryImageOfPage":{"@id":"https:\/\/www.reconoce.mx\/?p=68356#primaryimage"},"image":{"@id":"https:\/\/www.reconoce.mx\/?p=68356#primaryimage"},"thumbnailUrl":"https:\/\/www.reconoce.mx\/wp-content\/uploads\/2017\/11\/guerra-de-pap\u00e1s-2.png","datePublished":"2017-11-30T06:04:13+00:00","dateModified":"2017-11-30T19:45:09+00:00","breadcrumb":{"@id":"https:\/\/www.reconoce.mx\/?p=68356#breadcrumb"},"inLanguage":"es","potentialAction":[{"@type":"ReadAction","target":["https:\/\/www.reconoce.mx\/?p=68356"]}]},{"@type":"ImageObject","inLanguage":"es","@id":"https:\/\/www.reconoce.mx\/?p=68356#primaryimage","url":"https:\/\/www.reconoce.mx\/wp-content\/uploads\/2017\/11\/guerra-de-pap\u00e1s-2.png","contentUrl":"https:\/\/www.reconoce.mx\/wp-content\/uploads\/2017\/11\/guerra-de-pap\u00e1s-2.png","width":590,"height":380},{"@type":"BreadcrumbList","@id":"https:\/\/www.reconoce.mx\/?p=68356#breadcrumb","itemListElement":[{"@type":"ListItem","position":1,"name":"Portada","item":"http:\/\/www.reconoce.mx\/"},{"@type":"ListItem","position":2,"name":"\u00abGuerra de pap\u00e1s 2\u00bb, o pap\u00e1s macho alfa vs. pap\u00e1s m\u00e1s navide\u00f1os que el jengibre"}]},{"@type":"WebSite","@id":"http:\/\/www.reconoce.mx\/#website","url":"http:\/\/www.reconoce.mx\/","name":"Reconoce MX","description":"En Reconoce MX difundimos arte, cultura y conciencia social en M\u00e9xico. Tu ciudad en otra perspectiva.","publisher":{"@id":"http:\/\/www.reconoce.mx\/#organization"},"potentialAction":[{"@type":"SearchAction","target":{"@type":"EntryPoint","urlTemplate":"http:\/\/www.reconoce.mx\/?s={search_term_string}"},"query-input":{"@type":"PropertyValueSpecification","valueRequired":true,"valueName":"search_term_string"}}],"inLanguage":"es"},{"@type":"Organization","@id":"http:\/\/www.reconoce.mx\/#organization","name":"Reconoce MX","url":"http:\/\/www.reconoce.mx\/","logo":{"@type":"ImageObject","inLanguage":"es","@id":"http:\/\/www.reconoce.mx\/#\/schema\/logo\/image\/","url":"https:\/\/www.reconoce.mx\/wp-content\/uploads\/2019\/03\/logorcmx-good-1.png","contentUrl":"https:\/\/www.reconoce.mx\/wp-content\/uploads\/2019\/03\/logorcmx-good-1.png","width":280,"height":90,"caption":"Reconoce MX"},"image":{"@id":"http:\/\/www.reconoce.mx\/#\/schema\/logo\/image\/"},"sameAs":["https:\/\/es-la.facebook.com\/ReconoceMX\/","https:\/\/x.com\/reconocemx","http:\/\/@reconocemx"]},{"@type":"Person","@id":"http:\/\/www.reconoce.mx\/#\/schema\/person\/2117e997d7051dc15d6880eaf9bca0b2","name":"Reconoce MX","image":{"@type":"ImageObject","inLanguage":"es","@id":"http:\/\/www.reconoce.mx\/#\/schema\/person\/image\/","url":"https:\/\/secure.gravatar.com\/avatar\/6c8d4dc7569ca1c90c5fdcc349f839d5ddef6fe1e70b4337ead2ef1a4c43fc3a?s=96&d=identicon&r=g","contentUrl":"https:\/\/secure.gravatar.com\/avatar\/6c8d4dc7569ca1c90c5fdcc349f839d5ddef6fe1e70b4337ead2ef1a4c43fc3a?s=96&d=identicon&r=g","caption":"Reconoce MX"},"description":"Reconoce MX es un proyecto de difusi\u00f3n art\u00edstica, cultural y de conciencia social que est\u00e1 enfocado a difundir y fomentar el entretenimiento alternativo de calidad para todo el p\u00fablico que comparta el mismo entusiasmo.","sameAs":["http:\/\/www.reconoce.mx"],"url":"https:\/\/www.reconoce.mx\/?author=2"}]}},"_links":{"self":[{"href":"https:\/\/www.reconoce.mx\/index.php?rest_route=\/wp\/v2\/posts\/68356","targetHints":{"allow":["GET"]}}],"collection":[{"href":"https:\/\/www.reconoce.mx\/index.php?rest_route=\/wp\/v2\/posts"}],"about":[{"href":"https:\/\/www.reconoce.mx\/index.php?rest_route=\/wp\/v2\/types\/post"}],"author":[{"embeddable":true,"href":"https:\/\/www.reconoce.mx\/index.php?rest_route=\/wp\/v2\/users\/2"}],"replies":[{"embeddable":true,"href":"https:\/\/www.reconoce.mx\/index.php?rest_route=%2Fwp%2Fv2%2Fcomments&post=68356"}],"version-history":[{"count":4,"href":"https:\/\/www.reconoce.mx\/index.php?rest_route=\/wp\/v2\/posts\/68356\/revisions"}],"predecessor-version":[{"id":68364,"href":"https:\/\/www.reconoce.mx\/index.php?rest_route=\/wp\/v2\/posts\/68356\/revisions\/68364"}],"wp:featuredmedia":[{"embeddable":true,"href":"https:\/\/www.reconoce.mx\/index.php?rest_route=\/wp\/v2\/media\/68359"}],"wp:attachment":[{"href":"https:\/\/www.reconoce.mx\/index.php?rest_route=%2Fwp%2Fv2%2Fmedia&parent=68356"}],"wp:term":[{"taxonomy":"category","embeddable":true,"href":"https:\/\/www.reconoce.mx\/index.php?rest_route=%2Fwp%2Fv2%2Fcategories&post=68356"},{"taxonomy":"post_tag","embeddable":true,"href":"https:\/\/www.reconoce.mx\/index.php?rest_route=%2Fwp%2Fv2%2Ftags&post=68356"}],"curies":[{"name":"wp","href":"https:\/\/api.w.org\/{rel}","templated":true}]}}