{"id":68389,"date":"2017-12-01T00:02:42","date_gmt":"2017-12-01T06:02:42","guid":{"rendered":"http:\/\/www.reconoce.mx\/?p=68389"},"modified":"2017-12-01T10:32:46","modified_gmt":"2017-12-01T16:32:46","slug":"el-plaza-condesa-cartelera-del-01-al-07-de-diciembre","status":"publish","type":"post","link":"https:\/\/www.reconoce.mx\/?p=68389","title":{"rendered":"El Plaza Condesa: Cartelera del 01 al 07 de diciembre"},"content":{"rendered":"<p><strong>Por <a title=\"@AsfaltosTweets\" href=\"http:\/\/twitter.com\/AsfaltosTweets\" target=\"_blank\" rel=\"noopener noreferrer\">Asfaltos<\/a><\/strong>.<\/p>\n<p>Construido entre 1952 y 1973,<strong> El Plaza Condesa<\/strong> es hoy uno de los foros musicales m\u00e1s importantes de nuestro pa\u00eds y la capital. Ubicado en un sitio privilegiado, en la colonia Condesa rodeado de los parques Espa\u00f1a y M\u00e9xico, as\u00ed como rodeado de librer\u00edas, restaurantes y galer\u00edas de arte, la historia de <strong>El Plaza<\/strong> como foro musical inici\u00f3 el 14 de septiembre de 2011, d\u00eda en el que fue reinaugurado tras una importante remodelaci\u00f3n.<\/p>\n<p>En el mejor \u00e1nimo de que pasen un gran momento, ustedes amantes de la m\u00fasica, les compartimos de manera semanal la cartelera de <strong>El Plaza Condesa<\/strong>.<\/p>\n<h1><strong>Carlos Sadness<br \/>\n<\/strong><\/h1>\n<p>\/\/ diciembre 01, viernes, 21:00h<br \/>\n\/\/ precios: balc\u00f3n $750; palco $600; pista general $480<\/p>\n<p><a href=\"http:\/\/www.reconoce.mx\/wp-content\/uploads\/2017\/11\/event-poster-8575439.jpg\"><img loading=\"lazy\" decoding=\"async\" class=\"aligncenter size-full wp-image-68285\" src=\"http:\/\/www.reconoce.mx\/wp-content\/uploads\/2017\/11\/event-poster-8575439.jpg\" alt=\"\" width=\"800\" height=\"1237\" srcset=\"https:\/\/www.reconoce.mx\/wp-content\/uploads\/2017\/11\/event-poster-8575439.jpg 800w, https:\/\/www.reconoce.mx\/wp-content\/uploads\/2017\/11\/event-poster-8575439-194x300.jpg 194w, https:\/\/www.reconoce.mx\/wp-content\/uploads\/2017\/11\/event-poster-8575439-768x1188.jpg 768w, https:\/\/www.reconoce.mx\/wp-content\/uploads\/2017\/11\/event-poster-8575439-662x1024.jpg 662w, https:\/\/www.reconoce.mx\/wp-content\/uploads\/2017\/11\/event-poster-8575439-150x232.jpg 150w, https:\/\/www.reconoce.mx\/wp-content\/uploads\/2017\/11\/event-poster-8575439-700x1082.jpg 700w, https:\/\/www.reconoce.mx\/wp-content\/uploads\/2017\/11\/event-poster-8575439-658x1017.jpg 658w, https:\/\/www.reconoce.mx\/wp-content\/uploads\/2017\/11\/event-poster-8575439-300x464.jpg 300w\" sizes=\"auto, (max-width: 800px) 100vw, 800px\" \/><\/a><br \/>\n<strong>Carlos Sadness<\/strong> regresa a la Ciudad de M\u00e9xico para reencontrarse con sus fans en lo que ser\u00e1 una \u00edntima y rom\u00e1ntica velada hoy 1 de diciembre en <strong>El Plaza Condesa<\/strong>.<\/p>\n<p>El cantante y compositor nacido en Barcelona, Espa\u00f1a, inici\u00f3 su aventura musical en el a\u00f1o 2007 con el nombre de <strong>Shinoflow<\/strong> con la publicaci\u00f3n del \u00e1lbum \u00abEl Presente de los estados de \u00e1nimo\u00bb. Sin embargo fue unos a\u00f1os despu\u00e9s, tras un peque\u00f1o cambio de estilo que en 2009, el peri\u00f3dico <strong>El Pa\u00eds<\/strong> lo nombr\u00f3 como \u00abUno de los rostros del a\u00f1o\u00bb tras el \u00e9xito de sus canciones publicadas en internet. A partir de ah\u00ed participa en una gira con <strong>Bebe<\/strong> y en el disco de homenaje indie a <strong>Antonio Vega<\/strong>.<\/p>\n<p>En abril del 2012 publica su primer disco \u00abCiencias Celestes\u00bb con el que consigue grandes cifras de audiencia; en 2015 lanza su segundo \u00e1lbum titulado \u00abLa idea salvaje\u00bb, un disco conceptual que gira alrededor de la idea de un viaje espacial, como met\u00e1fora sobre el distanciamiento entre dos personas. La placa fue producida en Glasgow, Escocia y cont\u00f3 con la colaboraci\u00f3n de <strong>Santi Balmes<\/strong>, vocalista de<strong> Love of Lesbian<\/strong>.<\/p>\n<p>Los boletos est\u00e1n disponibles en taquillas y a trav\u00e9s del <a href=\"http:\/\/www.ticketmaster.com.mx\/carlos-sadness-el-plaza-condesa-mexico-df\/venueartist\/164618\/2254506\" target=\"_blank\" rel=\"noopener\">Sistema Ticketmaster<\/a>.<\/p>\n<h1><strong>Stereophonics<br \/>\n<\/strong><\/h1>\n<p>\/\/ diciembre 02, s\u00e1bado, 21:00h<br \/>\n\/\/ precios: balc\u00f3n $890; palco $760; pista general $540<\/p>\n<p><a href=\"http:\/\/www.reconoce.mx\/wp-content\/uploads\/2017\/11\/DM9TnHaUMAA4I0U.jpg\"><img loading=\"lazy\" decoding=\"async\" class=\"aligncenter size-full wp-image-68054\" src=\"http:\/\/www.reconoce.mx\/wp-content\/uploads\/2017\/11\/DM9TnHaUMAA4I0U.jpg\" alt=\"\" width=\"720\" height=\"1112\" srcset=\"https:\/\/www.reconoce.mx\/wp-content\/uploads\/2017\/11\/DM9TnHaUMAA4I0U.jpg 720w, https:\/\/www.reconoce.mx\/wp-content\/uploads\/2017\/11\/DM9TnHaUMAA4I0U-194x300.jpg 194w, https:\/\/www.reconoce.mx\/wp-content\/uploads\/2017\/11\/DM9TnHaUMAA4I0U-663x1024.jpg 663w, https:\/\/www.reconoce.mx\/wp-content\/uploads\/2017\/11\/DM9TnHaUMAA4I0U-150x232.jpg 150w, https:\/\/www.reconoce.mx\/wp-content\/uploads\/2017\/11\/DM9TnHaUMAA4I0U-700x1081.jpg 700w, https:\/\/www.reconoce.mx\/wp-content\/uploads\/2017\/11\/DM9TnHaUMAA4I0U-658x1016.jpg 658w, https:\/\/www.reconoce.mx\/wp-content\/uploads\/2017\/11\/DM9TnHaUMAA4I0U-300x463.jpg 300w\" sizes=\"auto, (max-width: 720px) 100vw, 720px\" \/><\/a><br \/>\n<strong>Stereophonics<\/strong> llegar\u00e1 a la Ciudad de M\u00e9xico para presentar en vivo los temas de su nuevo \u00e1lbum \u00abScream Above The Sounds\u00bb. Esta reuni\u00f3n con sus fans tendr\u00e1 lugar ma\u00f1ana 2 de diciembre en <strong>El Plaza Condesa<\/strong>.<\/p>\n<p>Dos d\u00e9cadas despu\u00e9s del lanzamiento de su \u00e1lbum de debut \u00abWord Get Around\u00bb, Kelly Jones (voz y guitarra), Richard Jones (bajo), Jamie Morrison (bater\u00eda) y Adam Zindani (guitarra) vuelven a los escenarios y lo hacen con once nuevos temas que se incluyen en el disco \u00abScream Above The Sounds\u00bb.<\/p>\n<p>Los originarios de Gales en el Reino Unido han dejado huella en m\u00e1s de una generaci\u00f3n con temas como \u00abDakota\u00bb, \u00abMaybe tomorrow\u00bb y \u00abHave a nice day\u00bb, s\u00f3lo por mencionar algunos.<\/p>\n<p><strong>Stereophonics<\/strong> es sin lugar a dudas un referente obligado del rock de los 90 ya que es una de las pocas bandas que han alcanzado el n\u00famero uno en ventas en el Reino Unido con cinco de sus \u00e1lbumes, lo que los pone a la par de bandas de culto como <strong>The Beatles<\/strong>, <strong>Led Zepellin<\/strong>, <strong>ABBA<\/strong>, <strong>Genesis<\/strong>, <strong>Oasis<\/strong>, <strong>Blur<\/strong> y <strong>U2<\/strong>.<\/p>\n<p>Los boletos est\u00e1n disponibles en taquillas y a trav\u00e9s del <a href=\"http:\/\/www.ticketmaster.com.mx\/stereophonics-el-plaza-condesa-mexico-df\/venueartist\/164618\/795944\" target=\"_blank\" rel=\"noopener\">Sistema Ticketmaster<\/a>.<\/p>\n<h1><strong>The Neighbourhood<br \/>\n<\/strong><\/h1>\n<p>\/\/ diciembre 03, domingo, 19:00h<br \/>\n\/\/ diciembre 04, lunes, 21:00h<br \/>\n\/\/ precios: balc\u00f3n $780; palco $680; pista general $590<\/p>\n<p><a href=\"http:\/\/www.reconoce.mx\/wp-content\/uploads\/2017\/11\/20507664_1603114139739838_4382235000363054137_o.jpg\"><img loading=\"lazy\" decoding=\"async\" class=\"aligncenter size-full wp-image-68290\" src=\"http:\/\/www.reconoce.mx\/wp-content\/uploads\/2017\/11\/20507664_1603114139739838_4382235000363054137_o.jpg\" alt=\"\" width=\"1146\" height=\"1772\" srcset=\"https:\/\/www.reconoce.mx\/wp-content\/uploads\/2017\/11\/20507664_1603114139739838_4382235000363054137_o.jpg 1146w, https:\/\/www.reconoce.mx\/wp-content\/uploads\/2017\/11\/20507664_1603114139739838_4382235000363054137_o-194x300.jpg 194w, https:\/\/www.reconoce.mx\/wp-content\/uploads\/2017\/11\/20507664_1603114139739838_4382235000363054137_o-768x1188.jpg 768w, https:\/\/www.reconoce.mx\/wp-content\/uploads\/2017\/11\/20507664_1603114139739838_4382235000363054137_o-662x1024.jpg 662w, https:\/\/www.reconoce.mx\/wp-content\/uploads\/2017\/11\/20507664_1603114139739838_4382235000363054137_o-150x232.jpg 150w, https:\/\/www.reconoce.mx\/wp-content\/uploads\/2017\/11\/20507664_1603114139739838_4382235000363054137_o-700x1082.jpg 700w, https:\/\/www.reconoce.mx\/wp-content\/uploads\/2017\/11\/20507664_1603114139739838_4382235000363054137_o-658x1017.jpg 658w, https:\/\/www.reconoce.mx\/wp-content\/uploads\/2017\/11\/20507664_1603114139739838_4382235000363054137_o-300x464.jpg 300w\" sizes=\"auto, (max-width: 1146px) 100vw, 1146px\" \/><\/a><br \/>\n<strong>The Neighbourhood<\/strong> (THE NBHD) es un grupo de rock alternativo compuesto por el vocalista Jesse Rutherford, los guitarristas Jeremy Freedman y Zach Abels, el baterista Brandon Fried y el bajista Mikey Margott. La agrupaci\u00f3n californiana estar\u00e1 de visita en Ciudad de M\u00e9xico para ofrecer dos exclusivas presentaciones los d\u00edas 3 y 4 de diciembre en <strong>El Plaza Condesa<\/strong>.<\/p>\n<p>La banda de origen estadounidense se form\u00f3 en agosto de 2011. Despu\u00e9s de lanzar tres EPs, \u00abI&#8217;m Sorry\u2026\u00bb, \u00abThe Love Collection\u00bb y \u00abThank You\u00bb,<strong> The Neighbourhood<\/strong> public\u00f3 su primer \u00e1lbum de larga duraci\u00f3n, \u00abI Love You (2013)\u00bb, de donde se desprende el exitoso sencillo \u00abSweater Weather\u00bb. El tema encabez\u00f3 la lista \u00abAlternative Songs\u00bb de <strong>Billboard<\/strong> y el \u00e1lbum debut\u00f3 en el puesto n\u00famero treinta y nueve en la lista <strong>Billboard 200<\/strong>.<\/p>\n<p>Un a\u00f1o despu\u00e9s, en noviembre de 2014, lanzaron el mixtape \u00ab#000000 &amp; #FFFFFF\u00bb, t\u00edtulo que hace referencia a los c\u00f3digos de color HTML para blanco y negro; y es que la banda es conocida por el estricto uso de estos colores tanto en sus presentaciones en vivo como en sus videos y el arte de sus discos.<\/p>\n<p>El segundo \u00e1lbum de la banda, \u00abWiped Out!\u00bb, sali\u00f3 a la venta el 30 de octubre de 2015 con un estilo m\u00e1s cercano al R&amp;B. El disco debut\u00f3 en el puesto n\u00ba1 de la lista de \u00e1lbumes alternativos de <strong>Billboard<\/strong> y alcanz\u00f3 el lugar n\u00ba2 y n\u00ba13 de las listas \u00abTop Rock Albums\u00bb y <strong>Billboard 200<\/strong> respectivamente.<\/p>\n<p>Los boletos est\u00e1n disponibles en taquillas y a trav\u00e9s del <a href=\"http:\/\/www.ticketmaster.com.mx\/the-neighbourhood-el-plaza-condesa-mexico-df\/venueartist\/164618\/2164718\" target=\"_blank\" rel=\"noopener\">Sistema Ticketmaster<\/a>.<\/p>\n<p><strong>El Plaza Condesa<\/strong> se encuentra ubicado en Juan Escutia #4, Condesa, Cuauht\u00e9moc, Ciudad de M\u00e9xico.<\/p>\n<p>&nbsp;<\/p>\n<p>&nbsp;<\/p>\n","protected":false},"excerpt":{"rendered":"<p>En el mejor \u00e1nimo de que pasen un gran momento, ustedes amantes de la m\u00fasica, les compartimos de manera semanal la cartelera de El Plaza Condesa.<\/p>\n","protected":false},"author":2,"featured_media":43737,"comment_status":"open","ping_status":"open","sticky":false,"template":"","format":"standard","meta":{"footnotes":""},"categories":[1,18,17],"tags":[],"class_list":["post-68389","post","type-post","status-publish","format-standard","has-post-thumbnail","hentry","category-cultura","category-musica","category-principal"],"yoast_head":"<!-- This site is optimized with the Yoast SEO plugin v24.7 - https:\/\/yoast.com\/wordpress\/plugins\/seo\/ -->\n<title>El Plaza Condesa: Cartelera del 01 al 07 de diciembre &#171; Reconoce MX<\/title>\n<meta name=\"robots\" content=\"index, follow, max-snippet:-1, max-image-preview:large, max-video-preview:-1\" \/>\n<link rel=\"canonical\" href=\"https:\/\/www.reconoce.mx\/?p=68389\" \/>\n<meta property=\"og:locale\" content=\"es_ES\" \/>\n<meta property=\"og:type\" content=\"article\" \/>\n<meta property=\"og:title\" content=\"El Plaza Condesa: Cartelera del 01 al 07 de diciembre &#171; Reconoce MX\" \/>\n<meta property=\"og:description\" content=\"En el mejor \u00e1nimo de que pasen un gran momento, ustedes amantes de la m\u00fasica, les compartimos de manera semanal la cartelera de El Plaza Condesa.\" \/>\n<meta property=\"og:url\" content=\"https:\/\/www.reconoce.mx\/?p=68389\" \/>\n<meta property=\"og:site_name\" content=\"Reconoce MX\" \/>\n<meta property=\"article:publisher\" content=\"https:\/\/es-la.facebook.com\/ReconoceMX\/\" \/>\n<meta property=\"article:published_time\" content=\"2017-12-01T06:02:42+00:00\" \/>\n<meta property=\"article:modified_time\" content=\"2017-12-01T16:32:46+00:00\" \/>\n<meta property=\"og:image\" content=\"https:\/\/www.reconoce.mx\/wp-content\/uploads\/2016\/01\/elplaza-condesa.png\" \/>\n\t<meta property=\"og:image:width\" content=\"570\" \/>\n\t<meta property=\"og:image:height\" content=\"360\" \/>\n\t<meta property=\"og:image:type\" content=\"image\/png\" \/>\n<meta name=\"author\" content=\"Reconoce MX\" \/>\n<meta name=\"twitter:card\" content=\"summary_large_image\" \/>\n<meta name=\"twitter:creator\" content=\"@reconocemx\" \/>\n<meta name=\"twitter:site\" content=\"@reconocemx\" \/>\n<meta name=\"twitter:label1\" content=\"Escrito por\" \/>\n\t<meta name=\"twitter:data1\" content=\"Reconoce MX\" \/>\n\t<meta name=\"twitter:label2\" content=\"Tiempo de lectura\" \/>\n\t<meta name=\"twitter:data2\" content=\"4 minutos\" \/>\n<script type=\"application\/ld+json\" class=\"yoast-schema-graph\">{\"@context\":\"https:\/\/schema.org\",\"@graph\":[{\"@type\":\"Article\",\"@id\":\"https:\/\/www.reconoce.mx\/?p=68389#article\",\"isPartOf\":{\"@id\":\"https:\/\/www.reconoce.mx\/?p=68389\"},\"author\":{\"name\":\"Reconoce MX\",\"@id\":\"http:\/\/www.reconoce.mx\/#\/schema\/person\/2117e997d7051dc15d6880eaf9bca0b2\"},\"headline\":\"El Plaza Condesa: Cartelera del 01 al 07 de diciembre\",\"datePublished\":\"2017-12-01T06:02:42+00:00\",\"dateModified\":\"2017-12-01T16:32:46+00:00\",\"mainEntityOfPage\":{\"@id\":\"https:\/\/www.reconoce.mx\/?p=68389\"},\"wordCount\":839,\"commentCount\":0,\"publisher\":{\"@id\":\"http:\/\/www.reconoce.mx\/#organization\"},\"image\":{\"@id\":\"https:\/\/www.reconoce.mx\/?p=68389#primaryimage\"},\"thumbnailUrl\":\"https:\/\/www.reconoce.mx\/wp-content\/uploads\/2016\/01\/elplaza-condesa.png\",\"articleSection\":[\"Cultura\",\"M\u00fasica\",\"Principal\"],\"inLanguage\":\"es\",\"potentialAction\":[{\"@type\":\"CommentAction\",\"name\":\"Comment\",\"target\":[\"https:\/\/www.reconoce.mx\/?p=68389#respond\"]}]},{\"@type\":\"WebPage\",\"@id\":\"https:\/\/www.reconoce.mx\/?p=68389\",\"url\":\"https:\/\/www.reconoce.mx\/?p=68389\",\"name\":\"El Plaza Condesa: Cartelera del 01 al 07 de diciembre &#171; Reconoce MX\",\"isPartOf\":{\"@id\":\"http:\/\/www.reconoce.mx\/#website\"},\"primaryImageOfPage\":{\"@id\":\"https:\/\/www.reconoce.mx\/?p=68389#primaryimage\"},\"image\":{\"@id\":\"https:\/\/www.reconoce.mx\/?p=68389#primaryimage\"},\"thumbnailUrl\":\"https:\/\/www.reconoce.mx\/wp-content\/uploads\/2016\/01\/elplaza-condesa.png\",\"datePublished\":\"2017-12-01T06:02:42+00:00\",\"dateModified\":\"2017-12-01T16:32:46+00:00\",\"breadcrumb\":{\"@id\":\"https:\/\/www.reconoce.mx\/?p=68389#breadcrumb\"},\"inLanguage\":\"es\",\"potentialAction\":[{\"@type\":\"ReadAction\",\"target\":[\"https:\/\/www.reconoce.mx\/?p=68389\"]}]},{\"@type\":\"ImageObject\",\"inLanguage\":\"es\",\"@id\":\"https:\/\/www.reconoce.mx\/?p=68389#primaryimage\",\"url\":\"https:\/\/www.reconoce.mx\/wp-content\/uploads\/2016\/01\/elplaza-condesa.png\",\"contentUrl\":\"https:\/\/www.reconoce.mx\/wp-content\/uploads\/2016\/01\/elplaza-condesa.png\",\"width\":570,\"height\":360},{\"@type\":\"BreadcrumbList\",\"@id\":\"https:\/\/www.reconoce.mx\/?p=68389#breadcrumb\",\"itemListElement\":[{\"@type\":\"ListItem\",\"position\":1,\"name\":\"Portada\",\"item\":\"http:\/\/www.reconoce.mx\/\"},{\"@type\":\"ListItem\",\"position\":2,\"name\":\"El Plaza Condesa: Cartelera del 01 al 07 de diciembre\"}]},{\"@type\":\"WebSite\",\"@id\":\"http:\/\/www.reconoce.mx\/#website\",\"url\":\"http:\/\/www.reconoce.mx\/\",\"name\":\"Reconoce MX\",\"description\":\"En Reconoce MX difundimos arte, cultura y conciencia social en M\u00e9xico. Tu ciudad en otra perspectiva.\",\"publisher\":{\"@id\":\"http:\/\/www.reconoce.mx\/#organization\"},\"potentialAction\":[{\"@type\":\"SearchAction\",\"target\":{\"@type\":\"EntryPoint\",\"urlTemplate\":\"http:\/\/www.reconoce.mx\/?s={search_term_string}\"},\"query-input\":{\"@type\":\"PropertyValueSpecification\",\"valueRequired\":true,\"valueName\":\"search_term_string\"}}],\"inLanguage\":\"es\"},{\"@type\":\"Organization\",\"@id\":\"http:\/\/www.reconoce.mx\/#organization\",\"name\":\"Reconoce MX\",\"url\":\"http:\/\/www.reconoce.mx\/\",\"logo\":{\"@type\":\"ImageObject\",\"inLanguage\":\"es\",\"@id\":\"http:\/\/www.reconoce.mx\/#\/schema\/logo\/image\/\",\"url\":\"https:\/\/www.reconoce.mx\/wp-content\/uploads\/2019\/03\/logorcmx-good-1.png\",\"contentUrl\":\"https:\/\/www.reconoce.mx\/wp-content\/uploads\/2019\/03\/logorcmx-good-1.png\",\"width\":280,\"height\":90,\"caption\":\"Reconoce MX\"},\"image\":{\"@id\":\"http:\/\/www.reconoce.mx\/#\/schema\/logo\/image\/\"},\"sameAs\":[\"https:\/\/es-la.facebook.com\/ReconoceMX\/\",\"https:\/\/x.com\/reconocemx\",\"http:\/\/@reconocemx\"]},{\"@type\":\"Person\",\"@id\":\"http:\/\/www.reconoce.mx\/#\/schema\/person\/2117e997d7051dc15d6880eaf9bca0b2\",\"name\":\"Reconoce MX\",\"image\":{\"@type\":\"ImageObject\",\"inLanguage\":\"es\",\"@id\":\"http:\/\/www.reconoce.mx\/#\/schema\/person\/image\/\",\"url\":\"https:\/\/secure.gravatar.com\/avatar\/6c8d4dc7569ca1c90c5fdcc349f839d5ddef6fe1e70b4337ead2ef1a4c43fc3a?s=96&d=identicon&r=g\",\"contentUrl\":\"https:\/\/secure.gravatar.com\/avatar\/6c8d4dc7569ca1c90c5fdcc349f839d5ddef6fe1e70b4337ead2ef1a4c43fc3a?s=96&d=identicon&r=g\",\"caption\":\"Reconoce MX\"},\"description\":\"Reconoce MX es un proyecto de difusi\u00f3n art\u00edstica, cultural y de conciencia social que est\u00e1 enfocado a difundir y fomentar el entretenimiento alternativo de calidad para todo el p\u00fablico que comparta el mismo entusiasmo.\",\"sameAs\":[\"http:\/\/www.reconoce.mx\"],\"url\":\"https:\/\/www.reconoce.mx\/?author=2\"}]}<\/script>\n<!-- \/ Yoast SEO plugin. -->","yoast_head_json":{"title":"El Plaza Condesa: Cartelera del 01 al 07 de diciembre &#171; Reconoce MX","robots":{"index":"index","follow":"follow","max-snippet":"max-snippet:-1","max-image-preview":"max-image-preview:large","max-video-preview":"max-video-preview:-1"},"canonical":"https:\/\/www.reconoce.mx\/?p=68389","og_locale":"es_ES","og_type":"article","og_title":"El Plaza Condesa: Cartelera del 01 al 07 de diciembre &#171; Reconoce MX","og_description":"En el mejor \u00e1nimo de que pasen un gran momento, ustedes amantes de la m\u00fasica, les compartimos de manera semanal la cartelera de El Plaza Condesa.","og_url":"https:\/\/www.reconoce.mx\/?p=68389","og_site_name":"Reconoce MX","article_publisher":"https:\/\/es-la.facebook.com\/ReconoceMX\/","article_published_time":"2017-12-01T06:02:42+00:00","article_modified_time":"2017-12-01T16:32:46+00:00","og_image":[{"width":570,"height":360,"url":"https:\/\/www.reconoce.mx\/wp-content\/uploads\/2016\/01\/elplaza-condesa.png","type":"image\/png"}],"author":"Reconoce MX","twitter_card":"summary_large_image","twitter_creator":"@reconocemx","twitter_site":"@reconocemx","twitter_misc":{"Escrito por":"Reconoce MX","Tiempo de lectura":"4 minutos"},"schema":{"@context":"https:\/\/schema.org","@graph":[{"@type":"Article","@id":"https:\/\/www.reconoce.mx\/?p=68389#article","isPartOf":{"@id":"https:\/\/www.reconoce.mx\/?p=68389"},"author":{"name":"Reconoce MX","@id":"http:\/\/www.reconoce.mx\/#\/schema\/person\/2117e997d7051dc15d6880eaf9bca0b2"},"headline":"El Plaza Condesa: Cartelera del 01 al 07 de diciembre","datePublished":"2017-12-01T06:02:42+00:00","dateModified":"2017-12-01T16:32:46+00:00","mainEntityOfPage":{"@id":"https:\/\/www.reconoce.mx\/?p=68389"},"wordCount":839,"commentCount":0,"publisher":{"@id":"http:\/\/www.reconoce.mx\/#organization"},"image":{"@id":"https:\/\/www.reconoce.mx\/?p=68389#primaryimage"},"thumbnailUrl":"https:\/\/www.reconoce.mx\/wp-content\/uploads\/2016\/01\/elplaza-condesa.png","articleSection":["Cultura","M\u00fasica","Principal"],"inLanguage":"es","potentialAction":[{"@type":"CommentAction","name":"Comment","target":["https:\/\/www.reconoce.mx\/?p=68389#respond"]}]},{"@type":"WebPage","@id":"https:\/\/www.reconoce.mx\/?p=68389","url":"https:\/\/www.reconoce.mx\/?p=68389","name":"El Plaza Condesa: Cartelera del 01 al 07 de diciembre &#171; Reconoce MX","isPartOf":{"@id":"http:\/\/www.reconoce.mx\/#website"},"primaryImageOfPage":{"@id":"https:\/\/www.reconoce.mx\/?p=68389#primaryimage"},"image":{"@id":"https:\/\/www.reconoce.mx\/?p=68389#primaryimage"},"thumbnailUrl":"https:\/\/www.reconoce.mx\/wp-content\/uploads\/2016\/01\/elplaza-condesa.png","datePublished":"2017-12-01T06:02:42+00:00","dateModified":"2017-12-01T16:32:46+00:00","breadcrumb":{"@id":"https:\/\/www.reconoce.mx\/?p=68389#breadcrumb"},"inLanguage":"es","potentialAction":[{"@type":"ReadAction","target":["https:\/\/www.reconoce.mx\/?p=68389"]}]},{"@type":"ImageObject","inLanguage":"es","@id":"https:\/\/www.reconoce.mx\/?p=68389#primaryimage","url":"https:\/\/www.reconoce.mx\/wp-content\/uploads\/2016\/01\/elplaza-condesa.png","contentUrl":"https:\/\/www.reconoce.mx\/wp-content\/uploads\/2016\/01\/elplaza-condesa.png","width":570,"height":360},{"@type":"BreadcrumbList","@id":"https:\/\/www.reconoce.mx\/?p=68389#breadcrumb","itemListElement":[{"@type":"ListItem","position":1,"name":"Portada","item":"http:\/\/www.reconoce.mx\/"},{"@type":"ListItem","position":2,"name":"El Plaza Condesa: Cartelera del 01 al 07 de diciembre"}]},{"@type":"WebSite","@id":"http:\/\/www.reconoce.mx\/#website","url":"http:\/\/www.reconoce.mx\/","name":"Reconoce MX","description":"En Reconoce MX difundimos arte, cultura y conciencia social en M\u00e9xico. Tu ciudad en otra perspectiva.","publisher":{"@id":"http:\/\/www.reconoce.mx\/#organization"},"potentialAction":[{"@type":"SearchAction","target":{"@type":"EntryPoint","urlTemplate":"http:\/\/www.reconoce.mx\/?s={search_term_string}"},"query-input":{"@type":"PropertyValueSpecification","valueRequired":true,"valueName":"search_term_string"}}],"inLanguage":"es"},{"@type":"Organization","@id":"http:\/\/www.reconoce.mx\/#organization","name":"Reconoce MX","url":"http:\/\/www.reconoce.mx\/","logo":{"@type":"ImageObject","inLanguage":"es","@id":"http:\/\/www.reconoce.mx\/#\/schema\/logo\/image\/","url":"https:\/\/www.reconoce.mx\/wp-content\/uploads\/2019\/03\/logorcmx-good-1.png","contentUrl":"https:\/\/www.reconoce.mx\/wp-content\/uploads\/2019\/03\/logorcmx-good-1.png","width":280,"height":90,"caption":"Reconoce MX"},"image":{"@id":"http:\/\/www.reconoce.mx\/#\/schema\/logo\/image\/"},"sameAs":["https:\/\/es-la.facebook.com\/ReconoceMX\/","https:\/\/x.com\/reconocemx","http:\/\/@reconocemx"]},{"@type":"Person","@id":"http:\/\/www.reconoce.mx\/#\/schema\/person\/2117e997d7051dc15d6880eaf9bca0b2","name":"Reconoce MX","image":{"@type":"ImageObject","inLanguage":"es","@id":"http:\/\/www.reconoce.mx\/#\/schema\/person\/image\/","url":"https:\/\/secure.gravatar.com\/avatar\/6c8d4dc7569ca1c90c5fdcc349f839d5ddef6fe1e70b4337ead2ef1a4c43fc3a?s=96&d=identicon&r=g","contentUrl":"https:\/\/secure.gravatar.com\/avatar\/6c8d4dc7569ca1c90c5fdcc349f839d5ddef6fe1e70b4337ead2ef1a4c43fc3a?s=96&d=identicon&r=g","caption":"Reconoce MX"},"description":"Reconoce MX es un proyecto de difusi\u00f3n art\u00edstica, cultural y de conciencia social que est\u00e1 enfocado a difundir y fomentar el entretenimiento alternativo de calidad para todo el p\u00fablico que comparta el mismo entusiasmo.","sameAs":["http:\/\/www.reconoce.mx"],"url":"https:\/\/www.reconoce.mx\/?author=2"}]}},"_links":{"self":[{"href":"https:\/\/www.reconoce.mx\/index.php?rest_route=\/wp\/v2\/posts\/68389","targetHints":{"allow":["GET"]}}],"collection":[{"href":"https:\/\/www.reconoce.mx\/index.php?rest_route=\/wp\/v2\/posts"}],"about":[{"href":"https:\/\/www.reconoce.mx\/index.php?rest_route=\/wp\/v2\/types\/post"}],"author":[{"embeddable":true,"href":"https:\/\/www.reconoce.mx\/index.php?rest_route=\/wp\/v2\/users\/2"}],"replies":[{"embeddable":true,"href":"https:\/\/www.reconoce.mx\/index.php?rest_route=%2Fwp%2Fv2%2Fcomments&post=68389"}],"version-history":[{"count":3,"href":"https:\/\/www.reconoce.mx\/index.php?rest_route=\/wp\/v2\/posts\/68389\/revisions"}],"predecessor-version":[{"id":68392,"href":"https:\/\/www.reconoce.mx\/index.php?rest_route=\/wp\/v2\/posts\/68389\/revisions\/68392"}],"wp:featuredmedia":[{"embeddable":true,"href":"https:\/\/www.reconoce.mx\/index.php?rest_route=\/wp\/v2\/media\/43737"}],"wp:attachment":[{"href":"https:\/\/www.reconoce.mx\/index.php?rest_route=%2Fwp%2Fv2%2Fmedia&parent=68389"}],"wp:term":[{"taxonomy":"category","embeddable":true,"href":"https:\/\/www.reconoce.mx\/index.php?rest_route=%2Fwp%2Fv2%2Fcategories&post=68389"},{"taxonomy":"post_tag","embeddable":true,"href":"https:\/\/www.reconoce.mx\/index.php?rest_route=%2Fwp%2Fv2%2Ftags&post=68389"}],"curies":[{"name":"wp","href":"https:\/\/api.w.org\/{rel}","templated":true}]}}