{"id":68393,"date":"2017-12-01T00:01:33","date_gmt":"2017-12-01T06:01:33","guid":{"rendered":"http:\/\/www.reconoce.mx\/?p=68393"},"modified":"2017-12-01T10:31:50","modified_gmt":"2017-12-01T16:31:50","slug":"lunario-cartelera-del-01-al-07-de-diciembre","status":"publish","type":"post","link":"https:\/\/www.reconoce.mx\/?p=68393","title":{"rendered":"Lunario: Cartelera del 01 al 07 de diciembre"},"content":{"rendered":"<p><strong>Por <a title=\"@AsfaltosTweets\" href=\"http:\/\/twitter.com\/AsfaltosTweets\" target=\"_blank\" rel=\"noopener noreferrer\">Asfaltos<\/a><\/strong>.<\/p>\n<p>Al caer la noche, en una ubicaci\u00f3n inmejorable como es Paseo de la Reforma, en el coraz\u00f3n del Bosque de Chapultepec, el foro alternativo del <strong>Auditorio Nacional<\/strong>, el <strong>Lunario<\/strong>, se convierte en un espacio \u00edntimo y confortable donde innumerables artistas, grupos, solistas, ensambles y compa\u00f1\u00edas de prestigio nacional e internacional, deleitan a los muy diversos p\u00fablicos que se permiten disfrutar de sus noches.<\/p>\n<p>Disfruta de la variopinta cartelera del <strong>Lunario del Auditorio Nacional<\/strong>, un sitio donde lo sentidos son atendidos sin reserva y s\u00ed con mucha calidez.<\/p>\n<h1>Armando Palomas presenta <em>Bar Pesadilla<\/em><\/h1>\n<p>\/\/ diciembre 1; viernes; 21:00h<br \/>\n\/\/ precios: $450<\/p>\n<p><a href=\"http:\/\/www.reconoce.mx\/wp-content\/uploads\/2017\/12\/Flyer-Armando-Palomas-Lunario-2017-e1512145257281.jpg\"><img loading=\"lazy\" decoding=\"async\" class=\"aligncenter size-full wp-image-68394\" src=\"http:\/\/www.reconoce.mx\/wp-content\/uploads\/2017\/12\/Flyer-Armando-Palomas-Lunario-2017-e1512145257281.jpg\" alt=\"\" width=\"1000\" height=\"2308\" \/><\/a><\/p>\n<p>Despu\u00e9s de cuatro a\u00f1os sin grabar material in\u00e9dito, <strong>Armando Palomas<\/strong> regresa por quinta ocasi\u00f3n al foro alterno del <strong>Auditorio Nacional<\/strong> para presentar su nuevo disco, \u00abBar pesadilla\u00bb. En esta producci\u00f3n el artista mexicano se reinventa y confirma que es uno de los cantautores de culto m\u00e1s destacados del pa\u00eds. Palomas promete que su pr\u00f3ximo concierto en este foro ser\u00e1 \u00fanico y estar\u00e1 lleno de canciones nost\u00e1lgicas y densas, con un sonido diferente donde el piano ser\u00e1 el principal acompa\u00f1amiento para esas letras que incitan a brindar. Con m\u00e1s de 20 a\u00f1os de trayectoria, el int\u00e9rprete de temas como \u00abTekero\u00bb, \u00abBolero pel\u00f3n\u00bb y \u00abPuros besos\u00bb, ha grabado varios discos de estudio y en vivo, entre ellos, \u00abLlamadas perdidas\u00bb, \u00abTequila Coyoac\u00e1n\u00bb y \u00abCanciones sepia\u00bb, en los que con su particular estilo mezcla diferentes g\u00e9neros como rock, cumbia, norte\u00f1o, pop y trova. Durante su concierto de 2015 en el <strong>Lunario<\/strong> grab\u00f3 el disco \u00abAlas &amp; v\u00edboras en directo\u00bb.<\/p>\n<h1>Susana Zabaleta y Regina Orozco <em>Juntas junt\u00edsimas<\/em><\/h1>\n<p>\/\/ diciembre 2; s\u00e1bado; 21:00h<br \/>\n\/\/ precios: de $700 a $1,800<\/p>\n<p><a href=\"http:\/\/www.reconoce.mx\/wp-content\/uploads\/2017\/12\/DOoifp2X4AAZIaN.jpg\"><img loading=\"lazy\" decoding=\"async\" class=\"aligncenter size-full wp-image-68395\" src=\"http:\/\/www.reconoce.mx\/wp-content\/uploads\/2017\/12\/DOoifp2X4AAZIaN.jpg\" alt=\"\" width=\"1200\" height=\"675\" srcset=\"https:\/\/www.reconoce.mx\/wp-content\/uploads\/2017\/12\/DOoifp2X4AAZIaN.jpg 1200w, https:\/\/www.reconoce.mx\/wp-content\/uploads\/2017\/12\/DOoifp2X4AAZIaN-300x169.jpg 300w, https:\/\/www.reconoce.mx\/wp-content\/uploads\/2017\/12\/DOoifp2X4AAZIaN-768x432.jpg 768w, https:\/\/www.reconoce.mx\/wp-content\/uploads\/2017\/12\/DOoifp2X4AAZIaN-1024x576.jpg 1024w, https:\/\/www.reconoce.mx\/wp-content\/uploads\/2017\/12\/DOoifp2X4AAZIaN-150x84.jpg 150w, https:\/\/www.reconoce.mx\/wp-content\/uploads\/2017\/12\/DOoifp2X4AAZIaN-700x394.jpg 700w, https:\/\/www.reconoce.mx\/wp-content\/uploads\/2017\/12\/DOoifp2X4AAZIaN-658x370.jpg 658w\" sizes=\"auto, (max-width: 1200px) 100vw, 1200px\" \/><\/a><\/p>\n<p><strong>Susana Zabaleta<\/strong> y <strong>Regina Orozco<\/strong> se presentar\u00e1n por segunda vez en este escenario con su espect\u00e1culo \u00abJuntas Just\u00edsimas\u00bb, en el que re\u00fanen \u00f3pera, boleros, baladas e irreverencia cabaretera acompa\u00f1adas por m\u00fasicos en vivo. Con 30 a\u00f1os de carrera art\u00edstica en la m\u00fasica y la actuaci\u00f3n, m\u00e1s de 10 discos y su participaci\u00f3n en numerosos proyectos de cine, televisi\u00f3n y cine,<strong> Susana Zabaleta<\/strong> se ha colocado como una de las artistas m\u00e1s reconocidas del pa\u00eds. Por su parte, <strong>Regina Orozco<\/strong> se ha destacado como cantante, actriz, productora y directora. En 1997 recibi\u00f3 un <strong>Ariel<\/strong> en la categor\u00eda \u00abMejor actriz\u00bb, por su trabajo en la pel\u00edcula de <strong>Alfredo Ripstein<\/strong>, \u00abProfundo carmes\u00ed\u00bb. Las artistas unieron sus voces por primera vez en peque\u00f1os foros alternativos y han trabajado juntas tambi\u00e9n en cine, teatro y televisi\u00f3n.<\/p>\n<h1><em>NT Live<\/em> presenta <em>\u00c1ngeles en Am\u00e9rica 1<\/em><\/h1>\n<p>\/\/ diciembre 3; domingo; 18:00h<br \/>\n\/\/ precios: preventa $200.00; d\u00eda del evento $220.00<\/p>\n<p><a href=\"http:\/\/www.reconoce.mx\/wp-content\/uploads\/2017\/12\/crop.php_.jpg\"><img loading=\"lazy\" decoding=\"async\" class=\"aligncenter size-full wp-image-68396\" src=\"http:\/\/www.reconoce.mx\/wp-content\/uploads\/2017\/12\/crop.php_.jpg\" alt=\"\" width=\"750\" height=\"1126\" srcset=\"https:\/\/www.reconoce.mx\/wp-content\/uploads\/2017\/12\/crop.php_.jpg 750w, https:\/\/www.reconoce.mx\/wp-content\/uploads\/2017\/12\/crop.php_-200x300.jpg 200w, https:\/\/www.reconoce.mx\/wp-content\/uploads\/2017\/12\/crop.php_-682x1024.jpg 682w, https:\/\/www.reconoce.mx\/wp-content\/uploads\/2017\/12\/crop.php_-150x225.jpg 150w, https:\/\/www.reconoce.mx\/wp-content\/uploads\/2017\/12\/crop.php_-700x1051.jpg 700w, https:\/\/www.reconoce.mx\/wp-content\/uploads\/2017\/12\/crop.php_-658x988.jpg 658w, https:\/\/www.reconoce.mx\/wp-content\/uploads\/2017\/12\/crop.php_-300x450.jpg 300w\" sizes=\"auto, (max-width: 750px) 100vw, 750px\" \/><\/a><\/p>\n<p><strong>Andrew Garfield<\/strong> interpreta a Prior Walter junto a un elenco que incluye a <strong>Denise Gough<\/strong>, <strong>Nathan Lane<\/strong>,<strong> James McArdle<\/strong> y<strong> Russell Tovey,<\/strong> en una nueva versi\u00f3n de \u00c1ngeles en Am\u00e9rica, obra en dos partes escrita por el dramaturgo y guionista <strong>Tony Kushner<\/strong>, dirigida por <strong>Marianne Elliott<\/strong> para el <strong>National Theatre de Londres<\/strong>. En la primera parte, \u00abEnfoques del milenio\u00bb, la historia se desarrolla a mediados de los a\u00f1os 80, durante una crisis del SIDA y el gobierno de<strong> Ronald Reagan,<\/strong> en la que los neoyorquinos se enfrenan a la vida y la muerte, el amor y el sexo, el cielo y el infierno.<\/p>\n<h1>Rozal\u00e9n <em>Gira Cuando el r\u00edo suena&#8230;<\/em><\/h1>\n<p>\/\/ diciembre 6; mi\u00e9rcoles; 21:00h<br \/>\n\/\/ precios: de $250 a $950<\/p>\n<p><a href=\"http:\/\/www.reconoce.mx\/wp-content\/uploads\/2017\/12\/Rozalen-Latam-2017.jpg\"><img loading=\"lazy\" decoding=\"async\" class=\"aligncenter size-full wp-image-68397\" src=\"http:\/\/www.reconoce.mx\/wp-content\/uploads\/2017\/12\/Rozalen-Latam-2017.jpg\" alt=\"\" width=\"1000\" height=\"947\" srcset=\"https:\/\/www.reconoce.mx\/wp-content\/uploads\/2017\/12\/Rozalen-Latam-2017.jpg 1000w, https:\/\/www.reconoce.mx\/wp-content\/uploads\/2017\/12\/Rozalen-Latam-2017-300x284.jpg 300w, https:\/\/www.reconoce.mx\/wp-content\/uploads\/2017\/12\/Rozalen-Latam-2017-768x727.jpg 768w, https:\/\/www.reconoce.mx\/wp-content\/uploads\/2017\/12\/Rozalen-Latam-2017-150x142.jpg 150w, https:\/\/www.reconoce.mx\/wp-content\/uploads\/2017\/12\/Rozalen-Latam-2017-700x663.jpg 700w, https:\/\/www.reconoce.mx\/wp-content\/uploads\/2017\/12\/Rozalen-Latam-2017-658x623.jpg 658w\" sizes=\"auto, (max-width: 1000px) 100vw, 1000px\" \/><\/a><\/p>\n<p>Tras su presentaci\u00f3n de julio de 2016, la cantautora espa\u00f1ola <strong>Rozal\u00e9n<\/strong> vuelve al <strong>Lunario<\/strong> para dar un concierto en el que cantar\u00e1 temas de su nuevo disco \u00abCuando el r\u00edo suena&#8230;\u00bb y que forma parte de la extensa gira que arranc\u00f3 en su pa\u00eds natal, con la cual tambi\u00e9n visitar\u00e1 Argentina, Colombia, M\u00e9xico, Chile y Per\u00fa. En esta nueva producci\u00f3n, <strong>Rozal\u00e9n<\/strong> incluye canciones de autor, pop, folk, rancheras y hasta drum and bass que resulta en una propuesta ecl\u00e9ctica, donde comparte importantes experiencias personales e historias familiares transmitidas por su abuela. La artista cuenta con dos \u00e1lbumes anteriores \u00abCon derecho a&#8230;\u00bb (2013), producido por el sevillano <strong>Ismael Guijarro<\/strong>, y \u00abQui\u00e9n me ha visto&#8230;\u00bb (2015), con el que se present\u00f3 por primera vez en este foro.<\/p>\n<h1>Albert Hammond Jr. en concierto<\/h1>\n<p>\/\/ diciembre 7; jueves; 21:00h<br \/>\n\/\/ precios: preventa $550; d\u00eda del evento $600<\/p>\n<p><a href=\"http:\/\/www.reconoce.mx\/wp-content\/uploads\/2017\/12\/e05b4b89116b70f83e17ead2e8c4856d.jpg\"><img loading=\"lazy\" decoding=\"async\" class=\"aligncenter size-full wp-image-68398\" src=\"http:\/\/www.reconoce.mx\/wp-content\/uploads\/2017\/12\/e05b4b89116b70f83e17ead2e8c4856d.jpg\" alt=\"\" width=\"649\" height=\"979\" srcset=\"https:\/\/www.reconoce.mx\/wp-content\/uploads\/2017\/12\/e05b4b89116b70f83e17ead2e8c4856d.jpg 649w, https:\/\/www.reconoce.mx\/wp-content\/uploads\/2017\/12\/e05b4b89116b70f83e17ead2e8c4856d-199x300.jpg 199w, https:\/\/www.reconoce.mx\/wp-content\/uploads\/2017\/12\/e05b4b89116b70f83e17ead2e8c4856d-150x226.jpg 150w, https:\/\/www.reconoce.mx\/wp-content\/uploads\/2017\/12\/e05b4b89116b70f83e17ead2e8c4856d-300x453.jpg 300w\" sizes=\"auto, (max-width: 649px) 100vw, 649px\" \/><\/a><\/p>\n<p>En su primera visita al foro alterno del <strong>Auditorio Nacional<\/strong>, el guitarrista <strong>Albert Hammond Jr.<\/strong> dar\u00e1 un concierto con su propuesta musical solista que inici\u00f3 en 2006, tras el lanzamiento de su disco \u00abYours To Keep\u00bb. El tambi\u00e9n integrante del grupo <strong>The Strokes<\/strong> naci\u00f3 en Los \u00c1ngeles, California, y es hijo del cantante y compositor <strong>Albert Hammond<\/strong>. Su propuesta de m\u00fasica alternativa con sonidos que recuerdan a las guitarras del rock de los a\u00f1os 60 suena en canciones como \u00abStrange Tidings\u00bb, \u00abRude Customer\u00bb y \u00abLosing Touch\u00bb, entre otras, incluidas en los \u00e1lbumes \u00ab\u00bfC\u00f3mo te llama?\u00bb (2008) y \u00abMomentary Masters\u00bb (2015), as\u00ed como en el EP \u00abAHJ\u00bb (2013).<\/p>\n<p>Boletos a la venta en taquilla y a trav\u00e9s del <a href=\"http:\/\/www.ticketmaster.com.mx\/Lunario-Del-Auditorio-Nacional-boletos-Mexico\/venue\/164051\" target=\"_blank\" rel=\"noopener noreferrer\">Sistema Ticketmaster<\/a>. <strong>Lunario<\/strong> se encuentra ubicado en Paseo de la Reforma #50, Polanco V Secc, Miguel Hidalgo, Ciudad de M\u00e9xico.<\/p>\n<p>&nbsp;<\/p>\n<p>&nbsp;<\/p>\n","protected":false},"excerpt":{"rendered":"<p>Disfruta de la variopinta cartelera del Lunario del Auditorio Nacional, un sitio donde lo sentidos son atendidos sin reserva y s\u00ed con mucha calidez.<\/p>\n","protected":false},"author":2,"featured_media":53154,"comment_status":"open","ping_status":"open","sticky":false,"template":"","format":"standard","meta":{"footnotes":""},"categories":[1,18,17],"tags":[],"class_list":["post-68393","post","type-post","status-publish","format-standard","has-post-thumbnail","hentry","category-cultura","category-musica","category-principal"],"yoast_head":"<!-- This site is optimized with the Yoast SEO plugin v24.7 - https:\/\/yoast.com\/wordpress\/plugins\/seo\/ -->\n<title>Lunario: Cartelera del 01 al 07 de diciembre &#171; Reconoce MX<\/title>\n<meta name=\"robots\" content=\"index, follow, max-snippet:-1, max-image-preview:large, max-video-preview:-1\" \/>\n<link rel=\"canonical\" href=\"https:\/\/www.reconoce.mx\/?p=68393\" \/>\n<meta property=\"og:locale\" content=\"es_ES\" \/>\n<meta property=\"og:type\" content=\"article\" \/>\n<meta property=\"og:title\" content=\"Lunario: Cartelera del 01 al 07 de diciembre &#171; Reconoce MX\" \/>\n<meta property=\"og:description\" content=\"Disfruta de la variopinta cartelera del Lunario del Auditorio Nacional, un sitio donde lo sentidos son atendidos sin reserva y s\u00ed con mucha calidez.\" \/>\n<meta property=\"og:url\" content=\"https:\/\/www.reconoce.mx\/?p=68393\" \/>\n<meta property=\"og:site_name\" content=\"Reconoce MX\" \/>\n<meta property=\"article:publisher\" content=\"https:\/\/es-la.facebook.com\/ReconoceMX\/\" \/>\n<meta property=\"article:published_time\" content=\"2017-12-01T06:01:33+00:00\" \/>\n<meta property=\"article:modified_time\" content=\"2017-12-01T16:31:50+00:00\" \/>\n<meta property=\"og:image\" content=\"https:\/\/www.reconoce.mx\/wp-content\/uploads\/2016\/10\/lunario.cover2_.png\" \/>\n\t<meta property=\"og:image:width\" content=\"590\" \/>\n\t<meta property=\"og:image:height\" content=\"380\" \/>\n\t<meta property=\"og:image:type\" content=\"image\/png\" \/>\n<meta name=\"author\" content=\"Reconoce MX\" \/>\n<meta name=\"twitter:card\" content=\"summary_large_image\" \/>\n<meta name=\"twitter:creator\" content=\"@reconocemx\" \/>\n<meta name=\"twitter:site\" content=\"@reconocemx\" \/>\n<meta name=\"twitter:label1\" content=\"Escrito por\" \/>\n\t<meta name=\"twitter:data1\" content=\"Reconoce MX\" \/>\n\t<meta name=\"twitter:label2\" content=\"Tiempo de lectura\" \/>\n\t<meta name=\"twitter:data2\" content=\"4 minutos\" \/>\n<script type=\"application\/ld+json\" class=\"yoast-schema-graph\">{\"@context\":\"https:\/\/schema.org\",\"@graph\":[{\"@type\":\"Article\",\"@id\":\"https:\/\/www.reconoce.mx\/?p=68393#article\",\"isPartOf\":{\"@id\":\"https:\/\/www.reconoce.mx\/?p=68393\"},\"author\":{\"name\":\"Reconoce MX\",\"@id\":\"http:\/\/www.reconoce.mx\/#\/schema\/person\/2117e997d7051dc15d6880eaf9bca0b2\"},\"headline\":\"Lunario: Cartelera del 01 al 07 de diciembre\",\"datePublished\":\"2017-12-01T06:01:33+00:00\",\"dateModified\":\"2017-12-01T16:31:50+00:00\",\"mainEntityOfPage\":{\"@id\":\"https:\/\/www.reconoce.mx\/?p=68393\"},\"wordCount\":864,\"commentCount\":0,\"publisher\":{\"@id\":\"http:\/\/www.reconoce.mx\/#organization\"},\"image\":{\"@id\":\"https:\/\/www.reconoce.mx\/?p=68393#primaryimage\"},\"thumbnailUrl\":\"https:\/\/www.reconoce.mx\/wp-content\/uploads\/2016\/10\/lunario.cover2_.png\",\"articleSection\":[\"Cultura\",\"M\u00fasica\",\"Principal\"],\"inLanguage\":\"es\",\"potentialAction\":[{\"@type\":\"CommentAction\",\"name\":\"Comment\",\"target\":[\"https:\/\/www.reconoce.mx\/?p=68393#respond\"]}]},{\"@type\":\"WebPage\",\"@id\":\"https:\/\/www.reconoce.mx\/?p=68393\",\"url\":\"https:\/\/www.reconoce.mx\/?p=68393\",\"name\":\"Lunario: Cartelera del 01 al 07 de diciembre &#171; Reconoce MX\",\"isPartOf\":{\"@id\":\"http:\/\/www.reconoce.mx\/#website\"},\"primaryImageOfPage\":{\"@id\":\"https:\/\/www.reconoce.mx\/?p=68393#primaryimage\"},\"image\":{\"@id\":\"https:\/\/www.reconoce.mx\/?p=68393#primaryimage\"},\"thumbnailUrl\":\"https:\/\/www.reconoce.mx\/wp-content\/uploads\/2016\/10\/lunario.cover2_.png\",\"datePublished\":\"2017-12-01T06:01:33+00:00\",\"dateModified\":\"2017-12-01T16:31:50+00:00\",\"breadcrumb\":{\"@id\":\"https:\/\/www.reconoce.mx\/?p=68393#breadcrumb\"},\"inLanguage\":\"es\",\"potentialAction\":[{\"@type\":\"ReadAction\",\"target\":[\"https:\/\/www.reconoce.mx\/?p=68393\"]}]},{\"@type\":\"ImageObject\",\"inLanguage\":\"es\",\"@id\":\"https:\/\/www.reconoce.mx\/?p=68393#primaryimage\",\"url\":\"https:\/\/www.reconoce.mx\/wp-content\/uploads\/2016\/10\/lunario.cover2_.png\",\"contentUrl\":\"https:\/\/www.reconoce.mx\/wp-content\/uploads\/2016\/10\/lunario.cover2_.png\",\"width\":590,\"height\":380},{\"@type\":\"BreadcrumbList\",\"@id\":\"https:\/\/www.reconoce.mx\/?p=68393#breadcrumb\",\"itemListElement\":[{\"@type\":\"ListItem\",\"position\":1,\"name\":\"Portada\",\"item\":\"http:\/\/www.reconoce.mx\/\"},{\"@type\":\"ListItem\",\"position\":2,\"name\":\"Lunario: Cartelera del 01 al 07 de diciembre\"}]},{\"@type\":\"WebSite\",\"@id\":\"http:\/\/www.reconoce.mx\/#website\",\"url\":\"http:\/\/www.reconoce.mx\/\",\"name\":\"Reconoce MX\",\"description\":\"En Reconoce MX difundimos arte, cultura y conciencia social en M\u00e9xico. Tu ciudad en otra perspectiva.\",\"publisher\":{\"@id\":\"http:\/\/www.reconoce.mx\/#organization\"},\"potentialAction\":[{\"@type\":\"SearchAction\",\"target\":{\"@type\":\"EntryPoint\",\"urlTemplate\":\"http:\/\/www.reconoce.mx\/?s={search_term_string}\"},\"query-input\":{\"@type\":\"PropertyValueSpecification\",\"valueRequired\":true,\"valueName\":\"search_term_string\"}}],\"inLanguage\":\"es\"},{\"@type\":\"Organization\",\"@id\":\"http:\/\/www.reconoce.mx\/#organization\",\"name\":\"Reconoce MX\",\"url\":\"http:\/\/www.reconoce.mx\/\",\"logo\":{\"@type\":\"ImageObject\",\"inLanguage\":\"es\",\"@id\":\"http:\/\/www.reconoce.mx\/#\/schema\/logo\/image\/\",\"url\":\"https:\/\/www.reconoce.mx\/wp-content\/uploads\/2019\/03\/logorcmx-good-1.png\",\"contentUrl\":\"https:\/\/www.reconoce.mx\/wp-content\/uploads\/2019\/03\/logorcmx-good-1.png\",\"width\":280,\"height\":90,\"caption\":\"Reconoce MX\"},\"image\":{\"@id\":\"http:\/\/www.reconoce.mx\/#\/schema\/logo\/image\/\"},\"sameAs\":[\"https:\/\/es-la.facebook.com\/ReconoceMX\/\",\"https:\/\/x.com\/reconocemx\",\"http:\/\/@reconocemx\"]},{\"@type\":\"Person\",\"@id\":\"http:\/\/www.reconoce.mx\/#\/schema\/person\/2117e997d7051dc15d6880eaf9bca0b2\",\"name\":\"Reconoce MX\",\"image\":{\"@type\":\"ImageObject\",\"inLanguage\":\"es\",\"@id\":\"http:\/\/www.reconoce.mx\/#\/schema\/person\/image\/\",\"url\":\"https:\/\/secure.gravatar.com\/avatar\/6c8d4dc7569ca1c90c5fdcc349f839d5ddef6fe1e70b4337ead2ef1a4c43fc3a?s=96&d=identicon&r=g\",\"contentUrl\":\"https:\/\/secure.gravatar.com\/avatar\/6c8d4dc7569ca1c90c5fdcc349f839d5ddef6fe1e70b4337ead2ef1a4c43fc3a?s=96&d=identicon&r=g\",\"caption\":\"Reconoce MX\"},\"description\":\"Reconoce MX es un proyecto de difusi\u00f3n art\u00edstica, cultural y de conciencia social que est\u00e1 enfocado a difundir y fomentar el entretenimiento alternativo de calidad para todo el p\u00fablico que comparta el mismo entusiasmo.\",\"sameAs\":[\"http:\/\/www.reconoce.mx\"],\"url\":\"https:\/\/www.reconoce.mx\/?author=2\"}]}<\/script>\n<!-- \/ Yoast SEO plugin. -->","yoast_head_json":{"title":"Lunario: Cartelera del 01 al 07 de diciembre &#171; Reconoce MX","robots":{"index":"index","follow":"follow","max-snippet":"max-snippet:-1","max-image-preview":"max-image-preview:large","max-video-preview":"max-video-preview:-1"},"canonical":"https:\/\/www.reconoce.mx\/?p=68393","og_locale":"es_ES","og_type":"article","og_title":"Lunario: Cartelera del 01 al 07 de diciembre &#171; Reconoce MX","og_description":"Disfruta de la variopinta cartelera del Lunario del Auditorio Nacional, un sitio donde lo sentidos son atendidos sin reserva y s\u00ed con mucha calidez.","og_url":"https:\/\/www.reconoce.mx\/?p=68393","og_site_name":"Reconoce MX","article_publisher":"https:\/\/es-la.facebook.com\/ReconoceMX\/","article_published_time":"2017-12-01T06:01:33+00:00","article_modified_time":"2017-12-01T16:31:50+00:00","og_image":[{"width":590,"height":380,"url":"https:\/\/www.reconoce.mx\/wp-content\/uploads\/2016\/10\/lunario.cover2_.png","type":"image\/png"}],"author":"Reconoce MX","twitter_card":"summary_large_image","twitter_creator":"@reconocemx","twitter_site":"@reconocemx","twitter_misc":{"Escrito por":"Reconoce MX","Tiempo de lectura":"4 minutos"},"schema":{"@context":"https:\/\/schema.org","@graph":[{"@type":"Article","@id":"https:\/\/www.reconoce.mx\/?p=68393#article","isPartOf":{"@id":"https:\/\/www.reconoce.mx\/?p=68393"},"author":{"name":"Reconoce MX","@id":"http:\/\/www.reconoce.mx\/#\/schema\/person\/2117e997d7051dc15d6880eaf9bca0b2"},"headline":"Lunario: Cartelera del 01 al 07 de diciembre","datePublished":"2017-12-01T06:01:33+00:00","dateModified":"2017-12-01T16:31:50+00:00","mainEntityOfPage":{"@id":"https:\/\/www.reconoce.mx\/?p=68393"},"wordCount":864,"commentCount":0,"publisher":{"@id":"http:\/\/www.reconoce.mx\/#organization"},"image":{"@id":"https:\/\/www.reconoce.mx\/?p=68393#primaryimage"},"thumbnailUrl":"https:\/\/www.reconoce.mx\/wp-content\/uploads\/2016\/10\/lunario.cover2_.png","articleSection":["Cultura","M\u00fasica","Principal"],"inLanguage":"es","potentialAction":[{"@type":"CommentAction","name":"Comment","target":["https:\/\/www.reconoce.mx\/?p=68393#respond"]}]},{"@type":"WebPage","@id":"https:\/\/www.reconoce.mx\/?p=68393","url":"https:\/\/www.reconoce.mx\/?p=68393","name":"Lunario: Cartelera del 01 al 07 de diciembre &#171; Reconoce MX","isPartOf":{"@id":"http:\/\/www.reconoce.mx\/#website"},"primaryImageOfPage":{"@id":"https:\/\/www.reconoce.mx\/?p=68393#primaryimage"},"image":{"@id":"https:\/\/www.reconoce.mx\/?p=68393#primaryimage"},"thumbnailUrl":"https:\/\/www.reconoce.mx\/wp-content\/uploads\/2016\/10\/lunario.cover2_.png","datePublished":"2017-12-01T06:01:33+00:00","dateModified":"2017-12-01T16:31:50+00:00","breadcrumb":{"@id":"https:\/\/www.reconoce.mx\/?p=68393#breadcrumb"},"inLanguage":"es","potentialAction":[{"@type":"ReadAction","target":["https:\/\/www.reconoce.mx\/?p=68393"]}]},{"@type":"ImageObject","inLanguage":"es","@id":"https:\/\/www.reconoce.mx\/?p=68393#primaryimage","url":"https:\/\/www.reconoce.mx\/wp-content\/uploads\/2016\/10\/lunario.cover2_.png","contentUrl":"https:\/\/www.reconoce.mx\/wp-content\/uploads\/2016\/10\/lunario.cover2_.png","width":590,"height":380},{"@type":"BreadcrumbList","@id":"https:\/\/www.reconoce.mx\/?p=68393#breadcrumb","itemListElement":[{"@type":"ListItem","position":1,"name":"Portada","item":"http:\/\/www.reconoce.mx\/"},{"@type":"ListItem","position":2,"name":"Lunario: Cartelera del 01 al 07 de diciembre"}]},{"@type":"WebSite","@id":"http:\/\/www.reconoce.mx\/#website","url":"http:\/\/www.reconoce.mx\/","name":"Reconoce MX","description":"En Reconoce MX difundimos arte, cultura y conciencia social en M\u00e9xico. Tu ciudad en otra perspectiva.","publisher":{"@id":"http:\/\/www.reconoce.mx\/#organization"},"potentialAction":[{"@type":"SearchAction","target":{"@type":"EntryPoint","urlTemplate":"http:\/\/www.reconoce.mx\/?s={search_term_string}"},"query-input":{"@type":"PropertyValueSpecification","valueRequired":true,"valueName":"search_term_string"}}],"inLanguage":"es"},{"@type":"Organization","@id":"http:\/\/www.reconoce.mx\/#organization","name":"Reconoce MX","url":"http:\/\/www.reconoce.mx\/","logo":{"@type":"ImageObject","inLanguage":"es","@id":"http:\/\/www.reconoce.mx\/#\/schema\/logo\/image\/","url":"https:\/\/www.reconoce.mx\/wp-content\/uploads\/2019\/03\/logorcmx-good-1.png","contentUrl":"https:\/\/www.reconoce.mx\/wp-content\/uploads\/2019\/03\/logorcmx-good-1.png","width":280,"height":90,"caption":"Reconoce MX"},"image":{"@id":"http:\/\/www.reconoce.mx\/#\/schema\/logo\/image\/"},"sameAs":["https:\/\/es-la.facebook.com\/ReconoceMX\/","https:\/\/x.com\/reconocemx","http:\/\/@reconocemx"]},{"@type":"Person","@id":"http:\/\/www.reconoce.mx\/#\/schema\/person\/2117e997d7051dc15d6880eaf9bca0b2","name":"Reconoce MX","image":{"@type":"ImageObject","inLanguage":"es","@id":"http:\/\/www.reconoce.mx\/#\/schema\/person\/image\/","url":"https:\/\/secure.gravatar.com\/avatar\/6c8d4dc7569ca1c90c5fdcc349f839d5ddef6fe1e70b4337ead2ef1a4c43fc3a?s=96&d=identicon&r=g","contentUrl":"https:\/\/secure.gravatar.com\/avatar\/6c8d4dc7569ca1c90c5fdcc349f839d5ddef6fe1e70b4337ead2ef1a4c43fc3a?s=96&d=identicon&r=g","caption":"Reconoce MX"},"description":"Reconoce MX es un proyecto de difusi\u00f3n art\u00edstica, cultural y de conciencia social que est\u00e1 enfocado a difundir y fomentar el entretenimiento alternativo de calidad para todo el p\u00fablico que comparta el mismo entusiasmo.","sameAs":["http:\/\/www.reconoce.mx"],"url":"https:\/\/www.reconoce.mx\/?author=2"}]}},"_links":{"self":[{"href":"https:\/\/www.reconoce.mx\/index.php?rest_route=\/wp\/v2\/posts\/68393","targetHints":{"allow":["GET"]}}],"collection":[{"href":"https:\/\/www.reconoce.mx\/index.php?rest_route=\/wp\/v2\/posts"}],"about":[{"href":"https:\/\/www.reconoce.mx\/index.php?rest_route=\/wp\/v2\/types\/post"}],"author":[{"embeddable":true,"href":"https:\/\/www.reconoce.mx\/index.php?rest_route=\/wp\/v2\/users\/2"}],"replies":[{"embeddable":true,"href":"https:\/\/www.reconoce.mx\/index.php?rest_route=%2Fwp%2Fv2%2Fcomments&post=68393"}],"version-history":[{"count":1,"href":"https:\/\/www.reconoce.mx\/index.php?rest_route=\/wp\/v2\/posts\/68393\/revisions"}],"predecessor-version":[{"id":68399,"href":"https:\/\/www.reconoce.mx\/index.php?rest_route=\/wp\/v2\/posts\/68393\/revisions\/68399"}],"wp:featuredmedia":[{"embeddable":true,"href":"https:\/\/www.reconoce.mx\/index.php?rest_route=\/wp\/v2\/media\/53154"}],"wp:attachment":[{"href":"https:\/\/www.reconoce.mx\/index.php?rest_route=%2Fwp%2Fv2%2Fmedia&parent=68393"}],"wp:term":[{"taxonomy":"category","embeddable":true,"href":"https:\/\/www.reconoce.mx\/index.php?rest_route=%2Fwp%2Fv2%2Fcategories&post=68393"},{"taxonomy":"post_tag","embeddable":true,"href":"https:\/\/www.reconoce.mx\/index.php?rest_route=%2Fwp%2Fv2%2Ftags&post=68393"}],"curies":[{"name":"wp","href":"https:\/\/api.w.org\/{rel}","templated":true}]}}