{"id":68908,"date":"2017-12-18T00:02:36","date_gmt":"2017-12-18T06:02:36","guid":{"rendered":"http:\/\/www.reconoce.mx\/?p=68908"},"modified":"2017-12-18T11:00:21","modified_gmt":"2017-12-18T17:00:21","slug":"es-culpa-de-la-musica-de-carranza","status":"publish","type":"post","link":"https:\/\/www.reconoce.mx\/?p=68908","title":{"rendered":"&#8216;Es culpa de la m\u00fasica&#8217;, de Carranza"},"content":{"rendered":"<p><a href=\"http:\/\/www.reconoce.mx\/category\/cultura\/musica\/lunes-musical-musica\/\"><img loading=\"lazy\" decoding=\"async\" class=\"aligncenter size-full wp-image-38360\" src=\"http:\/\/www.reconoce.mx\/wp-content\/uploads\/2015\/06\/Lunes1.png\" sizes=\"auto, (max-width: 550px) 100vw, 550px\" srcset=\"http:\/\/www.reconoce.mx\/wp-content\/uploads\/2015\/06\/Lunes1.png 550w, http:\/\/www.reconoce.mx\/wp-content\/uploads\/2015\/06\/Lunes1-300x38.png 300w, http:\/\/www.reconoce.mx\/wp-content\/uploads\/2015\/06\/Lunes1-150x19.png 150w\" alt=\"Lunes\" width=\"550\" height=\"70\" \/><\/a><strong><br \/>\nPor <a title=\"@AsfaltosTweets\" href=\"http:\/\/twitter.com\/AsfaltosTweets\" target=\"_blank\" rel=\"noopener noreferrer\">Asfaltos<\/a><\/strong>.<\/p>\n<p>Ora s\u00ed, \u00a1\u00faltimo <a href=\"http:\/\/www.reconoce.mx\/category\/cultura\/musica\/lunes-musical-musica\/\" target=\"_blank\" rel=\"noopener\">Lunes musical<\/a> de 2017! Porque ya lo saben, si bien nos falta a\u00fan un lunes m\u00e1s de 2017, el que viene lo dedicamos como ya es tradici\u00f3n al recuento de lo que nos dej\u00f3 el presente a\u00f1o en esta columna musical de cada inicio de semana. Y para cerrar, aprovechando el \u00e1nimo de fin de a\u00f1o y que en <strong>Reconoce MX<\/strong> recientemente grabamos nuestro primer <a href=\"http:\/\/mx.ivoox.com\/es\/podcast-lacasetadeasfalto_sq_f1399257_1.html\" target=\"_blank\" rel=\"noopener\">#PodcastRCMX<\/a> de \u00abLas mejores canciones de 2017\u00bb (atentos, que se puso re bueno), una recomendaci\u00f3n de mi estimado <strong>Amaury Berdejo<\/strong>, colaborador de este proyecto.<\/p>\n<style>.embed-container { position: relative; padding-bottom: 56.25%; height: 0; overflow: hidden; max-width: 100%; } .embed-container iframe, .embed-container object, .embed-container embed { position: absolute; top: 0; left: 0; width: 100%; height: 100%; }<\/style>\n<div class=\"embed-container\"><iframe loading=\"lazy\" src=\"https:\/\/www.youtube.com\/embed\/a5R2vLf6_4U\" width=\"300\" height=\"150\" frameborder=\"0\" allowfullscreen=\"allowfullscreen\"><\/iframe><\/div>\n<p>&nbsp;<\/p>\n<p>Amaury me present\u00f3 recientemente un proyecto de Guadalajara, Jalisco, llamado <strong>Carranza<\/strong>. La historia del proyecto tiene poco tiempo, pues apenas con 2 a\u00f1os de existencia, se han ido haciendo de un nombre que les ha viralizado en redes de manera importante. A ellos, me contaba Amaury, los hab\u00eda podido ver en el pasado <a href=\"https:\/\/twitter.com\/search?q=%23212RMX&amp;src=tyah\" target=\"_blank\" rel=\"noopener\">#212RMX<\/a>, donde se convirtieron en uno de los grupos m\u00e1s esperados.<\/p>\n<p>Catalogados por algunos como pop alternativo, a m\u00ed el sonido de <strong>Carranza<\/strong> me remiti\u00f3 mas bien a grupos de rock de los 90, como por ejemplo <strong>La Barranca<\/strong>. Quiz\u00e1 mucho tiene que ver el timbre de voz de <strong>Juan Pablo Carranza<\/strong>, quien me remite a aquella m\u00edtica agrupaci\u00f3n, y quien por cierto se sale del com\u00fan denominador de una escena musical nacional en donde las voces m\u00e1s agudas y suaves son privilegiadas en lugar de las graves como la de \u00e9l.<\/p>\n<p>Pues bien, de este a\u00f1o, yo les dejo entonces con \u00abEs culpa de la m\u00fasica\u00bb, tema que se desprende del \u00abConecta\u00bb con el que <strong>Carranza<\/strong> se dieo a conocer en este a\u00f1o. S\u00ed, hay elementos de pop, pero yo podr\u00eda llamarles inclusive m\u00e1s rockeros que alguno que otro proyecto que de entrada se coloca esa etiqueta. Buena recomendaci\u00f3n de <strong>Amaury Berdejo<\/strong>; reitero, escuchen pronto nuestro <a href=\"http:\/\/mx.ivoox.com\/es\/podcast-lacasetadeasfalto_sq_f1399257_1.html\" target=\"_blank\" rel=\"noopener\">#PodcastRCMX<\/a> de \u00abLas mejores canciones de 2017\u00bb.<\/p>\n<p>Ya lo saben, para apoyar a <strong>Carranza<\/strong>, hay que seguirles en <a href=\"https:\/\/www.facebook.com\/pg\/carranzaoficialmx\" target=\"_blank\" rel=\"noopener\">Facebook<\/a> y <a href=\"https:\/\/twitter.com\/Carranza_ofic?lang=es\" target=\"_blank\" rel=\"noopener\">Twitter<\/a>.<\/p>\n<p>Y para ustedes&#8230; \u00bfQu\u00e9 tema musical nacional les marc\u00f3 en 2017?<\/p>\n<p>&nbsp;<\/p>\n<p>&nbsp;<\/p>\n","protected":false},"excerpt":{"rendered":"<p>Ora s\u00ed, \u00a1\u00faltimo Lunes musical de 2017! Porque ya lo saben, si bien nos falta a\u00fan un lunes m\u00e1s de 2017, el que viene lo dedicamos como ya es tradici\u00f3n al recuento de lo que nos dej\u00f3 el presente a\u00f1o en esta columna musical de cada inicio de semana.<\/p>\n","protected":false},"author":2,"featured_media":68910,"comment_status":"open","ping_status":"open","sticky":false,"template":"","format":"standard","meta":{"footnotes":""},"categories":[1,665,18,17],"tags":[],"class_list":["post-68908","post","type-post","status-publish","format-standard","has-post-thumbnail","hentry","category-cultura","category-lunes-musical-musica","category-musica","category-principal"],"yoast_head":"<!-- This site is optimized with the Yoast SEO plugin v24.7 - https:\/\/yoast.com\/wordpress\/plugins\/seo\/ -->\n<title>&#039;Es culpa de la m\u00fasica&#039;, de Carranza &#171; Reconoce MX<\/title>\n<meta name=\"robots\" content=\"index, follow, max-snippet:-1, max-image-preview:large, max-video-preview:-1\" \/>\n<link rel=\"canonical\" href=\"http:\/\/www.reconoce.mx\/?p=68908\" \/>\n<meta property=\"og:locale\" content=\"es_ES\" \/>\n<meta property=\"og:type\" content=\"article\" \/>\n<meta property=\"og:title\" content=\"&#039;Es culpa de la m\u00fasica&#039;, de Carranza &#171; Reconoce MX\" \/>\n<meta property=\"og:description\" content=\"Ora s\u00ed, \u00a1\u00faltimo Lunes musical de 2017! Porque ya lo saben, si bien nos falta a\u00fan un lunes m\u00e1s de 2017, el que viene lo dedicamos como ya es tradici\u00f3n al recuento de lo que nos dej\u00f3 el presente a\u00f1o en esta columna musical de cada inicio de semana.\" \/>\n<meta property=\"og:url\" content=\"http:\/\/www.reconoce.mx\/?p=68908\" \/>\n<meta property=\"og:site_name\" content=\"Reconoce MX\" \/>\n<meta property=\"article:publisher\" content=\"https:\/\/es-la.facebook.com\/ReconoceMX\/\" \/>\n<meta property=\"article:published_time\" content=\"2017-12-18T06:02:36+00:00\" \/>\n<meta property=\"article:modified_time\" content=\"2017-12-18T17:00:21+00:00\" \/>\n<meta property=\"og:image\" content=\"http:\/\/www.reconoce.mx\/wp-content\/uploads\/2017\/12\/carranza.png\" \/>\n\t<meta property=\"og:image:width\" content=\"590\" \/>\n\t<meta property=\"og:image:height\" content=\"380\" \/>\n\t<meta property=\"og:image:type\" content=\"image\/png\" \/>\n<meta name=\"author\" content=\"Reconoce MX\" \/>\n<meta name=\"twitter:card\" content=\"summary_large_image\" \/>\n<meta name=\"twitter:creator\" content=\"@reconocemx\" \/>\n<meta name=\"twitter:site\" content=\"@reconocemx\" \/>\n<meta name=\"twitter:label1\" content=\"Escrito por\" \/>\n\t<meta name=\"twitter:data1\" content=\"Reconoce MX\" \/>\n\t<meta name=\"twitter:label2\" content=\"Tiempo de lectura\" \/>\n\t<meta name=\"twitter:data2\" content=\"2 minutos\" \/>\n<script type=\"application\/ld+json\" class=\"yoast-schema-graph\">{\"@context\":\"https:\/\/schema.org\",\"@graph\":[{\"@type\":\"Article\",\"@id\":\"http:\/\/www.reconoce.mx\/?p=68908#article\",\"isPartOf\":{\"@id\":\"http:\/\/www.reconoce.mx\/?p=68908\"},\"author\":{\"name\":\"Reconoce MX\",\"@id\":\"http:\/\/www.reconoce.mx\/#\/schema\/person\/2117e997d7051dc15d6880eaf9bca0b2\"},\"headline\":\"&#8216;Es culpa de la m\u00fasica&#8217;, de Carranza\",\"datePublished\":\"2017-12-18T06:02:36+00:00\",\"dateModified\":\"2017-12-18T17:00:21+00:00\",\"mainEntityOfPage\":{\"@id\":\"http:\/\/www.reconoce.mx\/?p=68908\"},\"wordCount\":359,\"commentCount\":0,\"publisher\":{\"@id\":\"http:\/\/www.reconoce.mx\/#organization\"},\"image\":{\"@id\":\"http:\/\/www.reconoce.mx\/?p=68908#primaryimage\"},\"thumbnailUrl\":\"https:\/\/www.reconoce.mx\/wp-content\/uploads\/2017\/12\/carranza.png\",\"articleSection\":[\"Cultura\",\"Lunes musical\",\"M\u00fasica\",\"Principal\"],\"inLanguage\":\"es\",\"potentialAction\":[{\"@type\":\"CommentAction\",\"name\":\"Comment\",\"target\":[\"http:\/\/www.reconoce.mx\/?p=68908#respond\"]}]},{\"@type\":\"WebPage\",\"@id\":\"http:\/\/www.reconoce.mx\/?p=68908\",\"url\":\"http:\/\/www.reconoce.mx\/?p=68908\",\"name\":\"'Es culpa de la m\u00fasica', de Carranza &#171; Reconoce MX\",\"isPartOf\":{\"@id\":\"http:\/\/www.reconoce.mx\/#website\"},\"primaryImageOfPage\":{\"@id\":\"http:\/\/www.reconoce.mx\/?p=68908#primaryimage\"},\"image\":{\"@id\":\"http:\/\/www.reconoce.mx\/?p=68908#primaryimage\"},\"thumbnailUrl\":\"https:\/\/www.reconoce.mx\/wp-content\/uploads\/2017\/12\/carranza.png\",\"datePublished\":\"2017-12-18T06:02:36+00:00\",\"dateModified\":\"2017-12-18T17:00:21+00:00\",\"breadcrumb\":{\"@id\":\"http:\/\/www.reconoce.mx\/?p=68908#breadcrumb\"},\"inLanguage\":\"es\",\"potentialAction\":[{\"@type\":\"ReadAction\",\"target\":[\"http:\/\/www.reconoce.mx\/?p=68908\"]}]},{\"@type\":\"ImageObject\",\"inLanguage\":\"es\",\"@id\":\"http:\/\/www.reconoce.mx\/?p=68908#primaryimage\",\"url\":\"https:\/\/www.reconoce.mx\/wp-content\/uploads\/2017\/12\/carranza.png\",\"contentUrl\":\"https:\/\/www.reconoce.mx\/wp-content\/uploads\/2017\/12\/carranza.png\",\"width\":590,\"height\":380},{\"@type\":\"BreadcrumbList\",\"@id\":\"http:\/\/www.reconoce.mx\/?p=68908#breadcrumb\",\"itemListElement\":[{\"@type\":\"ListItem\",\"position\":1,\"name\":\"Portada\",\"item\":\"http:\/\/www.reconoce.mx\/\"},{\"@type\":\"ListItem\",\"position\":2,\"name\":\"&#8216;Es culpa de la m\u00fasica&#8217;, de Carranza\"}]},{\"@type\":\"WebSite\",\"@id\":\"http:\/\/www.reconoce.mx\/#website\",\"url\":\"http:\/\/www.reconoce.mx\/\",\"name\":\"Reconoce MX\",\"description\":\"En Reconoce MX difundimos arte, cultura y conciencia social en M\u00e9xico. Tu ciudad en otra perspectiva.\",\"publisher\":{\"@id\":\"http:\/\/www.reconoce.mx\/#organization\"},\"potentialAction\":[{\"@type\":\"SearchAction\",\"target\":{\"@type\":\"EntryPoint\",\"urlTemplate\":\"http:\/\/www.reconoce.mx\/?s={search_term_string}\"},\"query-input\":{\"@type\":\"PropertyValueSpecification\",\"valueRequired\":true,\"valueName\":\"search_term_string\"}}],\"inLanguage\":\"es\"},{\"@type\":\"Organization\",\"@id\":\"http:\/\/www.reconoce.mx\/#organization\",\"name\":\"Reconoce MX\",\"url\":\"http:\/\/www.reconoce.mx\/\",\"logo\":{\"@type\":\"ImageObject\",\"inLanguage\":\"es\",\"@id\":\"http:\/\/www.reconoce.mx\/#\/schema\/logo\/image\/\",\"url\":\"https:\/\/www.reconoce.mx\/wp-content\/uploads\/2019\/03\/logorcmx-good-1.png\",\"contentUrl\":\"https:\/\/www.reconoce.mx\/wp-content\/uploads\/2019\/03\/logorcmx-good-1.png\",\"width\":280,\"height\":90,\"caption\":\"Reconoce MX\"},\"image\":{\"@id\":\"http:\/\/www.reconoce.mx\/#\/schema\/logo\/image\/\"},\"sameAs\":[\"https:\/\/es-la.facebook.com\/ReconoceMX\/\",\"https:\/\/x.com\/reconocemx\",\"http:\/\/@reconocemx\"]},{\"@type\":\"Person\",\"@id\":\"http:\/\/www.reconoce.mx\/#\/schema\/person\/2117e997d7051dc15d6880eaf9bca0b2\",\"name\":\"Reconoce MX\",\"image\":{\"@type\":\"ImageObject\",\"inLanguage\":\"es\",\"@id\":\"http:\/\/www.reconoce.mx\/#\/schema\/person\/image\/\",\"url\":\"https:\/\/secure.gravatar.com\/avatar\/6c8d4dc7569ca1c90c5fdcc349f839d5ddef6fe1e70b4337ead2ef1a4c43fc3a?s=96&d=identicon&r=g\",\"contentUrl\":\"https:\/\/secure.gravatar.com\/avatar\/6c8d4dc7569ca1c90c5fdcc349f839d5ddef6fe1e70b4337ead2ef1a4c43fc3a?s=96&d=identicon&r=g\",\"caption\":\"Reconoce MX\"},\"description\":\"Reconoce MX es un proyecto de difusi\u00f3n art\u00edstica, cultural y de conciencia social que est\u00e1 enfocado a difundir y fomentar el entretenimiento alternativo de calidad para todo el p\u00fablico que comparta el mismo entusiasmo.\",\"sameAs\":[\"http:\/\/www.reconoce.mx\"],\"url\":\"https:\/\/www.reconoce.mx\/?author=2\"}]}<\/script>\n<!-- \/ Yoast SEO plugin. -->","yoast_head_json":{"title":"'Es culpa de la m\u00fasica', de Carranza &#171; Reconoce MX","robots":{"index":"index","follow":"follow","max-snippet":"max-snippet:-1","max-image-preview":"max-image-preview:large","max-video-preview":"max-video-preview:-1"},"canonical":"http:\/\/www.reconoce.mx\/?p=68908","og_locale":"es_ES","og_type":"article","og_title":"'Es culpa de la m\u00fasica', de Carranza &#171; Reconoce MX","og_description":"Ora s\u00ed, \u00a1\u00faltimo Lunes musical de 2017! Porque ya lo saben, si bien nos falta a\u00fan un lunes m\u00e1s de 2017, el que viene lo dedicamos como ya es tradici\u00f3n al recuento de lo que nos dej\u00f3 el presente a\u00f1o en esta columna musical de cada inicio de semana.","og_url":"http:\/\/www.reconoce.mx\/?p=68908","og_site_name":"Reconoce MX","article_publisher":"https:\/\/es-la.facebook.com\/ReconoceMX\/","article_published_time":"2017-12-18T06:02:36+00:00","article_modified_time":"2017-12-18T17:00:21+00:00","og_image":[{"width":590,"height":380,"url":"http:\/\/www.reconoce.mx\/wp-content\/uploads\/2017\/12\/carranza.png","type":"image\/png"}],"author":"Reconoce MX","twitter_card":"summary_large_image","twitter_creator":"@reconocemx","twitter_site":"@reconocemx","twitter_misc":{"Escrito por":"Reconoce MX","Tiempo de lectura":"2 minutos"},"schema":{"@context":"https:\/\/schema.org","@graph":[{"@type":"Article","@id":"http:\/\/www.reconoce.mx\/?p=68908#article","isPartOf":{"@id":"http:\/\/www.reconoce.mx\/?p=68908"},"author":{"name":"Reconoce MX","@id":"http:\/\/www.reconoce.mx\/#\/schema\/person\/2117e997d7051dc15d6880eaf9bca0b2"},"headline":"&#8216;Es culpa de la m\u00fasica&#8217;, de Carranza","datePublished":"2017-12-18T06:02:36+00:00","dateModified":"2017-12-18T17:00:21+00:00","mainEntityOfPage":{"@id":"http:\/\/www.reconoce.mx\/?p=68908"},"wordCount":359,"commentCount":0,"publisher":{"@id":"http:\/\/www.reconoce.mx\/#organization"},"image":{"@id":"http:\/\/www.reconoce.mx\/?p=68908#primaryimage"},"thumbnailUrl":"https:\/\/www.reconoce.mx\/wp-content\/uploads\/2017\/12\/carranza.png","articleSection":["Cultura","Lunes musical","M\u00fasica","Principal"],"inLanguage":"es","potentialAction":[{"@type":"CommentAction","name":"Comment","target":["http:\/\/www.reconoce.mx\/?p=68908#respond"]}]},{"@type":"WebPage","@id":"http:\/\/www.reconoce.mx\/?p=68908","url":"http:\/\/www.reconoce.mx\/?p=68908","name":"'Es culpa de la m\u00fasica', de Carranza &#171; Reconoce MX","isPartOf":{"@id":"http:\/\/www.reconoce.mx\/#website"},"primaryImageOfPage":{"@id":"http:\/\/www.reconoce.mx\/?p=68908#primaryimage"},"image":{"@id":"http:\/\/www.reconoce.mx\/?p=68908#primaryimage"},"thumbnailUrl":"https:\/\/www.reconoce.mx\/wp-content\/uploads\/2017\/12\/carranza.png","datePublished":"2017-12-18T06:02:36+00:00","dateModified":"2017-12-18T17:00:21+00:00","breadcrumb":{"@id":"http:\/\/www.reconoce.mx\/?p=68908#breadcrumb"},"inLanguage":"es","potentialAction":[{"@type":"ReadAction","target":["http:\/\/www.reconoce.mx\/?p=68908"]}]},{"@type":"ImageObject","inLanguage":"es","@id":"http:\/\/www.reconoce.mx\/?p=68908#primaryimage","url":"https:\/\/www.reconoce.mx\/wp-content\/uploads\/2017\/12\/carranza.png","contentUrl":"https:\/\/www.reconoce.mx\/wp-content\/uploads\/2017\/12\/carranza.png","width":590,"height":380},{"@type":"BreadcrumbList","@id":"http:\/\/www.reconoce.mx\/?p=68908#breadcrumb","itemListElement":[{"@type":"ListItem","position":1,"name":"Portada","item":"http:\/\/www.reconoce.mx\/"},{"@type":"ListItem","position":2,"name":"&#8216;Es culpa de la m\u00fasica&#8217;, de Carranza"}]},{"@type":"WebSite","@id":"http:\/\/www.reconoce.mx\/#website","url":"http:\/\/www.reconoce.mx\/","name":"Reconoce MX","description":"En Reconoce MX difundimos arte, cultura y conciencia social en M\u00e9xico. Tu ciudad en otra perspectiva.","publisher":{"@id":"http:\/\/www.reconoce.mx\/#organization"},"potentialAction":[{"@type":"SearchAction","target":{"@type":"EntryPoint","urlTemplate":"http:\/\/www.reconoce.mx\/?s={search_term_string}"},"query-input":{"@type":"PropertyValueSpecification","valueRequired":true,"valueName":"search_term_string"}}],"inLanguage":"es"},{"@type":"Organization","@id":"http:\/\/www.reconoce.mx\/#organization","name":"Reconoce MX","url":"http:\/\/www.reconoce.mx\/","logo":{"@type":"ImageObject","inLanguage":"es","@id":"http:\/\/www.reconoce.mx\/#\/schema\/logo\/image\/","url":"https:\/\/www.reconoce.mx\/wp-content\/uploads\/2019\/03\/logorcmx-good-1.png","contentUrl":"https:\/\/www.reconoce.mx\/wp-content\/uploads\/2019\/03\/logorcmx-good-1.png","width":280,"height":90,"caption":"Reconoce MX"},"image":{"@id":"http:\/\/www.reconoce.mx\/#\/schema\/logo\/image\/"},"sameAs":["https:\/\/es-la.facebook.com\/ReconoceMX\/","https:\/\/x.com\/reconocemx","http:\/\/@reconocemx"]},{"@type":"Person","@id":"http:\/\/www.reconoce.mx\/#\/schema\/person\/2117e997d7051dc15d6880eaf9bca0b2","name":"Reconoce MX","image":{"@type":"ImageObject","inLanguage":"es","@id":"http:\/\/www.reconoce.mx\/#\/schema\/person\/image\/","url":"https:\/\/secure.gravatar.com\/avatar\/6c8d4dc7569ca1c90c5fdcc349f839d5ddef6fe1e70b4337ead2ef1a4c43fc3a?s=96&d=identicon&r=g","contentUrl":"https:\/\/secure.gravatar.com\/avatar\/6c8d4dc7569ca1c90c5fdcc349f839d5ddef6fe1e70b4337ead2ef1a4c43fc3a?s=96&d=identicon&r=g","caption":"Reconoce MX"},"description":"Reconoce MX es un proyecto de difusi\u00f3n art\u00edstica, cultural y de conciencia social que est\u00e1 enfocado a difundir y fomentar el entretenimiento alternativo de calidad para todo el p\u00fablico que comparta el mismo entusiasmo.","sameAs":["http:\/\/www.reconoce.mx"],"url":"https:\/\/www.reconoce.mx\/?author=2"}]}},"_links":{"self":[{"href":"https:\/\/www.reconoce.mx\/index.php?rest_route=\/wp\/v2\/posts\/68908","targetHints":{"allow":["GET"]}}],"collection":[{"href":"https:\/\/www.reconoce.mx\/index.php?rest_route=\/wp\/v2\/posts"}],"about":[{"href":"https:\/\/www.reconoce.mx\/index.php?rest_route=\/wp\/v2\/types\/post"}],"author":[{"embeddable":true,"href":"https:\/\/www.reconoce.mx\/index.php?rest_route=\/wp\/v2\/users\/2"}],"replies":[{"embeddable":true,"href":"https:\/\/www.reconoce.mx\/index.php?rest_route=%2Fwp%2Fv2%2Fcomments&post=68908"}],"version-history":[{"count":2,"href":"https:\/\/www.reconoce.mx\/index.php?rest_route=\/wp\/v2\/posts\/68908\/revisions"}],"predecessor-version":[{"id":68911,"href":"https:\/\/www.reconoce.mx\/index.php?rest_route=\/wp\/v2\/posts\/68908\/revisions\/68911"}],"wp:featuredmedia":[{"embeddable":true,"href":"https:\/\/www.reconoce.mx\/index.php?rest_route=\/wp\/v2\/media\/68910"}],"wp:attachment":[{"href":"https:\/\/www.reconoce.mx\/index.php?rest_route=%2Fwp%2Fv2%2Fmedia&parent=68908"}],"wp:term":[{"taxonomy":"category","embeddable":true,"href":"https:\/\/www.reconoce.mx\/index.php?rest_route=%2Fwp%2Fv2%2Fcategories&post=68908"},{"taxonomy":"post_tag","embeddable":true,"href":"https:\/\/www.reconoce.mx\/index.php?rest_route=%2Fwp%2Fv2%2Ftags&post=68908"}],"curies":[{"name":"wp","href":"https:\/\/api.w.org\/{rel}","templated":true}]}}