{"id":68998,"date":"2017-12-20T00:05:42","date_gmt":"2017-12-20T06:05:42","guid":{"rendered":"http:\/\/www.reconoce.mx\/?p=68998"},"modified":"2017-12-20T09:59:32","modified_gmt":"2017-12-20T15:59:32","slug":"paso-pero-nunca-lo-vi-inaugura-con-exito-en-jardines-de-mexico","status":"publish","type":"post","link":"https:\/\/www.reconoce.mx\/?p=68998","title":{"rendered":"\u00abPas\u00f3, pero nunca lo vi\u00bb inaugura con \u00e9xito en Jardines de M\u00e9xico"},"content":{"rendered":"<p><strong>Por\u00a0<a title=\"@enriquefa86\" href=\"https:\/\/twitter.com\/enriquefa86\" target=\"_blank\" rel=\"noopener\">Enrique Figueroa Anaya<\/a>.<\/strong><\/p>\n<p>El pasado 9 de diciembre, en un sitio espl\u00e9ndido como Jardines de M\u00e9xico, inaugur\u00f3 despu\u00e9s de meses de preparaci\u00f3n: \u00ab<a href=\"http:\/\/www.reconoce.mx\/paso-pero-nunca-lo-vi-primer-exposicion-colectiva-de-periferia\/\" target=\"_blank\" rel=\"noopener\">Pas\u00f3, pero nunca lo vi<\/a>\u00ab. La exposici\u00f3n colectiva, primera de la plataforma art\u00edstica <strong>Periferia<\/strong>, abri\u00f3 sus puertas en un ambiente magn\u00edfico, arropada por propios y extra\u00f1os que aprovecharon la presencia de algunos de los artistas que dieron vida a este particular di\u00e1logo entre ellos.<\/p>\n<p><a href=\"http:\/\/www.reconoce.mx\/wp-content\/uploads\/2017\/12\/IMG_7027-e1513741492194.jpg\"><img loading=\"lazy\" decoding=\"async\" class=\"aligncenter size-full wp-image-69005\" src=\"http:\/\/www.reconoce.mx\/wp-content\/uploads\/2017\/12\/IMG_7027-e1513741492194.jpg\" alt=\"\" width=\"2000\" height=\"1333\" \/><\/a><\/p>\n<p>El trabajo diverso de 6 artistas se present\u00f3 como di\u00e1logo en la <strong>Galer\u00eda de Arte de Jardines de M\u00e9xico<\/strong>. Los nacionales <strong>Tulio Tula<\/strong>, <strong>Rodrigo Palacios<\/strong> y<strong> Mec Paz<\/strong>, sirvieron como anfitriones para el colombiano-franc\u00e9s <strong>Carlos Bernal<\/strong> y los italianos <strong>Umberto Coa<\/strong> y <strong>Francesco Levy<\/strong>, con quienes, entre todos, dialogaron para presentar su respuesta a la premisa \u00abla ficci\u00f3n en los m\u00e1rgenes de la realidad\u00bb.<\/p>\n<p>Adem\u00e1s de la obra, que debe de vivirse como parte central de un laberinto que nos sorprende, valdr\u00eda destacar el esfuerzo de <strong>Periferia<\/strong> encabezado por su joven directora <strong>Mar\u00eda Jos\u00e9 Flores Lozada<\/strong>. A menos de un a\u00f1o de su idea, \u00abPas\u00f3, pero nunca lo vi\u00bb inaugur\u00f3 con \u00e9xito, abriendo as\u00ed un espacio id\u00edlico para el disfrute del arte. El calor y la hermosura propia de <strong>Jardines de M\u00e9xico<\/strong>, invita a m\u00e1s ejercicios como ese.<\/p>\n<p><a href=\"http:\/\/www.reconoce.mx\/wp-content\/uploads\/2017\/12\/IMG_7206.jpg\"><img loading=\"lazy\" decoding=\"async\" class=\"aligncenter size-full wp-image-69002\" src=\"http:\/\/www.reconoce.mx\/wp-content\/uploads\/2017\/12\/IMG_7206.jpg\" alt=\"\" width=\"3648\" height=\"2432\" srcset=\"https:\/\/www.reconoce.mx\/wp-content\/uploads\/2017\/12\/IMG_7206.jpg 3648w, https:\/\/www.reconoce.mx\/wp-content\/uploads\/2017\/12\/IMG_7206-300x200.jpg 300w, https:\/\/www.reconoce.mx\/wp-content\/uploads\/2017\/12\/IMG_7206-768x512.jpg 768w, https:\/\/www.reconoce.mx\/wp-content\/uploads\/2017\/12\/IMG_7206-1024x683.jpg 1024w, https:\/\/www.reconoce.mx\/wp-content\/uploads\/2017\/12\/IMG_7206-150x100.jpg 150w, https:\/\/www.reconoce.mx\/wp-content\/uploads\/2017\/12\/IMG_7206-700x467.jpg 700w, https:\/\/www.reconoce.mx\/wp-content\/uploads\/2017\/12\/IMG_7206-658x439.jpg 658w\" sizes=\"auto, (max-width: 3648px) 100vw, 3648px\" \/><\/a><\/p>\n<p><strong>Periferia<\/strong> nace a ra\u00edz de la inquietud de su directora sobre qu\u00e9 sucede en materia art\u00edstica y cultural en sitios fuera de la capital mexicana, donde a\u00fan hay muchos espacios y posibilidades por explorar. \u00ab<a href=\"http:\/\/mx.ivoox.com\/es\/podcastrcmx-panoramas-zoe-hey-besala-y-audios-mp3_rf_22450742_1.html\" target=\"_blank\" rel=\"noopener\">Decid\u00ed emprender y armar un proyecto llamado <strong>Periferia<\/strong>, en el que su objetivo es descentralizar la cultura, llevarlo a otros lados, como es el caso de esta exposici\u00f3n<\/a>\u00ab, comparti\u00f3 Mar\u00eda Jos\u00e9 en entrevista para <span style=\"color: #a81f25;\"><strong>Reconoce MX<\/strong><\/span>.<\/p>\n<p><strong>Tulio Tula<\/strong> present\u00f3 su reinterprretaci\u00f3n de la gr\u00e1fica de las culturas mesoamericanas, <strong>Carlos Bernal<\/strong> su serie de grabados titulada \u00abMoment\u00e1neamente\u00bb, <strong>Umberto Eco<\/strong> su mirada fotogr\u00e1fica a trav\u00e9s de cinco deliciosas piezas, <strong>Rodrigo Palacios<\/strong> una muy interesante instalaci\u00f3n que nos invitaba a reflexionar sobre el uso de las plantas a trav\u00e9s de los a\u00f1os, <strong>Francisco Levy<\/strong> un muy familiar e \u00edntimo diario visual, y <strong>Mec Paz<\/strong> una serie de nueve monotipias sobre papel algod\u00f3n.<\/p>\n<p><a href=\"http:\/\/www.reconoce.mx\/wp-content\/uploads\/2017\/12\/IMG_7105-e1513741470898.jpg\"><img loading=\"lazy\" decoding=\"async\" class=\"aligncenter size-full wp-image-69001\" src=\"http:\/\/www.reconoce.mx\/wp-content\/uploads\/2017\/12\/IMG_7105-e1513741470898.jpg\" alt=\"\" width=\"2000\" height=\"1333\" \/><\/a><\/p>\n<p>Entre bebidas refrescante cortes\u00eda de <strong>Jardines de M\u00e9xico<\/strong>, y alguna que otra bebida espirituosa cortes\u00eda del patrocinador <strong>Ron Matusalem<\/strong>, todo aderezado de la selecci\u00f3n musical del DJ de la tarde, transcurri\u00f3 con \u00e9xito la primera de -esperemos muchas m\u00e1s- inauguraciones de la plataforma <strong>Periferia<\/strong>.<\/p>\n<p>\u00abPas\u00f3, pero nunca lo vi\u00bb se mantendr\u00e1 expuesta en la <strong>Galer\u00eda de Arte de Jardines de M\u00e9xico<\/strong> hasta el pr\u00f3ximo 28 de febrero de 2018. No digan que no se les advirti\u00f3, por aquello de que no salgan luego con aquello de \u00abpas\u00f3, pero nunca la vimos\u00bb. Para m\u00e1s informaci\u00f3n consulta el <a href=\"http:\/\/www.jardinesdemexico.com\/\" target=\"_blank\" rel=\"noopener\">sitio oficial de <strong>Jardines de M\u00e9xico<\/strong><\/a>, as\u00ed como el <a href=\"https:\/\/www.facebook.com\/plataformaperiferia\/\" target=\"_blank\" rel=\"noopener\">Facebook<\/a> e <a href=\"https:\/\/www.instagram.com\/plataformaperiferia\/\" target=\"_blank\" rel=\"noopener\">Instagram<\/a> de <strong>Periferia<\/strong>.<\/p>\n<p style=\"text-align: right;\">Con im\u00e1genes cortes\u00eda de <strong>Jos\u00e9 Miguel Turner<\/strong> \/ <strong>Periferia<\/strong>.<\/p>\n<p>&nbsp;<\/p>\n<p>&nbsp;<\/p>\n","protected":false},"excerpt":{"rendered":"<p>El pasado 9 de diciembre, en un sitio espl\u00e9ndido como Jardines de M\u00e9xico, inaugur\u00f3 despu\u00e9s de meses de preparaci\u00f3n: \u00abPas\u00f3, pero nunca lo vi\u00bb. <\/p>\n","protected":false},"author":2,"featured_media":69003,"comment_status":"open","ping_status":"open","sticky":false,"template":"","format":"standard","meta":{"footnotes":""},"categories":[79,1,17],"tags":[],"class_list":["post-68998","post","type-post","status-publish","format-standard","has-post-thumbnail","hentry","category-artes-visuales","category-cultura","category-principal"],"yoast_head":"<!-- This site is optimized with the Yoast SEO plugin v24.7 - https:\/\/yoast.com\/wordpress\/plugins\/seo\/ -->\n<title>&quot;Pas\u00f3, pero nunca lo vi&quot; inaugura con \u00e9xito en Jardines de M\u00e9xico &#171; Reconoce MX<\/title>\n<meta name=\"robots\" content=\"index, follow, max-snippet:-1, max-image-preview:large, max-video-preview:-1\" \/>\n<link rel=\"canonical\" href=\"https:\/\/www.reconoce.mx\/?p=68998\" \/>\n<meta property=\"og:locale\" content=\"es_ES\" \/>\n<meta property=\"og:type\" content=\"article\" \/>\n<meta property=\"og:title\" content=\"&quot;Pas\u00f3, pero nunca lo vi&quot; inaugura con \u00e9xito en Jardines de M\u00e9xico &#171; Reconoce MX\" \/>\n<meta property=\"og:description\" content=\"El pasado 9 de diciembre, en un sitio espl\u00e9ndido como Jardines de M\u00e9xico, inaugur\u00f3 despu\u00e9s de meses de preparaci\u00f3n: &quot;Pas\u00f3, pero nunca lo vi&quot;.\" \/>\n<meta property=\"og:url\" content=\"https:\/\/www.reconoce.mx\/?p=68998\" \/>\n<meta property=\"og:site_name\" content=\"Reconoce MX\" \/>\n<meta property=\"article:publisher\" content=\"https:\/\/es-la.facebook.com\/ReconoceMX\/\" \/>\n<meta property=\"article:published_time\" content=\"2017-12-20T06:05:42+00:00\" \/>\n<meta property=\"article:modified_time\" content=\"2017-12-20T15:59:32+00:00\" \/>\n<meta property=\"og:image\" content=\"https:\/\/www.reconoce.mx\/wp-content\/uploads\/2017\/12\/paso-pero-nunca-lo-vi-cover.png\" \/>\n\t<meta property=\"og:image:width\" content=\"590\" \/>\n\t<meta property=\"og:image:height\" content=\"380\" \/>\n\t<meta property=\"og:image:type\" content=\"image\/png\" \/>\n<meta name=\"author\" content=\"Reconoce MX\" \/>\n<meta name=\"twitter:card\" content=\"summary_large_image\" \/>\n<meta name=\"twitter:creator\" content=\"@reconocemx\" \/>\n<meta name=\"twitter:site\" content=\"@reconocemx\" \/>\n<meta name=\"twitter:label1\" content=\"Escrito por\" \/>\n\t<meta name=\"twitter:data1\" content=\"Reconoce MX\" \/>\n\t<meta name=\"twitter:label2\" content=\"Tiempo de lectura\" \/>\n\t<meta name=\"twitter:data2\" content=\"3 minutos\" \/>\n<script type=\"application\/ld+json\" class=\"yoast-schema-graph\">{\"@context\":\"https:\/\/schema.org\",\"@graph\":[{\"@type\":\"Article\",\"@id\":\"https:\/\/www.reconoce.mx\/?p=68998#article\",\"isPartOf\":{\"@id\":\"https:\/\/www.reconoce.mx\/?p=68998\"},\"author\":{\"name\":\"Reconoce MX\",\"@id\":\"https:\/\/www.reconoce.mx\/#\/schema\/person\/2117e997d7051dc15d6880eaf9bca0b2\"},\"headline\":\"\u00abPas\u00f3, pero nunca lo vi\u00bb inaugura con \u00e9xito en Jardines de M\u00e9xico\",\"datePublished\":\"2017-12-20T06:05:42+00:00\",\"dateModified\":\"2017-12-20T15:59:32+00:00\",\"mainEntityOfPage\":{\"@id\":\"https:\/\/www.reconoce.mx\/?p=68998\"},\"wordCount\":526,\"commentCount\":0,\"publisher\":{\"@id\":\"https:\/\/www.reconoce.mx\/#organization\"},\"image\":{\"@id\":\"https:\/\/www.reconoce.mx\/?p=68998#primaryimage\"},\"thumbnailUrl\":\"https:\/\/www.reconoce.mx\/wp-content\/uploads\/2017\/12\/paso-pero-nunca-lo-vi-cover.png\",\"articleSection\":[\"Artes Visuales\",\"Cultura\",\"Principal\"],\"inLanguage\":\"es\",\"potentialAction\":[{\"@type\":\"CommentAction\",\"name\":\"Comment\",\"target\":[\"https:\/\/www.reconoce.mx\/?p=68998#respond\"]}]},{\"@type\":\"WebPage\",\"@id\":\"https:\/\/www.reconoce.mx\/?p=68998\",\"url\":\"https:\/\/www.reconoce.mx\/?p=68998\",\"name\":\"\\\"Pas\u00f3, pero nunca lo vi\\\" inaugura con \u00e9xito en Jardines de M\u00e9xico &#171; Reconoce MX\",\"isPartOf\":{\"@id\":\"https:\/\/www.reconoce.mx\/#website\"},\"primaryImageOfPage\":{\"@id\":\"https:\/\/www.reconoce.mx\/?p=68998#primaryimage\"},\"image\":{\"@id\":\"https:\/\/www.reconoce.mx\/?p=68998#primaryimage\"},\"thumbnailUrl\":\"https:\/\/www.reconoce.mx\/wp-content\/uploads\/2017\/12\/paso-pero-nunca-lo-vi-cover.png\",\"datePublished\":\"2017-12-20T06:05:42+00:00\",\"dateModified\":\"2017-12-20T15:59:32+00:00\",\"breadcrumb\":{\"@id\":\"https:\/\/www.reconoce.mx\/?p=68998#breadcrumb\"},\"inLanguage\":\"es\",\"potentialAction\":[{\"@type\":\"ReadAction\",\"target\":[\"https:\/\/www.reconoce.mx\/?p=68998\"]}]},{\"@type\":\"ImageObject\",\"inLanguage\":\"es\",\"@id\":\"https:\/\/www.reconoce.mx\/?p=68998#primaryimage\",\"url\":\"https:\/\/www.reconoce.mx\/wp-content\/uploads\/2017\/12\/paso-pero-nunca-lo-vi-cover.png\",\"contentUrl\":\"https:\/\/www.reconoce.mx\/wp-content\/uploads\/2017\/12\/paso-pero-nunca-lo-vi-cover.png\",\"width\":590,\"height\":380},{\"@type\":\"BreadcrumbList\",\"@id\":\"https:\/\/www.reconoce.mx\/?p=68998#breadcrumb\",\"itemListElement\":[{\"@type\":\"ListItem\",\"position\":1,\"name\":\"Portada\",\"item\":\"https:\/\/www.reconoce.mx\/\"},{\"@type\":\"ListItem\",\"position\":2,\"name\":\"\u00abPas\u00f3, pero nunca lo vi\u00bb inaugura con \u00e9xito en Jardines de M\u00e9xico\"}]},{\"@type\":\"WebSite\",\"@id\":\"https:\/\/www.reconoce.mx\/#website\",\"url\":\"https:\/\/www.reconoce.mx\/\",\"name\":\"Reconoce MX\",\"description\":\"En Reconoce MX difundimos arte, cultura y conciencia social en M\u00e9xico. Tu ciudad en otra perspectiva.\",\"publisher\":{\"@id\":\"https:\/\/www.reconoce.mx\/#organization\"},\"potentialAction\":[{\"@type\":\"SearchAction\",\"target\":{\"@type\":\"EntryPoint\",\"urlTemplate\":\"https:\/\/www.reconoce.mx\/?s={search_term_string}\"},\"query-input\":{\"@type\":\"PropertyValueSpecification\",\"valueRequired\":true,\"valueName\":\"search_term_string\"}}],\"inLanguage\":\"es\"},{\"@type\":\"Organization\",\"@id\":\"https:\/\/www.reconoce.mx\/#organization\",\"name\":\"Reconoce MX\",\"url\":\"https:\/\/www.reconoce.mx\/\",\"logo\":{\"@type\":\"ImageObject\",\"inLanguage\":\"es\",\"@id\":\"https:\/\/www.reconoce.mx\/#\/schema\/logo\/image\/\",\"url\":\"https:\/\/www.reconoce.mx\/wp-content\/uploads\/2019\/03\/logorcmx-good-1.png\",\"contentUrl\":\"https:\/\/www.reconoce.mx\/wp-content\/uploads\/2019\/03\/logorcmx-good-1.png\",\"width\":280,\"height\":90,\"caption\":\"Reconoce MX\"},\"image\":{\"@id\":\"https:\/\/www.reconoce.mx\/#\/schema\/logo\/image\/\"},\"sameAs\":[\"https:\/\/es-la.facebook.com\/ReconoceMX\/\",\"https:\/\/x.com\/reconocemx\",\"http:\/\/@reconocemx\"]},{\"@type\":\"Person\",\"@id\":\"https:\/\/www.reconoce.mx\/#\/schema\/person\/2117e997d7051dc15d6880eaf9bca0b2\",\"name\":\"Reconoce MX\",\"image\":{\"@type\":\"ImageObject\",\"inLanguage\":\"es\",\"@id\":\"https:\/\/www.reconoce.mx\/#\/schema\/person\/image\/\",\"url\":\"https:\/\/secure.gravatar.com\/avatar\/6c8d4dc7569ca1c90c5fdcc349f839d5ddef6fe1e70b4337ead2ef1a4c43fc3a?s=96&d=identicon&r=g\",\"contentUrl\":\"https:\/\/secure.gravatar.com\/avatar\/6c8d4dc7569ca1c90c5fdcc349f839d5ddef6fe1e70b4337ead2ef1a4c43fc3a?s=96&d=identicon&r=g\",\"caption\":\"Reconoce MX\"},\"description\":\"Reconoce MX es un proyecto de difusi\u00f3n art\u00edstica, cultural y de conciencia social que est\u00e1 enfocado a difundir y fomentar el entretenimiento alternativo de calidad para todo el p\u00fablico que comparta el mismo entusiasmo.\",\"sameAs\":[\"http:\/\/www.reconoce.mx\"],\"url\":\"https:\/\/www.reconoce.mx\/?author=2\"}]}<\/script>\n<!-- \/ Yoast SEO plugin. -->","yoast_head_json":{"title":"\"Pas\u00f3, pero nunca lo vi\" inaugura con \u00e9xito en Jardines de M\u00e9xico &#171; Reconoce MX","robots":{"index":"index","follow":"follow","max-snippet":"max-snippet:-1","max-image-preview":"max-image-preview:large","max-video-preview":"max-video-preview:-1"},"canonical":"https:\/\/www.reconoce.mx\/?p=68998","og_locale":"es_ES","og_type":"article","og_title":"\"Pas\u00f3, pero nunca lo vi\" inaugura con \u00e9xito en Jardines de M\u00e9xico &#171; Reconoce MX","og_description":"El pasado 9 de diciembre, en un sitio espl\u00e9ndido como Jardines de M\u00e9xico, inaugur\u00f3 despu\u00e9s de meses de preparaci\u00f3n: \"Pas\u00f3, pero nunca lo vi\".","og_url":"https:\/\/www.reconoce.mx\/?p=68998","og_site_name":"Reconoce MX","article_publisher":"https:\/\/es-la.facebook.com\/ReconoceMX\/","article_published_time":"2017-12-20T06:05:42+00:00","article_modified_time":"2017-12-20T15:59:32+00:00","og_image":[{"width":590,"height":380,"url":"https:\/\/www.reconoce.mx\/wp-content\/uploads\/2017\/12\/paso-pero-nunca-lo-vi-cover.png","type":"image\/png"}],"author":"Reconoce MX","twitter_card":"summary_large_image","twitter_creator":"@reconocemx","twitter_site":"@reconocemx","twitter_misc":{"Escrito por":"Reconoce MX","Tiempo de lectura":"3 minutos"},"schema":{"@context":"https:\/\/schema.org","@graph":[{"@type":"Article","@id":"https:\/\/www.reconoce.mx\/?p=68998#article","isPartOf":{"@id":"https:\/\/www.reconoce.mx\/?p=68998"},"author":{"name":"Reconoce MX","@id":"https:\/\/www.reconoce.mx\/#\/schema\/person\/2117e997d7051dc15d6880eaf9bca0b2"},"headline":"\u00abPas\u00f3, pero nunca lo vi\u00bb inaugura con \u00e9xito en Jardines de M\u00e9xico","datePublished":"2017-12-20T06:05:42+00:00","dateModified":"2017-12-20T15:59:32+00:00","mainEntityOfPage":{"@id":"https:\/\/www.reconoce.mx\/?p=68998"},"wordCount":526,"commentCount":0,"publisher":{"@id":"https:\/\/www.reconoce.mx\/#organization"},"image":{"@id":"https:\/\/www.reconoce.mx\/?p=68998#primaryimage"},"thumbnailUrl":"https:\/\/www.reconoce.mx\/wp-content\/uploads\/2017\/12\/paso-pero-nunca-lo-vi-cover.png","articleSection":["Artes Visuales","Cultura","Principal"],"inLanguage":"es","potentialAction":[{"@type":"CommentAction","name":"Comment","target":["https:\/\/www.reconoce.mx\/?p=68998#respond"]}]},{"@type":"WebPage","@id":"https:\/\/www.reconoce.mx\/?p=68998","url":"https:\/\/www.reconoce.mx\/?p=68998","name":"\"Pas\u00f3, pero nunca lo vi\" inaugura con \u00e9xito en Jardines de M\u00e9xico &#171; Reconoce MX","isPartOf":{"@id":"https:\/\/www.reconoce.mx\/#website"},"primaryImageOfPage":{"@id":"https:\/\/www.reconoce.mx\/?p=68998#primaryimage"},"image":{"@id":"https:\/\/www.reconoce.mx\/?p=68998#primaryimage"},"thumbnailUrl":"https:\/\/www.reconoce.mx\/wp-content\/uploads\/2017\/12\/paso-pero-nunca-lo-vi-cover.png","datePublished":"2017-12-20T06:05:42+00:00","dateModified":"2017-12-20T15:59:32+00:00","breadcrumb":{"@id":"https:\/\/www.reconoce.mx\/?p=68998#breadcrumb"},"inLanguage":"es","potentialAction":[{"@type":"ReadAction","target":["https:\/\/www.reconoce.mx\/?p=68998"]}]},{"@type":"ImageObject","inLanguage":"es","@id":"https:\/\/www.reconoce.mx\/?p=68998#primaryimage","url":"https:\/\/www.reconoce.mx\/wp-content\/uploads\/2017\/12\/paso-pero-nunca-lo-vi-cover.png","contentUrl":"https:\/\/www.reconoce.mx\/wp-content\/uploads\/2017\/12\/paso-pero-nunca-lo-vi-cover.png","width":590,"height":380},{"@type":"BreadcrumbList","@id":"https:\/\/www.reconoce.mx\/?p=68998#breadcrumb","itemListElement":[{"@type":"ListItem","position":1,"name":"Portada","item":"https:\/\/www.reconoce.mx\/"},{"@type":"ListItem","position":2,"name":"\u00abPas\u00f3, pero nunca lo vi\u00bb inaugura con \u00e9xito en Jardines de M\u00e9xico"}]},{"@type":"WebSite","@id":"https:\/\/www.reconoce.mx\/#website","url":"https:\/\/www.reconoce.mx\/","name":"Reconoce MX","description":"En Reconoce MX difundimos arte, cultura y conciencia social en M\u00e9xico. Tu ciudad en otra perspectiva.","publisher":{"@id":"https:\/\/www.reconoce.mx\/#organization"},"potentialAction":[{"@type":"SearchAction","target":{"@type":"EntryPoint","urlTemplate":"https:\/\/www.reconoce.mx\/?s={search_term_string}"},"query-input":{"@type":"PropertyValueSpecification","valueRequired":true,"valueName":"search_term_string"}}],"inLanguage":"es"},{"@type":"Organization","@id":"https:\/\/www.reconoce.mx\/#organization","name":"Reconoce MX","url":"https:\/\/www.reconoce.mx\/","logo":{"@type":"ImageObject","inLanguage":"es","@id":"https:\/\/www.reconoce.mx\/#\/schema\/logo\/image\/","url":"https:\/\/www.reconoce.mx\/wp-content\/uploads\/2019\/03\/logorcmx-good-1.png","contentUrl":"https:\/\/www.reconoce.mx\/wp-content\/uploads\/2019\/03\/logorcmx-good-1.png","width":280,"height":90,"caption":"Reconoce MX"},"image":{"@id":"https:\/\/www.reconoce.mx\/#\/schema\/logo\/image\/"},"sameAs":["https:\/\/es-la.facebook.com\/ReconoceMX\/","https:\/\/x.com\/reconocemx","http:\/\/@reconocemx"]},{"@type":"Person","@id":"https:\/\/www.reconoce.mx\/#\/schema\/person\/2117e997d7051dc15d6880eaf9bca0b2","name":"Reconoce MX","image":{"@type":"ImageObject","inLanguage":"es","@id":"https:\/\/www.reconoce.mx\/#\/schema\/person\/image\/","url":"https:\/\/secure.gravatar.com\/avatar\/6c8d4dc7569ca1c90c5fdcc349f839d5ddef6fe1e70b4337ead2ef1a4c43fc3a?s=96&d=identicon&r=g","contentUrl":"https:\/\/secure.gravatar.com\/avatar\/6c8d4dc7569ca1c90c5fdcc349f839d5ddef6fe1e70b4337ead2ef1a4c43fc3a?s=96&d=identicon&r=g","caption":"Reconoce MX"},"description":"Reconoce MX es un proyecto de difusi\u00f3n art\u00edstica, cultural y de conciencia social que est\u00e1 enfocado a difundir y fomentar el entretenimiento alternativo de calidad para todo el p\u00fablico que comparta el mismo entusiasmo.","sameAs":["http:\/\/www.reconoce.mx"],"url":"https:\/\/www.reconoce.mx\/?author=2"}]}},"_links":{"self":[{"href":"https:\/\/www.reconoce.mx\/index.php?rest_route=\/wp\/v2\/posts\/68998","targetHints":{"allow":["GET"]}}],"collection":[{"href":"https:\/\/www.reconoce.mx\/index.php?rest_route=\/wp\/v2\/posts"}],"about":[{"href":"https:\/\/www.reconoce.mx\/index.php?rest_route=\/wp\/v2\/types\/post"}],"author":[{"embeddable":true,"href":"https:\/\/www.reconoce.mx\/index.php?rest_route=\/wp\/v2\/users\/2"}],"replies":[{"embeddable":true,"href":"https:\/\/www.reconoce.mx\/index.php?rest_route=%2Fwp%2Fv2%2Fcomments&post=68998"}],"version-history":[{"count":6,"href":"https:\/\/www.reconoce.mx\/index.php?rest_route=\/wp\/v2\/posts\/68998\/revisions"}],"predecessor-version":[{"id":69011,"href":"https:\/\/www.reconoce.mx\/index.php?rest_route=\/wp\/v2\/posts\/68998\/revisions\/69011"}],"wp:featuredmedia":[{"embeddable":true,"href":"https:\/\/www.reconoce.mx\/index.php?rest_route=\/wp\/v2\/media\/69003"}],"wp:attachment":[{"href":"https:\/\/www.reconoce.mx\/index.php?rest_route=%2Fwp%2Fv2%2Fmedia&parent=68998"}],"wp:term":[{"taxonomy":"category","embeddable":true,"href":"https:\/\/www.reconoce.mx\/index.php?rest_route=%2Fwp%2Fv2%2Fcategories&post=68998"},{"taxonomy":"post_tag","embeddable":true,"href":"https:\/\/www.reconoce.mx\/index.php?rest_route=%2Fwp%2Fv2%2Ftags&post=68998"}],"curies":[{"name":"wp","href":"https:\/\/api.w.org\/{rel}","templated":true}]}}