{"id":69014,"date":"2017-12-20T00:06:38","date_gmt":"2017-12-20T06:06:38","guid":{"rendered":"http:\/\/www.reconoce.mx\/?p=69014"},"modified":"2017-12-21T15:47:11","modified_gmt":"2017-12-21T21:47:11","slug":"centro-de-estudios-universitarios-part-un-legado-de-32-anos-echado-por-la-borda","status":"publish","type":"post","link":"https:\/\/www.reconoce.mx\/?p=69014","title":{"rendered":"Centro de Estudios Universitarios PART: un legado de 32 a\u00f1os echado por la borda"},"content":{"rendered":"<p><strong>Por <a href=\"https:\/\/twitter.com\/mondragol10\" target=\"_blank\" rel=\"noopener\">Alberto Mondrag\u00f3n<\/a><\/strong>.<\/p>\n<p>Incertidumbre, desesperaci\u00f3n y rabia son los sentimientos que permearon en el <strong>Centro de Estudios Universitarios PART<\/strong>; algo contrastante a la hermandad y comunidad vivida semana a semana se pod\u00eda sentir en el predio que por 32 a\u00f1os alberg\u00f3 una de las mejores escuelas de periodismo del pa\u00eds, la cual abruptamente anunci\u00f3 el cierre de sus puertas, y con ello dej\u00f3 a alumnos y exalumnos con ese sentimiento a flor de piel.<\/p>\n<p>A lo largo del tiempo, y de acuerdo a egresados y estudiantes de otros cuatrimestres (sistema en que se manejaba el plan de estudios de la instituci\u00f3n), el rumor de que <strong>PART<\/strong> dejar\u00eda de existir era constante, por lo menos al final de cada periodo, sin embargo, la tarde del 19 de diciembre, el rumor se volvi\u00f3 una realidad cuando el representante de la instituci\u00f3n <strong>Octavio Aguilar<\/strong> anunci\u00f3 que el cierre de la escuela era definitivo.<\/p>\n<p>Cierre que inclu\u00eda un supuesto convenio con algunas otras universidades privadas para recibir a los estudiantes y que en ellas pudieran terminar la carrera, algo contradictorio puesto que el cambio de universidad incluye una metodolog\u00eda distinta a lo que <strong>PART<\/strong> implementaba, y adem\u00e1s presum\u00eda ser su sello: el ejercer el periodismo en la calle desde temprana edad, sin importar el cuatrimestre que estuvieras cursando en la carrera.<\/p>\n<p>El anuncio dej\u00f3 at\u00f3nitos a los presentes en el Auditorio Escolar. \u00bfC\u00f3mo era posible que una instituci\u00f3n formada por el reportero de guerra <strong>Guillermo P\u00e9rez Verduzco<\/strong> dejar\u00eda de existir?, nos preguntamos algunos. Los \u00e1nimos se caldearon y todo comenz\u00f3 a salirse de control, tanto en el lugar como en las calles, los estudiantes exig\u00edan la presencia de <strong>Rosario P\u00e9rez<\/strong>, actual due\u00f1a de la universidad, para que respondiera a los cuestionamientos que los periodistas y publicistas en formaci\u00f3n deseaban externar.<\/p>\n<p>Para los alumnos y exalumnos lo expresado por el contador caus\u00f3 malestar, indignaci\u00f3n, rabia y cualquier sentimiento que se conjugara con el enojo y la tristeza; emociones que detonaron una manifestaci\u00f3n que durante un lapso de una hora cerr\u00f3 Avenida de los Insurgentes. En dicha protesta hab\u00eda personas desde quien comenzaba el sue\u00f1o de ser periodista, hasta el que s\u00f3lo requer\u00eda un examen profesional para recibir el rango de ser licenciado en periodismo o publicidad.<\/p>\n<p>De acuerdo al testimonio de compa\u00f1eros y excompa\u00f1eros, la <strong>Secretar\u00eda de Educaci\u00f3n P\u00fablica<\/strong> (SEP) desconoce que la escuela que por varios a\u00f1os form\u00f3 a periodistas tan influyentes en el medio como <strong>Christian Martinoli<\/strong> o <strong>Santos Briz<\/strong>, vaya a cerrar, situaci\u00f3n que hace ver esta clausura como un acto ilegal y un completo ultraje, ya que el organismo necesita saber de la situaci\u00f3n con por lo menos seis meses de anticipaci\u00f3n para poder autorizarla.<\/p>\n<p>Hasta el momento las demandas contin\u00faan sin ser atendidas y la decisi\u00f3n por parte de la hija del <strong>\u00abToby\u00bb P\u00e9rez Verduzco<\/strong>, parece ser irreversible, sin importar el haber dejado a la deriva a estudiantes, al personal docente y administrativo, a alumnos que terminaron sus estudios y que por \u00abx\u00bb o \u00aby\u00bb circunstancia segu\u00edan realizando tr\u00e1mites escolares; egresados orgullosos de su alma m\u00e1ter, y sobre todo haber echado por la borda un legado de 32 a\u00f1os de prestigio que su padre inici\u00f3 al fundar el <strong>Centro de Estudios Universitarios de Periodismo y Arte en Radio y Televisi\u00f3n<\/strong>.<\/p>\n<p style=\"text-align: right;\">Foto de <a href=\"https:\/\/twitter.com\/JaimeAndradeMtz\" target=\"_blank\" rel=\"noopener\"><strong>Jaime Andrade<\/strong><\/a>.<\/p>\n<p>&nbsp;<\/p>\n<p>&nbsp;<\/p>\n","protected":false},"excerpt":{"rendered":"<p>Incertidumbre, desesperaci\u00f3n y rabia son los sentimientos que permearon en el Centro de Estudios Universitarios PART.<\/p>\n","protected":false},"author":2,"featured_media":69016,"comment_status":"open","ping_status":"open","sticky":false,"template":"","format":"standard","meta":{"footnotes":""},"categories":[3,17,125],"tags":[],"class_list":["post-69014","post","type-post","status-publish","format-standard","has-post-thumbnail","hentry","category-ciudad","category-principal","category-universitarios"],"yoast_head":"<!-- This site is optimized with the Yoast SEO plugin v24.7 - https:\/\/yoast.com\/wordpress\/plugins\/seo\/ -->\n<title>Centro de Estudios Universitarios PART: un legado de 32 a\u00f1os echado por la borda &#171; Reconoce MX<\/title>\n<meta name=\"robots\" content=\"index, follow, max-snippet:-1, max-image-preview:large, max-video-preview:-1\" \/>\n<link rel=\"canonical\" href=\"https:\/\/www.reconoce.mx\/?p=69014\" \/>\n<meta property=\"og:locale\" content=\"es_ES\" \/>\n<meta property=\"og:type\" content=\"article\" \/>\n<meta property=\"og:title\" content=\"Centro de Estudios Universitarios PART: un legado de 32 a\u00f1os echado por la borda &#171; Reconoce MX\" \/>\n<meta property=\"og:description\" content=\"Incertidumbre, desesperaci\u00f3n y rabia son los sentimientos que permearon en el Centro de Estudios Universitarios PART.\" \/>\n<meta property=\"og:url\" content=\"https:\/\/www.reconoce.mx\/?p=69014\" \/>\n<meta property=\"og:site_name\" content=\"Reconoce MX\" \/>\n<meta property=\"article:publisher\" content=\"https:\/\/es-la.facebook.com\/ReconoceMX\/\" \/>\n<meta property=\"article:published_time\" content=\"2017-12-20T06:06:38+00:00\" \/>\n<meta property=\"article:modified_time\" content=\"2017-12-21T21:47:11+00:00\" \/>\n<meta property=\"og:image\" content=\"https:\/\/www.reconoce.mx\/wp-content\/uploads\/2017\/12\/part-cierre.png\" \/>\n\t<meta property=\"og:image:width\" content=\"590\" \/>\n\t<meta property=\"og:image:height\" content=\"380\" \/>\n\t<meta property=\"og:image:type\" content=\"image\/png\" \/>\n<meta name=\"author\" content=\"Reconoce MX\" \/>\n<meta name=\"twitter:card\" content=\"summary_large_image\" \/>\n<meta name=\"twitter:creator\" content=\"@reconocemx\" \/>\n<meta name=\"twitter:site\" content=\"@reconocemx\" \/>\n<meta name=\"twitter:label1\" content=\"Escrito por\" \/>\n\t<meta name=\"twitter:data1\" content=\"Reconoce MX\" \/>\n\t<meta name=\"twitter:label2\" content=\"Tiempo de lectura\" \/>\n\t<meta name=\"twitter:data2\" content=\"3 minutos\" \/>\n<script type=\"application\/ld+json\" class=\"yoast-schema-graph\">{\"@context\":\"https:\/\/schema.org\",\"@graph\":[{\"@type\":\"Article\",\"@id\":\"https:\/\/www.reconoce.mx\/?p=69014#article\",\"isPartOf\":{\"@id\":\"https:\/\/www.reconoce.mx\/?p=69014\"},\"author\":{\"name\":\"Reconoce MX\",\"@id\":\"http:\/\/www.reconoce.mx\/#\/schema\/person\/2117e997d7051dc15d6880eaf9bca0b2\"},\"headline\":\"Centro de Estudios Universitarios PART: un legado de 32 a\u00f1os echado por la borda\",\"datePublished\":\"2017-12-20T06:06:38+00:00\",\"dateModified\":\"2017-12-21T21:47:11+00:00\",\"mainEntityOfPage\":{\"@id\":\"https:\/\/www.reconoce.mx\/?p=69014\"},\"wordCount\":601,\"commentCount\":0,\"publisher\":{\"@id\":\"http:\/\/www.reconoce.mx\/#organization\"},\"image\":{\"@id\":\"https:\/\/www.reconoce.mx\/?p=69014#primaryimage\"},\"thumbnailUrl\":\"https:\/\/www.reconoce.mx\/wp-content\/uploads\/2017\/12\/part-cierre.png\",\"articleSection\":[\"Ciudad\",\"Principal\",\"Universitarios\"],\"inLanguage\":\"es\",\"potentialAction\":[{\"@type\":\"CommentAction\",\"name\":\"Comment\",\"target\":[\"https:\/\/www.reconoce.mx\/?p=69014#respond\"]}]},{\"@type\":\"WebPage\",\"@id\":\"https:\/\/www.reconoce.mx\/?p=69014\",\"url\":\"https:\/\/www.reconoce.mx\/?p=69014\",\"name\":\"Centro de Estudios Universitarios PART: un legado de 32 a\u00f1os echado por la borda &#171; Reconoce MX\",\"isPartOf\":{\"@id\":\"http:\/\/www.reconoce.mx\/#website\"},\"primaryImageOfPage\":{\"@id\":\"https:\/\/www.reconoce.mx\/?p=69014#primaryimage\"},\"image\":{\"@id\":\"https:\/\/www.reconoce.mx\/?p=69014#primaryimage\"},\"thumbnailUrl\":\"https:\/\/www.reconoce.mx\/wp-content\/uploads\/2017\/12\/part-cierre.png\",\"datePublished\":\"2017-12-20T06:06:38+00:00\",\"dateModified\":\"2017-12-21T21:47:11+00:00\",\"breadcrumb\":{\"@id\":\"https:\/\/www.reconoce.mx\/?p=69014#breadcrumb\"},\"inLanguage\":\"es\",\"potentialAction\":[{\"@type\":\"ReadAction\",\"target\":[\"https:\/\/www.reconoce.mx\/?p=69014\"]}]},{\"@type\":\"ImageObject\",\"inLanguage\":\"es\",\"@id\":\"https:\/\/www.reconoce.mx\/?p=69014#primaryimage\",\"url\":\"https:\/\/www.reconoce.mx\/wp-content\/uploads\/2017\/12\/part-cierre.png\",\"contentUrl\":\"https:\/\/www.reconoce.mx\/wp-content\/uploads\/2017\/12\/part-cierre.png\",\"width\":590,\"height\":380},{\"@type\":\"BreadcrumbList\",\"@id\":\"https:\/\/www.reconoce.mx\/?p=69014#breadcrumb\",\"itemListElement\":[{\"@type\":\"ListItem\",\"position\":1,\"name\":\"Portada\",\"item\":\"http:\/\/www.reconoce.mx\/\"},{\"@type\":\"ListItem\",\"position\":2,\"name\":\"Centro de Estudios Universitarios PART: un legado de 32 a\u00f1os echado por la borda\"}]},{\"@type\":\"WebSite\",\"@id\":\"http:\/\/www.reconoce.mx\/#website\",\"url\":\"http:\/\/www.reconoce.mx\/\",\"name\":\"Reconoce MX\",\"description\":\"En Reconoce MX difundimos arte, cultura y conciencia social en M\u00e9xico. Tu ciudad en otra perspectiva.\",\"publisher\":{\"@id\":\"http:\/\/www.reconoce.mx\/#organization\"},\"potentialAction\":[{\"@type\":\"SearchAction\",\"target\":{\"@type\":\"EntryPoint\",\"urlTemplate\":\"http:\/\/www.reconoce.mx\/?s={search_term_string}\"},\"query-input\":{\"@type\":\"PropertyValueSpecification\",\"valueRequired\":true,\"valueName\":\"search_term_string\"}}],\"inLanguage\":\"es\"},{\"@type\":\"Organization\",\"@id\":\"http:\/\/www.reconoce.mx\/#organization\",\"name\":\"Reconoce MX\",\"url\":\"http:\/\/www.reconoce.mx\/\",\"logo\":{\"@type\":\"ImageObject\",\"inLanguage\":\"es\",\"@id\":\"http:\/\/www.reconoce.mx\/#\/schema\/logo\/image\/\",\"url\":\"https:\/\/www.reconoce.mx\/wp-content\/uploads\/2019\/03\/logorcmx-good-1.png\",\"contentUrl\":\"https:\/\/www.reconoce.mx\/wp-content\/uploads\/2019\/03\/logorcmx-good-1.png\",\"width\":280,\"height\":90,\"caption\":\"Reconoce MX\"},\"image\":{\"@id\":\"http:\/\/www.reconoce.mx\/#\/schema\/logo\/image\/\"},\"sameAs\":[\"https:\/\/es-la.facebook.com\/ReconoceMX\/\",\"https:\/\/x.com\/reconocemx\",\"http:\/\/@reconocemx\"]},{\"@type\":\"Person\",\"@id\":\"http:\/\/www.reconoce.mx\/#\/schema\/person\/2117e997d7051dc15d6880eaf9bca0b2\",\"name\":\"Reconoce MX\",\"image\":{\"@type\":\"ImageObject\",\"inLanguage\":\"es\",\"@id\":\"http:\/\/www.reconoce.mx\/#\/schema\/person\/image\/\",\"url\":\"https:\/\/secure.gravatar.com\/avatar\/6c8d4dc7569ca1c90c5fdcc349f839d5ddef6fe1e70b4337ead2ef1a4c43fc3a?s=96&d=identicon&r=g\",\"contentUrl\":\"https:\/\/secure.gravatar.com\/avatar\/6c8d4dc7569ca1c90c5fdcc349f839d5ddef6fe1e70b4337ead2ef1a4c43fc3a?s=96&d=identicon&r=g\",\"caption\":\"Reconoce MX\"},\"description\":\"Reconoce MX es un proyecto de difusi\u00f3n art\u00edstica, cultural y de conciencia social que est\u00e1 enfocado a difundir y fomentar el entretenimiento alternativo de calidad para todo el p\u00fablico que comparta el mismo entusiasmo.\",\"sameAs\":[\"http:\/\/www.reconoce.mx\"],\"url\":\"https:\/\/www.reconoce.mx\/?author=2\"}]}<\/script>\n<!-- \/ Yoast SEO plugin. -->","yoast_head_json":{"title":"Centro de Estudios Universitarios PART: un legado de 32 a\u00f1os echado por la borda &#171; Reconoce MX","robots":{"index":"index","follow":"follow","max-snippet":"max-snippet:-1","max-image-preview":"max-image-preview:large","max-video-preview":"max-video-preview:-1"},"canonical":"https:\/\/www.reconoce.mx\/?p=69014","og_locale":"es_ES","og_type":"article","og_title":"Centro de Estudios Universitarios PART: un legado de 32 a\u00f1os echado por la borda &#171; Reconoce MX","og_description":"Incertidumbre, desesperaci\u00f3n y rabia son los sentimientos que permearon en el Centro de Estudios Universitarios PART.","og_url":"https:\/\/www.reconoce.mx\/?p=69014","og_site_name":"Reconoce MX","article_publisher":"https:\/\/es-la.facebook.com\/ReconoceMX\/","article_published_time":"2017-12-20T06:06:38+00:00","article_modified_time":"2017-12-21T21:47:11+00:00","og_image":[{"width":590,"height":380,"url":"https:\/\/www.reconoce.mx\/wp-content\/uploads\/2017\/12\/part-cierre.png","type":"image\/png"}],"author":"Reconoce MX","twitter_card":"summary_large_image","twitter_creator":"@reconocemx","twitter_site":"@reconocemx","twitter_misc":{"Escrito por":"Reconoce MX","Tiempo de lectura":"3 minutos"},"schema":{"@context":"https:\/\/schema.org","@graph":[{"@type":"Article","@id":"https:\/\/www.reconoce.mx\/?p=69014#article","isPartOf":{"@id":"https:\/\/www.reconoce.mx\/?p=69014"},"author":{"name":"Reconoce MX","@id":"http:\/\/www.reconoce.mx\/#\/schema\/person\/2117e997d7051dc15d6880eaf9bca0b2"},"headline":"Centro de Estudios Universitarios PART: un legado de 32 a\u00f1os echado por la borda","datePublished":"2017-12-20T06:06:38+00:00","dateModified":"2017-12-21T21:47:11+00:00","mainEntityOfPage":{"@id":"https:\/\/www.reconoce.mx\/?p=69014"},"wordCount":601,"commentCount":0,"publisher":{"@id":"http:\/\/www.reconoce.mx\/#organization"},"image":{"@id":"https:\/\/www.reconoce.mx\/?p=69014#primaryimage"},"thumbnailUrl":"https:\/\/www.reconoce.mx\/wp-content\/uploads\/2017\/12\/part-cierre.png","articleSection":["Ciudad","Principal","Universitarios"],"inLanguage":"es","potentialAction":[{"@type":"CommentAction","name":"Comment","target":["https:\/\/www.reconoce.mx\/?p=69014#respond"]}]},{"@type":"WebPage","@id":"https:\/\/www.reconoce.mx\/?p=69014","url":"https:\/\/www.reconoce.mx\/?p=69014","name":"Centro de Estudios Universitarios PART: un legado de 32 a\u00f1os echado por la borda &#171; Reconoce MX","isPartOf":{"@id":"http:\/\/www.reconoce.mx\/#website"},"primaryImageOfPage":{"@id":"https:\/\/www.reconoce.mx\/?p=69014#primaryimage"},"image":{"@id":"https:\/\/www.reconoce.mx\/?p=69014#primaryimage"},"thumbnailUrl":"https:\/\/www.reconoce.mx\/wp-content\/uploads\/2017\/12\/part-cierre.png","datePublished":"2017-12-20T06:06:38+00:00","dateModified":"2017-12-21T21:47:11+00:00","breadcrumb":{"@id":"https:\/\/www.reconoce.mx\/?p=69014#breadcrumb"},"inLanguage":"es","potentialAction":[{"@type":"ReadAction","target":["https:\/\/www.reconoce.mx\/?p=69014"]}]},{"@type":"ImageObject","inLanguage":"es","@id":"https:\/\/www.reconoce.mx\/?p=69014#primaryimage","url":"https:\/\/www.reconoce.mx\/wp-content\/uploads\/2017\/12\/part-cierre.png","contentUrl":"https:\/\/www.reconoce.mx\/wp-content\/uploads\/2017\/12\/part-cierre.png","width":590,"height":380},{"@type":"BreadcrumbList","@id":"https:\/\/www.reconoce.mx\/?p=69014#breadcrumb","itemListElement":[{"@type":"ListItem","position":1,"name":"Portada","item":"http:\/\/www.reconoce.mx\/"},{"@type":"ListItem","position":2,"name":"Centro de Estudios Universitarios PART: un legado de 32 a\u00f1os echado por la borda"}]},{"@type":"WebSite","@id":"http:\/\/www.reconoce.mx\/#website","url":"http:\/\/www.reconoce.mx\/","name":"Reconoce MX","description":"En Reconoce MX difundimos arte, cultura y conciencia social en M\u00e9xico. Tu ciudad en otra perspectiva.","publisher":{"@id":"http:\/\/www.reconoce.mx\/#organization"},"potentialAction":[{"@type":"SearchAction","target":{"@type":"EntryPoint","urlTemplate":"http:\/\/www.reconoce.mx\/?s={search_term_string}"},"query-input":{"@type":"PropertyValueSpecification","valueRequired":true,"valueName":"search_term_string"}}],"inLanguage":"es"},{"@type":"Organization","@id":"http:\/\/www.reconoce.mx\/#organization","name":"Reconoce MX","url":"http:\/\/www.reconoce.mx\/","logo":{"@type":"ImageObject","inLanguage":"es","@id":"http:\/\/www.reconoce.mx\/#\/schema\/logo\/image\/","url":"https:\/\/www.reconoce.mx\/wp-content\/uploads\/2019\/03\/logorcmx-good-1.png","contentUrl":"https:\/\/www.reconoce.mx\/wp-content\/uploads\/2019\/03\/logorcmx-good-1.png","width":280,"height":90,"caption":"Reconoce MX"},"image":{"@id":"http:\/\/www.reconoce.mx\/#\/schema\/logo\/image\/"},"sameAs":["https:\/\/es-la.facebook.com\/ReconoceMX\/","https:\/\/x.com\/reconocemx","http:\/\/@reconocemx"]},{"@type":"Person","@id":"http:\/\/www.reconoce.mx\/#\/schema\/person\/2117e997d7051dc15d6880eaf9bca0b2","name":"Reconoce MX","image":{"@type":"ImageObject","inLanguage":"es","@id":"http:\/\/www.reconoce.mx\/#\/schema\/person\/image\/","url":"https:\/\/secure.gravatar.com\/avatar\/6c8d4dc7569ca1c90c5fdcc349f839d5ddef6fe1e70b4337ead2ef1a4c43fc3a?s=96&d=identicon&r=g","contentUrl":"https:\/\/secure.gravatar.com\/avatar\/6c8d4dc7569ca1c90c5fdcc349f839d5ddef6fe1e70b4337ead2ef1a4c43fc3a?s=96&d=identicon&r=g","caption":"Reconoce MX"},"description":"Reconoce MX es un proyecto de difusi\u00f3n art\u00edstica, cultural y de conciencia social que est\u00e1 enfocado a difundir y fomentar el entretenimiento alternativo de calidad para todo el p\u00fablico que comparta el mismo entusiasmo.","sameAs":["http:\/\/www.reconoce.mx"],"url":"https:\/\/www.reconoce.mx\/?author=2"}]}},"_links":{"self":[{"href":"https:\/\/www.reconoce.mx\/index.php?rest_route=\/wp\/v2\/posts\/69014","targetHints":{"allow":["GET"]}}],"collection":[{"href":"https:\/\/www.reconoce.mx\/index.php?rest_route=\/wp\/v2\/posts"}],"about":[{"href":"https:\/\/www.reconoce.mx\/index.php?rest_route=\/wp\/v2\/types\/post"}],"author":[{"embeddable":true,"href":"https:\/\/www.reconoce.mx\/index.php?rest_route=\/wp\/v2\/users\/2"}],"replies":[{"embeddable":true,"href":"https:\/\/www.reconoce.mx\/index.php?rest_route=%2Fwp%2Fv2%2Fcomments&post=69014"}],"version-history":[{"count":7,"href":"https:\/\/www.reconoce.mx\/index.php?rest_route=\/wp\/v2\/posts\/69014\/revisions"}],"predecessor-version":[{"id":69056,"href":"https:\/\/www.reconoce.mx\/index.php?rest_route=\/wp\/v2\/posts\/69014\/revisions\/69056"}],"wp:featuredmedia":[{"embeddable":true,"href":"https:\/\/www.reconoce.mx\/index.php?rest_route=\/wp\/v2\/media\/69016"}],"wp:attachment":[{"href":"https:\/\/www.reconoce.mx\/index.php?rest_route=%2Fwp%2Fv2%2Fmedia&parent=69014"}],"wp:term":[{"taxonomy":"category","embeddable":true,"href":"https:\/\/www.reconoce.mx\/index.php?rest_route=%2Fwp%2Fv2%2Fcategories&post=69014"},{"taxonomy":"post_tag","embeddable":true,"href":"https:\/\/www.reconoce.mx\/index.php?rest_route=%2Fwp%2Fv2%2Ftags&post=69014"}],"curies":[{"name":"wp","href":"https:\/\/api.w.org\/{rel}","templated":true}]}}