{"id":69250,"date":"2017-12-27T00:03:22","date_gmt":"2017-12-27T06:03:22","guid":{"rendered":"http:\/\/www.reconoce.mx\/?p=69250"},"modified":"2017-12-27T00:18:03","modified_gmt":"2017-12-27T06:18:03","slug":"la-musica-gano","status":"publish","type":"post","link":"https:\/\/www.reconoce.mx\/?p=69250","title":{"rendered":"La m\u00fasica gan\u00f3"},"content":{"rendered":"<p><a href=\"http:\/\/www.reconoce.mx\/category\/columnistas\/\"><img loading=\"lazy\" decoding=\"async\" class=\"aligncenter size-full wp-image-40651\" src=\"http:\/\/www.reconoce.mx\/wp-content\/uploads\/2015\/09\/ColumnistaRCMX.png\" alt=\"Columnistainvitado\" width=\"570\" height=\"70\" \/><\/a><\/p>\n<p><strong>Por <a href=\"https:\/\/twitter.com\/MoreMoreMor3\" target=\"_blank\" rel=\"noopener noreferrer\">Morelia Mart\u00ednez Rodr\u00edguez<\/a>.<\/strong><\/p>\n<p>Definitivamente la m\u00fasica gan\u00f3 en mi a\u00f1o con la creaci\u00f3n de la gira <strong>Circuito Indio<\/strong> del festival <strong>Vive Latino<\/strong>, la cual dur\u00f3 siete meses, los cuales si bien fueron un disfrute y aprendizaje, resultaron tambi\u00e9n totalmente agotadores.<\/p>\n<p>M\u00e1s de 80 bandas tocaron en la capital michoacana con esta gira, que por cuestiones laborales no pude acudir a cubrirlas todas, sin embargo s\u00ed puede disfrutar de muchas, tanto bandas favoritas y nost\u00e1lgicas, como nuevas y frescas propuestas nacionales, locales e internacionales.<\/p>\n<p>El primer concierto que cubr\u00ed no solo fue a una banda a la que le tengo gran cari\u00f1o, sino que me acerc\u00f3 a <span style=\"color: #a81f25;\"><strong>Reconoce MX<\/strong><\/span> para crear una relaci\u00f3n aunque a larga distancia, cari\u00f1osa y fraternal: <a href=\"http:\/\/www.reconoce.mx\/rcmxenmorelia-circuitoindio-apoyo-a-bandas-locales\/\" target=\"_blank\" rel=\"noopener\"><strong>Jumbo<\/strong> toc\u00f3 el 11 de mayo<\/a>, y esa noche tom\u00e9 una de mis fotograf\u00edas favoritas y con la que se iniciaron estas colaboraciones.<\/p>\n<p><a href=\"http:\/\/www.reconoce.mx\/wp-content\/uploads\/2017\/12\/Clemente-Castillo-de-Jumbo.jpg\"><img loading=\"lazy\" decoding=\"async\" class=\"aligncenter size-full wp-image-69251\" src=\"http:\/\/www.reconoce.mx\/wp-content\/uploads\/2017\/12\/Clemente-Castillo-de-Jumbo.jpg\" alt=\"\" width=\"590\" height=\"380\" srcset=\"https:\/\/www.reconoce.mx\/wp-content\/uploads\/2017\/12\/Clemente-Castillo-de-Jumbo.jpg 590w, https:\/\/www.reconoce.mx\/wp-content\/uploads\/2017\/12\/Clemente-Castillo-de-Jumbo-300x193.jpg 300w, https:\/\/www.reconoce.mx\/wp-content\/uploads\/2017\/12\/Clemente-Castillo-de-Jumbo-150x97.jpg 150w\" sizes=\"auto, (max-width: 590px) 100vw, 590px\" \/><\/a><\/p>\n<p><strong>Costera<\/strong>, <strong>Golden Ganga<\/strong>, <strong>Candy<\/strong>, <strong>Belafonte Sensacional<\/strong>, <strong>Les Deuxluxes<\/strong>, <strong>Blackvoid<\/strong>, <strong>Madame R\u00e9camier<\/strong> y <strong>Elis Paprika<\/strong>, fueron las nuevas propuestas que escuch\u00e9, y que tambi\u00e9n significaron mucho para m\u00ed.<\/p>\n<p>El cari\u00f1o de los fans a <strong>Costera<\/strong>, el amor de <strong>Golden Ganga<\/strong>, la fuerza de <strong>Candy<\/strong>, las letras y la justicia de <strong>Belafonte<\/strong>, el rock &amp; roll de <strong>Les Deuxluxes<\/strong>, la historia con <strong>Blackvoid<\/strong>, el carisma de <strong>Madame<\/strong>, el altruismo y la sencillez de <strong>Elis<\/strong>.<\/p>\n<p>En particular con <strong>Elis Paprika<\/strong> fue una experiencia incre\u00edble; pude entrevistarla v\u00eda telef\u00f3nica, adem\u00e1s de platicar con ella en lo personal acerca de su trabajo con <strong>Now Girls Rule!<\/strong>, ayudando a peque\u00f1os y adolescentes a encontrar su camino a trav\u00e9s de las artes y hacer de su mundo un lugar mejor. Destaco la sencillez de la artista en general, no solamente con la prensa, sino con todos su fans, eso demuestra la calidad y calidez de su persona.<\/p>\n<p>Por otra parte mi concierto favorito sin lugar a dudas, fue el de los uruguayos de <strong>No Te Va Gustar<\/strong>, por las letras de sus canciones, por su presentaci\u00f3n, por la simpat\u00eda de los integrantes y de todo su equipo de trabajo, desde el ingeniero de sonido, hasta su manager. Ocurr\u00edan muchas emociones en mi vida esa noche. Dos d\u00edas despu\u00e9s, la muerte de un familiar, y fue entonces que ese concierto y esa banda me cambiaron la vida, as\u00ed como mi vida cambi\u00f3 por completo.<\/p>\n<p>La ciudad de Morelia donde resido, cada vez es m\u00e1s hermosa y cada vez m\u00e1s cultural, ya que en todo momento hay eventos culturales, como los ya conocidos y renombrados festivales internacionales de cine y de m\u00fasica, as\u00ed como los que se realizan de manera institucional; existen tambi\u00e9n los independientes, porque si bien en la capital del estado se encuentra la primera escuela de m\u00fasica de Am\u00e9rica Latina con <strong>El Conservatorio de Las Rosas<\/strong>, la m\u00fasica se escucha en toda la ciudad, tanto en bares, como en festivales y en la calle, en todo momento y cada hora.<\/p>\n<p>Los m\u00fasicos independientes, como en todos los lugares de nuestro pa\u00eds, existen, de calidad y con infinitas ganas de salir adelante, sin embargo lamentablemente a\u00fan no hay la suficiente cultura del respeto ni del apoyo, pero poco a poco se va saliendo del hoyo con personas a los que les apasionan las artes.<\/p>\n<p>Aunque mis actuales trabajos se basan en la cuesti\u00f3n informativa m\u00e1s en los temas de pol\u00edtica y policiaca, el <strong>Circuito Indio<\/strong> y <strong><span style=\"color: #a81f25;\">Reconoce MX<\/span><\/strong> me trajeron de vuelta a lo que me apasiona y me ha salvado la vida: la m\u00fasica, que nunca ha faltado, y que siempre ganar\u00e1.<\/p>\n<blockquote><p><a href=\"http:\/\/www.reconoce.mx\/wp-content\/uploads\/2017\/05\/Morelia-Martinez-Rodriguez-e1495853274361.jpg\" rel=\"lightbox[64303]\"><img loading=\"lazy\" decoding=\"async\" class=\"alignleft size-thumbnail wp-image-39872\" src=\"http:\/\/www.reconoce.mx\/wp-content\/uploads\/2017\/05\/Morelia-Martinez-Rodriguez-e1495853274361.jpg\" alt=\"IMG_5743\" width=\"150\" height=\"150\" \/><\/a><strong>Morelia Mart\u00ednez Rodr\u00edguez<\/strong>. Me llamo como la ciudad donde vivo y resido, pero no nac\u00ed aqu\u00ed. Enamorada de la capital michoacana. Soy una devota de la m\u00fasica, todo gira en torno a ella. Escucho a Depeche Mode, Draco Rosa, The Beatles, Joaqu\u00edn Sabina, Blur, el rock cl\u00e1sico y a Los Panchos principalmente; pero siempre abierta a las nuevas propuestas. Amo a mi familia y a mi perrito Mou de 12 a\u00f1os que siempre me acompa\u00f1a en la traves\u00eda. Disfruto mucho de las pel\u00edculas y documentales de m\u00fasica. Trato de acudir a todos los conciertos que pueda, es lo mejor que puede existir.<\/p><\/blockquote>\n<p>&nbsp;<\/p>\n<p>&nbsp;<\/p>\n","protected":false},"excerpt":{"rendered":"<p>Definitivamente la m\u00fasica gan\u00f3 en mi a\u00f1o con la creaci\u00f3n de la gira Circuito Indio del festival Vive Latino, la cual dur\u00f3 siete meses, los cuales si bien fueron un disfrute y aprendizaje, resultaron tambi\u00e9n totalmente agotadores.<\/p>\n","protected":false},"author":2,"featured_media":69252,"comment_status":"open","ping_status":"open","sticky":false,"template":"","format":"standard","meta":{"footnotes":""},"categories":[2657,16,2658,17],"tags":[],"class_list":["post-69250","post","type-post","status-publish","format-standard","has-post-thumbnail","hentry","category-rcmxen","category-columnistas","category-morelia","category-principal"],"yoast_head":"<!-- This site is optimized with the Yoast SEO plugin v24.7 - https:\/\/yoast.com\/wordpress\/plugins\/seo\/ -->\n<title>La m\u00fasica gan\u00f3 &#171; Reconoce MX<\/title>\n<meta name=\"robots\" content=\"index, follow, max-snippet:-1, max-image-preview:large, max-video-preview:-1\" \/>\n<link rel=\"canonical\" href=\"https:\/\/www.reconoce.mx\/?p=69250\" \/>\n<meta property=\"og:locale\" content=\"es_ES\" \/>\n<meta property=\"og:type\" content=\"article\" \/>\n<meta property=\"og:title\" content=\"La m\u00fasica gan\u00f3 &#171; Reconoce MX\" \/>\n<meta property=\"og:description\" content=\"Definitivamente la m\u00fasica gan\u00f3 en mi a\u00f1o con la creaci\u00f3n de la gira Circuito Indio del festival Vive Latino, la cual dur\u00f3 siete meses, los cuales si bien fueron un disfrute y aprendizaje, resultaron tambi\u00e9n totalmente agotadores.\" \/>\n<meta property=\"og:url\" content=\"https:\/\/www.reconoce.mx\/?p=69250\" \/>\n<meta property=\"og:site_name\" content=\"Reconoce MX\" \/>\n<meta property=\"article:publisher\" content=\"https:\/\/es-la.facebook.com\/ReconoceMX\/\" \/>\n<meta property=\"article:published_time\" content=\"2017-12-27T06:03:22+00:00\" \/>\n<meta property=\"article:modified_time\" content=\"2017-12-27T06:18:03+00:00\" \/>\n<meta property=\"og:image\" content=\"https:\/\/www.reconoce.mx\/wp-content\/uploads\/2017\/12\/Elis-Paprika-Morelia.jpg\" \/>\n\t<meta property=\"og:image:width\" content=\"590\" \/>\n\t<meta property=\"og:image:height\" content=\"380\" \/>\n\t<meta property=\"og:image:type\" content=\"image\/jpeg\" \/>\n<meta name=\"author\" content=\"Reconoce MX\" \/>\n<meta name=\"twitter:card\" content=\"summary_large_image\" \/>\n<meta name=\"twitter:creator\" content=\"@reconocemx\" \/>\n<meta name=\"twitter:site\" content=\"@reconocemx\" \/>\n<meta name=\"twitter:label1\" content=\"Escrito por\" \/>\n\t<meta name=\"twitter:data1\" content=\"Reconoce MX\" \/>\n\t<meta name=\"twitter:label2\" content=\"Tiempo de lectura\" \/>\n\t<meta name=\"twitter:data2\" content=\"4 minutos\" \/>\n<script type=\"application\/ld+json\" class=\"yoast-schema-graph\">{\"@context\":\"https:\/\/schema.org\",\"@graph\":[{\"@type\":\"Article\",\"@id\":\"https:\/\/www.reconoce.mx\/?p=69250#article\",\"isPartOf\":{\"@id\":\"https:\/\/www.reconoce.mx\/?p=69250\"},\"author\":{\"name\":\"Reconoce MX\",\"@id\":\"http:\/\/www.reconoce.mx\/#\/schema\/person\/2117e997d7051dc15d6880eaf9bca0b2\"},\"headline\":\"La m\u00fasica gan\u00f3\",\"datePublished\":\"2017-12-27T06:03:22+00:00\",\"dateModified\":\"2017-12-27T06:18:03+00:00\",\"mainEntityOfPage\":{\"@id\":\"https:\/\/www.reconoce.mx\/?p=69250\"},\"wordCount\":734,\"commentCount\":0,\"publisher\":{\"@id\":\"http:\/\/www.reconoce.mx\/#organization\"},\"image\":{\"@id\":\"https:\/\/www.reconoce.mx\/?p=69250#primaryimage\"},\"thumbnailUrl\":\"https:\/\/www.reconoce.mx\/wp-content\/uploads\/2017\/12\/Elis-Paprika-Morelia.jpg\",\"articleSection\":[\"#RCMXen\",\"Columnistas\",\"Morelia\",\"Principal\"],\"inLanguage\":\"es\",\"potentialAction\":[{\"@type\":\"CommentAction\",\"name\":\"Comment\",\"target\":[\"https:\/\/www.reconoce.mx\/?p=69250#respond\"]}]},{\"@type\":\"WebPage\",\"@id\":\"https:\/\/www.reconoce.mx\/?p=69250\",\"url\":\"https:\/\/www.reconoce.mx\/?p=69250\",\"name\":\"La m\u00fasica gan\u00f3 &#171; Reconoce MX\",\"isPartOf\":{\"@id\":\"http:\/\/www.reconoce.mx\/#website\"},\"primaryImageOfPage\":{\"@id\":\"https:\/\/www.reconoce.mx\/?p=69250#primaryimage\"},\"image\":{\"@id\":\"https:\/\/www.reconoce.mx\/?p=69250#primaryimage\"},\"thumbnailUrl\":\"https:\/\/www.reconoce.mx\/wp-content\/uploads\/2017\/12\/Elis-Paprika-Morelia.jpg\",\"datePublished\":\"2017-12-27T06:03:22+00:00\",\"dateModified\":\"2017-12-27T06:18:03+00:00\",\"breadcrumb\":{\"@id\":\"https:\/\/www.reconoce.mx\/?p=69250#breadcrumb\"},\"inLanguage\":\"es\",\"potentialAction\":[{\"@type\":\"ReadAction\",\"target\":[\"https:\/\/www.reconoce.mx\/?p=69250\"]}]},{\"@type\":\"ImageObject\",\"inLanguage\":\"es\",\"@id\":\"https:\/\/www.reconoce.mx\/?p=69250#primaryimage\",\"url\":\"https:\/\/www.reconoce.mx\/wp-content\/uploads\/2017\/12\/Elis-Paprika-Morelia.jpg\",\"contentUrl\":\"https:\/\/www.reconoce.mx\/wp-content\/uploads\/2017\/12\/Elis-Paprika-Morelia.jpg\",\"width\":590,\"height\":380},{\"@type\":\"BreadcrumbList\",\"@id\":\"https:\/\/www.reconoce.mx\/?p=69250#breadcrumb\",\"itemListElement\":[{\"@type\":\"ListItem\",\"position\":1,\"name\":\"Portada\",\"item\":\"http:\/\/www.reconoce.mx\/\"},{\"@type\":\"ListItem\",\"position\":2,\"name\":\"La m\u00fasica gan\u00f3\"}]},{\"@type\":\"WebSite\",\"@id\":\"http:\/\/www.reconoce.mx\/#website\",\"url\":\"http:\/\/www.reconoce.mx\/\",\"name\":\"Reconoce MX\",\"description\":\"En Reconoce MX difundimos arte, cultura y conciencia social en M\u00e9xico. Tu ciudad en otra perspectiva.\",\"publisher\":{\"@id\":\"http:\/\/www.reconoce.mx\/#organization\"},\"potentialAction\":[{\"@type\":\"SearchAction\",\"target\":{\"@type\":\"EntryPoint\",\"urlTemplate\":\"http:\/\/www.reconoce.mx\/?s={search_term_string}\"},\"query-input\":{\"@type\":\"PropertyValueSpecification\",\"valueRequired\":true,\"valueName\":\"search_term_string\"}}],\"inLanguage\":\"es\"},{\"@type\":\"Organization\",\"@id\":\"http:\/\/www.reconoce.mx\/#organization\",\"name\":\"Reconoce MX\",\"url\":\"http:\/\/www.reconoce.mx\/\",\"logo\":{\"@type\":\"ImageObject\",\"inLanguage\":\"es\",\"@id\":\"http:\/\/www.reconoce.mx\/#\/schema\/logo\/image\/\",\"url\":\"https:\/\/www.reconoce.mx\/wp-content\/uploads\/2019\/03\/logorcmx-good-1.png\",\"contentUrl\":\"https:\/\/www.reconoce.mx\/wp-content\/uploads\/2019\/03\/logorcmx-good-1.png\",\"width\":280,\"height\":90,\"caption\":\"Reconoce MX\"},\"image\":{\"@id\":\"http:\/\/www.reconoce.mx\/#\/schema\/logo\/image\/\"},\"sameAs\":[\"https:\/\/es-la.facebook.com\/ReconoceMX\/\",\"https:\/\/x.com\/reconocemx\",\"http:\/\/@reconocemx\"]},{\"@type\":\"Person\",\"@id\":\"http:\/\/www.reconoce.mx\/#\/schema\/person\/2117e997d7051dc15d6880eaf9bca0b2\",\"name\":\"Reconoce MX\",\"image\":{\"@type\":\"ImageObject\",\"inLanguage\":\"es\",\"@id\":\"http:\/\/www.reconoce.mx\/#\/schema\/person\/image\/\",\"url\":\"https:\/\/secure.gravatar.com\/avatar\/6c8d4dc7569ca1c90c5fdcc349f839d5ddef6fe1e70b4337ead2ef1a4c43fc3a?s=96&d=identicon&r=g\",\"contentUrl\":\"https:\/\/secure.gravatar.com\/avatar\/6c8d4dc7569ca1c90c5fdcc349f839d5ddef6fe1e70b4337ead2ef1a4c43fc3a?s=96&d=identicon&r=g\",\"caption\":\"Reconoce MX\"},\"description\":\"Reconoce MX es un proyecto de difusi\u00f3n art\u00edstica, cultural y de conciencia social que est\u00e1 enfocado a difundir y fomentar el entretenimiento alternativo de calidad para todo el p\u00fablico que comparta el mismo entusiasmo.\",\"sameAs\":[\"http:\/\/www.reconoce.mx\"],\"url\":\"https:\/\/www.reconoce.mx\/?author=2\"}]}<\/script>\n<!-- \/ Yoast SEO plugin. -->","yoast_head_json":{"title":"La m\u00fasica gan\u00f3 &#171; Reconoce MX","robots":{"index":"index","follow":"follow","max-snippet":"max-snippet:-1","max-image-preview":"max-image-preview:large","max-video-preview":"max-video-preview:-1"},"canonical":"https:\/\/www.reconoce.mx\/?p=69250","og_locale":"es_ES","og_type":"article","og_title":"La m\u00fasica gan\u00f3 &#171; Reconoce MX","og_description":"Definitivamente la m\u00fasica gan\u00f3 en mi a\u00f1o con la creaci\u00f3n de la gira Circuito Indio del festival Vive Latino, la cual dur\u00f3 siete meses, los cuales si bien fueron un disfrute y aprendizaje, resultaron tambi\u00e9n totalmente agotadores.","og_url":"https:\/\/www.reconoce.mx\/?p=69250","og_site_name":"Reconoce MX","article_publisher":"https:\/\/es-la.facebook.com\/ReconoceMX\/","article_published_time":"2017-12-27T06:03:22+00:00","article_modified_time":"2017-12-27T06:18:03+00:00","og_image":[{"width":590,"height":380,"url":"https:\/\/www.reconoce.mx\/wp-content\/uploads\/2017\/12\/Elis-Paprika-Morelia.jpg","type":"image\/jpeg"}],"author":"Reconoce MX","twitter_card":"summary_large_image","twitter_creator":"@reconocemx","twitter_site":"@reconocemx","twitter_misc":{"Escrito por":"Reconoce MX","Tiempo de lectura":"4 minutos"},"schema":{"@context":"https:\/\/schema.org","@graph":[{"@type":"Article","@id":"https:\/\/www.reconoce.mx\/?p=69250#article","isPartOf":{"@id":"https:\/\/www.reconoce.mx\/?p=69250"},"author":{"name":"Reconoce MX","@id":"http:\/\/www.reconoce.mx\/#\/schema\/person\/2117e997d7051dc15d6880eaf9bca0b2"},"headline":"La m\u00fasica gan\u00f3","datePublished":"2017-12-27T06:03:22+00:00","dateModified":"2017-12-27T06:18:03+00:00","mainEntityOfPage":{"@id":"https:\/\/www.reconoce.mx\/?p=69250"},"wordCount":734,"commentCount":0,"publisher":{"@id":"http:\/\/www.reconoce.mx\/#organization"},"image":{"@id":"https:\/\/www.reconoce.mx\/?p=69250#primaryimage"},"thumbnailUrl":"https:\/\/www.reconoce.mx\/wp-content\/uploads\/2017\/12\/Elis-Paprika-Morelia.jpg","articleSection":["#RCMXen","Columnistas","Morelia","Principal"],"inLanguage":"es","potentialAction":[{"@type":"CommentAction","name":"Comment","target":["https:\/\/www.reconoce.mx\/?p=69250#respond"]}]},{"@type":"WebPage","@id":"https:\/\/www.reconoce.mx\/?p=69250","url":"https:\/\/www.reconoce.mx\/?p=69250","name":"La m\u00fasica gan\u00f3 &#171; Reconoce MX","isPartOf":{"@id":"http:\/\/www.reconoce.mx\/#website"},"primaryImageOfPage":{"@id":"https:\/\/www.reconoce.mx\/?p=69250#primaryimage"},"image":{"@id":"https:\/\/www.reconoce.mx\/?p=69250#primaryimage"},"thumbnailUrl":"https:\/\/www.reconoce.mx\/wp-content\/uploads\/2017\/12\/Elis-Paprika-Morelia.jpg","datePublished":"2017-12-27T06:03:22+00:00","dateModified":"2017-12-27T06:18:03+00:00","breadcrumb":{"@id":"https:\/\/www.reconoce.mx\/?p=69250#breadcrumb"},"inLanguage":"es","potentialAction":[{"@type":"ReadAction","target":["https:\/\/www.reconoce.mx\/?p=69250"]}]},{"@type":"ImageObject","inLanguage":"es","@id":"https:\/\/www.reconoce.mx\/?p=69250#primaryimage","url":"https:\/\/www.reconoce.mx\/wp-content\/uploads\/2017\/12\/Elis-Paprika-Morelia.jpg","contentUrl":"https:\/\/www.reconoce.mx\/wp-content\/uploads\/2017\/12\/Elis-Paprika-Morelia.jpg","width":590,"height":380},{"@type":"BreadcrumbList","@id":"https:\/\/www.reconoce.mx\/?p=69250#breadcrumb","itemListElement":[{"@type":"ListItem","position":1,"name":"Portada","item":"http:\/\/www.reconoce.mx\/"},{"@type":"ListItem","position":2,"name":"La m\u00fasica gan\u00f3"}]},{"@type":"WebSite","@id":"http:\/\/www.reconoce.mx\/#website","url":"http:\/\/www.reconoce.mx\/","name":"Reconoce MX","description":"En Reconoce MX difundimos arte, cultura y conciencia social en M\u00e9xico. Tu ciudad en otra perspectiva.","publisher":{"@id":"http:\/\/www.reconoce.mx\/#organization"},"potentialAction":[{"@type":"SearchAction","target":{"@type":"EntryPoint","urlTemplate":"http:\/\/www.reconoce.mx\/?s={search_term_string}"},"query-input":{"@type":"PropertyValueSpecification","valueRequired":true,"valueName":"search_term_string"}}],"inLanguage":"es"},{"@type":"Organization","@id":"http:\/\/www.reconoce.mx\/#organization","name":"Reconoce MX","url":"http:\/\/www.reconoce.mx\/","logo":{"@type":"ImageObject","inLanguage":"es","@id":"http:\/\/www.reconoce.mx\/#\/schema\/logo\/image\/","url":"https:\/\/www.reconoce.mx\/wp-content\/uploads\/2019\/03\/logorcmx-good-1.png","contentUrl":"https:\/\/www.reconoce.mx\/wp-content\/uploads\/2019\/03\/logorcmx-good-1.png","width":280,"height":90,"caption":"Reconoce MX"},"image":{"@id":"http:\/\/www.reconoce.mx\/#\/schema\/logo\/image\/"},"sameAs":["https:\/\/es-la.facebook.com\/ReconoceMX\/","https:\/\/x.com\/reconocemx","http:\/\/@reconocemx"]},{"@type":"Person","@id":"http:\/\/www.reconoce.mx\/#\/schema\/person\/2117e997d7051dc15d6880eaf9bca0b2","name":"Reconoce MX","image":{"@type":"ImageObject","inLanguage":"es","@id":"http:\/\/www.reconoce.mx\/#\/schema\/person\/image\/","url":"https:\/\/secure.gravatar.com\/avatar\/6c8d4dc7569ca1c90c5fdcc349f839d5ddef6fe1e70b4337ead2ef1a4c43fc3a?s=96&d=identicon&r=g","contentUrl":"https:\/\/secure.gravatar.com\/avatar\/6c8d4dc7569ca1c90c5fdcc349f839d5ddef6fe1e70b4337ead2ef1a4c43fc3a?s=96&d=identicon&r=g","caption":"Reconoce MX"},"description":"Reconoce MX es un proyecto de difusi\u00f3n art\u00edstica, cultural y de conciencia social que est\u00e1 enfocado a difundir y fomentar el entretenimiento alternativo de calidad para todo el p\u00fablico que comparta el mismo entusiasmo.","sameAs":["http:\/\/www.reconoce.mx"],"url":"https:\/\/www.reconoce.mx\/?author=2"}]}},"_links":{"self":[{"href":"https:\/\/www.reconoce.mx\/index.php?rest_route=\/wp\/v2\/posts\/69250","targetHints":{"allow":["GET"]}}],"collection":[{"href":"https:\/\/www.reconoce.mx\/index.php?rest_route=\/wp\/v2\/posts"}],"about":[{"href":"https:\/\/www.reconoce.mx\/index.php?rest_route=\/wp\/v2\/types\/post"}],"author":[{"embeddable":true,"href":"https:\/\/www.reconoce.mx\/index.php?rest_route=\/wp\/v2\/users\/2"}],"replies":[{"embeddable":true,"href":"https:\/\/www.reconoce.mx\/index.php?rest_route=%2Fwp%2Fv2%2Fcomments&post=69250"}],"version-history":[{"count":1,"href":"https:\/\/www.reconoce.mx\/index.php?rest_route=\/wp\/v2\/posts\/69250\/revisions"}],"predecessor-version":[{"id":69253,"href":"https:\/\/www.reconoce.mx\/index.php?rest_route=\/wp\/v2\/posts\/69250\/revisions\/69253"}],"wp:featuredmedia":[{"embeddable":true,"href":"https:\/\/www.reconoce.mx\/index.php?rest_route=\/wp\/v2\/media\/69252"}],"wp:attachment":[{"href":"https:\/\/www.reconoce.mx\/index.php?rest_route=%2Fwp%2Fv2%2Fmedia&parent=69250"}],"wp:term":[{"taxonomy":"category","embeddable":true,"href":"https:\/\/www.reconoce.mx\/index.php?rest_route=%2Fwp%2Fv2%2Fcategories&post=69250"},{"taxonomy":"post_tag","embeddable":true,"href":"https:\/\/www.reconoce.mx\/index.php?rest_route=%2Fwp%2Fv2%2Ftags&post=69250"}],"curies":[{"name":"wp","href":"https:\/\/api.w.org\/{rel}","templated":true}]}}