{"id":69617,"date":"2018-01-18T00:02:00","date_gmt":"2018-01-18T06:02:00","guid":{"rendered":"http:\/\/www.reconoce.mx\/?p=69617"},"modified":"2018-01-17T23:40:31","modified_gmt":"2018-01-18T05:40:31","slug":"todo-lo-demas-la-soledad-entre-el-bullicio","status":"publish","type":"post","link":"https:\/\/www.reconoce.mx\/?p=69617","title":{"rendered":"\u00abTodo lo dem\u00e1s\u00bb: la soledad entre el bullicio"},"content":{"rendered":"<p><strong>Por <a href=\"https:\/\/www.instagram.com\/alexcfranco\/\" target=\"_blank\" rel=\"noopener noreferrer\">Alexandra Careaga Franco<\/a><\/strong>.<\/p>\n<p>\u00abTodo lo dem\u00e1s\u00bb, pel\u00edcula escrita y dirigida por la mexicana <strong>Natalia Almada<\/strong>, estrenada por primera vez el pasado<strong> Festival Internacional de Cine de Morelia<\/strong>, narra la vida d\u00eda a d\u00eda de Do\u00f1a Flor (<strong>Adriana Barraza<\/strong>). En ella, vemos como Do\u00f1a Flor vive un ciclo de rutina, atrapada en un trabajo burocr\u00e1tico en el que interact\u00faa con personas de todas clases, razas, capacidades y educaci\u00f3n. Se encuentra desde aquellos que son amables y otros que le terminan agrediendo verbalmente. De regreso a casa vemos c\u00f3mo el \u00fanico ser con el que interact\u00faa es con su gato. Conforme avanza la historia, podemos ir comprendiendo las emociones de depresi\u00f3n a causa de su soledad y su necesidad de sobresalir de alg\u00fan modo en una ciudad que, a pesar de estar en constante movimiento, no le trae resultados favorables a su vida personal.<\/p>\n<p><a href=\"http:\/\/www.reconoce.mx\/wp-content\/uploads\/2018\/01\/todo_lo_demas-151989883-large.jpg\"><img loading=\"lazy\" decoding=\"async\" class=\"aligncenter size-full wp-image-69621\" src=\"http:\/\/www.reconoce.mx\/wp-content\/uploads\/2018\/01\/todo_lo_demas-151989883-large.jpg\" alt=\"\" width=\"927\" height=\"1200\" srcset=\"https:\/\/www.reconoce.mx\/wp-content\/uploads\/2018\/01\/todo_lo_demas-151989883-large.jpg 927w, https:\/\/www.reconoce.mx\/wp-content\/uploads\/2018\/01\/todo_lo_demas-151989883-large-232x300.jpg 232w, https:\/\/www.reconoce.mx\/wp-content\/uploads\/2018\/01\/todo_lo_demas-151989883-large-768x994.jpg 768w, https:\/\/www.reconoce.mx\/wp-content\/uploads\/2018\/01\/todo_lo_demas-151989883-large-791x1024.jpg 791w, https:\/\/www.reconoce.mx\/wp-content\/uploads\/2018\/01\/todo_lo_demas-151989883-large-150x194.jpg 150w, https:\/\/www.reconoce.mx\/wp-content\/uploads\/2018\/01\/todo_lo_demas-151989883-large-700x906.jpg 700w, https:\/\/www.reconoce.mx\/wp-content\/uploads\/2018\/01\/todo_lo_demas-151989883-large-658x852.jpg 658w, https:\/\/www.reconoce.mx\/wp-content\/uploads\/2018\/01\/todo_lo_demas-151989883-large-300x388.jpg 300w\" sizes=\"auto, (max-width: 927px) 100vw, 927px\" \/><\/a><\/p>\n<p>El objetivo de la historia es claro: el efecto de vivir en un mundo burocr\u00e1tico. Soledad, dolor y violencia que vive una persona que pasa desapercibida. Sin embargo, la trama, aunque compleja, se atora, es repetitiva y no queda claro si en alg\u00fan momento va a llegar a alguna parte. Pasado 45 minutos la historia no ha mostrado realmente un cl\u00edmax que motive un cambio en el personaje, fuera de lo ya esperado. A pesar de ello, la cinta logra retratar un sector que rara vez se nos muestra tal y como es. Nos pone a pensar en lo que viven (y sufren) aquellas personas que despreciamos, pensando que por ser bur\u00f3crata lo tienen todo resuelto.<\/p>\n<p>Cabe destacar que tanto el trabajo de producci\u00f3n como el de fotograf\u00eda son realizados excelsamente. Las locaciones en donde se rod\u00f3 son diversas y complejas: el Metro de Ciudad de M\u00e9xico y las calles atascadas de gente impaciente y autos en constante movimiento.<\/p>\n<p><a href=\"http:\/\/www.reconoce.mx\/wp-content\/uploads\/2018\/01\/todo-lo-dem\u00e1s-2.jpg\"><img loading=\"lazy\" decoding=\"async\" class=\"aligncenter size-full wp-image-69619\" src=\"http:\/\/www.reconoce.mx\/wp-content\/uploads\/2018\/01\/todo-lo-dem\u00e1s-2.jpg\" alt=\"\" width=\"590\" height=\"380\" srcset=\"https:\/\/www.reconoce.mx\/wp-content\/uploads\/2018\/01\/todo-lo-dem\u00e1s-2.jpg 590w, https:\/\/www.reconoce.mx\/wp-content\/uploads\/2018\/01\/todo-lo-dem\u00e1s-2-300x193.jpg 300w, https:\/\/www.reconoce.mx\/wp-content\/uploads\/2018\/01\/todo-lo-dem\u00e1s-2-150x97.jpg 150w\" sizes=\"auto, (max-width: 590px) 100vw, 590px\" \/><\/a><\/p>\n<p>La fotograf\u00eda destaca por su detallismo y logrando involucrarnos sentimentalmente en la historia, ya que por su manera de permanecer est\u00e1tica nos contagia ese sentimiento de soledad, tristeza y desesperaci\u00f3n que la protagonista vive. De mismo modo, el dise\u00f1o sonoro es otro gran personaje en la historia, dejando claro que en tanto movimiento y ruido, uno puede pasar desapercibido (como era el caso de Do\u00f1a Flor).<\/p>\n<p>La actuaci\u00f3n es un punto tambi\u00e9n a destacar. Las emociones y complejidades internas que Do\u00f1a Flor carga en ella y el demostrarlas sin decir palabra alguna, es un logro dif\u00edcil de obtener en un actor, por lo que <strong>Adriana Barraza<\/strong> ha obtenido una muy merecida nominaci\u00f3n al premio <strong>Ariel<\/strong> en la categor\u00eda de \u00abMejor actriz\u00bb.<\/p>\n<p><a href=\"http:\/\/www.reconoce.mx\/wp-content\/uploads\/2018\/01\/todo-lo-dem\u00e1s-3.jpg\"><img loading=\"lazy\" decoding=\"async\" class=\"aligncenter size-full wp-image-69620\" src=\"http:\/\/www.reconoce.mx\/wp-content\/uploads\/2018\/01\/todo-lo-dem\u00e1s-3.jpg\" alt=\"\" width=\"590\" height=\"380\" srcset=\"https:\/\/www.reconoce.mx\/wp-content\/uploads\/2018\/01\/todo-lo-dem\u00e1s-3.jpg 590w, https:\/\/www.reconoce.mx\/wp-content\/uploads\/2018\/01\/todo-lo-dem\u00e1s-3-300x193.jpg 300w, https:\/\/www.reconoce.mx\/wp-content\/uploads\/2018\/01\/todo-lo-dem\u00e1s-3-150x97.jpg 150w\" sizes=\"auto, (max-width: 590px) 100vw, 590px\" \/><\/a><\/p>\n<p>El cine mexicano, despu\u00e9s de tantos a\u00f1os de espera, est\u00e1 en la lucha por levantarse una vez m\u00e1s, ofreci\u00e9ndonos nuevas historias que no se encierren en la recurrida comedia (g\u00e9nero explotado desde \u00abNosotros los Nobles\u00bb).<\/p>\n<p>A pesar de las fallas que yo he encontrado en la narrativa de la pel\u00edcula (que, se aclaran, son personales), eso no quita que es una pel\u00edcula de respetar y de apreciar, ofreci\u00e9ndole, de este modo, motivaci\u00f3n y nuevas oportunidades al cine de nuestro pa\u00eds.<\/p>\n<style>.embed-container { position: relative; padding-bottom: 56.25%; height: 0; overflow: hidden; max-width: 100%; } .embed-container iframe, .embed-container object, .embed-container embed { position: absolute; top: 0; left: 0; width: 100%; height: 100%; }<\/style>\n<div class=\"embed-container\"><iframe loading=\"lazy\" src=\"https:\/\/www.youtube.com\/embed\/s7hHbKxwNJg\" width=\"300\" height=\"150\" frameborder=\"0\" allowfullscreen=\"allowfullscreen\"><\/iframe><\/div>\n<p>&nbsp;<\/p>\n<p>La cinta ser\u00e1 estrenada a nivel nacional ma\u00f1ana viernes 19 de enero.<\/p>\n<p style=\"text-align: right;\">Con im\u00e1genes cortes\u00eda de <strong>PIANO<\/strong> distribuci\u00f3n.<\/p>\n<p>&nbsp;<\/p>\n<p>&nbsp;<\/p>\n","protected":false},"excerpt":{"rendered":"<p>\u201cTodo lo dem\u00e1s\u201d, pel\u00edcula escrita y dirigida por la mexicana Natalia Almada, estrenada por primera vez el pasado Festival Internacional de Cine de Morelia, narra la vida d\u00eda a d\u00eda de Do\u00f1a Flor (Adriana Barraza).<\/p>\n","protected":false},"author":2,"featured_media":69618,"comment_status":"open","ping_status":"open","sticky":false,"template":"","format":"standard","meta":{"footnotes":""},"categories":[24,1,17],"tags":[],"class_list":["post-69617","post","type-post","status-publish","format-standard","has-post-thumbnail","hentry","category-cine","category-cultura","category-principal"],"yoast_head":"<!-- This site is optimized with the Yoast SEO plugin v24.7 - https:\/\/yoast.com\/wordpress\/plugins\/seo\/ -->\n<title>&quot;Todo lo dem\u00e1s&quot;: la soledad entre el bullicio &#171; Reconoce MX<\/title>\n<meta name=\"robots\" content=\"index, follow, max-snippet:-1, max-image-preview:large, max-video-preview:-1\" \/>\n<link rel=\"canonical\" href=\"https:\/\/www.reconoce.mx\/?p=69617\" \/>\n<meta property=\"og:locale\" content=\"es_ES\" \/>\n<meta property=\"og:type\" content=\"article\" \/>\n<meta property=\"og:title\" content=\"&quot;Todo lo dem\u00e1s&quot;: la soledad entre el bullicio &#171; Reconoce MX\" \/>\n<meta property=\"og:description\" content=\"\u201cTodo lo dem\u00e1s\u201d, pel\u00edcula escrita y dirigida por la mexicana Natalia Almada, estrenada por primera vez el pasado Festival Internacional de Cine de Morelia, narra la vida d\u00eda a d\u00eda de Do\u00f1a Flor (Adriana Barraza).\" \/>\n<meta property=\"og:url\" content=\"https:\/\/www.reconoce.mx\/?p=69617\" \/>\n<meta property=\"og:site_name\" content=\"Reconoce MX\" \/>\n<meta property=\"article:publisher\" content=\"https:\/\/es-la.facebook.com\/ReconoceMX\/\" \/>\n<meta property=\"article:published_time\" content=\"2018-01-18T06:02:00+00:00\" \/>\n<meta property=\"og:image\" content=\"https:\/\/www.reconoce.mx\/wp-content\/uploads\/2018\/01\/todo-lo-dem\u00e1s-1.jpg\" \/>\n\t<meta property=\"og:image:width\" content=\"590\" \/>\n\t<meta property=\"og:image:height\" content=\"380\" \/>\n\t<meta property=\"og:image:type\" content=\"image\/jpeg\" \/>\n<meta name=\"author\" content=\"Reconoce MX\" \/>\n<meta name=\"twitter:card\" content=\"summary_large_image\" \/>\n<meta name=\"twitter:creator\" content=\"@reconocemx\" \/>\n<meta name=\"twitter:site\" content=\"@reconocemx\" \/>\n<meta name=\"twitter:label1\" content=\"Escrito por\" \/>\n\t<meta name=\"twitter:data1\" content=\"Reconoce MX\" \/>\n\t<meta name=\"twitter:label2\" content=\"Tiempo de lectura\" \/>\n\t<meta name=\"twitter:data2\" content=\"3 minutos\" \/>\n<script type=\"application\/ld+json\" class=\"yoast-schema-graph\">{\"@context\":\"https:\/\/schema.org\",\"@graph\":[{\"@type\":\"Article\",\"@id\":\"https:\/\/www.reconoce.mx\/?p=69617#article\",\"isPartOf\":{\"@id\":\"https:\/\/www.reconoce.mx\/?p=69617\"},\"author\":{\"name\":\"Reconoce MX\",\"@id\":\"https:\/\/www.reconoce.mx\/#\/schema\/person\/2117e997d7051dc15d6880eaf9bca0b2\"},\"headline\":\"\u00abTodo lo dem\u00e1s\u00bb: la soledad entre el bullicio\",\"datePublished\":\"2018-01-18T06:02:00+00:00\",\"mainEntityOfPage\":{\"@id\":\"https:\/\/www.reconoce.mx\/?p=69617\"},\"wordCount\":576,\"commentCount\":0,\"publisher\":{\"@id\":\"https:\/\/www.reconoce.mx\/#organization\"},\"image\":{\"@id\":\"https:\/\/www.reconoce.mx\/?p=69617#primaryimage\"},\"thumbnailUrl\":\"https:\/\/www.reconoce.mx\/wp-content\/uploads\/2018\/01\/todo-lo-dem\u00e1s-1.jpg\",\"articleSection\":[\"Cine\",\"Cultura\",\"Principal\"],\"inLanguage\":\"es\",\"potentialAction\":[{\"@type\":\"CommentAction\",\"name\":\"Comment\",\"target\":[\"https:\/\/www.reconoce.mx\/?p=69617#respond\"]}]},{\"@type\":\"WebPage\",\"@id\":\"https:\/\/www.reconoce.mx\/?p=69617\",\"url\":\"https:\/\/www.reconoce.mx\/?p=69617\",\"name\":\"\\\"Todo lo dem\u00e1s\\\": la soledad entre el bullicio &#171; Reconoce MX\",\"isPartOf\":{\"@id\":\"https:\/\/www.reconoce.mx\/#website\"},\"primaryImageOfPage\":{\"@id\":\"https:\/\/www.reconoce.mx\/?p=69617#primaryimage\"},\"image\":{\"@id\":\"https:\/\/www.reconoce.mx\/?p=69617#primaryimage\"},\"thumbnailUrl\":\"https:\/\/www.reconoce.mx\/wp-content\/uploads\/2018\/01\/todo-lo-dem\u00e1s-1.jpg\",\"datePublished\":\"2018-01-18T06:02:00+00:00\",\"breadcrumb\":{\"@id\":\"https:\/\/www.reconoce.mx\/?p=69617#breadcrumb\"},\"inLanguage\":\"es\",\"potentialAction\":[{\"@type\":\"ReadAction\",\"target\":[\"https:\/\/www.reconoce.mx\/?p=69617\"]}]},{\"@type\":\"ImageObject\",\"inLanguage\":\"es\",\"@id\":\"https:\/\/www.reconoce.mx\/?p=69617#primaryimage\",\"url\":\"https:\/\/www.reconoce.mx\/wp-content\/uploads\/2018\/01\/todo-lo-dem\u00e1s-1.jpg\",\"contentUrl\":\"https:\/\/www.reconoce.mx\/wp-content\/uploads\/2018\/01\/todo-lo-dem\u00e1s-1.jpg\",\"width\":590,\"height\":380},{\"@type\":\"BreadcrumbList\",\"@id\":\"https:\/\/www.reconoce.mx\/?p=69617#breadcrumb\",\"itemListElement\":[{\"@type\":\"ListItem\",\"position\":1,\"name\":\"Portada\",\"item\":\"https:\/\/www.reconoce.mx\/\"},{\"@type\":\"ListItem\",\"position\":2,\"name\":\"\u00abTodo lo dem\u00e1s\u00bb: la soledad entre el bullicio\"}]},{\"@type\":\"WebSite\",\"@id\":\"https:\/\/www.reconoce.mx\/#website\",\"url\":\"https:\/\/www.reconoce.mx\/\",\"name\":\"Reconoce MX\",\"description\":\"En Reconoce MX difundimos arte, cultura y conciencia social en M\u00e9xico. Tu ciudad en otra perspectiva.\",\"publisher\":{\"@id\":\"https:\/\/www.reconoce.mx\/#organization\"},\"potentialAction\":[{\"@type\":\"SearchAction\",\"target\":{\"@type\":\"EntryPoint\",\"urlTemplate\":\"https:\/\/www.reconoce.mx\/?s={search_term_string}\"},\"query-input\":{\"@type\":\"PropertyValueSpecification\",\"valueRequired\":true,\"valueName\":\"search_term_string\"}}],\"inLanguage\":\"es\"},{\"@type\":\"Organization\",\"@id\":\"https:\/\/www.reconoce.mx\/#organization\",\"name\":\"Reconoce MX\",\"url\":\"https:\/\/www.reconoce.mx\/\",\"logo\":{\"@type\":\"ImageObject\",\"inLanguage\":\"es\",\"@id\":\"https:\/\/www.reconoce.mx\/#\/schema\/logo\/image\/\",\"url\":\"https:\/\/www.reconoce.mx\/wp-content\/uploads\/2019\/03\/logorcmx-good-1.png\",\"contentUrl\":\"https:\/\/www.reconoce.mx\/wp-content\/uploads\/2019\/03\/logorcmx-good-1.png\",\"width\":280,\"height\":90,\"caption\":\"Reconoce MX\"},\"image\":{\"@id\":\"https:\/\/www.reconoce.mx\/#\/schema\/logo\/image\/\"},\"sameAs\":[\"https:\/\/es-la.facebook.com\/ReconoceMX\/\",\"https:\/\/x.com\/reconocemx\",\"http:\/\/@reconocemx\"]},{\"@type\":\"Person\",\"@id\":\"https:\/\/www.reconoce.mx\/#\/schema\/person\/2117e997d7051dc15d6880eaf9bca0b2\",\"name\":\"Reconoce MX\",\"image\":{\"@type\":\"ImageObject\",\"inLanguage\":\"es\",\"@id\":\"https:\/\/www.reconoce.mx\/#\/schema\/person\/image\/\",\"url\":\"https:\/\/secure.gravatar.com\/avatar\/6c8d4dc7569ca1c90c5fdcc349f839d5ddef6fe1e70b4337ead2ef1a4c43fc3a?s=96&d=identicon&r=g\",\"contentUrl\":\"https:\/\/secure.gravatar.com\/avatar\/6c8d4dc7569ca1c90c5fdcc349f839d5ddef6fe1e70b4337ead2ef1a4c43fc3a?s=96&d=identicon&r=g\",\"caption\":\"Reconoce MX\"},\"description\":\"Reconoce MX es un proyecto de difusi\u00f3n art\u00edstica, cultural y de conciencia social que est\u00e1 enfocado a difundir y fomentar el entretenimiento alternativo de calidad para todo el p\u00fablico que comparta el mismo entusiasmo.\",\"sameAs\":[\"http:\/\/www.reconoce.mx\"],\"url\":\"https:\/\/www.reconoce.mx\/?author=2\"}]}<\/script>\n<!-- \/ Yoast SEO plugin. -->","yoast_head_json":{"title":"\"Todo lo dem\u00e1s\": la soledad entre el bullicio &#171; Reconoce MX","robots":{"index":"index","follow":"follow","max-snippet":"max-snippet:-1","max-image-preview":"max-image-preview:large","max-video-preview":"max-video-preview:-1"},"canonical":"https:\/\/www.reconoce.mx\/?p=69617","og_locale":"es_ES","og_type":"article","og_title":"\"Todo lo dem\u00e1s\": la soledad entre el bullicio &#171; Reconoce MX","og_description":"\u201cTodo lo dem\u00e1s\u201d, pel\u00edcula escrita y dirigida por la mexicana Natalia Almada, estrenada por primera vez el pasado Festival Internacional de Cine de Morelia, narra la vida d\u00eda a d\u00eda de Do\u00f1a Flor (Adriana Barraza).","og_url":"https:\/\/www.reconoce.mx\/?p=69617","og_site_name":"Reconoce MX","article_publisher":"https:\/\/es-la.facebook.com\/ReconoceMX\/","article_published_time":"2018-01-18T06:02:00+00:00","og_image":[{"width":590,"height":380,"url":"https:\/\/www.reconoce.mx\/wp-content\/uploads\/2018\/01\/todo-lo-dem\u00e1s-1.jpg","type":"image\/jpeg"}],"author":"Reconoce MX","twitter_card":"summary_large_image","twitter_creator":"@reconocemx","twitter_site":"@reconocemx","twitter_misc":{"Escrito por":"Reconoce MX","Tiempo de lectura":"3 minutos"},"schema":{"@context":"https:\/\/schema.org","@graph":[{"@type":"Article","@id":"https:\/\/www.reconoce.mx\/?p=69617#article","isPartOf":{"@id":"https:\/\/www.reconoce.mx\/?p=69617"},"author":{"name":"Reconoce MX","@id":"https:\/\/www.reconoce.mx\/#\/schema\/person\/2117e997d7051dc15d6880eaf9bca0b2"},"headline":"\u00abTodo lo dem\u00e1s\u00bb: la soledad entre el bullicio","datePublished":"2018-01-18T06:02:00+00:00","mainEntityOfPage":{"@id":"https:\/\/www.reconoce.mx\/?p=69617"},"wordCount":576,"commentCount":0,"publisher":{"@id":"https:\/\/www.reconoce.mx\/#organization"},"image":{"@id":"https:\/\/www.reconoce.mx\/?p=69617#primaryimage"},"thumbnailUrl":"https:\/\/www.reconoce.mx\/wp-content\/uploads\/2018\/01\/todo-lo-dem\u00e1s-1.jpg","articleSection":["Cine","Cultura","Principal"],"inLanguage":"es","potentialAction":[{"@type":"CommentAction","name":"Comment","target":["https:\/\/www.reconoce.mx\/?p=69617#respond"]}]},{"@type":"WebPage","@id":"https:\/\/www.reconoce.mx\/?p=69617","url":"https:\/\/www.reconoce.mx\/?p=69617","name":"\"Todo lo dem\u00e1s\": la soledad entre el bullicio &#171; Reconoce MX","isPartOf":{"@id":"https:\/\/www.reconoce.mx\/#website"},"primaryImageOfPage":{"@id":"https:\/\/www.reconoce.mx\/?p=69617#primaryimage"},"image":{"@id":"https:\/\/www.reconoce.mx\/?p=69617#primaryimage"},"thumbnailUrl":"https:\/\/www.reconoce.mx\/wp-content\/uploads\/2018\/01\/todo-lo-dem\u00e1s-1.jpg","datePublished":"2018-01-18T06:02:00+00:00","breadcrumb":{"@id":"https:\/\/www.reconoce.mx\/?p=69617#breadcrumb"},"inLanguage":"es","potentialAction":[{"@type":"ReadAction","target":["https:\/\/www.reconoce.mx\/?p=69617"]}]},{"@type":"ImageObject","inLanguage":"es","@id":"https:\/\/www.reconoce.mx\/?p=69617#primaryimage","url":"https:\/\/www.reconoce.mx\/wp-content\/uploads\/2018\/01\/todo-lo-dem\u00e1s-1.jpg","contentUrl":"https:\/\/www.reconoce.mx\/wp-content\/uploads\/2018\/01\/todo-lo-dem\u00e1s-1.jpg","width":590,"height":380},{"@type":"BreadcrumbList","@id":"https:\/\/www.reconoce.mx\/?p=69617#breadcrumb","itemListElement":[{"@type":"ListItem","position":1,"name":"Portada","item":"https:\/\/www.reconoce.mx\/"},{"@type":"ListItem","position":2,"name":"\u00abTodo lo dem\u00e1s\u00bb: la soledad entre el bullicio"}]},{"@type":"WebSite","@id":"https:\/\/www.reconoce.mx\/#website","url":"https:\/\/www.reconoce.mx\/","name":"Reconoce MX","description":"En Reconoce MX difundimos arte, cultura y conciencia social en M\u00e9xico. Tu ciudad en otra perspectiva.","publisher":{"@id":"https:\/\/www.reconoce.mx\/#organization"},"potentialAction":[{"@type":"SearchAction","target":{"@type":"EntryPoint","urlTemplate":"https:\/\/www.reconoce.mx\/?s={search_term_string}"},"query-input":{"@type":"PropertyValueSpecification","valueRequired":true,"valueName":"search_term_string"}}],"inLanguage":"es"},{"@type":"Organization","@id":"https:\/\/www.reconoce.mx\/#organization","name":"Reconoce MX","url":"https:\/\/www.reconoce.mx\/","logo":{"@type":"ImageObject","inLanguage":"es","@id":"https:\/\/www.reconoce.mx\/#\/schema\/logo\/image\/","url":"https:\/\/www.reconoce.mx\/wp-content\/uploads\/2019\/03\/logorcmx-good-1.png","contentUrl":"https:\/\/www.reconoce.mx\/wp-content\/uploads\/2019\/03\/logorcmx-good-1.png","width":280,"height":90,"caption":"Reconoce MX"},"image":{"@id":"https:\/\/www.reconoce.mx\/#\/schema\/logo\/image\/"},"sameAs":["https:\/\/es-la.facebook.com\/ReconoceMX\/","https:\/\/x.com\/reconocemx","http:\/\/@reconocemx"]},{"@type":"Person","@id":"https:\/\/www.reconoce.mx\/#\/schema\/person\/2117e997d7051dc15d6880eaf9bca0b2","name":"Reconoce MX","image":{"@type":"ImageObject","inLanguage":"es","@id":"https:\/\/www.reconoce.mx\/#\/schema\/person\/image\/","url":"https:\/\/secure.gravatar.com\/avatar\/6c8d4dc7569ca1c90c5fdcc349f839d5ddef6fe1e70b4337ead2ef1a4c43fc3a?s=96&d=identicon&r=g","contentUrl":"https:\/\/secure.gravatar.com\/avatar\/6c8d4dc7569ca1c90c5fdcc349f839d5ddef6fe1e70b4337ead2ef1a4c43fc3a?s=96&d=identicon&r=g","caption":"Reconoce MX"},"description":"Reconoce MX es un proyecto de difusi\u00f3n art\u00edstica, cultural y de conciencia social que est\u00e1 enfocado a difundir y fomentar el entretenimiento alternativo de calidad para todo el p\u00fablico que comparta el mismo entusiasmo.","sameAs":["http:\/\/www.reconoce.mx"],"url":"https:\/\/www.reconoce.mx\/?author=2"}]}},"_links":{"self":[{"href":"https:\/\/www.reconoce.mx\/index.php?rest_route=\/wp\/v2\/posts\/69617","targetHints":{"allow":["GET"]}}],"collection":[{"href":"https:\/\/www.reconoce.mx\/index.php?rest_route=\/wp\/v2\/posts"}],"about":[{"href":"https:\/\/www.reconoce.mx\/index.php?rest_route=\/wp\/v2\/types\/post"}],"author":[{"embeddable":true,"href":"https:\/\/www.reconoce.mx\/index.php?rest_route=\/wp\/v2\/users\/2"}],"replies":[{"embeddable":true,"href":"https:\/\/www.reconoce.mx\/index.php?rest_route=%2Fwp%2Fv2%2Fcomments&post=69617"}],"version-history":[{"count":3,"href":"https:\/\/www.reconoce.mx\/index.php?rest_route=\/wp\/v2\/posts\/69617\/revisions"}],"predecessor-version":[{"id":69624,"href":"https:\/\/www.reconoce.mx\/index.php?rest_route=\/wp\/v2\/posts\/69617\/revisions\/69624"}],"wp:featuredmedia":[{"embeddable":true,"href":"https:\/\/www.reconoce.mx\/index.php?rest_route=\/wp\/v2\/media\/69618"}],"wp:attachment":[{"href":"https:\/\/www.reconoce.mx\/index.php?rest_route=%2Fwp%2Fv2%2Fmedia&parent=69617"}],"wp:term":[{"taxonomy":"category","embeddable":true,"href":"https:\/\/www.reconoce.mx\/index.php?rest_route=%2Fwp%2Fv2%2Fcategories&post=69617"},{"taxonomy":"post_tag","embeddable":true,"href":"https:\/\/www.reconoce.mx\/index.php?rest_route=%2Fwp%2Fv2%2Ftags&post=69617"}],"curies":[{"name":"wp","href":"https:\/\/api.w.org\/{rel}","templated":true}]}}