{"id":69821,"date":"2018-01-23T00:04:39","date_gmt":"2018-01-23T06:04:39","guid":{"rendered":"http:\/\/www.reconoce.mx\/?p=69821"},"modified":"2018-01-23T22:18:33","modified_gmt":"2018-01-24T04:18:33","slug":"ciudadania19s-a-4-meses-del-19s-llega-un-festival-para-reflexionarlo","status":"publish","type":"post","link":"https:\/\/www.reconoce.mx\/?p=69821","title":{"rendered":"#Ciudadania19s: A 4 meses del 19s, llega un festival para reflexionarlo"},"content":{"rendered":"<p><strong>Por\u00a0<a title=\"@enriquefa86\" href=\"https:\/\/twitter.com\/enriquefa86\" target=\"_blank\" rel=\"noopener noreferrer\">Enrique Figueroa Anaya<\/a>.<\/strong><\/p>\n<p>A 4 meses del <a href=\"http:\/\/www.reconoce.mx\/category\/ciudad\/sismo-19-s\/\" target=\"_blank\" rel=\"noopener\">sismo vivido en Ciudad de M\u00e9xico el 19 de septiembre de 2017<\/a>, sociedad civil, academia, sector privado y tomadores de decisi\u00f3n se reunir\u00e1n para intercambiar experiencias, informaci\u00f3n, perspectivas, capacidades y mejores pr\u00e1cticas, a fin de presentar agendas y avances que permitan transformar a Ciudad de M\u00e9xico en una ciudad incluyente, segura, saludable, sustentable y resiliente.<\/p>\n<style>.embed-container { position: relative; padding-bottom: 56.25%; height: 0; overflow: hidden; max-width: 100%; } .embed-container iframe, .embed-container object, .embed-container embed { position: absolute; top: 0; left: 0; width: 100%; height: 100%; }<\/style>\n<div class=\"embed-container\"><iframe loading=\"lazy\" src=\"https:\/\/www.youtube.com\/embed\/R3Y_-ghyDvM\" width=\"300\" height=\"150\" frameborder=\"0\" allowfullscreen=\"allowfullscreen\"><\/iframe><\/div>\n<p>&nbsp;<\/p>\n<p>Tres d\u00edas intensos ser\u00e1n los que se vivan en el <strong>Museo Memoria y Tolerancia<\/strong>, sede del <strong>Festival de la Ciudadan\u00eda19s<\/strong>, a realizarse los d\u00edas domingo 28, lunes 29 y martes 30 de enero.<\/p>\n<p>Entre las actividades a realizarse, mismas que pueden consultar en el programa oficial de 3 d\u00edas, destacan charlas sobre el ecosistema capitalino, di\u00e1logos sobre corrupci\u00f3n, actividades al aire libre, discusiones sobre los derechos humanos, di\u00e1logos sobre datos, informaci\u00f3n y planeaci\u00f3n de la Ciudad; reflexiones sobre el urbanismo c\u00edvico y reconstrucci\u00f3n de la casa, el tejido social y el barrio; y la presentaci\u00f3n de una agenda com\u00fan con miras a trabajarse en el presente a\u00f1o.<\/p>\n<p>\u00bfCu\u00e1ndo, d\u00f3nde y de a c\u00f3mo? Domingo 28, lunes 29 y martes 30 de enero en el <strong>Museo Memoria y Tolerancia<\/strong> (Avenida Ju\u00e1rez #8). Donativo por un d\u00eda $150.00; dos d\u00edas $250.00; y tres d\u00edas $300.00, previo <a href=\"https:\/\/www.rutacivica.org\/civicrm\/?page=CiviCRM&amp;q=civicrm\/event\/register&amp;reset=1&amp;id=64\" target=\"_blank\" rel=\"noopener\">registro aqu\u00ed<\/a>. Para m\u00e1s informaci\u00f3n consulta el <a href=\"http:\/\/ciudadania19s.org.mx\/wp\/wp-content\/uploads\/2017\/12\/preliminar10.01.18.pdf\" target=\"_blank\" rel=\"noopener\">sitio oficial<\/a>.<\/p>\n<p>&nbsp;<\/p>\n<p>&nbsp;<\/p>\n","protected":false},"excerpt":{"rendered":"<p>A 4 meses del sismo vivido en Ciudad de M\u00e9xico el 19 de septiembre de 2017, sociedad civil, academia, sector privado y tomadores de decisi\u00f3n se reunir\u00e1n para intercambiar experiencias, informaci\u00f3n, perspectivas, capacidades y mejores pr\u00e1cticas, a fin de presentar agendas y avances que permitan transformar a Ciudad de M\u00e9xico en una ciudad incluyente, segura, saludable, sustentable y resiliente.<\/p>\n","protected":false},"author":2,"featured_media":69822,"comment_status":"open","ping_status":"open","sticky":false,"template":"","format":"standard","meta":{"footnotes":""},"categories":[3,17,2663],"tags":[563],"class_list":["post-69821","post","type-post","status-publish","format-standard","has-post-thumbnail","hentry","category-ciudad","category-principal","category-sismo-19-s","tag-sismo"],"yoast_head":"<!-- This site is optimized with the Yoast SEO plugin v24.7 - https:\/\/yoast.com\/wordpress\/plugins\/seo\/ -->\n<title>#Ciudadania19s: A 4 meses del 19s, llega un festival para reflexionarlo &#171; Reconoce MX<\/title>\n<meta name=\"robots\" content=\"index, follow, max-snippet:-1, max-image-preview:large, max-video-preview:-1\" \/>\n<link rel=\"canonical\" href=\"http:\/\/www.reconoce.mx\/?p=69821\" \/>\n<meta property=\"og:locale\" content=\"es_ES\" \/>\n<meta property=\"og:type\" content=\"article\" \/>\n<meta property=\"og:title\" content=\"#Ciudadania19s: A 4 meses del 19s, llega un festival para reflexionarlo &#171; Reconoce MX\" \/>\n<meta property=\"og:description\" content=\"A 4 meses del sismo vivido en Ciudad de M\u00e9xico el 19 de septiembre de 2017, sociedad civil, academia, sector privado y tomadores de decisi\u00f3n se reunir\u00e1n para intercambiar experiencias, informaci\u00f3n, perspectivas, capacidades y mejores pr\u00e1cticas, a fin de presentar agendas y avances que permitan transformar a Ciudad de M\u00e9xico en una ciudad incluyente, segura, saludable, sustentable y resiliente.\" \/>\n<meta property=\"og:url\" content=\"http:\/\/www.reconoce.mx\/?p=69821\" \/>\n<meta property=\"og:site_name\" content=\"Reconoce MX\" \/>\n<meta property=\"article:publisher\" content=\"https:\/\/es-la.facebook.com\/ReconoceMX\/\" \/>\n<meta property=\"article:published_time\" content=\"2018-01-23T06:04:39+00:00\" \/>\n<meta property=\"article:modified_time\" content=\"2018-01-24T04:18:33+00:00\" \/>\n<meta property=\"og:image\" content=\"http:\/\/www.reconoce.mx\/wp-content\/uploads\/2018\/01\/festival-ciudadania19s.jpg\" \/>\n\t<meta property=\"og:image:width\" content=\"590\" \/>\n\t<meta property=\"og:image:height\" content=\"380\" \/>\n\t<meta property=\"og:image:type\" content=\"image\/jpeg\" \/>\n<meta name=\"author\" content=\"Reconoce MX\" \/>\n<meta name=\"twitter:card\" content=\"summary_large_image\" \/>\n<meta name=\"twitter:creator\" content=\"@reconocemx\" \/>\n<meta name=\"twitter:site\" content=\"@reconocemx\" \/>\n<meta name=\"twitter:label1\" content=\"Escrito por\" \/>\n\t<meta name=\"twitter:data1\" content=\"Reconoce MX\" \/>\n\t<meta name=\"twitter:label2\" content=\"Tiempo de lectura\" \/>\n\t<meta name=\"twitter:data2\" content=\"1 minuto\" \/>\n<script type=\"application\/ld+json\" class=\"yoast-schema-graph\">{\"@context\":\"https:\/\/schema.org\",\"@graph\":[{\"@type\":\"Article\",\"@id\":\"http:\/\/www.reconoce.mx\/?p=69821#article\",\"isPartOf\":{\"@id\":\"http:\/\/www.reconoce.mx\/?p=69821\"},\"author\":{\"name\":\"Reconoce MX\",\"@id\":\"http:\/\/www.reconoce.mx\/#\/schema\/person\/2117e997d7051dc15d6880eaf9bca0b2\"},\"headline\":\"#Ciudadania19s: A 4 meses del 19s, llega un festival para reflexionarlo\",\"datePublished\":\"2018-01-23T06:04:39+00:00\",\"dateModified\":\"2018-01-24T04:18:33+00:00\",\"mainEntityOfPage\":{\"@id\":\"http:\/\/www.reconoce.mx\/?p=69821\"},\"wordCount\":247,\"commentCount\":0,\"publisher\":{\"@id\":\"http:\/\/www.reconoce.mx\/#organization\"},\"image\":{\"@id\":\"http:\/\/www.reconoce.mx\/?p=69821#primaryimage\"},\"thumbnailUrl\":\"https:\/\/www.reconoce.mx\/wp-content\/uploads\/2018\/01\/festival-ciudadania19s.jpg\",\"keywords\":[\"sismo\"],\"articleSection\":[\"Ciudad\",\"Principal\",\"Sismo 19-S\"],\"inLanguage\":\"es\",\"potentialAction\":[{\"@type\":\"CommentAction\",\"name\":\"Comment\",\"target\":[\"http:\/\/www.reconoce.mx\/?p=69821#respond\"]}]},{\"@type\":\"WebPage\",\"@id\":\"http:\/\/www.reconoce.mx\/?p=69821\",\"url\":\"http:\/\/www.reconoce.mx\/?p=69821\",\"name\":\"#Ciudadania19s: A 4 meses del 19s, llega un festival para reflexionarlo &#171; Reconoce MX\",\"isPartOf\":{\"@id\":\"http:\/\/www.reconoce.mx\/#website\"},\"primaryImageOfPage\":{\"@id\":\"http:\/\/www.reconoce.mx\/?p=69821#primaryimage\"},\"image\":{\"@id\":\"http:\/\/www.reconoce.mx\/?p=69821#primaryimage\"},\"thumbnailUrl\":\"https:\/\/www.reconoce.mx\/wp-content\/uploads\/2018\/01\/festival-ciudadania19s.jpg\",\"datePublished\":\"2018-01-23T06:04:39+00:00\",\"dateModified\":\"2018-01-24T04:18:33+00:00\",\"breadcrumb\":{\"@id\":\"http:\/\/www.reconoce.mx\/?p=69821#breadcrumb\"},\"inLanguage\":\"es\",\"potentialAction\":[{\"@type\":\"ReadAction\",\"target\":[\"http:\/\/www.reconoce.mx\/?p=69821\"]}]},{\"@type\":\"ImageObject\",\"inLanguage\":\"es\",\"@id\":\"http:\/\/www.reconoce.mx\/?p=69821#primaryimage\",\"url\":\"https:\/\/www.reconoce.mx\/wp-content\/uploads\/2018\/01\/festival-ciudadania19s.jpg\",\"contentUrl\":\"https:\/\/www.reconoce.mx\/wp-content\/uploads\/2018\/01\/festival-ciudadania19s.jpg\",\"width\":590,\"height\":380},{\"@type\":\"BreadcrumbList\",\"@id\":\"http:\/\/www.reconoce.mx\/?p=69821#breadcrumb\",\"itemListElement\":[{\"@type\":\"ListItem\",\"position\":1,\"name\":\"Portada\",\"item\":\"http:\/\/www.reconoce.mx\/\"},{\"@type\":\"ListItem\",\"position\":2,\"name\":\"#Ciudadania19s: A 4 meses del 19s, llega un festival para reflexionarlo\"}]},{\"@type\":\"WebSite\",\"@id\":\"http:\/\/www.reconoce.mx\/#website\",\"url\":\"http:\/\/www.reconoce.mx\/\",\"name\":\"Reconoce MX\",\"description\":\"En Reconoce MX difundimos arte, cultura y conciencia social en M\u00e9xico. Tu ciudad en otra perspectiva.\",\"publisher\":{\"@id\":\"http:\/\/www.reconoce.mx\/#organization\"},\"potentialAction\":[{\"@type\":\"SearchAction\",\"target\":{\"@type\":\"EntryPoint\",\"urlTemplate\":\"http:\/\/www.reconoce.mx\/?s={search_term_string}\"},\"query-input\":{\"@type\":\"PropertyValueSpecification\",\"valueRequired\":true,\"valueName\":\"search_term_string\"}}],\"inLanguage\":\"es\"},{\"@type\":\"Organization\",\"@id\":\"http:\/\/www.reconoce.mx\/#organization\",\"name\":\"Reconoce MX\",\"url\":\"http:\/\/www.reconoce.mx\/\",\"logo\":{\"@type\":\"ImageObject\",\"inLanguage\":\"es\",\"@id\":\"http:\/\/www.reconoce.mx\/#\/schema\/logo\/image\/\",\"url\":\"https:\/\/www.reconoce.mx\/wp-content\/uploads\/2019\/03\/logorcmx-good-1.png\",\"contentUrl\":\"https:\/\/www.reconoce.mx\/wp-content\/uploads\/2019\/03\/logorcmx-good-1.png\",\"width\":280,\"height\":90,\"caption\":\"Reconoce MX\"},\"image\":{\"@id\":\"http:\/\/www.reconoce.mx\/#\/schema\/logo\/image\/\"},\"sameAs\":[\"https:\/\/es-la.facebook.com\/ReconoceMX\/\",\"https:\/\/x.com\/reconocemx\",\"http:\/\/@reconocemx\"]},{\"@type\":\"Person\",\"@id\":\"http:\/\/www.reconoce.mx\/#\/schema\/person\/2117e997d7051dc15d6880eaf9bca0b2\",\"name\":\"Reconoce MX\",\"image\":{\"@type\":\"ImageObject\",\"inLanguage\":\"es\",\"@id\":\"http:\/\/www.reconoce.mx\/#\/schema\/person\/image\/\",\"url\":\"https:\/\/secure.gravatar.com\/avatar\/6c8d4dc7569ca1c90c5fdcc349f839d5ddef6fe1e70b4337ead2ef1a4c43fc3a?s=96&d=identicon&r=g\",\"contentUrl\":\"https:\/\/secure.gravatar.com\/avatar\/6c8d4dc7569ca1c90c5fdcc349f839d5ddef6fe1e70b4337ead2ef1a4c43fc3a?s=96&d=identicon&r=g\",\"caption\":\"Reconoce MX\"},\"description\":\"Reconoce MX es un proyecto de difusi\u00f3n art\u00edstica, cultural y de conciencia social que est\u00e1 enfocado a difundir y fomentar el entretenimiento alternativo de calidad para todo el p\u00fablico que comparta el mismo entusiasmo.\",\"sameAs\":[\"http:\/\/www.reconoce.mx\"],\"url\":\"https:\/\/www.reconoce.mx\/?author=2\"}]}<\/script>\n<!-- \/ Yoast SEO plugin. -->","yoast_head_json":{"title":"#Ciudadania19s: A 4 meses del 19s, llega un festival para reflexionarlo &#171; Reconoce MX","robots":{"index":"index","follow":"follow","max-snippet":"max-snippet:-1","max-image-preview":"max-image-preview:large","max-video-preview":"max-video-preview:-1"},"canonical":"http:\/\/www.reconoce.mx\/?p=69821","og_locale":"es_ES","og_type":"article","og_title":"#Ciudadania19s: A 4 meses del 19s, llega un festival para reflexionarlo &#171; Reconoce MX","og_description":"A 4 meses del sismo vivido en Ciudad de M\u00e9xico el 19 de septiembre de 2017, sociedad civil, academia, sector privado y tomadores de decisi\u00f3n se reunir\u00e1n para intercambiar experiencias, informaci\u00f3n, perspectivas, capacidades y mejores pr\u00e1cticas, a fin de presentar agendas y avances que permitan transformar a Ciudad de M\u00e9xico en una ciudad incluyente, segura, saludable, sustentable y resiliente.","og_url":"http:\/\/www.reconoce.mx\/?p=69821","og_site_name":"Reconoce MX","article_publisher":"https:\/\/es-la.facebook.com\/ReconoceMX\/","article_published_time":"2018-01-23T06:04:39+00:00","article_modified_time":"2018-01-24T04:18:33+00:00","og_image":[{"width":590,"height":380,"url":"http:\/\/www.reconoce.mx\/wp-content\/uploads\/2018\/01\/festival-ciudadania19s.jpg","type":"image\/jpeg"}],"author":"Reconoce MX","twitter_card":"summary_large_image","twitter_creator":"@reconocemx","twitter_site":"@reconocemx","twitter_misc":{"Escrito por":"Reconoce MX","Tiempo de lectura":"1 minuto"},"schema":{"@context":"https:\/\/schema.org","@graph":[{"@type":"Article","@id":"http:\/\/www.reconoce.mx\/?p=69821#article","isPartOf":{"@id":"http:\/\/www.reconoce.mx\/?p=69821"},"author":{"name":"Reconoce MX","@id":"http:\/\/www.reconoce.mx\/#\/schema\/person\/2117e997d7051dc15d6880eaf9bca0b2"},"headline":"#Ciudadania19s: A 4 meses del 19s, llega un festival para reflexionarlo","datePublished":"2018-01-23T06:04:39+00:00","dateModified":"2018-01-24T04:18:33+00:00","mainEntityOfPage":{"@id":"http:\/\/www.reconoce.mx\/?p=69821"},"wordCount":247,"commentCount":0,"publisher":{"@id":"http:\/\/www.reconoce.mx\/#organization"},"image":{"@id":"http:\/\/www.reconoce.mx\/?p=69821#primaryimage"},"thumbnailUrl":"https:\/\/www.reconoce.mx\/wp-content\/uploads\/2018\/01\/festival-ciudadania19s.jpg","keywords":["sismo"],"articleSection":["Ciudad","Principal","Sismo 19-S"],"inLanguage":"es","potentialAction":[{"@type":"CommentAction","name":"Comment","target":["http:\/\/www.reconoce.mx\/?p=69821#respond"]}]},{"@type":"WebPage","@id":"http:\/\/www.reconoce.mx\/?p=69821","url":"http:\/\/www.reconoce.mx\/?p=69821","name":"#Ciudadania19s: A 4 meses del 19s, llega un festival para reflexionarlo &#171; Reconoce MX","isPartOf":{"@id":"http:\/\/www.reconoce.mx\/#website"},"primaryImageOfPage":{"@id":"http:\/\/www.reconoce.mx\/?p=69821#primaryimage"},"image":{"@id":"http:\/\/www.reconoce.mx\/?p=69821#primaryimage"},"thumbnailUrl":"https:\/\/www.reconoce.mx\/wp-content\/uploads\/2018\/01\/festival-ciudadania19s.jpg","datePublished":"2018-01-23T06:04:39+00:00","dateModified":"2018-01-24T04:18:33+00:00","breadcrumb":{"@id":"http:\/\/www.reconoce.mx\/?p=69821#breadcrumb"},"inLanguage":"es","potentialAction":[{"@type":"ReadAction","target":["http:\/\/www.reconoce.mx\/?p=69821"]}]},{"@type":"ImageObject","inLanguage":"es","@id":"http:\/\/www.reconoce.mx\/?p=69821#primaryimage","url":"https:\/\/www.reconoce.mx\/wp-content\/uploads\/2018\/01\/festival-ciudadania19s.jpg","contentUrl":"https:\/\/www.reconoce.mx\/wp-content\/uploads\/2018\/01\/festival-ciudadania19s.jpg","width":590,"height":380},{"@type":"BreadcrumbList","@id":"http:\/\/www.reconoce.mx\/?p=69821#breadcrumb","itemListElement":[{"@type":"ListItem","position":1,"name":"Portada","item":"http:\/\/www.reconoce.mx\/"},{"@type":"ListItem","position":2,"name":"#Ciudadania19s: A 4 meses del 19s, llega un festival para reflexionarlo"}]},{"@type":"WebSite","@id":"http:\/\/www.reconoce.mx\/#website","url":"http:\/\/www.reconoce.mx\/","name":"Reconoce MX","description":"En Reconoce MX difundimos arte, cultura y conciencia social en M\u00e9xico. Tu ciudad en otra perspectiva.","publisher":{"@id":"http:\/\/www.reconoce.mx\/#organization"},"potentialAction":[{"@type":"SearchAction","target":{"@type":"EntryPoint","urlTemplate":"http:\/\/www.reconoce.mx\/?s={search_term_string}"},"query-input":{"@type":"PropertyValueSpecification","valueRequired":true,"valueName":"search_term_string"}}],"inLanguage":"es"},{"@type":"Organization","@id":"http:\/\/www.reconoce.mx\/#organization","name":"Reconoce MX","url":"http:\/\/www.reconoce.mx\/","logo":{"@type":"ImageObject","inLanguage":"es","@id":"http:\/\/www.reconoce.mx\/#\/schema\/logo\/image\/","url":"https:\/\/www.reconoce.mx\/wp-content\/uploads\/2019\/03\/logorcmx-good-1.png","contentUrl":"https:\/\/www.reconoce.mx\/wp-content\/uploads\/2019\/03\/logorcmx-good-1.png","width":280,"height":90,"caption":"Reconoce MX"},"image":{"@id":"http:\/\/www.reconoce.mx\/#\/schema\/logo\/image\/"},"sameAs":["https:\/\/es-la.facebook.com\/ReconoceMX\/","https:\/\/x.com\/reconocemx","http:\/\/@reconocemx"]},{"@type":"Person","@id":"http:\/\/www.reconoce.mx\/#\/schema\/person\/2117e997d7051dc15d6880eaf9bca0b2","name":"Reconoce MX","image":{"@type":"ImageObject","inLanguage":"es","@id":"http:\/\/www.reconoce.mx\/#\/schema\/person\/image\/","url":"https:\/\/secure.gravatar.com\/avatar\/6c8d4dc7569ca1c90c5fdcc349f839d5ddef6fe1e70b4337ead2ef1a4c43fc3a?s=96&d=identicon&r=g","contentUrl":"https:\/\/secure.gravatar.com\/avatar\/6c8d4dc7569ca1c90c5fdcc349f839d5ddef6fe1e70b4337ead2ef1a4c43fc3a?s=96&d=identicon&r=g","caption":"Reconoce MX"},"description":"Reconoce MX es un proyecto de difusi\u00f3n art\u00edstica, cultural y de conciencia social que est\u00e1 enfocado a difundir y fomentar el entretenimiento alternativo de calidad para todo el p\u00fablico que comparta el mismo entusiasmo.","sameAs":["http:\/\/www.reconoce.mx"],"url":"https:\/\/www.reconoce.mx\/?author=2"}]}},"_links":{"self":[{"href":"https:\/\/www.reconoce.mx\/index.php?rest_route=\/wp\/v2\/posts\/69821","targetHints":{"allow":["GET"]}}],"collection":[{"href":"https:\/\/www.reconoce.mx\/index.php?rest_route=\/wp\/v2\/posts"}],"about":[{"href":"https:\/\/www.reconoce.mx\/index.php?rest_route=\/wp\/v2\/types\/post"}],"author":[{"embeddable":true,"href":"https:\/\/www.reconoce.mx\/index.php?rest_route=\/wp\/v2\/users\/2"}],"replies":[{"embeddable":true,"href":"https:\/\/www.reconoce.mx\/index.php?rest_route=%2Fwp%2Fv2%2Fcomments&post=69821"}],"version-history":[{"count":2,"href":"https:\/\/www.reconoce.mx\/index.php?rest_route=\/wp\/v2\/posts\/69821\/revisions"}],"predecessor-version":[{"id":69824,"href":"https:\/\/www.reconoce.mx\/index.php?rest_route=\/wp\/v2\/posts\/69821\/revisions\/69824"}],"wp:featuredmedia":[{"embeddable":true,"href":"https:\/\/www.reconoce.mx\/index.php?rest_route=\/wp\/v2\/media\/69822"}],"wp:attachment":[{"href":"https:\/\/www.reconoce.mx\/index.php?rest_route=%2Fwp%2Fv2%2Fmedia&parent=69821"}],"wp:term":[{"taxonomy":"category","embeddable":true,"href":"https:\/\/www.reconoce.mx\/index.php?rest_route=%2Fwp%2Fv2%2Fcategories&post=69821"},{"taxonomy":"post_tag","embeddable":true,"href":"https:\/\/www.reconoce.mx\/index.php?rest_route=%2Fwp%2Fv2%2Ftags&post=69821"}],"curies":[{"name":"wp","href":"https:\/\/api.w.org\/{rel}","templated":true}]}}