{"id":70748,"date":"2018-02-27T00:04:40","date_gmt":"2018-02-27T06:04:40","guid":{"rendered":"http:\/\/www.reconoce.mx\/?p=70748"},"modified":"2018-02-27T10:24:44","modified_gmt":"2018-02-27T16:24:44","slug":"llega-la-octava-edicion-del-siempre-esperado-ficunam","status":"publish","type":"post","link":"https:\/\/www.reconoce.mx\/?p=70748","title":{"rendered":"\u00a1Llega la octava edici\u00f3n del siempre esperado FICUNAM!"},"content":{"rendered":"<p><strong> Por <a title=\"@AsfaltosTweets\" href=\"http:\/\/twitter.com\/AsfaltosTweets\" target=\"_blank\" rel=\"noopener noreferrer\" data-slimstat-type=\"0\" data-slimstat-callback=\"false\" data-slimstat-tracking=\"true\">Asfaltos<\/a><\/strong>.<\/p>\n<p>Uno de los festivales m\u00e1s interesantes del circuito f\u00edlmico de nuestro pa\u00eds, es sin duda el <strong>Festival Internacional de Cine UNAM, FICUNAM<\/strong>. Llegando a su octava edici\u00f3n, de la mano de su directora <strong>Eva Sangiorgi<\/strong> quien es ya directora de la prestigiada <strong>Vienale<\/strong>, <strong>FICUNAM<\/strong> presenta una atractiv\u00edsima edici\u00f3n que supone lo m\u00e1s propositivo del cine experimental, documental y ficci\u00f3n que se podr\u00e1 ver este a\u00f1o en nuestro pa\u00eds.<\/p>\n<p><a href=\"http:\/\/www.reconoce.mx\/wp-content\/uploads\/2018\/02\/fic_18ok.jpg\"><img loading=\"lazy\" decoding=\"async\" class=\"aligncenter size-full wp-image-70773\" src=\"http:\/\/www.reconoce.mx\/wp-content\/uploads\/2018\/02\/fic_18ok.jpg\" alt=\"\" width=\"800\" height=\"1200\" srcset=\"https:\/\/www.reconoce.mx\/wp-content\/uploads\/2018\/02\/fic_18ok.jpg 800w, https:\/\/www.reconoce.mx\/wp-content\/uploads\/2018\/02\/fic_18ok-200x300.jpg 200w, https:\/\/www.reconoce.mx\/wp-content\/uploads\/2018\/02\/fic_18ok-768x1152.jpg 768w, https:\/\/www.reconoce.mx\/wp-content\/uploads\/2018\/02\/fic_18ok-683x1024.jpg 683w, https:\/\/www.reconoce.mx\/wp-content\/uploads\/2018\/02\/fic_18ok-150x225.jpg 150w, https:\/\/www.reconoce.mx\/wp-content\/uploads\/2018\/02\/fic_18ok-700x1050.jpg 700w, https:\/\/www.reconoce.mx\/wp-content\/uploads\/2018\/02\/fic_18ok-658x987.jpg 658w, https:\/\/www.reconoce.mx\/wp-content\/uploads\/2018\/02\/fic_18ok-300x450.jpg 300w\" sizes=\"auto, (max-width: 800px) 100vw, 800px\" \/><\/a><\/p>\n<p>A partir de ma\u00f1ana 28 de febrero y hasta el pr\u00f3ximo 6 de marzo, <strong>FICUNAM<\/strong> vuelve a presentarse como un esfuerzo de la m\u00e1xima casa de estudios por acercar el cine no solo a su comunidad, sino en general a los universitarios. As\u00ed lo hace ver la presencia de trabajos restaurados como \u00abEl despojo\u00bb (1958) , de <strong>Antonio Reynoso<\/strong>; \u00abLa magia\u00bb (1971), de <strong>Ren\u00e9 Rebetez<\/strong>; \u00abLa sunamita\u00bb (1965), de <strong>H\u00e9ctor Mendoza<\/strong>, y \u00abRulfo Aeternum\u00bb (1991), de<strong> Rafael Corkidi<\/strong>.<\/p>\n<p>Ser\u00e1n en total 99 pel\u00edculas, de las cuales 31 est\u00e1n en competencia; proyecciones al aire libre, retrospectivas, mesas de discusi\u00f3n, programas de formaci\u00f3n de p\u00fablicos y un encuentro de escuelas de cine, lo que conformen un festival que ha apostado siempre por ser un encuentro que conviva con otras disciplinas.<\/p>\n<p>Con el <strong>Centro Cultural Universitario<\/strong>, las <strong>Islas de CU<\/strong>, la explanada del <strong>Museo Universitario de Arte Contempor\u00e1neo<\/strong> (MUAC), la <strong>Casa del Lago<\/strong> y m\u00e1s de 15 sedes alternas, <strong>FICUNAM<\/strong> presentar\u00e1 tambi\u00e9n 12 t\u00edtulos en competencia internacional que luchar\u00e1n por los 100 mil pesos que reparten respectivamente los reconocimientos a \u00abMejor pel\u00edcula\u00bb y \u00abMejor director\u00bb. Para la competencia \u00abAhora M\u00e9xico\u00bb, que buscar\u00e1n hacerse del <strong>Premio Puma<\/strong> que consiste en una escultura <strong>Puma de Plata<\/strong> y 100 mil pesos, 10 cintas mexicanas ser\u00e1n las que se lo disputen.<\/p>\n<p>A destacar tambi\u00e9n la funci\u00f3n inaugural \u00abLa telenovela errante\u00bb, trabajo p\u00f3stumo del chileno <strong>Ra\u00fal Ruiz<\/strong>; as\u00ed como la funci\u00f3n de clausura que se realizar\u00e1 en el <strong>Colegio de San Ildefonso<\/strong> con una cinta sorpresa. En la secci\u00f3n \u00abRetrospectiva\u00bb, tres grandes autores nacidos en los 60 ser\u00e1n homenajeados: se trata del realizador y guionista japon\u00e9s <strong>Nobuhiro Suwa<\/strong> (Hiroshima, 1960); el artista multidisciplinario<strong> Roee Rosen<\/strong> (Israel, 1963) y el realizador Travis Wilkerson (Denver, 1969).<\/p>\n<p>Rosen, Nobuhiro Suwa y Travis Wilkerson son tambi\u00e9n invitados del <strong>FICUNAM<\/strong>, para el cual brindar\u00e1n sendas clases magistrales como parte de la <strong>C\u00e1tedra Ingmar Bergman en Cine y Teatro<\/strong>.<\/p>\n<p>Como cereza del pastel, las secciones \u00abEl Porvenir\u00bb, \u00abManifiesto Contempor\u00e1neo\u00bb, \u00abCl\u00e1sicos Restaurados\u00bb, \u00abArchivo de Cine Mexicano\u00bb, \u00abAciertos\u00bb y \u00abFunciones Especiales\u00bb, har\u00e1n las delicias de todos aquellos que se permitan disfrutar de su cine.<\/p>\n<style>.embed-container { position: relative; padding-bottom: 56.25%; height: 0; overflow: hidden; max-width: 100%; } .embed-container iframe, .embed-container object, .embed-container embed { position: absolute; top: 0; left: 0; width: 100%; height: 100%; }<\/style>\n<div class=\"embed-container\"><iframe loading=\"lazy\" src=\"https:\/\/player.vimeo.com\/video\/256690098\" width=\"300\" height=\"150\" frameborder=\"0\" allowfullscreen=\"allowfullscreen\"><\/iframe><\/div>\n<p>&nbsp;<\/p>\n<p><strong>FICUNAM<\/strong> se llevar\u00e1 a cabo desde ma\u00f1ana 28 de febrero y hasta el pr\u00f3ximo 6 de marzo en diversas sedes en Ciudad de M\u00e9xico. Posteriormente la selecci\u00f3n viajar\u00e1 con algunas cintas a los estados de Michoac\u00e1n, Oaxaca, Morelos, Guanajuato, Quer\u00e9taro, Baja California Norte, Quintana Roo, Aguascalientes y Puebla. Para m\u00e1s informaci\u00f3n, <a href=\"https:\/\/www.ficunam.unam.mx\/\" target=\"_blank\" rel=\"noopener\">consulta el sitio oficial<\/a>.<\/p>\n<p style=\"text-align: right;\">Con informaci\u00f3n e im\u00e1genes cortes\u00eda del <strong>FICUNAM<\/strong>.<\/p>\n<p>&nbsp;<\/p>\n<p>&nbsp;<\/p>\n","protected":false},"excerpt":{"rendered":"<p>Uno de los festivales m\u00e1s interesantes del circuito f\u00edlmico de nuestro pa\u00eds, es sin duda el Festival Internacional de Cine UNAM, FICUNAM.<\/p>\n","protected":false},"author":2,"featured_media":70777,"comment_status":"open","ping_status":"open","sticky":false,"template":"","format":"standard","meta":{"footnotes":""},"categories":[24,1,17],"tags":[],"class_list":["post-70748","post","type-post","status-publish","format-standard","has-post-thumbnail","hentry","category-cine","category-cultura","category-principal"],"yoast_head":"<!-- This site is optimized with the Yoast SEO plugin v24.7 - https:\/\/yoast.com\/wordpress\/plugins\/seo\/ -->\n<title>\u00a1Llega la octava edici\u00f3n del siempre esperado FICUNAM! &#171; Reconoce MX<\/title>\n<meta name=\"robots\" content=\"index, follow, max-snippet:-1, max-image-preview:large, max-video-preview:-1\" \/>\n<link rel=\"canonical\" href=\"https:\/\/www.reconoce.mx\/?p=70748\" \/>\n<meta property=\"og:locale\" content=\"es_ES\" \/>\n<meta property=\"og:type\" content=\"article\" \/>\n<meta property=\"og:title\" content=\"\u00a1Llega la octava edici\u00f3n del siempre esperado FICUNAM! &#171; Reconoce MX\" \/>\n<meta property=\"og:description\" content=\"Uno de los festivales m\u00e1s interesantes del circuito f\u00edlmico de nuestro pa\u00eds, es sin duda el Festival Internacional de Cine UNAM, FICUNAM.\" \/>\n<meta property=\"og:url\" content=\"https:\/\/www.reconoce.mx\/?p=70748\" \/>\n<meta property=\"og:site_name\" content=\"Reconoce MX\" \/>\n<meta property=\"article:publisher\" content=\"https:\/\/es-la.facebook.com\/ReconoceMX\/\" \/>\n<meta property=\"article:published_time\" content=\"2018-02-27T06:04:40+00:00\" \/>\n<meta property=\"article:modified_time\" content=\"2018-02-27T16:24:44+00:00\" \/>\n<meta property=\"og:image\" content=\"https:\/\/www.reconoce.mx\/wp-content\/uploads\/2018\/02\/ficunam8.jpg\" \/>\n\t<meta property=\"og:image:width\" content=\"590\" \/>\n\t<meta property=\"og:image:height\" content=\"380\" \/>\n\t<meta property=\"og:image:type\" content=\"image\/jpeg\" \/>\n<meta name=\"author\" content=\"Reconoce MX\" \/>\n<meta name=\"twitter:card\" content=\"summary_large_image\" \/>\n<meta name=\"twitter:creator\" content=\"@reconocemx\" \/>\n<meta name=\"twitter:site\" content=\"@reconocemx\" \/>\n<meta name=\"twitter:label1\" content=\"Escrito por\" \/>\n\t<meta name=\"twitter:data1\" content=\"Reconoce MX\" \/>\n\t<meta name=\"twitter:label2\" content=\"Tiempo de lectura\" \/>\n\t<meta name=\"twitter:data2\" content=\"3 minutos\" \/>\n<script type=\"application\/ld+json\" class=\"yoast-schema-graph\">{\"@context\":\"https:\/\/schema.org\",\"@graph\":[{\"@type\":\"Article\",\"@id\":\"https:\/\/www.reconoce.mx\/?p=70748#article\",\"isPartOf\":{\"@id\":\"https:\/\/www.reconoce.mx\/?p=70748\"},\"author\":{\"name\":\"Reconoce MX\",\"@id\":\"http:\/\/www.reconoce.mx\/#\/schema\/person\/2117e997d7051dc15d6880eaf9bca0b2\"},\"headline\":\"\u00a1Llega la octava edici\u00f3n del siempre esperado FICUNAM!\",\"datePublished\":\"2018-02-27T06:04:40+00:00\",\"dateModified\":\"2018-02-27T16:24:44+00:00\",\"mainEntityOfPage\":{\"@id\":\"https:\/\/www.reconoce.mx\/?p=70748\"},\"wordCount\":526,\"commentCount\":0,\"publisher\":{\"@id\":\"http:\/\/www.reconoce.mx\/#organization\"},\"image\":{\"@id\":\"https:\/\/www.reconoce.mx\/?p=70748#primaryimage\"},\"thumbnailUrl\":\"https:\/\/www.reconoce.mx\/wp-content\/uploads\/2018\/02\/ficunam8.jpg\",\"articleSection\":[\"Cine\",\"Cultura\",\"Principal\"],\"inLanguage\":\"es\",\"potentialAction\":[{\"@type\":\"CommentAction\",\"name\":\"Comment\",\"target\":[\"https:\/\/www.reconoce.mx\/?p=70748#respond\"]}]},{\"@type\":\"WebPage\",\"@id\":\"https:\/\/www.reconoce.mx\/?p=70748\",\"url\":\"https:\/\/www.reconoce.mx\/?p=70748\",\"name\":\"\u00a1Llega la octava edici\u00f3n del siempre esperado FICUNAM! &#171; Reconoce MX\",\"isPartOf\":{\"@id\":\"http:\/\/www.reconoce.mx\/#website\"},\"primaryImageOfPage\":{\"@id\":\"https:\/\/www.reconoce.mx\/?p=70748#primaryimage\"},\"image\":{\"@id\":\"https:\/\/www.reconoce.mx\/?p=70748#primaryimage\"},\"thumbnailUrl\":\"https:\/\/www.reconoce.mx\/wp-content\/uploads\/2018\/02\/ficunam8.jpg\",\"datePublished\":\"2018-02-27T06:04:40+00:00\",\"dateModified\":\"2018-02-27T16:24:44+00:00\",\"breadcrumb\":{\"@id\":\"https:\/\/www.reconoce.mx\/?p=70748#breadcrumb\"},\"inLanguage\":\"es\",\"potentialAction\":[{\"@type\":\"ReadAction\",\"target\":[\"https:\/\/www.reconoce.mx\/?p=70748\"]}]},{\"@type\":\"ImageObject\",\"inLanguage\":\"es\",\"@id\":\"https:\/\/www.reconoce.mx\/?p=70748#primaryimage\",\"url\":\"https:\/\/www.reconoce.mx\/wp-content\/uploads\/2018\/02\/ficunam8.jpg\",\"contentUrl\":\"https:\/\/www.reconoce.mx\/wp-content\/uploads\/2018\/02\/ficunam8.jpg\",\"width\":590,\"height\":380},{\"@type\":\"BreadcrumbList\",\"@id\":\"https:\/\/www.reconoce.mx\/?p=70748#breadcrumb\",\"itemListElement\":[{\"@type\":\"ListItem\",\"position\":1,\"name\":\"Portada\",\"item\":\"http:\/\/www.reconoce.mx\/\"},{\"@type\":\"ListItem\",\"position\":2,\"name\":\"\u00a1Llega la octava edici\u00f3n del siempre esperado FICUNAM!\"}]},{\"@type\":\"WebSite\",\"@id\":\"http:\/\/www.reconoce.mx\/#website\",\"url\":\"http:\/\/www.reconoce.mx\/\",\"name\":\"Reconoce MX\",\"description\":\"En Reconoce MX difundimos arte, cultura y conciencia social en M\u00e9xico. Tu ciudad en otra perspectiva.\",\"publisher\":{\"@id\":\"http:\/\/www.reconoce.mx\/#organization\"},\"potentialAction\":[{\"@type\":\"SearchAction\",\"target\":{\"@type\":\"EntryPoint\",\"urlTemplate\":\"http:\/\/www.reconoce.mx\/?s={search_term_string}\"},\"query-input\":{\"@type\":\"PropertyValueSpecification\",\"valueRequired\":true,\"valueName\":\"search_term_string\"}}],\"inLanguage\":\"es\"},{\"@type\":\"Organization\",\"@id\":\"http:\/\/www.reconoce.mx\/#organization\",\"name\":\"Reconoce MX\",\"url\":\"http:\/\/www.reconoce.mx\/\",\"logo\":{\"@type\":\"ImageObject\",\"inLanguage\":\"es\",\"@id\":\"http:\/\/www.reconoce.mx\/#\/schema\/logo\/image\/\",\"url\":\"https:\/\/www.reconoce.mx\/wp-content\/uploads\/2019\/03\/logorcmx-good-1.png\",\"contentUrl\":\"https:\/\/www.reconoce.mx\/wp-content\/uploads\/2019\/03\/logorcmx-good-1.png\",\"width\":280,\"height\":90,\"caption\":\"Reconoce MX\"},\"image\":{\"@id\":\"http:\/\/www.reconoce.mx\/#\/schema\/logo\/image\/\"},\"sameAs\":[\"https:\/\/es-la.facebook.com\/ReconoceMX\/\",\"https:\/\/x.com\/reconocemx\",\"http:\/\/@reconocemx\"]},{\"@type\":\"Person\",\"@id\":\"http:\/\/www.reconoce.mx\/#\/schema\/person\/2117e997d7051dc15d6880eaf9bca0b2\",\"name\":\"Reconoce MX\",\"image\":{\"@type\":\"ImageObject\",\"inLanguage\":\"es\",\"@id\":\"http:\/\/www.reconoce.mx\/#\/schema\/person\/image\/\",\"url\":\"https:\/\/secure.gravatar.com\/avatar\/6c8d4dc7569ca1c90c5fdcc349f839d5ddef6fe1e70b4337ead2ef1a4c43fc3a?s=96&d=identicon&r=g\",\"contentUrl\":\"https:\/\/secure.gravatar.com\/avatar\/6c8d4dc7569ca1c90c5fdcc349f839d5ddef6fe1e70b4337ead2ef1a4c43fc3a?s=96&d=identicon&r=g\",\"caption\":\"Reconoce MX\"},\"description\":\"Reconoce MX es un proyecto de difusi\u00f3n art\u00edstica, cultural y de conciencia social que est\u00e1 enfocado a difundir y fomentar el entretenimiento alternativo de calidad para todo el p\u00fablico que comparta el mismo entusiasmo.\",\"sameAs\":[\"http:\/\/www.reconoce.mx\"],\"url\":\"https:\/\/www.reconoce.mx\/?author=2\"}]}<\/script>\n<!-- \/ Yoast SEO plugin. -->","yoast_head_json":{"title":"\u00a1Llega la octava edici\u00f3n del siempre esperado FICUNAM! &#171; Reconoce MX","robots":{"index":"index","follow":"follow","max-snippet":"max-snippet:-1","max-image-preview":"max-image-preview:large","max-video-preview":"max-video-preview:-1"},"canonical":"https:\/\/www.reconoce.mx\/?p=70748","og_locale":"es_ES","og_type":"article","og_title":"\u00a1Llega la octava edici\u00f3n del siempre esperado FICUNAM! &#171; Reconoce MX","og_description":"Uno de los festivales m\u00e1s interesantes del circuito f\u00edlmico de nuestro pa\u00eds, es sin duda el Festival Internacional de Cine UNAM, FICUNAM.","og_url":"https:\/\/www.reconoce.mx\/?p=70748","og_site_name":"Reconoce MX","article_publisher":"https:\/\/es-la.facebook.com\/ReconoceMX\/","article_published_time":"2018-02-27T06:04:40+00:00","article_modified_time":"2018-02-27T16:24:44+00:00","og_image":[{"width":590,"height":380,"url":"https:\/\/www.reconoce.mx\/wp-content\/uploads\/2018\/02\/ficunam8.jpg","type":"image\/jpeg"}],"author":"Reconoce MX","twitter_card":"summary_large_image","twitter_creator":"@reconocemx","twitter_site":"@reconocemx","twitter_misc":{"Escrito por":"Reconoce MX","Tiempo de lectura":"3 minutos"},"schema":{"@context":"https:\/\/schema.org","@graph":[{"@type":"Article","@id":"https:\/\/www.reconoce.mx\/?p=70748#article","isPartOf":{"@id":"https:\/\/www.reconoce.mx\/?p=70748"},"author":{"name":"Reconoce MX","@id":"http:\/\/www.reconoce.mx\/#\/schema\/person\/2117e997d7051dc15d6880eaf9bca0b2"},"headline":"\u00a1Llega la octava edici\u00f3n del siempre esperado FICUNAM!","datePublished":"2018-02-27T06:04:40+00:00","dateModified":"2018-02-27T16:24:44+00:00","mainEntityOfPage":{"@id":"https:\/\/www.reconoce.mx\/?p=70748"},"wordCount":526,"commentCount":0,"publisher":{"@id":"http:\/\/www.reconoce.mx\/#organization"},"image":{"@id":"https:\/\/www.reconoce.mx\/?p=70748#primaryimage"},"thumbnailUrl":"https:\/\/www.reconoce.mx\/wp-content\/uploads\/2018\/02\/ficunam8.jpg","articleSection":["Cine","Cultura","Principal"],"inLanguage":"es","potentialAction":[{"@type":"CommentAction","name":"Comment","target":["https:\/\/www.reconoce.mx\/?p=70748#respond"]}]},{"@type":"WebPage","@id":"https:\/\/www.reconoce.mx\/?p=70748","url":"https:\/\/www.reconoce.mx\/?p=70748","name":"\u00a1Llega la octava edici\u00f3n del siempre esperado FICUNAM! &#171; Reconoce MX","isPartOf":{"@id":"http:\/\/www.reconoce.mx\/#website"},"primaryImageOfPage":{"@id":"https:\/\/www.reconoce.mx\/?p=70748#primaryimage"},"image":{"@id":"https:\/\/www.reconoce.mx\/?p=70748#primaryimage"},"thumbnailUrl":"https:\/\/www.reconoce.mx\/wp-content\/uploads\/2018\/02\/ficunam8.jpg","datePublished":"2018-02-27T06:04:40+00:00","dateModified":"2018-02-27T16:24:44+00:00","breadcrumb":{"@id":"https:\/\/www.reconoce.mx\/?p=70748#breadcrumb"},"inLanguage":"es","potentialAction":[{"@type":"ReadAction","target":["https:\/\/www.reconoce.mx\/?p=70748"]}]},{"@type":"ImageObject","inLanguage":"es","@id":"https:\/\/www.reconoce.mx\/?p=70748#primaryimage","url":"https:\/\/www.reconoce.mx\/wp-content\/uploads\/2018\/02\/ficunam8.jpg","contentUrl":"https:\/\/www.reconoce.mx\/wp-content\/uploads\/2018\/02\/ficunam8.jpg","width":590,"height":380},{"@type":"BreadcrumbList","@id":"https:\/\/www.reconoce.mx\/?p=70748#breadcrumb","itemListElement":[{"@type":"ListItem","position":1,"name":"Portada","item":"http:\/\/www.reconoce.mx\/"},{"@type":"ListItem","position":2,"name":"\u00a1Llega la octava edici\u00f3n del siempre esperado FICUNAM!"}]},{"@type":"WebSite","@id":"http:\/\/www.reconoce.mx\/#website","url":"http:\/\/www.reconoce.mx\/","name":"Reconoce MX","description":"En Reconoce MX difundimos arte, cultura y conciencia social en M\u00e9xico. Tu ciudad en otra perspectiva.","publisher":{"@id":"http:\/\/www.reconoce.mx\/#organization"},"potentialAction":[{"@type":"SearchAction","target":{"@type":"EntryPoint","urlTemplate":"http:\/\/www.reconoce.mx\/?s={search_term_string}"},"query-input":{"@type":"PropertyValueSpecification","valueRequired":true,"valueName":"search_term_string"}}],"inLanguage":"es"},{"@type":"Organization","@id":"http:\/\/www.reconoce.mx\/#organization","name":"Reconoce MX","url":"http:\/\/www.reconoce.mx\/","logo":{"@type":"ImageObject","inLanguage":"es","@id":"http:\/\/www.reconoce.mx\/#\/schema\/logo\/image\/","url":"https:\/\/www.reconoce.mx\/wp-content\/uploads\/2019\/03\/logorcmx-good-1.png","contentUrl":"https:\/\/www.reconoce.mx\/wp-content\/uploads\/2019\/03\/logorcmx-good-1.png","width":280,"height":90,"caption":"Reconoce MX"},"image":{"@id":"http:\/\/www.reconoce.mx\/#\/schema\/logo\/image\/"},"sameAs":["https:\/\/es-la.facebook.com\/ReconoceMX\/","https:\/\/x.com\/reconocemx","http:\/\/@reconocemx"]},{"@type":"Person","@id":"http:\/\/www.reconoce.mx\/#\/schema\/person\/2117e997d7051dc15d6880eaf9bca0b2","name":"Reconoce MX","image":{"@type":"ImageObject","inLanguage":"es","@id":"http:\/\/www.reconoce.mx\/#\/schema\/person\/image\/","url":"https:\/\/secure.gravatar.com\/avatar\/6c8d4dc7569ca1c90c5fdcc349f839d5ddef6fe1e70b4337ead2ef1a4c43fc3a?s=96&d=identicon&r=g","contentUrl":"https:\/\/secure.gravatar.com\/avatar\/6c8d4dc7569ca1c90c5fdcc349f839d5ddef6fe1e70b4337ead2ef1a4c43fc3a?s=96&d=identicon&r=g","caption":"Reconoce MX"},"description":"Reconoce MX es un proyecto de difusi\u00f3n art\u00edstica, cultural y de conciencia social que est\u00e1 enfocado a difundir y fomentar el entretenimiento alternativo de calidad para todo el p\u00fablico que comparta el mismo entusiasmo.","sameAs":["http:\/\/www.reconoce.mx"],"url":"https:\/\/www.reconoce.mx\/?author=2"}]}},"_links":{"self":[{"href":"https:\/\/www.reconoce.mx\/index.php?rest_route=\/wp\/v2\/posts\/70748","targetHints":{"allow":["GET"]}}],"collection":[{"href":"https:\/\/www.reconoce.mx\/index.php?rest_route=\/wp\/v2\/posts"}],"about":[{"href":"https:\/\/www.reconoce.mx\/index.php?rest_route=\/wp\/v2\/types\/post"}],"author":[{"embeddable":true,"href":"https:\/\/www.reconoce.mx\/index.php?rest_route=\/wp\/v2\/users\/2"}],"replies":[{"embeddable":true,"href":"https:\/\/www.reconoce.mx\/index.php?rest_route=%2Fwp%2Fv2%2Fcomments&post=70748"}],"version-history":[{"count":6,"href":"https:\/\/www.reconoce.mx\/index.php?rest_route=\/wp\/v2\/posts\/70748\/revisions"}],"predecessor-version":[{"id":70906,"href":"https:\/\/www.reconoce.mx\/index.php?rest_route=\/wp\/v2\/posts\/70748\/revisions\/70906"}],"wp:featuredmedia":[{"embeddable":true,"href":"https:\/\/www.reconoce.mx\/index.php?rest_route=\/wp\/v2\/media\/70777"}],"wp:attachment":[{"href":"https:\/\/www.reconoce.mx\/index.php?rest_route=%2Fwp%2Fv2%2Fmedia&parent=70748"}],"wp:term":[{"taxonomy":"category","embeddable":true,"href":"https:\/\/www.reconoce.mx\/index.php?rest_route=%2Fwp%2Fv2%2Fcategories&post=70748"},{"taxonomy":"post_tag","embeddable":true,"href":"https:\/\/www.reconoce.mx\/index.php?rest_route=%2Fwp%2Fv2%2Ftags&post=70748"}],"curies":[{"name":"wp","href":"https:\/\/api.w.org\/{rel}","templated":true}]}}