{"id":70781,"date":"2018-02-28T00:01:12","date_gmt":"2018-02-28T06:01:12","guid":{"rendered":"http:\/\/www.reconoce.mx\/?p=70781"},"modified":"2018-03-01T23:42:25","modified_gmt":"2018-03-02T05:42:25","slug":"lo-pasado-pasado-de-jose-jose","status":"publish","type":"post","link":"https:\/\/www.reconoce.mx\/?p=70781","title":{"rendered":"&#8216;Lo pasado, pasado&#8217;, de Jos\u00e9 Jos\u00e9"},"content":{"rendered":"<p><a href=\"http:\/\/www.reconoce.mx\/category\/cultura\/musica\/miercoles-nostalgico\/\"><img loading=\"lazy\" decoding=\"async\" class=\"aligncenter size-full wp-image-38360\" src=\"http:\/\/www.reconoce.mx\/wp-content\/uploads\/2015\/06\/Miercoles.png\" alt=\"Martes\" width=\"550\" height=\"70\" \/><\/a><strong><br \/>\nPor <a title=\"@AsfaltosTweets\" href=\"http:\/\/twitter.com\/AsfaltosTweets\" target=\"_blank\" rel=\"noopener\">Asfaltos<\/a><\/strong>.<\/p>\n<p>El pasado s\u00e1bado 17 de febrero, el gran, el inconfundible, el talentoso <strong>Jos\u00e9 Jos\u00e9<\/strong>, cumpli\u00f3 70 a\u00f1os de edad. En medio de una serie de rumores sobre su estado de salud, lo que se sabe actualmente es que el cantante de momento est\u00e1 bien, y que no, no se nos ha ido. Sirva entonces este <a href=\"http:\/\/www.reconoce.mx\/category\/cultura\/musica\/miercoles-nostalgico\/\" target=\"_blank\" rel=\"noopener\">Mi\u00e9rcoles nost\u00e1lgico<\/a> para recordar a una de las m\u00e1s grandes voces masculinas que se han escuchado en nuestro pa\u00eds&#8230; de esas que ya no hay en la actualidad.<\/p>\n<p><iframe title=\"Spotify Embed: Lo Pasado, Pasado - Sinf\u00f3nico\" style=\"border-radius: 12px\" width=\"100%\" height=\"152\" frameborder=\"0\" allowfullscreen allow=\"autoplay; clipboard-write; encrypted-media; fullscreen; picture-in-picture\" loading=\"lazy\" src=\"https:\/\/open.spotify.com\/embed\/track\/0EmZUH4ogbe09xV2JLcSI8?utm_source=oembed\"><\/iframe><\/p>\n<p>Jos\u00e9 R\u00f3mulo Sosa Ortiz, conocido art\u00edsticamente como<strong> Jos\u00e9 Jos\u00e9<\/strong>, o tambi\u00e9n como \u00abEl pr\u00edncipe de la canci\u00f3n\u00bb, naci\u00f3 en el seno de una familia de m\u00fasicos donde aprendi\u00f3 a cantar, a tocar la guitarra y posteriormente a usar el bajo y el contrabajo. Es sin sin embargo con la voz donde m\u00e1s se destac\u00f3.<\/p>\n<p>Hijo del tenor de \u00f3pera Jos\u00e9 Sosa Esquivel -de quien toma el segundo Jos\u00e9 de su pseud\u00f3nimo-, <strong>Jos\u00e9 Jos\u00e9<\/strong> salt\u00f3 a la fama en 1968 gracias a su primer \u00e9xito \u00abLa nave del olvido\u00bb; para posteriormente y de manera indudable pisar firme tras su exitosa participaci\u00f3n en el <strong>II Festival de la Canci\u00f3n Latina<\/strong>, donde muchos le admiraron con su inconfundible interpretaci\u00f3n de \u00abEl triste\u00bb.<\/p>\n<p>Para brindarle a <strong>Jos\u00e9 Jos\u00e9<\/strong> un abrazo cari\u00f1oso y un muy digno homenaje por su carrera, haciendo a un lado las burlas que en muchos medios le hacen por el actual estado de su voz, \u00a1que venga una versi\u00f3n sinf\u00f3nica de <strong>Jos\u00e9 Jos\u00e9<\/strong> y su magn\u00edfica interpretaci\u00f3n de \u00abLo pasado, pasado\u00bb escrita por el mism\u00edsimo <strong>Juan Gabriel<\/strong>!<\/p>\n<p>\u00abSinf\u00f3nico\u00bb, de <strong>Jos\u00e9 Jos\u00e9<\/strong>, fue uno de los estrenos musicales de la semana pasada en plataformas digitales; recomendable lo escuchen completo <a href=\"https:\/\/open.spotify.com\/album\/3OBMNQfTggseTBEN8Xh3v2\" target=\"_blank\" rel=\"noopener\">v\u00eda Spotify<\/a>.<\/p>\n<p>Don<strong> Jos\u00e9 Jos\u00e9<\/strong>, \u00a1esp\u00e9renos un poquito, poquito m\u00e1s, nos morir\u00edamos si se va!<\/p>\n<p>&nbsp;<\/p>\n<p>&nbsp;<\/p>\n","protected":false},"excerpt":{"rendered":"<p>El pasado s\u00e1bado 17 de febrero, el gran, el inconfundible, el talentoso Jos\u00e9 Jos\u00e9, cumpli\u00f3 70 a\u00f1os de edad. En medio de una serie de rumores sobre su estado de salud, lo que se sabe actualmente es que el cantante de momento est\u00e1 bien, y que no, no se n<\/p>\n","protected":false},"author":2,"featured_media":70784,"comment_status":"open","ping_status":"open","sticky":false,"template":"","format":"standard","meta":{"footnotes":""},"categories":[1,2580,18,17],"tags":[],"class_list":["post-70781","post","type-post","status-publish","format-standard","has-post-thumbnail","hentry","category-cultura","category-miercoles-nostalgico","category-musica","category-principal"],"yoast_head":"<!-- This site is optimized with the Yoast SEO plugin v24.7 - https:\/\/yoast.com\/wordpress\/plugins\/seo\/ -->\n<title>&#039;Lo pasado, pasado&#039;, de Jos\u00e9 Jos\u00e9 &#171; Reconoce MX<\/title>\n<meta name=\"robots\" content=\"index, follow, max-snippet:-1, max-image-preview:large, max-video-preview:-1\" \/>\n<link rel=\"canonical\" href=\"https:\/\/www.reconoce.mx\/?p=70781\" \/>\n<meta property=\"og:locale\" content=\"es_ES\" \/>\n<meta property=\"og:type\" content=\"article\" \/>\n<meta property=\"og:title\" content=\"&#039;Lo pasado, pasado&#039;, de Jos\u00e9 Jos\u00e9 &#171; Reconoce MX\" \/>\n<meta property=\"og:description\" content=\"El pasado s\u00e1bado 17 de febrero, el gran, el inconfundible, el talentoso Jos\u00e9 Jos\u00e9, cumpli\u00f3 70 a\u00f1os de edad. En medio de una serie de rumores sobre su estado de salud, lo que se sabe actualmente es que el cantante de momento est\u00e1 bien, y que no, no se n\" \/>\n<meta property=\"og:url\" content=\"https:\/\/www.reconoce.mx\/?p=70781\" \/>\n<meta property=\"og:site_name\" content=\"Reconoce MX\" \/>\n<meta property=\"article:publisher\" content=\"https:\/\/es-la.facebook.com\/ReconoceMX\/\" \/>\n<meta property=\"article:published_time\" content=\"2018-02-28T06:01:12+00:00\" \/>\n<meta property=\"article:modified_time\" content=\"2018-03-02T05:42:25+00:00\" \/>\n<meta property=\"og:image\" content=\"https:\/\/www.reconoce.mx\/wp-content\/uploads\/2018\/02\/jos\u00e9-jos\u00e9-sinf\u00f3nico.jpg\" \/>\n\t<meta property=\"og:image:width\" content=\"590\" \/>\n\t<meta property=\"og:image:height\" content=\"380\" \/>\n\t<meta property=\"og:image:type\" content=\"image\/jpeg\" \/>\n<meta name=\"author\" content=\"Reconoce MX\" \/>\n<meta name=\"twitter:card\" content=\"summary_large_image\" \/>\n<meta name=\"twitter:creator\" content=\"@reconocemx\" \/>\n<meta name=\"twitter:site\" content=\"@reconocemx\" \/>\n<meta name=\"twitter:label1\" content=\"Escrito por\" \/>\n\t<meta name=\"twitter:data1\" content=\"Reconoce MX\" \/>\n\t<meta name=\"twitter:label2\" content=\"Tiempo de lectura\" \/>\n\t<meta name=\"twitter:data2\" content=\"2 minutos\" \/>\n<script type=\"application\/ld+json\" class=\"yoast-schema-graph\">{\"@context\":\"https:\/\/schema.org\",\"@graph\":[{\"@type\":\"Article\",\"@id\":\"https:\/\/www.reconoce.mx\/?p=70781#article\",\"isPartOf\":{\"@id\":\"https:\/\/www.reconoce.mx\/?p=70781\"},\"author\":{\"name\":\"Reconoce MX\",\"@id\":\"http:\/\/www.reconoce.mx\/#\/schema\/person\/2117e997d7051dc15d6880eaf9bca0b2\"},\"headline\":\"&#8216;Lo pasado, pasado&#8217;, de Jos\u00e9 Jos\u00e9\",\"datePublished\":\"2018-02-28T06:01:12+00:00\",\"dateModified\":\"2018-03-02T05:42:25+00:00\",\"mainEntityOfPage\":{\"@id\":\"https:\/\/www.reconoce.mx\/?p=70781\"},\"wordCount\":339,\"commentCount\":0,\"publisher\":{\"@id\":\"http:\/\/www.reconoce.mx\/#organization\"},\"image\":{\"@id\":\"https:\/\/www.reconoce.mx\/?p=70781#primaryimage\"},\"thumbnailUrl\":\"https:\/\/www.reconoce.mx\/wp-content\/uploads\/2018\/02\/jos\u00e9-jos\u00e9-sinf\u00f3nico.jpg\",\"articleSection\":[\"Cultura\",\"Mi\u00e9rcoles nost\u00e1lgico\",\"M\u00fasica\",\"Principal\"],\"inLanguage\":\"es\",\"potentialAction\":[{\"@type\":\"CommentAction\",\"name\":\"Comment\",\"target\":[\"https:\/\/www.reconoce.mx\/?p=70781#respond\"]}]},{\"@type\":\"WebPage\",\"@id\":\"https:\/\/www.reconoce.mx\/?p=70781\",\"url\":\"https:\/\/www.reconoce.mx\/?p=70781\",\"name\":\"'Lo pasado, pasado', de Jos\u00e9 Jos\u00e9 &#171; Reconoce MX\",\"isPartOf\":{\"@id\":\"http:\/\/www.reconoce.mx\/#website\"},\"primaryImageOfPage\":{\"@id\":\"https:\/\/www.reconoce.mx\/?p=70781#primaryimage\"},\"image\":{\"@id\":\"https:\/\/www.reconoce.mx\/?p=70781#primaryimage\"},\"thumbnailUrl\":\"https:\/\/www.reconoce.mx\/wp-content\/uploads\/2018\/02\/jos\u00e9-jos\u00e9-sinf\u00f3nico.jpg\",\"datePublished\":\"2018-02-28T06:01:12+00:00\",\"dateModified\":\"2018-03-02T05:42:25+00:00\",\"breadcrumb\":{\"@id\":\"https:\/\/www.reconoce.mx\/?p=70781#breadcrumb\"},\"inLanguage\":\"es\",\"potentialAction\":[{\"@type\":\"ReadAction\",\"target\":[\"https:\/\/www.reconoce.mx\/?p=70781\"]}]},{\"@type\":\"ImageObject\",\"inLanguage\":\"es\",\"@id\":\"https:\/\/www.reconoce.mx\/?p=70781#primaryimage\",\"url\":\"https:\/\/www.reconoce.mx\/wp-content\/uploads\/2018\/02\/jos\u00e9-jos\u00e9-sinf\u00f3nico.jpg\",\"contentUrl\":\"https:\/\/www.reconoce.mx\/wp-content\/uploads\/2018\/02\/jos\u00e9-jos\u00e9-sinf\u00f3nico.jpg\",\"width\":590,\"height\":380},{\"@type\":\"BreadcrumbList\",\"@id\":\"https:\/\/www.reconoce.mx\/?p=70781#breadcrumb\",\"itemListElement\":[{\"@type\":\"ListItem\",\"position\":1,\"name\":\"Portada\",\"item\":\"http:\/\/www.reconoce.mx\/\"},{\"@type\":\"ListItem\",\"position\":2,\"name\":\"&#8216;Lo pasado, pasado&#8217;, de Jos\u00e9 Jos\u00e9\"}]},{\"@type\":\"WebSite\",\"@id\":\"http:\/\/www.reconoce.mx\/#website\",\"url\":\"http:\/\/www.reconoce.mx\/\",\"name\":\"Reconoce MX\",\"description\":\"En Reconoce MX difundimos arte, cultura y conciencia social en M\u00e9xico. Tu ciudad en otra perspectiva.\",\"publisher\":{\"@id\":\"http:\/\/www.reconoce.mx\/#organization\"},\"potentialAction\":[{\"@type\":\"SearchAction\",\"target\":{\"@type\":\"EntryPoint\",\"urlTemplate\":\"http:\/\/www.reconoce.mx\/?s={search_term_string}\"},\"query-input\":{\"@type\":\"PropertyValueSpecification\",\"valueRequired\":true,\"valueName\":\"search_term_string\"}}],\"inLanguage\":\"es\"},{\"@type\":\"Organization\",\"@id\":\"http:\/\/www.reconoce.mx\/#organization\",\"name\":\"Reconoce MX\",\"url\":\"http:\/\/www.reconoce.mx\/\",\"logo\":{\"@type\":\"ImageObject\",\"inLanguage\":\"es\",\"@id\":\"http:\/\/www.reconoce.mx\/#\/schema\/logo\/image\/\",\"url\":\"https:\/\/www.reconoce.mx\/wp-content\/uploads\/2019\/03\/logorcmx-good-1.png\",\"contentUrl\":\"https:\/\/www.reconoce.mx\/wp-content\/uploads\/2019\/03\/logorcmx-good-1.png\",\"width\":280,\"height\":90,\"caption\":\"Reconoce MX\"},\"image\":{\"@id\":\"http:\/\/www.reconoce.mx\/#\/schema\/logo\/image\/\"},\"sameAs\":[\"https:\/\/es-la.facebook.com\/ReconoceMX\/\",\"https:\/\/x.com\/reconocemx\",\"http:\/\/@reconocemx\"]},{\"@type\":\"Person\",\"@id\":\"http:\/\/www.reconoce.mx\/#\/schema\/person\/2117e997d7051dc15d6880eaf9bca0b2\",\"name\":\"Reconoce MX\",\"image\":{\"@type\":\"ImageObject\",\"inLanguage\":\"es\",\"@id\":\"http:\/\/www.reconoce.mx\/#\/schema\/person\/image\/\",\"url\":\"https:\/\/secure.gravatar.com\/avatar\/6c8d4dc7569ca1c90c5fdcc349f839d5ddef6fe1e70b4337ead2ef1a4c43fc3a?s=96&d=identicon&r=g\",\"contentUrl\":\"https:\/\/secure.gravatar.com\/avatar\/6c8d4dc7569ca1c90c5fdcc349f839d5ddef6fe1e70b4337ead2ef1a4c43fc3a?s=96&d=identicon&r=g\",\"caption\":\"Reconoce MX\"},\"description\":\"Reconoce MX es un proyecto de difusi\u00f3n art\u00edstica, cultural y de conciencia social que est\u00e1 enfocado a difundir y fomentar el entretenimiento alternativo de calidad para todo el p\u00fablico que comparta el mismo entusiasmo.\",\"sameAs\":[\"http:\/\/www.reconoce.mx\"],\"url\":\"https:\/\/www.reconoce.mx\/?author=2\"}]}<\/script>\n<!-- \/ Yoast SEO plugin. -->","yoast_head_json":{"title":"'Lo pasado, pasado', de Jos\u00e9 Jos\u00e9 &#171; Reconoce MX","robots":{"index":"index","follow":"follow","max-snippet":"max-snippet:-1","max-image-preview":"max-image-preview:large","max-video-preview":"max-video-preview:-1"},"canonical":"https:\/\/www.reconoce.mx\/?p=70781","og_locale":"es_ES","og_type":"article","og_title":"'Lo pasado, pasado', de Jos\u00e9 Jos\u00e9 &#171; Reconoce MX","og_description":"El pasado s\u00e1bado 17 de febrero, el gran, el inconfundible, el talentoso Jos\u00e9 Jos\u00e9, cumpli\u00f3 70 a\u00f1os de edad. En medio de una serie de rumores sobre su estado de salud, lo que se sabe actualmente es que el cantante de momento est\u00e1 bien, y que no, no se n","og_url":"https:\/\/www.reconoce.mx\/?p=70781","og_site_name":"Reconoce MX","article_publisher":"https:\/\/es-la.facebook.com\/ReconoceMX\/","article_published_time":"2018-02-28T06:01:12+00:00","article_modified_time":"2018-03-02T05:42:25+00:00","og_image":[{"width":590,"height":380,"url":"https:\/\/www.reconoce.mx\/wp-content\/uploads\/2018\/02\/jos\u00e9-jos\u00e9-sinf\u00f3nico.jpg","type":"image\/jpeg"}],"author":"Reconoce MX","twitter_card":"summary_large_image","twitter_creator":"@reconocemx","twitter_site":"@reconocemx","twitter_misc":{"Escrito por":"Reconoce MX","Tiempo de lectura":"2 minutos"},"schema":{"@context":"https:\/\/schema.org","@graph":[{"@type":"Article","@id":"https:\/\/www.reconoce.mx\/?p=70781#article","isPartOf":{"@id":"https:\/\/www.reconoce.mx\/?p=70781"},"author":{"name":"Reconoce MX","@id":"http:\/\/www.reconoce.mx\/#\/schema\/person\/2117e997d7051dc15d6880eaf9bca0b2"},"headline":"&#8216;Lo pasado, pasado&#8217;, de Jos\u00e9 Jos\u00e9","datePublished":"2018-02-28T06:01:12+00:00","dateModified":"2018-03-02T05:42:25+00:00","mainEntityOfPage":{"@id":"https:\/\/www.reconoce.mx\/?p=70781"},"wordCount":339,"commentCount":0,"publisher":{"@id":"http:\/\/www.reconoce.mx\/#organization"},"image":{"@id":"https:\/\/www.reconoce.mx\/?p=70781#primaryimage"},"thumbnailUrl":"https:\/\/www.reconoce.mx\/wp-content\/uploads\/2018\/02\/jos\u00e9-jos\u00e9-sinf\u00f3nico.jpg","articleSection":["Cultura","Mi\u00e9rcoles nost\u00e1lgico","M\u00fasica","Principal"],"inLanguage":"es","potentialAction":[{"@type":"CommentAction","name":"Comment","target":["https:\/\/www.reconoce.mx\/?p=70781#respond"]}]},{"@type":"WebPage","@id":"https:\/\/www.reconoce.mx\/?p=70781","url":"https:\/\/www.reconoce.mx\/?p=70781","name":"'Lo pasado, pasado', de Jos\u00e9 Jos\u00e9 &#171; Reconoce MX","isPartOf":{"@id":"http:\/\/www.reconoce.mx\/#website"},"primaryImageOfPage":{"@id":"https:\/\/www.reconoce.mx\/?p=70781#primaryimage"},"image":{"@id":"https:\/\/www.reconoce.mx\/?p=70781#primaryimage"},"thumbnailUrl":"https:\/\/www.reconoce.mx\/wp-content\/uploads\/2018\/02\/jos\u00e9-jos\u00e9-sinf\u00f3nico.jpg","datePublished":"2018-02-28T06:01:12+00:00","dateModified":"2018-03-02T05:42:25+00:00","breadcrumb":{"@id":"https:\/\/www.reconoce.mx\/?p=70781#breadcrumb"},"inLanguage":"es","potentialAction":[{"@type":"ReadAction","target":["https:\/\/www.reconoce.mx\/?p=70781"]}]},{"@type":"ImageObject","inLanguage":"es","@id":"https:\/\/www.reconoce.mx\/?p=70781#primaryimage","url":"https:\/\/www.reconoce.mx\/wp-content\/uploads\/2018\/02\/jos\u00e9-jos\u00e9-sinf\u00f3nico.jpg","contentUrl":"https:\/\/www.reconoce.mx\/wp-content\/uploads\/2018\/02\/jos\u00e9-jos\u00e9-sinf\u00f3nico.jpg","width":590,"height":380},{"@type":"BreadcrumbList","@id":"https:\/\/www.reconoce.mx\/?p=70781#breadcrumb","itemListElement":[{"@type":"ListItem","position":1,"name":"Portada","item":"http:\/\/www.reconoce.mx\/"},{"@type":"ListItem","position":2,"name":"&#8216;Lo pasado, pasado&#8217;, de Jos\u00e9 Jos\u00e9"}]},{"@type":"WebSite","@id":"http:\/\/www.reconoce.mx\/#website","url":"http:\/\/www.reconoce.mx\/","name":"Reconoce MX","description":"En Reconoce MX difundimos arte, cultura y conciencia social en M\u00e9xico. Tu ciudad en otra perspectiva.","publisher":{"@id":"http:\/\/www.reconoce.mx\/#organization"},"potentialAction":[{"@type":"SearchAction","target":{"@type":"EntryPoint","urlTemplate":"http:\/\/www.reconoce.mx\/?s={search_term_string}"},"query-input":{"@type":"PropertyValueSpecification","valueRequired":true,"valueName":"search_term_string"}}],"inLanguage":"es"},{"@type":"Organization","@id":"http:\/\/www.reconoce.mx\/#organization","name":"Reconoce MX","url":"http:\/\/www.reconoce.mx\/","logo":{"@type":"ImageObject","inLanguage":"es","@id":"http:\/\/www.reconoce.mx\/#\/schema\/logo\/image\/","url":"https:\/\/www.reconoce.mx\/wp-content\/uploads\/2019\/03\/logorcmx-good-1.png","contentUrl":"https:\/\/www.reconoce.mx\/wp-content\/uploads\/2019\/03\/logorcmx-good-1.png","width":280,"height":90,"caption":"Reconoce MX"},"image":{"@id":"http:\/\/www.reconoce.mx\/#\/schema\/logo\/image\/"},"sameAs":["https:\/\/es-la.facebook.com\/ReconoceMX\/","https:\/\/x.com\/reconocemx","http:\/\/@reconocemx"]},{"@type":"Person","@id":"http:\/\/www.reconoce.mx\/#\/schema\/person\/2117e997d7051dc15d6880eaf9bca0b2","name":"Reconoce MX","image":{"@type":"ImageObject","inLanguage":"es","@id":"http:\/\/www.reconoce.mx\/#\/schema\/person\/image\/","url":"https:\/\/secure.gravatar.com\/avatar\/6c8d4dc7569ca1c90c5fdcc349f839d5ddef6fe1e70b4337ead2ef1a4c43fc3a?s=96&d=identicon&r=g","contentUrl":"https:\/\/secure.gravatar.com\/avatar\/6c8d4dc7569ca1c90c5fdcc349f839d5ddef6fe1e70b4337ead2ef1a4c43fc3a?s=96&d=identicon&r=g","caption":"Reconoce MX"},"description":"Reconoce MX es un proyecto de difusi\u00f3n art\u00edstica, cultural y de conciencia social que est\u00e1 enfocado a difundir y fomentar el entretenimiento alternativo de calidad para todo el p\u00fablico que comparta el mismo entusiasmo.","sameAs":["http:\/\/www.reconoce.mx"],"url":"https:\/\/www.reconoce.mx\/?author=2"}]}},"_links":{"self":[{"href":"https:\/\/www.reconoce.mx\/index.php?rest_route=\/wp\/v2\/posts\/70781","targetHints":{"allow":["GET"]}}],"collection":[{"href":"https:\/\/www.reconoce.mx\/index.php?rest_route=\/wp\/v2\/posts"}],"about":[{"href":"https:\/\/www.reconoce.mx\/index.php?rest_route=\/wp\/v2\/types\/post"}],"author":[{"embeddable":true,"href":"https:\/\/www.reconoce.mx\/index.php?rest_route=\/wp\/v2\/users\/2"}],"replies":[{"embeddable":true,"href":"https:\/\/www.reconoce.mx\/index.php?rest_route=%2Fwp%2Fv2%2Fcomments&post=70781"}],"version-history":[{"count":6,"href":"https:\/\/www.reconoce.mx\/index.php?rest_route=\/wp\/v2\/posts\/70781\/revisions"}],"predecessor-version":[{"id":70947,"href":"https:\/\/www.reconoce.mx\/index.php?rest_route=\/wp\/v2\/posts\/70781\/revisions\/70947"}],"wp:featuredmedia":[{"embeddable":true,"href":"https:\/\/www.reconoce.mx\/index.php?rest_route=\/wp\/v2\/media\/70784"}],"wp:attachment":[{"href":"https:\/\/www.reconoce.mx\/index.php?rest_route=%2Fwp%2Fv2%2Fmedia&parent=70781"}],"wp:term":[{"taxonomy":"category","embeddable":true,"href":"https:\/\/www.reconoce.mx\/index.php?rest_route=%2Fwp%2Fv2%2Fcategories&post=70781"},{"taxonomy":"post_tag","embeddable":true,"href":"https:\/\/www.reconoce.mx\/index.php?rest_route=%2Fwp%2Fv2%2Ftags&post=70781"}],"curies":[{"name":"wp","href":"https:\/\/api.w.org\/{rel}","templated":true}]}}