{"id":70813,"date":"2018-02-28T00:04:21","date_gmt":"2018-02-28T06:04:21","guid":{"rendered":"http:\/\/www.reconoce.mx\/?p=70813"},"modified":"2018-02-28T01:11:24","modified_gmt":"2018-02-28T07:11:24","slug":"brecha-de-la-barranca","status":"publish","type":"post","link":"https:\/\/www.reconoce.mx\/?p=70813","title":{"rendered":"&#8216;Brecha&#8217;, de La Barranca"},"content":{"rendered":"<p><a href=\"http:\/\/www.reconoce.mx\/category\/cultura\/musica\/video-de-la-semana\/\"><img loading=\"lazy\" decoding=\"async\" class=\"aligncenter size-full wp-image-38360\" src=\"http:\/\/www.reconoce.mx\/wp-content\/uploads\/2015\/06\/videodelasemana.png\" alt=\"Martes\" width=\"550\" height=\"70\" \/><\/a><\/p>\n<p><strong>Por <a title=\"@AsfaltosTweets\" href=\"http:\/\/twitter.com\/AsfaltosTweets\" target=\"_blank\" rel=\"noopener\">Asfaltos<\/a><\/strong>.<\/p>\n<p>Su historia comenz\u00f3 a finales de 1994, cuando <strong>Jos\u00e9 Manuel Aguilera<\/strong> y Federico Fong se juntaron para fundar <strong>La Barranca<\/strong>. Dos a\u00f1os despu\u00e9s, despu\u00e9s de que \u00e9stos dos formaran parte de grupos como Sangre Asteka, Caifanes y Jaguares, lleg\u00f3 el \u00e1lbum debut de la banda: \u00abEl fuego de la noche\u00bb. A partir de ah\u00ed <strong>La Barranca<\/strong> lleg\u00f3 para quedarse.<\/p>\n<style>.embed-container { position: relative; padding-bottom: 56.25%; height: 0; overflow: hidden; max-width: 100%; } .embed-container iframe, .embed-container object, .embed-container embed { position: absolute; top: 0; left: 0; width: 100%; height: 100%; }<\/style>\n<div class=\"embed-container\"><iframe loading=\"lazy\" src=\"https:\/\/www.youtube.com\/embed\/HHxiWdPfghc\" width=\"300\" height=\"150\" frameborder=\"0\" allowfullscreen=\"allowfullscreen\"><\/iframe><\/div>\n<p>&nbsp;<\/p>\n<p>10 \u00e1lbumes de estudio despu\u00e9s,<strong> La Barranca<\/strong> (afortunadamente) contin\u00faa dando de qu\u00e9 hablar, y a\u00fan m\u00e1s en fechas pr\u00f3ximas con el que ser\u00e1 su pr\u00f3ximo estreno que desde ya nos saboreamos con hartas ganas. <strong>Jos\u00e9 Manuel Aguilera<\/strong>, <strong>Alfonso Andr\u00e9<\/strong>,<strong> Navi Naas<\/strong>,<strong> Adolfo Romero<\/strong>, <strong>Erick Romero<\/strong> y <strong>Yann Zaragoza<\/strong> son los actuales responsables de un pr\u00f3ximo \u00e1lbum titulado \u00abLo eterno\u00bb (2018), mismo que se sabe ver\u00e1 la luz en abril pr\u00f3ximo.<\/p>\n<p>Despu\u00e9s de haber lanzado su primer sencillo \u00ab<a href=\"http:\/\/www.reconoce.mx\/5rolasparalasemana-del-06-al-10-de-noviembre\/\" target=\"_blank\" rel=\"noopener\">Cuervos<\/a>\u00ab, toca el turno de \u00abBrecha\u00bb, segundo sencillo del anticipado \u00e1lbum. La canci\u00f3n, que contin\u00faa la magia r\u00edtmica de una agrupaci\u00f3n donde todos sus m\u00fasicos aportan algo, termina envolvi\u00e9ndolo a uno en un viaje que no suelta sino hasta el final. En lo que respecta a la letra, \u00abBrecha\u00bb ajusta perfectamente en tiempos previos a elecciones, \u00bfno lo creen as\u00ed?<\/p>\n<p>En lo que respecta a este espacio, el <a href=\"http:\/\/www.reconoce.mx\/category\/cultura\/musica\/video-de-la-semana\/\" target=\"_blank\" rel=\"noopener\">Video de la semana<\/a>, elegimos a \u00abBrecha\u00bb por el trabajo en direcci\u00f3n y animaci\u00f3n de<strong> Giovanni Bermudez<\/strong> y <strong>Enrique Alcar\u00e1z<\/strong>; Giovanni, por cierto, cuyo trabajo ya hab\u00edamos conocido en el audiovisual de \u00abSerpientes\u00bb (2017) de Jos\u00e9 Manuel Aguilera y Yamil Rezc.<\/p>\n<p>Regresando a la animaci\u00f3n, como en algunos otros videos de <strong>La Barranca<\/strong>, la m\u00fasica y letra de \u00abBrecha\u00bb terminan por ser redondeadas de gran forma gracias al trabajo de Bermudez y Alcar\u00e1z quienes cumplen y sobresalen en el encargo.<\/p>\n<p>\u00abEn el fondo de tus sue\u00f1os\u00bb con im\u00e1genes de <strong>Pedro Friedeberg<\/strong> y animaci\u00f3n de <strong>Alex Aguilera<\/strong>; \u00abD\u00eda negro\u00bb del \u00abMariachi Rock-o \/ Sonidos de Jalisco Vol. 2\u00bb con grabados de <strong>Joel Rend\u00f3n<\/strong> y \u00abAnte la ley\u00bb con animaci\u00f3n de <strong>Alex Aguilera<\/strong>, son otros videos donde<strong> La Barranca<\/strong> ha recurrido a la animaci\u00f3n.<\/p>\n<p>En fin, \u00bfles gust\u00f3 nuestra selecci\u00f3n de la semana? Espero, y todos en <span style=\"color: #a81f25;\"><strong>Reconoce MX<\/strong><\/span>, que as\u00ed sea.<\/p>\n<p>&nbsp;<\/p>\n<p>&nbsp;<\/p>\n<p>&nbsp;<\/p>\n","protected":false},"excerpt":{"rendered":"<p>Su historia comenz\u00f3 a finales de 1994, cuando Jos\u00e9 Manuel Aguilera y Federico Fong se juntaron para fundar La Barranca. <\/p>\n","protected":false},"author":2,"featured_media":70814,"comment_status":"open","ping_status":"open","sticky":false,"template":"","format":"standard","meta":{"footnotes":""},"categories":[1,18,17,2575],"tags":[],"class_list":["post-70813","post","type-post","status-publish","format-standard","has-post-thumbnail","hentry","category-cultura","category-musica","category-principal","category-video-de-la-semana"],"yoast_head":"<!-- This site is optimized with the Yoast SEO plugin v24.7 - https:\/\/yoast.com\/wordpress\/plugins\/seo\/ -->\n<title>&#039;Brecha&#039;, de La Barranca &#171; Reconoce MX<\/title>\n<meta name=\"robots\" content=\"index, follow, max-snippet:-1, max-image-preview:large, max-video-preview:-1\" \/>\n<link rel=\"canonical\" href=\"http:\/\/www.reconoce.mx\/?p=70813\" \/>\n<meta property=\"og:locale\" content=\"es_ES\" \/>\n<meta property=\"og:type\" content=\"article\" \/>\n<meta property=\"og:title\" content=\"&#039;Brecha&#039;, de La Barranca &#171; Reconoce MX\" \/>\n<meta property=\"og:description\" content=\"Su historia comenz\u00f3 a finales de 1994, cuando Jos\u00e9 Manuel Aguilera y Federico Fong se juntaron para fundar La Barranca.\" \/>\n<meta property=\"og:url\" content=\"http:\/\/www.reconoce.mx\/?p=70813\" \/>\n<meta property=\"og:site_name\" content=\"Reconoce MX\" \/>\n<meta property=\"article:publisher\" content=\"https:\/\/es-la.facebook.com\/ReconoceMX\/\" \/>\n<meta property=\"article:published_time\" content=\"2018-02-28T06:04:21+00:00\" \/>\n<meta property=\"article:modified_time\" content=\"2018-02-28T07:11:24+00:00\" \/>\n<meta property=\"og:image\" content=\"http:\/\/www.reconoce.mx\/wp-content\/uploads\/2018\/02\/brecha-la-barranca.jpg\" \/>\n\t<meta property=\"og:image:width\" content=\"590\" \/>\n\t<meta property=\"og:image:height\" content=\"380\" \/>\n\t<meta property=\"og:image:type\" content=\"image\/jpeg\" \/>\n<meta name=\"author\" content=\"Reconoce MX\" \/>\n<meta name=\"twitter:card\" content=\"summary_large_image\" \/>\n<meta name=\"twitter:creator\" content=\"@reconocemx\" \/>\n<meta name=\"twitter:site\" content=\"@reconocemx\" \/>\n<meta name=\"twitter:label1\" content=\"Escrito por\" \/>\n\t<meta name=\"twitter:data1\" content=\"Reconoce MX\" \/>\n\t<meta name=\"twitter:label2\" content=\"Tiempo de lectura\" \/>\n\t<meta name=\"twitter:data2\" content=\"2 minutos\" \/>\n<script type=\"application\/ld+json\" class=\"yoast-schema-graph\">{\"@context\":\"https:\/\/schema.org\",\"@graph\":[{\"@type\":\"Article\",\"@id\":\"http:\/\/www.reconoce.mx\/?p=70813#article\",\"isPartOf\":{\"@id\":\"http:\/\/www.reconoce.mx\/?p=70813\"},\"author\":{\"name\":\"Reconoce MX\",\"@id\":\"http:\/\/www.reconoce.mx\/#\/schema\/person\/2117e997d7051dc15d6880eaf9bca0b2\"},\"headline\":\"&#8216;Brecha&#8217;, de La Barranca\",\"datePublished\":\"2018-02-28T06:04:21+00:00\",\"dateModified\":\"2018-02-28T07:11:24+00:00\",\"mainEntityOfPage\":{\"@id\":\"http:\/\/www.reconoce.mx\/?p=70813\"},\"wordCount\":391,\"commentCount\":0,\"publisher\":{\"@id\":\"http:\/\/www.reconoce.mx\/#organization\"},\"image\":{\"@id\":\"http:\/\/www.reconoce.mx\/?p=70813#primaryimage\"},\"thumbnailUrl\":\"https:\/\/www.reconoce.mx\/wp-content\/uploads\/2018\/02\/brecha-la-barranca.jpg\",\"articleSection\":[\"Cultura\",\"M\u00fasica\",\"Principal\",\"Video de la semana\"],\"inLanguage\":\"es\",\"potentialAction\":[{\"@type\":\"CommentAction\",\"name\":\"Comment\",\"target\":[\"http:\/\/www.reconoce.mx\/?p=70813#respond\"]}]},{\"@type\":\"WebPage\",\"@id\":\"http:\/\/www.reconoce.mx\/?p=70813\",\"url\":\"http:\/\/www.reconoce.mx\/?p=70813\",\"name\":\"'Brecha', de La Barranca &#171; Reconoce MX\",\"isPartOf\":{\"@id\":\"http:\/\/www.reconoce.mx\/#website\"},\"primaryImageOfPage\":{\"@id\":\"http:\/\/www.reconoce.mx\/?p=70813#primaryimage\"},\"image\":{\"@id\":\"http:\/\/www.reconoce.mx\/?p=70813#primaryimage\"},\"thumbnailUrl\":\"https:\/\/www.reconoce.mx\/wp-content\/uploads\/2018\/02\/brecha-la-barranca.jpg\",\"datePublished\":\"2018-02-28T06:04:21+00:00\",\"dateModified\":\"2018-02-28T07:11:24+00:00\",\"breadcrumb\":{\"@id\":\"http:\/\/www.reconoce.mx\/?p=70813#breadcrumb\"},\"inLanguage\":\"es\",\"potentialAction\":[{\"@type\":\"ReadAction\",\"target\":[\"http:\/\/www.reconoce.mx\/?p=70813\"]}]},{\"@type\":\"ImageObject\",\"inLanguage\":\"es\",\"@id\":\"http:\/\/www.reconoce.mx\/?p=70813#primaryimage\",\"url\":\"https:\/\/www.reconoce.mx\/wp-content\/uploads\/2018\/02\/brecha-la-barranca.jpg\",\"contentUrl\":\"https:\/\/www.reconoce.mx\/wp-content\/uploads\/2018\/02\/brecha-la-barranca.jpg\",\"width\":590,\"height\":380},{\"@type\":\"BreadcrumbList\",\"@id\":\"http:\/\/www.reconoce.mx\/?p=70813#breadcrumb\",\"itemListElement\":[{\"@type\":\"ListItem\",\"position\":1,\"name\":\"Portada\",\"item\":\"http:\/\/www.reconoce.mx\/\"},{\"@type\":\"ListItem\",\"position\":2,\"name\":\"&#8216;Brecha&#8217;, de La Barranca\"}]},{\"@type\":\"WebSite\",\"@id\":\"http:\/\/www.reconoce.mx\/#website\",\"url\":\"http:\/\/www.reconoce.mx\/\",\"name\":\"Reconoce MX\",\"description\":\"En Reconoce MX difundimos arte, cultura y conciencia social en M\u00e9xico. Tu ciudad en otra perspectiva.\",\"publisher\":{\"@id\":\"http:\/\/www.reconoce.mx\/#organization\"},\"potentialAction\":[{\"@type\":\"SearchAction\",\"target\":{\"@type\":\"EntryPoint\",\"urlTemplate\":\"http:\/\/www.reconoce.mx\/?s={search_term_string}\"},\"query-input\":{\"@type\":\"PropertyValueSpecification\",\"valueRequired\":true,\"valueName\":\"search_term_string\"}}],\"inLanguage\":\"es\"},{\"@type\":\"Organization\",\"@id\":\"http:\/\/www.reconoce.mx\/#organization\",\"name\":\"Reconoce MX\",\"url\":\"http:\/\/www.reconoce.mx\/\",\"logo\":{\"@type\":\"ImageObject\",\"inLanguage\":\"es\",\"@id\":\"http:\/\/www.reconoce.mx\/#\/schema\/logo\/image\/\",\"url\":\"https:\/\/www.reconoce.mx\/wp-content\/uploads\/2019\/03\/logorcmx-good-1.png\",\"contentUrl\":\"https:\/\/www.reconoce.mx\/wp-content\/uploads\/2019\/03\/logorcmx-good-1.png\",\"width\":280,\"height\":90,\"caption\":\"Reconoce MX\"},\"image\":{\"@id\":\"http:\/\/www.reconoce.mx\/#\/schema\/logo\/image\/\"},\"sameAs\":[\"https:\/\/es-la.facebook.com\/ReconoceMX\/\",\"https:\/\/x.com\/reconocemx\",\"http:\/\/@reconocemx\"]},{\"@type\":\"Person\",\"@id\":\"http:\/\/www.reconoce.mx\/#\/schema\/person\/2117e997d7051dc15d6880eaf9bca0b2\",\"name\":\"Reconoce MX\",\"image\":{\"@type\":\"ImageObject\",\"inLanguage\":\"es\",\"@id\":\"http:\/\/www.reconoce.mx\/#\/schema\/person\/image\/\",\"url\":\"https:\/\/secure.gravatar.com\/avatar\/6c8d4dc7569ca1c90c5fdcc349f839d5ddef6fe1e70b4337ead2ef1a4c43fc3a?s=96&d=identicon&r=g\",\"contentUrl\":\"https:\/\/secure.gravatar.com\/avatar\/6c8d4dc7569ca1c90c5fdcc349f839d5ddef6fe1e70b4337ead2ef1a4c43fc3a?s=96&d=identicon&r=g\",\"caption\":\"Reconoce MX\"},\"description\":\"Reconoce MX es un proyecto de difusi\u00f3n art\u00edstica, cultural y de conciencia social que est\u00e1 enfocado a difundir y fomentar el entretenimiento alternativo de calidad para todo el p\u00fablico que comparta el mismo entusiasmo.\",\"sameAs\":[\"http:\/\/www.reconoce.mx\"],\"url\":\"https:\/\/www.reconoce.mx\/?author=2\"}]}<\/script>\n<!-- \/ Yoast SEO plugin. -->","yoast_head_json":{"title":"'Brecha', de La Barranca &#171; Reconoce MX","robots":{"index":"index","follow":"follow","max-snippet":"max-snippet:-1","max-image-preview":"max-image-preview:large","max-video-preview":"max-video-preview:-1"},"canonical":"http:\/\/www.reconoce.mx\/?p=70813","og_locale":"es_ES","og_type":"article","og_title":"'Brecha', de La Barranca &#171; Reconoce MX","og_description":"Su historia comenz\u00f3 a finales de 1994, cuando Jos\u00e9 Manuel Aguilera y Federico Fong se juntaron para fundar La Barranca.","og_url":"http:\/\/www.reconoce.mx\/?p=70813","og_site_name":"Reconoce MX","article_publisher":"https:\/\/es-la.facebook.com\/ReconoceMX\/","article_published_time":"2018-02-28T06:04:21+00:00","article_modified_time":"2018-02-28T07:11:24+00:00","og_image":[{"width":590,"height":380,"url":"http:\/\/www.reconoce.mx\/wp-content\/uploads\/2018\/02\/brecha-la-barranca.jpg","type":"image\/jpeg"}],"author":"Reconoce MX","twitter_card":"summary_large_image","twitter_creator":"@reconocemx","twitter_site":"@reconocemx","twitter_misc":{"Escrito por":"Reconoce MX","Tiempo de lectura":"2 minutos"},"schema":{"@context":"https:\/\/schema.org","@graph":[{"@type":"Article","@id":"http:\/\/www.reconoce.mx\/?p=70813#article","isPartOf":{"@id":"http:\/\/www.reconoce.mx\/?p=70813"},"author":{"name":"Reconoce MX","@id":"http:\/\/www.reconoce.mx\/#\/schema\/person\/2117e997d7051dc15d6880eaf9bca0b2"},"headline":"&#8216;Brecha&#8217;, de La Barranca","datePublished":"2018-02-28T06:04:21+00:00","dateModified":"2018-02-28T07:11:24+00:00","mainEntityOfPage":{"@id":"http:\/\/www.reconoce.mx\/?p=70813"},"wordCount":391,"commentCount":0,"publisher":{"@id":"http:\/\/www.reconoce.mx\/#organization"},"image":{"@id":"http:\/\/www.reconoce.mx\/?p=70813#primaryimage"},"thumbnailUrl":"https:\/\/www.reconoce.mx\/wp-content\/uploads\/2018\/02\/brecha-la-barranca.jpg","articleSection":["Cultura","M\u00fasica","Principal","Video de la semana"],"inLanguage":"es","potentialAction":[{"@type":"CommentAction","name":"Comment","target":["http:\/\/www.reconoce.mx\/?p=70813#respond"]}]},{"@type":"WebPage","@id":"http:\/\/www.reconoce.mx\/?p=70813","url":"http:\/\/www.reconoce.mx\/?p=70813","name":"'Brecha', de La Barranca &#171; Reconoce MX","isPartOf":{"@id":"http:\/\/www.reconoce.mx\/#website"},"primaryImageOfPage":{"@id":"http:\/\/www.reconoce.mx\/?p=70813#primaryimage"},"image":{"@id":"http:\/\/www.reconoce.mx\/?p=70813#primaryimage"},"thumbnailUrl":"https:\/\/www.reconoce.mx\/wp-content\/uploads\/2018\/02\/brecha-la-barranca.jpg","datePublished":"2018-02-28T06:04:21+00:00","dateModified":"2018-02-28T07:11:24+00:00","breadcrumb":{"@id":"http:\/\/www.reconoce.mx\/?p=70813#breadcrumb"},"inLanguage":"es","potentialAction":[{"@type":"ReadAction","target":["http:\/\/www.reconoce.mx\/?p=70813"]}]},{"@type":"ImageObject","inLanguage":"es","@id":"http:\/\/www.reconoce.mx\/?p=70813#primaryimage","url":"https:\/\/www.reconoce.mx\/wp-content\/uploads\/2018\/02\/brecha-la-barranca.jpg","contentUrl":"https:\/\/www.reconoce.mx\/wp-content\/uploads\/2018\/02\/brecha-la-barranca.jpg","width":590,"height":380},{"@type":"BreadcrumbList","@id":"http:\/\/www.reconoce.mx\/?p=70813#breadcrumb","itemListElement":[{"@type":"ListItem","position":1,"name":"Portada","item":"http:\/\/www.reconoce.mx\/"},{"@type":"ListItem","position":2,"name":"&#8216;Brecha&#8217;, de La Barranca"}]},{"@type":"WebSite","@id":"http:\/\/www.reconoce.mx\/#website","url":"http:\/\/www.reconoce.mx\/","name":"Reconoce MX","description":"En Reconoce MX difundimos arte, cultura y conciencia social en M\u00e9xico. Tu ciudad en otra perspectiva.","publisher":{"@id":"http:\/\/www.reconoce.mx\/#organization"},"potentialAction":[{"@type":"SearchAction","target":{"@type":"EntryPoint","urlTemplate":"http:\/\/www.reconoce.mx\/?s={search_term_string}"},"query-input":{"@type":"PropertyValueSpecification","valueRequired":true,"valueName":"search_term_string"}}],"inLanguage":"es"},{"@type":"Organization","@id":"http:\/\/www.reconoce.mx\/#organization","name":"Reconoce MX","url":"http:\/\/www.reconoce.mx\/","logo":{"@type":"ImageObject","inLanguage":"es","@id":"http:\/\/www.reconoce.mx\/#\/schema\/logo\/image\/","url":"https:\/\/www.reconoce.mx\/wp-content\/uploads\/2019\/03\/logorcmx-good-1.png","contentUrl":"https:\/\/www.reconoce.mx\/wp-content\/uploads\/2019\/03\/logorcmx-good-1.png","width":280,"height":90,"caption":"Reconoce MX"},"image":{"@id":"http:\/\/www.reconoce.mx\/#\/schema\/logo\/image\/"},"sameAs":["https:\/\/es-la.facebook.com\/ReconoceMX\/","https:\/\/x.com\/reconocemx","http:\/\/@reconocemx"]},{"@type":"Person","@id":"http:\/\/www.reconoce.mx\/#\/schema\/person\/2117e997d7051dc15d6880eaf9bca0b2","name":"Reconoce MX","image":{"@type":"ImageObject","inLanguage":"es","@id":"http:\/\/www.reconoce.mx\/#\/schema\/person\/image\/","url":"https:\/\/secure.gravatar.com\/avatar\/6c8d4dc7569ca1c90c5fdcc349f839d5ddef6fe1e70b4337ead2ef1a4c43fc3a?s=96&d=identicon&r=g","contentUrl":"https:\/\/secure.gravatar.com\/avatar\/6c8d4dc7569ca1c90c5fdcc349f839d5ddef6fe1e70b4337ead2ef1a4c43fc3a?s=96&d=identicon&r=g","caption":"Reconoce MX"},"description":"Reconoce MX es un proyecto de difusi\u00f3n art\u00edstica, cultural y de conciencia social que est\u00e1 enfocado a difundir y fomentar el entretenimiento alternativo de calidad para todo el p\u00fablico que comparta el mismo entusiasmo.","sameAs":["http:\/\/www.reconoce.mx"],"url":"https:\/\/www.reconoce.mx\/?author=2"}]}},"_links":{"self":[{"href":"https:\/\/www.reconoce.mx\/index.php?rest_route=\/wp\/v2\/posts\/70813","targetHints":{"allow":["GET"]}}],"collection":[{"href":"https:\/\/www.reconoce.mx\/index.php?rest_route=\/wp\/v2\/posts"}],"about":[{"href":"https:\/\/www.reconoce.mx\/index.php?rest_route=\/wp\/v2\/types\/post"}],"author":[{"embeddable":true,"href":"https:\/\/www.reconoce.mx\/index.php?rest_route=\/wp\/v2\/users\/2"}],"replies":[{"embeddable":true,"href":"https:\/\/www.reconoce.mx\/index.php?rest_route=%2Fwp%2Fv2%2Fcomments&post=70813"}],"version-history":[{"count":4,"href":"https:\/\/www.reconoce.mx\/index.php?rest_route=\/wp\/v2\/posts\/70813\/revisions"}],"predecessor-version":[{"id":70818,"href":"https:\/\/www.reconoce.mx\/index.php?rest_route=\/wp\/v2\/posts\/70813\/revisions\/70818"}],"wp:featuredmedia":[{"embeddable":true,"href":"https:\/\/www.reconoce.mx\/index.php?rest_route=\/wp\/v2\/media\/70814"}],"wp:attachment":[{"href":"https:\/\/www.reconoce.mx\/index.php?rest_route=%2Fwp%2Fv2%2Fmedia&parent=70813"}],"wp:term":[{"taxonomy":"category","embeddable":true,"href":"https:\/\/www.reconoce.mx\/index.php?rest_route=%2Fwp%2Fv2%2Fcategories&post=70813"},{"taxonomy":"post_tag","embeddable":true,"href":"https:\/\/www.reconoce.mx\/index.php?rest_route=%2Fwp%2Fv2%2Ftags&post=70813"}],"curies":[{"name":"wp","href":"https:\/\/api.w.org\/{rel}","templated":true}]}}