{"id":70865,"date":"2018-02-28T00:05:08","date_gmt":"2018-02-28T06:05:08","guid":{"rendered":"http:\/\/www.reconoce.mx\/?p=70865"},"modified":"2018-03-30T15:41:21","modified_gmt":"2018-03-30T21:41:21","slug":"ebano-y-marfil-de-jose-madero-un-paso-mas-para-consolidarse-como-solista","status":"publish","type":"post","link":"https:\/\/www.reconoce.mx\/?p=70865","title":{"rendered":"\u00ab\u00c9bano y marfil\u00bb de Jos\u00e9 Madero, un paso m\u00e1s para consolidarse como solista"},"content":{"rendered":"<p><strong>Por <a href=\"https:\/\/twitter.com\/YessicaDaniels\" target=\"_blank\" rel=\"noopener\">Yessica Daniels<\/a><\/strong>.<\/p>\n<p><strong>Jos\u00e9 Madero<\/strong> ha intentado hacerse paso de manera solista desde hace ya algunos a\u00f1os; dos para ser exacto, que es el tiempo de separaci\u00f3n aproximada que <strong>Pandx<\/strong> lleva fuera de los escenarios.<\/p>\n<p><img loading=\"lazy\" decoding=\"async\" class=\"alignnone size-full\" src=\"https:\/\/c1.staticflickr.com\/5\/4751\/40491967971_3e94d88820_c.jpg\" width=\"800\" height=\"534\" \/><\/p>\n<p><em><strong>&gt;&gt;<a href=\"https:\/\/www.flickr.com\/photos\/reconocemx\/albums\/72157688229013730\" target=\"_blank\" rel=\"noopener\">Disfruta nuestra galer\u00eda de la presentaci\u00f3n de \u00ab\u00c9bano y marfil\u00bb de Jos\u00e9 Madero<\/a>&lt;&lt;<\/strong><\/em><\/p>\n<p>Aunque no es f\u00e1cil deshacerte de la noche a la ma\u00f1ana de la trayectoria que tuviste junto a una banda tan importante, su idea desde un principio ha sido trabajar para que los fans que a\u00fan lo siguen, contin\u00faen orgullosos del trabajo que hace, y los que no lo conozcan, vean en su proyecto algo digno de admirar.<\/p>\n<p>En una entrevista Pepe mencionaba que cuando reci\u00e9n empez\u00f3 a presentar su primer disco en solitario, \u00e9l sabia que el camino no iba a ser nada sencillo; por una parte tenia a los fans de siempre, apoy\u00e1ndolo, pero por otro lado exist\u00edan todos aquellos que ped\u00edan a gritos un reencuentro de <strong>Pxndx<\/strong> de manera inmediata. Muchos lo culpan de la separaci\u00f3n por haber querido iniciar su etapa solista.<\/p>\n<p><img loading=\"lazy\" decoding=\"async\" class=\"alignnone size-full\" src=\"https:\/\/c1.staticflickr.com\/5\/4624\/38681873360_9fc49c432d_c.jpg\" width=\"800\" height=\"534\" \/><\/p>\n<p><em><strong>&gt;&gt;<a href=\"https:\/\/www.flickr.com\/photos\/reconocemx\/albums\/72157688229013730\" target=\"_blank\" rel=\"noopener\">Disfruta nuestra galer\u00eda de la presentaci\u00f3n de \u00ab\u00c9bano y marfil\u00bb de Jos\u00e9 Madero<\/a>&lt;&lt;<\/strong><\/em><\/p>\n<p>Lo \u00fanico cierto es que todos sus integrantes estaban cansados y prefirieron darse un <em>break<\/em> y trabajar cada uno en sus proyectos solistas a excepci\u00f3n de Kross. Aunque no todos han corrido con la misma suerte, Pepe se encuentra a punto de publicar su tercer disco solista, as\u00ed como su tercer libro, cosa que lo llev\u00f3 a presentar en una conferencia de prensa en la cual <span style=\"color: #a81f25;\"><strong>Reconoce MX<\/strong><\/span> estuvo presente.<\/p>\n<p>El pr\u00f3ximo s\u00e1bado 14 de abril, Pepe presentar\u00e1 su concierto \u00ab\u00c9bano y marfil\u00bb ante cientos de fans que deben darse cita no solo porque tocar\u00e1 sus tres discos solistas -prometi\u00f3 tardarse lo que tenga que durar-, sino porque en la entrada podr\u00e1s adquirir por \u00fanica ocasi\u00f3n su nuevo disco \u00abAlba\u00bb (2018) en f\u00edsico, ya que su idea solo es presentarlo de manera digital. Y no te preocupes, porque existir\u00e1n las copias necesarias para que nadie se quede sin su material in\u00e9dito.<\/p>\n<p><img loading=\"lazy\" decoding=\"async\" class=\"alignnone size-full\" src=\"https:\/\/c1.staticflickr.com\/5\/4745\/38681867090_c59ffe4bdb_c.jpg\" width=\"800\" height=\"534\" \/><\/p>\n<p><em><strong>&gt;&gt;<a href=\"https:\/\/www.flickr.com\/photos\/reconocemx\/albums\/72157688229013730\" target=\"_blank\" rel=\"noopener\">Disfruta nuestra galer\u00eda de la presentaci\u00f3n de \u00ab\u00c9bano y marfil\u00bb de Jos\u00e9 Madero<\/a>&lt;&lt;<\/strong><\/em><\/p>\n<p>Por otra parte el cantante tambi\u00e9n confes\u00f3 sentirse orgulloso de lo que ha logrado en todo este tiempo, ya que aunque dijo estar sorprendido de subirse al escenario sin sus compa\u00f1eros de banda, poco a poco ha ganado confianza y ahora hasta cuenta chistes.<\/p>\n<p>Es importante se\u00f1alar que a <strong>Jos\u00e9 Madero<\/strong> se le puede observar con otro semblante, mucho m\u00e1s accesible con la prensa pero sobre todo, con ganas de seguir creciendo, hasta el punto de no ser se\u00f1alado como <strong>Pepe Madero<\/strong> el cantante de Pxndx, sino con su nombre original Jos\u00e9 Madero Vizca\u00edno.<\/p>\n<p><img loading=\"lazy\" decoding=\"async\" class=\"alignnone size-full\" src=\"https:\/\/c1.staticflickr.com\/5\/4653\/38681854260_3dfde0a02b_c.jpg\" width=\"800\" height=\"534\" \/><\/p>\n<p><em><strong>&gt;&gt;<a href=\"https:\/\/www.flickr.com\/photos\/reconocemx\/albums\/72157688229013730\" target=\"_blank\" rel=\"noopener\">Disfruta nuestra galer\u00eda de la presentaci\u00f3n de \u00ab\u00c9bano y marfil\u00bb de Jos\u00e9 Madero<\/a>&lt;&lt;<\/strong><\/em><\/p>\n<p>Es importante se\u00f1alar que los boletos siguen a la venta en el Sistema Ticketmaster o en las taquillas del <strong>Pepsi Center WTC<\/strong>.<\/p>\n<p>&nbsp;<\/p>\n<p>&nbsp;<\/p>\n","protected":false},"excerpt":{"rendered":"<p>Jos\u00e9 Madero ha intentado hacerse paso de manera solista desde hace ya algunos a\u00f1os; dos para ser exacto, que es el tiempo de separaci\u00f3n aproximada que Pandx lleva fuera de los escenarios.<\/p>\n","protected":false},"author":2,"featured_media":70866,"comment_status":"open","ping_status":"open","sticky":false,"template":"","format":"standard","meta":{"footnotes":""},"categories":[1,18,17],"tags":[],"class_list":["post-70865","post","type-post","status-publish","format-standard","has-post-thumbnail","hentry","category-cultura","category-musica","category-principal"],"yoast_head":"<!-- This site is optimized with the Yoast SEO plugin v24.7 - https:\/\/yoast.com\/wordpress\/plugins\/seo\/ -->\n<title>&quot;\u00c9bano y marfil&quot; de Jos\u00e9 Madero, un paso m\u00e1s para consolidarse como solista &#171; Reconoce MX<\/title>\n<meta name=\"robots\" content=\"index, follow, max-snippet:-1, max-image-preview:large, max-video-preview:-1\" \/>\n<link rel=\"canonical\" href=\"https:\/\/www.reconoce.mx\/?p=70865\" \/>\n<meta property=\"og:locale\" content=\"es_ES\" \/>\n<meta property=\"og:type\" content=\"article\" \/>\n<meta property=\"og:title\" content=\"&quot;\u00c9bano y marfil&quot; de Jos\u00e9 Madero, un paso m\u00e1s para consolidarse como solista &#171; Reconoce MX\" \/>\n<meta property=\"og:description\" content=\"Jos\u00e9 Madero ha intentado hacerse paso de manera solista desde hace ya algunos a\u00f1os; dos para ser exacto, que es el tiempo de separaci\u00f3n aproximada que Pandx lleva fuera de los escenarios.\" \/>\n<meta property=\"og:url\" content=\"https:\/\/www.reconoce.mx\/?p=70865\" \/>\n<meta property=\"og:site_name\" content=\"Reconoce MX\" \/>\n<meta property=\"article:publisher\" content=\"https:\/\/es-la.facebook.com\/ReconoceMX\/\" \/>\n<meta property=\"article:published_time\" content=\"2018-02-28T06:05:08+00:00\" \/>\n<meta property=\"article:modified_time\" content=\"2018-03-30T21:41:21+00:00\" \/>\n<meta property=\"og:image\" content=\"https:\/\/www.reconoce.mx\/wp-content\/uploads\/2018\/02\/jos\u00e9-madero.jpg\" \/>\n\t<meta property=\"og:image:width\" content=\"590\" \/>\n\t<meta property=\"og:image:height\" content=\"380\" \/>\n\t<meta property=\"og:image:type\" content=\"image\/jpeg\" \/>\n<meta name=\"author\" content=\"Reconoce MX\" \/>\n<meta name=\"twitter:card\" content=\"summary_large_image\" \/>\n<meta name=\"twitter:creator\" content=\"@reconocemx\" \/>\n<meta name=\"twitter:site\" content=\"@reconocemx\" \/>\n<meta name=\"twitter:label1\" content=\"Escrito por\" \/>\n\t<meta name=\"twitter:data1\" content=\"Reconoce MX\" \/>\n\t<meta name=\"twitter:label2\" content=\"Tiempo de lectura\" \/>\n\t<meta name=\"twitter:data2\" content=\"3 minutos\" \/>\n<script type=\"application\/ld+json\" class=\"yoast-schema-graph\">{\"@context\":\"https:\/\/schema.org\",\"@graph\":[{\"@type\":\"Article\",\"@id\":\"https:\/\/www.reconoce.mx\/?p=70865#article\",\"isPartOf\":{\"@id\":\"https:\/\/www.reconoce.mx\/?p=70865\"},\"author\":{\"name\":\"Reconoce MX\",\"@id\":\"http:\/\/www.reconoce.mx\/#\/schema\/person\/2117e997d7051dc15d6880eaf9bca0b2\"},\"headline\":\"\u00ab\u00c9bano y marfil\u00bb de Jos\u00e9 Madero, un paso m\u00e1s para consolidarse como solista\",\"datePublished\":\"2018-02-28T06:05:08+00:00\",\"dateModified\":\"2018-03-30T21:41:21+00:00\",\"mainEntityOfPage\":{\"@id\":\"https:\/\/www.reconoce.mx\/?p=70865\"},\"wordCount\":544,\"commentCount\":0,\"publisher\":{\"@id\":\"http:\/\/www.reconoce.mx\/#organization\"},\"image\":{\"@id\":\"https:\/\/www.reconoce.mx\/?p=70865#primaryimage\"},\"thumbnailUrl\":\"https:\/\/www.reconoce.mx\/wp-content\/uploads\/2018\/02\/jos\u00e9-madero.jpg\",\"articleSection\":[\"Cultura\",\"M\u00fasica\",\"Principal\"],\"inLanguage\":\"es\",\"potentialAction\":[{\"@type\":\"CommentAction\",\"name\":\"Comment\",\"target\":[\"https:\/\/www.reconoce.mx\/?p=70865#respond\"]}]},{\"@type\":\"WebPage\",\"@id\":\"https:\/\/www.reconoce.mx\/?p=70865\",\"url\":\"https:\/\/www.reconoce.mx\/?p=70865\",\"name\":\"\\\"\u00c9bano y marfil\\\" de Jos\u00e9 Madero, un paso m\u00e1s para consolidarse como solista &#171; Reconoce MX\",\"isPartOf\":{\"@id\":\"http:\/\/www.reconoce.mx\/#website\"},\"primaryImageOfPage\":{\"@id\":\"https:\/\/www.reconoce.mx\/?p=70865#primaryimage\"},\"image\":{\"@id\":\"https:\/\/www.reconoce.mx\/?p=70865#primaryimage\"},\"thumbnailUrl\":\"https:\/\/www.reconoce.mx\/wp-content\/uploads\/2018\/02\/jos\u00e9-madero.jpg\",\"datePublished\":\"2018-02-28T06:05:08+00:00\",\"dateModified\":\"2018-03-30T21:41:21+00:00\",\"breadcrumb\":{\"@id\":\"https:\/\/www.reconoce.mx\/?p=70865#breadcrumb\"},\"inLanguage\":\"es\",\"potentialAction\":[{\"@type\":\"ReadAction\",\"target\":[\"https:\/\/www.reconoce.mx\/?p=70865\"]}]},{\"@type\":\"ImageObject\",\"inLanguage\":\"es\",\"@id\":\"https:\/\/www.reconoce.mx\/?p=70865#primaryimage\",\"url\":\"https:\/\/www.reconoce.mx\/wp-content\/uploads\/2018\/02\/jos\u00e9-madero.jpg\",\"contentUrl\":\"https:\/\/www.reconoce.mx\/wp-content\/uploads\/2018\/02\/jos\u00e9-madero.jpg\",\"width\":590,\"height\":380},{\"@type\":\"BreadcrumbList\",\"@id\":\"https:\/\/www.reconoce.mx\/?p=70865#breadcrumb\",\"itemListElement\":[{\"@type\":\"ListItem\",\"position\":1,\"name\":\"Portada\",\"item\":\"http:\/\/www.reconoce.mx\/\"},{\"@type\":\"ListItem\",\"position\":2,\"name\":\"\u00ab\u00c9bano y marfil\u00bb de Jos\u00e9 Madero, un paso m\u00e1s para consolidarse como solista\"}]},{\"@type\":\"WebSite\",\"@id\":\"http:\/\/www.reconoce.mx\/#website\",\"url\":\"http:\/\/www.reconoce.mx\/\",\"name\":\"Reconoce MX\",\"description\":\"En Reconoce MX difundimos arte, cultura y conciencia social en M\u00e9xico. Tu ciudad en otra perspectiva.\",\"publisher\":{\"@id\":\"http:\/\/www.reconoce.mx\/#organization\"},\"potentialAction\":[{\"@type\":\"SearchAction\",\"target\":{\"@type\":\"EntryPoint\",\"urlTemplate\":\"http:\/\/www.reconoce.mx\/?s={search_term_string}\"},\"query-input\":{\"@type\":\"PropertyValueSpecification\",\"valueRequired\":true,\"valueName\":\"search_term_string\"}}],\"inLanguage\":\"es\"},{\"@type\":\"Organization\",\"@id\":\"http:\/\/www.reconoce.mx\/#organization\",\"name\":\"Reconoce MX\",\"url\":\"http:\/\/www.reconoce.mx\/\",\"logo\":{\"@type\":\"ImageObject\",\"inLanguage\":\"es\",\"@id\":\"http:\/\/www.reconoce.mx\/#\/schema\/logo\/image\/\",\"url\":\"https:\/\/www.reconoce.mx\/wp-content\/uploads\/2019\/03\/logorcmx-good-1.png\",\"contentUrl\":\"https:\/\/www.reconoce.mx\/wp-content\/uploads\/2019\/03\/logorcmx-good-1.png\",\"width\":280,\"height\":90,\"caption\":\"Reconoce MX\"},\"image\":{\"@id\":\"http:\/\/www.reconoce.mx\/#\/schema\/logo\/image\/\"},\"sameAs\":[\"https:\/\/es-la.facebook.com\/ReconoceMX\/\",\"https:\/\/x.com\/reconocemx\",\"http:\/\/@reconocemx\"]},{\"@type\":\"Person\",\"@id\":\"http:\/\/www.reconoce.mx\/#\/schema\/person\/2117e997d7051dc15d6880eaf9bca0b2\",\"name\":\"Reconoce MX\",\"image\":{\"@type\":\"ImageObject\",\"inLanguage\":\"es\",\"@id\":\"http:\/\/www.reconoce.mx\/#\/schema\/person\/image\/\",\"url\":\"https:\/\/secure.gravatar.com\/avatar\/6c8d4dc7569ca1c90c5fdcc349f839d5ddef6fe1e70b4337ead2ef1a4c43fc3a?s=96&d=identicon&r=g\",\"contentUrl\":\"https:\/\/secure.gravatar.com\/avatar\/6c8d4dc7569ca1c90c5fdcc349f839d5ddef6fe1e70b4337ead2ef1a4c43fc3a?s=96&d=identicon&r=g\",\"caption\":\"Reconoce MX\"},\"description\":\"Reconoce MX es un proyecto de difusi\u00f3n art\u00edstica, cultural y de conciencia social que est\u00e1 enfocado a difundir y fomentar el entretenimiento alternativo de calidad para todo el p\u00fablico que comparta el mismo entusiasmo.\",\"sameAs\":[\"http:\/\/www.reconoce.mx\"],\"url\":\"https:\/\/www.reconoce.mx\/?author=2\"}]}<\/script>\n<!-- \/ Yoast SEO plugin. -->","yoast_head_json":{"title":"\"\u00c9bano y marfil\" de Jos\u00e9 Madero, un paso m\u00e1s para consolidarse como solista &#171; Reconoce MX","robots":{"index":"index","follow":"follow","max-snippet":"max-snippet:-1","max-image-preview":"max-image-preview:large","max-video-preview":"max-video-preview:-1"},"canonical":"https:\/\/www.reconoce.mx\/?p=70865","og_locale":"es_ES","og_type":"article","og_title":"\"\u00c9bano y marfil\" de Jos\u00e9 Madero, un paso m\u00e1s para consolidarse como solista &#171; Reconoce MX","og_description":"Jos\u00e9 Madero ha intentado hacerse paso de manera solista desde hace ya algunos a\u00f1os; dos para ser exacto, que es el tiempo de separaci\u00f3n aproximada que Pandx lleva fuera de los escenarios.","og_url":"https:\/\/www.reconoce.mx\/?p=70865","og_site_name":"Reconoce MX","article_publisher":"https:\/\/es-la.facebook.com\/ReconoceMX\/","article_published_time":"2018-02-28T06:05:08+00:00","article_modified_time":"2018-03-30T21:41:21+00:00","og_image":[{"width":590,"height":380,"url":"https:\/\/www.reconoce.mx\/wp-content\/uploads\/2018\/02\/jos\u00e9-madero.jpg","type":"image\/jpeg"}],"author":"Reconoce MX","twitter_card":"summary_large_image","twitter_creator":"@reconocemx","twitter_site":"@reconocemx","twitter_misc":{"Escrito por":"Reconoce MX","Tiempo de lectura":"3 minutos"},"schema":{"@context":"https:\/\/schema.org","@graph":[{"@type":"Article","@id":"https:\/\/www.reconoce.mx\/?p=70865#article","isPartOf":{"@id":"https:\/\/www.reconoce.mx\/?p=70865"},"author":{"name":"Reconoce MX","@id":"http:\/\/www.reconoce.mx\/#\/schema\/person\/2117e997d7051dc15d6880eaf9bca0b2"},"headline":"\u00ab\u00c9bano y marfil\u00bb de Jos\u00e9 Madero, un paso m\u00e1s para consolidarse como solista","datePublished":"2018-02-28T06:05:08+00:00","dateModified":"2018-03-30T21:41:21+00:00","mainEntityOfPage":{"@id":"https:\/\/www.reconoce.mx\/?p=70865"},"wordCount":544,"commentCount":0,"publisher":{"@id":"http:\/\/www.reconoce.mx\/#organization"},"image":{"@id":"https:\/\/www.reconoce.mx\/?p=70865#primaryimage"},"thumbnailUrl":"https:\/\/www.reconoce.mx\/wp-content\/uploads\/2018\/02\/jos\u00e9-madero.jpg","articleSection":["Cultura","M\u00fasica","Principal"],"inLanguage":"es","potentialAction":[{"@type":"CommentAction","name":"Comment","target":["https:\/\/www.reconoce.mx\/?p=70865#respond"]}]},{"@type":"WebPage","@id":"https:\/\/www.reconoce.mx\/?p=70865","url":"https:\/\/www.reconoce.mx\/?p=70865","name":"\"\u00c9bano y marfil\" de Jos\u00e9 Madero, un paso m\u00e1s para consolidarse como solista &#171; Reconoce MX","isPartOf":{"@id":"http:\/\/www.reconoce.mx\/#website"},"primaryImageOfPage":{"@id":"https:\/\/www.reconoce.mx\/?p=70865#primaryimage"},"image":{"@id":"https:\/\/www.reconoce.mx\/?p=70865#primaryimage"},"thumbnailUrl":"https:\/\/www.reconoce.mx\/wp-content\/uploads\/2018\/02\/jos\u00e9-madero.jpg","datePublished":"2018-02-28T06:05:08+00:00","dateModified":"2018-03-30T21:41:21+00:00","breadcrumb":{"@id":"https:\/\/www.reconoce.mx\/?p=70865#breadcrumb"},"inLanguage":"es","potentialAction":[{"@type":"ReadAction","target":["https:\/\/www.reconoce.mx\/?p=70865"]}]},{"@type":"ImageObject","inLanguage":"es","@id":"https:\/\/www.reconoce.mx\/?p=70865#primaryimage","url":"https:\/\/www.reconoce.mx\/wp-content\/uploads\/2018\/02\/jos\u00e9-madero.jpg","contentUrl":"https:\/\/www.reconoce.mx\/wp-content\/uploads\/2018\/02\/jos\u00e9-madero.jpg","width":590,"height":380},{"@type":"BreadcrumbList","@id":"https:\/\/www.reconoce.mx\/?p=70865#breadcrumb","itemListElement":[{"@type":"ListItem","position":1,"name":"Portada","item":"http:\/\/www.reconoce.mx\/"},{"@type":"ListItem","position":2,"name":"\u00ab\u00c9bano y marfil\u00bb de Jos\u00e9 Madero, un paso m\u00e1s para consolidarse como solista"}]},{"@type":"WebSite","@id":"http:\/\/www.reconoce.mx\/#website","url":"http:\/\/www.reconoce.mx\/","name":"Reconoce MX","description":"En Reconoce MX difundimos arte, cultura y conciencia social en M\u00e9xico. Tu ciudad en otra perspectiva.","publisher":{"@id":"http:\/\/www.reconoce.mx\/#organization"},"potentialAction":[{"@type":"SearchAction","target":{"@type":"EntryPoint","urlTemplate":"http:\/\/www.reconoce.mx\/?s={search_term_string}"},"query-input":{"@type":"PropertyValueSpecification","valueRequired":true,"valueName":"search_term_string"}}],"inLanguage":"es"},{"@type":"Organization","@id":"http:\/\/www.reconoce.mx\/#organization","name":"Reconoce MX","url":"http:\/\/www.reconoce.mx\/","logo":{"@type":"ImageObject","inLanguage":"es","@id":"http:\/\/www.reconoce.mx\/#\/schema\/logo\/image\/","url":"https:\/\/www.reconoce.mx\/wp-content\/uploads\/2019\/03\/logorcmx-good-1.png","contentUrl":"https:\/\/www.reconoce.mx\/wp-content\/uploads\/2019\/03\/logorcmx-good-1.png","width":280,"height":90,"caption":"Reconoce MX"},"image":{"@id":"http:\/\/www.reconoce.mx\/#\/schema\/logo\/image\/"},"sameAs":["https:\/\/es-la.facebook.com\/ReconoceMX\/","https:\/\/x.com\/reconocemx","http:\/\/@reconocemx"]},{"@type":"Person","@id":"http:\/\/www.reconoce.mx\/#\/schema\/person\/2117e997d7051dc15d6880eaf9bca0b2","name":"Reconoce MX","image":{"@type":"ImageObject","inLanguage":"es","@id":"http:\/\/www.reconoce.mx\/#\/schema\/person\/image\/","url":"https:\/\/secure.gravatar.com\/avatar\/6c8d4dc7569ca1c90c5fdcc349f839d5ddef6fe1e70b4337ead2ef1a4c43fc3a?s=96&d=identicon&r=g","contentUrl":"https:\/\/secure.gravatar.com\/avatar\/6c8d4dc7569ca1c90c5fdcc349f839d5ddef6fe1e70b4337ead2ef1a4c43fc3a?s=96&d=identicon&r=g","caption":"Reconoce MX"},"description":"Reconoce MX es un proyecto de difusi\u00f3n art\u00edstica, cultural y de conciencia social que est\u00e1 enfocado a difundir y fomentar el entretenimiento alternativo de calidad para todo el p\u00fablico que comparta el mismo entusiasmo.","sameAs":["http:\/\/www.reconoce.mx"],"url":"https:\/\/www.reconoce.mx\/?author=2"}]}},"_links":{"self":[{"href":"https:\/\/www.reconoce.mx\/index.php?rest_route=\/wp\/v2\/posts\/70865","targetHints":{"allow":["GET"]}}],"collection":[{"href":"https:\/\/www.reconoce.mx\/index.php?rest_route=\/wp\/v2\/posts"}],"about":[{"href":"https:\/\/www.reconoce.mx\/index.php?rest_route=\/wp\/v2\/types\/post"}],"author":[{"embeddable":true,"href":"https:\/\/www.reconoce.mx\/index.php?rest_route=\/wp\/v2\/users\/2"}],"replies":[{"embeddable":true,"href":"https:\/\/www.reconoce.mx\/index.php?rest_route=%2Fwp%2Fv2%2Fcomments&post=70865"}],"version-history":[{"count":3,"href":"https:\/\/www.reconoce.mx\/index.php?rest_route=\/wp\/v2\/posts\/70865\/revisions"}],"predecessor-version":[{"id":71905,"href":"https:\/\/www.reconoce.mx\/index.php?rest_route=\/wp\/v2\/posts\/70865\/revisions\/71905"}],"wp:featuredmedia":[{"embeddable":true,"href":"https:\/\/www.reconoce.mx\/index.php?rest_route=\/wp\/v2\/media\/70866"}],"wp:attachment":[{"href":"https:\/\/www.reconoce.mx\/index.php?rest_route=%2Fwp%2Fv2%2Fmedia&parent=70865"}],"wp:term":[{"taxonomy":"category","embeddable":true,"href":"https:\/\/www.reconoce.mx\/index.php?rest_route=%2Fwp%2Fv2%2Fcategories&post=70865"},{"taxonomy":"post_tag","embeddable":true,"href":"https:\/\/www.reconoce.mx\/index.php?rest_route=%2Fwp%2Fv2%2Ftags&post=70865"}],"curies":[{"name":"wp","href":"https:\/\/api.w.org\/{rel}","templated":true}]}}