{"id":70868,"date":"2018-02-27T00:06:27","date_gmt":"2018-02-27T06:06:27","guid":{"rendered":"http:\/\/www.reconoce.mx\/?p=70868"},"modified":"2018-02-27T09:18:06","modified_gmt":"2018-02-27T15:18:06","slug":"maya-chol-la-cosmovision-maya-plasmada-en-una-prenda-contemporanea","status":"publish","type":"post","link":"https:\/\/www.reconoce.mx\/?p=70868","title":{"rendered":"Maya Ch\u2019ol: la cosmovisi\u00f3n maya plasmada en una prenda contempor\u00e1nea"},"content":{"rendered":"<p><a href=\"http:\/\/art32.mx\/\" target=\"_blank\" rel=\"noopener noreferrer\"><img loading=\"lazy\" decoding=\"async\" class=\"aligncenter size-full wp-image-42011\" src=\"http:\/\/www.reconoce.mx\/wp-content\/uploads\/2017\/06\/Banner_art32.mxparaRMX.png\" alt=\"art32\" width=\"570\" height=\"70\" \/><\/a><strong><br \/>\nTexto por Yemmy Sierra<\/strong>.<br \/>\n<strong>Fotos por Luis Alfonso Garc\u00eda y Yemmy Sierra<\/strong>.<\/p>\n<p>El a\u00f1o pasado conoc\u00ed a <strong>Isabela Maya<\/strong> durante el\u00a0<a href=\"http:\/\/mx.ivoox.com\/es\/podcastrcmxitinerante-desde-cuarta-edicion-del-encuentro-de-audios-mp3_rf_22241016_1.html\" target=\"_blank\" rel=\"noopener\"><strong>4to Encuentro de Artesanos y Dise\u00f1o Artesanal<\/strong>\u00a0que se realiz\u00f3 en el\u00a0<strong>Museo Nacional de Culturas Populares<\/strong>\u00a0en junio del 2017<\/a>, y desde entonces la sigo porque sus creaciones me encantan. <strong>Isabela <\/strong>es la creadora de la marca <strong>Maya <\/strong><strong>Ch&#8217;ol<\/strong> que integra la cosmovisi\u00f3n maya en prendas contempor\u00e1neas, logrando as\u00ed que cada pieza tenga un dise\u00f1o \u00fanico y un significado simb\u00f3lico, pero tambi\u00e9n cuida la calidad de cada pieza, promueve el comercio justo y la integraci\u00f3n econ\u00f3mica de las mujeres ind\u00edgenas de Chiapas a trav\u00e9s de la producci\u00f3n artesanal.<\/p>\n<p><a href=\"http:\/\/www.reconoce.mx\/wp-content\/uploads\/2018\/02\/maya-chol-2.jpg\"><img loading=\"lazy\" decoding=\"async\" class=\"aligncenter size-full wp-image-70870\" src=\"http:\/\/www.reconoce.mx\/wp-content\/uploads\/2018\/02\/maya-chol-2.jpg\" alt=\"\" width=\"590\" height=\"442\" srcset=\"https:\/\/www.reconoce.mx\/wp-content\/uploads\/2018\/02\/maya-chol-2.jpg 590w, https:\/\/www.reconoce.mx\/wp-content\/uploads\/2018\/02\/maya-chol-2-300x225.jpg 300w, https:\/\/www.reconoce.mx\/wp-content\/uploads\/2018\/02\/maya-chol-2-150x112.jpg 150w\" sizes=\"auto, (max-width: 590px) 100vw, 590px\" \/><\/a><\/p>\n<p><strong>Isabela Maya<\/strong> es una aut\u00e9ntica ind\u00edgena maya ch\u2019ol de Palenque Chiapas. Ch\u2019ol significa hombres de la milpa u hombres creados de ma\u00edz y es una etnia ind\u00edgena que pertenece a la cultura maya. <strong>Isabela<\/strong> aprendi\u00f3 a bordar de su abuela quien fue una de las grandes mujeres choles bordadoras, adem\u00e1s de que le transmiti\u00f3 la cosmovisi\u00f3n de sus ancestros mayas acerca el cuidado de las plantas, de los animales y del entorno natural que nos rodea. Con su abuela como inspiraci\u00f3n, para Isabela es importante conservar y seguir transmitiendo este conocimiento.<\/p>\n<p><a href=\"http:\/\/www.reconoce.mx\/wp-content\/uploads\/2018\/02\/PalenqueChiapas.jpg\"><img loading=\"lazy\" decoding=\"async\" class=\"aligncenter size-full wp-image-70873\" src=\"http:\/\/www.reconoce.mx\/wp-content\/uploads\/2018\/02\/PalenqueChiapas.jpg\" alt=\"\" width=\"1920\" height=\"1767\" srcset=\"https:\/\/www.reconoce.mx\/wp-content\/uploads\/2018\/02\/PalenqueChiapas.jpg 1920w, https:\/\/www.reconoce.mx\/wp-content\/uploads\/2018\/02\/PalenqueChiapas-300x276.jpg 300w, https:\/\/www.reconoce.mx\/wp-content\/uploads\/2018\/02\/PalenqueChiapas-768x707.jpg 768w, https:\/\/www.reconoce.mx\/wp-content\/uploads\/2018\/02\/PalenqueChiapas-1024x942.jpg 1024w, https:\/\/www.reconoce.mx\/wp-content\/uploads\/2018\/02\/PalenqueChiapas-150x138.jpg 150w, https:\/\/www.reconoce.mx\/wp-content\/uploads\/2018\/02\/PalenqueChiapas-700x644.jpg 700w, https:\/\/www.reconoce.mx\/wp-content\/uploads\/2018\/02\/PalenqueChiapas-658x606.jpg 658w\" sizes=\"auto, (max-width: 1920px) 100vw, 1920px\" \/><\/a><\/p>\n<p style=\"text-align: right;\">Mapa: Ubicaci\u00f3n de Palenque en el estado de Chiapas.<\/p>\n<p>La forma romboidal y piramidal es la m\u00e1s utilizada en el arte ch&#8217;ol. En el bordado, los rombos son las escalinatas, arriba es el panchan (cielo), luego el mundo donde vivimos: el mundo de los humanos y abajo es el Xibalb\u00e1 (inframundo), la obscuridad: el infinito, ese nuevo mundo a donde vamos al morir. El centro es la uni\u00f3n, la dualidad (hombre\/mujer, d\u00eda\/noche) el lugar donde nos encontramos con nosotros mismos, donde se adquiere sabidur\u00eda, crecimiento, apoyo, la espiritualidad.<\/p>\n<p>Las escalinatas de las pir\u00e1mides o rombos tambi\u00e9n es el encuentro con el hermano, con el hijo o amigo, los principales o los mayores llevan de la mano al otro a ense\u00f1arle el camino de la sabidur\u00eda y cuando \u00e9ste se encuentre listo, entonces podr\u00e1 emprender su viaje e instruir al siguiente. Es la vida diaria crecer en conocimientos d\u00eda a d\u00eda, caminar, tropezar hasta que alg\u00fan d\u00eda se adquiere el chujlel (alma-sabidur\u00eda).<\/p>\n<p>Los colores tambi\u00e9n tienen su significado, el rojo y naranja son los colores del padre sol que es la vida, el gu\u00eda. El azul y el verde en ch\u2019ol no se distingue cada uno es <em>y\u00e4jy\u00e4jx<\/em> que es el cielo y la tierra. El morado y amarillo son los colores del ma\u00edz y el negro el color de la noche de Xibalb\u00e1 que tambi\u00e9n es parte de la vida.<\/p>\n<p><a href=\"http:\/\/www.reconoce.mx\/wp-content\/uploads\/2018\/02\/maya-chol-3.jpg\"><img loading=\"lazy\" decoding=\"async\" class=\"aligncenter size-full wp-image-70871\" src=\"http:\/\/www.reconoce.mx\/wp-content\/uploads\/2018\/02\/maya-chol-3.jpg\" alt=\"\" width=\"696\" height=\"696\" srcset=\"https:\/\/www.reconoce.mx\/wp-content\/uploads\/2018\/02\/maya-chol-3.jpg 696w, https:\/\/www.reconoce.mx\/wp-content\/uploads\/2018\/02\/maya-chol-3-150x150.jpg 150w, https:\/\/www.reconoce.mx\/wp-content\/uploads\/2018\/02\/maya-chol-3-300x300.jpg 300w, https:\/\/www.reconoce.mx\/wp-content\/uploads\/2018\/02\/maya-chol-3-65x65.jpg 65w, https:\/\/www.reconoce.mx\/wp-content\/uploads\/2018\/02\/maya-chol-3-658x658.jpg 658w\" sizes=\"auto, (max-width: 696px) 100vw, 696px\" \/><\/a><\/p>\n<p style=\"text-align: right;\">Foto: Frente y reverso de un bordado Ch\u2019ol antes de integrarse a una prenda.<\/p>\n<p>Las artesanas que integran la cooperativa textil <strong>Maya Ch\u2019ol<\/strong> son originarias de Palenque y del ejido Roberto Barrios, en Chiapas, por lo que Isabela combinan elementos de los grupos \u00e9tnicos ch\u2019ol y tzeltal.<\/p>\n<p><a href=\"http:\/\/www.reconoce.mx\/wp-content\/uploads\/2018\/02\/maya-chol-4.jpg\"><img loading=\"lazy\" decoding=\"async\" class=\"aligncenter size-full wp-image-70872\" src=\"http:\/\/www.reconoce.mx\/wp-content\/uploads\/2018\/02\/maya-chol-4.jpg\" alt=\"\" width=\"696\" height=\"696\" srcset=\"https:\/\/www.reconoce.mx\/wp-content\/uploads\/2018\/02\/maya-chol-4.jpg 696w, https:\/\/www.reconoce.mx\/wp-content\/uploads\/2018\/02\/maya-chol-4-150x150.jpg 150w, https:\/\/www.reconoce.mx\/wp-content\/uploads\/2018\/02\/maya-chol-4-300x300.jpg 300w, https:\/\/www.reconoce.mx\/wp-content\/uploads\/2018\/02\/maya-chol-4-65x65.jpg 65w, https:\/\/www.reconoce.mx\/wp-content\/uploads\/2018\/02\/maya-chol-4-658x658.jpg 658w\" sizes=\"auto, (max-width: 696px) 100vw, 696px\" \/><\/a><\/p>\n<p style=\"text-align: right;\">Foto: Dos de las artesanas que realizan el bordado Ch\u2019ol.<\/p>\n<p>El bordado tzeltal posee colores exuberantes, en especial cuando se decoran las rosas, las flores, regularmente de color fucsia y rojos, tambi\u00e9n representan los cosmos con rombos e iconos de animales c\u00f3smicos como la serpiente, conejos, sapo, alacr\u00e1n entre otros.<\/p>\n<p>Isabela, quien adem\u00e1s se capacit\u00f3 en corte y confecci\u00f3n, siempre est\u00e1 creando nuevos modelos y tiene una gran variedad de productos: vestidos, blusas, guayaberas, faldas, cojines, toallas de mano, pie de cama, monederos entre otros. Ninguna prenda de <strong>Maya Ch&#8217;ol<\/strong> pasa por un proceso industrial y cada pieza es \u00fanica en su tipo.<\/p>\n<p>Al adquirir una pieza, se compra un poco de la cultura maya en un dise\u00f1o actual, apoyando a conservar y continuar el trabajo del bordado artesanal hecho por manos ind\u00edgenas.\u00a0<a href=\"https:\/\/www.facebook.com\/mayachol\/\" target=\"_blank\" rel=\"noopener\">Aqu\u00ed la puedes seguir<\/a>.<\/p>\n<blockquote><p><a href=\"http:\/\/www.reconoce.mx\/wp-content\/uploads\/2017\/06\/YemmyCBN.jpg\" rel=\"lightbox[62647]\"><img loading=\"lazy\" decoding=\"async\" class=\"alignleft size-thumbnail wp-image-39872\" src=\"http:\/\/www.reconoce.mx\/wp-content\/uploads\/2017\/06\/YemmyCBN.jpg\" alt=\"IMG_5743\" width=\"150\" height=\"150\" \/><\/a><strong>Yemmy Sierra<\/strong>. Amante de la artesan\u00eda, la comida, la vida y la buena compa\u00f1\u00eda por lo que a menudo me encuentran en ferias y exposiciones junto a mi familia. Apasionada del aprendizaje, siento repentinos e intensos llamados que me han llevado desde estudiar japon\u00e9s hasta loditos uno en cer\u00e1mica. Me gusta sobreanalizar la vida, sumergirme en mis pensamientos, encontrar nuevos caminos, recorrerlos y desrecorrerlos. A\u00fan conservo la esperanza en la humanidad y creo que cuando cambie yo, cambiar\u00e1 el mundo: he encontrado en el emprendimiento la manera de sublimarme.<\/p><\/blockquote>\n<p>&nbsp;<\/p>\n<p>&nbsp;<\/p>\n","protected":false},"excerpt":{"rendered":"<p>El a\u00f1o pasado conoc\u00ed a Isabela Maya durante el 4to Encuentro de Artesanos y Dise\u00f1o Artesanal que se realiz\u00f3 en el Museo Nacional de Culturas Populares en junio del 2017, y desde entonces la sigo porque sus creaciones me encantan. <\/p>\n","protected":false},"author":2,"featured_media":70869,"comment_status":"open","ping_status":"open","sticky":false,"template":"","format":"standard","meta":{"footnotes":""},"categories":[2659,16,17],"tags":[],"class_list":["post-70868","post","type-post","status-publish","format-standard","has-post-thumbnail","hentry","category-art32-mx","category-columnistas","category-principal"],"yoast_head":"<!-- This site is optimized with the Yoast SEO plugin v24.7 - https:\/\/yoast.com\/wordpress\/plugins\/seo\/ -->\n<title>Maya Ch\u2019ol: la cosmovisi\u00f3n maya plasmada en una prenda contempor\u00e1nea &#171; Reconoce MX<\/title>\n<meta name=\"robots\" content=\"index, follow, max-snippet:-1, max-image-preview:large, max-video-preview:-1\" \/>\n<link rel=\"canonical\" href=\"http:\/\/www.reconoce.mx\/?p=70868\" \/>\n<meta property=\"og:locale\" content=\"es_ES\" \/>\n<meta property=\"og:type\" content=\"article\" \/>\n<meta property=\"og:title\" content=\"Maya Ch\u2019ol: la cosmovisi\u00f3n maya plasmada en una prenda contempor\u00e1nea &#171; Reconoce MX\" \/>\n<meta property=\"og:description\" content=\"El a\u00f1o pasado conoc\u00ed a Isabela Maya durante el 4to Encuentro de Artesanos y Dise\u00f1o Artesanal que se realiz\u00f3 en el Museo Nacional de Culturas Populares en junio del 2017, y desde entonces la sigo porque sus creaciones me encantan.\" \/>\n<meta property=\"og:url\" content=\"http:\/\/www.reconoce.mx\/?p=70868\" \/>\n<meta property=\"og:site_name\" content=\"Reconoce MX\" \/>\n<meta property=\"article:publisher\" content=\"https:\/\/es-la.facebook.com\/ReconoceMX\/\" \/>\n<meta property=\"article:published_time\" content=\"2018-02-27T06:06:27+00:00\" \/>\n<meta property=\"article:modified_time\" content=\"2018-02-27T15:18:06+00:00\" \/>\n<meta property=\"og:image\" content=\"http:\/\/www.reconoce.mx\/wp-content\/uploads\/2018\/02\/maya-chol-1.jpg\" \/>\n\t<meta property=\"og:image:width\" content=\"590\" \/>\n\t<meta property=\"og:image:height\" content=\"380\" \/>\n\t<meta property=\"og:image:type\" content=\"image\/jpeg\" \/>\n<meta name=\"author\" content=\"Reconoce MX\" \/>\n<meta name=\"twitter:card\" content=\"summary_large_image\" \/>\n<meta name=\"twitter:creator\" content=\"@reconocemx\" \/>\n<meta name=\"twitter:site\" content=\"@reconocemx\" \/>\n<meta name=\"twitter:label1\" content=\"Escrito por\" \/>\n\t<meta name=\"twitter:data1\" content=\"Reconoce MX\" \/>\n\t<meta name=\"twitter:label2\" content=\"Tiempo de lectura\" \/>\n\t<meta name=\"twitter:data2\" content=\"4 minutos\" \/>\n<script type=\"application\/ld+json\" class=\"yoast-schema-graph\">{\"@context\":\"https:\/\/schema.org\",\"@graph\":[{\"@type\":\"Article\",\"@id\":\"http:\/\/www.reconoce.mx\/?p=70868#article\",\"isPartOf\":{\"@id\":\"http:\/\/www.reconoce.mx\/?p=70868\"},\"author\":{\"name\":\"Reconoce MX\",\"@id\":\"http:\/\/www.reconoce.mx\/#\/schema\/person\/2117e997d7051dc15d6880eaf9bca0b2\"},\"headline\":\"Maya Ch\u2019ol: la cosmovisi\u00f3n maya plasmada en una prenda contempor\u00e1nea\",\"datePublished\":\"2018-02-27T06:06:27+00:00\",\"dateModified\":\"2018-02-27T15:18:06+00:00\",\"mainEntityOfPage\":{\"@id\":\"http:\/\/www.reconoce.mx\/?p=70868\"},\"wordCount\":779,\"commentCount\":0,\"publisher\":{\"@id\":\"http:\/\/www.reconoce.mx\/#organization\"},\"image\":{\"@id\":\"http:\/\/www.reconoce.mx\/?p=70868#primaryimage\"},\"thumbnailUrl\":\"https:\/\/www.reconoce.mx\/wp-content\/uploads\/2018\/02\/maya-chol-1.jpg\",\"articleSection\":[\"Art32.mx\",\"Columnistas\",\"Principal\"],\"inLanguage\":\"es\",\"potentialAction\":[{\"@type\":\"CommentAction\",\"name\":\"Comment\",\"target\":[\"http:\/\/www.reconoce.mx\/?p=70868#respond\"]}]},{\"@type\":\"WebPage\",\"@id\":\"http:\/\/www.reconoce.mx\/?p=70868\",\"url\":\"http:\/\/www.reconoce.mx\/?p=70868\",\"name\":\"Maya Ch\u2019ol: la cosmovisi\u00f3n maya plasmada en una prenda contempor\u00e1nea &#171; Reconoce MX\",\"isPartOf\":{\"@id\":\"http:\/\/www.reconoce.mx\/#website\"},\"primaryImageOfPage\":{\"@id\":\"http:\/\/www.reconoce.mx\/?p=70868#primaryimage\"},\"image\":{\"@id\":\"http:\/\/www.reconoce.mx\/?p=70868#primaryimage\"},\"thumbnailUrl\":\"https:\/\/www.reconoce.mx\/wp-content\/uploads\/2018\/02\/maya-chol-1.jpg\",\"datePublished\":\"2018-02-27T06:06:27+00:00\",\"dateModified\":\"2018-02-27T15:18:06+00:00\",\"breadcrumb\":{\"@id\":\"http:\/\/www.reconoce.mx\/?p=70868#breadcrumb\"},\"inLanguage\":\"es\",\"potentialAction\":[{\"@type\":\"ReadAction\",\"target\":[\"http:\/\/www.reconoce.mx\/?p=70868\"]}]},{\"@type\":\"ImageObject\",\"inLanguage\":\"es\",\"@id\":\"http:\/\/www.reconoce.mx\/?p=70868#primaryimage\",\"url\":\"https:\/\/www.reconoce.mx\/wp-content\/uploads\/2018\/02\/maya-chol-1.jpg\",\"contentUrl\":\"https:\/\/www.reconoce.mx\/wp-content\/uploads\/2018\/02\/maya-chol-1.jpg\",\"width\":590,\"height\":380},{\"@type\":\"BreadcrumbList\",\"@id\":\"http:\/\/www.reconoce.mx\/?p=70868#breadcrumb\",\"itemListElement\":[{\"@type\":\"ListItem\",\"position\":1,\"name\":\"Portada\",\"item\":\"http:\/\/www.reconoce.mx\/\"},{\"@type\":\"ListItem\",\"position\":2,\"name\":\"Maya Ch\u2019ol: la cosmovisi\u00f3n maya plasmada en una prenda contempor\u00e1nea\"}]},{\"@type\":\"WebSite\",\"@id\":\"http:\/\/www.reconoce.mx\/#website\",\"url\":\"http:\/\/www.reconoce.mx\/\",\"name\":\"Reconoce MX\",\"description\":\"En Reconoce MX difundimos arte, cultura y conciencia social en M\u00e9xico. Tu ciudad en otra perspectiva.\",\"publisher\":{\"@id\":\"http:\/\/www.reconoce.mx\/#organization\"},\"potentialAction\":[{\"@type\":\"SearchAction\",\"target\":{\"@type\":\"EntryPoint\",\"urlTemplate\":\"http:\/\/www.reconoce.mx\/?s={search_term_string}\"},\"query-input\":{\"@type\":\"PropertyValueSpecification\",\"valueRequired\":true,\"valueName\":\"search_term_string\"}}],\"inLanguage\":\"es\"},{\"@type\":\"Organization\",\"@id\":\"http:\/\/www.reconoce.mx\/#organization\",\"name\":\"Reconoce MX\",\"url\":\"http:\/\/www.reconoce.mx\/\",\"logo\":{\"@type\":\"ImageObject\",\"inLanguage\":\"es\",\"@id\":\"http:\/\/www.reconoce.mx\/#\/schema\/logo\/image\/\",\"url\":\"https:\/\/www.reconoce.mx\/wp-content\/uploads\/2019\/03\/logorcmx-good-1.png\",\"contentUrl\":\"https:\/\/www.reconoce.mx\/wp-content\/uploads\/2019\/03\/logorcmx-good-1.png\",\"width\":280,\"height\":90,\"caption\":\"Reconoce MX\"},\"image\":{\"@id\":\"http:\/\/www.reconoce.mx\/#\/schema\/logo\/image\/\"},\"sameAs\":[\"https:\/\/es-la.facebook.com\/ReconoceMX\/\",\"https:\/\/x.com\/reconocemx\",\"http:\/\/@reconocemx\"]},{\"@type\":\"Person\",\"@id\":\"http:\/\/www.reconoce.mx\/#\/schema\/person\/2117e997d7051dc15d6880eaf9bca0b2\",\"name\":\"Reconoce MX\",\"image\":{\"@type\":\"ImageObject\",\"inLanguage\":\"es\",\"@id\":\"http:\/\/www.reconoce.mx\/#\/schema\/person\/image\/\",\"url\":\"https:\/\/secure.gravatar.com\/avatar\/6c8d4dc7569ca1c90c5fdcc349f839d5ddef6fe1e70b4337ead2ef1a4c43fc3a?s=96&d=identicon&r=g\",\"contentUrl\":\"https:\/\/secure.gravatar.com\/avatar\/6c8d4dc7569ca1c90c5fdcc349f839d5ddef6fe1e70b4337ead2ef1a4c43fc3a?s=96&d=identicon&r=g\",\"caption\":\"Reconoce MX\"},\"description\":\"Reconoce MX es un proyecto de difusi\u00f3n art\u00edstica, cultural y de conciencia social que est\u00e1 enfocado a difundir y fomentar el entretenimiento alternativo de calidad para todo el p\u00fablico que comparta el mismo entusiasmo.\",\"sameAs\":[\"http:\/\/www.reconoce.mx\"],\"url\":\"https:\/\/www.reconoce.mx\/?author=2\"}]}<\/script>\n<!-- \/ Yoast SEO plugin. -->","yoast_head_json":{"title":"Maya Ch\u2019ol: la cosmovisi\u00f3n maya plasmada en una prenda contempor\u00e1nea &#171; Reconoce MX","robots":{"index":"index","follow":"follow","max-snippet":"max-snippet:-1","max-image-preview":"max-image-preview:large","max-video-preview":"max-video-preview:-1"},"canonical":"http:\/\/www.reconoce.mx\/?p=70868","og_locale":"es_ES","og_type":"article","og_title":"Maya Ch\u2019ol: la cosmovisi\u00f3n maya plasmada en una prenda contempor\u00e1nea &#171; Reconoce MX","og_description":"El a\u00f1o pasado conoc\u00ed a Isabela Maya durante el 4to Encuentro de Artesanos y Dise\u00f1o Artesanal que se realiz\u00f3 en el Museo Nacional de Culturas Populares en junio del 2017, y desde entonces la sigo porque sus creaciones me encantan.","og_url":"http:\/\/www.reconoce.mx\/?p=70868","og_site_name":"Reconoce MX","article_publisher":"https:\/\/es-la.facebook.com\/ReconoceMX\/","article_published_time":"2018-02-27T06:06:27+00:00","article_modified_time":"2018-02-27T15:18:06+00:00","og_image":[{"width":590,"height":380,"url":"http:\/\/www.reconoce.mx\/wp-content\/uploads\/2018\/02\/maya-chol-1.jpg","type":"image\/jpeg"}],"author":"Reconoce MX","twitter_card":"summary_large_image","twitter_creator":"@reconocemx","twitter_site":"@reconocemx","twitter_misc":{"Escrito por":"Reconoce MX","Tiempo de lectura":"4 minutos"},"schema":{"@context":"https:\/\/schema.org","@graph":[{"@type":"Article","@id":"http:\/\/www.reconoce.mx\/?p=70868#article","isPartOf":{"@id":"http:\/\/www.reconoce.mx\/?p=70868"},"author":{"name":"Reconoce MX","@id":"http:\/\/www.reconoce.mx\/#\/schema\/person\/2117e997d7051dc15d6880eaf9bca0b2"},"headline":"Maya Ch\u2019ol: la cosmovisi\u00f3n maya plasmada en una prenda contempor\u00e1nea","datePublished":"2018-02-27T06:06:27+00:00","dateModified":"2018-02-27T15:18:06+00:00","mainEntityOfPage":{"@id":"http:\/\/www.reconoce.mx\/?p=70868"},"wordCount":779,"commentCount":0,"publisher":{"@id":"http:\/\/www.reconoce.mx\/#organization"},"image":{"@id":"http:\/\/www.reconoce.mx\/?p=70868#primaryimage"},"thumbnailUrl":"https:\/\/www.reconoce.mx\/wp-content\/uploads\/2018\/02\/maya-chol-1.jpg","articleSection":["Art32.mx","Columnistas","Principal"],"inLanguage":"es","potentialAction":[{"@type":"CommentAction","name":"Comment","target":["http:\/\/www.reconoce.mx\/?p=70868#respond"]}]},{"@type":"WebPage","@id":"http:\/\/www.reconoce.mx\/?p=70868","url":"http:\/\/www.reconoce.mx\/?p=70868","name":"Maya Ch\u2019ol: la cosmovisi\u00f3n maya plasmada en una prenda contempor\u00e1nea &#171; Reconoce MX","isPartOf":{"@id":"http:\/\/www.reconoce.mx\/#website"},"primaryImageOfPage":{"@id":"http:\/\/www.reconoce.mx\/?p=70868#primaryimage"},"image":{"@id":"http:\/\/www.reconoce.mx\/?p=70868#primaryimage"},"thumbnailUrl":"https:\/\/www.reconoce.mx\/wp-content\/uploads\/2018\/02\/maya-chol-1.jpg","datePublished":"2018-02-27T06:06:27+00:00","dateModified":"2018-02-27T15:18:06+00:00","breadcrumb":{"@id":"http:\/\/www.reconoce.mx\/?p=70868#breadcrumb"},"inLanguage":"es","potentialAction":[{"@type":"ReadAction","target":["http:\/\/www.reconoce.mx\/?p=70868"]}]},{"@type":"ImageObject","inLanguage":"es","@id":"http:\/\/www.reconoce.mx\/?p=70868#primaryimage","url":"https:\/\/www.reconoce.mx\/wp-content\/uploads\/2018\/02\/maya-chol-1.jpg","contentUrl":"https:\/\/www.reconoce.mx\/wp-content\/uploads\/2018\/02\/maya-chol-1.jpg","width":590,"height":380},{"@type":"BreadcrumbList","@id":"http:\/\/www.reconoce.mx\/?p=70868#breadcrumb","itemListElement":[{"@type":"ListItem","position":1,"name":"Portada","item":"http:\/\/www.reconoce.mx\/"},{"@type":"ListItem","position":2,"name":"Maya Ch\u2019ol: la cosmovisi\u00f3n maya plasmada en una prenda contempor\u00e1nea"}]},{"@type":"WebSite","@id":"http:\/\/www.reconoce.mx\/#website","url":"http:\/\/www.reconoce.mx\/","name":"Reconoce MX","description":"En Reconoce MX difundimos arte, cultura y conciencia social en M\u00e9xico. Tu ciudad en otra perspectiva.","publisher":{"@id":"http:\/\/www.reconoce.mx\/#organization"},"potentialAction":[{"@type":"SearchAction","target":{"@type":"EntryPoint","urlTemplate":"http:\/\/www.reconoce.mx\/?s={search_term_string}"},"query-input":{"@type":"PropertyValueSpecification","valueRequired":true,"valueName":"search_term_string"}}],"inLanguage":"es"},{"@type":"Organization","@id":"http:\/\/www.reconoce.mx\/#organization","name":"Reconoce MX","url":"http:\/\/www.reconoce.mx\/","logo":{"@type":"ImageObject","inLanguage":"es","@id":"http:\/\/www.reconoce.mx\/#\/schema\/logo\/image\/","url":"https:\/\/www.reconoce.mx\/wp-content\/uploads\/2019\/03\/logorcmx-good-1.png","contentUrl":"https:\/\/www.reconoce.mx\/wp-content\/uploads\/2019\/03\/logorcmx-good-1.png","width":280,"height":90,"caption":"Reconoce MX"},"image":{"@id":"http:\/\/www.reconoce.mx\/#\/schema\/logo\/image\/"},"sameAs":["https:\/\/es-la.facebook.com\/ReconoceMX\/","https:\/\/x.com\/reconocemx","http:\/\/@reconocemx"]},{"@type":"Person","@id":"http:\/\/www.reconoce.mx\/#\/schema\/person\/2117e997d7051dc15d6880eaf9bca0b2","name":"Reconoce MX","image":{"@type":"ImageObject","inLanguage":"es","@id":"http:\/\/www.reconoce.mx\/#\/schema\/person\/image\/","url":"https:\/\/secure.gravatar.com\/avatar\/6c8d4dc7569ca1c90c5fdcc349f839d5ddef6fe1e70b4337ead2ef1a4c43fc3a?s=96&d=identicon&r=g","contentUrl":"https:\/\/secure.gravatar.com\/avatar\/6c8d4dc7569ca1c90c5fdcc349f839d5ddef6fe1e70b4337ead2ef1a4c43fc3a?s=96&d=identicon&r=g","caption":"Reconoce MX"},"description":"Reconoce MX es un proyecto de difusi\u00f3n art\u00edstica, cultural y de conciencia social que est\u00e1 enfocado a difundir y fomentar el entretenimiento alternativo de calidad para todo el p\u00fablico que comparta el mismo entusiasmo.","sameAs":["http:\/\/www.reconoce.mx"],"url":"https:\/\/www.reconoce.mx\/?author=2"}]}},"_links":{"self":[{"href":"https:\/\/www.reconoce.mx\/index.php?rest_route=\/wp\/v2\/posts\/70868","targetHints":{"allow":["GET"]}}],"collection":[{"href":"https:\/\/www.reconoce.mx\/index.php?rest_route=\/wp\/v2\/posts"}],"about":[{"href":"https:\/\/www.reconoce.mx\/index.php?rest_route=\/wp\/v2\/types\/post"}],"author":[{"embeddable":true,"href":"https:\/\/www.reconoce.mx\/index.php?rest_route=\/wp\/v2\/users\/2"}],"replies":[{"embeddable":true,"href":"https:\/\/www.reconoce.mx\/index.php?rest_route=%2Fwp%2Fv2%2Fcomments&post=70868"}],"version-history":[{"count":1,"href":"https:\/\/www.reconoce.mx\/index.php?rest_route=\/wp\/v2\/posts\/70868\/revisions"}],"predecessor-version":[{"id":70874,"href":"https:\/\/www.reconoce.mx\/index.php?rest_route=\/wp\/v2\/posts\/70868\/revisions\/70874"}],"wp:featuredmedia":[{"embeddable":true,"href":"https:\/\/www.reconoce.mx\/index.php?rest_route=\/wp\/v2\/media\/70869"}],"wp:attachment":[{"href":"https:\/\/www.reconoce.mx\/index.php?rest_route=%2Fwp%2Fv2%2Fmedia&parent=70868"}],"wp:term":[{"taxonomy":"category","embeddable":true,"href":"https:\/\/www.reconoce.mx\/index.php?rest_route=%2Fwp%2Fv2%2Fcategories&post=70868"},{"taxonomy":"post_tag","embeddable":true,"href":"https:\/\/www.reconoce.mx\/index.php?rest_route=%2Fwp%2Fv2%2Ftags&post=70868"}],"curies":[{"name":"wp","href":"https:\/\/api.w.org\/{rel}","templated":true}]}}