{"id":71678,"date":"2018-03-26T00:04:38","date_gmt":"2018-03-26T06:04:38","guid":{"rendered":"http:\/\/www.reconoce.mx\/?p=71678"},"modified":"2018-03-26T19:36:10","modified_gmt":"2018-03-27T01:36:10","slug":"airbag-furia-adolescente-directo-desde-argentina","status":"publish","type":"post","link":"https:\/\/www.reconoce.mx\/?p=71678","title":{"rendered":"Airbag: furia adolescente directo desde Argentina"},"content":{"rendered":"<p><strong>Texto por\u00a0<span class=\"st\"><a href=\"https:\/\/twitter.com\/Amauryshow\" target=\"_blank\" rel=\"noopener noreferrer\">Amaury Berdejo Ju\u00e1rez<\/a><\/span>.<br \/>\nFotos por <a href=\"https:\/\/twitter.com\/alice_freckles\" target=\"_blank\" rel=\"noopener noreferrer\">Alicia \u00c1vila Monroy<\/a>.<\/strong><\/p>\n<p>Desde su presentaci\u00f3n el pasado 18 de marzo en el <strong>Vive Latino 2018<\/strong>, se vaticinaba que el show que dar\u00edan por cuenta propia <strong>Airbag<\/strong> estar\u00eda lleno de seguidores, energ\u00eda y total entrega por parte de loa argentinos.<\/p>\n<p><img loading=\"lazy\" decoding=\"async\" class=\"alignnone size-full\" src=\"https:\/\/c1.staticflickr.com\/1\/798\/41039441891_3f4a7a9f70_z.jpg\" width=\"640\" height=\"496\" \/><\/p>\n<p><em><strong>&gt;&gt;<a href=\"https:\/\/www.flickr.com\/photos\/reconocemx\/albums\/72157693158533701\" target=\"_blank\" rel=\"noopener\">Disfruta nuestra galer\u00eda completa de Airbag en Foro Indie Rocks!<\/a>&lt;&lt;<\/strong><\/em><\/p>\n<p>As\u00ed fue: con un <strong>Foro Indie Rocks!<\/strong> lleno de fans nost\u00e1lgicos por su \u00e9poca adolescente, la noche se acomod\u00f3 para un gran show de rock punk por parte de los 3 hermanos: Patricio Sardelli, Gast\u00f3n Sardelli y Guido Sardelli. La fuerza de las letras basadas en desamor, preguntas existenciales y deseos exacerbados propios de la juventud, demostraron su eficacia una vez m\u00e1s, coreadas por cerca de 300 personas.<\/p>\n<p>Una de las caracter\u00edsticas del<strong> Foro Indie Rocks!<\/strong> es que permite tener shows con un potente sonido, pero a la vez existe tambi\u00e9n un ambiente de intimidad por la cercan\u00eda f\u00edsica con los artistas. Este elemento sin duda desat\u00f3 la emoci\u00f3n de los seguidores de <strong>Airbag<\/strong>, quienes desde el primer acorde gritaron y brincaron de emoci\u00f3n.<\/p>\n<p><img loading=\"lazy\" decoding=\"async\" class=\"alignnone size-full\" src=\"https:\/\/c1.staticflickr.com\/1\/789\/41039462901_2140c7be5c_c.jpg\" width=\"800\" height=\"536\" \/><\/p>\n<p><em><strong>&gt;&gt;<a href=\"https:\/\/www.flickr.com\/photos\/reconocemx\/albums\/72157693158533701\" target=\"_blank\" rel=\"noopener\">Disfruta nuestra galer\u00eda completa de Airbag en Foro Indie Rocks!<\/a>&lt;&lt;<\/strong><\/em><\/p>\n<p>Temas como \u00abS\u00f3lo aqu\u00ed\u00bb, \u00abSi te vas\u00bb y \u00abPor mil noches\u00bb encendieron los \u00e1nimos del p\u00fablico, entre cuyos asistentes se ve\u00eda una bandera de Argentina ondeada por varias manos. Uno de los momentos m\u00e1s \u00e9picos fue cuando la banda interpret\u00f3 \u00abEl rey\u00bb, original de <strong>Jos\u00e9 Alfredo Jim\u00e9nez<\/strong>, ataviados de un sombrero mariachi y levantando la bandera de M\u00e9xico en el escenario.<\/p>\n<p>Muchos de los asistentes realizaron transmisiones en vivo desde sus tel\u00e9fonos celulares y corearon la mayor\u00eda de sus temas, demostrando que la banda argentina es muy querida por el el p\u00fablico mexicano.<\/p>\n<p><a data-flickr-embed='true' href='https:\/\/www.flickr.com\/photos\/reconocemx\/albums\/72157693158533701' title='Airbag en Foro Indie Rocks! by Reconoce MX, on Flickr'><img src='https:\/\/live.staticflickr.com\/820\/40331019674_0f5b79816e_z.jpg' width='800' height='600' alt='Airbag en Foro Indie Rocks! - 19'><\/a><script async src='https:\/\/embedr.flickr.com\/assets\/client-code.js' charset='utf-8'><\/script><\/p>\n<p>Cerca del final, <strong>Airbag<\/strong> interpret\u00f3 la esperada \u00abCae el sol\u00bb que signific\u00f3 el \u00faltimo \u00abesfuerzo\u00bb por parte del p\u00fablico para brincar y literalmente hacer retumbar al <strong>Foro Indie Rocks!<\/strong> con su energ\u00eda. El vocalista Patricio Sardelli se mostr\u00f3 muy agradecido con su audiencia y se disculp\u00f3 por no haber visitado el pa\u00eds anteriormente; tambi\u00e9n coment\u00f3 que en esta semana y media en M\u00e9xico hab\u00edan aprendido mucho de la gastronom\u00eda y la gente, por lo que estaban cautivados.<\/p>\n<p>Sin duda una noche especial para todos los seguidores que hab\u00edan estado esperando la visita de <strong>Airbag<\/strong>, reafirmando que no hay nada como ver esa espera recompensada con dos shows en nuestro pa\u00eds (<strong>Vive Latino<\/strong> y <strong>Foro Indie Rocks!<\/strong>) donde la banda se mostr\u00f3 m\u00e1s que entregada. Noches as\u00ed nos hacen recordar que la magia de la m\u00fasica sumada a la nostalgia pueden convertir un show \u00abpeque\u00f1o\u00bb en una presentaci\u00f3n digna de cualquier estadio o gran escenario.<\/p>\n<p>&nbsp;<\/p>\n<p>&nbsp;<\/p>\n","protected":false},"excerpt":{"rendered":"<p>Desde su presentaci\u00f3n el pasado 18 de marzo en el Vive Latino 2018, se vaticinaba que el show que dar\u00edan por cuenta propia Airbag estar\u00eda lleno de seguidores, energ\u00eda y total entrega por parte de loa argentinos.<\/p>\n","protected":false},"author":2,"featured_media":71688,"comment_status":"open","ping_status":"open","sticky":false,"template":"","format":"standard","meta":{"footnotes":""},"categories":[1,18,17],"tags":[],"class_list":["post-71678","post","type-post","status-publish","format-standard","has-post-thumbnail","hentry","category-cultura","category-musica","category-principal"],"yoast_head":"<!-- This site is optimized with the Yoast SEO plugin v24.7 - https:\/\/yoast.com\/wordpress\/plugins\/seo\/ -->\n<title>Airbag: furia adolescente directo desde Argentina &#171; Reconoce MX<\/title>\n<meta name=\"robots\" content=\"index, follow, max-snippet:-1, max-image-preview:large, max-video-preview:-1\" \/>\n<link rel=\"canonical\" href=\"https:\/\/www.reconoce.mx\/?p=71678\" \/>\n<meta property=\"og:locale\" content=\"es_ES\" \/>\n<meta property=\"og:type\" content=\"article\" \/>\n<meta property=\"og:title\" content=\"Airbag: furia adolescente directo desde Argentina &#171; Reconoce MX\" \/>\n<meta property=\"og:description\" content=\"Desde su presentaci\u00f3n el pasado 18 de marzo en el Vive Latino 2018, se vaticinaba que el show que dar\u00edan por cuenta propia Airbag estar\u00eda lleno de seguidores, energ\u00eda y total entrega por parte de loa argentinos.\" \/>\n<meta property=\"og:url\" content=\"https:\/\/www.reconoce.mx\/?p=71678\" \/>\n<meta property=\"og:site_name\" content=\"Reconoce MX\" \/>\n<meta property=\"article:publisher\" content=\"https:\/\/es-la.facebook.com\/ReconoceMX\/\" \/>\n<meta property=\"article:published_time\" content=\"2018-03-26T06:04:38+00:00\" \/>\n<meta property=\"article:modified_time\" content=\"2018-03-27T01:36:10+00:00\" \/>\n<meta property=\"og:image\" content=\"https:\/\/www.reconoce.mx\/wp-content\/uploads\/2018\/03\/airbag-foro-indie-rocks-2018.jpg\" \/>\n\t<meta property=\"og:image:width\" content=\"590\" \/>\n\t<meta property=\"og:image:height\" content=\"380\" \/>\n\t<meta property=\"og:image:type\" content=\"image\/jpeg\" \/>\n<meta name=\"author\" content=\"Reconoce MX\" \/>\n<meta name=\"twitter:card\" content=\"summary_large_image\" \/>\n<meta name=\"twitter:creator\" content=\"@reconocemx\" \/>\n<meta name=\"twitter:site\" content=\"@reconocemx\" \/>\n<meta name=\"twitter:label1\" content=\"Escrito por\" \/>\n\t<meta name=\"twitter:data1\" content=\"Reconoce MX\" \/>\n\t<meta name=\"twitter:label2\" content=\"Tiempo de lectura\" \/>\n\t<meta name=\"twitter:data2\" content=\"2 minutos\" \/>\n<script type=\"application\/ld+json\" class=\"yoast-schema-graph\">{\"@context\":\"https:\/\/schema.org\",\"@graph\":[{\"@type\":\"Article\",\"@id\":\"https:\/\/www.reconoce.mx\/?p=71678#article\",\"isPartOf\":{\"@id\":\"https:\/\/www.reconoce.mx\/?p=71678\"},\"author\":{\"name\":\"Reconoce MX\",\"@id\":\"http:\/\/www.reconoce.mx\/#\/schema\/person\/2117e997d7051dc15d6880eaf9bca0b2\"},\"headline\":\"Airbag: furia adolescente directo desde Argentina\",\"datePublished\":\"2018-03-26T06:04:38+00:00\",\"dateModified\":\"2018-03-27T01:36:10+00:00\",\"mainEntityOfPage\":{\"@id\":\"https:\/\/www.reconoce.mx\/?p=71678\"},\"wordCount\":497,\"commentCount\":0,\"publisher\":{\"@id\":\"http:\/\/www.reconoce.mx\/#organization\"},\"image\":{\"@id\":\"https:\/\/www.reconoce.mx\/?p=71678#primaryimage\"},\"thumbnailUrl\":\"https:\/\/www.reconoce.mx\/wp-content\/uploads\/2018\/03\/airbag-foro-indie-rocks-2018.jpg\",\"articleSection\":[\"Cultura\",\"M\u00fasica\",\"Principal\"],\"inLanguage\":\"es\",\"potentialAction\":[{\"@type\":\"CommentAction\",\"name\":\"Comment\",\"target\":[\"https:\/\/www.reconoce.mx\/?p=71678#respond\"]}]},{\"@type\":\"WebPage\",\"@id\":\"https:\/\/www.reconoce.mx\/?p=71678\",\"url\":\"https:\/\/www.reconoce.mx\/?p=71678\",\"name\":\"Airbag: furia adolescente directo desde Argentina &#171; Reconoce MX\",\"isPartOf\":{\"@id\":\"http:\/\/www.reconoce.mx\/#website\"},\"primaryImageOfPage\":{\"@id\":\"https:\/\/www.reconoce.mx\/?p=71678#primaryimage\"},\"image\":{\"@id\":\"https:\/\/www.reconoce.mx\/?p=71678#primaryimage\"},\"thumbnailUrl\":\"https:\/\/www.reconoce.mx\/wp-content\/uploads\/2018\/03\/airbag-foro-indie-rocks-2018.jpg\",\"datePublished\":\"2018-03-26T06:04:38+00:00\",\"dateModified\":\"2018-03-27T01:36:10+00:00\",\"breadcrumb\":{\"@id\":\"https:\/\/www.reconoce.mx\/?p=71678#breadcrumb\"},\"inLanguage\":\"es\",\"potentialAction\":[{\"@type\":\"ReadAction\",\"target\":[\"https:\/\/www.reconoce.mx\/?p=71678\"]}]},{\"@type\":\"ImageObject\",\"inLanguage\":\"es\",\"@id\":\"https:\/\/www.reconoce.mx\/?p=71678#primaryimage\",\"url\":\"https:\/\/www.reconoce.mx\/wp-content\/uploads\/2018\/03\/airbag-foro-indie-rocks-2018.jpg\",\"contentUrl\":\"https:\/\/www.reconoce.mx\/wp-content\/uploads\/2018\/03\/airbag-foro-indie-rocks-2018.jpg\",\"width\":590,\"height\":380},{\"@type\":\"BreadcrumbList\",\"@id\":\"https:\/\/www.reconoce.mx\/?p=71678#breadcrumb\",\"itemListElement\":[{\"@type\":\"ListItem\",\"position\":1,\"name\":\"Portada\",\"item\":\"http:\/\/www.reconoce.mx\/\"},{\"@type\":\"ListItem\",\"position\":2,\"name\":\"Airbag: furia adolescente directo desde Argentina\"}]},{\"@type\":\"WebSite\",\"@id\":\"http:\/\/www.reconoce.mx\/#website\",\"url\":\"http:\/\/www.reconoce.mx\/\",\"name\":\"Reconoce MX\",\"description\":\"En Reconoce MX difundimos arte, cultura y conciencia social en M\u00e9xico. Tu ciudad en otra perspectiva.\",\"publisher\":{\"@id\":\"http:\/\/www.reconoce.mx\/#organization\"},\"potentialAction\":[{\"@type\":\"SearchAction\",\"target\":{\"@type\":\"EntryPoint\",\"urlTemplate\":\"http:\/\/www.reconoce.mx\/?s={search_term_string}\"},\"query-input\":{\"@type\":\"PropertyValueSpecification\",\"valueRequired\":true,\"valueName\":\"search_term_string\"}}],\"inLanguage\":\"es\"},{\"@type\":\"Organization\",\"@id\":\"http:\/\/www.reconoce.mx\/#organization\",\"name\":\"Reconoce MX\",\"url\":\"http:\/\/www.reconoce.mx\/\",\"logo\":{\"@type\":\"ImageObject\",\"inLanguage\":\"es\",\"@id\":\"http:\/\/www.reconoce.mx\/#\/schema\/logo\/image\/\",\"url\":\"https:\/\/www.reconoce.mx\/wp-content\/uploads\/2019\/03\/logorcmx-good-1.png\",\"contentUrl\":\"https:\/\/www.reconoce.mx\/wp-content\/uploads\/2019\/03\/logorcmx-good-1.png\",\"width\":280,\"height\":90,\"caption\":\"Reconoce MX\"},\"image\":{\"@id\":\"http:\/\/www.reconoce.mx\/#\/schema\/logo\/image\/\"},\"sameAs\":[\"https:\/\/es-la.facebook.com\/ReconoceMX\/\",\"https:\/\/x.com\/reconocemx\",\"http:\/\/@reconocemx\"]},{\"@type\":\"Person\",\"@id\":\"http:\/\/www.reconoce.mx\/#\/schema\/person\/2117e997d7051dc15d6880eaf9bca0b2\",\"name\":\"Reconoce MX\",\"image\":{\"@type\":\"ImageObject\",\"inLanguage\":\"es\",\"@id\":\"http:\/\/www.reconoce.mx\/#\/schema\/person\/image\/\",\"url\":\"https:\/\/secure.gravatar.com\/avatar\/6c8d4dc7569ca1c90c5fdcc349f839d5ddef6fe1e70b4337ead2ef1a4c43fc3a?s=96&d=identicon&r=g\",\"contentUrl\":\"https:\/\/secure.gravatar.com\/avatar\/6c8d4dc7569ca1c90c5fdcc349f839d5ddef6fe1e70b4337ead2ef1a4c43fc3a?s=96&d=identicon&r=g\",\"caption\":\"Reconoce MX\"},\"description\":\"Reconoce MX es un proyecto de difusi\u00f3n art\u00edstica, cultural y de conciencia social que est\u00e1 enfocado a difundir y fomentar el entretenimiento alternativo de calidad para todo el p\u00fablico que comparta el mismo entusiasmo.\",\"sameAs\":[\"http:\/\/www.reconoce.mx\"],\"url\":\"https:\/\/www.reconoce.mx\/?author=2\"}]}<\/script>\n<!-- \/ Yoast SEO plugin. -->","yoast_head_json":{"title":"Airbag: furia adolescente directo desde Argentina &#171; Reconoce MX","robots":{"index":"index","follow":"follow","max-snippet":"max-snippet:-1","max-image-preview":"max-image-preview:large","max-video-preview":"max-video-preview:-1"},"canonical":"https:\/\/www.reconoce.mx\/?p=71678","og_locale":"es_ES","og_type":"article","og_title":"Airbag: furia adolescente directo desde Argentina &#171; Reconoce MX","og_description":"Desde su presentaci\u00f3n el pasado 18 de marzo en el Vive Latino 2018, se vaticinaba que el show que dar\u00edan por cuenta propia Airbag estar\u00eda lleno de seguidores, energ\u00eda y total entrega por parte de loa argentinos.","og_url":"https:\/\/www.reconoce.mx\/?p=71678","og_site_name":"Reconoce MX","article_publisher":"https:\/\/es-la.facebook.com\/ReconoceMX\/","article_published_time":"2018-03-26T06:04:38+00:00","article_modified_time":"2018-03-27T01:36:10+00:00","og_image":[{"width":590,"height":380,"url":"https:\/\/www.reconoce.mx\/wp-content\/uploads\/2018\/03\/airbag-foro-indie-rocks-2018.jpg","type":"image\/jpeg"}],"author":"Reconoce MX","twitter_card":"summary_large_image","twitter_creator":"@reconocemx","twitter_site":"@reconocemx","twitter_misc":{"Escrito por":"Reconoce MX","Tiempo de lectura":"2 minutos"},"schema":{"@context":"https:\/\/schema.org","@graph":[{"@type":"Article","@id":"https:\/\/www.reconoce.mx\/?p=71678#article","isPartOf":{"@id":"https:\/\/www.reconoce.mx\/?p=71678"},"author":{"name":"Reconoce MX","@id":"http:\/\/www.reconoce.mx\/#\/schema\/person\/2117e997d7051dc15d6880eaf9bca0b2"},"headline":"Airbag: furia adolescente directo desde Argentina","datePublished":"2018-03-26T06:04:38+00:00","dateModified":"2018-03-27T01:36:10+00:00","mainEntityOfPage":{"@id":"https:\/\/www.reconoce.mx\/?p=71678"},"wordCount":497,"commentCount":0,"publisher":{"@id":"http:\/\/www.reconoce.mx\/#organization"},"image":{"@id":"https:\/\/www.reconoce.mx\/?p=71678#primaryimage"},"thumbnailUrl":"https:\/\/www.reconoce.mx\/wp-content\/uploads\/2018\/03\/airbag-foro-indie-rocks-2018.jpg","articleSection":["Cultura","M\u00fasica","Principal"],"inLanguage":"es","potentialAction":[{"@type":"CommentAction","name":"Comment","target":["https:\/\/www.reconoce.mx\/?p=71678#respond"]}]},{"@type":"WebPage","@id":"https:\/\/www.reconoce.mx\/?p=71678","url":"https:\/\/www.reconoce.mx\/?p=71678","name":"Airbag: furia adolescente directo desde Argentina &#171; Reconoce MX","isPartOf":{"@id":"http:\/\/www.reconoce.mx\/#website"},"primaryImageOfPage":{"@id":"https:\/\/www.reconoce.mx\/?p=71678#primaryimage"},"image":{"@id":"https:\/\/www.reconoce.mx\/?p=71678#primaryimage"},"thumbnailUrl":"https:\/\/www.reconoce.mx\/wp-content\/uploads\/2018\/03\/airbag-foro-indie-rocks-2018.jpg","datePublished":"2018-03-26T06:04:38+00:00","dateModified":"2018-03-27T01:36:10+00:00","breadcrumb":{"@id":"https:\/\/www.reconoce.mx\/?p=71678#breadcrumb"},"inLanguage":"es","potentialAction":[{"@type":"ReadAction","target":["https:\/\/www.reconoce.mx\/?p=71678"]}]},{"@type":"ImageObject","inLanguage":"es","@id":"https:\/\/www.reconoce.mx\/?p=71678#primaryimage","url":"https:\/\/www.reconoce.mx\/wp-content\/uploads\/2018\/03\/airbag-foro-indie-rocks-2018.jpg","contentUrl":"https:\/\/www.reconoce.mx\/wp-content\/uploads\/2018\/03\/airbag-foro-indie-rocks-2018.jpg","width":590,"height":380},{"@type":"BreadcrumbList","@id":"https:\/\/www.reconoce.mx\/?p=71678#breadcrumb","itemListElement":[{"@type":"ListItem","position":1,"name":"Portada","item":"http:\/\/www.reconoce.mx\/"},{"@type":"ListItem","position":2,"name":"Airbag: furia adolescente directo desde Argentina"}]},{"@type":"WebSite","@id":"http:\/\/www.reconoce.mx\/#website","url":"http:\/\/www.reconoce.mx\/","name":"Reconoce MX","description":"En Reconoce MX difundimos arte, cultura y conciencia social en M\u00e9xico. Tu ciudad en otra perspectiva.","publisher":{"@id":"http:\/\/www.reconoce.mx\/#organization"},"potentialAction":[{"@type":"SearchAction","target":{"@type":"EntryPoint","urlTemplate":"http:\/\/www.reconoce.mx\/?s={search_term_string}"},"query-input":{"@type":"PropertyValueSpecification","valueRequired":true,"valueName":"search_term_string"}}],"inLanguage":"es"},{"@type":"Organization","@id":"http:\/\/www.reconoce.mx\/#organization","name":"Reconoce MX","url":"http:\/\/www.reconoce.mx\/","logo":{"@type":"ImageObject","inLanguage":"es","@id":"http:\/\/www.reconoce.mx\/#\/schema\/logo\/image\/","url":"https:\/\/www.reconoce.mx\/wp-content\/uploads\/2019\/03\/logorcmx-good-1.png","contentUrl":"https:\/\/www.reconoce.mx\/wp-content\/uploads\/2019\/03\/logorcmx-good-1.png","width":280,"height":90,"caption":"Reconoce MX"},"image":{"@id":"http:\/\/www.reconoce.mx\/#\/schema\/logo\/image\/"},"sameAs":["https:\/\/es-la.facebook.com\/ReconoceMX\/","https:\/\/x.com\/reconocemx","http:\/\/@reconocemx"]},{"@type":"Person","@id":"http:\/\/www.reconoce.mx\/#\/schema\/person\/2117e997d7051dc15d6880eaf9bca0b2","name":"Reconoce MX","image":{"@type":"ImageObject","inLanguage":"es","@id":"http:\/\/www.reconoce.mx\/#\/schema\/person\/image\/","url":"https:\/\/secure.gravatar.com\/avatar\/6c8d4dc7569ca1c90c5fdcc349f839d5ddef6fe1e70b4337ead2ef1a4c43fc3a?s=96&d=identicon&r=g","contentUrl":"https:\/\/secure.gravatar.com\/avatar\/6c8d4dc7569ca1c90c5fdcc349f839d5ddef6fe1e70b4337ead2ef1a4c43fc3a?s=96&d=identicon&r=g","caption":"Reconoce MX"},"description":"Reconoce MX es un proyecto de difusi\u00f3n art\u00edstica, cultural y de conciencia social que est\u00e1 enfocado a difundir y fomentar el entretenimiento alternativo de calidad para todo el p\u00fablico que comparta el mismo entusiasmo.","sameAs":["http:\/\/www.reconoce.mx"],"url":"https:\/\/www.reconoce.mx\/?author=2"}]}},"_links":{"self":[{"href":"https:\/\/www.reconoce.mx\/index.php?rest_route=\/wp\/v2\/posts\/71678","targetHints":{"allow":["GET"]}}],"collection":[{"href":"https:\/\/www.reconoce.mx\/index.php?rest_route=\/wp\/v2\/posts"}],"about":[{"href":"https:\/\/www.reconoce.mx\/index.php?rest_route=\/wp\/v2\/types\/post"}],"author":[{"embeddable":true,"href":"https:\/\/www.reconoce.mx\/index.php?rest_route=\/wp\/v2\/users\/2"}],"replies":[{"embeddable":true,"href":"https:\/\/www.reconoce.mx\/index.php?rest_route=%2Fwp%2Fv2%2Fcomments&post=71678"}],"version-history":[{"count":7,"href":"https:\/\/www.reconoce.mx\/index.php?rest_route=\/wp\/v2\/posts\/71678\/revisions"}],"predecessor-version":[{"id":71710,"href":"https:\/\/www.reconoce.mx\/index.php?rest_route=\/wp\/v2\/posts\/71678\/revisions\/71710"}],"wp:featuredmedia":[{"embeddable":true,"href":"https:\/\/www.reconoce.mx\/index.php?rest_route=\/wp\/v2\/media\/71688"}],"wp:attachment":[{"href":"https:\/\/www.reconoce.mx\/index.php?rest_route=%2Fwp%2Fv2%2Fmedia&parent=71678"}],"wp:term":[{"taxonomy":"category","embeddable":true,"href":"https:\/\/www.reconoce.mx\/index.php?rest_route=%2Fwp%2Fv2%2Fcategories&post=71678"},{"taxonomy":"post_tag","embeddable":true,"href":"https:\/\/www.reconoce.mx\/index.php?rest_route=%2Fwp%2Fv2%2Ftags&post=71678"}],"curies":[{"name":"wp","href":"https:\/\/api.w.org\/{rel}","templated":true}]}}