{"id":71691,"date":"2018-03-26T00:06:40","date_gmt":"2018-03-26T06:06:40","guid":{"rendered":"http:\/\/www.reconoce.mx\/?p=71691"},"modified":"2018-03-26T10:27:02","modified_gmt":"2018-03-26T16:27:02","slug":"64muestra-de-la-infancia","status":"publish","type":"post","link":"https:\/\/www.reconoce.mx\/?p=71691","title":{"rendered":"#64Muestra: \u00abDe la infancia\u00bb"},"content":{"rendered":"<p><strong> Por <a title=\"@AsfaltosTweets\" href=\"http:\/\/twitter.com\/AsfaltosTweets\" target=\"_blank\" rel=\"noopener noreferrer\" data-slimstat-type=\"0\" data-slimstat-callback=\"false\" data-slimstat-tracking=\"true\">Asfaltos<\/a><\/strong>.<\/p>\n<p>Presentada en el <strong>Festival Internacional de Cine en Guadalajara 2010<\/strong>, \u00abDe la infancia\u00bb de <strong>Carlos Carrera<\/strong> podr\u00e1 verse finalmente si bien no como estreno comercial, s\u00ed como parte de la <strong>64 Muestra Internacional de Cine de la Cineteca Nacional<\/strong>. Despu\u00e9s de muchos a\u00f1os de estar oculta para el p\u00fablico mexicano, v\u00edctima de los distribuidores que le vieron con recelo, \u00abDe la infancia\u00bb es definivitamente de las primeras recomendaciones para ver en esta 64 edici\u00f3n del fest\u00edn cinematogr\u00e1fico nacional por excelencia que ya puede disfrutarse.<\/p>\n<p><a href=\"http:\/\/www.reconoce.mx\/wp-content\/uploads\/2018\/03\/DY_LODjVMAAupYu.jpg\"><img loading=\"lazy\" decoding=\"async\" class=\"aligncenter size-full wp-image-71696\" src=\"http:\/\/www.reconoce.mx\/wp-content\/uploads\/2018\/03\/DY_LODjVMAAupYu.jpg\" alt=\"\" width=\"839\" height=\"1200\" srcset=\"https:\/\/www.reconoce.mx\/wp-content\/uploads\/2018\/03\/DY_LODjVMAAupYu.jpg 839w, https:\/\/www.reconoce.mx\/wp-content\/uploads\/2018\/03\/DY_LODjVMAAupYu-210x300.jpg 210w, https:\/\/www.reconoce.mx\/wp-content\/uploads\/2018\/03\/DY_LODjVMAAupYu-768x1098.jpg 768w, https:\/\/www.reconoce.mx\/wp-content\/uploads\/2018\/03\/DY_LODjVMAAupYu-716x1024.jpg 716w, https:\/\/www.reconoce.mx\/wp-content\/uploads\/2018\/03\/DY_LODjVMAAupYu-150x215.jpg 150w, https:\/\/www.reconoce.mx\/wp-content\/uploads\/2018\/03\/DY_LODjVMAAupYu-700x1001.jpg 700w, https:\/\/www.reconoce.mx\/wp-content\/uploads\/2018\/03\/DY_LODjVMAAupYu-658x941.jpg 658w, https:\/\/www.reconoce.mx\/wp-content\/uploads\/2018\/03\/DY_LODjVMAAupYu-300x429.jpg 300w\" sizes=\"auto, (max-width: 839px) 100vw, 839px\" \/><\/a><\/p>\n<p>Con las actuaciones estelares de <strong>Dami\u00e1n Alc\u00e1zar<\/strong>, <strong>Giovanna Zacar\u00edas<\/strong> y <strong>Ernesto G\u00f3mez Cruz<\/strong>, as\u00ed como con la presentaci\u00f3n de los ni\u00f1os <strong>Benny Emmanuel<\/strong>, <strong>Alicia Jaziz<\/strong>, <strong>Daney Mendoza<\/strong> y <strong>Gael Z\u00e1rate<\/strong>, \u00abDe la infancia\u00bb es de entrada una de las mejores pel\u00edculas en la filmograf\u00eda de <strong>Carlos Carrera<\/strong>; y sin duda una de las cintas m\u00e1s interesantes de la producci\u00f3n mexicana que se podr\u00e1n ver en este a\u00f1o.<\/p>\n<p>La historia nos presenta a la familia Niebla, cuyo l\u00edder Basilio (<strong>Dami\u00e1n Alc\u00e1zar<\/strong>) les lleva a vivir a una vieja casa que sirve como bodega del padrino local, el Aguacate (<strong>Ernesto G\u00f3mez Cruz<\/strong>). En condiciones de pobreza, viviendo de lo que gana la mam\u00f1a Sof\u00eda (<strong>Giovanna Zacar\u00edas<\/strong>) y lo que roba Basilio, la familia Niebla se enfrenta a las duras circunstancias de su realidad; realidad que por cierto es enfrentada por los 3 ni\u00f1os de manera distinta, en especial por los 2 varones.<\/p>\n<p><a href=\"http:\/\/www.reconoce.mx\/wp-content\/uploads\/2018\/03\/de-la-infancia-1.jpg\"><img loading=\"lazy\" decoding=\"async\" class=\"aligncenter size-full wp-image-71693\" src=\"http:\/\/www.reconoce.mx\/wp-content\/uploads\/2018\/03\/de-la-infancia-1.jpg\" alt=\"\" width=\"590\" height=\"380\" srcset=\"https:\/\/www.reconoce.mx\/wp-content\/uploads\/2018\/03\/de-la-infancia-1.jpg 590w, https:\/\/www.reconoce.mx\/wp-content\/uploads\/2018\/03\/de-la-infancia-1-300x193.jpg 300w, https:\/\/www.reconoce.mx\/wp-content\/uploads\/2018\/03\/de-la-infancia-1-150x97.jpg 150w\" sizes=\"auto, (max-width: 590px) 100vw, 590px\" \/><\/a><\/p>\n<p>Usando elementos de fantas\u00eda, que juegan con la forma en la que los ni\u00f1os afrontan situaciones duras como las que nos presenta \u00abDe la infancia\u00bb, <strong>Carlos Carrera<\/strong> construye una pel\u00edcula s\u00f3lida que mantiene atento al espectador de principio a fin. S\u00ed, los temas que aborda la cinta pueden ser duros, y de hecho dif\u00edciles de digerir, sin embargo no es en s\u00ed por la forma en la que Carrera nos cuenta su historia, sino por la crudeza real de los hechos que en \u00e9sta se nos presentan.<\/p>\n<p>Sin querer caer una vez m\u00e1s en aquello de que es \u00abuna pel\u00edcula necesaria\u00bb, \u00abDe la infancia\u00bb es sin duda adem\u00e1s de una pel\u00edcula, una muy importante pieza para reflexionar el papel esencial y complejo que tienen las relaciones familiares en la violencia que se sufre en nuestro pa\u00eds. La pel\u00edcula es de 2010, pero el tema sigue m\u00e1s vivo que nunca, sobre todo en tiempos donde esperamos una vez m\u00e1s elecciones a cargos p\u00fablicos de gente que al menos en el discurso pretende cambiar las cosas, y sobre todo acabar con muchos de los males presentes.<\/p>\n<p><a href=\"http:\/\/www.reconoce.mx\/wp-content\/uploads\/2018\/03\/de-la-infancia-2.jpg\"><img loading=\"lazy\" decoding=\"async\" class=\"aligncenter size-full wp-image-71694\" src=\"http:\/\/www.reconoce.mx\/wp-content\/uploads\/2018\/03\/de-la-infancia-2.jpg\" alt=\"\" width=\"590\" height=\"380\" srcset=\"https:\/\/www.reconoce.mx\/wp-content\/uploads\/2018\/03\/de-la-infancia-2.jpg 590w, https:\/\/www.reconoce.mx\/wp-content\/uploads\/2018\/03\/de-la-infancia-2-300x193.jpg 300w, https:\/\/www.reconoce.mx\/wp-content\/uploads\/2018\/03\/de-la-infancia-2-150x97.jpg 150w\" sizes=\"auto, (max-width: 590px) 100vw, 590px\" \/><\/a><\/p>\n<p>Las actuaciones son todas buenas. La pel\u00edcula se destaca gracias al extraordinario trabajo de todos y cada uno de los elementos actorales, sobre todo el de los ni\u00f1os. Con la direcci\u00f3n de <strong>Carlos Carrera<\/strong>, se nos logra poner sobre la mesa con claridad cada una de las visiones de estos peque\u00f1os que se ven inmersos en una realidad cruda y dura que se nos presentan en \u00abDe la infancia\u00bb. <strong>Dami\u00e1n Alc\u00e1zar<\/strong> y <strong>Giovanna Zacar\u00edas<\/strong> arropan bien, y durante toda la pel\u00edcula, al joven elenco de la pel\u00edcula.<\/p>\n<p>Con el cine de g\u00e9nero muy presente en \u00faltimas fechas por los dos <strong>Premios de la Academia<\/strong> de <strong>Guillermo del Toro<\/strong> por \u00abLa forma del agua\u00bb (2017) y pel\u00edculas como \u00abVuelven\u00bb (2017) de<strong> Issa L\u00f3pez<\/strong>, \u00abDe la infancia\u00bb de<strong> Carlos Carrera<\/strong> se destaca como un gran y cuidado trabajo que sin pensarlo as\u00ed, prepara el terreno para el que debe ser el estreno del a\u00f1o en el cine mexicano tambi\u00e9n dirigido por \u00e9l: \u00abAna y Bruno\u00bb (2018).<\/p>\n<style>.embed-container { position: relative; padding-bottom: 56.25%; height: 0; overflow: hidden; max-width: 100%; } .embed-container iframe, .embed-container object, .embed-container embed { position: absolute; top: 0; left: 0; width: 100%; height: 100%; }<\/style>\n<div class=\"embed-container\"><iframe loading=\"lazy\" src=\"https:\/\/www.youtube.com\/embed\/oz1fn0bLIgI\" width=\"300\" height=\"150\" frameborder=\"0\" allowfullscreen=\"allowfullscreen\"><\/iframe><\/div>\n<p>&nbsp;<\/p>\n<p>\u00abDe la infancia\u00bb es parte de la <a href=\"http:\/\/www.reconoce.mx\/la-cita-esperada-llega-la-64-muestra-internacional-de-cine\/\" target=\"_blank\" rel=\"noopener\"><strong>64 Muestra Internacional de Cine<\/strong><\/a> que se exhibe en pantallas de <strong>Cineteca Nacional<\/strong> hasta el pr\u00f3ximo 9 de abril; la Muestra recorrer\u00e1 posteriormente el circuito cultural del \u00c1rea Metropolitana desde el 30 de marzo en sedes de Cinemex, Cin\u00e9polis, de la UNAM, del IPN y salas como el IFAL, Cineman\u00eda Loreto, La Casa del Cine y Cine Tonal\u00e1.<\/p>\n<p style=\"text-align: right;\">Con im\u00e1genes cortes\u00eda de<strong> Cineteca Nacional<\/strong>.<\/p>\n<p>&nbsp;<\/p>\n<p>&nbsp;<\/p>\n","protected":false},"excerpt":{"rendered":"<p>Presentada en el Festival Internacional de Cine en Guadalajara 2010, \u00abDe la infancia\u00bb de Carlos Carrera podr\u00e1 verse finalmente si bien no como estreno comercial, s\u00ed como parte de la 64 Muestra Internacional de Cine de la Cineteca Nacional.<\/p>\n","protected":false},"author":2,"featured_media":71695,"comment_status":"open","ping_status":"open","sticky":false,"template":"","format":"standard","meta":{"footnotes":""},"categories":[24,1,17],"tags":[],"class_list":["post-71691","post","type-post","status-publish","format-standard","has-post-thumbnail","hentry","category-cine","category-cultura","category-principal"],"yoast_head":"<!-- This site is optimized with the Yoast SEO plugin v24.7 - https:\/\/yoast.com\/wordpress\/plugins\/seo\/ -->\n<title>#64Muestra: &quot;De la infancia&quot; &#171; Reconoce MX<\/title>\n<meta name=\"robots\" content=\"index, follow, max-snippet:-1, max-image-preview:large, max-video-preview:-1\" \/>\n<link rel=\"canonical\" href=\"https:\/\/www.reconoce.mx\/?p=71691\" \/>\n<meta property=\"og:locale\" content=\"es_ES\" \/>\n<meta property=\"og:type\" content=\"article\" \/>\n<meta property=\"og:title\" content=\"#64Muestra: &quot;De la infancia&quot; &#171; Reconoce MX\" \/>\n<meta property=\"og:description\" content=\"Presentada en el Festival Internacional de Cine en Guadalajara 2010, &quot;De la infancia&quot; de Carlos Carrera podr\u00e1 verse finalmente si bien no como estreno comercial, s\u00ed como parte de la 64 Muestra Internacional de Cine de la Cineteca Nacional.\" \/>\n<meta property=\"og:url\" content=\"https:\/\/www.reconoce.mx\/?p=71691\" \/>\n<meta property=\"og:site_name\" content=\"Reconoce MX\" \/>\n<meta property=\"article:publisher\" content=\"https:\/\/es-la.facebook.com\/ReconoceMX\/\" \/>\n<meta property=\"article:published_time\" content=\"2018-03-26T06:06:40+00:00\" \/>\n<meta property=\"article:modified_time\" content=\"2018-03-26T16:27:02+00:00\" \/>\n<meta property=\"og:image\" content=\"https:\/\/www.reconoce.mx\/wp-content\/uploads\/2018\/03\/de-la-infancia-cover.jpg\" \/>\n\t<meta property=\"og:image:width\" content=\"590\" \/>\n\t<meta property=\"og:image:height\" content=\"380\" \/>\n\t<meta property=\"og:image:type\" content=\"image\/jpeg\" \/>\n<meta name=\"author\" content=\"Reconoce MX\" \/>\n<meta name=\"twitter:card\" content=\"summary_large_image\" \/>\n<meta name=\"twitter:creator\" content=\"@reconocemx\" \/>\n<meta name=\"twitter:site\" content=\"@reconocemx\" \/>\n<meta name=\"twitter:label1\" content=\"Escrito por\" \/>\n\t<meta name=\"twitter:data1\" content=\"Reconoce MX\" \/>\n\t<meta name=\"twitter:label2\" content=\"Tiempo de lectura\" \/>\n\t<meta name=\"twitter:data2\" content=\"4 minutos\" \/>\n<script type=\"application\/ld+json\" class=\"yoast-schema-graph\">{\"@context\":\"https:\/\/schema.org\",\"@graph\":[{\"@type\":\"Article\",\"@id\":\"https:\/\/www.reconoce.mx\/?p=71691#article\",\"isPartOf\":{\"@id\":\"https:\/\/www.reconoce.mx\/?p=71691\"},\"author\":{\"name\":\"Reconoce MX\",\"@id\":\"http:\/\/www.reconoce.mx\/#\/schema\/person\/2117e997d7051dc15d6880eaf9bca0b2\"},\"headline\":\"#64Muestra: \u00abDe la infancia\u00bb\",\"datePublished\":\"2018-03-26T06:06:40+00:00\",\"dateModified\":\"2018-03-26T16:27:02+00:00\",\"mainEntityOfPage\":{\"@id\":\"https:\/\/www.reconoce.mx\/?p=71691\"},\"wordCount\":711,\"commentCount\":0,\"publisher\":{\"@id\":\"http:\/\/www.reconoce.mx\/#organization\"},\"image\":{\"@id\":\"https:\/\/www.reconoce.mx\/?p=71691#primaryimage\"},\"thumbnailUrl\":\"https:\/\/www.reconoce.mx\/wp-content\/uploads\/2018\/03\/de-la-infancia-cover.jpg\",\"articleSection\":[\"Cine\",\"Cultura\",\"Principal\"],\"inLanguage\":\"es\",\"potentialAction\":[{\"@type\":\"CommentAction\",\"name\":\"Comment\",\"target\":[\"https:\/\/www.reconoce.mx\/?p=71691#respond\"]}]},{\"@type\":\"WebPage\",\"@id\":\"https:\/\/www.reconoce.mx\/?p=71691\",\"url\":\"https:\/\/www.reconoce.mx\/?p=71691\",\"name\":\"#64Muestra: \\\"De la infancia\\\" &#171; Reconoce MX\",\"isPartOf\":{\"@id\":\"http:\/\/www.reconoce.mx\/#website\"},\"primaryImageOfPage\":{\"@id\":\"https:\/\/www.reconoce.mx\/?p=71691#primaryimage\"},\"image\":{\"@id\":\"https:\/\/www.reconoce.mx\/?p=71691#primaryimage\"},\"thumbnailUrl\":\"https:\/\/www.reconoce.mx\/wp-content\/uploads\/2018\/03\/de-la-infancia-cover.jpg\",\"datePublished\":\"2018-03-26T06:06:40+00:00\",\"dateModified\":\"2018-03-26T16:27:02+00:00\",\"breadcrumb\":{\"@id\":\"https:\/\/www.reconoce.mx\/?p=71691#breadcrumb\"},\"inLanguage\":\"es\",\"potentialAction\":[{\"@type\":\"ReadAction\",\"target\":[\"https:\/\/www.reconoce.mx\/?p=71691\"]}]},{\"@type\":\"ImageObject\",\"inLanguage\":\"es\",\"@id\":\"https:\/\/www.reconoce.mx\/?p=71691#primaryimage\",\"url\":\"https:\/\/www.reconoce.mx\/wp-content\/uploads\/2018\/03\/de-la-infancia-cover.jpg\",\"contentUrl\":\"https:\/\/www.reconoce.mx\/wp-content\/uploads\/2018\/03\/de-la-infancia-cover.jpg\",\"width\":590,\"height\":380},{\"@type\":\"BreadcrumbList\",\"@id\":\"https:\/\/www.reconoce.mx\/?p=71691#breadcrumb\",\"itemListElement\":[{\"@type\":\"ListItem\",\"position\":1,\"name\":\"Portada\",\"item\":\"http:\/\/www.reconoce.mx\/\"},{\"@type\":\"ListItem\",\"position\":2,\"name\":\"#64Muestra: \u00abDe la infancia\u00bb\"}]},{\"@type\":\"WebSite\",\"@id\":\"http:\/\/www.reconoce.mx\/#website\",\"url\":\"http:\/\/www.reconoce.mx\/\",\"name\":\"Reconoce MX\",\"description\":\"En Reconoce MX difundimos arte, cultura y conciencia social en M\u00e9xico. Tu ciudad en otra perspectiva.\",\"publisher\":{\"@id\":\"http:\/\/www.reconoce.mx\/#organization\"},\"potentialAction\":[{\"@type\":\"SearchAction\",\"target\":{\"@type\":\"EntryPoint\",\"urlTemplate\":\"http:\/\/www.reconoce.mx\/?s={search_term_string}\"},\"query-input\":{\"@type\":\"PropertyValueSpecification\",\"valueRequired\":true,\"valueName\":\"search_term_string\"}}],\"inLanguage\":\"es\"},{\"@type\":\"Organization\",\"@id\":\"http:\/\/www.reconoce.mx\/#organization\",\"name\":\"Reconoce MX\",\"url\":\"http:\/\/www.reconoce.mx\/\",\"logo\":{\"@type\":\"ImageObject\",\"inLanguage\":\"es\",\"@id\":\"http:\/\/www.reconoce.mx\/#\/schema\/logo\/image\/\",\"url\":\"https:\/\/www.reconoce.mx\/wp-content\/uploads\/2019\/03\/logorcmx-good-1.png\",\"contentUrl\":\"https:\/\/www.reconoce.mx\/wp-content\/uploads\/2019\/03\/logorcmx-good-1.png\",\"width\":280,\"height\":90,\"caption\":\"Reconoce MX\"},\"image\":{\"@id\":\"http:\/\/www.reconoce.mx\/#\/schema\/logo\/image\/\"},\"sameAs\":[\"https:\/\/es-la.facebook.com\/ReconoceMX\/\",\"https:\/\/x.com\/reconocemx\",\"http:\/\/@reconocemx\"]},{\"@type\":\"Person\",\"@id\":\"http:\/\/www.reconoce.mx\/#\/schema\/person\/2117e997d7051dc15d6880eaf9bca0b2\",\"name\":\"Reconoce MX\",\"image\":{\"@type\":\"ImageObject\",\"inLanguage\":\"es\",\"@id\":\"http:\/\/www.reconoce.mx\/#\/schema\/person\/image\/\",\"url\":\"https:\/\/secure.gravatar.com\/avatar\/6c8d4dc7569ca1c90c5fdcc349f839d5ddef6fe1e70b4337ead2ef1a4c43fc3a?s=96&d=identicon&r=g\",\"contentUrl\":\"https:\/\/secure.gravatar.com\/avatar\/6c8d4dc7569ca1c90c5fdcc349f839d5ddef6fe1e70b4337ead2ef1a4c43fc3a?s=96&d=identicon&r=g\",\"caption\":\"Reconoce MX\"},\"description\":\"Reconoce MX es un proyecto de difusi\u00f3n art\u00edstica, cultural y de conciencia social que est\u00e1 enfocado a difundir y fomentar el entretenimiento alternativo de calidad para todo el p\u00fablico que comparta el mismo entusiasmo.\",\"sameAs\":[\"http:\/\/www.reconoce.mx\"],\"url\":\"https:\/\/www.reconoce.mx\/?author=2\"}]}<\/script>\n<!-- \/ Yoast SEO plugin. -->","yoast_head_json":{"title":"#64Muestra: \"De la infancia\" &#171; Reconoce MX","robots":{"index":"index","follow":"follow","max-snippet":"max-snippet:-1","max-image-preview":"max-image-preview:large","max-video-preview":"max-video-preview:-1"},"canonical":"https:\/\/www.reconoce.mx\/?p=71691","og_locale":"es_ES","og_type":"article","og_title":"#64Muestra: \"De la infancia\" &#171; Reconoce MX","og_description":"Presentada en el Festival Internacional de Cine en Guadalajara 2010, \"De la infancia\" de Carlos Carrera podr\u00e1 verse finalmente si bien no como estreno comercial, s\u00ed como parte de la 64 Muestra Internacional de Cine de la Cineteca Nacional.","og_url":"https:\/\/www.reconoce.mx\/?p=71691","og_site_name":"Reconoce MX","article_publisher":"https:\/\/es-la.facebook.com\/ReconoceMX\/","article_published_time":"2018-03-26T06:06:40+00:00","article_modified_time":"2018-03-26T16:27:02+00:00","og_image":[{"width":590,"height":380,"url":"https:\/\/www.reconoce.mx\/wp-content\/uploads\/2018\/03\/de-la-infancia-cover.jpg","type":"image\/jpeg"}],"author":"Reconoce MX","twitter_card":"summary_large_image","twitter_creator":"@reconocemx","twitter_site":"@reconocemx","twitter_misc":{"Escrito por":"Reconoce MX","Tiempo de lectura":"4 minutos"},"schema":{"@context":"https:\/\/schema.org","@graph":[{"@type":"Article","@id":"https:\/\/www.reconoce.mx\/?p=71691#article","isPartOf":{"@id":"https:\/\/www.reconoce.mx\/?p=71691"},"author":{"name":"Reconoce MX","@id":"http:\/\/www.reconoce.mx\/#\/schema\/person\/2117e997d7051dc15d6880eaf9bca0b2"},"headline":"#64Muestra: \u00abDe la infancia\u00bb","datePublished":"2018-03-26T06:06:40+00:00","dateModified":"2018-03-26T16:27:02+00:00","mainEntityOfPage":{"@id":"https:\/\/www.reconoce.mx\/?p=71691"},"wordCount":711,"commentCount":0,"publisher":{"@id":"http:\/\/www.reconoce.mx\/#organization"},"image":{"@id":"https:\/\/www.reconoce.mx\/?p=71691#primaryimage"},"thumbnailUrl":"https:\/\/www.reconoce.mx\/wp-content\/uploads\/2018\/03\/de-la-infancia-cover.jpg","articleSection":["Cine","Cultura","Principal"],"inLanguage":"es","potentialAction":[{"@type":"CommentAction","name":"Comment","target":["https:\/\/www.reconoce.mx\/?p=71691#respond"]}]},{"@type":"WebPage","@id":"https:\/\/www.reconoce.mx\/?p=71691","url":"https:\/\/www.reconoce.mx\/?p=71691","name":"#64Muestra: \"De la infancia\" &#171; Reconoce MX","isPartOf":{"@id":"http:\/\/www.reconoce.mx\/#website"},"primaryImageOfPage":{"@id":"https:\/\/www.reconoce.mx\/?p=71691#primaryimage"},"image":{"@id":"https:\/\/www.reconoce.mx\/?p=71691#primaryimage"},"thumbnailUrl":"https:\/\/www.reconoce.mx\/wp-content\/uploads\/2018\/03\/de-la-infancia-cover.jpg","datePublished":"2018-03-26T06:06:40+00:00","dateModified":"2018-03-26T16:27:02+00:00","breadcrumb":{"@id":"https:\/\/www.reconoce.mx\/?p=71691#breadcrumb"},"inLanguage":"es","potentialAction":[{"@type":"ReadAction","target":["https:\/\/www.reconoce.mx\/?p=71691"]}]},{"@type":"ImageObject","inLanguage":"es","@id":"https:\/\/www.reconoce.mx\/?p=71691#primaryimage","url":"https:\/\/www.reconoce.mx\/wp-content\/uploads\/2018\/03\/de-la-infancia-cover.jpg","contentUrl":"https:\/\/www.reconoce.mx\/wp-content\/uploads\/2018\/03\/de-la-infancia-cover.jpg","width":590,"height":380},{"@type":"BreadcrumbList","@id":"https:\/\/www.reconoce.mx\/?p=71691#breadcrumb","itemListElement":[{"@type":"ListItem","position":1,"name":"Portada","item":"http:\/\/www.reconoce.mx\/"},{"@type":"ListItem","position":2,"name":"#64Muestra: \u00abDe la infancia\u00bb"}]},{"@type":"WebSite","@id":"http:\/\/www.reconoce.mx\/#website","url":"http:\/\/www.reconoce.mx\/","name":"Reconoce MX","description":"En Reconoce MX difundimos arte, cultura y conciencia social en M\u00e9xico. Tu ciudad en otra perspectiva.","publisher":{"@id":"http:\/\/www.reconoce.mx\/#organization"},"potentialAction":[{"@type":"SearchAction","target":{"@type":"EntryPoint","urlTemplate":"http:\/\/www.reconoce.mx\/?s={search_term_string}"},"query-input":{"@type":"PropertyValueSpecification","valueRequired":true,"valueName":"search_term_string"}}],"inLanguage":"es"},{"@type":"Organization","@id":"http:\/\/www.reconoce.mx\/#organization","name":"Reconoce MX","url":"http:\/\/www.reconoce.mx\/","logo":{"@type":"ImageObject","inLanguage":"es","@id":"http:\/\/www.reconoce.mx\/#\/schema\/logo\/image\/","url":"https:\/\/www.reconoce.mx\/wp-content\/uploads\/2019\/03\/logorcmx-good-1.png","contentUrl":"https:\/\/www.reconoce.mx\/wp-content\/uploads\/2019\/03\/logorcmx-good-1.png","width":280,"height":90,"caption":"Reconoce MX"},"image":{"@id":"http:\/\/www.reconoce.mx\/#\/schema\/logo\/image\/"},"sameAs":["https:\/\/es-la.facebook.com\/ReconoceMX\/","https:\/\/x.com\/reconocemx","http:\/\/@reconocemx"]},{"@type":"Person","@id":"http:\/\/www.reconoce.mx\/#\/schema\/person\/2117e997d7051dc15d6880eaf9bca0b2","name":"Reconoce MX","image":{"@type":"ImageObject","inLanguage":"es","@id":"http:\/\/www.reconoce.mx\/#\/schema\/person\/image\/","url":"https:\/\/secure.gravatar.com\/avatar\/6c8d4dc7569ca1c90c5fdcc349f839d5ddef6fe1e70b4337ead2ef1a4c43fc3a?s=96&d=identicon&r=g","contentUrl":"https:\/\/secure.gravatar.com\/avatar\/6c8d4dc7569ca1c90c5fdcc349f839d5ddef6fe1e70b4337ead2ef1a4c43fc3a?s=96&d=identicon&r=g","caption":"Reconoce MX"},"description":"Reconoce MX es un proyecto de difusi\u00f3n art\u00edstica, cultural y de conciencia social que est\u00e1 enfocado a difundir y fomentar el entretenimiento alternativo de calidad para todo el p\u00fablico que comparta el mismo entusiasmo.","sameAs":["http:\/\/www.reconoce.mx"],"url":"https:\/\/www.reconoce.mx\/?author=2"}]}},"_links":{"self":[{"href":"https:\/\/www.reconoce.mx\/index.php?rest_route=\/wp\/v2\/posts\/71691","targetHints":{"allow":["GET"]}}],"collection":[{"href":"https:\/\/www.reconoce.mx\/index.php?rest_route=\/wp\/v2\/posts"}],"about":[{"href":"https:\/\/www.reconoce.mx\/index.php?rest_route=\/wp\/v2\/types\/post"}],"author":[{"embeddable":true,"href":"https:\/\/www.reconoce.mx\/index.php?rest_route=\/wp\/v2\/users\/2"}],"replies":[{"embeddable":true,"href":"https:\/\/www.reconoce.mx\/index.php?rest_route=%2Fwp%2Fv2%2Fcomments&post=71691"}],"version-history":[{"count":4,"href":"https:\/\/www.reconoce.mx\/index.php?rest_route=\/wp\/v2\/posts\/71691\/revisions"}],"predecessor-version":[{"id":71699,"href":"https:\/\/www.reconoce.mx\/index.php?rest_route=\/wp\/v2\/posts\/71691\/revisions\/71699"}],"wp:featuredmedia":[{"embeddable":true,"href":"https:\/\/www.reconoce.mx\/index.php?rest_route=\/wp\/v2\/media\/71695"}],"wp:attachment":[{"href":"https:\/\/www.reconoce.mx\/index.php?rest_route=%2Fwp%2Fv2%2Fmedia&parent=71691"}],"wp:term":[{"taxonomy":"category","embeddable":true,"href":"https:\/\/www.reconoce.mx\/index.php?rest_route=%2Fwp%2Fv2%2Fcategories&post=71691"},{"taxonomy":"post_tag","embeddable":true,"href":"https:\/\/www.reconoce.mx\/index.php?rest_route=%2Fwp%2Fv2%2Ftags&post=71691"}],"curies":[{"name":"wp","href":"https:\/\/api.w.org\/{rel}","templated":true}]}}