{"id":71700,"date":"2018-03-26T00:05:13","date_gmt":"2018-03-26T06:05:13","guid":{"rendered":"http:\/\/www.reconoce.mx\/?p=71700"},"modified":"2018-03-26T12:19:58","modified_gmt":"2018-03-26T18:19:58","slug":"tres-peliculas-para-reflexionar-esta-semana-santa","status":"publish","type":"post","link":"https:\/\/www.reconoce.mx\/?p=71700","title":{"rendered":"Tres pel\u00edculas para reflexionar esta Semana Santa"},"content":{"rendered":"<p><a href=\"http:\/\/www.reconoce.mx\/category\/columnistas\/la-ballesta-de-mascatabaco\/\"><img loading=\"lazy\" decoding=\"async\" class=\"aligncenter size-full wp-image-42011\" src=\"http:\/\/www.reconoce.mx\/wp-content\/uploads\/2015\/05\/la-ballesta.png\" sizes=\"auto, (max-width: 570px) 100vw, 570px\" srcset=\"http:\/\/www.reconoce.mx\/wp-content\/uploads\/2015\/05\/la-ballesta.png 570w, http:\/\/www.reconoce.mx\/wp-content\/uploads\/2015\/05\/la-ballesta-300x37.png 300w, http:\/\/www.reconoce.mx\/wp-content\/uploads\/2015\/05\/la-ballesta-150x18.png 150w\" alt=\"la-ballesta\" width=\"570\" height=\"70\" \/><\/a><strong><br \/>\nPor <a title=\"@AsfaltosTweets\" href=\"http:\/\/twitter.com\/AsfaltosTweets\" target=\"_blank\" rel=\"noopener\">Asfaltos<\/a><\/strong>.<\/p>\n<p>Una de mis escenas favoritas en \u00abLa \u00faltima tentaci\u00f3n de Cristo\u00bb (1988) de <strong>Martin Scorsese<\/strong> es cuando Jes\u00fas interpretado por <strong>Willem Dafoe<\/strong>, se encuentra despu\u00e9s de haber sido salvado por Dios de la muerte en la cruz con Saulo de Tarso, mejor conocido como Pablo.<\/p>\n<p><a href=\"http:\/\/www.reconoce.mx\/wp-content\/uploads\/2018\/03\/ultima-tentacion-cristo-1.jpg\"><img loading=\"lazy\" decoding=\"async\" class=\"aligncenter size-full wp-image-71704\" src=\"http:\/\/www.reconoce.mx\/wp-content\/uploads\/2018\/03\/ultima-tentacion-cristo-1.jpg\" alt=\"\" width=\"590\" height=\"380\" srcset=\"https:\/\/www.reconoce.mx\/wp-content\/uploads\/2018\/03\/ultima-tentacion-cristo-1.jpg 590w, https:\/\/www.reconoce.mx\/wp-content\/uploads\/2018\/03\/ultima-tentacion-cristo-1-300x193.jpg 300w, https:\/\/www.reconoce.mx\/wp-content\/uploads\/2018\/03\/ultima-tentacion-cristo-1-150x97.jpg 150w\" sizes=\"auto, (max-width: 590px) 100vw, 590px\" \/><\/a><\/p>\n<p>Pablo se encuentra predicando sobre una nueva religi\u00f3n basada en la resurecci\u00f3n de Jes\u00fas, idea que \u00e9l mismo le pide desmentir. Soprendido, aunque no mucho, Pablo le encara dici\u00e9ndole que el que \u00e9ste se encuentre vivo no es raz\u00f3n para desmentirle, pues para sus fines y los de la gente a la que predica, es mejor que se encuentre muerto y callado; y que de no ser as\u00ed, de no dejarle predicar, har\u00eda lo posible por matarlo y posteriormente resucitarlo.<\/p>\n<p>\u00abLa \u00faltima tentaci\u00f3n de Cristo\u00bb fue una de las pel\u00edculas m\u00e1s pol\u00e9micas de finales del siglo pasado. Catalogada por muchos religiosos de la \u00e9poca como blasfema, la cinta sufri\u00f3 de la censura por escenas como la descrita, pero sobre todo por presentar ante todo a un Jes\u00fas muy humano. \u00bfNo era acaso Jes\u00fas el hijo de Dios hecho a semejanza del hombre en la tierra? \u00bfEntonces por qu\u00e9 tanto odio frente a esta representaci\u00f3n de Scorsese basada en el libro de Nikos Kazantzakis?<\/p>\n<style>.embed-container { position: relative; padding-bottom: 56.25%; height: 0; overflow: hidden; max-width: 100%; } .embed-container iframe, .embed-container object, .embed-container embed { position: absolute; top: 0; left: 0; width: 100%; height: 100%; }<\/style>\n<div class=\"embed-container\"><iframe loading=\"lazy\" src=\"https:\/\/www.youtube.com\/embed\/10r9b5DQozY\" width=\"300\" height=\"150\" frameborder=\"0\" allowfullscreen=\"allowfullscreen\"><\/iframe><\/div>\n<p>&nbsp;<\/p>\n<p>Incomprendida por muchos, inclusive hasta nuestros d\u00edas, \u00abLa \u00faltima tentaci\u00f3n de Cristo\u00bb \u00abpec\u00f3\u00bb en criticar no a Jes\u00fas, sino mas bien a la religi\u00f3n cat\u00f3lica en esa puntual escena; adem\u00e1s, tambi\u00e9n, por presentarnos a un Jes\u00fas humano. \u00bfHabr\u00e1n visto alguna vez sus cr\u00edticos el final de la pel\u00edcula? \u00bfHabr\u00e1n visto c\u00f3mo Jes\u00fas termina finalmente por implorar el destino original marcado por su Padre?<\/p>\n<p>Actualmente en cartelera, menos pol\u00e9mica pero con un mensaje similar, se puede disfrutar de \u00ab<a href=\"http:\/\/www.reconoce.mx\/maria-magdalena-una-vision-diferente-y-refrescante\/\" target=\"_blank\" rel=\"noopener\">Mar\u00eda Magdalena<\/a>\u00bb (2018). La pel\u00edcula, centrada precisamente en la tambi\u00e9n pol\u00e9mica figura de Mar\u00eda Magdalena, criticada e insultada por a\u00f1os por la comunidad religiosa, nos presenta el valor de la mujer en tiempos donde la desigualdad de g\u00e9nero sigue siendo notoria. Nuevamente mi escena favorita se realiza hacia el final de la pel\u00edcula.<\/p>\n<p><a href=\"http:\/\/www.reconoce.mx\/wp-content\/uploads\/2018\/03\/mar\u00eda-magdalena-3.jpg\"><img loading=\"lazy\" decoding=\"async\" class=\"aligncenter size-full wp-image-71614\" src=\"http:\/\/www.reconoce.mx\/wp-content\/uploads\/2018\/03\/mar\u00eda-magdalena-3.jpg\" alt=\"\" width=\"590\" height=\"380\" srcset=\"https:\/\/www.reconoce.mx\/wp-content\/uploads\/2018\/03\/mar\u00eda-magdalena-3.jpg 590w, https:\/\/www.reconoce.mx\/wp-content\/uploads\/2018\/03\/mar\u00eda-magdalena-3-300x193.jpg 300w, https:\/\/www.reconoce.mx\/wp-content\/uploads\/2018\/03\/mar\u00eda-magdalena-3-150x97.jpg 150w\" sizes=\"auto, (max-width: 590px) 100vw, 590px\" \/><\/a><\/p>\n<p>Jes\u00fas elige a Mar\u00eda Magdalena para present\u00e1rsele por vez primera tras morir en la cruz; \u00e9ste la ha escogido a ella porque desde que la conoci\u00f3 supo que era quien mejor entender\u00eda su mensaje. Mar\u00eda tras lo visto acude con los dem\u00e1s ap\u00f3stoles emocionada para compartirles la \u00abbuena nueva\u00bb, misma que \u00e9stos reciben con mucho recelo. Es Juan, quien desde que la vio unirse al grupo expres\u00f3 su inconformidad, quien enfrenta a Mar\u00eda tergiversando de ese modo el mensaje recibido. \u00abEsa es tu versi\u00f3n\u00bb, le espeta la mujer en una clara alusi\u00f3n de que lo que a partir de ah\u00ed se predique, no es lo mismo que Jes\u00fas les hab\u00eda compartido.<\/p>\n<p>Muchos a\u00f1os antes, a finales de la d\u00e9cada de los 70, otra pel\u00edcula hab\u00eda presentado algo similar. <strong>Graham Chapman<\/strong>, <strong>John Cleese<\/strong>, <strong>Terry Gilliam<\/strong>, <strong>Eric Idle<\/strong>, <strong>Terry Jones<\/strong> y <strong>Michael Palin<\/strong> eran los <strong>Monty Python<\/strong>, un grupo de seis humoristas brit\u00e1nicos que marcaron un hito no solo en la comedia de su pa\u00eds, sino en la comedia del mundo. Ver su trabajo resulta fundamental para entender los cimientos de mucho del humor que actualmente experimentamos. Muchos expertos catalogan, que as\u00ed como <strong>The Beatles<\/strong> cambiaron para siempre la industria musical, los <strong>Monty Python<\/strong> hicieron lo propio en lo que respecta a la comedia.<\/p>\n<p><a href=\"http:\/\/www.reconoce.mx\/wp-content\/uploads\/2018\/03\/la-vida-de-brian-2.jpg\"><img loading=\"lazy\" decoding=\"async\" class=\"aligncenter size-full wp-image-71703\" src=\"http:\/\/www.reconoce.mx\/wp-content\/uploads\/2018\/03\/la-vida-de-brian-2.jpg\" alt=\"\" width=\"590\" height=\"380\" srcset=\"https:\/\/www.reconoce.mx\/wp-content\/uploads\/2018\/03\/la-vida-de-brian-2.jpg 590w, https:\/\/www.reconoce.mx\/wp-content\/uploads\/2018\/03\/la-vida-de-brian-2-300x193.jpg 300w, https:\/\/www.reconoce.mx\/wp-content\/uploads\/2018\/03\/la-vida-de-brian-2-150x97.jpg 150w\" sizes=\"auto, (max-width: 590px) 100vw, 590px\" \/><\/a><\/p>\n<p>\u00abLa vida de Brian\u00bb (1979), tras peligrar su producci\u00f3n por la negativa de financiarla por la pol\u00e9mica que le rodeaba, fue rescatada y hecha realidad gracias nada mas y nada menos que a la labor de un \u00abBeatle\u00bb. <strong>George Harrison<\/strong>, a quien se le atribuye el \u00abboleto de cine m\u00e1s caro de la historia\u00bb, fue pieza clave en la consecuci\u00f3n de un trabajo que resulta indispensable para estos d\u00edas de Semana Santa. Harrison aport\u00f3 el dinero faltante por la dicha de poder ver la historia que los Python finalmente pudieron plasmar en el cine.<\/p>\n<p>Brian Cohen, nacido el mismo d\u00eda y a unos cuantos pasos del mism\u00edsimo Jes\u00fas, es un joven incomprendido que vive con su posesiva madre que gusta de las lapidaciones p\u00fablicas. Un buen d\u00eda, en medio de su trabajo en un anfiteatro local, se encuentra con un grupo de jud\u00edos activamente pol\u00edticos que buscan de manera torpe la ca\u00edda del \u00abopresor\u00bb Imperio Romano. A partir de ah\u00ed, y por culpa de una serie de confusiones, Brian es confundido con un Mes\u00edas al que el pueblo, sin mayor miramiento ni reflexi\u00f3n, sigue con muchas esperanzas.<\/p>\n<style>.embed-container { position: relative; padding-bottom: 56.25%; height: 0; overflow: hidden; max-width: 100%; } .embed-container iframe, .embed-container object, .embed-container embed { position: absolute; top: 0; left: 0; width: 100%; height: 100%; }<\/style>\n<div class=\"embed-container\"><iframe loading=\"lazy\" src=\"https:\/\/www.youtube.com\/embed\/pZNcIEmCBP8\" width=\"300\" height=\"150\" frameborder=\"0\" allowfullscreen=\"allowfullscreen\"><\/iframe><\/div>\n<p>&nbsp;<\/p>\n<p>\u00abLa vida de Brian\u00bb fue tambi\u00e9n criticada por blasfema, aun y cuando al observarla queda claro que no se trata de ninguna cr\u00edtica a Jes\u00fas; es m\u00e1s, cuando \u00e9ste aparece en una muy breve escena es manejado con mucho respeto. A decir de los propios autores, Jes\u00fas no se prestaba para ninguna comedia por su figura tan solemne; por ello es que se utiliz\u00f3 a Brian, quien no busca burlarse, sino simplemente presentarse como una v\u00edctima de las circunstancias.<\/p>\n<p>La pel\u00edcula es magn\u00edfica, con un ritmo estupendo y un <em>timing<\/em> estupendo para la comedia. Cierto es que algunos detalles podr\u00e1n encontrarse en la pel\u00edcula, pero tambi\u00e9n resulta evidente que su valor no se remite \u00fanicamente a la comedia, sino a la serie de cr\u00edticas que en \u00e9sta se presentan. Desde luego que se critica a las religiones, sobre todo por los fanatismos ciegos y carentes de sentido que provocan en sus seguidores; pero tambi\u00e9n se encuentra cr\u00edtica a la clase pol\u00edtica, a los grupos subversivos, rebeldes y torpes, y hasta a la tambi\u00e9n rid\u00edcula correcci\u00f3n pol\u00edtica que curiosamente en nuestros d\u00edas ha cobrado mayor peso, entre otros temas.<\/p>\n<style>.embed-container { position: relative; padding-bottom: 56.25%; height: 0; overflow: hidden; max-width: 100%; } .embed-container iframe, .embed-container object, .embed-container embed { position: absolute; top: 0; left: 0; width: 100%; height: 100%; }<\/style>\n<div class=\"embed-container\"><iframe loading=\"lazy\" src=\"https:\/\/www.youtube.com\/embed\/WYU5SAQwc4I\" width=\"300\" height=\"150\" frameborder=\"0\" allowfullscreen=\"allowfullscreen\"><\/iframe><\/div>\n<p>&nbsp;<\/p>\n<p>Las reflexiones vertidas en \u00abLa vida de Brian\u00bb, \u00abLa \u00faltima tentaci\u00f3n de Cristo\u00bb y \u00abMar\u00eda Magdalena\u00bb, retumban con fuerza hasta nuestros d\u00edas. Lejos de esa visi\u00f3n reducida que podr\u00eda catalogarlas de blasfemas, sobre todo en muchas ocasiones sin haberlas visto, las tres cintas resultan actuales y vitales.<\/p>\n<p>Si me preguntan la que me parece la m\u00e1s completa, divertida y relevante de todas, esa para m\u00ed es sin duda \u00abLa vida de Brian\u00bb; aunque las otras dos, a su manera, ofrecen tambi\u00e9n distintos puntos que terminan convergiendo en esa invitaci\u00f3n a ver lo solemne un poco m\u00e1s simple, y un <del>poco<\/del> mucho m\u00e1s humano.<\/p>\n<blockquote><p><a href=\"http:\/\/www.reconoce.mx\/wp-content\/uploads\/2016\/03\/968932_515227815190918_654397283_n-e1459260491114.jpg\" rel=\"lightbox[71287]\"><img loading=\"lazy\" decoding=\"async\" class=\"alignleft size-thumbnail wp-image-39872\" src=\"http:\/\/www.reconoce.mx\/wp-content\/uploads\/2016\/03\/968932_515227815190918_654397283_n-e1459260491114.jpg\" alt=\"IMG_5743\" width=\"150\" height=\"150\" \/><\/a><strong>Asfaltos<\/strong>. Sobrevivo en una ciudad junto a millones de personas. \u00bfMexique\u00f1o? Me enamoro r\u00e1pido y olvido dif\u00edcilmente. Amo la m\u00fasica, el cine, los c\u00f3mics, las mujeres y -\u00faltimamente gracias a los servicios de <em>streaming<\/em>\u2013 las series tambi\u00e9n. Vivo la vida a trav\u00e9s de letras y melod\u00edas. M\u00fasico frustrado. Me pueden encontrar escuchando U2, Radiohead y Coldplay; as\u00ed como Grand Funk Railroad, Styx y Eric Burdon; Chetes, Jumbo y Siddhartha; y hasta Jesse &amp; Joy, Silverio y Aleks Syntek. Batman y Star Wars mis pasiones; tambi\u00e9n el Cruz Azul, pero ya saben\u2026 subcampeon\u00edsimo. Sobreviviente y n\u00e1ufrago; ermita\u00f1o que odia la soledad.<\/p><\/blockquote>\n<p>&nbsp;<\/p>\n<p>&nbsp;<\/p>\n","protected":false},"excerpt":{"rendered":"<p>Una de mis escenas favoritas en \u00abLa \u00faltima tentaci\u00f3n de Cristo\u00bb (1988) de Martin Scorsese es cuando Jes\u00fas interpretado por Willem Dafoe, se encuentra despu\u00e9s de haber sido salvado por Dios de la muerte en la cruz con Saulo de Tarso, mejor conocido como Pablo.<\/p>\n","protected":false},"author":2,"featured_media":71702,"comment_status":"open","ping_status":"open","sticky":false,"template":"","format":"standard","meta":{"footnotes":""},"categories":[16,2602,17],"tags":[],"class_list":["post-71700","post","type-post","status-publish","format-standard","has-post-thumbnail","hentry","category-columnistas","category-la-ballesta-de-mascatabaco","category-principal"],"yoast_head":"<!-- This site is optimized with the Yoast SEO plugin v24.7 - https:\/\/yoast.com\/wordpress\/plugins\/seo\/ -->\n<title>Tres pel\u00edculas para reflexionar esta Semana Santa &#171; Reconoce MX<\/title>\n<meta name=\"robots\" content=\"index, follow, max-snippet:-1, max-image-preview:large, max-video-preview:-1\" \/>\n<link rel=\"canonical\" href=\"https:\/\/www.reconoce.mx\/?p=71700\" \/>\n<meta property=\"og:locale\" content=\"es_ES\" \/>\n<meta property=\"og:type\" content=\"article\" \/>\n<meta property=\"og:title\" content=\"Tres pel\u00edculas para reflexionar esta Semana Santa &#171; Reconoce MX\" \/>\n<meta property=\"og:description\" content=\"Una de mis escenas favoritas en &quot;La \u00faltima tentaci\u00f3n de Cristo&quot; (1988) de Martin Scorsese es cuando Jes\u00fas interpretado por Willem Dafoe, se encuentra despu\u00e9s de haber sido salvado por Dios de la muerte en la cruz con Saulo de Tarso, mejor conocido como Pablo.\" \/>\n<meta property=\"og:url\" content=\"https:\/\/www.reconoce.mx\/?p=71700\" \/>\n<meta property=\"og:site_name\" content=\"Reconoce MX\" \/>\n<meta property=\"article:publisher\" content=\"https:\/\/es-la.facebook.com\/ReconoceMX\/\" \/>\n<meta property=\"article:published_time\" content=\"2018-03-26T06:05:13+00:00\" \/>\n<meta property=\"article:modified_time\" content=\"2018-03-26T18:19:58+00:00\" \/>\n<meta property=\"og:image\" content=\"https:\/\/www.reconoce.mx\/wp-content\/uploads\/2018\/03\/la-vida-de-brian-1.jpg\" \/>\n\t<meta property=\"og:image:width\" content=\"590\" \/>\n\t<meta property=\"og:image:height\" content=\"380\" \/>\n\t<meta property=\"og:image:type\" content=\"image\/jpeg\" \/>\n<meta name=\"author\" content=\"Reconoce MX\" \/>\n<meta name=\"twitter:card\" content=\"summary_large_image\" \/>\n<meta name=\"twitter:creator\" content=\"@reconocemx\" \/>\n<meta name=\"twitter:site\" content=\"@reconocemx\" \/>\n<meta name=\"twitter:label1\" content=\"Escrito por\" \/>\n\t<meta name=\"twitter:data1\" content=\"Reconoce MX\" \/>\n\t<meta name=\"twitter:label2\" content=\"Tiempo de lectura\" \/>\n\t<meta name=\"twitter:data2\" content=\"6 minutos\" \/>\n<script type=\"application\/ld+json\" class=\"yoast-schema-graph\">{\"@context\":\"https:\/\/schema.org\",\"@graph\":[{\"@type\":\"Article\",\"@id\":\"https:\/\/www.reconoce.mx\/?p=71700#article\",\"isPartOf\":{\"@id\":\"https:\/\/www.reconoce.mx\/?p=71700\"},\"author\":{\"name\":\"Reconoce MX\",\"@id\":\"http:\/\/www.reconoce.mx\/#\/schema\/person\/2117e997d7051dc15d6880eaf9bca0b2\"},\"headline\":\"Tres pel\u00edculas para reflexionar esta Semana Santa\",\"datePublished\":\"2018-03-26T06:05:13+00:00\",\"dateModified\":\"2018-03-26T18:19:58+00:00\",\"mainEntityOfPage\":{\"@id\":\"https:\/\/www.reconoce.mx\/?p=71700\"},\"wordCount\":1255,\"commentCount\":0,\"publisher\":{\"@id\":\"http:\/\/www.reconoce.mx\/#organization\"},\"image\":{\"@id\":\"https:\/\/www.reconoce.mx\/?p=71700#primaryimage\"},\"thumbnailUrl\":\"https:\/\/www.reconoce.mx\/wp-content\/uploads\/2018\/03\/la-vida-de-brian-1.jpg\",\"articleSection\":[\"Columnistas\",\"La ballesta de Mascatabaco\",\"Principal\"],\"inLanguage\":\"es\",\"potentialAction\":[{\"@type\":\"CommentAction\",\"name\":\"Comment\",\"target\":[\"https:\/\/www.reconoce.mx\/?p=71700#respond\"]}]},{\"@type\":\"WebPage\",\"@id\":\"https:\/\/www.reconoce.mx\/?p=71700\",\"url\":\"https:\/\/www.reconoce.mx\/?p=71700\",\"name\":\"Tres pel\u00edculas para reflexionar esta Semana Santa &#171; Reconoce MX\",\"isPartOf\":{\"@id\":\"http:\/\/www.reconoce.mx\/#website\"},\"primaryImageOfPage\":{\"@id\":\"https:\/\/www.reconoce.mx\/?p=71700#primaryimage\"},\"image\":{\"@id\":\"https:\/\/www.reconoce.mx\/?p=71700#primaryimage\"},\"thumbnailUrl\":\"https:\/\/www.reconoce.mx\/wp-content\/uploads\/2018\/03\/la-vida-de-brian-1.jpg\",\"datePublished\":\"2018-03-26T06:05:13+00:00\",\"dateModified\":\"2018-03-26T18:19:58+00:00\",\"breadcrumb\":{\"@id\":\"https:\/\/www.reconoce.mx\/?p=71700#breadcrumb\"},\"inLanguage\":\"es\",\"potentialAction\":[{\"@type\":\"ReadAction\",\"target\":[\"https:\/\/www.reconoce.mx\/?p=71700\"]}]},{\"@type\":\"ImageObject\",\"inLanguage\":\"es\",\"@id\":\"https:\/\/www.reconoce.mx\/?p=71700#primaryimage\",\"url\":\"https:\/\/www.reconoce.mx\/wp-content\/uploads\/2018\/03\/la-vida-de-brian-1.jpg\",\"contentUrl\":\"https:\/\/www.reconoce.mx\/wp-content\/uploads\/2018\/03\/la-vida-de-brian-1.jpg\",\"width\":590,\"height\":380},{\"@type\":\"BreadcrumbList\",\"@id\":\"https:\/\/www.reconoce.mx\/?p=71700#breadcrumb\",\"itemListElement\":[{\"@type\":\"ListItem\",\"position\":1,\"name\":\"Portada\",\"item\":\"http:\/\/www.reconoce.mx\/\"},{\"@type\":\"ListItem\",\"position\":2,\"name\":\"Tres pel\u00edculas para reflexionar esta Semana Santa\"}]},{\"@type\":\"WebSite\",\"@id\":\"http:\/\/www.reconoce.mx\/#website\",\"url\":\"http:\/\/www.reconoce.mx\/\",\"name\":\"Reconoce MX\",\"description\":\"En Reconoce MX difundimos arte, cultura y conciencia social en M\u00e9xico. Tu ciudad en otra perspectiva.\",\"publisher\":{\"@id\":\"http:\/\/www.reconoce.mx\/#organization\"},\"potentialAction\":[{\"@type\":\"SearchAction\",\"target\":{\"@type\":\"EntryPoint\",\"urlTemplate\":\"http:\/\/www.reconoce.mx\/?s={search_term_string}\"},\"query-input\":{\"@type\":\"PropertyValueSpecification\",\"valueRequired\":true,\"valueName\":\"search_term_string\"}}],\"inLanguage\":\"es\"},{\"@type\":\"Organization\",\"@id\":\"http:\/\/www.reconoce.mx\/#organization\",\"name\":\"Reconoce MX\",\"url\":\"http:\/\/www.reconoce.mx\/\",\"logo\":{\"@type\":\"ImageObject\",\"inLanguage\":\"es\",\"@id\":\"http:\/\/www.reconoce.mx\/#\/schema\/logo\/image\/\",\"url\":\"https:\/\/www.reconoce.mx\/wp-content\/uploads\/2019\/03\/logorcmx-good-1.png\",\"contentUrl\":\"https:\/\/www.reconoce.mx\/wp-content\/uploads\/2019\/03\/logorcmx-good-1.png\",\"width\":280,\"height\":90,\"caption\":\"Reconoce MX\"},\"image\":{\"@id\":\"http:\/\/www.reconoce.mx\/#\/schema\/logo\/image\/\"},\"sameAs\":[\"https:\/\/es-la.facebook.com\/ReconoceMX\/\",\"https:\/\/x.com\/reconocemx\",\"http:\/\/@reconocemx\"]},{\"@type\":\"Person\",\"@id\":\"http:\/\/www.reconoce.mx\/#\/schema\/person\/2117e997d7051dc15d6880eaf9bca0b2\",\"name\":\"Reconoce MX\",\"image\":{\"@type\":\"ImageObject\",\"inLanguage\":\"es\",\"@id\":\"http:\/\/www.reconoce.mx\/#\/schema\/person\/image\/\",\"url\":\"https:\/\/secure.gravatar.com\/avatar\/6c8d4dc7569ca1c90c5fdcc349f839d5ddef6fe1e70b4337ead2ef1a4c43fc3a?s=96&d=identicon&r=g\",\"contentUrl\":\"https:\/\/secure.gravatar.com\/avatar\/6c8d4dc7569ca1c90c5fdcc349f839d5ddef6fe1e70b4337ead2ef1a4c43fc3a?s=96&d=identicon&r=g\",\"caption\":\"Reconoce MX\"},\"description\":\"Reconoce MX es un proyecto de difusi\u00f3n art\u00edstica, cultural y de conciencia social que est\u00e1 enfocado a difundir y fomentar el entretenimiento alternativo de calidad para todo el p\u00fablico que comparta el mismo entusiasmo.\",\"sameAs\":[\"http:\/\/www.reconoce.mx\"],\"url\":\"https:\/\/www.reconoce.mx\/?author=2\"}]}<\/script>\n<!-- \/ Yoast SEO plugin. -->","yoast_head_json":{"title":"Tres pel\u00edculas para reflexionar esta Semana Santa &#171; Reconoce MX","robots":{"index":"index","follow":"follow","max-snippet":"max-snippet:-1","max-image-preview":"max-image-preview:large","max-video-preview":"max-video-preview:-1"},"canonical":"https:\/\/www.reconoce.mx\/?p=71700","og_locale":"es_ES","og_type":"article","og_title":"Tres pel\u00edculas para reflexionar esta Semana Santa &#171; Reconoce MX","og_description":"Una de mis escenas favoritas en \"La \u00faltima tentaci\u00f3n de Cristo\" (1988) de Martin Scorsese es cuando Jes\u00fas interpretado por Willem Dafoe, se encuentra despu\u00e9s de haber sido salvado por Dios de la muerte en la cruz con Saulo de Tarso, mejor conocido como Pablo.","og_url":"https:\/\/www.reconoce.mx\/?p=71700","og_site_name":"Reconoce MX","article_publisher":"https:\/\/es-la.facebook.com\/ReconoceMX\/","article_published_time":"2018-03-26T06:05:13+00:00","article_modified_time":"2018-03-26T18:19:58+00:00","og_image":[{"width":590,"height":380,"url":"https:\/\/www.reconoce.mx\/wp-content\/uploads\/2018\/03\/la-vida-de-brian-1.jpg","type":"image\/jpeg"}],"author":"Reconoce MX","twitter_card":"summary_large_image","twitter_creator":"@reconocemx","twitter_site":"@reconocemx","twitter_misc":{"Escrito por":"Reconoce MX","Tiempo de lectura":"6 minutos"},"schema":{"@context":"https:\/\/schema.org","@graph":[{"@type":"Article","@id":"https:\/\/www.reconoce.mx\/?p=71700#article","isPartOf":{"@id":"https:\/\/www.reconoce.mx\/?p=71700"},"author":{"name":"Reconoce MX","@id":"http:\/\/www.reconoce.mx\/#\/schema\/person\/2117e997d7051dc15d6880eaf9bca0b2"},"headline":"Tres pel\u00edculas para reflexionar esta Semana Santa","datePublished":"2018-03-26T06:05:13+00:00","dateModified":"2018-03-26T18:19:58+00:00","mainEntityOfPage":{"@id":"https:\/\/www.reconoce.mx\/?p=71700"},"wordCount":1255,"commentCount":0,"publisher":{"@id":"http:\/\/www.reconoce.mx\/#organization"},"image":{"@id":"https:\/\/www.reconoce.mx\/?p=71700#primaryimage"},"thumbnailUrl":"https:\/\/www.reconoce.mx\/wp-content\/uploads\/2018\/03\/la-vida-de-brian-1.jpg","articleSection":["Columnistas","La ballesta de Mascatabaco","Principal"],"inLanguage":"es","potentialAction":[{"@type":"CommentAction","name":"Comment","target":["https:\/\/www.reconoce.mx\/?p=71700#respond"]}]},{"@type":"WebPage","@id":"https:\/\/www.reconoce.mx\/?p=71700","url":"https:\/\/www.reconoce.mx\/?p=71700","name":"Tres pel\u00edculas para reflexionar esta Semana Santa &#171; Reconoce MX","isPartOf":{"@id":"http:\/\/www.reconoce.mx\/#website"},"primaryImageOfPage":{"@id":"https:\/\/www.reconoce.mx\/?p=71700#primaryimage"},"image":{"@id":"https:\/\/www.reconoce.mx\/?p=71700#primaryimage"},"thumbnailUrl":"https:\/\/www.reconoce.mx\/wp-content\/uploads\/2018\/03\/la-vida-de-brian-1.jpg","datePublished":"2018-03-26T06:05:13+00:00","dateModified":"2018-03-26T18:19:58+00:00","breadcrumb":{"@id":"https:\/\/www.reconoce.mx\/?p=71700#breadcrumb"},"inLanguage":"es","potentialAction":[{"@type":"ReadAction","target":["https:\/\/www.reconoce.mx\/?p=71700"]}]},{"@type":"ImageObject","inLanguage":"es","@id":"https:\/\/www.reconoce.mx\/?p=71700#primaryimage","url":"https:\/\/www.reconoce.mx\/wp-content\/uploads\/2018\/03\/la-vida-de-brian-1.jpg","contentUrl":"https:\/\/www.reconoce.mx\/wp-content\/uploads\/2018\/03\/la-vida-de-brian-1.jpg","width":590,"height":380},{"@type":"BreadcrumbList","@id":"https:\/\/www.reconoce.mx\/?p=71700#breadcrumb","itemListElement":[{"@type":"ListItem","position":1,"name":"Portada","item":"http:\/\/www.reconoce.mx\/"},{"@type":"ListItem","position":2,"name":"Tres pel\u00edculas para reflexionar esta Semana Santa"}]},{"@type":"WebSite","@id":"http:\/\/www.reconoce.mx\/#website","url":"http:\/\/www.reconoce.mx\/","name":"Reconoce MX","description":"En Reconoce MX difundimos arte, cultura y conciencia social en M\u00e9xico. Tu ciudad en otra perspectiva.","publisher":{"@id":"http:\/\/www.reconoce.mx\/#organization"},"potentialAction":[{"@type":"SearchAction","target":{"@type":"EntryPoint","urlTemplate":"http:\/\/www.reconoce.mx\/?s={search_term_string}"},"query-input":{"@type":"PropertyValueSpecification","valueRequired":true,"valueName":"search_term_string"}}],"inLanguage":"es"},{"@type":"Organization","@id":"http:\/\/www.reconoce.mx\/#organization","name":"Reconoce MX","url":"http:\/\/www.reconoce.mx\/","logo":{"@type":"ImageObject","inLanguage":"es","@id":"http:\/\/www.reconoce.mx\/#\/schema\/logo\/image\/","url":"https:\/\/www.reconoce.mx\/wp-content\/uploads\/2019\/03\/logorcmx-good-1.png","contentUrl":"https:\/\/www.reconoce.mx\/wp-content\/uploads\/2019\/03\/logorcmx-good-1.png","width":280,"height":90,"caption":"Reconoce MX"},"image":{"@id":"http:\/\/www.reconoce.mx\/#\/schema\/logo\/image\/"},"sameAs":["https:\/\/es-la.facebook.com\/ReconoceMX\/","https:\/\/x.com\/reconocemx","http:\/\/@reconocemx"]},{"@type":"Person","@id":"http:\/\/www.reconoce.mx\/#\/schema\/person\/2117e997d7051dc15d6880eaf9bca0b2","name":"Reconoce MX","image":{"@type":"ImageObject","inLanguage":"es","@id":"http:\/\/www.reconoce.mx\/#\/schema\/person\/image\/","url":"https:\/\/secure.gravatar.com\/avatar\/6c8d4dc7569ca1c90c5fdcc349f839d5ddef6fe1e70b4337ead2ef1a4c43fc3a?s=96&d=identicon&r=g","contentUrl":"https:\/\/secure.gravatar.com\/avatar\/6c8d4dc7569ca1c90c5fdcc349f839d5ddef6fe1e70b4337ead2ef1a4c43fc3a?s=96&d=identicon&r=g","caption":"Reconoce MX"},"description":"Reconoce MX es un proyecto de difusi\u00f3n art\u00edstica, cultural y de conciencia social que est\u00e1 enfocado a difundir y fomentar el entretenimiento alternativo de calidad para todo el p\u00fablico que comparta el mismo entusiasmo.","sameAs":["http:\/\/www.reconoce.mx"],"url":"https:\/\/www.reconoce.mx\/?author=2"}]}},"_links":{"self":[{"href":"https:\/\/www.reconoce.mx\/index.php?rest_route=\/wp\/v2\/posts\/71700","targetHints":{"allow":["GET"]}}],"collection":[{"href":"https:\/\/www.reconoce.mx\/index.php?rest_route=\/wp\/v2\/posts"}],"about":[{"href":"https:\/\/www.reconoce.mx\/index.php?rest_route=\/wp\/v2\/types\/post"}],"author":[{"embeddable":true,"href":"https:\/\/www.reconoce.mx\/index.php?rest_route=\/wp\/v2\/users\/2"}],"replies":[{"embeddable":true,"href":"https:\/\/www.reconoce.mx\/index.php?rest_route=%2Fwp%2Fv2%2Fcomments&post=71700"}],"version-history":[{"count":4,"href":"https:\/\/www.reconoce.mx\/index.php?rest_route=\/wp\/v2\/posts\/71700\/revisions"}],"predecessor-version":[{"id":71707,"href":"https:\/\/www.reconoce.mx\/index.php?rest_route=\/wp\/v2\/posts\/71700\/revisions\/71707"}],"wp:featuredmedia":[{"embeddable":true,"href":"https:\/\/www.reconoce.mx\/index.php?rest_route=\/wp\/v2\/media\/71702"}],"wp:attachment":[{"href":"https:\/\/www.reconoce.mx\/index.php?rest_route=%2Fwp%2Fv2%2Fmedia&parent=71700"}],"wp:term":[{"taxonomy":"category","embeddable":true,"href":"https:\/\/www.reconoce.mx\/index.php?rest_route=%2Fwp%2Fv2%2Fcategories&post=71700"},{"taxonomy":"post_tag","embeddable":true,"href":"https:\/\/www.reconoce.mx\/index.php?rest_route=%2Fwp%2Fv2%2Ftags&post=71700"}],"curies":[{"name":"wp","href":"https:\/\/api.w.org\/{rel}","templated":true}]}}