{"id":71711,"date":"2018-03-27T00:01:36","date_gmt":"2018-03-27T06:01:36","guid":{"rendered":"http:\/\/www.reconoce.mx\/?p=71711"},"modified":"2018-03-30T14:52:54","modified_gmt":"2018-03-30T20:52:54","slug":"darren-criss-visita-por-primera-vez-mexico","status":"publish","type":"post","link":"https:\/\/www.reconoce.mx\/?p=71711","title":{"rendered":"Darren Criss visita por primera vez M\u00e9xico"},"content":{"rendered":"<p><strong>Por <a href=\"https:\/\/twitter.com\/alice_freckles\" target=\"_blank\" rel=\"noopener noreferrer\">Alicia \u00c1vila Monroy<\/a>.<\/strong><\/p>\n<p>El pr\u00f3ximo 31 de marzo y 1 de abril, disfrutaremos de la melancol\u00eda \u2013y a su vez, romanticismo\u2013 de <strong>Darren Criss<\/strong>, quien visita por primera vez M\u00e9xico para presentarse en <strong>El Plaza Condesa<\/strong>.<\/p>\n<p><a href=\"http:\/\/www.reconoce.mx\/wp-content\/uploads\/2018\/03\/large_DARREN_CRISS_OK.jpg\"><img loading=\"lazy\" decoding=\"async\" class=\"aligncenter size-full wp-image-71713\" src=\"http:\/\/www.reconoce.mx\/wp-content\/uploads\/2018\/03\/large_DARREN_CRISS_OK.jpg\" alt=\"\" width=\"792\" height=\"1224\" srcset=\"https:\/\/www.reconoce.mx\/wp-content\/uploads\/2018\/03\/large_DARREN_CRISS_OK.jpg 792w, https:\/\/www.reconoce.mx\/wp-content\/uploads\/2018\/03\/large_DARREN_CRISS_OK-194x300.jpg 194w, https:\/\/www.reconoce.mx\/wp-content\/uploads\/2018\/03\/large_DARREN_CRISS_OK-768x1187.jpg 768w, https:\/\/www.reconoce.mx\/wp-content\/uploads\/2018\/03\/large_DARREN_CRISS_OK-663x1024.jpg 663w, https:\/\/www.reconoce.mx\/wp-content\/uploads\/2018\/03\/large_DARREN_CRISS_OK-150x232.jpg 150w, https:\/\/www.reconoce.mx\/wp-content\/uploads\/2018\/03\/large_DARREN_CRISS_OK-700x1082.jpg 700w, https:\/\/www.reconoce.mx\/wp-content\/uploads\/2018\/03\/large_DARREN_CRISS_OK-658x1017.jpg 658w, https:\/\/www.reconoce.mx\/wp-content\/uploads\/2018\/03\/large_DARREN_CRISS_OK-300x464.jpg 300w\" sizes=\"auto, (max-width: 792px) 100vw, 792px\" \/><\/a><\/p>\n<p>Adem\u00e1s de compositor y cantante, el tambi\u00e9n actor estadounidense (Blaine Anderson, en la serie de televisi\u00f3n \u00abGlee\u00bb), se encuentra en promoci\u00f3n de su EP debut: \u00abHomework\u00bb.<\/p>\n<p>Mitad irland\u00e9s y mitad filipino, Criss ha sido reconocido por su trabajo no solamente como actor, sino tambi\u00e9n por encabezar en varias ocasiones las listas de popularidad de <strong>Billboard<\/strong> por su trabajo en \u00abGlee\u00bb y ha logrado obtener una nominaci\u00f3n el <strong>Emmy<\/strong> en 2015 en la categor\u00eda de \u00abMejor m\u00fasica y letra original\u00bb.<\/p>\n<p>El cantautor que con sus melod\u00edas ha demostrado que adem\u00e1s de buen actor, tiene una gran voz; con el estreno de la serie \u00abThe Assassination of Gianni Versace: American Crime Story\u00bb interpretando a<strong> Andrew Cunanan<\/strong> (el asesino de <strong>Gianni Versace<\/strong>), nos hace dar cuenta que es dif\u00edcil elegir entre si nos gusta m\u00e1s en la actuaci\u00f3n o como solista; como actor se luci\u00f3 y como m\u00fasico, con sus influencias de soul, folk, rock y jazz, nos enamor\u00f3.<\/p>\n<p>Adquiere tus entradas (pista general $400.00; palco &amp; salas $520.00; balc\u00f3n $600.00) a trav\u00e9s de <a href=\"http:\/\/www.ticketmaster.com.mx\/darren-criss-el-plaza-condesa-mexico-df\/venueartist\/164618\/1488362\" target=\"_blank\" rel=\"noopener\">Ticketmaster<\/a> o taquillas del inmueble.<\/p>\n<p>&nbsp;<\/p>\n<p>&nbsp;<\/p>\n","protected":false},"excerpt":{"rendered":"<p>El pr\u00f3ximo 31 de marzo y 1 de abril, disfrutaremos de la melancol\u00eda \u2013y a su vez, romanticismo\u2013 de Darren Criss, quien visita por primera vez M\u00e9xico para presentarse en El Plaza Condesa.<\/p>\n","protected":false},"author":2,"featured_media":71712,"comment_status":"open","ping_status":"open","sticky":false,"template":"","format":"standard","meta":{"footnotes":""},"categories":[1,18,17],"tags":[],"class_list":["post-71711","post","type-post","status-publish","format-standard","has-post-thumbnail","hentry","category-cultura","category-musica","category-principal"],"yoast_head":"<!-- This site is optimized with the Yoast SEO plugin v24.7 - https:\/\/yoast.com\/wordpress\/plugins\/seo\/ -->\n<title>Darren Criss visita por primera vez M\u00e9xico &#171; Reconoce MX<\/title>\n<meta name=\"robots\" content=\"index, follow, max-snippet:-1, max-image-preview:large, max-video-preview:-1\" \/>\n<link rel=\"canonical\" href=\"https:\/\/www.reconoce.mx\/?p=71711\" \/>\n<meta property=\"og:locale\" content=\"es_ES\" \/>\n<meta property=\"og:type\" content=\"article\" \/>\n<meta property=\"og:title\" content=\"Darren Criss visita por primera vez M\u00e9xico &#171; Reconoce MX\" \/>\n<meta property=\"og:description\" content=\"El pr\u00f3ximo 31 de marzo y 1 de abril, disfrutaremos de la melancol\u00eda \u2013y a su vez, romanticismo\u2013 de Darren Criss, quien visita por primera vez M\u00e9xico para presentarse en El Plaza Condesa.\" \/>\n<meta property=\"og:url\" content=\"https:\/\/www.reconoce.mx\/?p=71711\" \/>\n<meta property=\"og:site_name\" content=\"Reconoce MX\" \/>\n<meta property=\"article:publisher\" content=\"https:\/\/es-la.facebook.com\/ReconoceMX\/\" \/>\n<meta property=\"article:published_time\" content=\"2018-03-27T06:01:36+00:00\" \/>\n<meta property=\"article:modified_time\" content=\"2018-03-30T20:52:54+00:00\" \/>\n<meta property=\"og:image\" content=\"https:\/\/www.reconoce.mx\/wp-content\/uploads\/2018\/03\/darren-criss.jpg\" \/>\n\t<meta property=\"og:image:width\" content=\"590\" \/>\n\t<meta property=\"og:image:height\" content=\"380\" \/>\n\t<meta property=\"og:image:type\" content=\"image\/jpeg\" \/>\n<meta name=\"author\" content=\"Reconoce MX\" \/>\n<meta name=\"twitter:card\" content=\"summary_large_image\" \/>\n<meta name=\"twitter:creator\" content=\"@reconocemx\" \/>\n<meta name=\"twitter:site\" content=\"@reconocemx\" \/>\n<meta name=\"twitter:label1\" content=\"Escrito por\" \/>\n\t<meta name=\"twitter:data1\" content=\"Reconoce MX\" \/>\n\t<meta name=\"twitter:label2\" content=\"Tiempo de lectura\" \/>\n\t<meta name=\"twitter:data2\" content=\"1 minuto\" \/>\n<script type=\"application\/ld+json\" class=\"yoast-schema-graph\">{\"@context\":\"https:\/\/schema.org\",\"@graph\":[{\"@type\":\"Article\",\"@id\":\"https:\/\/www.reconoce.mx\/?p=71711#article\",\"isPartOf\":{\"@id\":\"https:\/\/www.reconoce.mx\/?p=71711\"},\"author\":{\"name\":\"Reconoce MX\",\"@id\":\"http:\/\/www.reconoce.mx\/#\/schema\/person\/2117e997d7051dc15d6880eaf9bca0b2\"},\"headline\":\"Darren Criss visita por primera vez M\u00e9xico\",\"datePublished\":\"2018-03-27T06:01:36+00:00\",\"dateModified\":\"2018-03-30T20:52:54+00:00\",\"mainEntityOfPage\":{\"@id\":\"https:\/\/www.reconoce.mx\/?p=71711\"},\"wordCount\":237,\"commentCount\":0,\"publisher\":{\"@id\":\"http:\/\/www.reconoce.mx\/#organization\"},\"image\":{\"@id\":\"https:\/\/www.reconoce.mx\/?p=71711#primaryimage\"},\"thumbnailUrl\":\"https:\/\/www.reconoce.mx\/wp-content\/uploads\/2018\/03\/darren-criss.jpg\",\"articleSection\":[\"Cultura\",\"M\u00fasica\",\"Principal\"],\"inLanguage\":\"es\",\"potentialAction\":[{\"@type\":\"CommentAction\",\"name\":\"Comment\",\"target\":[\"https:\/\/www.reconoce.mx\/?p=71711#respond\"]}]},{\"@type\":\"WebPage\",\"@id\":\"https:\/\/www.reconoce.mx\/?p=71711\",\"url\":\"https:\/\/www.reconoce.mx\/?p=71711\",\"name\":\"Darren Criss visita por primera vez M\u00e9xico &#171; Reconoce MX\",\"isPartOf\":{\"@id\":\"http:\/\/www.reconoce.mx\/#website\"},\"primaryImageOfPage\":{\"@id\":\"https:\/\/www.reconoce.mx\/?p=71711#primaryimage\"},\"image\":{\"@id\":\"https:\/\/www.reconoce.mx\/?p=71711#primaryimage\"},\"thumbnailUrl\":\"https:\/\/www.reconoce.mx\/wp-content\/uploads\/2018\/03\/darren-criss.jpg\",\"datePublished\":\"2018-03-27T06:01:36+00:00\",\"dateModified\":\"2018-03-30T20:52:54+00:00\",\"breadcrumb\":{\"@id\":\"https:\/\/www.reconoce.mx\/?p=71711#breadcrumb\"},\"inLanguage\":\"es\",\"potentialAction\":[{\"@type\":\"ReadAction\",\"target\":[\"https:\/\/www.reconoce.mx\/?p=71711\"]}]},{\"@type\":\"ImageObject\",\"inLanguage\":\"es\",\"@id\":\"https:\/\/www.reconoce.mx\/?p=71711#primaryimage\",\"url\":\"https:\/\/www.reconoce.mx\/wp-content\/uploads\/2018\/03\/darren-criss.jpg\",\"contentUrl\":\"https:\/\/www.reconoce.mx\/wp-content\/uploads\/2018\/03\/darren-criss.jpg\",\"width\":590,\"height\":380},{\"@type\":\"BreadcrumbList\",\"@id\":\"https:\/\/www.reconoce.mx\/?p=71711#breadcrumb\",\"itemListElement\":[{\"@type\":\"ListItem\",\"position\":1,\"name\":\"Portada\",\"item\":\"http:\/\/www.reconoce.mx\/\"},{\"@type\":\"ListItem\",\"position\":2,\"name\":\"Darren Criss visita por primera vez M\u00e9xico\"}]},{\"@type\":\"WebSite\",\"@id\":\"http:\/\/www.reconoce.mx\/#website\",\"url\":\"http:\/\/www.reconoce.mx\/\",\"name\":\"Reconoce MX\",\"description\":\"En Reconoce MX difundimos arte, cultura y conciencia social en M\u00e9xico. Tu ciudad en otra perspectiva.\",\"publisher\":{\"@id\":\"http:\/\/www.reconoce.mx\/#organization\"},\"potentialAction\":[{\"@type\":\"SearchAction\",\"target\":{\"@type\":\"EntryPoint\",\"urlTemplate\":\"http:\/\/www.reconoce.mx\/?s={search_term_string}\"},\"query-input\":{\"@type\":\"PropertyValueSpecification\",\"valueRequired\":true,\"valueName\":\"search_term_string\"}}],\"inLanguage\":\"es\"},{\"@type\":\"Organization\",\"@id\":\"http:\/\/www.reconoce.mx\/#organization\",\"name\":\"Reconoce MX\",\"url\":\"http:\/\/www.reconoce.mx\/\",\"logo\":{\"@type\":\"ImageObject\",\"inLanguage\":\"es\",\"@id\":\"http:\/\/www.reconoce.mx\/#\/schema\/logo\/image\/\",\"url\":\"https:\/\/www.reconoce.mx\/wp-content\/uploads\/2019\/03\/logorcmx-good-1.png\",\"contentUrl\":\"https:\/\/www.reconoce.mx\/wp-content\/uploads\/2019\/03\/logorcmx-good-1.png\",\"width\":280,\"height\":90,\"caption\":\"Reconoce MX\"},\"image\":{\"@id\":\"http:\/\/www.reconoce.mx\/#\/schema\/logo\/image\/\"},\"sameAs\":[\"https:\/\/es-la.facebook.com\/ReconoceMX\/\",\"https:\/\/x.com\/reconocemx\",\"http:\/\/@reconocemx\"]},{\"@type\":\"Person\",\"@id\":\"http:\/\/www.reconoce.mx\/#\/schema\/person\/2117e997d7051dc15d6880eaf9bca0b2\",\"name\":\"Reconoce MX\",\"image\":{\"@type\":\"ImageObject\",\"inLanguage\":\"es\",\"@id\":\"http:\/\/www.reconoce.mx\/#\/schema\/person\/image\/\",\"url\":\"https:\/\/secure.gravatar.com\/avatar\/6c8d4dc7569ca1c90c5fdcc349f839d5ddef6fe1e70b4337ead2ef1a4c43fc3a?s=96&d=identicon&r=g\",\"contentUrl\":\"https:\/\/secure.gravatar.com\/avatar\/6c8d4dc7569ca1c90c5fdcc349f839d5ddef6fe1e70b4337ead2ef1a4c43fc3a?s=96&d=identicon&r=g\",\"caption\":\"Reconoce MX\"},\"description\":\"Reconoce MX es un proyecto de difusi\u00f3n art\u00edstica, cultural y de conciencia social que est\u00e1 enfocado a difundir y fomentar el entretenimiento alternativo de calidad para todo el p\u00fablico que comparta el mismo entusiasmo.\",\"sameAs\":[\"http:\/\/www.reconoce.mx\"],\"url\":\"https:\/\/www.reconoce.mx\/?author=2\"}]}<\/script>\n<!-- \/ Yoast SEO plugin. -->","yoast_head_json":{"title":"Darren Criss visita por primera vez M\u00e9xico &#171; Reconoce MX","robots":{"index":"index","follow":"follow","max-snippet":"max-snippet:-1","max-image-preview":"max-image-preview:large","max-video-preview":"max-video-preview:-1"},"canonical":"https:\/\/www.reconoce.mx\/?p=71711","og_locale":"es_ES","og_type":"article","og_title":"Darren Criss visita por primera vez M\u00e9xico &#171; Reconoce MX","og_description":"El pr\u00f3ximo 31 de marzo y 1 de abril, disfrutaremos de la melancol\u00eda \u2013y a su vez, romanticismo\u2013 de Darren Criss, quien visita por primera vez M\u00e9xico para presentarse en El Plaza Condesa.","og_url":"https:\/\/www.reconoce.mx\/?p=71711","og_site_name":"Reconoce MX","article_publisher":"https:\/\/es-la.facebook.com\/ReconoceMX\/","article_published_time":"2018-03-27T06:01:36+00:00","article_modified_time":"2018-03-30T20:52:54+00:00","og_image":[{"width":590,"height":380,"url":"https:\/\/www.reconoce.mx\/wp-content\/uploads\/2018\/03\/darren-criss.jpg","type":"image\/jpeg"}],"author":"Reconoce MX","twitter_card":"summary_large_image","twitter_creator":"@reconocemx","twitter_site":"@reconocemx","twitter_misc":{"Escrito por":"Reconoce MX","Tiempo de lectura":"1 minuto"},"schema":{"@context":"https:\/\/schema.org","@graph":[{"@type":"Article","@id":"https:\/\/www.reconoce.mx\/?p=71711#article","isPartOf":{"@id":"https:\/\/www.reconoce.mx\/?p=71711"},"author":{"name":"Reconoce MX","@id":"http:\/\/www.reconoce.mx\/#\/schema\/person\/2117e997d7051dc15d6880eaf9bca0b2"},"headline":"Darren Criss visita por primera vez M\u00e9xico","datePublished":"2018-03-27T06:01:36+00:00","dateModified":"2018-03-30T20:52:54+00:00","mainEntityOfPage":{"@id":"https:\/\/www.reconoce.mx\/?p=71711"},"wordCount":237,"commentCount":0,"publisher":{"@id":"http:\/\/www.reconoce.mx\/#organization"},"image":{"@id":"https:\/\/www.reconoce.mx\/?p=71711#primaryimage"},"thumbnailUrl":"https:\/\/www.reconoce.mx\/wp-content\/uploads\/2018\/03\/darren-criss.jpg","articleSection":["Cultura","M\u00fasica","Principal"],"inLanguage":"es","potentialAction":[{"@type":"CommentAction","name":"Comment","target":["https:\/\/www.reconoce.mx\/?p=71711#respond"]}]},{"@type":"WebPage","@id":"https:\/\/www.reconoce.mx\/?p=71711","url":"https:\/\/www.reconoce.mx\/?p=71711","name":"Darren Criss visita por primera vez M\u00e9xico &#171; Reconoce MX","isPartOf":{"@id":"http:\/\/www.reconoce.mx\/#website"},"primaryImageOfPage":{"@id":"https:\/\/www.reconoce.mx\/?p=71711#primaryimage"},"image":{"@id":"https:\/\/www.reconoce.mx\/?p=71711#primaryimage"},"thumbnailUrl":"https:\/\/www.reconoce.mx\/wp-content\/uploads\/2018\/03\/darren-criss.jpg","datePublished":"2018-03-27T06:01:36+00:00","dateModified":"2018-03-30T20:52:54+00:00","breadcrumb":{"@id":"https:\/\/www.reconoce.mx\/?p=71711#breadcrumb"},"inLanguage":"es","potentialAction":[{"@type":"ReadAction","target":["https:\/\/www.reconoce.mx\/?p=71711"]}]},{"@type":"ImageObject","inLanguage":"es","@id":"https:\/\/www.reconoce.mx\/?p=71711#primaryimage","url":"https:\/\/www.reconoce.mx\/wp-content\/uploads\/2018\/03\/darren-criss.jpg","contentUrl":"https:\/\/www.reconoce.mx\/wp-content\/uploads\/2018\/03\/darren-criss.jpg","width":590,"height":380},{"@type":"BreadcrumbList","@id":"https:\/\/www.reconoce.mx\/?p=71711#breadcrumb","itemListElement":[{"@type":"ListItem","position":1,"name":"Portada","item":"http:\/\/www.reconoce.mx\/"},{"@type":"ListItem","position":2,"name":"Darren Criss visita por primera vez M\u00e9xico"}]},{"@type":"WebSite","@id":"http:\/\/www.reconoce.mx\/#website","url":"http:\/\/www.reconoce.mx\/","name":"Reconoce MX","description":"En Reconoce MX difundimos arte, cultura y conciencia social en M\u00e9xico. Tu ciudad en otra perspectiva.","publisher":{"@id":"http:\/\/www.reconoce.mx\/#organization"},"potentialAction":[{"@type":"SearchAction","target":{"@type":"EntryPoint","urlTemplate":"http:\/\/www.reconoce.mx\/?s={search_term_string}"},"query-input":{"@type":"PropertyValueSpecification","valueRequired":true,"valueName":"search_term_string"}}],"inLanguage":"es"},{"@type":"Organization","@id":"http:\/\/www.reconoce.mx\/#organization","name":"Reconoce MX","url":"http:\/\/www.reconoce.mx\/","logo":{"@type":"ImageObject","inLanguage":"es","@id":"http:\/\/www.reconoce.mx\/#\/schema\/logo\/image\/","url":"https:\/\/www.reconoce.mx\/wp-content\/uploads\/2019\/03\/logorcmx-good-1.png","contentUrl":"https:\/\/www.reconoce.mx\/wp-content\/uploads\/2019\/03\/logorcmx-good-1.png","width":280,"height":90,"caption":"Reconoce MX"},"image":{"@id":"http:\/\/www.reconoce.mx\/#\/schema\/logo\/image\/"},"sameAs":["https:\/\/es-la.facebook.com\/ReconoceMX\/","https:\/\/x.com\/reconocemx","http:\/\/@reconocemx"]},{"@type":"Person","@id":"http:\/\/www.reconoce.mx\/#\/schema\/person\/2117e997d7051dc15d6880eaf9bca0b2","name":"Reconoce MX","image":{"@type":"ImageObject","inLanguage":"es","@id":"http:\/\/www.reconoce.mx\/#\/schema\/person\/image\/","url":"https:\/\/secure.gravatar.com\/avatar\/6c8d4dc7569ca1c90c5fdcc349f839d5ddef6fe1e70b4337ead2ef1a4c43fc3a?s=96&d=identicon&r=g","contentUrl":"https:\/\/secure.gravatar.com\/avatar\/6c8d4dc7569ca1c90c5fdcc349f839d5ddef6fe1e70b4337ead2ef1a4c43fc3a?s=96&d=identicon&r=g","caption":"Reconoce MX"},"description":"Reconoce MX es un proyecto de difusi\u00f3n art\u00edstica, cultural y de conciencia social que est\u00e1 enfocado a difundir y fomentar el entretenimiento alternativo de calidad para todo el p\u00fablico que comparta el mismo entusiasmo.","sameAs":["http:\/\/www.reconoce.mx"],"url":"https:\/\/www.reconoce.mx\/?author=2"}]}},"_links":{"self":[{"href":"https:\/\/www.reconoce.mx\/index.php?rest_route=\/wp\/v2\/posts\/71711","targetHints":{"allow":["GET"]}}],"collection":[{"href":"https:\/\/www.reconoce.mx\/index.php?rest_route=\/wp\/v2\/posts"}],"about":[{"href":"https:\/\/www.reconoce.mx\/index.php?rest_route=\/wp\/v2\/types\/post"}],"author":[{"embeddable":true,"href":"https:\/\/www.reconoce.mx\/index.php?rest_route=\/wp\/v2\/users\/2"}],"replies":[{"embeddable":true,"href":"https:\/\/www.reconoce.mx\/index.php?rest_route=%2Fwp%2Fv2%2Fcomments&post=71711"}],"version-history":[{"count":2,"href":"https:\/\/www.reconoce.mx\/index.php?rest_route=\/wp\/v2\/posts\/71711\/revisions"}],"predecessor-version":[{"id":71892,"href":"https:\/\/www.reconoce.mx\/index.php?rest_route=\/wp\/v2\/posts\/71711\/revisions\/71892"}],"wp:featuredmedia":[{"embeddable":true,"href":"https:\/\/www.reconoce.mx\/index.php?rest_route=\/wp\/v2\/media\/71712"}],"wp:attachment":[{"href":"https:\/\/www.reconoce.mx\/index.php?rest_route=%2Fwp%2Fv2%2Fmedia&parent=71711"}],"wp:term":[{"taxonomy":"category","embeddable":true,"href":"https:\/\/www.reconoce.mx\/index.php?rest_route=%2Fwp%2Fv2%2Fcategories&post=71711"},{"taxonomy":"post_tag","embeddable":true,"href":"https:\/\/www.reconoce.mx\/index.php?rest_route=%2Fwp%2Fv2%2Ftags&post=71711"}],"curies":[{"name":"wp","href":"https:\/\/api.w.org\/{rel}","templated":true}]}}