{"id":71715,"date":"2018-03-27T00:02:11","date_gmt":"2018-03-27T06:02:11","guid":{"rendered":"http:\/\/www.reconoce.mx\/?p=71715"},"modified":"2018-03-27T00:27:41","modified_gmt":"2018-03-27T06:27:41","slug":"pal-norte-2018-quinta-edicion-que-se-anticipa-perrona","status":"publish","type":"post","link":"https:\/\/www.reconoce.mx\/?p=71715","title":{"rendered":"Pa&#8217;l Norte 2018: quinta edici\u00f3n que se anticipa perrona"},"content":{"rendered":"<p><strong>Por <a href=\"https:\/\/twitter.com\/YessicaDaniels\" target=\"_blank\" rel=\"noopener\">Yessica Daniels<\/a><\/strong>.<\/p>\n<p>Si has visitado Monterrey en los \u00faltimos a\u00f1os, podr\u00e1s haber notado que adem\u00e1s de monta\u00f1as que rodean la ciudad, carnes asadas, los partidos de \u00abbeis\u00bb, el cl\u00e1sico regiomontano y las personas \u00abbuena onda\u00bb, algunas de las cosas que han dado de qu\u00e9 hablar en toda la rep\u00fablica mexicana son sus festivales de m\u00fasica.<\/p>\n<p><a href=\"http:\/\/www.reconoce.mx\/wp-content\/uploads\/2018\/03\/poster_oficial_pal_norte_2018.png_2024228193.png\"><img loading=\"lazy\" decoding=\"async\" class=\"aligncenter size-full wp-image-71717\" src=\"http:\/\/www.reconoce.mx\/wp-content\/uploads\/2018\/03\/poster_oficial_pal_norte_2018.png_2024228193.png\" alt=\"\" width=\"1000\" height=\"1501\" srcset=\"https:\/\/www.reconoce.mx\/wp-content\/uploads\/2018\/03\/poster_oficial_pal_norte_2018.png_2024228193.png 1000w, https:\/\/www.reconoce.mx\/wp-content\/uploads\/2018\/03\/poster_oficial_pal_norte_2018.png_2024228193-200x300.png 200w, https:\/\/www.reconoce.mx\/wp-content\/uploads\/2018\/03\/poster_oficial_pal_norte_2018.png_2024228193-768x1153.png 768w, https:\/\/www.reconoce.mx\/wp-content\/uploads\/2018\/03\/poster_oficial_pal_norte_2018.png_2024228193-682x1024.png 682w, https:\/\/www.reconoce.mx\/wp-content\/uploads\/2018\/03\/poster_oficial_pal_norte_2018.png_2024228193-150x225.png 150w, https:\/\/www.reconoce.mx\/wp-content\/uploads\/2018\/03\/poster_oficial_pal_norte_2018.png_2024228193-700x1051.png 700w, https:\/\/www.reconoce.mx\/wp-content\/uploads\/2018\/03\/poster_oficial_pal_norte_2018.png_2024228193-658x988.png 658w, https:\/\/www.reconoce.mx\/wp-content\/uploads\/2018\/03\/poster_oficial_pal_norte_2018.png_2024228193-300x450.png 300w\" sizes=\"auto, (max-width: 1000px) 100vw, 1000px\" \/><\/a><\/p>\n<p>S\u00ed, aunque no lo creas, en los \u00faltimos a\u00f1os el norte nos ha dado grandes lecciones de c\u00f3mo se deben hacer los festivales musicales, y un ejemplo de ello es el festival <strong>Pa&#8217;l Norte<\/strong> que este 2018 cumple 5 a\u00f1otes. Fue en el a\u00f1o 2012, su primera edici\u00f3n, cuando hizo felices a los cientos de regios que agradecieron enormemente a los promotores que pensaran en ellos, ya que en muchas ocasiones ten\u00edan que trasladarse a Ciudad de M\u00e9xico para ver el acto en vivo de sus bandas favoritas.<\/p>\n<p>Con la inclusi\u00f3n de bandas nacionales, latinoam\u00e9ricanas e internaciones, en sus carteles hemos visto desfilar a bandas como <strong>Foster The People<\/strong>, <strong>Snoop Dog<\/strong>, <strong>Allison<\/strong>, <strong>Kinky<\/strong>, <strong>Zo\u00e9<\/strong>, <strong>El Gran Silencio<\/strong>, <strong>Enrique Bunbury<\/strong>, <strong>Molotov<\/strong>, <strong>The Kooks<\/strong>, <strong>Garbage<\/strong>, <strong>Imagine Dragons<\/strong>, <strong>The Killers<\/strong>, <strong>Placebo<\/strong>, solo por mencionar algunos.<\/p>\n<p>Mostrando un estilo que va desde incluir en sus escenarios tanto a bandas leyenda como a los nuevos artistas del g\u00e9nero urbano; as\u00ed como un escenario de sorpresas, que aunque tan solo se presenten con una canci\u00f3n, nos ha permitido ver desfilar a artistas como <strong>Nigga<\/strong>, <strong>Las Ketchup<\/strong>, <strong>Emmanuel<\/strong>, etc.<\/p>\n<p>Con el paso de los a\u00f1os el <strong>Pa&#8217;l Norte<\/strong> se ha consolidado como uno de los favoritos no solo de los regios, sino de todos aquellos en el pa\u00eds que viajan cientos de kil\u00f3metros para ser parte del evento.<\/p>\n<p>Este 2018 el cartel no se queda atr\u00e1s, ya que podremos presenciar los actos en vivo de <strong>MUSE<\/strong>, <strong>Queens of the Stone Age<\/strong>, <strong>Zo\u00e9<\/strong>, <strong>Bunbury<\/strong>, <strong>Justice<\/strong>, <strong>Franz Ferdinand<\/strong>, <strong>Richard Ashcroft<\/strong>, <strong>Molotov<\/strong>, <strong>Los Aut\u00e9nticos Decadentes<\/strong>, <strong>Fobia<\/strong>, <strong>Pante\u00f3n Rococo<\/strong>, <strong>Natalia Lafourcade<\/strong>, <strong>MORAT<\/strong>, <strong>Band of Horses<\/strong>, <strong>Don Diablo<\/strong>, <strong>Cheat Codes<\/strong>, <strong>Farruko<\/strong>, <strong>DLD<\/strong>, <strong>Enjambre<\/strong>, <strong>Sebastian Yatra<\/strong>, <strong>Divisi\u00f3n Min\u00fascula<\/strong>, <strong>Gondwana<\/strong>, <strong>El Gran Silencio<\/strong>, <strong>Nothing but Thieves<\/strong>, <strong>Miranda!<\/strong>, <strong>Bersuit Vergarabat<\/strong>, <strong>Mike Perry<\/strong>, <strong>Gryffin<\/strong>, <strong>Autograf<\/strong>, <strong>Camilo VII<\/strong>, <strong>Monsieur Perine<\/strong>, <strong>Zona Ganjah<\/strong>, <strong>Jillionare<\/strong>, <strong>SNBRN<\/strong>, <strong>Rey Pila<\/strong>, <strong>Jonaz<\/strong>, <strong>Costera<\/strong>, <strong>Pate de Fua<\/strong>, <strong>Elsa y Elmar<\/strong>, <strong>Volovan<\/strong>, <strong>The Knocks<\/strong>, <strong>Lauren Lane<\/strong>, <strong>La Vida Boheme<\/strong>, <strong>Izal<\/strong>, <strong>Sabino<\/strong>, <strong>Ghetto Kids<\/strong>, <strong>Win &amp; Woo<\/strong>, <strong>MADDS<\/strong>, <strong>Future Feelings<\/strong>, <strong>Gil Montiel<\/strong>,<strong> Chelsea Leyland<\/strong>, <strong>Ilse Hendrix<\/strong>, <strong>Lujavo<\/strong>,<strong> Fancy Folks<\/strong>, <strong>Ambroz<\/strong>, <strong>Israel Torres<\/strong>, <strong>Marcelo Gamboa<\/strong>, <strong>MAWBB<\/strong>, <strong>BRONCOWAVE<\/strong>, <strong>Nurrydog<\/strong>, <strong>Leon Leiden<\/strong>, <strong>Armi Diamonds<\/strong>, <strong>The Last Internationale<\/strong>, <strong>Los de Abajo<\/strong>, <strong>Comisario Pantera<\/strong> y m\u00e1s.<\/p>\n<p>El lugar en donde se hace este magno evento es el <strong>Parque Fundidora<\/strong> (Avenida Fundidora y Adolfo Prieto S\/N, Obrera, 64010 Monterrey, N.L.). Aunque los boletos se encuentran ya agotados, ya que las diferentes fases se terminaron muy temprano, te recomendamos buscar algunos tours en Ciudad de M\u00e9xico que incluyen boleto y alojamiento, ya que son dos d\u00edas de actividades. Si eres regio recuerda no comprar en la reventa; mejor busca entre tus conocidos, tal vez llegue un milagro.<\/p>\n<p>&nbsp;<\/p>\n<p>&nbsp;<\/p>\n","protected":false},"excerpt":{"rendered":"<p>Si has visitado Monterrey en los \u00faltimos a\u00f1os, podr\u00e1s haber notado que adem\u00e1s de monta\u00f1as que rodean la ciudad, carnes asadas, los partidos de \u00abbeis\u00bb, el cl\u00e1sico regiomontano y las personas \u00abbuena onda\u00bb, algunas de las cosas que han dado de qu\u00e9 hablar en toda la rep\u00fablica mexicana son sus festivales de m\u00fasica.<\/p>\n","protected":false},"author":2,"featured_media":71716,"comment_status":"open","ping_status":"open","sticky":false,"template":"","format":"standard","meta":{"footnotes":""},"categories":[1,18,17],"tags":[],"class_list":["post-71715","post","type-post","status-publish","format-standard","has-post-thumbnail","hentry","category-cultura","category-musica","category-principal"],"yoast_head":"<!-- This site is optimized with the Yoast SEO plugin v24.7 - https:\/\/yoast.com\/wordpress\/plugins\/seo\/ -->\n<title>Pa&#039;l Norte 2018: quinta edici\u00f3n que se anticipa perrona &#171; Reconoce MX<\/title>\n<meta name=\"robots\" content=\"index, follow, max-snippet:-1, max-image-preview:large, max-video-preview:-1\" \/>\n<link rel=\"canonical\" href=\"https:\/\/www.reconoce.mx\/?p=71715\" \/>\n<meta property=\"og:locale\" content=\"es_ES\" \/>\n<meta property=\"og:type\" content=\"article\" \/>\n<meta property=\"og:title\" content=\"Pa&#039;l Norte 2018: quinta edici\u00f3n que se anticipa perrona &#171; Reconoce MX\" \/>\n<meta property=\"og:description\" content=\"Si has visitado Monterrey en los \u00faltimos a\u00f1os, podr\u00e1s haber notado que adem\u00e1s de monta\u00f1as que rodean la ciudad, carnes asadas, los partidos de &quot;beis&quot;, el cl\u00e1sico regiomontano y las personas &quot;buena onda&quot;, algunas de las cosas que han dado de qu\u00e9 hablar en toda la rep\u00fablica mexicana son sus festivales de m\u00fasica.\" \/>\n<meta property=\"og:url\" content=\"https:\/\/www.reconoce.mx\/?p=71715\" \/>\n<meta property=\"og:site_name\" content=\"Reconoce MX\" \/>\n<meta property=\"article:publisher\" content=\"https:\/\/es-la.facebook.com\/ReconoceMX\/\" \/>\n<meta property=\"article:published_time\" content=\"2018-03-27T06:02:11+00:00\" \/>\n<meta property=\"article:modified_time\" content=\"2018-03-27T06:27:41+00:00\" \/>\n<meta property=\"og:image\" content=\"https:\/\/www.reconoce.mx\/wp-content\/uploads\/2018\/03\/pal-norte-2018.jpg\" \/>\n\t<meta property=\"og:image:width\" content=\"590\" \/>\n\t<meta property=\"og:image:height\" content=\"380\" \/>\n\t<meta property=\"og:image:type\" content=\"image\/jpeg\" \/>\n<meta name=\"author\" content=\"Reconoce MX\" \/>\n<meta name=\"twitter:card\" content=\"summary_large_image\" \/>\n<meta name=\"twitter:creator\" content=\"@reconocemx\" \/>\n<meta name=\"twitter:site\" content=\"@reconocemx\" \/>\n<meta name=\"twitter:label1\" content=\"Escrito por\" \/>\n\t<meta name=\"twitter:data1\" content=\"Reconoce MX\" \/>\n\t<meta name=\"twitter:label2\" content=\"Tiempo de lectura\" \/>\n\t<meta name=\"twitter:data2\" content=\"3 minutos\" \/>\n<script type=\"application\/ld+json\" class=\"yoast-schema-graph\">{\"@context\":\"https:\/\/schema.org\",\"@graph\":[{\"@type\":\"Article\",\"@id\":\"https:\/\/www.reconoce.mx\/?p=71715#article\",\"isPartOf\":{\"@id\":\"https:\/\/www.reconoce.mx\/?p=71715\"},\"author\":{\"name\":\"Reconoce MX\",\"@id\":\"http:\/\/www.reconoce.mx\/#\/schema\/person\/2117e997d7051dc15d6880eaf9bca0b2\"},\"headline\":\"Pa&#8217;l Norte 2018: quinta edici\u00f3n que se anticipa perrona\",\"datePublished\":\"2018-03-27T06:02:11+00:00\",\"dateModified\":\"2018-03-27T06:27:41+00:00\",\"mainEntityOfPage\":{\"@id\":\"https:\/\/www.reconoce.mx\/?p=71715\"},\"wordCount\":528,\"commentCount\":0,\"publisher\":{\"@id\":\"http:\/\/www.reconoce.mx\/#organization\"},\"image\":{\"@id\":\"https:\/\/www.reconoce.mx\/?p=71715#primaryimage\"},\"thumbnailUrl\":\"https:\/\/www.reconoce.mx\/wp-content\/uploads\/2018\/03\/pal-norte-2018.jpg\",\"articleSection\":[\"Cultura\",\"M\u00fasica\",\"Principal\"],\"inLanguage\":\"es\",\"potentialAction\":[{\"@type\":\"CommentAction\",\"name\":\"Comment\",\"target\":[\"https:\/\/www.reconoce.mx\/?p=71715#respond\"]}]},{\"@type\":\"WebPage\",\"@id\":\"https:\/\/www.reconoce.mx\/?p=71715\",\"url\":\"https:\/\/www.reconoce.mx\/?p=71715\",\"name\":\"Pa'l Norte 2018: quinta edici\u00f3n que se anticipa perrona &#171; Reconoce MX\",\"isPartOf\":{\"@id\":\"http:\/\/www.reconoce.mx\/#website\"},\"primaryImageOfPage\":{\"@id\":\"https:\/\/www.reconoce.mx\/?p=71715#primaryimage\"},\"image\":{\"@id\":\"https:\/\/www.reconoce.mx\/?p=71715#primaryimage\"},\"thumbnailUrl\":\"https:\/\/www.reconoce.mx\/wp-content\/uploads\/2018\/03\/pal-norte-2018.jpg\",\"datePublished\":\"2018-03-27T06:02:11+00:00\",\"dateModified\":\"2018-03-27T06:27:41+00:00\",\"breadcrumb\":{\"@id\":\"https:\/\/www.reconoce.mx\/?p=71715#breadcrumb\"},\"inLanguage\":\"es\",\"potentialAction\":[{\"@type\":\"ReadAction\",\"target\":[\"https:\/\/www.reconoce.mx\/?p=71715\"]}]},{\"@type\":\"ImageObject\",\"inLanguage\":\"es\",\"@id\":\"https:\/\/www.reconoce.mx\/?p=71715#primaryimage\",\"url\":\"https:\/\/www.reconoce.mx\/wp-content\/uploads\/2018\/03\/pal-norte-2018.jpg\",\"contentUrl\":\"https:\/\/www.reconoce.mx\/wp-content\/uploads\/2018\/03\/pal-norte-2018.jpg\",\"width\":590,\"height\":380},{\"@type\":\"BreadcrumbList\",\"@id\":\"https:\/\/www.reconoce.mx\/?p=71715#breadcrumb\",\"itemListElement\":[{\"@type\":\"ListItem\",\"position\":1,\"name\":\"Portada\",\"item\":\"http:\/\/www.reconoce.mx\/\"},{\"@type\":\"ListItem\",\"position\":2,\"name\":\"Pa&#8217;l Norte 2018: quinta edici\u00f3n que se anticipa perrona\"}]},{\"@type\":\"WebSite\",\"@id\":\"http:\/\/www.reconoce.mx\/#website\",\"url\":\"http:\/\/www.reconoce.mx\/\",\"name\":\"Reconoce MX\",\"description\":\"En Reconoce MX difundimos arte, cultura y conciencia social en M\u00e9xico. Tu ciudad en otra perspectiva.\",\"publisher\":{\"@id\":\"http:\/\/www.reconoce.mx\/#organization\"},\"potentialAction\":[{\"@type\":\"SearchAction\",\"target\":{\"@type\":\"EntryPoint\",\"urlTemplate\":\"http:\/\/www.reconoce.mx\/?s={search_term_string}\"},\"query-input\":{\"@type\":\"PropertyValueSpecification\",\"valueRequired\":true,\"valueName\":\"search_term_string\"}}],\"inLanguage\":\"es\"},{\"@type\":\"Organization\",\"@id\":\"http:\/\/www.reconoce.mx\/#organization\",\"name\":\"Reconoce MX\",\"url\":\"http:\/\/www.reconoce.mx\/\",\"logo\":{\"@type\":\"ImageObject\",\"inLanguage\":\"es\",\"@id\":\"http:\/\/www.reconoce.mx\/#\/schema\/logo\/image\/\",\"url\":\"https:\/\/www.reconoce.mx\/wp-content\/uploads\/2019\/03\/logorcmx-good-1.png\",\"contentUrl\":\"https:\/\/www.reconoce.mx\/wp-content\/uploads\/2019\/03\/logorcmx-good-1.png\",\"width\":280,\"height\":90,\"caption\":\"Reconoce MX\"},\"image\":{\"@id\":\"http:\/\/www.reconoce.mx\/#\/schema\/logo\/image\/\"},\"sameAs\":[\"https:\/\/es-la.facebook.com\/ReconoceMX\/\",\"https:\/\/x.com\/reconocemx\",\"http:\/\/@reconocemx\"]},{\"@type\":\"Person\",\"@id\":\"http:\/\/www.reconoce.mx\/#\/schema\/person\/2117e997d7051dc15d6880eaf9bca0b2\",\"name\":\"Reconoce MX\",\"image\":{\"@type\":\"ImageObject\",\"inLanguage\":\"es\",\"@id\":\"http:\/\/www.reconoce.mx\/#\/schema\/person\/image\/\",\"url\":\"https:\/\/secure.gravatar.com\/avatar\/6c8d4dc7569ca1c90c5fdcc349f839d5ddef6fe1e70b4337ead2ef1a4c43fc3a?s=96&d=identicon&r=g\",\"contentUrl\":\"https:\/\/secure.gravatar.com\/avatar\/6c8d4dc7569ca1c90c5fdcc349f839d5ddef6fe1e70b4337ead2ef1a4c43fc3a?s=96&d=identicon&r=g\",\"caption\":\"Reconoce MX\"},\"description\":\"Reconoce MX es un proyecto de difusi\u00f3n art\u00edstica, cultural y de conciencia social que est\u00e1 enfocado a difundir y fomentar el entretenimiento alternativo de calidad para todo el p\u00fablico que comparta el mismo entusiasmo.\",\"sameAs\":[\"http:\/\/www.reconoce.mx\"],\"url\":\"https:\/\/www.reconoce.mx\/?author=2\"}]}<\/script>\n<!-- \/ Yoast SEO plugin. -->","yoast_head_json":{"title":"Pa'l Norte 2018: quinta edici\u00f3n que se anticipa perrona &#171; Reconoce MX","robots":{"index":"index","follow":"follow","max-snippet":"max-snippet:-1","max-image-preview":"max-image-preview:large","max-video-preview":"max-video-preview:-1"},"canonical":"https:\/\/www.reconoce.mx\/?p=71715","og_locale":"es_ES","og_type":"article","og_title":"Pa'l Norte 2018: quinta edici\u00f3n que se anticipa perrona &#171; Reconoce MX","og_description":"Si has visitado Monterrey en los \u00faltimos a\u00f1os, podr\u00e1s haber notado que adem\u00e1s de monta\u00f1as que rodean la ciudad, carnes asadas, los partidos de \"beis\", el cl\u00e1sico regiomontano y las personas \"buena onda\", algunas de las cosas que han dado de qu\u00e9 hablar en toda la rep\u00fablica mexicana son sus festivales de m\u00fasica.","og_url":"https:\/\/www.reconoce.mx\/?p=71715","og_site_name":"Reconoce MX","article_publisher":"https:\/\/es-la.facebook.com\/ReconoceMX\/","article_published_time":"2018-03-27T06:02:11+00:00","article_modified_time":"2018-03-27T06:27:41+00:00","og_image":[{"width":590,"height":380,"url":"https:\/\/www.reconoce.mx\/wp-content\/uploads\/2018\/03\/pal-norte-2018.jpg","type":"image\/jpeg"}],"author":"Reconoce MX","twitter_card":"summary_large_image","twitter_creator":"@reconocemx","twitter_site":"@reconocemx","twitter_misc":{"Escrito por":"Reconoce MX","Tiempo de lectura":"3 minutos"},"schema":{"@context":"https:\/\/schema.org","@graph":[{"@type":"Article","@id":"https:\/\/www.reconoce.mx\/?p=71715#article","isPartOf":{"@id":"https:\/\/www.reconoce.mx\/?p=71715"},"author":{"name":"Reconoce MX","@id":"http:\/\/www.reconoce.mx\/#\/schema\/person\/2117e997d7051dc15d6880eaf9bca0b2"},"headline":"Pa&#8217;l Norte 2018: quinta edici\u00f3n que se anticipa perrona","datePublished":"2018-03-27T06:02:11+00:00","dateModified":"2018-03-27T06:27:41+00:00","mainEntityOfPage":{"@id":"https:\/\/www.reconoce.mx\/?p=71715"},"wordCount":528,"commentCount":0,"publisher":{"@id":"http:\/\/www.reconoce.mx\/#organization"},"image":{"@id":"https:\/\/www.reconoce.mx\/?p=71715#primaryimage"},"thumbnailUrl":"https:\/\/www.reconoce.mx\/wp-content\/uploads\/2018\/03\/pal-norte-2018.jpg","articleSection":["Cultura","M\u00fasica","Principal"],"inLanguage":"es","potentialAction":[{"@type":"CommentAction","name":"Comment","target":["https:\/\/www.reconoce.mx\/?p=71715#respond"]}]},{"@type":"WebPage","@id":"https:\/\/www.reconoce.mx\/?p=71715","url":"https:\/\/www.reconoce.mx\/?p=71715","name":"Pa'l Norte 2018: quinta edici\u00f3n que se anticipa perrona &#171; Reconoce MX","isPartOf":{"@id":"http:\/\/www.reconoce.mx\/#website"},"primaryImageOfPage":{"@id":"https:\/\/www.reconoce.mx\/?p=71715#primaryimage"},"image":{"@id":"https:\/\/www.reconoce.mx\/?p=71715#primaryimage"},"thumbnailUrl":"https:\/\/www.reconoce.mx\/wp-content\/uploads\/2018\/03\/pal-norte-2018.jpg","datePublished":"2018-03-27T06:02:11+00:00","dateModified":"2018-03-27T06:27:41+00:00","breadcrumb":{"@id":"https:\/\/www.reconoce.mx\/?p=71715#breadcrumb"},"inLanguage":"es","potentialAction":[{"@type":"ReadAction","target":["https:\/\/www.reconoce.mx\/?p=71715"]}]},{"@type":"ImageObject","inLanguage":"es","@id":"https:\/\/www.reconoce.mx\/?p=71715#primaryimage","url":"https:\/\/www.reconoce.mx\/wp-content\/uploads\/2018\/03\/pal-norte-2018.jpg","contentUrl":"https:\/\/www.reconoce.mx\/wp-content\/uploads\/2018\/03\/pal-norte-2018.jpg","width":590,"height":380},{"@type":"BreadcrumbList","@id":"https:\/\/www.reconoce.mx\/?p=71715#breadcrumb","itemListElement":[{"@type":"ListItem","position":1,"name":"Portada","item":"http:\/\/www.reconoce.mx\/"},{"@type":"ListItem","position":2,"name":"Pa&#8217;l Norte 2018: quinta edici\u00f3n que se anticipa perrona"}]},{"@type":"WebSite","@id":"http:\/\/www.reconoce.mx\/#website","url":"http:\/\/www.reconoce.mx\/","name":"Reconoce MX","description":"En Reconoce MX difundimos arte, cultura y conciencia social en M\u00e9xico. Tu ciudad en otra perspectiva.","publisher":{"@id":"http:\/\/www.reconoce.mx\/#organization"},"potentialAction":[{"@type":"SearchAction","target":{"@type":"EntryPoint","urlTemplate":"http:\/\/www.reconoce.mx\/?s={search_term_string}"},"query-input":{"@type":"PropertyValueSpecification","valueRequired":true,"valueName":"search_term_string"}}],"inLanguage":"es"},{"@type":"Organization","@id":"http:\/\/www.reconoce.mx\/#organization","name":"Reconoce MX","url":"http:\/\/www.reconoce.mx\/","logo":{"@type":"ImageObject","inLanguage":"es","@id":"http:\/\/www.reconoce.mx\/#\/schema\/logo\/image\/","url":"https:\/\/www.reconoce.mx\/wp-content\/uploads\/2019\/03\/logorcmx-good-1.png","contentUrl":"https:\/\/www.reconoce.mx\/wp-content\/uploads\/2019\/03\/logorcmx-good-1.png","width":280,"height":90,"caption":"Reconoce MX"},"image":{"@id":"http:\/\/www.reconoce.mx\/#\/schema\/logo\/image\/"},"sameAs":["https:\/\/es-la.facebook.com\/ReconoceMX\/","https:\/\/x.com\/reconocemx","http:\/\/@reconocemx"]},{"@type":"Person","@id":"http:\/\/www.reconoce.mx\/#\/schema\/person\/2117e997d7051dc15d6880eaf9bca0b2","name":"Reconoce MX","image":{"@type":"ImageObject","inLanguage":"es","@id":"http:\/\/www.reconoce.mx\/#\/schema\/person\/image\/","url":"https:\/\/secure.gravatar.com\/avatar\/6c8d4dc7569ca1c90c5fdcc349f839d5ddef6fe1e70b4337ead2ef1a4c43fc3a?s=96&d=identicon&r=g","contentUrl":"https:\/\/secure.gravatar.com\/avatar\/6c8d4dc7569ca1c90c5fdcc349f839d5ddef6fe1e70b4337ead2ef1a4c43fc3a?s=96&d=identicon&r=g","caption":"Reconoce MX"},"description":"Reconoce MX es un proyecto de difusi\u00f3n art\u00edstica, cultural y de conciencia social que est\u00e1 enfocado a difundir y fomentar el entretenimiento alternativo de calidad para todo el p\u00fablico que comparta el mismo entusiasmo.","sameAs":["http:\/\/www.reconoce.mx"],"url":"https:\/\/www.reconoce.mx\/?author=2"}]}},"_links":{"self":[{"href":"https:\/\/www.reconoce.mx\/index.php?rest_route=\/wp\/v2\/posts\/71715","targetHints":{"allow":["GET"]}}],"collection":[{"href":"https:\/\/www.reconoce.mx\/index.php?rest_route=\/wp\/v2\/posts"}],"about":[{"href":"https:\/\/www.reconoce.mx\/index.php?rest_route=\/wp\/v2\/types\/post"}],"author":[{"embeddable":true,"href":"https:\/\/www.reconoce.mx\/index.php?rest_route=\/wp\/v2\/users\/2"}],"replies":[{"embeddable":true,"href":"https:\/\/www.reconoce.mx\/index.php?rest_route=%2Fwp%2Fv2%2Fcomments&post=71715"}],"version-history":[{"count":2,"href":"https:\/\/www.reconoce.mx\/index.php?rest_route=\/wp\/v2\/posts\/71715\/revisions"}],"predecessor-version":[{"id":71719,"href":"https:\/\/www.reconoce.mx\/index.php?rest_route=\/wp\/v2\/posts\/71715\/revisions\/71719"}],"wp:featuredmedia":[{"embeddable":true,"href":"https:\/\/www.reconoce.mx\/index.php?rest_route=\/wp\/v2\/media\/71716"}],"wp:attachment":[{"href":"https:\/\/www.reconoce.mx\/index.php?rest_route=%2Fwp%2Fv2%2Fmedia&parent=71715"}],"wp:term":[{"taxonomy":"category","embeddable":true,"href":"https:\/\/www.reconoce.mx\/index.php?rest_route=%2Fwp%2Fv2%2Fcategories&post=71715"},{"taxonomy":"post_tag","embeddable":true,"href":"https:\/\/www.reconoce.mx\/index.php?rest_route=%2Fwp%2Fv2%2Ftags&post=71715"}],"curies":[{"name":"wp","href":"https:\/\/api.w.org\/{rel}","templated":true}]}}