{"id":71737,"date":"2018-03-27T00:05:18","date_gmt":"2018-03-27T06:05:18","guid":{"rendered":"http:\/\/www.reconoce.mx\/?p=71737"},"modified":"2018-03-27T13:19:26","modified_gmt":"2018-03-27T19:19:26","slug":"64muestra-la-maldicion-de-thelma","status":"publish","type":"post","link":"https:\/\/www.reconoce.mx\/?p=71737","title":{"rendered":"#64Muestra: \u00abLa maldici\u00f3n de Thelma\u00bb"},"content":{"rendered":"<p><strong> Por <a title=\"@AsfaltosTweets\" href=\"http:\/\/twitter.com\/AsfaltosTweets\" target=\"_blank\" rel=\"noopener noreferrer\" data-slimstat-type=\"0\" data-slimstat-callback=\"false\" data-slimstat-tracking=\"true\">Asfaltos<\/a><\/strong>.<\/p>\n<p>No cabe duda que tener la <a href=\"http:\/\/www.reconoce.mx\/la-cita-esperada-llega-la-64-muestra-internacional-de-cine\/\" target=\"_blank\" rel=\"noopener\"><strong>64 Muestra Internacional de Cine en Cineteca Nacional<\/strong><\/a> -y pr\u00f3ximamente en otras salas de la capital mexicana y del pa\u00eds-, es un alivio. En medio de la marea que significa la casi siempre poco interesante cartelera de cine comercial, la propuesta f\u00edlmica del fest\u00edn cinematogr\u00e1fico por excelencia es una vez m\u00e1s de gran calidad. La variedad es tambi\u00e9n amplia, muestra de ello es la recomendaci\u00f3n de hoy: \u00abLa maldici\u00f3n de Thelma\u00bb (2017).<\/p>\n<p><a href=\"http:\/\/www.reconoce.mx\/wp-content\/uploads\/2018\/03\/maldici\u00f3n-thelma-poster.jpg\"><img loading=\"lazy\" decoding=\"async\" class=\"aligncenter size-full wp-image-71741\" src=\"http:\/\/www.reconoce.mx\/wp-content\/uploads\/2018\/03\/maldici\u00f3n-thelma-poster.jpg\" alt=\"\" width=\"711\" height=\"1019\" srcset=\"https:\/\/www.reconoce.mx\/wp-content\/uploads\/2018\/03\/maldici\u00f3n-thelma-poster.jpg 711w, https:\/\/www.reconoce.mx\/wp-content\/uploads\/2018\/03\/maldici\u00f3n-thelma-poster-209x300.jpg 209w, https:\/\/www.reconoce.mx\/wp-content\/uploads\/2018\/03\/maldici\u00f3n-thelma-poster-150x215.jpg 150w, https:\/\/www.reconoce.mx\/wp-content\/uploads\/2018\/03\/maldici\u00f3n-thelma-poster-700x1003.jpg 700w, https:\/\/www.reconoce.mx\/wp-content\/uploads\/2018\/03\/maldici\u00f3n-thelma-poster-658x943.jpg 658w, https:\/\/www.reconoce.mx\/wp-content\/uploads\/2018\/03\/maldici\u00f3n-thelma-poster-300x430.jpg 300w\" sizes=\"auto, (max-width: 711px) 100vw, 711px\" \/><\/a><\/p>\n<p>La cinta, escrita, dirigida y producida por el noruego <strong>Joachim Trier<\/strong>, es sin duda una de esas propuestas f\u00edlmicas que no deben pasar desapercibidas para ustedes, si es que realmente les gusta el cine. Trier, con una breve pero s\u00f3lida filmograf\u00eda que le ha ganado presentar sus trabajos en festivales de cine prestigiados como los de Cannes y Toronto, nos presenta en \u00abLa maldici\u00f3n de Thelma\u00bb una visi\u00f3n interesante sobre la liberaci\u00f3n femenina a partir de una serie de elementos que no, nada tienen que ver con el terror que su nombre podr\u00eda hacernos pensar.<\/p>\n<p>Thelma (<strong>Eili Harboe<\/strong>) es una chica solitaria que pasa sus d\u00edas en la universidad estudiando biolog\u00eda. Con una marcada educaci\u00f3n cristiana que se nos deja ver desde el inicio en la pel\u00edcula, Thelma batalla con lo que aprendi\u00f3 en casa y lo que aprender\u00e1 en la escuela, para finalmente sentirse fuertemente aapegada por los conceptos familiares que al final la han ido definiendo desde peque\u00f1a.<\/p>\n<p><a href=\"http:\/\/www.reconoce.mx\/wp-content\/uploads\/2018\/03\/maldici\u00f3n-thelma-2.jpg\"><img loading=\"lazy\" decoding=\"async\" class=\"aligncenter size-full wp-image-71739\" src=\"http:\/\/www.reconoce.mx\/wp-content\/uploads\/2018\/03\/maldici\u00f3n-thelma-2.jpg\" alt=\"\" width=\"590\" height=\"380\" srcset=\"https:\/\/www.reconoce.mx\/wp-content\/uploads\/2018\/03\/maldici\u00f3n-thelma-2.jpg 590w, https:\/\/www.reconoce.mx\/wp-content\/uploads\/2018\/03\/maldici\u00f3n-thelma-2-300x193.jpg 300w, https:\/\/www.reconoce.mx\/wp-content\/uploads\/2018\/03\/maldici\u00f3n-thelma-2-150x97.jpg 150w\" sizes=\"auto, (max-width: 590px) 100vw, 590px\" \/><\/a><\/p>\n<p>Sin embargo hay varias historia alrededor que terminar\u00e1n por pesar en su vida personal. En su casa el pap\u00e1 es el patriarca de ese peque\u00f1o n\u00facleo conservador, mientras que su mam\u00e1 es la sumisa mujer que adem\u00e1s aferrada a su silla de ruedas termina por echar de menos la presencia de su hija Thelma. En la universidad los chicos ven con gracia la relaci\u00f3n de Thelma con su educaci\u00f3n familiar, que si bien es recibida con apertura, no deja de ser un tanto ridiculizada por su natural inocencia.<\/p>\n<p><strong>Joachim Trier<\/strong>, cuyo cine ya hab\u00edamos visto en M\u00e9xico con \u00abM\u00e1s fuerte que las bombas\u00bb (2015), logra una cinta que mantiene al espectador absolutamente inmerso en la historia que nos presenta. Con una enfermedad poco conocida como base, a partir de la cual construye una narrativa m\u00e1s amplia, Joachim nos sumerge en una historia que aborda principalmente la liberaci\u00f3n femenina de una manera que impacta y agrada.<\/p>\n<p><a href=\"http:\/\/www.reconoce.mx\/wp-content\/uploads\/2018\/03\/maldici\u00f3n-thelma-3.jpg\"><img loading=\"lazy\" decoding=\"async\" class=\"aligncenter size-full wp-image-71740\" src=\"http:\/\/www.reconoce.mx\/wp-content\/uploads\/2018\/03\/maldici\u00f3n-thelma-3.jpg\" alt=\"\" width=\"590\" height=\"380\" srcset=\"https:\/\/www.reconoce.mx\/wp-content\/uploads\/2018\/03\/maldici\u00f3n-thelma-3.jpg 590w, https:\/\/www.reconoce.mx\/wp-content\/uploads\/2018\/03\/maldici\u00f3n-thelma-3-300x193.jpg 300w, https:\/\/www.reconoce.mx\/wp-content\/uploads\/2018\/03\/maldici\u00f3n-thelma-3-150x97.jpg 150w\" sizes=\"auto, (max-width: 590px) 100vw, 590px\" \/><\/a><\/p>\n<p>\u00abLa maldici\u00f3n de Thelma\u00bb sorprende por la forma en la que se nos cuenta, tanto narrativa como cinematogr\u00e1ficamente. En los aspectos visuales la pel\u00edcula destaca. La fotograf\u00eda es impecable y el manejo de c\u00e1mara es muy bueno para producirnos lo que se pretend\u00eda. En el aspecto actoral el joven elenco se lleva la cinta, sobre todo por la protagonista quien resulta perfecta para esa amgig\u00fcedad que la pel\u00edcula nos presenta.<\/p>\n<p>Ac\u00e1 no hay posesiones, aunque s\u00ed algunos elementos fant\u00e1sticos; ac\u00e1 no hay sustos f\u00e1ciles o de pastelazo como me gusta llamarles, sino un aut\u00e9ntico suspenso que nos mantiene al filo de la butaca por saber qu\u00e9 es lo que pasar\u00e1. En \u00abLa maldici\u00f3n de Thelma\u00bb hay una propuesta inteligente que se agradece como refresco no solo en la <strong>64 Muestra Internacional de Cine en Cineteca Nacional<\/strong>, sino tambi\u00e9n en la cartelera comercial pues este jueves llegar\u00e1 a m\u00e1s salas para el disfrute de quienes as\u00ed se lo permitan.<\/p>\n<style>.embed-container { position: relative; padding-bottom: 56.25%; height: 0; overflow: hidden; max-width: 100%; } .embed-container iframe, .embed-container object, .embed-container embed { position: absolute; top: 0; left: 0; width: 100%; height: 100%; }<\/style>\n<div class=\"embed-container\"><iframe loading=\"lazy\" src=\"https:\/\/www.youtube.com\/embed\/LBoHbILJqSQ\" width=\"300\" height=\"150\" frameborder=\"0\" allowfullscreen=\"allowfullscreen\"><\/iframe><\/div>\n<p>&nbsp;<\/p>\n<p>\u00bfRecomendable? Absolutamente, y sobre todo, perfecta para empezar el debate al que los invito a sumarse en nuestras redes sociales.<\/p>\n<p>\u00abLa maldici\u00f3n de Thelma\u00bb es parte de la <a href=\"http:\/\/www.reconoce.mx\/la-cita-esperada-llega-la-64-muestra-internacional-de-cine\/\" target=\"_blank\" rel=\"noopener\"><strong>64 Muestra Internacional de Cine<\/strong><\/a> que se exhibe en pantallas de <strong>Cineteca Nacional<\/strong> hasta el pr\u00f3ximo 9 de abril; la Muestra recorrer\u00e1 posteriormente el circuito cultural del \u00c1rea Metropolitana desde el 30 de marzo en sedes de Cinemex, Cin\u00e9polis, de la UNAM, del IPN y salas como el IFAL, Cineman\u00eda Loreto, La Casa del Cine y Cine Tonal\u00e1. \u00abLa maldici\u00f3n de Thelma\u00bb estrenar\u00e1 tambi\u00e9n en salas comerciales el jueves 29 de marzo bajo el sello de <strong>Cine Can\u00edbal<\/strong>.<\/p>\n<p style=\"text-align: right;\">Con im\u00e1genes cortes\u00eda de<strong> Cineteca Nacional<\/strong>.<br \/>\nP\u00f3ster cortes\u00eda de <strong>Cine Can\u00edbal<\/strong>.<\/p>\n<p>&nbsp;<\/p>\n<p>&nbsp;<\/p>\n","protected":false},"excerpt":{"rendered":"<p>No cabe duda que tener la 64 Muestra Internacional de Cine en Cineteca Nacional -y pr\u00f3ximamente en otras salas de la capital mexicana y del pa\u00eds-, es un alivio.<\/p>\n","protected":false},"author":2,"featured_media":71738,"comment_status":"open","ping_status":"open","sticky":false,"template":"","format":"standard","meta":{"footnotes":""},"categories":[24,1,17],"tags":[],"class_list":["post-71737","post","type-post","status-publish","format-standard","has-post-thumbnail","hentry","category-cine","category-cultura","category-principal"],"yoast_head":"<!-- This site is optimized with the Yoast SEO plugin v24.7 - https:\/\/yoast.com\/wordpress\/plugins\/seo\/ -->\n<title>#64Muestra: &quot;La maldici\u00f3n de Thelma&quot; &#171; Reconoce MX<\/title>\n<meta name=\"robots\" content=\"index, follow, max-snippet:-1, max-image-preview:large, max-video-preview:-1\" \/>\n<link rel=\"canonical\" href=\"https:\/\/www.reconoce.mx\/?p=71737\" \/>\n<meta property=\"og:locale\" content=\"es_ES\" \/>\n<meta property=\"og:type\" content=\"article\" \/>\n<meta property=\"og:title\" content=\"#64Muestra: &quot;La maldici\u00f3n de Thelma&quot; &#171; Reconoce MX\" \/>\n<meta property=\"og:description\" content=\"No cabe duda que tener la 64 Muestra Internacional de Cine en Cineteca Nacional -y pr\u00f3ximamente en otras salas de la capital mexicana y del pa\u00eds-, es un alivio.\" \/>\n<meta property=\"og:url\" content=\"https:\/\/www.reconoce.mx\/?p=71737\" \/>\n<meta property=\"og:site_name\" content=\"Reconoce MX\" \/>\n<meta property=\"article:publisher\" content=\"https:\/\/es-la.facebook.com\/ReconoceMX\/\" \/>\n<meta property=\"article:published_time\" content=\"2018-03-27T06:05:18+00:00\" \/>\n<meta property=\"article:modified_time\" content=\"2018-03-27T19:19:26+00:00\" \/>\n<meta property=\"og:image\" content=\"https:\/\/www.reconoce.mx\/wp-content\/uploads\/2018\/03\/maldici\u00f3n-thelma-1.jpg\" \/>\n\t<meta property=\"og:image:width\" content=\"590\" \/>\n\t<meta property=\"og:image:height\" content=\"380\" \/>\n\t<meta property=\"og:image:type\" content=\"image\/jpeg\" \/>\n<meta name=\"author\" content=\"Reconoce MX\" \/>\n<meta name=\"twitter:card\" content=\"summary_large_image\" \/>\n<meta name=\"twitter:creator\" content=\"@reconocemx\" \/>\n<meta name=\"twitter:site\" content=\"@reconocemx\" \/>\n<meta name=\"twitter:label1\" content=\"Escrito por\" \/>\n\t<meta name=\"twitter:data1\" content=\"Reconoce MX\" \/>\n\t<meta name=\"twitter:label2\" content=\"Tiempo de lectura\" \/>\n\t<meta name=\"twitter:data2\" content=\"4 minutos\" \/>\n<script type=\"application\/ld+json\" class=\"yoast-schema-graph\">{\"@context\":\"https:\/\/schema.org\",\"@graph\":[{\"@type\":\"Article\",\"@id\":\"https:\/\/www.reconoce.mx\/?p=71737#article\",\"isPartOf\":{\"@id\":\"https:\/\/www.reconoce.mx\/?p=71737\"},\"author\":{\"name\":\"Reconoce MX\",\"@id\":\"http:\/\/www.reconoce.mx\/#\/schema\/person\/2117e997d7051dc15d6880eaf9bca0b2\"},\"headline\":\"#64Muestra: \u00abLa maldici\u00f3n de Thelma\u00bb\",\"datePublished\":\"2018-03-27T06:05:18+00:00\",\"dateModified\":\"2018-03-27T19:19:26+00:00\",\"mainEntityOfPage\":{\"@id\":\"https:\/\/www.reconoce.mx\/?p=71737\"},\"wordCount\":729,\"commentCount\":0,\"publisher\":{\"@id\":\"http:\/\/www.reconoce.mx\/#organization\"},\"image\":{\"@id\":\"https:\/\/www.reconoce.mx\/?p=71737#primaryimage\"},\"thumbnailUrl\":\"https:\/\/www.reconoce.mx\/wp-content\/uploads\/2018\/03\/maldici\u00f3n-thelma-1.jpg\",\"articleSection\":[\"Cine\",\"Cultura\",\"Principal\"],\"inLanguage\":\"es\",\"potentialAction\":[{\"@type\":\"CommentAction\",\"name\":\"Comment\",\"target\":[\"https:\/\/www.reconoce.mx\/?p=71737#respond\"]}]},{\"@type\":\"WebPage\",\"@id\":\"https:\/\/www.reconoce.mx\/?p=71737\",\"url\":\"https:\/\/www.reconoce.mx\/?p=71737\",\"name\":\"#64Muestra: \\\"La maldici\u00f3n de Thelma\\\" &#171; Reconoce MX\",\"isPartOf\":{\"@id\":\"http:\/\/www.reconoce.mx\/#website\"},\"primaryImageOfPage\":{\"@id\":\"https:\/\/www.reconoce.mx\/?p=71737#primaryimage\"},\"image\":{\"@id\":\"https:\/\/www.reconoce.mx\/?p=71737#primaryimage\"},\"thumbnailUrl\":\"https:\/\/www.reconoce.mx\/wp-content\/uploads\/2018\/03\/maldici\u00f3n-thelma-1.jpg\",\"datePublished\":\"2018-03-27T06:05:18+00:00\",\"dateModified\":\"2018-03-27T19:19:26+00:00\",\"breadcrumb\":{\"@id\":\"https:\/\/www.reconoce.mx\/?p=71737#breadcrumb\"},\"inLanguage\":\"es\",\"potentialAction\":[{\"@type\":\"ReadAction\",\"target\":[\"https:\/\/www.reconoce.mx\/?p=71737\"]}]},{\"@type\":\"ImageObject\",\"inLanguage\":\"es\",\"@id\":\"https:\/\/www.reconoce.mx\/?p=71737#primaryimage\",\"url\":\"https:\/\/www.reconoce.mx\/wp-content\/uploads\/2018\/03\/maldici\u00f3n-thelma-1.jpg\",\"contentUrl\":\"https:\/\/www.reconoce.mx\/wp-content\/uploads\/2018\/03\/maldici\u00f3n-thelma-1.jpg\",\"width\":590,\"height\":380},{\"@type\":\"BreadcrumbList\",\"@id\":\"https:\/\/www.reconoce.mx\/?p=71737#breadcrumb\",\"itemListElement\":[{\"@type\":\"ListItem\",\"position\":1,\"name\":\"Portada\",\"item\":\"http:\/\/www.reconoce.mx\/\"},{\"@type\":\"ListItem\",\"position\":2,\"name\":\"#64Muestra: \u00abLa maldici\u00f3n de Thelma\u00bb\"}]},{\"@type\":\"WebSite\",\"@id\":\"http:\/\/www.reconoce.mx\/#website\",\"url\":\"http:\/\/www.reconoce.mx\/\",\"name\":\"Reconoce MX\",\"description\":\"En Reconoce MX difundimos arte, cultura y conciencia social en M\u00e9xico. Tu ciudad en otra perspectiva.\",\"publisher\":{\"@id\":\"http:\/\/www.reconoce.mx\/#organization\"},\"potentialAction\":[{\"@type\":\"SearchAction\",\"target\":{\"@type\":\"EntryPoint\",\"urlTemplate\":\"http:\/\/www.reconoce.mx\/?s={search_term_string}\"},\"query-input\":{\"@type\":\"PropertyValueSpecification\",\"valueRequired\":true,\"valueName\":\"search_term_string\"}}],\"inLanguage\":\"es\"},{\"@type\":\"Organization\",\"@id\":\"http:\/\/www.reconoce.mx\/#organization\",\"name\":\"Reconoce MX\",\"url\":\"http:\/\/www.reconoce.mx\/\",\"logo\":{\"@type\":\"ImageObject\",\"inLanguage\":\"es\",\"@id\":\"http:\/\/www.reconoce.mx\/#\/schema\/logo\/image\/\",\"url\":\"https:\/\/www.reconoce.mx\/wp-content\/uploads\/2019\/03\/logorcmx-good-1.png\",\"contentUrl\":\"https:\/\/www.reconoce.mx\/wp-content\/uploads\/2019\/03\/logorcmx-good-1.png\",\"width\":280,\"height\":90,\"caption\":\"Reconoce MX\"},\"image\":{\"@id\":\"http:\/\/www.reconoce.mx\/#\/schema\/logo\/image\/\"},\"sameAs\":[\"https:\/\/es-la.facebook.com\/ReconoceMX\/\",\"https:\/\/x.com\/reconocemx\",\"http:\/\/@reconocemx\"]},{\"@type\":\"Person\",\"@id\":\"http:\/\/www.reconoce.mx\/#\/schema\/person\/2117e997d7051dc15d6880eaf9bca0b2\",\"name\":\"Reconoce MX\",\"image\":{\"@type\":\"ImageObject\",\"inLanguage\":\"es\",\"@id\":\"http:\/\/www.reconoce.mx\/#\/schema\/person\/image\/\",\"url\":\"https:\/\/secure.gravatar.com\/avatar\/6c8d4dc7569ca1c90c5fdcc349f839d5ddef6fe1e70b4337ead2ef1a4c43fc3a?s=96&d=identicon&r=g\",\"contentUrl\":\"https:\/\/secure.gravatar.com\/avatar\/6c8d4dc7569ca1c90c5fdcc349f839d5ddef6fe1e70b4337ead2ef1a4c43fc3a?s=96&d=identicon&r=g\",\"caption\":\"Reconoce MX\"},\"description\":\"Reconoce MX es un proyecto de difusi\u00f3n art\u00edstica, cultural y de conciencia social que est\u00e1 enfocado a difundir y fomentar el entretenimiento alternativo de calidad para todo el p\u00fablico que comparta el mismo entusiasmo.\",\"sameAs\":[\"http:\/\/www.reconoce.mx\"],\"url\":\"https:\/\/www.reconoce.mx\/?author=2\"}]}<\/script>\n<!-- \/ Yoast SEO plugin. -->","yoast_head_json":{"title":"#64Muestra: \"La maldici\u00f3n de Thelma\" &#171; Reconoce MX","robots":{"index":"index","follow":"follow","max-snippet":"max-snippet:-1","max-image-preview":"max-image-preview:large","max-video-preview":"max-video-preview:-1"},"canonical":"https:\/\/www.reconoce.mx\/?p=71737","og_locale":"es_ES","og_type":"article","og_title":"#64Muestra: \"La maldici\u00f3n de Thelma\" &#171; Reconoce MX","og_description":"No cabe duda que tener la 64 Muestra Internacional de Cine en Cineteca Nacional -y pr\u00f3ximamente en otras salas de la capital mexicana y del pa\u00eds-, es un alivio.","og_url":"https:\/\/www.reconoce.mx\/?p=71737","og_site_name":"Reconoce MX","article_publisher":"https:\/\/es-la.facebook.com\/ReconoceMX\/","article_published_time":"2018-03-27T06:05:18+00:00","article_modified_time":"2018-03-27T19:19:26+00:00","og_image":[{"width":590,"height":380,"url":"https:\/\/www.reconoce.mx\/wp-content\/uploads\/2018\/03\/maldici\u00f3n-thelma-1.jpg","type":"image\/jpeg"}],"author":"Reconoce MX","twitter_card":"summary_large_image","twitter_creator":"@reconocemx","twitter_site":"@reconocemx","twitter_misc":{"Escrito por":"Reconoce MX","Tiempo de lectura":"4 minutos"},"schema":{"@context":"https:\/\/schema.org","@graph":[{"@type":"Article","@id":"https:\/\/www.reconoce.mx\/?p=71737#article","isPartOf":{"@id":"https:\/\/www.reconoce.mx\/?p=71737"},"author":{"name":"Reconoce MX","@id":"http:\/\/www.reconoce.mx\/#\/schema\/person\/2117e997d7051dc15d6880eaf9bca0b2"},"headline":"#64Muestra: \u00abLa maldici\u00f3n de Thelma\u00bb","datePublished":"2018-03-27T06:05:18+00:00","dateModified":"2018-03-27T19:19:26+00:00","mainEntityOfPage":{"@id":"https:\/\/www.reconoce.mx\/?p=71737"},"wordCount":729,"commentCount":0,"publisher":{"@id":"http:\/\/www.reconoce.mx\/#organization"},"image":{"@id":"https:\/\/www.reconoce.mx\/?p=71737#primaryimage"},"thumbnailUrl":"https:\/\/www.reconoce.mx\/wp-content\/uploads\/2018\/03\/maldici\u00f3n-thelma-1.jpg","articleSection":["Cine","Cultura","Principal"],"inLanguage":"es","potentialAction":[{"@type":"CommentAction","name":"Comment","target":["https:\/\/www.reconoce.mx\/?p=71737#respond"]}]},{"@type":"WebPage","@id":"https:\/\/www.reconoce.mx\/?p=71737","url":"https:\/\/www.reconoce.mx\/?p=71737","name":"#64Muestra: \"La maldici\u00f3n de Thelma\" &#171; Reconoce MX","isPartOf":{"@id":"http:\/\/www.reconoce.mx\/#website"},"primaryImageOfPage":{"@id":"https:\/\/www.reconoce.mx\/?p=71737#primaryimage"},"image":{"@id":"https:\/\/www.reconoce.mx\/?p=71737#primaryimage"},"thumbnailUrl":"https:\/\/www.reconoce.mx\/wp-content\/uploads\/2018\/03\/maldici\u00f3n-thelma-1.jpg","datePublished":"2018-03-27T06:05:18+00:00","dateModified":"2018-03-27T19:19:26+00:00","breadcrumb":{"@id":"https:\/\/www.reconoce.mx\/?p=71737#breadcrumb"},"inLanguage":"es","potentialAction":[{"@type":"ReadAction","target":["https:\/\/www.reconoce.mx\/?p=71737"]}]},{"@type":"ImageObject","inLanguage":"es","@id":"https:\/\/www.reconoce.mx\/?p=71737#primaryimage","url":"https:\/\/www.reconoce.mx\/wp-content\/uploads\/2018\/03\/maldici\u00f3n-thelma-1.jpg","contentUrl":"https:\/\/www.reconoce.mx\/wp-content\/uploads\/2018\/03\/maldici\u00f3n-thelma-1.jpg","width":590,"height":380},{"@type":"BreadcrumbList","@id":"https:\/\/www.reconoce.mx\/?p=71737#breadcrumb","itemListElement":[{"@type":"ListItem","position":1,"name":"Portada","item":"http:\/\/www.reconoce.mx\/"},{"@type":"ListItem","position":2,"name":"#64Muestra: \u00abLa maldici\u00f3n de Thelma\u00bb"}]},{"@type":"WebSite","@id":"http:\/\/www.reconoce.mx\/#website","url":"http:\/\/www.reconoce.mx\/","name":"Reconoce MX","description":"En Reconoce MX difundimos arte, cultura y conciencia social en M\u00e9xico. Tu ciudad en otra perspectiva.","publisher":{"@id":"http:\/\/www.reconoce.mx\/#organization"},"potentialAction":[{"@type":"SearchAction","target":{"@type":"EntryPoint","urlTemplate":"http:\/\/www.reconoce.mx\/?s={search_term_string}"},"query-input":{"@type":"PropertyValueSpecification","valueRequired":true,"valueName":"search_term_string"}}],"inLanguage":"es"},{"@type":"Organization","@id":"http:\/\/www.reconoce.mx\/#organization","name":"Reconoce MX","url":"http:\/\/www.reconoce.mx\/","logo":{"@type":"ImageObject","inLanguage":"es","@id":"http:\/\/www.reconoce.mx\/#\/schema\/logo\/image\/","url":"https:\/\/www.reconoce.mx\/wp-content\/uploads\/2019\/03\/logorcmx-good-1.png","contentUrl":"https:\/\/www.reconoce.mx\/wp-content\/uploads\/2019\/03\/logorcmx-good-1.png","width":280,"height":90,"caption":"Reconoce MX"},"image":{"@id":"http:\/\/www.reconoce.mx\/#\/schema\/logo\/image\/"},"sameAs":["https:\/\/es-la.facebook.com\/ReconoceMX\/","https:\/\/x.com\/reconocemx","http:\/\/@reconocemx"]},{"@type":"Person","@id":"http:\/\/www.reconoce.mx\/#\/schema\/person\/2117e997d7051dc15d6880eaf9bca0b2","name":"Reconoce MX","image":{"@type":"ImageObject","inLanguage":"es","@id":"http:\/\/www.reconoce.mx\/#\/schema\/person\/image\/","url":"https:\/\/secure.gravatar.com\/avatar\/6c8d4dc7569ca1c90c5fdcc349f839d5ddef6fe1e70b4337ead2ef1a4c43fc3a?s=96&d=identicon&r=g","contentUrl":"https:\/\/secure.gravatar.com\/avatar\/6c8d4dc7569ca1c90c5fdcc349f839d5ddef6fe1e70b4337ead2ef1a4c43fc3a?s=96&d=identicon&r=g","caption":"Reconoce MX"},"description":"Reconoce MX es un proyecto de difusi\u00f3n art\u00edstica, cultural y de conciencia social que est\u00e1 enfocado a difundir y fomentar el entretenimiento alternativo de calidad para todo el p\u00fablico que comparta el mismo entusiasmo.","sameAs":["http:\/\/www.reconoce.mx"],"url":"https:\/\/www.reconoce.mx\/?author=2"}]}},"_links":{"self":[{"href":"https:\/\/www.reconoce.mx\/index.php?rest_route=\/wp\/v2\/posts\/71737","targetHints":{"allow":["GET"]}}],"collection":[{"href":"https:\/\/www.reconoce.mx\/index.php?rest_route=\/wp\/v2\/posts"}],"about":[{"href":"https:\/\/www.reconoce.mx\/index.php?rest_route=\/wp\/v2\/types\/post"}],"author":[{"embeddable":true,"href":"https:\/\/www.reconoce.mx\/index.php?rest_route=\/wp\/v2\/users\/2"}],"replies":[{"embeddable":true,"href":"https:\/\/www.reconoce.mx\/index.php?rest_route=%2Fwp%2Fv2%2Fcomments&post=71737"}],"version-history":[{"count":1,"href":"https:\/\/www.reconoce.mx\/index.php?rest_route=\/wp\/v2\/posts\/71737\/revisions"}],"predecessor-version":[{"id":71742,"href":"https:\/\/www.reconoce.mx\/index.php?rest_route=\/wp\/v2\/posts\/71737\/revisions\/71742"}],"wp:featuredmedia":[{"embeddable":true,"href":"https:\/\/www.reconoce.mx\/index.php?rest_route=\/wp\/v2\/media\/71738"}],"wp:attachment":[{"href":"https:\/\/www.reconoce.mx\/index.php?rest_route=%2Fwp%2Fv2%2Fmedia&parent=71737"}],"wp:term":[{"taxonomy":"category","embeddable":true,"href":"https:\/\/www.reconoce.mx\/index.php?rest_route=%2Fwp%2Fv2%2Fcategories&post=71737"},{"taxonomy":"post_tag","embeddable":true,"href":"https:\/\/www.reconoce.mx\/index.php?rest_route=%2Fwp%2Fv2%2Ftags&post=71737"}],"curies":[{"name":"wp","href":"https:\/\/api.w.org\/{rel}","templated":true}]}}