{"id":71775,"date":"2018-03-28T00:01:56","date_gmt":"2018-03-28T06:01:56","guid":{"rendered":"http:\/\/www.reconoce.mx\/?p=71775"},"modified":"2018-03-28T10:18:18","modified_gmt":"2018-03-28T16:18:18","slug":"una-pequena-parte-de-ti-de-aleks-syntek","status":"publish","type":"post","link":"https:\/\/www.reconoce.mx\/?p=71775","title":{"rendered":"&#8216;Una peque\u00f1a parte de ti&#8217;, de Aleks Syntek"},"content":{"rendered":"<p><a href=\"http:\/\/www.reconoce.mx\/category\/cultura\/musica\/miercoles-nostalgico\/\"><img loading=\"lazy\" decoding=\"async\" class=\"aligncenter size-full wp-image-38360\" src=\"http:\/\/www.reconoce.mx\/wp-content\/uploads\/2015\/06\/Miercoles.png\" alt=\"Martes\" width=\"550\" height=\"70\" \/><\/a><\/p>\n<p><strong>Por <a title=\"@AsfaltosTweets\" href=\"http:\/\/twitter.com\/AsfaltosTweets\" target=\"_blank\" rel=\"noopener\">Asfaltos<\/a><\/strong>.<\/p>\n<p>Despu\u00e9s de su lapsus en redes, despu\u00e9s de su esc\u00e1ndalo relacionado al reguet\u00f3n, \u00a1despu\u00e9s de su \u00abshala la la la la\u00bb bicentenario, es posible que <strong>Aleks Syntek<\/strong> no les sea el personaje m\u00e1s popular del momento; sin embargo, a riesgo de que dejen de leerme, se me ocurri\u00f3 que pod\u00eda rescatarlo con un tema suyo de anta\u00f1o. S\u00ed, se\u00f1ores, don Syntek es un gusto culposo, pero el Syntek de inicios, el de su etapa junto a <strong>La Gente Normal<\/strong>.<\/p>\n<style>.embed-container { position: relative; padding-bottom: 56.25%; height: 0; overflow: hidden; max-width: 100%; } .embed-container iframe, .embed-container object, .embed-container embed { position: absolute; top: 0; left: 0; width: 100%; height: 100%; }<\/style>\n<div class=\"embed-container\"><iframe loading=\"lazy\" src=\"https:\/\/www.youtube.com\/embed\/tz3o7lEpUBw\" width=\"300\" height=\"150\" frameborder=\"0\" allowfullscreen=\"allowfullscreen\"><\/iframe><\/div>\n<p>&nbsp;<\/p>\n<p>De M\u00e9rida, Yucat\u00e1n, <strong>Aleks Syntek<\/strong> naci\u00f3 bajo el nombre de Raul Alejandro Escadajillo Pe\u00f1a. Su camino como m\u00fasico inici\u00f3 formalmente cuando despu\u00e9s de su paso por la televisi\u00f3n infantil -siendo ni\u00f1o-, se fue involucrando con la industria, hasta formar su primer agrupaci\u00f3n llamada <strong>Pistolas de Platino<\/strong>, y posteriormente formando parte de <strong>Kenny y Los El\u00e9ctricos<\/strong>. En 1987 formar\u00eda un nuevo grupo: <strong>Aleks Syntek y la Gente Normal<\/strong>.<\/p>\n<p>Fue justo con <strong>La Gente Normal<\/strong> que <strong>Aleks Syntek<\/strong> dio comienzo firme a su carrera, mostrando a mi parecer su etapa m\u00e1s interesante como m\u00fasico. De ese tiempo son los \u00e9xitos \u00abUnos quieren subir\u00bb, \u00abEl camino\u00bb, \u00abM\u00e1s fuerte de lo que pensaba\u00bb, \u00abMis impulsos sobre ti\u00bb, \u00abVolando bajo\u00bb y s\u00ed, \u00abUna peque\u00f1a parte de ti\u00bb. Es \u00abUna peque\u00f1a parte de ti\u00bb la que recuerdo hoy.<\/p>\n<p>Incluida en el \u00ab\u00a1Hey t\u00fa!\u00bb (1991) de <strong>Aleks Syntek y la Gente Normal<\/strong>, \u00e1lbum debut de la banda bajo el sello de <strong>EMI Televisa Music<\/strong> en 1991, \u00abUna peque\u00f1a parte de ti\u00bb se convirti\u00f3 en uno de los sencillos del material, adem\u00e1s de uno de los m\u00e1s relevantes \u00e9xitos del m\u00fasico. Con los cl\u00e1sicos sintetizadores de aquella etapa de Syntek, la canci\u00f3n es una melod\u00eda pop sencilla, con una letra m\u00e1s melosa que la propia miel, pero que gusta y funciona para lo que es. A ver: s\u00ed, la he cantado a pulm\u00f3n y seguro varios de ustedes tambi\u00e9n.<\/p>\n<p>\u00bfLes gusta la m\u00fasica de <strong>Aleks Syntek<\/strong>? \u00bfLo odian? \u00bfLes gusta m\u00e1s su primer etapa? \u00bfLes ha gustado su evoluci\u00f3n musical? Vamos, no sean t\u00edmidos y participen de la pol\u00e9mica.<\/p>\n<p>&nbsp;<\/p>\n<p>&nbsp;<\/p>\n","protected":false},"excerpt":{"rendered":"<p>Despu\u00e9s de su lapsus en redes, despu\u00e9s de su esc\u00e1ndalo relacionado al reguet\u00f3n, \u00a1despu\u00e9s de su \u00abshala la la la la\u00bb bicentenario, es posible que Aleks Syntek no les sea el personaje m\u00e1s popular del momento; sin embargo, a riesgo de que dejen de leerme, se me ocurri\u00f3 que pod\u00eda rescatarlo con un tema suyo de anta\u00f1o.<\/p>\n","protected":false},"author":2,"featured_media":71780,"comment_status":"open","ping_status":"open","sticky":false,"template":"","format":"standard","meta":{"footnotes":""},"categories":[1,2580,18,17],"tags":[],"class_list":["post-71775","post","type-post","status-publish","format-standard","has-post-thumbnail","hentry","category-cultura","category-miercoles-nostalgico","category-musica","category-principal"],"yoast_head":"<!-- This site is optimized with the Yoast SEO plugin v24.7 - https:\/\/yoast.com\/wordpress\/plugins\/seo\/ -->\n<title>&#039;Una peque\u00f1a parte de ti&#039;, de Aleks Syntek &#171; Reconoce MX<\/title>\n<meta name=\"robots\" content=\"index, follow, max-snippet:-1, max-image-preview:large, max-video-preview:-1\" \/>\n<link rel=\"canonical\" href=\"https:\/\/www.reconoce.mx\/?p=71775\" \/>\n<meta property=\"og:locale\" content=\"es_ES\" \/>\n<meta property=\"og:type\" content=\"article\" \/>\n<meta property=\"og:title\" content=\"&#039;Una peque\u00f1a parte de ti&#039;, de Aleks Syntek &#171; Reconoce MX\" \/>\n<meta property=\"og:description\" content=\"Despu\u00e9s de su lapsus en redes, despu\u00e9s de su esc\u00e1ndalo relacionado al reguet\u00f3n, \u00a1despu\u00e9s de su &quot;shala la la la la&quot; bicentenario, es posible que Aleks Syntek no les sea el personaje m\u00e1s popular del momento; sin embargo, a riesgo de que dejen de leerme, se me ocurri\u00f3 que pod\u00eda rescatarlo con un tema suyo de anta\u00f1o.\" \/>\n<meta property=\"og:url\" content=\"https:\/\/www.reconoce.mx\/?p=71775\" \/>\n<meta property=\"og:site_name\" content=\"Reconoce MX\" \/>\n<meta property=\"article:publisher\" content=\"https:\/\/es-la.facebook.com\/ReconoceMX\/\" \/>\n<meta property=\"article:published_time\" content=\"2018-03-28T06:01:56+00:00\" \/>\n<meta property=\"article:modified_time\" content=\"2018-03-28T16:18:18+00:00\" \/>\n<meta property=\"og:image\" content=\"https:\/\/www.reconoce.mx\/wp-content\/uploads\/2018\/03\/aleks-syntek-y-la-gente-normal.jpg\" \/>\n\t<meta property=\"og:image:width\" content=\"590\" \/>\n\t<meta property=\"og:image:height\" content=\"380\" \/>\n\t<meta property=\"og:image:type\" content=\"image\/jpeg\" \/>\n<meta name=\"author\" content=\"Reconoce MX\" \/>\n<meta name=\"twitter:card\" content=\"summary_large_image\" \/>\n<meta name=\"twitter:creator\" content=\"@reconocemx\" \/>\n<meta name=\"twitter:site\" content=\"@reconocemx\" \/>\n<meta name=\"twitter:label1\" content=\"Escrito por\" \/>\n\t<meta name=\"twitter:data1\" content=\"Reconoce MX\" \/>\n\t<meta name=\"twitter:label2\" content=\"Tiempo de lectura\" \/>\n\t<meta name=\"twitter:data2\" content=\"2 minutos\" \/>\n<script type=\"application\/ld+json\" class=\"yoast-schema-graph\">{\"@context\":\"https:\/\/schema.org\",\"@graph\":[{\"@type\":\"Article\",\"@id\":\"https:\/\/www.reconoce.mx\/?p=71775#article\",\"isPartOf\":{\"@id\":\"https:\/\/www.reconoce.mx\/?p=71775\"},\"author\":{\"name\":\"Reconoce MX\",\"@id\":\"http:\/\/www.reconoce.mx\/#\/schema\/person\/2117e997d7051dc15d6880eaf9bca0b2\"},\"headline\":\"&#8216;Una peque\u00f1a parte de ti&#8217;, de Aleks Syntek\",\"datePublished\":\"2018-03-28T06:01:56+00:00\",\"dateModified\":\"2018-03-28T16:18:18+00:00\",\"mainEntityOfPage\":{\"@id\":\"https:\/\/www.reconoce.mx\/?p=71775\"},\"wordCount\":390,\"commentCount\":0,\"publisher\":{\"@id\":\"http:\/\/www.reconoce.mx\/#organization\"},\"image\":{\"@id\":\"https:\/\/www.reconoce.mx\/?p=71775#primaryimage\"},\"thumbnailUrl\":\"https:\/\/www.reconoce.mx\/wp-content\/uploads\/2018\/03\/aleks-syntek-y-la-gente-normal.jpg\",\"articleSection\":[\"Cultura\",\"Mi\u00e9rcoles nost\u00e1lgico\",\"M\u00fasica\",\"Principal\"],\"inLanguage\":\"es\",\"potentialAction\":[{\"@type\":\"CommentAction\",\"name\":\"Comment\",\"target\":[\"https:\/\/www.reconoce.mx\/?p=71775#respond\"]}]},{\"@type\":\"WebPage\",\"@id\":\"https:\/\/www.reconoce.mx\/?p=71775\",\"url\":\"https:\/\/www.reconoce.mx\/?p=71775\",\"name\":\"'Una peque\u00f1a parte de ti', de Aleks Syntek &#171; Reconoce MX\",\"isPartOf\":{\"@id\":\"http:\/\/www.reconoce.mx\/#website\"},\"primaryImageOfPage\":{\"@id\":\"https:\/\/www.reconoce.mx\/?p=71775#primaryimage\"},\"image\":{\"@id\":\"https:\/\/www.reconoce.mx\/?p=71775#primaryimage\"},\"thumbnailUrl\":\"https:\/\/www.reconoce.mx\/wp-content\/uploads\/2018\/03\/aleks-syntek-y-la-gente-normal.jpg\",\"datePublished\":\"2018-03-28T06:01:56+00:00\",\"dateModified\":\"2018-03-28T16:18:18+00:00\",\"breadcrumb\":{\"@id\":\"https:\/\/www.reconoce.mx\/?p=71775#breadcrumb\"},\"inLanguage\":\"es\",\"potentialAction\":[{\"@type\":\"ReadAction\",\"target\":[\"https:\/\/www.reconoce.mx\/?p=71775\"]}]},{\"@type\":\"ImageObject\",\"inLanguage\":\"es\",\"@id\":\"https:\/\/www.reconoce.mx\/?p=71775#primaryimage\",\"url\":\"https:\/\/www.reconoce.mx\/wp-content\/uploads\/2018\/03\/aleks-syntek-y-la-gente-normal.jpg\",\"contentUrl\":\"https:\/\/www.reconoce.mx\/wp-content\/uploads\/2018\/03\/aleks-syntek-y-la-gente-normal.jpg\",\"width\":590,\"height\":380},{\"@type\":\"BreadcrumbList\",\"@id\":\"https:\/\/www.reconoce.mx\/?p=71775#breadcrumb\",\"itemListElement\":[{\"@type\":\"ListItem\",\"position\":1,\"name\":\"Portada\",\"item\":\"http:\/\/www.reconoce.mx\/\"},{\"@type\":\"ListItem\",\"position\":2,\"name\":\"&#8216;Una peque\u00f1a parte de ti&#8217;, de Aleks Syntek\"}]},{\"@type\":\"WebSite\",\"@id\":\"http:\/\/www.reconoce.mx\/#website\",\"url\":\"http:\/\/www.reconoce.mx\/\",\"name\":\"Reconoce MX\",\"description\":\"En Reconoce MX difundimos arte, cultura y conciencia social en M\u00e9xico. Tu ciudad en otra perspectiva.\",\"publisher\":{\"@id\":\"http:\/\/www.reconoce.mx\/#organization\"},\"potentialAction\":[{\"@type\":\"SearchAction\",\"target\":{\"@type\":\"EntryPoint\",\"urlTemplate\":\"http:\/\/www.reconoce.mx\/?s={search_term_string}\"},\"query-input\":{\"@type\":\"PropertyValueSpecification\",\"valueRequired\":true,\"valueName\":\"search_term_string\"}}],\"inLanguage\":\"es\"},{\"@type\":\"Organization\",\"@id\":\"http:\/\/www.reconoce.mx\/#organization\",\"name\":\"Reconoce MX\",\"url\":\"http:\/\/www.reconoce.mx\/\",\"logo\":{\"@type\":\"ImageObject\",\"inLanguage\":\"es\",\"@id\":\"http:\/\/www.reconoce.mx\/#\/schema\/logo\/image\/\",\"url\":\"https:\/\/www.reconoce.mx\/wp-content\/uploads\/2019\/03\/logorcmx-good-1.png\",\"contentUrl\":\"https:\/\/www.reconoce.mx\/wp-content\/uploads\/2019\/03\/logorcmx-good-1.png\",\"width\":280,\"height\":90,\"caption\":\"Reconoce MX\"},\"image\":{\"@id\":\"http:\/\/www.reconoce.mx\/#\/schema\/logo\/image\/\"},\"sameAs\":[\"https:\/\/es-la.facebook.com\/ReconoceMX\/\",\"https:\/\/x.com\/reconocemx\",\"http:\/\/@reconocemx\"]},{\"@type\":\"Person\",\"@id\":\"http:\/\/www.reconoce.mx\/#\/schema\/person\/2117e997d7051dc15d6880eaf9bca0b2\",\"name\":\"Reconoce MX\",\"image\":{\"@type\":\"ImageObject\",\"inLanguage\":\"es\",\"@id\":\"http:\/\/www.reconoce.mx\/#\/schema\/person\/image\/\",\"url\":\"https:\/\/secure.gravatar.com\/avatar\/6c8d4dc7569ca1c90c5fdcc349f839d5ddef6fe1e70b4337ead2ef1a4c43fc3a?s=96&d=identicon&r=g\",\"contentUrl\":\"https:\/\/secure.gravatar.com\/avatar\/6c8d4dc7569ca1c90c5fdcc349f839d5ddef6fe1e70b4337ead2ef1a4c43fc3a?s=96&d=identicon&r=g\",\"caption\":\"Reconoce MX\"},\"description\":\"Reconoce MX es un proyecto de difusi\u00f3n art\u00edstica, cultural y de conciencia social que est\u00e1 enfocado a difundir y fomentar el entretenimiento alternativo de calidad para todo el p\u00fablico que comparta el mismo entusiasmo.\",\"sameAs\":[\"http:\/\/www.reconoce.mx\"],\"url\":\"https:\/\/www.reconoce.mx\/?author=2\"}]}<\/script>\n<!-- \/ Yoast SEO plugin. -->","yoast_head_json":{"title":"'Una peque\u00f1a parte de ti', de Aleks Syntek &#171; Reconoce MX","robots":{"index":"index","follow":"follow","max-snippet":"max-snippet:-1","max-image-preview":"max-image-preview:large","max-video-preview":"max-video-preview:-1"},"canonical":"https:\/\/www.reconoce.mx\/?p=71775","og_locale":"es_ES","og_type":"article","og_title":"'Una peque\u00f1a parte de ti', de Aleks Syntek &#171; Reconoce MX","og_description":"Despu\u00e9s de su lapsus en redes, despu\u00e9s de su esc\u00e1ndalo relacionado al reguet\u00f3n, \u00a1despu\u00e9s de su \"shala la la la la\" bicentenario, es posible que Aleks Syntek no les sea el personaje m\u00e1s popular del momento; sin embargo, a riesgo de que dejen de leerme, se me ocurri\u00f3 que pod\u00eda rescatarlo con un tema suyo de anta\u00f1o.","og_url":"https:\/\/www.reconoce.mx\/?p=71775","og_site_name":"Reconoce MX","article_publisher":"https:\/\/es-la.facebook.com\/ReconoceMX\/","article_published_time":"2018-03-28T06:01:56+00:00","article_modified_time":"2018-03-28T16:18:18+00:00","og_image":[{"width":590,"height":380,"url":"https:\/\/www.reconoce.mx\/wp-content\/uploads\/2018\/03\/aleks-syntek-y-la-gente-normal.jpg","type":"image\/jpeg"}],"author":"Reconoce MX","twitter_card":"summary_large_image","twitter_creator":"@reconocemx","twitter_site":"@reconocemx","twitter_misc":{"Escrito por":"Reconoce MX","Tiempo de lectura":"2 minutos"},"schema":{"@context":"https:\/\/schema.org","@graph":[{"@type":"Article","@id":"https:\/\/www.reconoce.mx\/?p=71775#article","isPartOf":{"@id":"https:\/\/www.reconoce.mx\/?p=71775"},"author":{"name":"Reconoce MX","@id":"http:\/\/www.reconoce.mx\/#\/schema\/person\/2117e997d7051dc15d6880eaf9bca0b2"},"headline":"&#8216;Una peque\u00f1a parte de ti&#8217;, de Aleks Syntek","datePublished":"2018-03-28T06:01:56+00:00","dateModified":"2018-03-28T16:18:18+00:00","mainEntityOfPage":{"@id":"https:\/\/www.reconoce.mx\/?p=71775"},"wordCount":390,"commentCount":0,"publisher":{"@id":"http:\/\/www.reconoce.mx\/#organization"},"image":{"@id":"https:\/\/www.reconoce.mx\/?p=71775#primaryimage"},"thumbnailUrl":"https:\/\/www.reconoce.mx\/wp-content\/uploads\/2018\/03\/aleks-syntek-y-la-gente-normal.jpg","articleSection":["Cultura","Mi\u00e9rcoles nost\u00e1lgico","M\u00fasica","Principal"],"inLanguage":"es","potentialAction":[{"@type":"CommentAction","name":"Comment","target":["https:\/\/www.reconoce.mx\/?p=71775#respond"]}]},{"@type":"WebPage","@id":"https:\/\/www.reconoce.mx\/?p=71775","url":"https:\/\/www.reconoce.mx\/?p=71775","name":"'Una peque\u00f1a parte de ti', de Aleks Syntek &#171; Reconoce MX","isPartOf":{"@id":"http:\/\/www.reconoce.mx\/#website"},"primaryImageOfPage":{"@id":"https:\/\/www.reconoce.mx\/?p=71775#primaryimage"},"image":{"@id":"https:\/\/www.reconoce.mx\/?p=71775#primaryimage"},"thumbnailUrl":"https:\/\/www.reconoce.mx\/wp-content\/uploads\/2018\/03\/aleks-syntek-y-la-gente-normal.jpg","datePublished":"2018-03-28T06:01:56+00:00","dateModified":"2018-03-28T16:18:18+00:00","breadcrumb":{"@id":"https:\/\/www.reconoce.mx\/?p=71775#breadcrumb"},"inLanguage":"es","potentialAction":[{"@type":"ReadAction","target":["https:\/\/www.reconoce.mx\/?p=71775"]}]},{"@type":"ImageObject","inLanguage":"es","@id":"https:\/\/www.reconoce.mx\/?p=71775#primaryimage","url":"https:\/\/www.reconoce.mx\/wp-content\/uploads\/2018\/03\/aleks-syntek-y-la-gente-normal.jpg","contentUrl":"https:\/\/www.reconoce.mx\/wp-content\/uploads\/2018\/03\/aleks-syntek-y-la-gente-normal.jpg","width":590,"height":380},{"@type":"BreadcrumbList","@id":"https:\/\/www.reconoce.mx\/?p=71775#breadcrumb","itemListElement":[{"@type":"ListItem","position":1,"name":"Portada","item":"http:\/\/www.reconoce.mx\/"},{"@type":"ListItem","position":2,"name":"&#8216;Una peque\u00f1a parte de ti&#8217;, de Aleks Syntek"}]},{"@type":"WebSite","@id":"http:\/\/www.reconoce.mx\/#website","url":"http:\/\/www.reconoce.mx\/","name":"Reconoce MX","description":"En Reconoce MX difundimos arte, cultura y conciencia social en M\u00e9xico. Tu ciudad en otra perspectiva.","publisher":{"@id":"http:\/\/www.reconoce.mx\/#organization"},"potentialAction":[{"@type":"SearchAction","target":{"@type":"EntryPoint","urlTemplate":"http:\/\/www.reconoce.mx\/?s={search_term_string}"},"query-input":{"@type":"PropertyValueSpecification","valueRequired":true,"valueName":"search_term_string"}}],"inLanguage":"es"},{"@type":"Organization","@id":"http:\/\/www.reconoce.mx\/#organization","name":"Reconoce MX","url":"http:\/\/www.reconoce.mx\/","logo":{"@type":"ImageObject","inLanguage":"es","@id":"http:\/\/www.reconoce.mx\/#\/schema\/logo\/image\/","url":"https:\/\/www.reconoce.mx\/wp-content\/uploads\/2019\/03\/logorcmx-good-1.png","contentUrl":"https:\/\/www.reconoce.mx\/wp-content\/uploads\/2019\/03\/logorcmx-good-1.png","width":280,"height":90,"caption":"Reconoce MX"},"image":{"@id":"http:\/\/www.reconoce.mx\/#\/schema\/logo\/image\/"},"sameAs":["https:\/\/es-la.facebook.com\/ReconoceMX\/","https:\/\/x.com\/reconocemx","http:\/\/@reconocemx"]},{"@type":"Person","@id":"http:\/\/www.reconoce.mx\/#\/schema\/person\/2117e997d7051dc15d6880eaf9bca0b2","name":"Reconoce MX","image":{"@type":"ImageObject","inLanguage":"es","@id":"http:\/\/www.reconoce.mx\/#\/schema\/person\/image\/","url":"https:\/\/secure.gravatar.com\/avatar\/6c8d4dc7569ca1c90c5fdcc349f839d5ddef6fe1e70b4337ead2ef1a4c43fc3a?s=96&d=identicon&r=g","contentUrl":"https:\/\/secure.gravatar.com\/avatar\/6c8d4dc7569ca1c90c5fdcc349f839d5ddef6fe1e70b4337ead2ef1a4c43fc3a?s=96&d=identicon&r=g","caption":"Reconoce MX"},"description":"Reconoce MX es un proyecto de difusi\u00f3n art\u00edstica, cultural y de conciencia social que est\u00e1 enfocado a difundir y fomentar el entretenimiento alternativo de calidad para todo el p\u00fablico que comparta el mismo entusiasmo.","sameAs":["http:\/\/www.reconoce.mx"],"url":"https:\/\/www.reconoce.mx\/?author=2"}]}},"_links":{"self":[{"href":"https:\/\/www.reconoce.mx\/index.php?rest_route=\/wp\/v2\/posts\/71775","targetHints":{"allow":["GET"]}}],"collection":[{"href":"https:\/\/www.reconoce.mx\/index.php?rest_route=\/wp\/v2\/posts"}],"about":[{"href":"https:\/\/www.reconoce.mx\/index.php?rest_route=\/wp\/v2\/types\/post"}],"author":[{"embeddable":true,"href":"https:\/\/www.reconoce.mx\/index.php?rest_route=\/wp\/v2\/users\/2"}],"replies":[{"embeddable":true,"href":"https:\/\/www.reconoce.mx\/index.php?rest_route=%2Fwp%2Fv2%2Fcomments&post=71775"}],"version-history":[{"count":4,"href":"https:\/\/www.reconoce.mx\/index.php?rest_route=\/wp\/v2\/posts\/71775\/revisions"}],"predecessor-version":[{"id":71781,"href":"https:\/\/www.reconoce.mx\/index.php?rest_route=\/wp\/v2\/posts\/71775\/revisions\/71781"}],"wp:featuredmedia":[{"embeddable":true,"href":"https:\/\/www.reconoce.mx\/index.php?rest_route=\/wp\/v2\/media\/71780"}],"wp:attachment":[{"href":"https:\/\/www.reconoce.mx\/index.php?rest_route=%2Fwp%2Fv2%2Fmedia&parent=71775"}],"wp:term":[{"taxonomy":"category","embeddable":true,"href":"https:\/\/www.reconoce.mx\/index.php?rest_route=%2Fwp%2Fv2%2Fcategories&post=71775"},{"taxonomy":"post_tag","embeddable":true,"href":"https:\/\/www.reconoce.mx\/index.php?rest_route=%2Fwp%2Fv2%2Ftags&post=71775"}],"curies":[{"name":"wp","href":"https:\/\/api.w.org\/{rel}","templated":true}]}}