{"id":71782,"date":"2018-03-28T00:06:14","date_gmt":"2018-03-28T06:06:14","guid":{"rendered":"http:\/\/www.reconoce.mx\/?p=71782"},"modified":"2018-03-28T11:27:26","modified_gmt":"2018-03-28T17:27:26","slug":"64muestra-la-maestra","status":"publish","type":"post","link":"https:\/\/www.reconoce.mx\/?p=71782","title":{"rendered":"#64Muestra: \u00abLa maestra\u00bb"},"content":{"rendered":"<p><strong> Por <a title=\"@AsfaltosTweets\" href=\"http:\/\/twitter.com\/AsfaltosTweets\" target=\"_blank\" rel=\"noopener noreferrer\" data-slimstat-type=\"0\" data-slimstat-callback=\"false\" data-slimstat-tracking=\"true\">Asfaltos<\/a><\/strong>.<\/p>\n<p>Como han estado leyendo en estos d\u00edas, en <span style=\"color: #a81f25;\"><strong>Reconoce MX<\/strong><\/span> estamos viendo con mucho \u00e1nimo varias de las pel\u00edculas que forman parte de la <strong>64 Muestra Internacional de Cine en Cineteca Nacional<\/strong>. Un refresco necesario en medio de la muchas veces poco atractiva cartelera de cine comercial, as\u00ed defin\u00ed la nueva edici\u00f3n de la Muestra que hasta el momento en lo que he observado particularmente, vale cada una de las pel\u00edculas que en \u00e9sta se presentan. Ahora toca hablar de \u00abLa maestra\u00bb (2016) del checo <strong>Jan H\u0159ebejk<\/strong>.<\/p>\n<p><a href=\"http:\/\/www.reconoce.mx\/wp-content\/uploads\/2018\/03\/la-maestra-3.jpg\"><img loading=\"lazy\" decoding=\"async\" class=\"aligncenter size-full wp-image-71786\" src=\"http:\/\/www.reconoce.mx\/wp-content\/uploads\/2018\/03\/la-maestra-3.jpg\" alt=\"\" width=\"590\" height=\"380\" srcset=\"https:\/\/www.reconoce.mx\/wp-content\/uploads\/2018\/03\/la-maestra-3.jpg 590w, https:\/\/www.reconoce.mx\/wp-content\/uploads\/2018\/03\/la-maestra-3-300x193.jpg 300w, https:\/\/www.reconoce.mx\/wp-content\/uploads\/2018\/03\/la-maestra-3-150x97.jpg 150w\" sizes=\"auto, (max-width: 590px) 100vw, 590px\" \/><\/a><\/p>\n<p>Ambientada en la Checoslovaquia de los a\u00f1os 80, en pleno r\u00e9gimen socialista, en medio de la llamada Guerra Fr\u00eda, \u00abLa maestra\u00bb nos presenta la historia de <strong>Maria Drazdechova<\/strong>, la nueva profesora de una localidad cercana a Bratislava. En su presentaci\u00f3n, como maestra de un nutrido grupo de chicos, Drazdechova nos deja ver algunas actitudes que parecen poco comunes para alguien en su puesto. \u00abSe levantan, dan su nombre y me dicen a qu\u00e9 se dedican sus padres\u00bb, es lo primero que les pide una maestra que terminar\u00e1 por afectar no solo la vida de los estudiantes, sino la vida de ese particular grupo en la comunidad.<\/p>\n<p>A lo largo de la cinta, a partir de un gran gui\u00f3n que nos va dando a conocer de manera dosificada los detalles que nos ayudar\u00e1n a entender la trama, vamos conociendo que algo raro ha sucedido con esta maestra y sus alumnos; algo que iremos descubriendo conforme va avanzando la trama, mismo que despu\u00e9s me enter\u00e9 no con menos sorpresa se encuentra basado en hechos que realmente sucedieron.<\/p>\n<p><a href=\"http:\/\/www.reconoce.mx\/wp-content\/uploads\/2018\/03\/la-maestra-4.jpg\"><img loading=\"lazy\" decoding=\"async\" class=\"aligncenter size-full wp-image-71787\" src=\"http:\/\/www.reconoce.mx\/wp-content\/uploads\/2018\/03\/la-maestra-4.jpg\" alt=\"\" width=\"590\" height=\"380\" srcset=\"https:\/\/www.reconoce.mx\/wp-content\/uploads\/2018\/03\/la-maestra-4.jpg 590w, https:\/\/www.reconoce.mx\/wp-content\/uploads\/2018\/03\/la-maestra-4-300x193.jpg 300w, https:\/\/www.reconoce.mx\/wp-content\/uploads\/2018\/03\/la-maestra-4-150x97.jpg 150w\" sizes=\"auto, (max-width: 590px) 100vw, 590px\" \/><\/a><\/p>\n<p>Hay una escena al inicio de la pel\u00edcula que me pareci\u00f3 de gran manufactura. Mientras los chicos se van presentando vamos conociendo a la par a sus padres tambi\u00e9n en ese mismo sal\u00f3n de clases que se vuelve el escenario de una serie de luchas, todas ellas en efecto contra \u00abLa maestra\u00bb. La sociedad de ese tiempo, con muchos ecos no solo en la Europa de aquellos a\u00f1os, sino tambi\u00e9n en el M\u00e9xico de nuestros tiempos, es retratada de gran manera por el excelente casting de la cinta muy bien dirigido por el director.<\/p>\n<p>M\u00e1s all\u00e1 de una serie de conflictos entre maestra y alumnos, y entre maestra y padres, lo que <strong>Jan H\u0159ebejk<\/strong> logra captar con ingenio a partir del gui\u00f3n de<strong> Petr Jarchovsk\u00fd<\/strong>, es la lucha que se da frente a un poder que con toda su intensidad enfrenta a las minor\u00edas que o se sujetan a lo que se les obliga, o no con pocas dificultades le efrentan sin saber siquiera si el final ser\u00e1 o no favorable.<\/p>\n<p><a href=\"http:\/\/www.reconoce.mx\/wp-content\/uploads\/2018\/03\/la-maestra-1.jpg\"><img loading=\"lazy\" decoding=\"async\" class=\"aligncenter size-full wp-image-71784\" src=\"http:\/\/www.reconoce.mx\/wp-content\/uploads\/2018\/03\/la-maestra-1.jpg\" alt=\"\" width=\"590\" height=\"380\" srcset=\"https:\/\/www.reconoce.mx\/wp-content\/uploads\/2018\/03\/la-maestra-1.jpg 590w, https:\/\/www.reconoce.mx\/wp-content\/uploads\/2018\/03\/la-maestra-1-300x193.jpg 300w, https:\/\/www.reconoce.mx\/wp-content\/uploads\/2018\/03\/la-maestra-1-150x97.jpg 150w\" sizes=\"auto, (max-width: 590px) 100vw, 590px\" \/><\/a><\/p>\n<p>La pel\u00edcula sin quererlo ofrece una muy necesaria reflexi\u00f3n en tiempos como los que vivimos en M\u00e9xico, donde la apat\u00eda social por enfrentar las injusticias y abusos evidentes gana por encima de aquellos \u00e1nimos m\u00e1s aguerridos de quienes buscan un cambio sin temer las consecuencias. La verdad es que toda esta serie de conflictos presentados en \u00abLa maestra\u00bb la hacen adem\u00e1s de una cinta entretenida, un trabajo relevante que bien valdr\u00eda la pena ver para posteriormente desmenuzar en buena coma\u00f1\u00eda.<\/p>\n<p><strong>Zuzana Maur\u00e9ry<\/strong> interpretando a \u00abLa maestra\u00bb es francamente maravillosa. En verdad llega uno sentir lo que los dem\u00e1s personajes piensan de ella. Los dem\u00e1s actores, en papeles menos protagonistas, logran trabajos excepcionales que nos logran meter de lleno en la pel\u00edcula que <strong>Jan H\u0159ebejk<\/strong> nos presenta. Me fascin\u00f3 ese paralelismo entre padres e hijos; se llevar\u00e1n una grata sorpresa en la conclusi\u00f3n de la historia.<\/p>\n<style>.embed-container { position: relative; padding-bottom: 56.25%; height: 0; overflow: hidden; max-width: 100%; } .embed-container iframe, .embed-container object, .embed-container embed { position: absolute; top: 0; left: 0; width: 100%; height: 100%; }<\/style>\n<div class='embed-container'><iframe src='https:\/\/www.youtube.com\/embed\/sWm5a2IwZdc' frameborder='0' allowfullscreen><\/iframe><\/div>\n<p>&nbsp;<\/p>\n<p>Recomendaci\u00f3n absolutamente imperdible resulta sin duda \u00abLa maestra\u00bb como parte de la 64 Muestra. Cr\u00e9anme que se llevar\u00e1n una grat\u00edsima sorpresa vi\u00e9ndola en pantalla; y cr\u00e9anme tambi\u00e9n que les har\u00e1 pensar de m\u00e1s en estas fechas en particular.<\/p>\n<p>\u00abLa maestra\u00bb es parte de la <a href=\"http:\/\/www.reconoce.mx\/la-cita-esperada-llega-la-64-muestra-internacional-de-cine\/\" target=\"_blank\" rel=\"noopener\"><strong>64 Muestra Internacional de Cine<\/strong><\/a> que se exhibe en pantallas de <strong>Cineteca Nacional<\/strong> hasta el pr\u00f3ximo 9 de abril; la Muestra recorrer\u00e1 posteriormente el circuito cultural del \u00c1rea Metropolitana desde el 30 de marzo en sedes de Cinemex, Cin\u00e9polis, de la UNAM, del IPN y salas como el IFAL, Cineman\u00eda Loreto, La Casa del Cine y Cine Tonal\u00e1.<\/p>\n<p style=\"text-align: right;\">Con im\u00e1genes cortes\u00eda de<strong> Cineteca Nacional<\/strong>.<\/p>\n<p>&nbsp;<\/p>\n<p>&nbsp;<\/p>\n","protected":false},"excerpt":{"rendered":"<p>Como han estado leyendo en estos d\u00edas, en Reconoce MX estamos viendo con mucho \u00e1nimo varias de las pel\u00edculas que forman parte de la 64 Muestra Internacional de Cine en Cineteca Nacional.<\/p>\n","protected":false},"author":2,"featured_media":71785,"comment_status":"open","ping_status":"open","sticky":false,"template":"","format":"standard","meta":{"footnotes":""},"categories":[24,1,17],"tags":[],"class_list":["post-71782","post","type-post","status-publish","format-standard","has-post-thumbnail","hentry","category-cine","category-cultura","category-principal"],"yoast_head":"<!-- This site is optimized with the Yoast SEO plugin v24.7 - https:\/\/yoast.com\/wordpress\/plugins\/seo\/ -->\n<title>#64Muestra: &quot;La maestra&quot; &#171; Reconoce MX<\/title>\n<meta name=\"robots\" content=\"index, follow, max-snippet:-1, max-image-preview:large, max-video-preview:-1\" \/>\n<link rel=\"canonical\" href=\"https:\/\/www.reconoce.mx\/?p=71782\" \/>\n<meta property=\"og:locale\" content=\"es_ES\" \/>\n<meta property=\"og:type\" content=\"article\" \/>\n<meta property=\"og:title\" content=\"#64Muestra: &quot;La maestra&quot; &#171; Reconoce MX\" \/>\n<meta property=\"og:description\" content=\"Como han estado leyendo en estos d\u00edas, en Reconoce MX estamos viendo con mucho \u00e1nimo varias de las pel\u00edculas que forman parte de la 64 Muestra Internacional de Cine en Cineteca Nacional.\" \/>\n<meta property=\"og:url\" content=\"https:\/\/www.reconoce.mx\/?p=71782\" \/>\n<meta property=\"og:site_name\" content=\"Reconoce MX\" \/>\n<meta property=\"article:publisher\" content=\"https:\/\/es-la.facebook.com\/ReconoceMX\/\" \/>\n<meta property=\"article:published_time\" content=\"2018-03-28T06:06:14+00:00\" \/>\n<meta property=\"article:modified_time\" content=\"2018-03-28T17:27:26+00:00\" \/>\n<meta property=\"og:image\" content=\"https:\/\/www.reconoce.mx\/wp-content\/uploads\/2018\/03\/la-maestra-2.jpg\" \/>\n\t<meta property=\"og:image:width\" content=\"590\" \/>\n\t<meta property=\"og:image:height\" content=\"380\" \/>\n\t<meta property=\"og:image:type\" content=\"image\/jpeg\" \/>\n<meta name=\"author\" content=\"Reconoce MX\" \/>\n<meta name=\"twitter:card\" content=\"summary_large_image\" \/>\n<meta name=\"twitter:creator\" content=\"@reconocemx\" \/>\n<meta name=\"twitter:site\" content=\"@reconocemx\" \/>\n<meta name=\"twitter:label1\" content=\"Escrito por\" \/>\n\t<meta name=\"twitter:data1\" content=\"Reconoce MX\" \/>\n\t<meta name=\"twitter:label2\" content=\"Tiempo de lectura\" \/>\n\t<meta name=\"twitter:data2\" content=\"4 minutos\" \/>\n<script type=\"application\/ld+json\" class=\"yoast-schema-graph\">{\"@context\":\"https:\/\/schema.org\",\"@graph\":[{\"@type\":\"Article\",\"@id\":\"https:\/\/www.reconoce.mx\/?p=71782#article\",\"isPartOf\":{\"@id\":\"https:\/\/www.reconoce.mx\/?p=71782\"},\"author\":{\"name\":\"Reconoce MX\",\"@id\":\"http:\/\/www.reconoce.mx\/#\/schema\/person\/2117e997d7051dc15d6880eaf9bca0b2\"},\"headline\":\"#64Muestra: \u00abLa maestra\u00bb\",\"datePublished\":\"2018-03-28T06:06:14+00:00\",\"dateModified\":\"2018-03-28T17:27:26+00:00\",\"mainEntityOfPage\":{\"@id\":\"https:\/\/www.reconoce.mx\/?p=71782\"},\"wordCount\":737,\"commentCount\":0,\"publisher\":{\"@id\":\"http:\/\/www.reconoce.mx\/#organization\"},\"image\":{\"@id\":\"https:\/\/www.reconoce.mx\/?p=71782#primaryimage\"},\"thumbnailUrl\":\"https:\/\/www.reconoce.mx\/wp-content\/uploads\/2018\/03\/la-maestra-2.jpg\",\"articleSection\":[\"Cine\",\"Cultura\",\"Principal\"],\"inLanguage\":\"es\",\"potentialAction\":[{\"@type\":\"CommentAction\",\"name\":\"Comment\",\"target\":[\"https:\/\/www.reconoce.mx\/?p=71782#respond\"]}]},{\"@type\":\"WebPage\",\"@id\":\"https:\/\/www.reconoce.mx\/?p=71782\",\"url\":\"https:\/\/www.reconoce.mx\/?p=71782\",\"name\":\"#64Muestra: \\\"La maestra\\\" &#171; Reconoce MX\",\"isPartOf\":{\"@id\":\"http:\/\/www.reconoce.mx\/#website\"},\"primaryImageOfPage\":{\"@id\":\"https:\/\/www.reconoce.mx\/?p=71782#primaryimage\"},\"image\":{\"@id\":\"https:\/\/www.reconoce.mx\/?p=71782#primaryimage\"},\"thumbnailUrl\":\"https:\/\/www.reconoce.mx\/wp-content\/uploads\/2018\/03\/la-maestra-2.jpg\",\"datePublished\":\"2018-03-28T06:06:14+00:00\",\"dateModified\":\"2018-03-28T17:27:26+00:00\",\"breadcrumb\":{\"@id\":\"https:\/\/www.reconoce.mx\/?p=71782#breadcrumb\"},\"inLanguage\":\"es\",\"potentialAction\":[{\"@type\":\"ReadAction\",\"target\":[\"https:\/\/www.reconoce.mx\/?p=71782\"]}]},{\"@type\":\"ImageObject\",\"inLanguage\":\"es\",\"@id\":\"https:\/\/www.reconoce.mx\/?p=71782#primaryimage\",\"url\":\"https:\/\/www.reconoce.mx\/wp-content\/uploads\/2018\/03\/la-maestra-2.jpg\",\"contentUrl\":\"https:\/\/www.reconoce.mx\/wp-content\/uploads\/2018\/03\/la-maestra-2.jpg\",\"width\":590,\"height\":380},{\"@type\":\"BreadcrumbList\",\"@id\":\"https:\/\/www.reconoce.mx\/?p=71782#breadcrumb\",\"itemListElement\":[{\"@type\":\"ListItem\",\"position\":1,\"name\":\"Portada\",\"item\":\"http:\/\/www.reconoce.mx\/\"},{\"@type\":\"ListItem\",\"position\":2,\"name\":\"#64Muestra: \u00abLa maestra\u00bb\"}]},{\"@type\":\"WebSite\",\"@id\":\"http:\/\/www.reconoce.mx\/#website\",\"url\":\"http:\/\/www.reconoce.mx\/\",\"name\":\"Reconoce MX\",\"description\":\"En Reconoce MX difundimos arte, cultura y conciencia social en M\u00e9xico. Tu ciudad en otra perspectiva.\",\"publisher\":{\"@id\":\"http:\/\/www.reconoce.mx\/#organization\"},\"potentialAction\":[{\"@type\":\"SearchAction\",\"target\":{\"@type\":\"EntryPoint\",\"urlTemplate\":\"http:\/\/www.reconoce.mx\/?s={search_term_string}\"},\"query-input\":{\"@type\":\"PropertyValueSpecification\",\"valueRequired\":true,\"valueName\":\"search_term_string\"}}],\"inLanguage\":\"es\"},{\"@type\":\"Organization\",\"@id\":\"http:\/\/www.reconoce.mx\/#organization\",\"name\":\"Reconoce MX\",\"url\":\"http:\/\/www.reconoce.mx\/\",\"logo\":{\"@type\":\"ImageObject\",\"inLanguage\":\"es\",\"@id\":\"http:\/\/www.reconoce.mx\/#\/schema\/logo\/image\/\",\"url\":\"https:\/\/www.reconoce.mx\/wp-content\/uploads\/2019\/03\/logorcmx-good-1.png\",\"contentUrl\":\"https:\/\/www.reconoce.mx\/wp-content\/uploads\/2019\/03\/logorcmx-good-1.png\",\"width\":280,\"height\":90,\"caption\":\"Reconoce MX\"},\"image\":{\"@id\":\"http:\/\/www.reconoce.mx\/#\/schema\/logo\/image\/\"},\"sameAs\":[\"https:\/\/es-la.facebook.com\/ReconoceMX\/\",\"https:\/\/x.com\/reconocemx\",\"http:\/\/@reconocemx\"]},{\"@type\":\"Person\",\"@id\":\"http:\/\/www.reconoce.mx\/#\/schema\/person\/2117e997d7051dc15d6880eaf9bca0b2\",\"name\":\"Reconoce MX\",\"image\":{\"@type\":\"ImageObject\",\"inLanguage\":\"es\",\"@id\":\"http:\/\/www.reconoce.mx\/#\/schema\/person\/image\/\",\"url\":\"https:\/\/secure.gravatar.com\/avatar\/6c8d4dc7569ca1c90c5fdcc349f839d5ddef6fe1e70b4337ead2ef1a4c43fc3a?s=96&d=identicon&r=g\",\"contentUrl\":\"https:\/\/secure.gravatar.com\/avatar\/6c8d4dc7569ca1c90c5fdcc349f839d5ddef6fe1e70b4337ead2ef1a4c43fc3a?s=96&d=identicon&r=g\",\"caption\":\"Reconoce MX\"},\"description\":\"Reconoce MX es un proyecto de difusi\u00f3n art\u00edstica, cultural y de conciencia social que est\u00e1 enfocado a difundir y fomentar el entretenimiento alternativo de calidad para todo el p\u00fablico que comparta el mismo entusiasmo.\",\"sameAs\":[\"http:\/\/www.reconoce.mx\"],\"url\":\"https:\/\/www.reconoce.mx\/?author=2\"}]}<\/script>\n<!-- \/ Yoast SEO plugin. -->","yoast_head_json":{"title":"#64Muestra: \"La maestra\" &#171; Reconoce MX","robots":{"index":"index","follow":"follow","max-snippet":"max-snippet:-1","max-image-preview":"max-image-preview:large","max-video-preview":"max-video-preview:-1"},"canonical":"https:\/\/www.reconoce.mx\/?p=71782","og_locale":"es_ES","og_type":"article","og_title":"#64Muestra: \"La maestra\" &#171; Reconoce MX","og_description":"Como han estado leyendo en estos d\u00edas, en Reconoce MX estamos viendo con mucho \u00e1nimo varias de las pel\u00edculas que forman parte de la 64 Muestra Internacional de Cine en Cineteca Nacional.","og_url":"https:\/\/www.reconoce.mx\/?p=71782","og_site_name":"Reconoce MX","article_publisher":"https:\/\/es-la.facebook.com\/ReconoceMX\/","article_published_time":"2018-03-28T06:06:14+00:00","article_modified_time":"2018-03-28T17:27:26+00:00","og_image":[{"width":590,"height":380,"url":"https:\/\/www.reconoce.mx\/wp-content\/uploads\/2018\/03\/la-maestra-2.jpg","type":"image\/jpeg"}],"author":"Reconoce MX","twitter_card":"summary_large_image","twitter_creator":"@reconocemx","twitter_site":"@reconocemx","twitter_misc":{"Escrito por":"Reconoce MX","Tiempo de lectura":"4 minutos"},"schema":{"@context":"https:\/\/schema.org","@graph":[{"@type":"Article","@id":"https:\/\/www.reconoce.mx\/?p=71782#article","isPartOf":{"@id":"https:\/\/www.reconoce.mx\/?p=71782"},"author":{"name":"Reconoce MX","@id":"http:\/\/www.reconoce.mx\/#\/schema\/person\/2117e997d7051dc15d6880eaf9bca0b2"},"headline":"#64Muestra: \u00abLa maestra\u00bb","datePublished":"2018-03-28T06:06:14+00:00","dateModified":"2018-03-28T17:27:26+00:00","mainEntityOfPage":{"@id":"https:\/\/www.reconoce.mx\/?p=71782"},"wordCount":737,"commentCount":0,"publisher":{"@id":"http:\/\/www.reconoce.mx\/#organization"},"image":{"@id":"https:\/\/www.reconoce.mx\/?p=71782#primaryimage"},"thumbnailUrl":"https:\/\/www.reconoce.mx\/wp-content\/uploads\/2018\/03\/la-maestra-2.jpg","articleSection":["Cine","Cultura","Principal"],"inLanguage":"es","potentialAction":[{"@type":"CommentAction","name":"Comment","target":["https:\/\/www.reconoce.mx\/?p=71782#respond"]}]},{"@type":"WebPage","@id":"https:\/\/www.reconoce.mx\/?p=71782","url":"https:\/\/www.reconoce.mx\/?p=71782","name":"#64Muestra: \"La maestra\" &#171; Reconoce MX","isPartOf":{"@id":"http:\/\/www.reconoce.mx\/#website"},"primaryImageOfPage":{"@id":"https:\/\/www.reconoce.mx\/?p=71782#primaryimage"},"image":{"@id":"https:\/\/www.reconoce.mx\/?p=71782#primaryimage"},"thumbnailUrl":"https:\/\/www.reconoce.mx\/wp-content\/uploads\/2018\/03\/la-maestra-2.jpg","datePublished":"2018-03-28T06:06:14+00:00","dateModified":"2018-03-28T17:27:26+00:00","breadcrumb":{"@id":"https:\/\/www.reconoce.mx\/?p=71782#breadcrumb"},"inLanguage":"es","potentialAction":[{"@type":"ReadAction","target":["https:\/\/www.reconoce.mx\/?p=71782"]}]},{"@type":"ImageObject","inLanguage":"es","@id":"https:\/\/www.reconoce.mx\/?p=71782#primaryimage","url":"https:\/\/www.reconoce.mx\/wp-content\/uploads\/2018\/03\/la-maestra-2.jpg","contentUrl":"https:\/\/www.reconoce.mx\/wp-content\/uploads\/2018\/03\/la-maestra-2.jpg","width":590,"height":380},{"@type":"BreadcrumbList","@id":"https:\/\/www.reconoce.mx\/?p=71782#breadcrumb","itemListElement":[{"@type":"ListItem","position":1,"name":"Portada","item":"http:\/\/www.reconoce.mx\/"},{"@type":"ListItem","position":2,"name":"#64Muestra: \u00abLa maestra\u00bb"}]},{"@type":"WebSite","@id":"http:\/\/www.reconoce.mx\/#website","url":"http:\/\/www.reconoce.mx\/","name":"Reconoce MX","description":"En Reconoce MX difundimos arte, cultura y conciencia social en M\u00e9xico. Tu ciudad en otra perspectiva.","publisher":{"@id":"http:\/\/www.reconoce.mx\/#organization"},"potentialAction":[{"@type":"SearchAction","target":{"@type":"EntryPoint","urlTemplate":"http:\/\/www.reconoce.mx\/?s={search_term_string}"},"query-input":{"@type":"PropertyValueSpecification","valueRequired":true,"valueName":"search_term_string"}}],"inLanguage":"es"},{"@type":"Organization","@id":"http:\/\/www.reconoce.mx\/#organization","name":"Reconoce MX","url":"http:\/\/www.reconoce.mx\/","logo":{"@type":"ImageObject","inLanguage":"es","@id":"http:\/\/www.reconoce.mx\/#\/schema\/logo\/image\/","url":"https:\/\/www.reconoce.mx\/wp-content\/uploads\/2019\/03\/logorcmx-good-1.png","contentUrl":"https:\/\/www.reconoce.mx\/wp-content\/uploads\/2019\/03\/logorcmx-good-1.png","width":280,"height":90,"caption":"Reconoce MX"},"image":{"@id":"http:\/\/www.reconoce.mx\/#\/schema\/logo\/image\/"},"sameAs":["https:\/\/es-la.facebook.com\/ReconoceMX\/","https:\/\/x.com\/reconocemx","http:\/\/@reconocemx"]},{"@type":"Person","@id":"http:\/\/www.reconoce.mx\/#\/schema\/person\/2117e997d7051dc15d6880eaf9bca0b2","name":"Reconoce MX","image":{"@type":"ImageObject","inLanguage":"es","@id":"http:\/\/www.reconoce.mx\/#\/schema\/person\/image\/","url":"https:\/\/secure.gravatar.com\/avatar\/6c8d4dc7569ca1c90c5fdcc349f839d5ddef6fe1e70b4337ead2ef1a4c43fc3a?s=96&d=identicon&r=g","contentUrl":"https:\/\/secure.gravatar.com\/avatar\/6c8d4dc7569ca1c90c5fdcc349f839d5ddef6fe1e70b4337ead2ef1a4c43fc3a?s=96&d=identicon&r=g","caption":"Reconoce MX"},"description":"Reconoce MX es un proyecto de difusi\u00f3n art\u00edstica, cultural y de conciencia social que est\u00e1 enfocado a difundir y fomentar el entretenimiento alternativo de calidad para todo el p\u00fablico que comparta el mismo entusiasmo.","sameAs":["http:\/\/www.reconoce.mx"],"url":"https:\/\/www.reconoce.mx\/?author=2"}]}},"_links":{"self":[{"href":"https:\/\/www.reconoce.mx\/index.php?rest_route=\/wp\/v2\/posts\/71782","targetHints":{"allow":["GET"]}}],"collection":[{"href":"https:\/\/www.reconoce.mx\/index.php?rest_route=\/wp\/v2\/posts"}],"about":[{"href":"https:\/\/www.reconoce.mx\/index.php?rest_route=\/wp\/v2\/types\/post"}],"author":[{"embeddable":true,"href":"https:\/\/www.reconoce.mx\/index.php?rest_route=\/wp\/v2\/users\/2"}],"replies":[{"embeddable":true,"href":"https:\/\/www.reconoce.mx\/index.php?rest_route=%2Fwp%2Fv2%2Fcomments&post=71782"}],"version-history":[{"count":3,"href":"https:\/\/www.reconoce.mx\/index.php?rest_route=\/wp\/v2\/posts\/71782\/revisions"}],"predecessor-version":[{"id":71789,"href":"https:\/\/www.reconoce.mx\/index.php?rest_route=\/wp\/v2\/posts\/71782\/revisions\/71789"}],"wp:featuredmedia":[{"embeddable":true,"href":"https:\/\/www.reconoce.mx\/index.php?rest_route=\/wp\/v2\/media\/71785"}],"wp:attachment":[{"href":"https:\/\/www.reconoce.mx\/index.php?rest_route=%2Fwp%2Fv2%2Fmedia&parent=71782"}],"wp:term":[{"taxonomy":"category","embeddable":true,"href":"https:\/\/www.reconoce.mx\/index.php?rest_route=%2Fwp%2Fv2%2Fcategories&post=71782"},{"taxonomy":"post_tag","embeddable":true,"href":"https:\/\/www.reconoce.mx\/index.php?rest_route=%2Fwp%2Fv2%2Ftags&post=71782"}],"curies":[{"name":"wp","href":"https:\/\/api.w.org\/{rel}","templated":true}]}}