{"id":71797,"date":"2018-03-29T00:03:36","date_gmt":"2018-03-29T06:03:36","guid":{"rendered":"http:\/\/www.reconoce.mx\/?p=71797"},"modified":"2018-03-29T11:24:20","modified_gmt":"2018-03-29T17:24:20","slug":"el-elegido-la-pasion-de-cristo-a-la-mexicana","status":"publish","type":"post","link":"https:\/\/www.reconoce.mx\/?p=71797","title":{"rendered":"\u00abEl elegido\u00bb: la Pasi\u00f3n de Cristo \u00aba la mexicana\u00bb"},"content":{"rendered":"<p><strong> Por <a title=\"@AsfaltosTweets\" href=\"http:\/\/twitter.com\/AsfaltosTweets\" target=\"_blank\" rel=\"noopener noreferrer\" data-slimstat-type=\"0\" data-slimstat-callback=\"false\" data-slimstat-tracking=\"true\">Asfaltos<\/a><\/strong>.<\/p>\n<p>Mencionar a <strong>Servando Gonz\u00e1lez Hern\u00e1ndez<\/strong> genera pol\u00e9mica. Si bien dentro de su filmograf\u00eda se encuentran las celebradas \u00ab<a href=\"http:\/\/www.reconoce.mx\/el-escapulario-dando-miedo-muy-a-la-mexicana\/\" target=\"_blank\" rel=\"noopener\">El escapulario<\/a>\u00ab, \u00abViento negro\u00bb (1964), \u00ab\u00bfDe qu\u00e9 color es el viento?\u00bb (1972) y \u00abLas grandes aguas\u00bb (1978) -entre otras-, as\u00ed como \u00abFool Killer\u00bb (1965) -primer cinta en Hollywood dirigida por un mexicano-, su nombre no dejar\u00e1 nunca de estar relacionado con el hecho de que \u00e9l fue comisionado y pagado para filmar aquel m\u00edtin que termin\u00f3 en la matanza de estudiantes en Tlatelolco en 1968. M\u00e1s sobre \u00e9sto se puede revisar en \u00abLos rollos perdidos\u00bb -trabajo del que prometo escribir pronto-, as\u00ed como <a href=\"http:\/\/www.jornada.unam.mx\/2007\/08\/22\/index.php?section=espectaculos&amp;article=a08n1esp\" target=\"_blank\" rel=\"noopener\">en esta entrevista al propio Servando por parte de <strong>La Jornada<\/strong><\/a>.<\/p>\n<p><a href=\"http:\/\/www.reconoce.mx\/wp-content\/uploads\/2018\/03\/el-elegido-2.jpg\"><img loading=\"lazy\" decoding=\"async\" class=\"aligncenter size-full wp-image-71799\" src=\"http:\/\/www.reconoce.mx\/wp-content\/uploads\/2018\/03\/el-elegido-2.jpg\" alt=\"\" width=\"590\" height=\"380\" srcset=\"https:\/\/www.reconoce.mx\/wp-content\/uploads\/2018\/03\/el-elegido-2.jpg 590w, https:\/\/www.reconoce.mx\/wp-content\/uploads\/2018\/03\/el-elegido-2-300x193.jpg 300w, https:\/\/www.reconoce.mx\/wp-content\/uploads\/2018\/03\/el-elegido-2-150x97.jpg 150w\" sizes=\"auto, (max-width: 590px) 100vw, 590px\" \/><\/a><\/p>\n<p>Sin embargo, m\u00e1s all\u00e1 de la pol\u00e9mica y de su relaci\u00f3n s\u00f3lida con un gobierno tan pol\u00e9mico como el de Echeverr\u00eda \u00c1lvarez -del que fue parte-, <strong>Servando Gonz\u00e1lez Hern\u00e1ndez<\/strong> fue un buen cineasta; de hecho uno muy bueno. Su trabajo en \u00abEl escapulario\u00bb, <a href=\"http:\/\/www.reconoce.mx\/el-escapulario-dando-miedo-muy-a-la-mexicana\/\" target=\"_blank\" rel=\"noopener\">cuya rese\u00f1a pueden leer aqu\u00ed<\/a>, lo pone como uno de los mejores directores de cine mexicano, y tambi\u00e9n uno de los m\u00e1s interesantes. En pleno Jueves Santo, revisando materiales para compartirles con motivo de estos d\u00edas, me top\u00e9 con el hecho de que se proyectar\u00eda en la Central de Abastos \u00abEl elegido\u00bb del propio Gonz\u00e1lez Hern\u00e1ndez.<\/p>\n<p>La cinta se desarrolla en el M\u00e9xico de los 70, en un lugar que bien podr\u00eda ser Iztapalapa en Ciudad de M\u00e9xico, pero que tambi\u00e9n podr\u00eda ser cualquier otro pueblo en este pa\u00eds. Ah\u00ed, en ese sitio, se planea la representaci\u00f3n popular de la Pasi\u00f3n de Cristo; cuyo papel de Jes\u00fas es asignado un tanto a la fuerza al taxista Andr\u00e9s (<strong>Manuel Ojeda<\/strong>). El \u00abhonor\u00bb no es visto como tal por Andr\u00e9s, cuyo pasado familiar ha marcado que aquel que es \u00abEl elegido\u00bb, termina por ser v\u00edctima tambi\u00e9n v\u00edctima de otra tragedia.<\/p>\n<p><a href=\"http:\/\/www.reconoce.mx\/wp-content\/uploads\/2018\/03\/el-elegido-3.jpg\"><img loading=\"lazy\" decoding=\"async\" class=\"aligncenter size-full wp-image-71800\" src=\"http:\/\/www.reconoce.mx\/wp-content\/uploads\/2018\/03\/el-elegido-3.jpg\" alt=\"\" width=\"590\" height=\"380\" srcset=\"https:\/\/www.reconoce.mx\/wp-content\/uploads\/2018\/03\/el-elegido-3.jpg 590w, https:\/\/www.reconoce.mx\/wp-content\/uploads\/2018\/03\/el-elegido-3-300x193.jpg 300w, https:\/\/www.reconoce.mx\/wp-content\/uploads\/2018\/03\/el-elegido-3-150x97.jpg 150w\" sizes=\"auto, (max-width: 590px) 100vw, 590px\" \/><\/a><\/p>\n<p>Adem\u00e1s para Andr\u00e9s todo termina siendo un circo, algo de lo que en esta ocasi\u00f3n \u00e9l no quiere nada que ver, aunque su muy religiosa as\u00ed se lo insista. Sin embargo la franca negativa no solo ofende a su madre, sino tambi\u00e9n a muchos en el pueblo que ven mal que rechace tan importante distinci\u00f3n; uno de ellos, ofuscado profundamente, manda a golpearle para hacerle reflexionar y obligarle a recapacitar. Tras la golpiza, Andr\u00e9s, el Jes\u00fas del pueblo, se encuentra con la prostituta Paz (<strong>Katy Jurado<\/strong>), la Mar\u00eda Magdalena de la representaci\u00f3n con quien encuentra amor y piedad.<\/p>\n<p>Con una producci\u00f3n limitada, aunque con los recursos cinematogr\u00e1ficos que se le conoc\u00edan, <strong>Servando Gonz\u00e1lez Hern\u00e1ndez<\/strong> nos regala en \u00abEl elegido\u00bb un dram\u00f3n crudo con la marca de la casa. Con un gui\u00f3n del propio Servando, junto con<strong> Jes\u00fas Mar\u00edn Bello<\/strong> y <strong>Luis Llorente<\/strong> basados en la pieza teatral \u00abEl crucificado\u00bb de <strong>Carlos Sol\u00f3rzano<\/strong>, \u00abEl elegido\u00bb nos presenta la versi\u00f3n mexicana de la Pasi\u00f3n de Cristo. La crudeza del M\u00e9xico de ese entonces, con muchos ecos al M\u00e9xico de nuestros d\u00edas, se plasma de manera magistral en un drama que estremece, y apachurra.<\/p>\n<p><a href=\"http:\/\/www.reconoce.mx\/wp-content\/uploads\/2018\/03\/el-elegido-5.jpg\"><img loading=\"lazy\" decoding=\"async\" class=\"aligncenter size-full wp-image-71802\" src=\"http:\/\/www.reconoce.mx\/wp-content\/uploads\/2018\/03\/el-elegido-5.jpg\" alt=\"\" width=\"590\" height=\"380\" srcset=\"https:\/\/www.reconoce.mx\/wp-content\/uploads\/2018\/03\/el-elegido-5.jpg 590w, https:\/\/www.reconoce.mx\/wp-content\/uploads\/2018\/03\/el-elegido-5-300x193.jpg 300w, https:\/\/www.reconoce.mx\/wp-content\/uploads\/2018\/03\/el-elegido-5-150x97.jpg 150w\" sizes=\"auto, (max-width: 590px) 100vw, 590px\" \/><\/a><\/p>\n<p>Desde luego que la ya mencionada producci\u00f3n termina por producir m\u00e1s gracia que pena: el doblaje de la cinta, la limitada capacidad de muchos de los actores; pero tambi\u00e9n se percibe la buena direcci\u00f3n tras la c\u00e1mara, inclusive la fotograf\u00eda que termina por redondear la intenci\u00f3n del director con la historia. Aunque parezca vulgar, la representaci\u00f3n del pueblo si bien podr\u00eda resultar f\u00e1rsica para algunos, no deja de ser cercana y cruda. En el mar de albures y situaciones rid\u00edculas y c\u00f3micas; navega la rudeza y crudeza de los dramas cotidianos, del dolor de todos los d\u00edas.<\/p>\n<p>\u00abEl elegido\u00bb de <strong>Servando Gonz\u00e1lez Hern\u00e1ndez<\/strong> es la Pasi\u00f3n de Cristo \u00aba la mexicana\u00bb. Una cinta que nos regala un retrato necesario que invita a la reflexi\u00f3n. Los momentos finales de la cinta, justamente los \u00faltimos instantes del paso del Jes\u00fas vivo de carne y hueso sobre la Tierra, resultan poes\u00eda visual que contrasta lo bello con lo grotezco; lo humano con&#8230; lo humano.<\/p>\n<p><a href=\"http:\/\/www.reconoce.mx\/wp-content\/uploads\/2018\/03\/el-elegido-1.jpg\"><img loading=\"lazy\" decoding=\"async\" class=\"aligncenter size-full wp-image-71798\" src=\"http:\/\/www.reconoce.mx\/wp-content\/uploads\/2018\/03\/el-elegido-1.jpg\" alt=\"\" width=\"590\" height=\"380\" srcset=\"https:\/\/www.reconoce.mx\/wp-content\/uploads\/2018\/03\/el-elegido-1.jpg 590w, https:\/\/www.reconoce.mx\/wp-content\/uploads\/2018\/03\/el-elegido-1-300x193.jpg 300w, https:\/\/www.reconoce.mx\/wp-content\/uploads\/2018\/03\/el-elegido-1-150x97.jpg 150w\" sizes=\"auto, (max-width: 590px) 100vw, 590px\" \/><\/a><\/p>\n<p>Si bien la proyecci\u00f3n de \u00abEl elegido\u00bb ya se realiz\u00f3 el d\u00eda de ayer en <strong>Central de Abastos<\/strong>, no dejen de ver la exposici\u00f3n gratuita \u00abLa Pasi\u00f3n de Cristo\u00bb de lunes a viernes, de 10:00 a 15:00 horas, hasta el 19 de abril en el lobby de la <strong>Bodega del Arte<\/strong>. M\u00e1s informaci\u00f3n, <a href=\"http:\/\/www.reconoce.mx\/la-pasion-de-cristo%E2%80%8B-de-iztapalapa-en-la-central-de-abasto\/\" target=\"_blank\" rel=\"noopener\">aqu\u00ed<\/a>. Si encuentran la pel\u00edcula (si le buscan bien en internet la hallar\u00e1n), no pierdan la oportunidad de verla.<\/p>\n<p>&nbsp;<\/p>\n<p>&nbsp;<\/p>\n","protected":false},"excerpt":{"rendered":"<p>La cinta se desarrolla en el M\u00e9xico de los 70, en un lugar que bien podr\u00eda ser Iztapalapa en Ciudad de M\u00e9xico, pero que tambi\u00e9n podr\u00eda ser cualquier otro pueblo en este pa\u00eds.<\/p>\n","protected":false},"author":2,"featured_media":71801,"comment_status":"open","ping_status":"open","sticky":false,"template":"","format":"standard","meta":{"footnotes":""},"categories":[24,1,17],"tags":[],"class_list":["post-71797","post","type-post","status-publish","format-standard","has-post-thumbnail","hentry","category-cine","category-cultura","category-principal"],"yoast_head":"<!-- This site is optimized with the Yoast SEO plugin v24.7 - https:\/\/yoast.com\/wordpress\/plugins\/seo\/ -->\n<title>&quot;El elegido&quot;: la Pasi\u00f3n de Cristo &quot;a la mexicana&quot; &#171; Reconoce MX<\/title>\n<meta name=\"robots\" content=\"index, follow, max-snippet:-1, max-image-preview:large, max-video-preview:-1\" \/>\n<link rel=\"canonical\" href=\"https:\/\/www.reconoce.mx\/?p=71797\" \/>\n<meta property=\"og:locale\" content=\"es_ES\" \/>\n<meta property=\"og:type\" content=\"article\" \/>\n<meta property=\"og:title\" content=\"&quot;El elegido&quot;: la Pasi\u00f3n de Cristo &quot;a la mexicana&quot; &#171; Reconoce MX\" \/>\n<meta property=\"og:description\" content=\"La cinta se desarrolla en el M\u00e9xico de los 70, en un lugar que bien podr\u00eda ser Iztapalapa en Ciudad de M\u00e9xico, pero que tambi\u00e9n podr\u00eda ser cualquier otro pueblo en este pa\u00eds.\" \/>\n<meta property=\"og:url\" content=\"https:\/\/www.reconoce.mx\/?p=71797\" \/>\n<meta property=\"og:site_name\" content=\"Reconoce MX\" \/>\n<meta property=\"article:publisher\" content=\"https:\/\/es-la.facebook.com\/ReconoceMX\/\" \/>\n<meta property=\"article:published_time\" content=\"2018-03-29T06:03:36+00:00\" \/>\n<meta property=\"article:modified_time\" content=\"2018-03-29T17:24:20+00:00\" \/>\n<meta property=\"og:image\" content=\"https:\/\/www.reconoce.mx\/wp-content\/uploads\/2018\/03\/el-elegido-4.jpg\" \/>\n\t<meta property=\"og:image:width\" content=\"590\" \/>\n\t<meta property=\"og:image:height\" content=\"380\" \/>\n\t<meta property=\"og:image:type\" content=\"image\/jpeg\" \/>\n<meta name=\"author\" content=\"Reconoce MX\" \/>\n<meta name=\"twitter:card\" content=\"summary_large_image\" \/>\n<meta name=\"twitter:creator\" content=\"@reconocemx\" \/>\n<meta name=\"twitter:site\" content=\"@reconocemx\" \/>\n<meta name=\"twitter:label1\" content=\"Escrito por\" \/>\n\t<meta name=\"twitter:data1\" content=\"Reconoce MX\" \/>\n\t<meta name=\"twitter:label2\" content=\"Tiempo de lectura\" \/>\n\t<meta name=\"twitter:data2\" content=\"4 minutos\" \/>\n<script type=\"application\/ld+json\" class=\"yoast-schema-graph\">{\"@context\":\"https:\/\/schema.org\",\"@graph\":[{\"@type\":\"Article\",\"@id\":\"https:\/\/www.reconoce.mx\/?p=71797#article\",\"isPartOf\":{\"@id\":\"https:\/\/www.reconoce.mx\/?p=71797\"},\"author\":{\"name\":\"Reconoce MX\",\"@id\":\"http:\/\/www.reconoce.mx\/#\/schema\/person\/2117e997d7051dc15d6880eaf9bca0b2\"},\"headline\":\"\u00abEl elegido\u00bb: la Pasi\u00f3n de Cristo \u00aba la mexicana\u00bb\",\"datePublished\":\"2018-03-29T06:03:36+00:00\",\"dateModified\":\"2018-03-29T17:24:20+00:00\",\"mainEntityOfPage\":{\"@id\":\"https:\/\/www.reconoce.mx\/?p=71797\"},\"wordCount\":817,\"commentCount\":0,\"publisher\":{\"@id\":\"http:\/\/www.reconoce.mx\/#organization\"},\"image\":{\"@id\":\"https:\/\/www.reconoce.mx\/?p=71797#primaryimage\"},\"thumbnailUrl\":\"https:\/\/www.reconoce.mx\/wp-content\/uploads\/2018\/03\/el-elegido-4.jpg\",\"articleSection\":[\"Cine\",\"Cultura\",\"Principal\"],\"inLanguage\":\"es\",\"potentialAction\":[{\"@type\":\"CommentAction\",\"name\":\"Comment\",\"target\":[\"https:\/\/www.reconoce.mx\/?p=71797#respond\"]}]},{\"@type\":\"WebPage\",\"@id\":\"https:\/\/www.reconoce.mx\/?p=71797\",\"url\":\"https:\/\/www.reconoce.mx\/?p=71797\",\"name\":\"\\\"El elegido\\\": la Pasi\u00f3n de Cristo \\\"a la mexicana\\\" &#171; Reconoce MX\",\"isPartOf\":{\"@id\":\"http:\/\/www.reconoce.mx\/#website\"},\"primaryImageOfPage\":{\"@id\":\"https:\/\/www.reconoce.mx\/?p=71797#primaryimage\"},\"image\":{\"@id\":\"https:\/\/www.reconoce.mx\/?p=71797#primaryimage\"},\"thumbnailUrl\":\"https:\/\/www.reconoce.mx\/wp-content\/uploads\/2018\/03\/el-elegido-4.jpg\",\"datePublished\":\"2018-03-29T06:03:36+00:00\",\"dateModified\":\"2018-03-29T17:24:20+00:00\",\"breadcrumb\":{\"@id\":\"https:\/\/www.reconoce.mx\/?p=71797#breadcrumb\"},\"inLanguage\":\"es\",\"potentialAction\":[{\"@type\":\"ReadAction\",\"target\":[\"https:\/\/www.reconoce.mx\/?p=71797\"]}]},{\"@type\":\"ImageObject\",\"inLanguage\":\"es\",\"@id\":\"https:\/\/www.reconoce.mx\/?p=71797#primaryimage\",\"url\":\"https:\/\/www.reconoce.mx\/wp-content\/uploads\/2018\/03\/el-elegido-4.jpg\",\"contentUrl\":\"https:\/\/www.reconoce.mx\/wp-content\/uploads\/2018\/03\/el-elegido-4.jpg\",\"width\":590,\"height\":380},{\"@type\":\"BreadcrumbList\",\"@id\":\"https:\/\/www.reconoce.mx\/?p=71797#breadcrumb\",\"itemListElement\":[{\"@type\":\"ListItem\",\"position\":1,\"name\":\"Portada\",\"item\":\"http:\/\/www.reconoce.mx\/\"},{\"@type\":\"ListItem\",\"position\":2,\"name\":\"\u00abEl elegido\u00bb: la Pasi\u00f3n de Cristo \u00aba la mexicana\u00bb\"}]},{\"@type\":\"WebSite\",\"@id\":\"http:\/\/www.reconoce.mx\/#website\",\"url\":\"http:\/\/www.reconoce.mx\/\",\"name\":\"Reconoce MX\",\"description\":\"En Reconoce MX difundimos arte, cultura y conciencia social en M\u00e9xico. Tu ciudad en otra perspectiva.\",\"publisher\":{\"@id\":\"http:\/\/www.reconoce.mx\/#organization\"},\"potentialAction\":[{\"@type\":\"SearchAction\",\"target\":{\"@type\":\"EntryPoint\",\"urlTemplate\":\"http:\/\/www.reconoce.mx\/?s={search_term_string}\"},\"query-input\":{\"@type\":\"PropertyValueSpecification\",\"valueRequired\":true,\"valueName\":\"search_term_string\"}}],\"inLanguage\":\"es\"},{\"@type\":\"Organization\",\"@id\":\"http:\/\/www.reconoce.mx\/#organization\",\"name\":\"Reconoce MX\",\"url\":\"http:\/\/www.reconoce.mx\/\",\"logo\":{\"@type\":\"ImageObject\",\"inLanguage\":\"es\",\"@id\":\"http:\/\/www.reconoce.mx\/#\/schema\/logo\/image\/\",\"url\":\"https:\/\/www.reconoce.mx\/wp-content\/uploads\/2019\/03\/logorcmx-good-1.png\",\"contentUrl\":\"https:\/\/www.reconoce.mx\/wp-content\/uploads\/2019\/03\/logorcmx-good-1.png\",\"width\":280,\"height\":90,\"caption\":\"Reconoce MX\"},\"image\":{\"@id\":\"http:\/\/www.reconoce.mx\/#\/schema\/logo\/image\/\"},\"sameAs\":[\"https:\/\/es-la.facebook.com\/ReconoceMX\/\",\"https:\/\/x.com\/reconocemx\",\"http:\/\/@reconocemx\"]},{\"@type\":\"Person\",\"@id\":\"http:\/\/www.reconoce.mx\/#\/schema\/person\/2117e997d7051dc15d6880eaf9bca0b2\",\"name\":\"Reconoce MX\",\"image\":{\"@type\":\"ImageObject\",\"inLanguage\":\"es\",\"@id\":\"http:\/\/www.reconoce.mx\/#\/schema\/person\/image\/\",\"url\":\"https:\/\/secure.gravatar.com\/avatar\/6c8d4dc7569ca1c90c5fdcc349f839d5ddef6fe1e70b4337ead2ef1a4c43fc3a?s=96&d=identicon&r=g\",\"contentUrl\":\"https:\/\/secure.gravatar.com\/avatar\/6c8d4dc7569ca1c90c5fdcc349f839d5ddef6fe1e70b4337ead2ef1a4c43fc3a?s=96&d=identicon&r=g\",\"caption\":\"Reconoce MX\"},\"description\":\"Reconoce MX es un proyecto de difusi\u00f3n art\u00edstica, cultural y de conciencia social que est\u00e1 enfocado a difundir y fomentar el entretenimiento alternativo de calidad para todo el p\u00fablico que comparta el mismo entusiasmo.\",\"sameAs\":[\"http:\/\/www.reconoce.mx\"],\"url\":\"https:\/\/www.reconoce.mx\/?author=2\"}]}<\/script>\n<!-- \/ Yoast SEO plugin. -->","yoast_head_json":{"title":"\"El elegido\": la Pasi\u00f3n de Cristo \"a la mexicana\" &#171; Reconoce MX","robots":{"index":"index","follow":"follow","max-snippet":"max-snippet:-1","max-image-preview":"max-image-preview:large","max-video-preview":"max-video-preview:-1"},"canonical":"https:\/\/www.reconoce.mx\/?p=71797","og_locale":"es_ES","og_type":"article","og_title":"\"El elegido\": la Pasi\u00f3n de Cristo \"a la mexicana\" &#171; Reconoce MX","og_description":"La cinta se desarrolla en el M\u00e9xico de los 70, en un lugar que bien podr\u00eda ser Iztapalapa en Ciudad de M\u00e9xico, pero que tambi\u00e9n podr\u00eda ser cualquier otro pueblo en este pa\u00eds.","og_url":"https:\/\/www.reconoce.mx\/?p=71797","og_site_name":"Reconoce MX","article_publisher":"https:\/\/es-la.facebook.com\/ReconoceMX\/","article_published_time":"2018-03-29T06:03:36+00:00","article_modified_time":"2018-03-29T17:24:20+00:00","og_image":[{"width":590,"height":380,"url":"https:\/\/www.reconoce.mx\/wp-content\/uploads\/2018\/03\/el-elegido-4.jpg","type":"image\/jpeg"}],"author":"Reconoce MX","twitter_card":"summary_large_image","twitter_creator":"@reconocemx","twitter_site":"@reconocemx","twitter_misc":{"Escrito por":"Reconoce MX","Tiempo de lectura":"4 minutos"},"schema":{"@context":"https:\/\/schema.org","@graph":[{"@type":"Article","@id":"https:\/\/www.reconoce.mx\/?p=71797#article","isPartOf":{"@id":"https:\/\/www.reconoce.mx\/?p=71797"},"author":{"name":"Reconoce MX","@id":"http:\/\/www.reconoce.mx\/#\/schema\/person\/2117e997d7051dc15d6880eaf9bca0b2"},"headline":"\u00abEl elegido\u00bb: la Pasi\u00f3n de Cristo \u00aba la mexicana\u00bb","datePublished":"2018-03-29T06:03:36+00:00","dateModified":"2018-03-29T17:24:20+00:00","mainEntityOfPage":{"@id":"https:\/\/www.reconoce.mx\/?p=71797"},"wordCount":817,"commentCount":0,"publisher":{"@id":"http:\/\/www.reconoce.mx\/#organization"},"image":{"@id":"https:\/\/www.reconoce.mx\/?p=71797#primaryimage"},"thumbnailUrl":"https:\/\/www.reconoce.mx\/wp-content\/uploads\/2018\/03\/el-elegido-4.jpg","articleSection":["Cine","Cultura","Principal"],"inLanguage":"es","potentialAction":[{"@type":"CommentAction","name":"Comment","target":["https:\/\/www.reconoce.mx\/?p=71797#respond"]}]},{"@type":"WebPage","@id":"https:\/\/www.reconoce.mx\/?p=71797","url":"https:\/\/www.reconoce.mx\/?p=71797","name":"\"El elegido\": la Pasi\u00f3n de Cristo \"a la mexicana\" &#171; Reconoce MX","isPartOf":{"@id":"http:\/\/www.reconoce.mx\/#website"},"primaryImageOfPage":{"@id":"https:\/\/www.reconoce.mx\/?p=71797#primaryimage"},"image":{"@id":"https:\/\/www.reconoce.mx\/?p=71797#primaryimage"},"thumbnailUrl":"https:\/\/www.reconoce.mx\/wp-content\/uploads\/2018\/03\/el-elegido-4.jpg","datePublished":"2018-03-29T06:03:36+00:00","dateModified":"2018-03-29T17:24:20+00:00","breadcrumb":{"@id":"https:\/\/www.reconoce.mx\/?p=71797#breadcrumb"},"inLanguage":"es","potentialAction":[{"@type":"ReadAction","target":["https:\/\/www.reconoce.mx\/?p=71797"]}]},{"@type":"ImageObject","inLanguage":"es","@id":"https:\/\/www.reconoce.mx\/?p=71797#primaryimage","url":"https:\/\/www.reconoce.mx\/wp-content\/uploads\/2018\/03\/el-elegido-4.jpg","contentUrl":"https:\/\/www.reconoce.mx\/wp-content\/uploads\/2018\/03\/el-elegido-4.jpg","width":590,"height":380},{"@type":"BreadcrumbList","@id":"https:\/\/www.reconoce.mx\/?p=71797#breadcrumb","itemListElement":[{"@type":"ListItem","position":1,"name":"Portada","item":"http:\/\/www.reconoce.mx\/"},{"@type":"ListItem","position":2,"name":"\u00abEl elegido\u00bb: la Pasi\u00f3n de Cristo \u00aba la mexicana\u00bb"}]},{"@type":"WebSite","@id":"http:\/\/www.reconoce.mx\/#website","url":"http:\/\/www.reconoce.mx\/","name":"Reconoce MX","description":"En Reconoce MX difundimos arte, cultura y conciencia social en M\u00e9xico. Tu ciudad en otra perspectiva.","publisher":{"@id":"http:\/\/www.reconoce.mx\/#organization"},"potentialAction":[{"@type":"SearchAction","target":{"@type":"EntryPoint","urlTemplate":"http:\/\/www.reconoce.mx\/?s={search_term_string}"},"query-input":{"@type":"PropertyValueSpecification","valueRequired":true,"valueName":"search_term_string"}}],"inLanguage":"es"},{"@type":"Organization","@id":"http:\/\/www.reconoce.mx\/#organization","name":"Reconoce MX","url":"http:\/\/www.reconoce.mx\/","logo":{"@type":"ImageObject","inLanguage":"es","@id":"http:\/\/www.reconoce.mx\/#\/schema\/logo\/image\/","url":"https:\/\/www.reconoce.mx\/wp-content\/uploads\/2019\/03\/logorcmx-good-1.png","contentUrl":"https:\/\/www.reconoce.mx\/wp-content\/uploads\/2019\/03\/logorcmx-good-1.png","width":280,"height":90,"caption":"Reconoce MX"},"image":{"@id":"http:\/\/www.reconoce.mx\/#\/schema\/logo\/image\/"},"sameAs":["https:\/\/es-la.facebook.com\/ReconoceMX\/","https:\/\/x.com\/reconocemx","http:\/\/@reconocemx"]},{"@type":"Person","@id":"http:\/\/www.reconoce.mx\/#\/schema\/person\/2117e997d7051dc15d6880eaf9bca0b2","name":"Reconoce MX","image":{"@type":"ImageObject","inLanguage":"es","@id":"http:\/\/www.reconoce.mx\/#\/schema\/person\/image\/","url":"https:\/\/secure.gravatar.com\/avatar\/6c8d4dc7569ca1c90c5fdcc349f839d5ddef6fe1e70b4337ead2ef1a4c43fc3a?s=96&d=identicon&r=g","contentUrl":"https:\/\/secure.gravatar.com\/avatar\/6c8d4dc7569ca1c90c5fdcc349f839d5ddef6fe1e70b4337ead2ef1a4c43fc3a?s=96&d=identicon&r=g","caption":"Reconoce MX"},"description":"Reconoce MX es un proyecto de difusi\u00f3n art\u00edstica, cultural y de conciencia social que est\u00e1 enfocado a difundir y fomentar el entretenimiento alternativo de calidad para todo el p\u00fablico que comparta el mismo entusiasmo.","sameAs":["http:\/\/www.reconoce.mx"],"url":"https:\/\/www.reconoce.mx\/?author=2"}]}},"_links":{"self":[{"href":"https:\/\/www.reconoce.mx\/index.php?rest_route=\/wp\/v2\/posts\/71797","targetHints":{"allow":["GET"]}}],"collection":[{"href":"https:\/\/www.reconoce.mx\/index.php?rest_route=\/wp\/v2\/posts"}],"about":[{"href":"https:\/\/www.reconoce.mx\/index.php?rest_route=\/wp\/v2\/types\/post"}],"author":[{"embeddable":true,"href":"https:\/\/www.reconoce.mx\/index.php?rest_route=\/wp\/v2\/users\/2"}],"replies":[{"embeddable":true,"href":"https:\/\/www.reconoce.mx\/index.php?rest_route=%2Fwp%2Fv2%2Fcomments&post=71797"}],"version-history":[{"count":2,"href":"https:\/\/www.reconoce.mx\/index.php?rest_route=\/wp\/v2\/posts\/71797\/revisions"}],"predecessor-version":[{"id":71804,"href":"https:\/\/www.reconoce.mx\/index.php?rest_route=\/wp\/v2\/posts\/71797\/revisions\/71804"}],"wp:featuredmedia":[{"embeddable":true,"href":"https:\/\/www.reconoce.mx\/index.php?rest_route=\/wp\/v2\/media\/71801"}],"wp:attachment":[{"href":"https:\/\/www.reconoce.mx\/index.php?rest_route=%2Fwp%2Fv2%2Fmedia&parent=71797"}],"wp:term":[{"taxonomy":"category","embeddable":true,"href":"https:\/\/www.reconoce.mx\/index.php?rest_route=%2Fwp%2Fv2%2Fcategories&post=71797"},{"taxonomy":"post_tag","embeddable":true,"href":"https:\/\/www.reconoce.mx\/index.php?rest_route=%2Fwp%2Fv2%2Ftags&post=71797"}],"curies":[{"name":"wp","href":"https:\/\/api.w.org\/{rel}","templated":true}]}}