{"id":71805,"date":"2018-03-29T00:02:29","date_gmt":"2018-03-29T06:02:29","guid":{"rendered":"http:\/\/www.reconoce.mx\/?p=71805"},"modified":"2018-03-29T12:55:33","modified_gmt":"2018-03-29T18:55:33","slug":"64muestra-porto","status":"publish","type":"post","link":"https:\/\/www.reconoce.mx\/?p=71805","title":{"rendered":"#64Muestra: \u00abPorto\u00bb"},"content":{"rendered":"<p><strong> Por <a title=\"@AsfaltosTweets\" href=\"http:\/\/twitter.com\/AsfaltosTweets\" target=\"_blank\" rel=\"noopener noreferrer\" data-slimstat-type=\"0\" data-slimstat-callback=\"false\" data-slimstat-tracking=\"true\">Asfaltos<\/a><\/strong>.<\/p>\n<p>El amor no se puede vivir de otra foma que no sea con intensidad, bueno, eso es lo que yo -y seguro muchos- pienso, y tambi\u00e9n lo que no solo piensa sino que representa el director brasile\u00f1o <strong>Gabe Klinger<\/strong> en su pel\u00edcula \u00abPorto\u00bb (2016). Parezco ya disco rayado, lo s\u00e9, pero la<strong> 64 Muestra Internacional de Cine en Cineteca Nacional<\/strong> no deja de sorprender con la selecci\u00f3n f\u00edlmica de esta edici\u00f3n. \u00abPorto\u00bb, primer largometraje de ficci\u00f3n de <strong>Gabe Klinger<\/strong>, es otra prueba de la calidad presentada en la Muestra.<\/p>\n<p><a href=\"http:\/\/www.reconoce.mx\/wp-content\/uploads\/2018\/03\/porto-535880194-large.jpg\"><img loading=\"lazy\" decoding=\"async\" class=\"aligncenter size-full wp-image-71810\" src=\"http:\/\/www.reconoce.mx\/wp-content\/uploads\/2018\/03\/porto-535880194-large.jpg\" alt=\"\" width=\"833\" height=\"1200\" srcset=\"https:\/\/www.reconoce.mx\/wp-content\/uploads\/2018\/03\/porto-535880194-large.jpg 833w, https:\/\/www.reconoce.mx\/wp-content\/uploads\/2018\/03\/porto-535880194-large-208x300.jpg 208w, https:\/\/www.reconoce.mx\/wp-content\/uploads\/2018\/03\/porto-535880194-large-768x1106.jpg 768w, https:\/\/www.reconoce.mx\/wp-content\/uploads\/2018\/03\/porto-535880194-large-711x1024.jpg 711w, https:\/\/www.reconoce.mx\/wp-content\/uploads\/2018\/03\/porto-535880194-large-150x216.jpg 150w, https:\/\/www.reconoce.mx\/wp-content\/uploads\/2018\/03\/porto-535880194-large-700x1008.jpg 700w, https:\/\/www.reconoce.mx\/wp-content\/uploads\/2018\/03\/porto-535880194-large-658x948.jpg 658w, https:\/\/www.reconoce.mx\/wp-content\/uploads\/2018\/03\/porto-535880194-large-300x432.jpg 300w\" sizes=\"auto, (max-width: 833px) 100vw, 833px\" \/><\/a><\/p>\n<p>Contada en tres actos, filmada tanto en 35 mm, 16 mm como en Super 8, \u00abPorto\u00bb es una delicia por donde se le vea. Primero conocemos la historia de Jake, un joven estadounidense que reside en la portuguesa Oporto viviendo de los trabajos que se le presentan. Solitario, sin alg\u00fan verdadero aliciente por la vida, se encuentra con Mati. Ella, igualmente joven pero de origen franc\u00e9s, se encuentra en Oporto donde estudia y vive. Con una historia que nos ir\u00e1 sorprendiendo a medida que la conocemos, Mati se encuentra con Jake. Dos soledades se complementan tras un momento de intimidad que les marcar\u00e1 para siempre.<\/p>\n<p>El montaje resulta refrescante. La forma en la que \u00abPorto\u00bb se nos va descubriendo es parte del encanto: ir encontrando los detalles de las historias personales, cada una con sus particularidades; y sobre todo la historia juntos, que aunque breve, no deja de ser sorprendente y cautivadora. La forma en la que Klinger nos hace aferrarnos a lo que nos cuenta es prueba de su gran talento. No hay momento en el que uno deje de estar pendiente de cada uno de los detalles presentados.<\/p>\n<p><a href=\"http:\/\/www.reconoce.mx\/wp-content\/uploads\/2018\/03\/porto-1.jpg\"><img loading=\"lazy\" decoding=\"async\" class=\"aligncenter size-full wp-image-71806\" src=\"http:\/\/www.reconoce.mx\/wp-content\/uploads\/2018\/03\/porto-1.jpg\" alt=\"\" width=\"590\" height=\"380\" srcset=\"https:\/\/www.reconoce.mx\/wp-content\/uploads\/2018\/03\/porto-1.jpg 590w, https:\/\/www.reconoce.mx\/wp-content\/uploads\/2018\/03\/porto-1-300x193.jpg 300w, https:\/\/www.reconoce.mx\/wp-content\/uploads\/2018\/03\/porto-1-150x97.jpg 150w\" sizes=\"auto, (max-width: 590px) 100vw, 590px\" \/><\/a><\/p>\n<p><strong>Anton Yelchin<\/strong>, a quien seguramente ubicar\u00e1n mejor por su papel como Pavel Chekov en el reinicio f\u00edlmico de <strong>Star Trek<\/strong>, brilla con lus propia como Jake en \u00abPorto\u00bb. Su particular interpretaci\u00f3n como este hombre que termina necesitando a Mati a pesar de que recientemente le conoce, es cre\u00edble. No necesitamos mayor desarrollo para su personaje que lo que se nos cuenta, lo que vemos y lo que conocemos a partir de sus actitudes. Jake es una fuerza viva de la naturaleza que choca con otra, la de Mati.<\/p>\n<p>Interpretada por la actriz francesa<strong> Lucie Lucas<\/strong>, quien tiene una breve carrera en el cine, y una mayor presencia en la televisi\u00f3n de su pa\u00eds, Mati atrapa desde el primer instante en el que se le observa en pantalla. Adem\u00e1s de su deslumbrante belleza, y de su deliciosa sonrisa, la actriz plasma la contraparte de Jake con gran veracidad, aunque dej\u00e1ndonos conocer tambi\u00e9n el camino que le ha llevado a ella ser igualmente v\u00edctima de ese breve pero t\u00f3rrido romance.<\/p>\n<p><a href=\"http:\/\/www.reconoce.mx\/wp-content\/uploads\/2018\/03\/porto-3.jpg\"><img loading=\"lazy\" decoding=\"async\" class=\"aligncenter size-full wp-image-71808\" src=\"http:\/\/www.reconoce.mx\/wp-content\/uploads\/2018\/03\/porto-3.jpg\" alt=\"\" width=\"590\" height=\"380\" srcset=\"https:\/\/www.reconoce.mx\/wp-content\/uploads\/2018\/03\/porto-3.jpg 590w, https:\/\/www.reconoce.mx\/wp-content\/uploads\/2018\/03\/porto-3-300x193.jpg 300w, https:\/\/www.reconoce.mx\/wp-content\/uploads\/2018\/03\/porto-3-150x97.jpg 150w\" sizes=\"auto, (max-width: 590px) 100vw, 590px\" \/><\/a><\/p>\n<p>Visualmente la cinta es un deleite, sobre todo en una sala de cine donde se puede apreciar con gran precisi\u00f3n la diferencia entre cada uno de los 3 formatos con los que se filma. Cada uno, adem\u00e1s, con sus respectivas texturas es un aut\u00e9ntico gozo para quienes disfrutamos de ver el cine en pantalla grande. La fotograf\u00eda, ajustada para cada uno de los formatos, funciona como perfecta c\u00f3mplice de la historia que Klinger nos presenta.<\/p>\n<p>Lejos de ser un retrato cursi del amor de pareja, \u00abPorto\u00bb es una dulce representaci\u00f3n de la pasi\u00f3n, pero tambi\u00e9n de la necesidad de llenar los vac\u00edos, de la dificultad de la convivencia de uno con las soledades. La cinta es un bello poema a la vida, a la fugacidad de \u00e9sta y a la necesidad de dejarnos arrebatar por ella, aunque a veces \u00e9sto se confunda con una mal interpretada locura.<\/p>\n<style>.embed-container { position: relative; padding-bottom: 56.25%; height: 0; overflow: hidden; max-width: 100%; } .embed-container iframe, .embed-container object, .embed-container embed { position: absolute; top: 0; left: 0; width: 100%; height: 100%; }<\/style>\n<div class=\"embed-container\"><iframe loading=\"lazy\" src=\"https:\/\/www.youtube.com\/embed\/o1Fk-T0TwfI\" width=\"300\" height=\"150\" frameborder=\"0\" allowfullscreen=\"allowfullscreen\"><\/iframe><\/div>\n<p>&nbsp;<\/p>\n<p>\u00abPorto\u00bb es parte de la <a href=\"http:\/\/www.reconoce.mx\/la-cita-esperada-llega-la-64-muestra-internacional-de-cine\/\" target=\"_blank\" rel=\"noopener\"><strong>64 Muestra Internacional de Cine<\/strong><\/a> que se exhibe en pantallas de <strong>Cineteca Nacional<\/strong> hasta el pr\u00f3ximo 9 de abril; la Muestra recorrer\u00e1 posteriormente el circuito cultural del \u00c1rea Metropolitana desde el 30 de marzo en sedes de Cinemex, Cin\u00e9polis, de la UNAM, del IPN y salas como el IFAL, Cineman\u00eda Loreto, La Casa del Cine y Cine Tonal\u00e1.<\/p>\n<p style=\"text-align: right;\">Con im\u00e1genes cortes\u00eda de<strong> Cineteca Nacional<\/strong>.<\/p>\n<p>&nbsp;<\/p>\n<p>&nbsp;<\/p>\n","protected":false},"excerpt":{"rendered":"<p>El amor no se puede vivir de otra foma que no sea con intensidad, bueno, eso es lo que yo -y seguro muchos- pienso, y tambi\u00e9n lo que no solo piensa sino que representa el director brasile\u00f1o Gabe Klinger en su pel\u00edcula \u00abPorto\u00bb (2016).<\/p>\n","protected":false},"author":2,"featured_media":71809,"comment_status":"open","ping_status":"open","sticky":false,"template":"","format":"standard","meta":{"footnotes":""},"categories":[24,1,17],"tags":[],"class_list":["post-71805","post","type-post","status-publish","format-standard","has-post-thumbnail","hentry","category-cine","category-cultura","category-principal"],"yoast_head":"<!-- This site is optimized with the Yoast SEO plugin v24.7 - https:\/\/yoast.com\/wordpress\/plugins\/seo\/ -->\n<title>#64Muestra: &quot;Porto&quot; &#171; Reconoce MX<\/title>\n<meta name=\"robots\" content=\"index, follow, max-snippet:-1, max-image-preview:large, max-video-preview:-1\" \/>\n<link rel=\"canonical\" href=\"https:\/\/www.reconoce.mx\/?p=71805\" \/>\n<meta property=\"og:locale\" content=\"es_ES\" \/>\n<meta property=\"og:type\" content=\"article\" \/>\n<meta property=\"og:title\" content=\"#64Muestra: &quot;Porto&quot; &#171; Reconoce MX\" \/>\n<meta property=\"og:description\" content=\"El amor no se puede vivir de otra foma que no sea con intensidad, bueno, eso es lo que yo -y seguro muchos- pienso, y tambi\u00e9n lo que no solo piensa sino que representa el director brasile\u00f1o Gabe Klinger en su pel\u00edcula &quot;Porto&quot; (2016).\" \/>\n<meta property=\"og:url\" content=\"https:\/\/www.reconoce.mx\/?p=71805\" \/>\n<meta property=\"og:site_name\" content=\"Reconoce MX\" \/>\n<meta property=\"article:publisher\" content=\"https:\/\/es-la.facebook.com\/ReconoceMX\/\" \/>\n<meta property=\"article:published_time\" content=\"2018-03-29T06:02:29+00:00\" \/>\n<meta property=\"article:modified_time\" content=\"2018-03-29T18:55:33+00:00\" \/>\n<meta property=\"og:image\" content=\"https:\/\/www.reconoce.mx\/wp-content\/uploads\/2018\/03\/porto-cover.jpg\" \/>\n\t<meta property=\"og:image:width\" content=\"590\" \/>\n\t<meta property=\"og:image:height\" content=\"380\" \/>\n\t<meta property=\"og:image:type\" content=\"image\/jpeg\" \/>\n<meta name=\"author\" content=\"Reconoce MX\" \/>\n<meta name=\"twitter:card\" content=\"summary_large_image\" \/>\n<meta name=\"twitter:creator\" content=\"@reconocemx\" \/>\n<meta name=\"twitter:site\" content=\"@reconocemx\" \/>\n<meta name=\"twitter:label1\" content=\"Escrito por\" \/>\n\t<meta name=\"twitter:data1\" content=\"Reconoce MX\" \/>\n\t<meta name=\"twitter:label2\" content=\"Tiempo de lectura\" \/>\n\t<meta name=\"twitter:data2\" content=\"3 minutos\" \/>\n<script type=\"application\/ld+json\" class=\"yoast-schema-graph\">{\"@context\":\"https:\/\/schema.org\",\"@graph\":[{\"@type\":\"Article\",\"@id\":\"https:\/\/www.reconoce.mx\/?p=71805#article\",\"isPartOf\":{\"@id\":\"https:\/\/www.reconoce.mx\/?p=71805\"},\"author\":{\"name\":\"Reconoce MX\",\"@id\":\"http:\/\/www.reconoce.mx\/#\/schema\/person\/2117e997d7051dc15d6880eaf9bca0b2\"},\"headline\":\"#64Muestra: \u00abPorto\u00bb\",\"datePublished\":\"2018-03-29T06:02:29+00:00\",\"dateModified\":\"2018-03-29T18:55:33+00:00\",\"mainEntityOfPage\":{\"@id\":\"https:\/\/www.reconoce.mx\/?p=71805\"},\"wordCount\":695,\"commentCount\":0,\"publisher\":{\"@id\":\"http:\/\/www.reconoce.mx\/#organization\"},\"image\":{\"@id\":\"https:\/\/www.reconoce.mx\/?p=71805#primaryimage\"},\"thumbnailUrl\":\"https:\/\/www.reconoce.mx\/wp-content\/uploads\/2018\/03\/porto-cover.jpg\",\"articleSection\":[\"Cine\",\"Cultura\",\"Principal\"],\"inLanguage\":\"es\",\"potentialAction\":[{\"@type\":\"CommentAction\",\"name\":\"Comment\",\"target\":[\"https:\/\/www.reconoce.mx\/?p=71805#respond\"]}]},{\"@type\":\"WebPage\",\"@id\":\"https:\/\/www.reconoce.mx\/?p=71805\",\"url\":\"https:\/\/www.reconoce.mx\/?p=71805\",\"name\":\"#64Muestra: \\\"Porto\\\" &#171; Reconoce MX\",\"isPartOf\":{\"@id\":\"http:\/\/www.reconoce.mx\/#website\"},\"primaryImageOfPage\":{\"@id\":\"https:\/\/www.reconoce.mx\/?p=71805#primaryimage\"},\"image\":{\"@id\":\"https:\/\/www.reconoce.mx\/?p=71805#primaryimage\"},\"thumbnailUrl\":\"https:\/\/www.reconoce.mx\/wp-content\/uploads\/2018\/03\/porto-cover.jpg\",\"datePublished\":\"2018-03-29T06:02:29+00:00\",\"dateModified\":\"2018-03-29T18:55:33+00:00\",\"breadcrumb\":{\"@id\":\"https:\/\/www.reconoce.mx\/?p=71805#breadcrumb\"},\"inLanguage\":\"es\",\"potentialAction\":[{\"@type\":\"ReadAction\",\"target\":[\"https:\/\/www.reconoce.mx\/?p=71805\"]}]},{\"@type\":\"ImageObject\",\"inLanguage\":\"es\",\"@id\":\"https:\/\/www.reconoce.mx\/?p=71805#primaryimage\",\"url\":\"https:\/\/www.reconoce.mx\/wp-content\/uploads\/2018\/03\/porto-cover.jpg\",\"contentUrl\":\"https:\/\/www.reconoce.mx\/wp-content\/uploads\/2018\/03\/porto-cover.jpg\",\"width\":590,\"height\":380},{\"@type\":\"BreadcrumbList\",\"@id\":\"https:\/\/www.reconoce.mx\/?p=71805#breadcrumb\",\"itemListElement\":[{\"@type\":\"ListItem\",\"position\":1,\"name\":\"Portada\",\"item\":\"http:\/\/www.reconoce.mx\/\"},{\"@type\":\"ListItem\",\"position\":2,\"name\":\"#64Muestra: \u00abPorto\u00bb\"}]},{\"@type\":\"WebSite\",\"@id\":\"http:\/\/www.reconoce.mx\/#website\",\"url\":\"http:\/\/www.reconoce.mx\/\",\"name\":\"Reconoce MX\",\"description\":\"En Reconoce MX difundimos arte, cultura y conciencia social en M\u00e9xico. Tu ciudad en otra perspectiva.\",\"publisher\":{\"@id\":\"http:\/\/www.reconoce.mx\/#organization\"},\"potentialAction\":[{\"@type\":\"SearchAction\",\"target\":{\"@type\":\"EntryPoint\",\"urlTemplate\":\"http:\/\/www.reconoce.mx\/?s={search_term_string}\"},\"query-input\":{\"@type\":\"PropertyValueSpecification\",\"valueRequired\":true,\"valueName\":\"search_term_string\"}}],\"inLanguage\":\"es\"},{\"@type\":\"Organization\",\"@id\":\"http:\/\/www.reconoce.mx\/#organization\",\"name\":\"Reconoce MX\",\"url\":\"http:\/\/www.reconoce.mx\/\",\"logo\":{\"@type\":\"ImageObject\",\"inLanguage\":\"es\",\"@id\":\"http:\/\/www.reconoce.mx\/#\/schema\/logo\/image\/\",\"url\":\"https:\/\/www.reconoce.mx\/wp-content\/uploads\/2019\/03\/logorcmx-good-1.png\",\"contentUrl\":\"https:\/\/www.reconoce.mx\/wp-content\/uploads\/2019\/03\/logorcmx-good-1.png\",\"width\":280,\"height\":90,\"caption\":\"Reconoce MX\"},\"image\":{\"@id\":\"http:\/\/www.reconoce.mx\/#\/schema\/logo\/image\/\"},\"sameAs\":[\"https:\/\/es-la.facebook.com\/ReconoceMX\/\",\"https:\/\/x.com\/reconocemx\",\"http:\/\/@reconocemx\"]},{\"@type\":\"Person\",\"@id\":\"http:\/\/www.reconoce.mx\/#\/schema\/person\/2117e997d7051dc15d6880eaf9bca0b2\",\"name\":\"Reconoce MX\",\"image\":{\"@type\":\"ImageObject\",\"inLanguage\":\"es\",\"@id\":\"http:\/\/www.reconoce.mx\/#\/schema\/person\/image\/\",\"url\":\"https:\/\/secure.gravatar.com\/avatar\/6c8d4dc7569ca1c90c5fdcc349f839d5ddef6fe1e70b4337ead2ef1a4c43fc3a?s=96&d=identicon&r=g\",\"contentUrl\":\"https:\/\/secure.gravatar.com\/avatar\/6c8d4dc7569ca1c90c5fdcc349f839d5ddef6fe1e70b4337ead2ef1a4c43fc3a?s=96&d=identicon&r=g\",\"caption\":\"Reconoce MX\"},\"description\":\"Reconoce MX es un proyecto de difusi\u00f3n art\u00edstica, cultural y de conciencia social que est\u00e1 enfocado a difundir y fomentar el entretenimiento alternativo de calidad para todo el p\u00fablico que comparta el mismo entusiasmo.\",\"sameAs\":[\"http:\/\/www.reconoce.mx\"],\"url\":\"https:\/\/www.reconoce.mx\/?author=2\"}]}<\/script>\n<!-- \/ Yoast SEO plugin. -->","yoast_head_json":{"title":"#64Muestra: \"Porto\" &#171; Reconoce MX","robots":{"index":"index","follow":"follow","max-snippet":"max-snippet:-1","max-image-preview":"max-image-preview:large","max-video-preview":"max-video-preview:-1"},"canonical":"https:\/\/www.reconoce.mx\/?p=71805","og_locale":"es_ES","og_type":"article","og_title":"#64Muestra: \"Porto\" &#171; Reconoce MX","og_description":"El amor no se puede vivir de otra foma que no sea con intensidad, bueno, eso es lo que yo -y seguro muchos- pienso, y tambi\u00e9n lo que no solo piensa sino que representa el director brasile\u00f1o Gabe Klinger en su pel\u00edcula \"Porto\" (2016).","og_url":"https:\/\/www.reconoce.mx\/?p=71805","og_site_name":"Reconoce MX","article_publisher":"https:\/\/es-la.facebook.com\/ReconoceMX\/","article_published_time":"2018-03-29T06:02:29+00:00","article_modified_time":"2018-03-29T18:55:33+00:00","og_image":[{"width":590,"height":380,"url":"https:\/\/www.reconoce.mx\/wp-content\/uploads\/2018\/03\/porto-cover.jpg","type":"image\/jpeg"}],"author":"Reconoce MX","twitter_card":"summary_large_image","twitter_creator":"@reconocemx","twitter_site":"@reconocemx","twitter_misc":{"Escrito por":"Reconoce MX","Tiempo de lectura":"3 minutos"},"schema":{"@context":"https:\/\/schema.org","@graph":[{"@type":"Article","@id":"https:\/\/www.reconoce.mx\/?p=71805#article","isPartOf":{"@id":"https:\/\/www.reconoce.mx\/?p=71805"},"author":{"name":"Reconoce MX","@id":"http:\/\/www.reconoce.mx\/#\/schema\/person\/2117e997d7051dc15d6880eaf9bca0b2"},"headline":"#64Muestra: \u00abPorto\u00bb","datePublished":"2018-03-29T06:02:29+00:00","dateModified":"2018-03-29T18:55:33+00:00","mainEntityOfPage":{"@id":"https:\/\/www.reconoce.mx\/?p=71805"},"wordCount":695,"commentCount":0,"publisher":{"@id":"http:\/\/www.reconoce.mx\/#organization"},"image":{"@id":"https:\/\/www.reconoce.mx\/?p=71805#primaryimage"},"thumbnailUrl":"https:\/\/www.reconoce.mx\/wp-content\/uploads\/2018\/03\/porto-cover.jpg","articleSection":["Cine","Cultura","Principal"],"inLanguage":"es","potentialAction":[{"@type":"CommentAction","name":"Comment","target":["https:\/\/www.reconoce.mx\/?p=71805#respond"]}]},{"@type":"WebPage","@id":"https:\/\/www.reconoce.mx\/?p=71805","url":"https:\/\/www.reconoce.mx\/?p=71805","name":"#64Muestra: \"Porto\" &#171; Reconoce MX","isPartOf":{"@id":"http:\/\/www.reconoce.mx\/#website"},"primaryImageOfPage":{"@id":"https:\/\/www.reconoce.mx\/?p=71805#primaryimage"},"image":{"@id":"https:\/\/www.reconoce.mx\/?p=71805#primaryimage"},"thumbnailUrl":"https:\/\/www.reconoce.mx\/wp-content\/uploads\/2018\/03\/porto-cover.jpg","datePublished":"2018-03-29T06:02:29+00:00","dateModified":"2018-03-29T18:55:33+00:00","breadcrumb":{"@id":"https:\/\/www.reconoce.mx\/?p=71805#breadcrumb"},"inLanguage":"es","potentialAction":[{"@type":"ReadAction","target":["https:\/\/www.reconoce.mx\/?p=71805"]}]},{"@type":"ImageObject","inLanguage":"es","@id":"https:\/\/www.reconoce.mx\/?p=71805#primaryimage","url":"https:\/\/www.reconoce.mx\/wp-content\/uploads\/2018\/03\/porto-cover.jpg","contentUrl":"https:\/\/www.reconoce.mx\/wp-content\/uploads\/2018\/03\/porto-cover.jpg","width":590,"height":380},{"@type":"BreadcrumbList","@id":"https:\/\/www.reconoce.mx\/?p=71805#breadcrumb","itemListElement":[{"@type":"ListItem","position":1,"name":"Portada","item":"http:\/\/www.reconoce.mx\/"},{"@type":"ListItem","position":2,"name":"#64Muestra: \u00abPorto\u00bb"}]},{"@type":"WebSite","@id":"http:\/\/www.reconoce.mx\/#website","url":"http:\/\/www.reconoce.mx\/","name":"Reconoce MX","description":"En Reconoce MX difundimos arte, cultura y conciencia social en M\u00e9xico. Tu ciudad en otra perspectiva.","publisher":{"@id":"http:\/\/www.reconoce.mx\/#organization"},"potentialAction":[{"@type":"SearchAction","target":{"@type":"EntryPoint","urlTemplate":"http:\/\/www.reconoce.mx\/?s={search_term_string}"},"query-input":{"@type":"PropertyValueSpecification","valueRequired":true,"valueName":"search_term_string"}}],"inLanguage":"es"},{"@type":"Organization","@id":"http:\/\/www.reconoce.mx\/#organization","name":"Reconoce MX","url":"http:\/\/www.reconoce.mx\/","logo":{"@type":"ImageObject","inLanguage":"es","@id":"http:\/\/www.reconoce.mx\/#\/schema\/logo\/image\/","url":"https:\/\/www.reconoce.mx\/wp-content\/uploads\/2019\/03\/logorcmx-good-1.png","contentUrl":"https:\/\/www.reconoce.mx\/wp-content\/uploads\/2019\/03\/logorcmx-good-1.png","width":280,"height":90,"caption":"Reconoce MX"},"image":{"@id":"http:\/\/www.reconoce.mx\/#\/schema\/logo\/image\/"},"sameAs":["https:\/\/es-la.facebook.com\/ReconoceMX\/","https:\/\/x.com\/reconocemx","http:\/\/@reconocemx"]},{"@type":"Person","@id":"http:\/\/www.reconoce.mx\/#\/schema\/person\/2117e997d7051dc15d6880eaf9bca0b2","name":"Reconoce MX","image":{"@type":"ImageObject","inLanguage":"es","@id":"http:\/\/www.reconoce.mx\/#\/schema\/person\/image\/","url":"https:\/\/secure.gravatar.com\/avatar\/6c8d4dc7569ca1c90c5fdcc349f839d5ddef6fe1e70b4337ead2ef1a4c43fc3a?s=96&d=identicon&r=g","contentUrl":"https:\/\/secure.gravatar.com\/avatar\/6c8d4dc7569ca1c90c5fdcc349f839d5ddef6fe1e70b4337ead2ef1a4c43fc3a?s=96&d=identicon&r=g","caption":"Reconoce MX"},"description":"Reconoce MX es un proyecto de difusi\u00f3n art\u00edstica, cultural y de conciencia social que est\u00e1 enfocado a difundir y fomentar el entretenimiento alternativo de calidad para todo el p\u00fablico que comparta el mismo entusiasmo.","sameAs":["http:\/\/www.reconoce.mx"],"url":"https:\/\/www.reconoce.mx\/?author=2"}]}},"_links":{"self":[{"href":"https:\/\/www.reconoce.mx\/index.php?rest_route=\/wp\/v2\/posts\/71805","targetHints":{"allow":["GET"]}}],"collection":[{"href":"https:\/\/www.reconoce.mx\/index.php?rest_route=\/wp\/v2\/posts"}],"about":[{"href":"https:\/\/www.reconoce.mx\/index.php?rest_route=\/wp\/v2\/types\/post"}],"author":[{"embeddable":true,"href":"https:\/\/www.reconoce.mx\/index.php?rest_route=\/wp\/v2\/users\/2"}],"replies":[{"embeddable":true,"href":"https:\/\/www.reconoce.mx\/index.php?rest_route=%2Fwp%2Fv2%2Fcomments&post=71805"}],"version-history":[{"count":2,"href":"https:\/\/www.reconoce.mx\/index.php?rest_route=\/wp\/v2\/posts\/71805\/revisions"}],"predecessor-version":[{"id":71812,"href":"https:\/\/www.reconoce.mx\/index.php?rest_route=\/wp\/v2\/posts\/71805\/revisions\/71812"}],"wp:featuredmedia":[{"embeddable":true,"href":"https:\/\/www.reconoce.mx\/index.php?rest_route=\/wp\/v2\/media\/71809"}],"wp:attachment":[{"href":"https:\/\/www.reconoce.mx\/index.php?rest_route=%2Fwp%2Fv2%2Fmedia&parent=71805"}],"wp:term":[{"taxonomy":"category","embeddable":true,"href":"https:\/\/www.reconoce.mx\/index.php?rest_route=%2Fwp%2Fv2%2Fcategories&post=71805"},{"taxonomy":"post_tag","embeddable":true,"href":"https:\/\/www.reconoce.mx\/index.php?rest_route=%2Fwp%2Fv2%2Ftags&post=71805"}],"curies":[{"name":"wp","href":"https:\/\/api.w.org\/{rel}","templated":true}]}}