{"id":72420,"date":"2018-04-27T00:02:12","date_gmt":"2018-04-27T05:02:12","guid":{"rendered":"http:\/\/www.reconoce.mx\/?p=72420"},"modified":"2018-04-27T00:12:16","modified_gmt":"2018-04-27T05:12:16","slug":"carlos-sadness-saltara-ahora-al-teatro-metropolitan","status":"publish","type":"post","link":"https:\/\/www.reconoce.mx\/?p=72420","title":{"rendered":"Carlos Sadness saltar\u00e1 ahora al Teatro Metrop\u00f3litan"},"content":{"rendered":"<p><strong> Por <a title=\"@AsfaltosTweets\" href=\"http:\/\/twitter.com\/AsfaltosTweets\" target=\"_blank\" rel=\"noopener noreferrer\" data-slimstat-type=\"0\" data-slimstat-callback=\"false\" data-slimstat-tracking=\"true\">Asfaltos<\/a><\/strong>.<\/p>\n<p>Como parte de su crecimiento veloz y contundente en nuestro pa\u00eds, el catal\u00e1n <strong>Carlos Sadness<\/strong> regresar\u00e1 a Ciudad de M\u00e9xico en plan grande para ahora dar un salto nada mas y nada menos que al siempre importante <strong>Teatro Metrop\u00f3litan<\/strong>.<strong> Carlos Sadness<\/strong> presentar\u00e1 en este imponente escenario su m\u00e1s trabajo discogr\u00e1fico llamado \u00abDiferentes tipos de luz\u00bb.<\/p>\n<p><a href=\"http:\/\/www.reconoce.mx\/wp-content\/uploads\/2018\/04\/carlos-sadness-poster.jpg\"><img loading=\"lazy\" decoding=\"async\" class=\"aligncenter size-full wp-image-72422\" src=\"http:\/\/www.reconoce.mx\/wp-content\/uploads\/2018\/04\/carlos-sadness-poster.jpg\" alt=\"\" width=\"689\" height=\"1121\" srcset=\"https:\/\/www.reconoce.mx\/wp-content\/uploads\/2018\/04\/carlos-sadness-poster.jpg 689w, https:\/\/www.reconoce.mx\/wp-content\/uploads\/2018\/04\/carlos-sadness-poster-184x300.jpg 184w, https:\/\/www.reconoce.mx\/wp-content\/uploads\/2018\/04\/carlos-sadness-poster-629x1024.jpg 629w, https:\/\/www.reconoce.mx\/wp-content\/uploads\/2018\/04\/carlos-sadness-poster-150x244.jpg 150w, https:\/\/www.reconoce.mx\/wp-content\/uploads\/2018\/04\/carlos-sadness-poster-658x1071.jpg 658w, https:\/\/www.reconoce.mx\/wp-content\/uploads\/2018\/04\/carlos-sadness-poster-300x488.jpg 300w\" sizes=\"auto, (max-width: 689px) 100vw, 689px\" \/><\/a><\/p>\n<p>Ser\u00e1 en el Metrop\u00f3litan donde Sadness presente \u00e9xitos como \u00abAmor papaya en invierto\u00bb, \u00abMiss Honolulu\u00bb y \u00abQu\u00e9 electricidad\u00bb. Adem\u00e1s se presentar\u00e1n tambi\u00e9n canciones del m\u00e1s reciente \u00abDiferentes tipos de luz\u00bb, salpicado tambi\u00e9n por varios sencillos de \u00e9xito que en palabras del m\u00fasico son un homenaje a la energ\u00eda que hace visible todo lo que nos rodea.<\/p>\n<p>\u00abMuchos d\u00edas amanec\u00eda con una luz y volv\u00eda a amanecer, de forma muy distinta y horas m\u00e1s tarde, en otra ciudad. La luz ha sido mi compa\u00f1era en este viaje. Entrando por los grandes ventanales del l\u2019Eixample de Barcelona o por el cent\u00edmetro abierto de la ventanilla de un avi\u00f3n, volviendo lo que parec\u00eda opaco en transparente\u00bb, comparte en comunicado de prensa <strong>Carlos Sadness<\/strong>.<\/p>\n<p>El catal\u00e1n, actualmente, es uno de los m\u00fasicos m\u00e1s escuchados en <strong>Spotify<\/strong> junto a sus compatriotas de <strong>Vetusta Morla<\/strong>.<\/p>\n<p><strong>Carlos Sadness<\/strong> se presentar\u00e1 en Ciudad de M\u00e9xico el pr\u00f3ximo jueves 8 de noviembre, en el marco perfecto del <strong>Teatro Metrop\u00f3litan<\/strong>. Boletos disponibles en las taquillas del inmueble y a trav\u00e9s del <a href=\"http:\/\/www.ticketmaster.com.mx\/Carlos-Sadness-boletos\/artist\/2254506\" target=\"_blank\" rel=\"noopener\">Sistema Ticketmaster<\/a>.<\/p>\n<p style=\"text-align: right;\">Con informaci\u00f3n e imagen cortes\u00eda de <strong>OCESA<\/strong>.<\/p>\n<p>&nbsp;<\/p>\n<p>&nbsp;<\/p>\n","protected":false},"excerpt":{"rendered":"<p>Como parte de su crecimiento veloz y contundente en nuestro pa\u00eds, el catal\u00e1n Carlos Sadness regresar\u00e1 a Ciudad de M\u00e9xico en plan grande para ahora dar un salto nada mas y nada menos que al siempre importante Teatro Metrop\u00f3litan. <\/p>\n","protected":false},"author":2,"featured_media":72421,"comment_status":"open","ping_status":"open","sticky":false,"template":"","format":"standard","meta":{"footnotes":""},"categories":[1,18,17],"tags":[],"class_list":["post-72420","post","type-post","status-publish","format-standard","has-post-thumbnail","hentry","category-cultura","category-musica","category-principal"],"yoast_head":"<!-- This site is optimized with the Yoast SEO plugin v24.7 - https:\/\/yoast.com\/wordpress\/plugins\/seo\/ -->\n<title>Carlos Sadness saltar\u00e1 ahora al Teatro Metrop\u00f3litan &#171; Reconoce MX<\/title>\n<meta name=\"robots\" content=\"index, follow, max-snippet:-1, max-image-preview:large, max-video-preview:-1\" \/>\n<link rel=\"canonical\" href=\"https:\/\/www.reconoce.mx\/?p=72420\" \/>\n<meta property=\"og:locale\" content=\"es_ES\" \/>\n<meta property=\"og:type\" content=\"article\" \/>\n<meta property=\"og:title\" content=\"Carlos Sadness saltar\u00e1 ahora al Teatro Metrop\u00f3litan &#171; Reconoce MX\" \/>\n<meta property=\"og:description\" content=\"Como parte de su crecimiento veloz y contundente en nuestro pa\u00eds, el catal\u00e1n Carlos Sadness regresar\u00e1 a Ciudad de M\u00e9xico en plan grande para ahora dar un salto nada mas y nada menos que al siempre importante Teatro Metrop\u00f3litan.\" \/>\n<meta property=\"og:url\" content=\"https:\/\/www.reconoce.mx\/?p=72420\" \/>\n<meta property=\"og:site_name\" content=\"Reconoce MX\" \/>\n<meta property=\"article:publisher\" content=\"https:\/\/es-la.facebook.com\/ReconoceMX\/\" \/>\n<meta property=\"article:published_time\" content=\"2018-04-27T05:02:12+00:00\" \/>\n<meta property=\"article:modified_time\" content=\"2018-04-27T05:12:16+00:00\" \/>\n<meta property=\"og:image\" content=\"https:\/\/www.reconoce.mx\/wp-content\/uploads\/2018\/04\/carlos-sadness-cover.jpg\" \/>\n\t<meta property=\"og:image:width\" content=\"590\" \/>\n\t<meta property=\"og:image:height\" content=\"380\" \/>\n\t<meta property=\"og:image:type\" content=\"image\/jpeg\" \/>\n<meta name=\"author\" content=\"Reconoce MX\" \/>\n<meta name=\"twitter:card\" content=\"summary_large_image\" \/>\n<meta name=\"twitter:creator\" content=\"@reconocemx\" \/>\n<meta name=\"twitter:site\" content=\"@reconocemx\" \/>\n<meta name=\"twitter:label1\" content=\"Escrito por\" \/>\n\t<meta name=\"twitter:data1\" content=\"Reconoce MX\" \/>\n\t<meta name=\"twitter:label2\" content=\"Tiempo de lectura\" \/>\n\t<meta name=\"twitter:data2\" content=\"1 minuto\" \/>\n<script type=\"application\/ld+json\" class=\"yoast-schema-graph\">{\"@context\":\"https:\/\/schema.org\",\"@graph\":[{\"@type\":\"Article\",\"@id\":\"https:\/\/www.reconoce.mx\/?p=72420#article\",\"isPartOf\":{\"@id\":\"https:\/\/www.reconoce.mx\/?p=72420\"},\"author\":{\"name\":\"Reconoce MX\",\"@id\":\"http:\/\/www.reconoce.mx\/#\/schema\/person\/2117e997d7051dc15d6880eaf9bca0b2\"},\"headline\":\"Carlos Sadness saltar\u00e1 ahora al Teatro Metrop\u00f3litan\",\"datePublished\":\"2018-04-27T05:02:12+00:00\",\"dateModified\":\"2018-04-27T05:12:16+00:00\",\"mainEntityOfPage\":{\"@id\":\"https:\/\/www.reconoce.mx\/?p=72420\"},\"wordCount\":278,\"commentCount\":0,\"publisher\":{\"@id\":\"http:\/\/www.reconoce.mx\/#organization\"},\"image\":{\"@id\":\"https:\/\/www.reconoce.mx\/?p=72420#primaryimage\"},\"thumbnailUrl\":\"https:\/\/www.reconoce.mx\/wp-content\/uploads\/2018\/04\/carlos-sadness-cover.jpg\",\"articleSection\":[\"Cultura\",\"M\u00fasica\",\"Principal\"],\"inLanguage\":\"es\",\"potentialAction\":[{\"@type\":\"CommentAction\",\"name\":\"Comment\",\"target\":[\"https:\/\/www.reconoce.mx\/?p=72420#respond\"]}]},{\"@type\":\"WebPage\",\"@id\":\"https:\/\/www.reconoce.mx\/?p=72420\",\"url\":\"https:\/\/www.reconoce.mx\/?p=72420\",\"name\":\"Carlos Sadness saltar\u00e1 ahora al Teatro Metrop\u00f3litan &#171; Reconoce MX\",\"isPartOf\":{\"@id\":\"http:\/\/www.reconoce.mx\/#website\"},\"primaryImageOfPage\":{\"@id\":\"https:\/\/www.reconoce.mx\/?p=72420#primaryimage\"},\"image\":{\"@id\":\"https:\/\/www.reconoce.mx\/?p=72420#primaryimage\"},\"thumbnailUrl\":\"https:\/\/www.reconoce.mx\/wp-content\/uploads\/2018\/04\/carlos-sadness-cover.jpg\",\"datePublished\":\"2018-04-27T05:02:12+00:00\",\"dateModified\":\"2018-04-27T05:12:16+00:00\",\"breadcrumb\":{\"@id\":\"https:\/\/www.reconoce.mx\/?p=72420#breadcrumb\"},\"inLanguage\":\"es\",\"potentialAction\":[{\"@type\":\"ReadAction\",\"target\":[\"https:\/\/www.reconoce.mx\/?p=72420\"]}]},{\"@type\":\"ImageObject\",\"inLanguage\":\"es\",\"@id\":\"https:\/\/www.reconoce.mx\/?p=72420#primaryimage\",\"url\":\"https:\/\/www.reconoce.mx\/wp-content\/uploads\/2018\/04\/carlos-sadness-cover.jpg\",\"contentUrl\":\"https:\/\/www.reconoce.mx\/wp-content\/uploads\/2018\/04\/carlos-sadness-cover.jpg\",\"width\":590,\"height\":380},{\"@type\":\"BreadcrumbList\",\"@id\":\"https:\/\/www.reconoce.mx\/?p=72420#breadcrumb\",\"itemListElement\":[{\"@type\":\"ListItem\",\"position\":1,\"name\":\"Portada\",\"item\":\"http:\/\/www.reconoce.mx\/\"},{\"@type\":\"ListItem\",\"position\":2,\"name\":\"Carlos Sadness saltar\u00e1 ahora al Teatro Metrop\u00f3litan\"}]},{\"@type\":\"WebSite\",\"@id\":\"http:\/\/www.reconoce.mx\/#website\",\"url\":\"http:\/\/www.reconoce.mx\/\",\"name\":\"Reconoce MX\",\"description\":\"En Reconoce MX difundimos arte, cultura y conciencia social en M\u00e9xico. Tu ciudad en otra perspectiva.\",\"publisher\":{\"@id\":\"http:\/\/www.reconoce.mx\/#organization\"},\"potentialAction\":[{\"@type\":\"SearchAction\",\"target\":{\"@type\":\"EntryPoint\",\"urlTemplate\":\"http:\/\/www.reconoce.mx\/?s={search_term_string}\"},\"query-input\":{\"@type\":\"PropertyValueSpecification\",\"valueRequired\":true,\"valueName\":\"search_term_string\"}}],\"inLanguage\":\"es\"},{\"@type\":\"Organization\",\"@id\":\"http:\/\/www.reconoce.mx\/#organization\",\"name\":\"Reconoce MX\",\"url\":\"http:\/\/www.reconoce.mx\/\",\"logo\":{\"@type\":\"ImageObject\",\"inLanguage\":\"es\",\"@id\":\"http:\/\/www.reconoce.mx\/#\/schema\/logo\/image\/\",\"url\":\"https:\/\/www.reconoce.mx\/wp-content\/uploads\/2019\/03\/logorcmx-good-1.png\",\"contentUrl\":\"https:\/\/www.reconoce.mx\/wp-content\/uploads\/2019\/03\/logorcmx-good-1.png\",\"width\":280,\"height\":90,\"caption\":\"Reconoce MX\"},\"image\":{\"@id\":\"http:\/\/www.reconoce.mx\/#\/schema\/logo\/image\/\"},\"sameAs\":[\"https:\/\/es-la.facebook.com\/ReconoceMX\/\",\"https:\/\/x.com\/reconocemx\",\"http:\/\/@reconocemx\"]},{\"@type\":\"Person\",\"@id\":\"http:\/\/www.reconoce.mx\/#\/schema\/person\/2117e997d7051dc15d6880eaf9bca0b2\",\"name\":\"Reconoce MX\",\"image\":{\"@type\":\"ImageObject\",\"inLanguage\":\"es\",\"@id\":\"http:\/\/www.reconoce.mx\/#\/schema\/person\/image\/\",\"url\":\"https:\/\/secure.gravatar.com\/avatar\/6c8d4dc7569ca1c90c5fdcc349f839d5ddef6fe1e70b4337ead2ef1a4c43fc3a?s=96&d=identicon&r=g\",\"contentUrl\":\"https:\/\/secure.gravatar.com\/avatar\/6c8d4dc7569ca1c90c5fdcc349f839d5ddef6fe1e70b4337ead2ef1a4c43fc3a?s=96&d=identicon&r=g\",\"caption\":\"Reconoce MX\"},\"description\":\"Reconoce MX es un proyecto de difusi\u00f3n art\u00edstica, cultural y de conciencia social que est\u00e1 enfocado a difundir y fomentar el entretenimiento alternativo de calidad para todo el p\u00fablico que comparta el mismo entusiasmo.\",\"sameAs\":[\"http:\/\/www.reconoce.mx\"],\"url\":\"https:\/\/www.reconoce.mx\/?author=2\"}]}<\/script>\n<!-- \/ Yoast SEO plugin. -->","yoast_head_json":{"title":"Carlos Sadness saltar\u00e1 ahora al Teatro Metrop\u00f3litan &#171; Reconoce MX","robots":{"index":"index","follow":"follow","max-snippet":"max-snippet:-1","max-image-preview":"max-image-preview:large","max-video-preview":"max-video-preview:-1"},"canonical":"https:\/\/www.reconoce.mx\/?p=72420","og_locale":"es_ES","og_type":"article","og_title":"Carlos Sadness saltar\u00e1 ahora al Teatro Metrop\u00f3litan &#171; Reconoce MX","og_description":"Como parte de su crecimiento veloz y contundente en nuestro pa\u00eds, el catal\u00e1n Carlos Sadness regresar\u00e1 a Ciudad de M\u00e9xico en plan grande para ahora dar un salto nada mas y nada menos que al siempre importante Teatro Metrop\u00f3litan.","og_url":"https:\/\/www.reconoce.mx\/?p=72420","og_site_name":"Reconoce MX","article_publisher":"https:\/\/es-la.facebook.com\/ReconoceMX\/","article_published_time":"2018-04-27T05:02:12+00:00","article_modified_time":"2018-04-27T05:12:16+00:00","og_image":[{"width":590,"height":380,"url":"https:\/\/www.reconoce.mx\/wp-content\/uploads\/2018\/04\/carlos-sadness-cover.jpg","type":"image\/jpeg"}],"author":"Reconoce MX","twitter_card":"summary_large_image","twitter_creator":"@reconocemx","twitter_site":"@reconocemx","twitter_misc":{"Escrito por":"Reconoce MX","Tiempo de lectura":"1 minuto"},"schema":{"@context":"https:\/\/schema.org","@graph":[{"@type":"Article","@id":"https:\/\/www.reconoce.mx\/?p=72420#article","isPartOf":{"@id":"https:\/\/www.reconoce.mx\/?p=72420"},"author":{"name":"Reconoce MX","@id":"http:\/\/www.reconoce.mx\/#\/schema\/person\/2117e997d7051dc15d6880eaf9bca0b2"},"headline":"Carlos Sadness saltar\u00e1 ahora al Teatro Metrop\u00f3litan","datePublished":"2018-04-27T05:02:12+00:00","dateModified":"2018-04-27T05:12:16+00:00","mainEntityOfPage":{"@id":"https:\/\/www.reconoce.mx\/?p=72420"},"wordCount":278,"commentCount":0,"publisher":{"@id":"http:\/\/www.reconoce.mx\/#organization"},"image":{"@id":"https:\/\/www.reconoce.mx\/?p=72420#primaryimage"},"thumbnailUrl":"https:\/\/www.reconoce.mx\/wp-content\/uploads\/2018\/04\/carlos-sadness-cover.jpg","articleSection":["Cultura","M\u00fasica","Principal"],"inLanguage":"es","potentialAction":[{"@type":"CommentAction","name":"Comment","target":["https:\/\/www.reconoce.mx\/?p=72420#respond"]}]},{"@type":"WebPage","@id":"https:\/\/www.reconoce.mx\/?p=72420","url":"https:\/\/www.reconoce.mx\/?p=72420","name":"Carlos Sadness saltar\u00e1 ahora al Teatro Metrop\u00f3litan &#171; Reconoce MX","isPartOf":{"@id":"http:\/\/www.reconoce.mx\/#website"},"primaryImageOfPage":{"@id":"https:\/\/www.reconoce.mx\/?p=72420#primaryimage"},"image":{"@id":"https:\/\/www.reconoce.mx\/?p=72420#primaryimage"},"thumbnailUrl":"https:\/\/www.reconoce.mx\/wp-content\/uploads\/2018\/04\/carlos-sadness-cover.jpg","datePublished":"2018-04-27T05:02:12+00:00","dateModified":"2018-04-27T05:12:16+00:00","breadcrumb":{"@id":"https:\/\/www.reconoce.mx\/?p=72420#breadcrumb"},"inLanguage":"es","potentialAction":[{"@type":"ReadAction","target":["https:\/\/www.reconoce.mx\/?p=72420"]}]},{"@type":"ImageObject","inLanguage":"es","@id":"https:\/\/www.reconoce.mx\/?p=72420#primaryimage","url":"https:\/\/www.reconoce.mx\/wp-content\/uploads\/2018\/04\/carlos-sadness-cover.jpg","contentUrl":"https:\/\/www.reconoce.mx\/wp-content\/uploads\/2018\/04\/carlos-sadness-cover.jpg","width":590,"height":380},{"@type":"BreadcrumbList","@id":"https:\/\/www.reconoce.mx\/?p=72420#breadcrumb","itemListElement":[{"@type":"ListItem","position":1,"name":"Portada","item":"http:\/\/www.reconoce.mx\/"},{"@type":"ListItem","position":2,"name":"Carlos Sadness saltar\u00e1 ahora al Teatro Metrop\u00f3litan"}]},{"@type":"WebSite","@id":"http:\/\/www.reconoce.mx\/#website","url":"http:\/\/www.reconoce.mx\/","name":"Reconoce MX","description":"En Reconoce MX difundimos arte, cultura y conciencia social en M\u00e9xico. Tu ciudad en otra perspectiva.","publisher":{"@id":"http:\/\/www.reconoce.mx\/#organization"},"potentialAction":[{"@type":"SearchAction","target":{"@type":"EntryPoint","urlTemplate":"http:\/\/www.reconoce.mx\/?s={search_term_string}"},"query-input":{"@type":"PropertyValueSpecification","valueRequired":true,"valueName":"search_term_string"}}],"inLanguage":"es"},{"@type":"Organization","@id":"http:\/\/www.reconoce.mx\/#organization","name":"Reconoce MX","url":"http:\/\/www.reconoce.mx\/","logo":{"@type":"ImageObject","inLanguage":"es","@id":"http:\/\/www.reconoce.mx\/#\/schema\/logo\/image\/","url":"https:\/\/www.reconoce.mx\/wp-content\/uploads\/2019\/03\/logorcmx-good-1.png","contentUrl":"https:\/\/www.reconoce.mx\/wp-content\/uploads\/2019\/03\/logorcmx-good-1.png","width":280,"height":90,"caption":"Reconoce MX"},"image":{"@id":"http:\/\/www.reconoce.mx\/#\/schema\/logo\/image\/"},"sameAs":["https:\/\/es-la.facebook.com\/ReconoceMX\/","https:\/\/x.com\/reconocemx","http:\/\/@reconocemx"]},{"@type":"Person","@id":"http:\/\/www.reconoce.mx\/#\/schema\/person\/2117e997d7051dc15d6880eaf9bca0b2","name":"Reconoce MX","image":{"@type":"ImageObject","inLanguage":"es","@id":"http:\/\/www.reconoce.mx\/#\/schema\/person\/image\/","url":"https:\/\/secure.gravatar.com\/avatar\/6c8d4dc7569ca1c90c5fdcc349f839d5ddef6fe1e70b4337ead2ef1a4c43fc3a?s=96&d=identicon&r=g","contentUrl":"https:\/\/secure.gravatar.com\/avatar\/6c8d4dc7569ca1c90c5fdcc349f839d5ddef6fe1e70b4337ead2ef1a4c43fc3a?s=96&d=identicon&r=g","caption":"Reconoce MX"},"description":"Reconoce MX es un proyecto de difusi\u00f3n art\u00edstica, cultural y de conciencia social que est\u00e1 enfocado a difundir y fomentar el entretenimiento alternativo de calidad para todo el p\u00fablico que comparta el mismo entusiasmo.","sameAs":["http:\/\/www.reconoce.mx"],"url":"https:\/\/www.reconoce.mx\/?author=2"}]}},"_links":{"self":[{"href":"https:\/\/www.reconoce.mx\/index.php?rest_route=\/wp\/v2\/posts\/72420","targetHints":{"allow":["GET"]}}],"collection":[{"href":"https:\/\/www.reconoce.mx\/index.php?rest_route=\/wp\/v2\/posts"}],"about":[{"href":"https:\/\/www.reconoce.mx\/index.php?rest_route=\/wp\/v2\/types\/post"}],"author":[{"embeddable":true,"href":"https:\/\/www.reconoce.mx\/index.php?rest_route=\/wp\/v2\/users\/2"}],"replies":[{"embeddable":true,"href":"https:\/\/www.reconoce.mx\/index.php?rest_route=%2Fwp%2Fv2%2Fcomments&post=72420"}],"version-history":[{"count":2,"href":"https:\/\/www.reconoce.mx\/index.php?rest_route=\/wp\/v2\/posts\/72420\/revisions"}],"predecessor-version":[{"id":72424,"href":"https:\/\/www.reconoce.mx\/index.php?rest_route=\/wp\/v2\/posts\/72420\/revisions\/72424"}],"wp:featuredmedia":[{"embeddable":true,"href":"https:\/\/www.reconoce.mx\/index.php?rest_route=\/wp\/v2\/media\/72421"}],"wp:attachment":[{"href":"https:\/\/www.reconoce.mx\/index.php?rest_route=%2Fwp%2Fv2%2Fmedia&parent=72420"}],"wp:term":[{"taxonomy":"category","embeddable":true,"href":"https:\/\/www.reconoce.mx\/index.php?rest_route=%2Fwp%2Fv2%2Fcategories&post=72420"},{"taxonomy":"post_tag","embeddable":true,"href":"https:\/\/www.reconoce.mx\/index.php?rest_route=%2Fwp%2Fv2%2Ftags&post=72420"}],"curies":[{"name":"wp","href":"https:\/\/api.w.org\/{rel}","templated":true}]}}