{"id":72425,"date":"2018-04-27T00:03:17","date_gmt":"2018-04-27T05:03:17","guid":{"rendered":"http:\/\/www.reconoce.mx\/?p=72425"},"modified":"2018-04-27T00:12:05","modified_gmt":"2018-04-27T05:12:05","slug":"30-anos-de-fobia-con-todo-y-pastel-en-el-palacio-de-los-deportes","status":"publish","type":"post","link":"https:\/\/www.reconoce.mx\/?p=72425","title":{"rendered":"\u00a130 a\u00f1os de Fobia con todo y \u00abPastel\u00bb en el Palacio de los Deportes!"},"content":{"rendered":"<p><strong> Por <a title=\"@AsfaltosTweets\" href=\"http:\/\/twitter.com\/AsfaltosTweets\" target=\"_blank\" rel=\"noopener noreferrer\" data-slimstat-type=\"0\" data-slimstat-callback=\"false\" data-slimstat-tracking=\"true\">Asfaltos<\/a><\/strong>.<\/p>\n<p>Tras 6 a\u00f1os de no tocar juntos, Leonardo, Paco, I\u00f1aki, Ch\u00e1! y Jay de la Cueva, \u00a1<strong>Fobia<\/strong>!, volver\u00e1n a tocar juntos para celebrar 30 a\u00f1os de luminosa carrera. En un festejo envidiable para los seguidores de <strong>Fobia<\/strong>, el grupo se presentar\u00e1 en un show llamado \u00abPastel\u00bb el pr\u00f3ximo viernes 29 de junio en el <strong>Palacio de los Deportes<\/strong>.<\/p>\n<p><a href=\"http:\/\/www.reconoce.mx\/wp-content\/uploads\/2018\/04\/fobia-palacio-de-los-deportes.jpg\"><img loading=\"lazy\" decoding=\"async\" class=\"aligncenter size-full wp-image-72426\" src=\"http:\/\/www.reconoce.mx\/wp-content\/uploads\/2018\/04\/fobia-palacio-de-los-deportes.jpg\" alt=\"\" width=\"1084\" height=\"1600\" srcset=\"https:\/\/www.reconoce.mx\/wp-content\/uploads\/2018\/04\/fobia-palacio-de-los-deportes.jpg 1084w, https:\/\/www.reconoce.mx\/wp-content\/uploads\/2018\/04\/fobia-palacio-de-los-deportes-203x300.jpg 203w, https:\/\/www.reconoce.mx\/wp-content\/uploads\/2018\/04\/fobia-palacio-de-los-deportes-768x1134.jpg 768w, https:\/\/www.reconoce.mx\/wp-content\/uploads\/2018\/04\/fobia-palacio-de-los-deportes-694x1024.jpg 694w, https:\/\/www.reconoce.mx\/wp-content\/uploads\/2018\/04\/fobia-palacio-de-los-deportes-150x221.jpg 150w, https:\/\/www.reconoce.mx\/wp-content\/uploads\/2018\/04\/fobia-palacio-de-los-deportes-700x1033.jpg 700w, https:\/\/www.reconoce.mx\/wp-content\/uploads\/2018\/04\/fobia-palacio-de-los-deportes-658x971.jpg 658w, https:\/\/www.reconoce.mx\/wp-content\/uploads\/2018\/04\/fobia-palacio-de-los-deportes-300x443.jpg 300w\" sizes=\"auto, (max-width: 1084px) 100vw, 1084px\" \/><\/a><\/p>\n<p>Fue en un lejano 1987 cuando el camino de <strong>Fobia<\/strong> dio inicio. Parte del concurso de bandas amateur \u00abRock en tu idioma\u00bb organizado por la disquera <strong>RCA Ariola<\/strong>, los integrantes de <strong>Fobia<\/strong> consiguieron un segundo lugar con el que no se conformaron y que los llev\u00f3 a finalmente firmar su primer contrato. \u00abFobia\u00bb (1990) estren\u00f3 entonces bajo la producci\u00f3n del argentino Cachorro L\u00f3pez. De este \u00e1lbum se desprenden los sencillos \u00abEl microbito\u00bb, \u00abEl cumplea\u00f1os\u00bb, \u00abLa iguana\u00bb y \u00abEl crucifijo\u00bb.<\/p>\n<p>Tras 30 a\u00f1os de carrera, con gratos sabores y tambi\u00e9n algunos sin sabores, <strong>Fobia<\/strong> regresa con un legado e historia que ya es parte de los anaqueles del rock mexicano, misma que ahora podr\u00e1 ser compartida por las nuevas generaciones que se enriquecer con su legado musical.<\/p>\n<p>Fobia regresa a los escenarios para presentarse en el <strong>Palacio de los Deportes<\/strong> con \u00abPastel\u00bb el pr\u00f3ximo viernes 29 de junio. Los boletos est\u00e1n a la venta en las taquillas del inmueble y a trav\u00e9s del <a href=\"http:\/\/www.ticketmaster.com.mx\/Fobia-boletos\/artist\/754933\" target=\"_blank\" rel=\"noopener\">Sistema Ticketmaster<\/a>.<\/p>\n<p style=\"text-align: right;\">Con informaci\u00f3n cortes\u00eda de <strong>OCESA<\/strong>.<\/p>\n<p>&nbsp;<\/p>\n<p>&nbsp;<\/p>\n","protected":false},"excerpt":{"rendered":"<p>Tras 6 a\u00f1os de no tocar juntos, Leonardo, Paco, I\u00f1aki, Ch\u00e1! y Jay de la Cueva, \u00a1Fobia!, volver\u00e1n a tocar juntos para celebrar 30 a\u00f1os de luminosa carrera. En un festejo envidiable para los seguidores de Fobia, el grupo se presentar\u00e1 en un show llamado \u00abPastel\u00bb el pr\u00f3ximo viernes 29 de junio en el Palacio de los Deportes.<\/p>\n","protected":false},"author":2,"featured_media":72427,"comment_status":"open","ping_status":"open","sticky":false,"template":"","format":"standard","meta":{"footnotes":""},"categories":[1,18,17],"tags":[],"class_list":["post-72425","post","type-post","status-publish","format-standard","has-post-thumbnail","hentry","category-cultura","category-musica","category-principal"],"yoast_head":"<!-- This site is optimized with the Yoast SEO plugin v24.7 - https:\/\/yoast.com\/wordpress\/plugins\/seo\/ -->\n<title>\u00a130 a\u00f1os de Fobia con todo y &quot;Pastel&quot; en el Palacio de los Deportes! &#171; Reconoce MX<\/title>\n<meta name=\"robots\" content=\"index, follow, max-snippet:-1, max-image-preview:large, max-video-preview:-1\" \/>\n<link rel=\"canonical\" href=\"https:\/\/www.reconoce.mx\/?p=72425\" \/>\n<meta property=\"og:locale\" content=\"es_ES\" \/>\n<meta property=\"og:type\" content=\"article\" \/>\n<meta property=\"og:title\" content=\"\u00a130 a\u00f1os de Fobia con todo y &quot;Pastel&quot; en el Palacio de los Deportes! &#171; Reconoce MX\" \/>\n<meta property=\"og:description\" content=\"Tras 6 a\u00f1os de no tocar juntos, Leonardo, Paco, I\u00f1aki, Ch\u00e1! y Jay de la Cueva, \u00a1Fobia!, volver\u00e1n a tocar juntos para celebrar 30 a\u00f1os de luminosa carrera. En un festejo envidiable para los seguidores de Fobia, el grupo se presentar\u00e1 en un show llamado &quot;Pastel&quot; el pr\u00f3ximo viernes 29 de junio en el Palacio de los Deportes.\" \/>\n<meta property=\"og:url\" content=\"https:\/\/www.reconoce.mx\/?p=72425\" \/>\n<meta property=\"og:site_name\" content=\"Reconoce MX\" \/>\n<meta property=\"article:publisher\" content=\"https:\/\/es-la.facebook.com\/ReconoceMX\/\" \/>\n<meta property=\"article:published_time\" content=\"2018-04-27T05:03:17+00:00\" \/>\n<meta property=\"article:modified_time\" content=\"2018-04-27T05:12:05+00:00\" \/>\n<meta property=\"og:image\" content=\"https:\/\/www.reconoce.mx\/wp-content\/uploads\/2018\/04\/fobia.jpg\" \/>\n\t<meta property=\"og:image:width\" content=\"590\" \/>\n\t<meta property=\"og:image:height\" content=\"380\" \/>\n\t<meta property=\"og:image:type\" content=\"image\/jpeg\" \/>\n<meta name=\"author\" content=\"Reconoce MX\" \/>\n<meta name=\"twitter:card\" content=\"summary_large_image\" \/>\n<meta name=\"twitter:creator\" content=\"@reconocemx\" \/>\n<meta name=\"twitter:site\" content=\"@reconocemx\" \/>\n<meta name=\"twitter:label1\" content=\"Escrito por\" \/>\n\t<meta name=\"twitter:data1\" content=\"Reconoce MX\" \/>\n\t<meta name=\"twitter:label2\" content=\"Tiempo de lectura\" \/>\n\t<meta name=\"twitter:data2\" content=\"1 minuto\" \/>\n<script type=\"application\/ld+json\" class=\"yoast-schema-graph\">{\"@context\":\"https:\/\/schema.org\",\"@graph\":[{\"@type\":\"Article\",\"@id\":\"https:\/\/www.reconoce.mx\/?p=72425#article\",\"isPartOf\":{\"@id\":\"https:\/\/www.reconoce.mx\/?p=72425\"},\"author\":{\"name\":\"Reconoce MX\",\"@id\":\"http:\/\/www.reconoce.mx\/#\/schema\/person\/2117e997d7051dc15d6880eaf9bca0b2\"},\"headline\":\"\u00a130 a\u00f1os de Fobia con todo y \u00abPastel\u00bb en el Palacio de los Deportes!\",\"datePublished\":\"2018-04-27T05:03:17+00:00\",\"dateModified\":\"2018-04-27T05:12:05+00:00\",\"mainEntityOfPage\":{\"@id\":\"https:\/\/www.reconoce.mx\/?p=72425\"},\"wordCount\":253,\"commentCount\":0,\"publisher\":{\"@id\":\"http:\/\/www.reconoce.mx\/#organization\"},\"image\":{\"@id\":\"https:\/\/www.reconoce.mx\/?p=72425#primaryimage\"},\"thumbnailUrl\":\"https:\/\/www.reconoce.mx\/wp-content\/uploads\/2018\/04\/fobia.jpg\",\"articleSection\":[\"Cultura\",\"M\u00fasica\",\"Principal\"],\"inLanguage\":\"es\",\"potentialAction\":[{\"@type\":\"CommentAction\",\"name\":\"Comment\",\"target\":[\"https:\/\/www.reconoce.mx\/?p=72425#respond\"]}]},{\"@type\":\"WebPage\",\"@id\":\"https:\/\/www.reconoce.mx\/?p=72425\",\"url\":\"https:\/\/www.reconoce.mx\/?p=72425\",\"name\":\"\u00a130 a\u00f1os de Fobia con todo y \\\"Pastel\\\" en el Palacio de los Deportes! &#171; Reconoce MX\",\"isPartOf\":{\"@id\":\"http:\/\/www.reconoce.mx\/#website\"},\"primaryImageOfPage\":{\"@id\":\"https:\/\/www.reconoce.mx\/?p=72425#primaryimage\"},\"image\":{\"@id\":\"https:\/\/www.reconoce.mx\/?p=72425#primaryimage\"},\"thumbnailUrl\":\"https:\/\/www.reconoce.mx\/wp-content\/uploads\/2018\/04\/fobia.jpg\",\"datePublished\":\"2018-04-27T05:03:17+00:00\",\"dateModified\":\"2018-04-27T05:12:05+00:00\",\"breadcrumb\":{\"@id\":\"https:\/\/www.reconoce.mx\/?p=72425#breadcrumb\"},\"inLanguage\":\"es\",\"potentialAction\":[{\"@type\":\"ReadAction\",\"target\":[\"https:\/\/www.reconoce.mx\/?p=72425\"]}]},{\"@type\":\"ImageObject\",\"inLanguage\":\"es\",\"@id\":\"https:\/\/www.reconoce.mx\/?p=72425#primaryimage\",\"url\":\"https:\/\/www.reconoce.mx\/wp-content\/uploads\/2018\/04\/fobia.jpg\",\"contentUrl\":\"https:\/\/www.reconoce.mx\/wp-content\/uploads\/2018\/04\/fobia.jpg\",\"width\":590,\"height\":380},{\"@type\":\"BreadcrumbList\",\"@id\":\"https:\/\/www.reconoce.mx\/?p=72425#breadcrumb\",\"itemListElement\":[{\"@type\":\"ListItem\",\"position\":1,\"name\":\"Portada\",\"item\":\"http:\/\/www.reconoce.mx\/\"},{\"@type\":\"ListItem\",\"position\":2,\"name\":\"\u00a130 a\u00f1os de Fobia con todo y \u00abPastel\u00bb en el Palacio de los Deportes!\"}]},{\"@type\":\"WebSite\",\"@id\":\"http:\/\/www.reconoce.mx\/#website\",\"url\":\"http:\/\/www.reconoce.mx\/\",\"name\":\"Reconoce MX\",\"description\":\"En Reconoce MX difundimos arte, cultura y conciencia social en M\u00e9xico. Tu ciudad en otra perspectiva.\",\"publisher\":{\"@id\":\"http:\/\/www.reconoce.mx\/#organization\"},\"potentialAction\":[{\"@type\":\"SearchAction\",\"target\":{\"@type\":\"EntryPoint\",\"urlTemplate\":\"http:\/\/www.reconoce.mx\/?s={search_term_string}\"},\"query-input\":{\"@type\":\"PropertyValueSpecification\",\"valueRequired\":true,\"valueName\":\"search_term_string\"}}],\"inLanguage\":\"es\"},{\"@type\":\"Organization\",\"@id\":\"http:\/\/www.reconoce.mx\/#organization\",\"name\":\"Reconoce MX\",\"url\":\"http:\/\/www.reconoce.mx\/\",\"logo\":{\"@type\":\"ImageObject\",\"inLanguage\":\"es\",\"@id\":\"http:\/\/www.reconoce.mx\/#\/schema\/logo\/image\/\",\"url\":\"https:\/\/www.reconoce.mx\/wp-content\/uploads\/2019\/03\/logorcmx-good-1.png\",\"contentUrl\":\"https:\/\/www.reconoce.mx\/wp-content\/uploads\/2019\/03\/logorcmx-good-1.png\",\"width\":280,\"height\":90,\"caption\":\"Reconoce MX\"},\"image\":{\"@id\":\"http:\/\/www.reconoce.mx\/#\/schema\/logo\/image\/\"},\"sameAs\":[\"https:\/\/es-la.facebook.com\/ReconoceMX\/\",\"https:\/\/x.com\/reconocemx\",\"http:\/\/@reconocemx\"]},{\"@type\":\"Person\",\"@id\":\"http:\/\/www.reconoce.mx\/#\/schema\/person\/2117e997d7051dc15d6880eaf9bca0b2\",\"name\":\"Reconoce MX\",\"image\":{\"@type\":\"ImageObject\",\"inLanguage\":\"es\",\"@id\":\"http:\/\/www.reconoce.mx\/#\/schema\/person\/image\/\",\"url\":\"https:\/\/secure.gravatar.com\/avatar\/6c8d4dc7569ca1c90c5fdcc349f839d5ddef6fe1e70b4337ead2ef1a4c43fc3a?s=96&d=identicon&r=g\",\"contentUrl\":\"https:\/\/secure.gravatar.com\/avatar\/6c8d4dc7569ca1c90c5fdcc349f839d5ddef6fe1e70b4337ead2ef1a4c43fc3a?s=96&d=identicon&r=g\",\"caption\":\"Reconoce MX\"},\"description\":\"Reconoce MX es un proyecto de difusi\u00f3n art\u00edstica, cultural y de conciencia social que est\u00e1 enfocado a difundir y fomentar el entretenimiento alternativo de calidad para todo el p\u00fablico que comparta el mismo entusiasmo.\",\"sameAs\":[\"http:\/\/www.reconoce.mx\"],\"url\":\"https:\/\/www.reconoce.mx\/?author=2\"}]}<\/script>\n<!-- \/ Yoast SEO plugin. -->","yoast_head_json":{"title":"\u00a130 a\u00f1os de Fobia con todo y \"Pastel\" en el Palacio de los Deportes! &#171; Reconoce MX","robots":{"index":"index","follow":"follow","max-snippet":"max-snippet:-1","max-image-preview":"max-image-preview:large","max-video-preview":"max-video-preview:-1"},"canonical":"https:\/\/www.reconoce.mx\/?p=72425","og_locale":"es_ES","og_type":"article","og_title":"\u00a130 a\u00f1os de Fobia con todo y \"Pastel\" en el Palacio de los Deportes! &#171; Reconoce MX","og_description":"Tras 6 a\u00f1os de no tocar juntos, Leonardo, Paco, I\u00f1aki, Ch\u00e1! y Jay de la Cueva, \u00a1Fobia!, volver\u00e1n a tocar juntos para celebrar 30 a\u00f1os de luminosa carrera. En un festejo envidiable para los seguidores de Fobia, el grupo se presentar\u00e1 en un show llamado \"Pastel\" el pr\u00f3ximo viernes 29 de junio en el Palacio de los Deportes.","og_url":"https:\/\/www.reconoce.mx\/?p=72425","og_site_name":"Reconoce MX","article_publisher":"https:\/\/es-la.facebook.com\/ReconoceMX\/","article_published_time":"2018-04-27T05:03:17+00:00","article_modified_time":"2018-04-27T05:12:05+00:00","og_image":[{"width":590,"height":380,"url":"https:\/\/www.reconoce.mx\/wp-content\/uploads\/2018\/04\/fobia.jpg","type":"image\/jpeg"}],"author":"Reconoce MX","twitter_card":"summary_large_image","twitter_creator":"@reconocemx","twitter_site":"@reconocemx","twitter_misc":{"Escrito por":"Reconoce MX","Tiempo de lectura":"1 minuto"},"schema":{"@context":"https:\/\/schema.org","@graph":[{"@type":"Article","@id":"https:\/\/www.reconoce.mx\/?p=72425#article","isPartOf":{"@id":"https:\/\/www.reconoce.mx\/?p=72425"},"author":{"name":"Reconoce MX","@id":"http:\/\/www.reconoce.mx\/#\/schema\/person\/2117e997d7051dc15d6880eaf9bca0b2"},"headline":"\u00a130 a\u00f1os de Fobia con todo y \u00abPastel\u00bb en el Palacio de los Deportes!","datePublished":"2018-04-27T05:03:17+00:00","dateModified":"2018-04-27T05:12:05+00:00","mainEntityOfPage":{"@id":"https:\/\/www.reconoce.mx\/?p=72425"},"wordCount":253,"commentCount":0,"publisher":{"@id":"http:\/\/www.reconoce.mx\/#organization"},"image":{"@id":"https:\/\/www.reconoce.mx\/?p=72425#primaryimage"},"thumbnailUrl":"https:\/\/www.reconoce.mx\/wp-content\/uploads\/2018\/04\/fobia.jpg","articleSection":["Cultura","M\u00fasica","Principal"],"inLanguage":"es","potentialAction":[{"@type":"CommentAction","name":"Comment","target":["https:\/\/www.reconoce.mx\/?p=72425#respond"]}]},{"@type":"WebPage","@id":"https:\/\/www.reconoce.mx\/?p=72425","url":"https:\/\/www.reconoce.mx\/?p=72425","name":"\u00a130 a\u00f1os de Fobia con todo y \"Pastel\" en el Palacio de los Deportes! &#171; Reconoce MX","isPartOf":{"@id":"http:\/\/www.reconoce.mx\/#website"},"primaryImageOfPage":{"@id":"https:\/\/www.reconoce.mx\/?p=72425#primaryimage"},"image":{"@id":"https:\/\/www.reconoce.mx\/?p=72425#primaryimage"},"thumbnailUrl":"https:\/\/www.reconoce.mx\/wp-content\/uploads\/2018\/04\/fobia.jpg","datePublished":"2018-04-27T05:03:17+00:00","dateModified":"2018-04-27T05:12:05+00:00","breadcrumb":{"@id":"https:\/\/www.reconoce.mx\/?p=72425#breadcrumb"},"inLanguage":"es","potentialAction":[{"@type":"ReadAction","target":["https:\/\/www.reconoce.mx\/?p=72425"]}]},{"@type":"ImageObject","inLanguage":"es","@id":"https:\/\/www.reconoce.mx\/?p=72425#primaryimage","url":"https:\/\/www.reconoce.mx\/wp-content\/uploads\/2018\/04\/fobia.jpg","contentUrl":"https:\/\/www.reconoce.mx\/wp-content\/uploads\/2018\/04\/fobia.jpg","width":590,"height":380},{"@type":"BreadcrumbList","@id":"https:\/\/www.reconoce.mx\/?p=72425#breadcrumb","itemListElement":[{"@type":"ListItem","position":1,"name":"Portada","item":"http:\/\/www.reconoce.mx\/"},{"@type":"ListItem","position":2,"name":"\u00a130 a\u00f1os de Fobia con todo y \u00abPastel\u00bb en el Palacio de los Deportes!"}]},{"@type":"WebSite","@id":"http:\/\/www.reconoce.mx\/#website","url":"http:\/\/www.reconoce.mx\/","name":"Reconoce MX","description":"En Reconoce MX difundimos arte, cultura y conciencia social en M\u00e9xico. Tu ciudad en otra perspectiva.","publisher":{"@id":"http:\/\/www.reconoce.mx\/#organization"},"potentialAction":[{"@type":"SearchAction","target":{"@type":"EntryPoint","urlTemplate":"http:\/\/www.reconoce.mx\/?s={search_term_string}"},"query-input":{"@type":"PropertyValueSpecification","valueRequired":true,"valueName":"search_term_string"}}],"inLanguage":"es"},{"@type":"Organization","@id":"http:\/\/www.reconoce.mx\/#organization","name":"Reconoce MX","url":"http:\/\/www.reconoce.mx\/","logo":{"@type":"ImageObject","inLanguage":"es","@id":"http:\/\/www.reconoce.mx\/#\/schema\/logo\/image\/","url":"https:\/\/www.reconoce.mx\/wp-content\/uploads\/2019\/03\/logorcmx-good-1.png","contentUrl":"https:\/\/www.reconoce.mx\/wp-content\/uploads\/2019\/03\/logorcmx-good-1.png","width":280,"height":90,"caption":"Reconoce MX"},"image":{"@id":"http:\/\/www.reconoce.mx\/#\/schema\/logo\/image\/"},"sameAs":["https:\/\/es-la.facebook.com\/ReconoceMX\/","https:\/\/x.com\/reconocemx","http:\/\/@reconocemx"]},{"@type":"Person","@id":"http:\/\/www.reconoce.mx\/#\/schema\/person\/2117e997d7051dc15d6880eaf9bca0b2","name":"Reconoce MX","image":{"@type":"ImageObject","inLanguage":"es","@id":"http:\/\/www.reconoce.mx\/#\/schema\/person\/image\/","url":"https:\/\/secure.gravatar.com\/avatar\/6c8d4dc7569ca1c90c5fdcc349f839d5ddef6fe1e70b4337ead2ef1a4c43fc3a?s=96&d=identicon&r=g","contentUrl":"https:\/\/secure.gravatar.com\/avatar\/6c8d4dc7569ca1c90c5fdcc349f839d5ddef6fe1e70b4337ead2ef1a4c43fc3a?s=96&d=identicon&r=g","caption":"Reconoce MX"},"description":"Reconoce MX es un proyecto de difusi\u00f3n art\u00edstica, cultural y de conciencia social que est\u00e1 enfocado a difundir y fomentar el entretenimiento alternativo de calidad para todo el p\u00fablico que comparta el mismo entusiasmo.","sameAs":["http:\/\/www.reconoce.mx"],"url":"https:\/\/www.reconoce.mx\/?author=2"}]}},"_links":{"self":[{"href":"https:\/\/www.reconoce.mx\/index.php?rest_route=\/wp\/v2\/posts\/72425","targetHints":{"allow":["GET"]}}],"collection":[{"href":"https:\/\/www.reconoce.mx\/index.php?rest_route=\/wp\/v2\/posts"}],"about":[{"href":"https:\/\/www.reconoce.mx\/index.php?rest_route=\/wp\/v2\/types\/post"}],"author":[{"embeddable":true,"href":"https:\/\/www.reconoce.mx\/index.php?rest_route=\/wp\/v2\/users\/2"}],"replies":[{"embeddable":true,"href":"https:\/\/www.reconoce.mx\/index.php?rest_route=%2Fwp%2Fv2%2Fcomments&post=72425"}],"version-history":[{"count":5,"href":"https:\/\/www.reconoce.mx\/index.php?rest_route=\/wp\/v2\/posts\/72425\/revisions"}],"predecessor-version":[{"id":72437,"href":"https:\/\/www.reconoce.mx\/index.php?rest_route=\/wp\/v2\/posts\/72425\/revisions\/72437"}],"wp:featuredmedia":[{"embeddable":true,"href":"https:\/\/www.reconoce.mx\/index.php?rest_route=\/wp\/v2\/media\/72427"}],"wp:attachment":[{"href":"https:\/\/www.reconoce.mx\/index.php?rest_route=%2Fwp%2Fv2%2Fmedia&parent=72425"}],"wp:term":[{"taxonomy":"category","embeddable":true,"href":"https:\/\/www.reconoce.mx\/index.php?rest_route=%2Fwp%2Fv2%2Fcategories&post=72425"},{"taxonomy":"post_tag","embeddable":true,"href":"https:\/\/www.reconoce.mx\/index.php?rest_route=%2Fwp%2Fv2%2Ftags&post=72425"}],"curies":[{"name":"wp","href":"https:\/\/api.w.org\/{rel}","templated":true}]}}