{"id":72445,"date":"2018-04-26T00:02:55","date_gmt":"2018-04-26T05:02:55","guid":{"rendered":"http:\/\/www.reconoce.mx\/?p=72445"},"modified":"2018-04-26T08:45:23","modified_gmt":"2018-04-26T13:45:23","slug":"festival-de-cine-oro-negro-promueve-el-cine-en-la-region-sur-de-veracruz","status":"publish","type":"post","link":"https:\/\/www.reconoce.mx\/?p=72445","title":{"rendered":"Festival de Cine Oro Negro promueve el cine en la regi\u00f3n sur de Veracruz"},"content":{"rendered":"<p><strong> Por <a title=\"@AsfaltosTweets\" href=\"http:\/\/twitter.com\/AsfaltosTweets\" target=\"_blank\" rel=\"noopener noreferrer\" data-slimstat-type=\"0\" data-slimstat-callback=\"false\" data-slimstat-tracking=\"true\">Asfaltos<\/a><\/strong>.<\/p>\n<p>Del 3 al 6 de mayo de 2018 en Coatzacoalcos, Minatitl\u00e1n y Nanchital, Veracruz, se celebrar\u00e1 la tercerca edici\u00f3n del <strong>Festival de Cine Oro Negro<\/strong>. El festival, en cuya selecci\u00f3n oficial competir\u00e1n 30 cortometrajes de M\u00e9xico, Argentina, Espa\u00f1a, Colombia y Estados Unidos, tendr\u00e1 como invitados especiales al actor <strong>Roberto Sosa<\/strong> y a la actriz <strong>Evangelina Mart\u00ednez<\/strong>.<\/p>\n<p><a href=\"http:\/\/www.reconoce.mx\/wp-content\/uploads\/2018\/04\/5.-Cartel-FCON.jpg\"><img loading=\"lazy\" decoding=\"async\" class=\"aligncenter size-full wp-image-72446\" src=\"http:\/\/www.reconoce.mx\/wp-content\/uploads\/2018\/04\/5.-Cartel-FCON.jpg\" alt=\"\" width=\"853\" height=\"1280\" srcset=\"https:\/\/www.reconoce.mx\/wp-content\/uploads\/2018\/04\/5.-Cartel-FCON.jpg 853w, https:\/\/www.reconoce.mx\/wp-content\/uploads\/2018\/04\/5.-Cartel-FCON-200x300.jpg 200w, https:\/\/www.reconoce.mx\/wp-content\/uploads\/2018\/04\/5.-Cartel-FCON-768x1152.jpg 768w, https:\/\/www.reconoce.mx\/wp-content\/uploads\/2018\/04\/5.-Cartel-FCON-682x1024.jpg 682w, https:\/\/www.reconoce.mx\/wp-content\/uploads\/2018\/04\/5.-Cartel-FCON-150x225.jpg 150w, https:\/\/www.reconoce.mx\/wp-content\/uploads\/2018\/04\/5.-Cartel-FCON-700x1050.jpg 700w, https:\/\/www.reconoce.mx\/wp-content\/uploads\/2018\/04\/5.-Cartel-FCON-658x987.jpg 658w, https:\/\/www.reconoce.mx\/wp-content\/uploads\/2018\/04\/5.-Cartel-FCON-300x450.jpg 300w\" sizes=\"auto, (max-width: 853px) 100vw, 853px\" \/><\/a><\/p>\n<p>Con el objetivo de lograr la promoci\u00f3n, exhibici\u00f3n, aprendizaje y desarrollo de propuestas cinematogr\u00e1ficas en la regi\u00f3n sur de Veracruz, el <strong>Festival de Cine Oro Negro<\/strong> se presenta en el escenario nacional por tercera ocasi\u00f3n con la intenci\u00f3n de aportar mucho m\u00e1s que entretenimiento y presencia de celebridades. El tema de este a\u00f1o ser\u00e1 \u00abSomos la tierra\u00bb, con el fin de aportar herramientas de reflexi\u00f3n sobre la ecolog\u00eda y el medio ambiente en la regi\u00f3n sur de Veracruz.<\/p>\n<p>En conferencia de prensa realizada en <strong>Cineteca Nacional<\/strong> la semana pasada, el director del festival Johnny Ol\u00e1n anunci\u00f3 que en el marco del festival se brindar\u00e1 el homenaje \u00abObrero F\u00edlmico\u00bb al actor <strong>Roberto Sosa<\/strong> por su destacada trayectoria. Del mismo modo se destac\u00f3 la presencia de la actriz <strong>Evangelina Mart\u00ednez<\/strong> como invitada especial y madrina del festival.<\/p>\n<p>Como ya es tradici\u00f3n en cada festival de cine, se proyectar\u00e1n largometrajes; en este caso \u00abEl fant\u00e1stico mundo de Juan Orol\u00bb (2012) de <strong>Sebasti\u00e1n del Amo<\/strong> y con <strong>Roberto Sosa<\/strong> como protagonista; y \u00abNahui Ollin, sol de movimiento\u00bb de Antonino Isordia, Carlos Armella, Gustavo M. Ballest\u00e9, Eleonora Isunza de Pech, Michelle Ibaven, Sergio Blanco y Teresa Camou.<\/p>\n<p>La selecci\u00f3n oficial, coraz\u00f3n del <strong>Festival de Cine Oro Negro<\/strong>, se conforma por 30 cortometrajes de M\u00e9xico, Argentina, Espa\u00f1a, Colombia y Estados Unidos. Las categor\u00edas son: \u00abFicci\u00f3n Internacional\u00bb, \u00abFicci\u00f3n Universitarios Mexicanos\u00bb, \u00abDocumental Internacional\u00bb y \u00abVeracruzanos\u00bb. El jurado est\u00e1 conformado por <strong>Franka Reitze<\/strong> (Chile), <strong>Idzin Xaca<\/strong> (Xalapa, Veracruz), <strong>Daviel Reyes<\/strong> (Xalapa, Veracruz), <strong>David Donner Castro<\/strong> (Rosario, Argentina) y <strong>Andrea Ayala<\/strong> (Monclova, Coahuila).<\/p>\n<p>Adem\u00e1s, y en coherencia con su mensaje ambiental, el festival destac\u00f3 la recuperaci\u00f3n del parque <strong>Estibadores<\/strong>; la impartici\u00f3n del taller de t\u00f3tems \u00abTortugas marinas\u00bb; y finalmente la caminata y exposici\u00f3n \u00abConcurso de Fotograf\u00edas #Instawalk\u00bb.<\/p>\n<p>El <strong>Festival de Cine Oro Negro<\/strong> se realizar\u00e1 del 3 al 6 de mayo de 2018 en Coatzacoalcos, Minatitl\u00e1n y Nanchital, Veracruz. Para m\u00e1s informaci\u00f3n consulta el <a href=\"http:\/\/festivaldecineoronegro.com.mx\/\" target=\"_blank\" rel=\"noopener\">sitio oficial<\/a>.<\/p>\n<p style=\"text-align: right;\">Con informaci\u00f3n e im\u00e1genes cortes\u00eda del<strong> Festival de Cine Oro Negro<\/strong>.<\/p>\n<p>&nbsp;<\/p>\n<p>&nbsp;<\/p>\n","protected":false},"excerpt":{"rendered":"<p>Del 3 al 6 de mayo de 2018 en Coatzacoalcos, Minatitl\u00e1n y Nanchital, Veracruz, se celebrar\u00e1 la tercerca edici\u00f3n del Festival de Cine Oro Negro. El festival, en cuya selecci\u00f3n oficial competir\u00e1n 30 cortometrajes de M\u00e9xico, Argentina, Espa\u00f1a, Colombia y Estados Unidos, tendr\u00e1 como invitados especiales al actor Roberto Sosa y a la actriz Evangelina Mart\u00ednez.<\/p>\n","protected":false},"author":2,"featured_media":72447,"comment_status":"open","ping_status":"open","sticky":false,"template":"","format":"standard","meta":{"footnotes":""},"categories":[24,1,17],"tags":[],"class_list":["post-72445","post","type-post","status-publish","format-standard","has-post-thumbnail","hentry","category-cine","category-cultura","category-principal"],"yoast_head":"<!-- This site is optimized with the Yoast SEO plugin v24.7 - https:\/\/yoast.com\/wordpress\/plugins\/seo\/ -->\n<title>Festival de Cine Oro Negro promueve el cine en la regi\u00f3n sur de Veracruz &#171; Reconoce MX<\/title>\n<meta name=\"robots\" content=\"index, follow, max-snippet:-1, max-image-preview:large, max-video-preview:-1\" \/>\n<link rel=\"canonical\" href=\"https:\/\/www.reconoce.mx\/?p=72445\" \/>\n<meta property=\"og:locale\" content=\"es_ES\" \/>\n<meta property=\"og:type\" content=\"article\" \/>\n<meta property=\"og:title\" content=\"Festival de Cine Oro Negro promueve el cine en la regi\u00f3n sur de Veracruz &#171; Reconoce MX\" \/>\n<meta property=\"og:description\" content=\"Del 3 al 6 de mayo de 2018 en Coatzacoalcos, Minatitl\u00e1n y Nanchital, Veracruz, se celebrar\u00e1 la tercerca edici\u00f3n del Festival de Cine Oro Negro. El festival, en cuya selecci\u00f3n oficial competir\u00e1n 30 cortometrajes de M\u00e9xico, Argentina, Espa\u00f1a, Colombia y Estados Unidos, tendr\u00e1 como invitados especiales al actor Roberto Sosa y a la actriz Evangelina Mart\u00ednez.\" \/>\n<meta property=\"og:url\" content=\"https:\/\/www.reconoce.mx\/?p=72445\" \/>\n<meta property=\"og:site_name\" content=\"Reconoce MX\" \/>\n<meta property=\"article:publisher\" content=\"https:\/\/es-la.facebook.com\/ReconoceMX\/\" \/>\n<meta property=\"article:published_time\" content=\"2018-04-26T05:02:55+00:00\" \/>\n<meta property=\"article:modified_time\" content=\"2018-04-26T13:45:23+00:00\" \/>\n<meta property=\"og:image\" content=\"https:\/\/www.reconoce.mx\/wp-content\/uploads\/2018\/04\/festival-oro-negro.jpg\" \/>\n\t<meta property=\"og:image:width\" content=\"590\" \/>\n\t<meta property=\"og:image:height\" content=\"380\" \/>\n\t<meta property=\"og:image:type\" content=\"image\/jpeg\" \/>\n<meta name=\"author\" content=\"Reconoce MX\" \/>\n<meta name=\"twitter:card\" content=\"summary_large_image\" \/>\n<meta name=\"twitter:creator\" content=\"@reconocemx\" \/>\n<meta name=\"twitter:site\" content=\"@reconocemx\" \/>\n<meta name=\"twitter:label1\" content=\"Escrito por\" \/>\n\t<meta name=\"twitter:data1\" content=\"Reconoce MX\" \/>\n\t<meta name=\"twitter:label2\" content=\"Tiempo de lectura\" \/>\n\t<meta name=\"twitter:data2\" content=\"2 minutos\" \/>\n<script type=\"application\/ld+json\" class=\"yoast-schema-graph\">{\"@context\":\"https:\/\/schema.org\",\"@graph\":[{\"@type\":\"Article\",\"@id\":\"https:\/\/www.reconoce.mx\/?p=72445#article\",\"isPartOf\":{\"@id\":\"https:\/\/www.reconoce.mx\/?p=72445\"},\"author\":{\"name\":\"Reconoce MX\",\"@id\":\"http:\/\/www.reconoce.mx\/#\/schema\/person\/2117e997d7051dc15d6880eaf9bca0b2\"},\"headline\":\"Festival de Cine Oro Negro promueve el cine en la regi\u00f3n sur de Veracruz\",\"datePublished\":\"2018-04-26T05:02:55+00:00\",\"dateModified\":\"2018-04-26T13:45:23+00:00\",\"mainEntityOfPage\":{\"@id\":\"https:\/\/www.reconoce.mx\/?p=72445\"},\"wordCount\":437,\"commentCount\":0,\"publisher\":{\"@id\":\"http:\/\/www.reconoce.mx\/#organization\"},\"image\":{\"@id\":\"https:\/\/www.reconoce.mx\/?p=72445#primaryimage\"},\"thumbnailUrl\":\"https:\/\/www.reconoce.mx\/wp-content\/uploads\/2018\/04\/festival-oro-negro.jpg\",\"articleSection\":[\"Cine\",\"Cultura\",\"Principal\"],\"inLanguage\":\"es\",\"potentialAction\":[{\"@type\":\"CommentAction\",\"name\":\"Comment\",\"target\":[\"https:\/\/www.reconoce.mx\/?p=72445#respond\"]}]},{\"@type\":\"WebPage\",\"@id\":\"https:\/\/www.reconoce.mx\/?p=72445\",\"url\":\"https:\/\/www.reconoce.mx\/?p=72445\",\"name\":\"Festival de Cine Oro Negro promueve el cine en la regi\u00f3n sur de Veracruz &#171; Reconoce MX\",\"isPartOf\":{\"@id\":\"http:\/\/www.reconoce.mx\/#website\"},\"primaryImageOfPage\":{\"@id\":\"https:\/\/www.reconoce.mx\/?p=72445#primaryimage\"},\"image\":{\"@id\":\"https:\/\/www.reconoce.mx\/?p=72445#primaryimage\"},\"thumbnailUrl\":\"https:\/\/www.reconoce.mx\/wp-content\/uploads\/2018\/04\/festival-oro-negro.jpg\",\"datePublished\":\"2018-04-26T05:02:55+00:00\",\"dateModified\":\"2018-04-26T13:45:23+00:00\",\"breadcrumb\":{\"@id\":\"https:\/\/www.reconoce.mx\/?p=72445#breadcrumb\"},\"inLanguage\":\"es\",\"potentialAction\":[{\"@type\":\"ReadAction\",\"target\":[\"https:\/\/www.reconoce.mx\/?p=72445\"]}]},{\"@type\":\"ImageObject\",\"inLanguage\":\"es\",\"@id\":\"https:\/\/www.reconoce.mx\/?p=72445#primaryimage\",\"url\":\"https:\/\/www.reconoce.mx\/wp-content\/uploads\/2018\/04\/festival-oro-negro.jpg\",\"contentUrl\":\"https:\/\/www.reconoce.mx\/wp-content\/uploads\/2018\/04\/festival-oro-negro.jpg\",\"width\":590,\"height\":380},{\"@type\":\"BreadcrumbList\",\"@id\":\"https:\/\/www.reconoce.mx\/?p=72445#breadcrumb\",\"itemListElement\":[{\"@type\":\"ListItem\",\"position\":1,\"name\":\"Portada\",\"item\":\"http:\/\/www.reconoce.mx\/\"},{\"@type\":\"ListItem\",\"position\":2,\"name\":\"Festival de Cine Oro Negro promueve el cine en la regi\u00f3n sur de Veracruz\"}]},{\"@type\":\"WebSite\",\"@id\":\"http:\/\/www.reconoce.mx\/#website\",\"url\":\"http:\/\/www.reconoce.mx\/\",\"name\":\"Reconoce MX\",\"description\":\"En Reconoce MX difundimos arte, cultura y conciencia social en M\u00e9xico. Tu ciudad en otra perspectiva.\",\"publisher\":{\"@id\":\"http:\/\/www.reconoce.mx\/#organization\"},\"potentialAction\":[{\"@type\":\"SearchAction\",\"target\":{\"@type\":\"EntryPoint\",\"urlTemplate\":\"http:\/\/www.reconoce.mx\/?s={search_term_string}\"},\"query-input\":{\"@type\":\"PropertyValueSpecification\",\"valueRequired\":true,\"valueName\":\"search_term_string\"}}],\"inLanguage\":\"es\"},{\"@type\":\"Organization\",\"@id\":\"http:\/\/www.reconoce.mx\/#organization\",\"name\":\"Reconoce MX\",\"url\":\"http:\/\/www.reconoce.mx\/\",\"logo\":{\"@type\":\"ImageObject\",\"inLanguage\":\"es\",\"@id\":\"http:\/\/www.reconoce.mx\/#\/schema\/logo\/image\/\",\"url\":\"https:\/\/www.reconoce.mx\/wp-content\/uploads\/2019\/03\/logorcmx-good-1.png\",\"contentUrl\":\"https:\/\/www.reconoce.mx\/wp-content\/uploads\/2019\/03\/logorcmx-good-1.png\",\"width\":280,\"height\":90,\"caption\":\"Reconoce MX\"},\"image\":{\"@id\":\"http:\/\/www.reconoce.mx\/#\/schema\/logo\/image\/\"},\"sameAs\":[\"https:\/\/es-la.facebook.com\/ReconoceMX\/\",\"https:\/\/x.com\/reconocemx\",\"http:\/\/@reconocemx\"]},{\"@type\":\"Person\",\"@id\":\"http:\/\/www.reconoce.mx\/#\/schema\/person\/2117e997d7051dc15d6880eaf9bca0b2\",\"name\":\"Reconoce MX\",\"image\":{\"@type\":\"ImageObject\",\"inLanguage\":\"es\",\"@id\":\"http:\/\/www.reconoce.mx\/#\/schema\/person\/image\/\",\"url\":\"https:\/\/secure.gravatar.com\/avatar\/6c8d4dc7569ca1c90c5fdcc349f839d5ddef6fe1e70b4337ead2ef1a4c43fc3a?s=96&d=identicon&r=g\",\"contentUrl\":\"https:\/\/secure.gravatar.com\/avatar\/6c8d4dc7569ca1c90c5fdcc349f839d5ddef6fe1e70b4337ead2ef1a4c43fc3a?s=96&d=identicon&r=g\",\"caption\":\"Reconoce MX\"},\"description\":\"Reconoce MX es un proyecto de difusi\u00f3n art\u00edstica, cultural y de conciencia social que est\u00e1 enfocado a difundir y fomentar el entretenimiento alternativo de calidad para todo el p\u00fablico que comparta el mismo entusiasmo.\",\"sameAs\":[\"http:\/\/www.reconoce.mx\"],\"url\":\"https:\/\/www.reconoce.mx\/?author=2\"}]}<\/script>\n<!-- \/ Yoast SEO plugin. -->","yoast_head_json":{"title":"Festival de Cine Oro Negro promueve el cine en la regi\u00f3n sur de Veracruz &#171; Reconoce MX","robots":{"index":"index","follow":"follow","max-snippet":"max-snippet:-1","max-image-preview":"max-image-preview:large","max-video-preview":"max-video-preview:-1"},"canonical":"https:\/\/www.reconoce.mx\/?p=72445","og_locale":"es_ES","og_type":"article","og_title":"Festival de Cine Oro Negro promueve el cine en la regi\u00f3n sur de Veracruz &#171; Reconoce MX","og_description":"Del 3 al 6 de mayo de 2018 en Coatzacoalcos, Minatitl\u00e1n y Nanchital, Veracruz, se celebrar\u00e1 la tercerca edici\u00f3n del Festival de Cine Oro Negro. El festival, en cuya selecci\u00f3n oficial competir\u00e1n 30 cortometrajes de M\u00e9xico, Argentina, Espa\u00f1a, Colombia y Estados Unidos, tendr\u00e1 como invitados especiales al actor Roberto Sosa y a la actriz Evangelina Mart\u00ednez.","og_url":"https:\/\/www.reconoce.mx\/?p=72445","og_site_name":"Reconoce MX","article_publisher":"https:\/\/es-la.facebook.com\/ReconoceMX\/","article_published_time":"2018-04-26T05:02:55+00:00","article_modified_time":"2018-04-26T13:45:23+00:00","og_image":[{"width":590,"height":380,"url":"https:\/\/www.reconoce.mx\/wp-content\/uploads\/2018\/04\/festival-oro-negro.jpg","type":"image\/jpeg"}],"author":"Reconoce MX","twitter_card":"summary_large_image","twitter_creator":"@reconocemx","twitter_site":"@reconocemx","twitter_misc":{"Escrito por":"Reconoce MX","Tiempo de lectura":"2 minutos"},"schema":{"@context":"https:\/\/schema.org","@graph":[{"@type":"Article","@id":"https:\/\/www.reconoce.mx\/?p=72445#article","isPartOf":{"@id":"https:\/\/www.reconoce.mx\/?p=72445"},"author":{"name":"Reconoce MX","@id":"http:\/\/www.reconoce.mx\/#\/schema\/person\/2117e997d7051dc15d6880eaf9bca0b2"},"headline":"Festival de Cine Oro Negro promueve el cine en la regi\u00f3n sur de Veracruz","datePublished":"2018-04-26T05:02:55+00:00","dateModified":"2018-04-26T13:45:23+00:00","mainEntityOfPage":{"@id":"https:\/\/www.reconoce.mx\/?p=72445"},"wordCount":437,"commentCount":0,"publisher":{"@id":"http:\/\/www.reconoce.mx\/#organization"},"image":{"@id":"https:\/\/www.reconoce.mx\/?p=72445#primaryimage"},"thumbnailUrl":"https:\/\/www.reconoce.mx\/wp-content\/uploads\/2018\/04\/festival-oro-negro.jpg","articleSection":["Cine","Cultura","Principal"],"inLanguage":"es","potentialAction":[{"@type":"CommentAction","name":"Comment","target":["https:\/\/www.reconoce.mx\/?p=72445#respond"]}]},{"@type":"WebPage","@id":"https:\/\/www.reconoce.mx\/?p=72445","url":"https:\/\/www.reconoce.mx\/?p=72445","name":"Festival de Cine Oro Negro promueve el cine en la regi\u00f3n sur de Veracruz &#171; Reconoce MX","isPartOf":{"@id":"http:\/\/www.reconoce.mx\/#website"},"primaryImageOfPage":{"@id":"https:\/\/www.reconoce.mx\/?p=72445#primaryimage"},"image":{"@id":"https:\/\/www.reconoce.mx\/?p=72445#primaryimage"},"thumbnailUrl":"https:\/\/www.reconoce.mx\/wp-content\/uploads\/2018\/04\/festival-oro-negro.jpg","datePublished":"2018-04-26T05:02:55+00:00","dateModified":"2018-04-26T13:45:23+00:00","breadcrumb":{"@id":"https:\/\/www.reconoce.mx\/?p=72445#breadcrumb"},"inLanguage":"es","potentialAction":[{"@type":"ReadAction","target":["https:\/\/www.reconoce.mx\/?p=72445"]}]},{"@type":"ImageObject","inLanguage":"es","@id":"https:\/\/www.reconoce.mx\/?p=72445#primaryimage","url":"https:\/\/www.reconoce.mx\/wp-content\/uploads\/2018\/04\/festival-oro-negro.jpg","contentUrl":"https:\/\/www.reconoce.mx\/wp-content\/uploads\/2018\/04\/festival-oro-negro.jpg","width":590,"height":380},{"@type":"BreadcrumbList","@id":"https:\/\/www.reconoce.mx\/?p=72445#breadcrumb","itemListElement":[{"@type":"ListItem","position":1,"name":"Portada","item":"http:\/\/www.reconoce.mx\/"},{"@type":"ListItem","position":2,"name":"Festival de Cine Oro Negro promueve el cine en la regi\u00f3n sur de Veracruz"}]},{"@type":"WebSite","@id":"http:\/\/www.reconoce.mx\/#website","url":"http:\/\/www.reconoce.mx\/","name":"Reconoce MX","description":"En Reconoce MX difundimos arte, cultura y conciencia social en M\u00e9xico. Tu ciudad en otra perspectiva.","publisher":{"@id":"http:\/\/www.reconoce.mx\/#organization"},"potentialAction":[{"@type":"SearchAction","target":{"@type":"EntryPoint","urlTemplate":"http:\/\/www.reconoce.mx\/?s={search_term_string}"},"query-input":{"@type":"PropertyValueSpecification","valueRequired":true,"valueName":"search_term_string"}}],"inLanguage":"es"},{"@type":"Organization","@id":"http:\/\/www.reconoce.mx\/#organization","name":"Reconoce MX","url":"http:\/\/www.reconoce.mx\/","logo":{"@type":"ImageObject","inLanguage":"es","@id":"http:\/\/www.reconoce.mx\/#\/schema\/logo\/image\/","url":"https:\/\/www.reconoce.mx\/wp-content\/uploads\/2019\/03\/logorcmx-good-1.png","contentUrl":"https:\/\/www.reconoce.mx\/wp-content\/uploads\/2019\/03\/logorcmx-good-1.png","width":280,"height":90,"caption":"Reconoce MX"},"image":{"@id":"http:\/\/www.reconoce.mx\/#\/schema\/logo\/image\/"},"sameAs":["https:\/\/es-la.facebook.com\/ReconoceMX\/","https:\/\/x.com\/reconocemx","http:\/\/@reconocemx"]},{"@type":"Person","@id":"http:\/\/www.reconoce.mx\/#\/schema\/person\/2117e997d7051dc15d6880eaf9bca0b2","name":"Reconoce MX","image":{"@type":"ImageObject","inLanguage":"es","@id":"http:\/\/www.reconoce.mx\/#\/schema\/person\/image\/","url":"https:\/\/secure.gravatar.com\/avatar\/6c8d4dc7569ca1c90c5fdcc349f839d5ddef6fe1e70b4337ead2ef1a4c43fc3a?s=96&d=identicon&r=g","contentUrl":"https:\/\/secure.gravatar.com\/avatar\/6c8d4dc7569ca1c90c5fdcc349f839d5ddef6fe1e70b4337ead2ef1a4c43fc3a?s=96&d=identicon&r=g","caption":"Reconoce MX"},"description":"Reconoce MX es un proyecto de difusi\u00f3n art\u00edstica, cultural y de conciencia social que est\u00e1 enfocado a difundir y fomentar el entretenimiento alternativo de calidad para todo el p\u00fablico que comparta el mismo entusiasmo.","sameAs":["http:\/\/www.reconoce.mx"],"url":"https:\/\/www.reconoce.mx\/?author=2"}]}},"_links":{"self":[{"href":"https:\/\/www.reconoce.mx\/index.php?rest_route=\/wp\/v2\/posts\/72445","targetHints":{"allow":["GET"]}}],"collection":[{"href":"https:\/\/www.reconoce.mx\/index.php?rest_route=\/wp\/v2\/posts"}],"about":[{"href":"https:\/\/www.reconoce.mx\/index.php?rest_route=\/wp\/v2\/types\/post"}],"author":[{"embeddable":true,"href":"https:\/\/www.reconoce.mx\/index.php?rest_route=\/wp\/v2\/users\/2"}],"replies":[{"embeddable":true,"href":"https:\/\/www.reconoce.mx\/index.php?rest_route=%2Fwp%2Fv2%2Fcomments&post=72445"}],"version-history":[{"count":3,"href":"https:\/\/www.reconoce.mx\/index.php?rest_route=\/wp\/v2\/posts\/72445\/revisions"}],"predecessor-version":[{"id":72450,"href":"https:\/\/www.reconoce.mx\/index.php?rest_route=\/wp\/v2\/posts\/72445\/revisions\/72450"}],"wp:featuredmedia":[{"embeddable":true,"href":"https:\/\/www.reconoce.mx\/index.php?rest_route=\/wp\/v2\/media\/72447"}],"wp:attachment":[{"href":"https:\/\/www.reconoce.mx\/index.php?rest_route=%2Fwp%2Fv2%2Fmedia&parent=72445"}],"wp:term":[{"taxonomy":"category","embeddable":true,"href":"https:\/\/www.reconoce.mx\/index.php?rest_route=%2Fwp%2Fv2%2Fcategories&post=72445"},{"taxonomy":"post_tag","embeddable":true,"href":"https:\/\/www.reconoce.mx\/index.php?rest_route=%2Fwp%2Fv2%2Ftags&post=72445"}],"curies":[{"name":"wp","href":"https:\/\/api.w.org\/{rel}","templated":true}]}}