{"id":72539,"date":"2018-04-27T00:05:42","date_gmt":"2018-04-27T05:05:42","guid":{"rendered":"http:\/\/www.reconoce.mx\/?p=72539"},"modified":"2018-04-27T00:11:15","modified_gmt":"2018-04-27T05:11:15","slug":"el-primer-festival-pulso-gnp-sacudira-musicalmente-queretaro","status":"publish","type":"post","link":"https:\/\/www.reconoce.mx\/?p=72539","title":{"rendered":"\u00a1El primer Festival Pulso GNP sacudir\u00e1 musicalmente Quer\u00e9taro!"},"content":{"rendered":"<p><strong> Por <a title=\"@AsfaltosTweets\" href=\"http:\/\/twitter.com\/AsfaltosTweets\" target=\"_blank\" rel=\"noopener\">Asfaltos<\/a><\/strong>.<\/p>\n<p>Es una gran noticia que los festivales de m\u00fasica contin\u00faen expandi\u00e9ndose por las muchas ciudades que hay en nuestro pa\u00eds. Adem\u00e1s de acercar talentos a quienes no pueden desplazarse a los ya reconocidos festivales en otras ciudades del pa\u00eds, significan una tremenda oportunidad y excusa para visitar sitios tan incre\u00edbles como en este caso la ciudad de Quer\u00e9taro. \u00bfEl festival? \u00a1<strong>Festival Pulso GNP<\/strong>!<\/p>\n<p><a href=\"http:\/\/www.reconoce.mx\/wp-content\/uploads\/2018\/04\/Pulso-2018-Quer\u00e9taro.jpg\"><img loading=\"lazy\" decoding=\"async\" class=\"aligncenter size-full wp-image-72541\" src=\"http:\/\/www.reconoce.mx\/wp-content\/uploads\/2018\/04\/Pulso-2018-Quer\u00e9taro.jpg\" alt=\"\" width=\"911\" height=\"1280\" srcset=\"https:\/\/www.reconoce.mx\/wp-content\/uploads\/2018\/04\/Pulso-2018-Quer\u00e9taro.jpg 911w, https:\/\/www.reconoce.mx\/wp-content\/uploads\/2018\/04\/Pulso-2018-Quer\u00e9taro-214x300.jpg 214w, https:\/\/www.reconoce.mx\/wp-content\/uploads\/2018\/04\/Pulso-2018-Quer\u00e9taro-768x1079.jpg 768w, https:\/\/www.reconoce.mx\/wp-content\/uploads\/2018\/04\/Pulso-2018-Quer\u00e9taro-729x1024.jpg 729w, https:\/\/www.reconoce.mx\/wp-content\/uploads\/2018\/04\/Pulso-2018-Quer\u00e9taro-150x211.jpg 150w, https:\/\/www.reconoce.mx\/wp-content\/uploads\/2018\/04\/Pulso-2018-Quer\u00e9taro-700x984.jpg 700w, https:\/\/www.reconoce.mx\/wp-content\/uploads\/2018\/04\/Pulso-2018-Quer\u00e9taro-658x925.jpg 658w, https:\/\/www.reconoce.mx\/wp-content\/uploads\/2018\/04\/Pulso-2018-Quer\u00e9taro-300x422.jpg 300w\" sizes=\"auto, (max-width: 911px) 100vw, 911px\" \/><\/a><\/p>\n<p><strong>MGMT<\/strong>, <strong>Caf\u00e9 Tacvba<\/strong>, <strong>Zo\u00e9<\/strong>, <strong>The Vaccines<\/strong>, <strong>JaradePalo<\/strong>, <strong>The Horrors<\/strong> (DJ Set), <strong>La Gusana Ciega<\/strong>, <strong>Porter<\/strong>, <strong>Divisi\u00f3n Min\u00fascula<\/strong> y m\u00e1s son tan solo parte del tremend\u00edsimo <em>lineup<\/em> que se presentar\u00e1 en el <strong>Antiguo Aeropuerto de Quer\u00e9taro<\/strong> el s\u00e1bado 2 de junio en Quer\u00e9taro, Quer\u00e9taro. <strong>Festival Pulso GNP<\/strong>, que promete ser la primera de varias ediciones, se anticipa desde ya como una memorable fiesta llena de luz, sonido y acci\u00f3n.<\/p>\n<p>Adem\u00e1s de los talentos ya mencionados, se har\u00e1n presentes tambi\u00e9n <strong>La Gusana Ciega<\/strong>, <strong>Divisi\u00f3n Min\u00fascula<\/strong>, <strong>Porter<\/strong>, <strong>Caloncho<\/strong>, <strong>Technicolors Fabrics<\/strong>, <strong>Millonario<\/strong>, <strong>Costera<\/strong>, <strong>Alem\u00e1n<\/strong> y <strong>Elsa y Elmar<\/strong>, as\u00ed como dos representantes del talento local: <strong>CNVS<\/strong> y <strong>Vanavara<\/strong>. \u00bfAlgo m\u00e1s? \u00a1S\u00ed, una gran oferta gastron\u00f3mica, zona recreativa y el mejor ambiente para todo el p\u00fablico del centro del pa\u00eds! \u00bfYa reservando el primer fin de semana de junio?<\/p>\n<p>Por si lo anterior resultara \u00abpoco\u00bb -que no lo creemos de ninguna manera-, sumen la <strong>Casa Comedy<\/strong> con los mejores exponentes del <em>stand up<\/em>, as\u00ed como <strong>Escena Centro<\/strong> en donde bandas emergentes de Quer\u00e9taro podr\u00e1n tener un escenario para dar a conocer sus propuestas.<\/p>\n<p>\u00a1\u00bfY de a cu\u00e1nto?! Habr\u00e1 dos tipos de boletos: 1) <strong>Entradas Generales<\/strong>, cuya venta se dividir\u00e1 en tres etapas (primera fase $550.00; segunda fase $600.00; tercera fase $650.00). 2) <strong>PLUS<\/strong>, que te dar\u00e1 una experiencia elite y confortable dentro del festival; al comprar estos tickets podr\u00e1s tener acceso a la zona PLUS, una plataforma elevada donde habr\u00e1 una vista privilegiada del escenario principal, <em>concierge<\/em>, \u00e1rea de mesas con servicio de meseros, mobiliario de descanso, ba\u00f1os exclusivos y zona selecta de comida. Los boletos para esta zona tambi\u00e9n estar\u00e1n divididos en tres etapas de venta (primera fase $1,500.00; segunda fase $1,600.00; tercera fase $1,700.00). Las fases de estos boletos ir\u00e1n cambiando conforme la venta vaya avanzando, as\u00ed que recuerda comprar tus boletos lo antes posible.<\/p>\n<p>La primera edici\u00f3n del <strong>Festival Pulso GNP<\/strong> se realizar\u00e1 el pr\u00f3ximo s\u00e1bado 2 de junio en el <strong>Antiguo Aeropuerto de Quer\u00e9taro<\/strong>. Los boletos est\u00e1n ya disponibles a trav\u00e9s del sistema <a href=\"https:\/\/www.eticket.mx\/paso1a.aspx?idevento=13503\" target=\"_blank\" rel=\"noopener\">E-Ticket<\/a>.<\/p>\n<p style=\"text-align: right;\">Con informaci\u00f3n e imagen cortes\u00eda de <strong>OCESA<\/strong>.<\/p>\n<p>&nbsp;<\/p>\n<p>&nbsp;<\/p>\n","protected":false},"excerpt":{"rendered":"<p>Es una gran noticia que los festivales de m\u00fasica contin\u00faen expandi\u00e9ndose por las muchas ciudades que hay en nuestro pa\u00eds. <\/p>\n","protected":false},"author":2,"featured_media":72540,"comment_status":"open","ping_status":"open","sticky":false,"template":"","format":"standard","meta":{"footnotes":""},"categories":[1,18,17],"tags":[],"class_list":["post-72539","post","type-post","status-publish","format-standard","has-post-thumbnail","hentry","category-cultura","category-musica","category-principal"],"yoast_head":"<!-- This site is optimized with the Yoast SEO plugin v24.7 - https:\/\/yoast.com\/wordpress\/plugins\/seo\/ -->\n<title>\u00a1El primer Festival Pulso GNP sacudir\u00e1 musicalmente Quer\u00e9taro! &#171; Reconoce MX<\/title>\n<meta name=\"robots\" content=\"index, follow, max-snippet:-1, max-image-preview:large, max-video-preview:-1\" \/>\n<link rel=\"canonical\" href=\"https:\/\/www.reconoce.mx\/?p=72539\" \/>\n<meta property=\"og:locale\" content=\"es_ES\" \/>\n<meta property=\"og:type\" content=\"article\" \/>\n<meta property=\"og:title\" content=\"\u00a1El primer Festival Pulso GNP sacudir\u00e1 musicalmente Quer\u00e9taro! &#171; Reconoce MX\" \/>\n<meta property=\"og:description\" content=\"Es una gran noticia que los festivales de m\u00fasica contin\u00faen expandi\u00e9ndose por las muchas ciudades que hay en nuestro pa\u00eds.\" \/>\n<meta property=\"og:url\" content=\"https:\/\/www.reconoce.mx\/?p=72539\" \/>\n<meta property=\"og:site_name\" content=\"Reconoce MX\" \/>\n<meta property=\"article:publisher\" content=\"https:\/\/es-la.facebook.com\/ReconoceMX\/\" \/>\n<meta property=\"article:published_time\" content=\"2018-04-27T05:05:42+00:00\" \/>\n<meta property=\"article:modified_time\" content=\"2018-04-27T05:11:15+00:00\" \/>\n<meta property=\"og:image\" content=\"https:\/\/www.reconoce.mx\/wp-content\/uploads\/2018\/04\/festival-pulso-gnp.jpg\" \/>\n\t<meta property=\"og:image:width\" content=\"590\" \/>\n\t<meta property=\"og:image:height\" content=\"380\" \/>\n\t<meta property=\"og:image:type\" content=\"image\/jpeg\" \/>\n<meta name=\"author\" content=\"Reconoce MX\" \/>\n<meta name=\"twitter:card\" content=\"summary_large_image\" \/>\n<meta name=\"twitter:creator\" content=\"@reconocemx\" \/>\n<meta name=\"twitter:site\" content=\"@reconocemx\" \/>\n<meta name=\"twitter:label1\" content=\"Escrito por\" \/>\n\t<meta name=\"twitter:data1\" content=\"Reconoce MX\" \/>\n\t<meta name=\"twitter:label2\" content=\"Tiempo de lectura\" \/>\n\t<meta name=\"twitter:data2\" content=\"2 minutos\" \/>\n<script type=\"application\/ld+json\" class=\"yoast-schema-graph\">{\"@context\":\"https:\/\/schema.org\",\"@graph\":[{\"@type\":\"Article\",\"@id\":\"https:\/\/www.reconoce.mx\/?p=72539#article\",\"isPartOf\":{\"@id\":\"https:\/\/www.reconoce.mx\/?p=72539\"},\"author\":{\"name\":\"Reconoce MX\",\"@id\":\"http:\/\/www.reconoce.mx\/#\/schema\/person\/2117e997d7051dc15d6880eaf9bca0b2\"},\"headline\":\"\u00a1El primer Festival Pulso GNP sacudir\u00e1 musicalmente Quer\u00e9taro!\",\"datePublished\":\"2018-04-27T05:05:42+00:00\",\"dateModified\":\"2018-04-27T05:11:15+00:00\",\"mainEntityOfPage\":{\"@id\":\"https:\/\/www.reconoce.mx\/?p=72539\"},\"wordCount\":449,\"commentCount\":0,\"publisher\":{\"@id\":\"http:\/\/www.reconoce.mx\/#organization\"},\"image\":{\"@id\":\"https:\/\/www.reconoce.mx\/?p=72539#primaryimage\"},\"thumbnailUrl\":\"https:\/\/www.reconoce.mx\/wp-content\/uploads\/2018\/04\/festival-pulso-gnp.jpg\",\"articleSection\":[\"Cultura\",\"M\u00fasica\",\"Principal\"],\"inLanguage\":\"es\",\"potentialAction\":[{\"@type\":\"CommentAction\",\"name\":\"Comment\",\"target\":[\"https:\/\/www.reconoce.mx\/?p=72539#respond\"]}]},{\"@type\":\"WebPage\",\"@id\":\"https:\/\/www.reconoce.mx\/?p=72539\",\"url\":\"https:\/\/www.reconoce.mx\/?p=72539\",\"name\":\"\u00a1El primer Festival Pulso GNP sacudir\u00e1 musicalmente Quer\u00e9taro! &#171; Reconoce MX\",\"isPartOf\":{\"@id\":\"http:\/\/www.reconoce.mx\/#website\"},\"primaryImageOfPage\":{\"@id\":\"https:\/\/www.reconoce.mx\/?p=72539#primaryimage\"},\"image\":{\"@id\":\"https:\/\/www.reconoce.mx\/?p=72539#primaryimage\"},\"thumbnailUrl\":\"https:\/\/www.reconoce.mx\/wp-content\/uploads\/2018\/04\/festival-pulso-gnp.jpg\",\"datePublished\":\"2018-04-27T05:05:42+00:00\",\"dateModified\":\"2018-04-27T05:11:15+00:00\",\"breadcrumb\":{\"@id\":\"https:\/\/www.reconoce.mx\/?p=72539#breadcrumb\"},\"inLanguage\":\"es\",\"potentialAction\":[{\"@type\":\"ReadAction\",\"target\":[\"https:\/\/www.reconoce.mx\/?p=72539\"]}]},{\"@type\":\"ImageObject\",\"inLanguage\":\"es\",\"@id\":\"https:\/\/www.reconoce.mx\/?p=72539#primaryimage\",\"url\":\"https:\/\/www.reconoce.mx\/wp-content\/uploads\/2018\/04\/festival-pulso-gnp.jpg\",\"contentUrl\":\"https:\/\/www.reconoce.mx\/wp-content\/uploads\/2018\/04\/festival-pulso-gnp.jpg\",\"width\":590,\"height\":380},{\"@type\":\"BreadcrumbList\",\"@id\":\"https:\/\/www.reconoce.mx\/?p=72539#breadcrumb\",\"itemListElement\":[{\"@type\":\"ListItem\",\"position\":1,\"name\":\"Portada\",\"item\":\"http:\/\/www.reconoce.mx\/\"},{\"@type\":\"ListItem\",\"position\":2,\"name\":\"\u00a1El primer Festival Pulso GNP sacudir\u00e1 musicalmente Quer\u00e9taro!\"}]},{\"@type\":\"WebSite\",\"@id\":\"http:\/\/www.reconoce.mx\/#website\",\"url\":\"http:\/\/www.reconoce.mx\/\",\"name\":\"Reconoce MX\",\"description\":\"En Reconoce MX difundimos arte, cultura y conciencia social en M\u00e9xico. Tu ciudad en otra perspectiva.\",\"publisher\":{\"@id\":\"http:\/\/www.reconoce.mx\/#organization\"},\"potentialAction\":[{\"@type\":\"SearchAction\",\"target\":{\"@type\":\"EntryPoint\",\"urlTemplate\":\"http:\/\/www.reconoce.mx\/?s={search_term_string}\"},\"query-input\":{\"@type\":\"PropertyValueSpecification\",\"valueRequired\":true,\"valueName\":\"search_term_string\"}}],\"inLanguage\":\"es\"},{\"@type\":\"Organization\",\"@id\":\"http:\/\/www.reconoce.mx\/#organization\",\"name\":\"Reconoce MX\",\"url\":\"http:\/\/www.reconoce.mx\/\",\"logo\":{\"@type\":\"ImageObject\",\"inLanguage\":\"es\",\"@id\":\"http:\/\/www.reconoce.mx\/#\/schema\/logo\/image\/\",\"url\":\"https:\/\/www.reconoce.mx\/wp-content\/uploads\/2019\/03\/logorcmx-good-1.png\",\"contentUrl\":\"https:\/\/www.reconoce.mx\/wp-content\/uploads\/2019\/03\/logorcmx-good-1.png\",\"width\":280,\"height\":90,\"caption\":\"Reconoce MX\"},\"image\":{\"@id\":\"http:\/\/www.reconoce.mx\/#\/schema\/logo\/image\/\"},\"sameAs\":[\"https:\/\/es-la.facebook.com\/ReconoceMX\/\",\"https:\/\/x.com\/reconocemx\",\"http:\/\/@reconocemx\"]},{\"@type\":\"Person\",\"@id\":\"http:\/\/www.reconoce.mx\/#\/schema\/person\/2117e997d7051dc15d6880eaf9bca0b2\",\"name\":\"Reconoce MX\",\"image\":{\"@type\":\"ImageObject\",\"inLanguage\":\"es\",\"@id\":\"http:\/\/www.reconoce.mx\/#\/schema\/person\/image\/\",\"url\":\"https:\/\/secure.gravatar.com\/avatar\/6c8d4dc7569ca1c90c5fdcc349f839d5ddef6fe1e70b4337ead2ef1a4c43fc3a?s=96&d=identicon&r=g\",\"contentUrl\":\"https:\/\/secure.gravatar.com\/avatar\/6c8d4dc7569ca1c90c5fdcc349f839d5ddef6fe1e70b4337ead2ef1a4c43fc3a?s=96&d=identicon&r=g\",\"caption\":\"Reconoce MX\"},\"description\":\"Reconoce MX es un proyecto de difusi\u00f3n art\u00edstica, cultural y de conciencia social que est\u00e1 enfocado a difundir y fomentar el entretenimiento alternativo de calidad para todo el p\u00fablico que comparta el mismo entusiasmo.\",\"sameAs\":[\"http:\/\/www.reconoce.mx\"],\"url\":\"https:\/\/www.reconoce.mx\/?author=2\"}]}<\/script>\n<!-- \/ Yoast SEO plugin. -->","yoast_head_json":{"title":"\u00a1El primer Festival Pulso GNP sacudir\u00e1 musicalmente Quer\u00e9taro! &#171; Reconoce MX","robots":{"index":"index","follow":"follow","max-snippet":"max-snippet:-1","max-image-preview":"max-image-preview:large","max-video-preview":"max-video-preview:-1"},"canonical":"https:\/\/www.reconoce.mx\/?p=72539","og_locale":"es_ES","og_type":"article","og_title":"\u00a1El primer Festival Pulso GNP sacudir\u00e1 musicalmente Quer\u00e9taro! &#171; Reconoce MX","og_description":"Es una gran noticia que los festivales de m\u00fasica contin\u00faen expandi\u00e9ndose por las muchas ciudades que hay en nuestro pa\u00eds.","og_url":"https:\/\/www.reconoce.mx\/?p=72539","og_site_name":"Reconoce MX","article_publisher":"https:\/\/es-la.facebook.com\/ReconoceMX\/","article_published_time":"2018-04-27T05:05:42+00:00","article_modified_time":"2018-04-27T05:11:15+00:00","og_image":[{"width":590,"height":380,"url":"https:\/\/www.reconoce.mx\/wp-content\/uploads\/2018\/04\/festival-pulso-gnp.jpg","type":"image\/jpeg"}],"author":"Reconoce MX","twitter_card":"summary_large_image","twitter_creator":"@reconocemx","twitter_site":"@reconocemx","twitter_misc":{"Escrito por":"Reconoce MX","Tiempo de lectura":"2 minutos"},"schema":{"@context":"https:\/\/schema.org","@graph":[{"@type":"Article","@id":"https:\/\/www.reconoce.mx\/?p=72539#article","isPartOf":{"@id":"https:\/\/www.reconoce.mx\/?p=72539"},"author":{"name":"Reconoce MX","@id":"http:\/\/www.reconoce.mx\/#\/schema\/person\/2117e997d7051dc15d6880eaf9bca0b2"},"headline":"\u00a1El primer Festival Pulso GNP sacudir\u00e1 musicalmente Quer\u00e9taro!","datePublished":"2018-04-27T05:05:42+00:00","dateModified":"2018-04-27T05:11:15+00:00","mainEntityOfPage":{"@id":"https:\/\/www.reconoce.mx\/?p=72539"},"wordCount":449,"commentCount":0,"publisher":{"@id":"http:\/\/www.reconoce.mx\/#organization"},"image":{"@id":"https:\/\/www.reconoce.mx\/?p=72539#primaryimage"},"thumbnailUrl":"https:\/\/www.reconoce.mx\/wp-content\/uploads\/2018\/04\/festival-pulso-gnp.jpg","articleSection":["Cultura","M\u00fasica","Principal"],"inLanguage":"es","potentialAction":[{"@type":"CommentAction","name":"Comment","target":["https:\/\/www.reconoce.mx\/?p=72539#respond"]}]},{"@type":"WebPage","@id":"https:\/\/www.reconoce.mx\/?p=72539","url":"https:\/\/www.reconoce.mx\/?p=72539","name":"\u00a1El primer Festival Pulso GNP sacudir\u00e1 musicalmente Quer\u00e9taro! &#171; Reconoce MX","isPartOf":{"@id":"http:\/\/www.reconoce.mx\/#website"},"primaryImageOfPage":{"@id":"https:\/\/www.reconoce.mx\/?p=72539#primaryimage"},"image":{"@id":"https:\/\/www.reconoce.mx\/?p=72539#primaryimage"},"thumbnailUrl":"https:\/\/www.reconoce.mx\/wp-content\/uploads\/2018\/04\/festival-pulso-gnp.jpg","datePublished":"2018-04-27T05:05:42+00:00","dateModified":"2018-04-27T05:11:15+00:00","breadcrumb":{"@id":"https:\/\/www.reconoce.mx\/?p=72539#breadcrumb"},"inLanguage":"es","potentialAction":[{"@type":"ReadAction","target":["https:\/\/www.reconoce.mx\/?p=72539"]}]},{"@type":"ImageObject","inLanguage":"es","@id":"https:\/\/www.reconoce.mx\/?p=72539#primaryimage","url":"https:\/\/www.reconoce.mx\/wp-content\/uploads\/2018\/04\/festival-pulso-gnp.jpg","contentUrl":"https:\/\/www.reconoce.mx\/wp-content\/uploads\/2018\/04\/festival-pulso-gnp.jpg","width":590,"height":380},{"@type":"BreadcrumbList","@id":"https:\/\/www.reconoce.mx\/?p=72539#breadcrumb","itemListElement":[{"@type":"ListItem","position":1,"name":"Portada","item":"http:\/\/www.reconoce.mx\/"},{"@type":"ListItem","position":2,"name":"\u00a1El primer Festival Pulso GNP sacudir\u00e1 musicalmente Quer\u00e9taro!"}]},{"@type":"WebSite","@id":"http:\/\/www.reconoce.mx\/#website","url":"http:\/\/www.reconoce.mx\/","name":"Reconoce MX","description":"En Reconoce MX difundimos arte, cultura y conciencia social en M\u00e9xico. Tu ciudad en otra perspectiva.","publisher":{"@id":"http:\/\/www.reconoce.mx\/#organization"},"potentialAction":[{"@type":"SearchAction","target":{"@type":"EntryPoint","urlTemplate":"http:\/\/www.reconoce.mx\/?s={search_term_string}"},"query-input":{"@type":"PropertyValueSpecification","valueRequired":true,"valueName":"search_term_string"}}],"inLanguage":"es"},{"@type":"Organization","@id":"http:\/\/www.reconoce.mx\/#organization","name":"Reconoce MX","url":"http:\/\/www.reconoce.mx\/","logo":{"@type":"ImageObject","inLanguage":"es","@id":"http:\/\/www.reconoce.mx\/#\/schema\/logo\/image\/","url":"https:\/\/www.reconoce.mx\/wp-content\/uploads\/2019\/03\/logorcmx-good-1.png","contentUrl":"https:\/\/www.reconoce.mx\/wp-content\/uploads\/2019\/03\/logorcmx-good-1.png","width":280,"height":90,"caption":"Reconoce MX"},"image":{"@id":"http:\/\/www.reconoce.mx\/#\/schema\/logo\/image\/"},"sameAs":["https:\/\/es-la.facebook.com\/ReconoceMX\/","https:\/\/x.com\/reconocemx","http:\/\/@reconocemx"]},{"@type":"Person","@id":"http:\/\/www.reconoce.mx\/#\/schema\/person\/2117e997d7051dc15d6880eaf9bca0b2","name":"Reconoce MX","image":{"@type":"ImageObject","inLanguage":"es","@id":"http:\/\/www.reconoce.mx\/#\/schema\/person\/image\/","url":"https:\/\/secure.gravatar.com\/avatar\/6c8d4dc7569ca1c90c5fdcc349f839d5ddef6fe1e70b4337ead2ef1a4c43fc3a?s=96&d=identicon&r=g","contentUrl":"https:\/\/secure.gravatar.com\/avatar\/6c8d4dc7569ca1c90c5fdcc349f839d5ddef6fe1e70b4337ead2ef1a4c43fc3a?s=96&d=identicon&r=g","caption":"Reconoce MX"},"description":"Reconoce MX es un proyecto de difusi\u00f3n art\u00edstica, cultural y de conciencia social que est\u00e1 enfocado a difundir y fomentar el entretenimiento alternativo de calidad para todo el p\u00fablico que comparta el mismo entusiasmo.","sameAs":["http:\/\/www.reconoce.mx"],"url":"https:\/\/www.reconoce.mx\/?author=2"}]}},"_links":{"self":[{"href":"https:\/\/www.reconoce.mx\/index.php?rest_route=\/wp\/v2\/posts\/72539","targetHints":{"allow":["GET"]}}],"collection":[{"href":"https:\/\/www.reconoce.mx\/index.php?rest_route=\/wp\/v2\/posts"}],"about":[{"href":"https:\/\/www.reconoce.mx\/index.php?rest_route=\/wp\/v2\/types\/post"}],"author":[{"embeddable":true,"href":"https:\/\/www.reconoce.mx\/index.php?rest_route=\/wp\/v2\/users\/2"}],"replies":[{"embeddable":true,"href":"https:\/\/www.reconoce.mx\/index.php?rest_route=%2Fwp%2Fv2%2Fcomments&post=72539"}],"version-history":[{"count":1,"href":"https:\/\/www.reconoce.mx\/index.php?rest_route=\/wp\/v2\/posts\/72539\/revisions"}],"predecessor-version":[{"id":72542,"href":"https:\/\/www.reconoce.mx\/index.php?rest_route=\/wp\/v2\/posts\/72539\/revisions\/72542"}],"wp:featuredmedia":[{"embeddable":true,"href":"https:\/\/www.reconoce.mx\/index.php?rest_route=\/wp\/v2\/media\/72540"}],"wp:attachment":[{"href":"https:\/\/www.reconoce.mx\/index.php?rest_route=%2Fwp%2Fv2%2Fmedia&parent=72539"}],"wp:term":[{"taxonomy":"category","embeddable":true,"href":"https:\/\/www.reconoce.mx\/index.php?rest_route=%2Fwp%2Fv2%2Fcategories&post=72539"},{"taxonomy":"post_tag","embeddable":true,"href":"https:\/\/www.reconoce.mx\/index.php?rest_route=%2Fwp%2Fv2%2Ftags&post=72539"}],"curies":[{"name":"wp","href":"https:\/\/api.w.org\/{rel}","templated":true}]}}