{"id":72630,"date":"2018-04-26T00:05:01","date_gmt":"2018-04-26T05:05:01","guid":{"rendered":"http:\/\/www.reconoce.mx\/?p=72630"},"modified":"2018-04-26T16:29:29","modified_gmt":"2018-04-26T21:29:29","slug":"sacudete-las-penas-el-baile-como-terapia","status":"publish","type":"post","link":"https:\/\/www.reconoce.mx\/?p=72630","title":{"rendered":"\u00abSac\u00fadete las penas\u00bb: el baile como terapia"},"content":{"rendered":"<p><strong>Por <a href=\"https:\/\/twitter.com\/LuCamposCh\" target=\"_blank\" rel=\"noopener noreferrer\">Luc\u00eda Campos<\/a><\/strong>.<\/p>\n<p>Muchos dicen que una de las grandes terapias para curar algunos males es bailar, y esto es algo que el director <strong>Andr\u00e9s Ib\u00e1\u00f1ez<\/strong> quer\u00eda reflejar con su \u00f3pera prima \u00abSac\u00fadete las penas\u00bb, que cuenta la historia de Gonz\u00e1lez (<strong>Gustavo S\u00e1nchez Parra<\/strong>) quien se encuentra con Rigoberto (<strong>Valent\u00edn Trujillo Jr.<\/strong>) dentro de Lecumberri para pagar una larga condena en los a\u00f1os 50.<\/p>\n<p><a href=\"http:\/\/www.reconoce.mx\/wp-content\/uploads\/2018\/04\/sacudete-las-penas-poster-oficial.jpg\"><img loading=\"lazy\" decoding=\"async\" class=\"aligncenter size-full wp-image-72633\" src=\"http:\/\/www.reconoce.mx\/wp-content\/uploads\/2018\/04\/sacudete-las-penas-poster-oficial.jpg\" alt=\"\" width=\"1351\" height=\"2000\" srcset=\"https:\/\/www.reconoce.mx\/wp-content\/uploads\/2018\/04\/sacudete-las-penas-poster-oficial.jpg 1351w, https:\/\/www.reconoce.mx\/wp-content\/uploads\/2018\/04\/sacudete-las-penas-poster-oficial-203x300.jpg 203w, https:\/\/www.reconoce.mx\/wp-content\/uploads\/2018\/04\/sacudete-las-penas-poster-oficial-768x1137.jpg 768w, https:\/\/www.reconoce.mx\/wp-content\/uploads\/2018\/04\/sacudete-las-penas-poster-oficial-692x1024.jpg 692w, https:\/\/www.reconoce.mx\/wp-content\/uploads\/2018\/04\/sacudete-las-penas-poster-oficial-150x222.jpg 150w, https:\/\/www.reconoce.mx\/wp-content\/uploads\/2018\/04\/sacudete-las-penas-poster-oficial-700x1036.jpg 700w, https:\/\/www.reconoce.mx\/wp-content\/uploads\/2018\/04\/sacudete-las-penas-poster-oficial-658x974.jpg 658w, https:\/\/www.reconoce.mx\/wp-content\/uploads\/2018\/04\/sacudete-las-penas-poster-oficial-300x444.jpg 300w\" sizes=\"auto, (max-width: 1351px) 100vw, 1351px\" \/><\/a><\/p>\n<p>Ambos comienzan a ayudarse a sobrepasar sus d\u00edas dentro del penal y Gonz\u00e1lez intenta animar a Rigoberto cont\u00e1ndole la historia de \u00abPepe Frituras\u00bb, el bailar\u00edn m\u00e1s famoso de la ciudad, quien, tras intentar conquistar a la mujer de su rival en la pista, es el \u00fanico preso que logr\u00f3 escapar de dicha c\u00e1rcel. Es entonces como vamos conociendo la historia de cada uno con varios n\u00fameros de baile y m\u00fasica.<\/p>\n<p>Esta \u00f3pera prima es un esfuerzo por contar una historia de \u00e9poca rodeada de elementos que la hacen lucir, los bailes, la m\u00fasica, los foros est\u00e1n muy bien ambientados, la fotograf\u00eda ayuda a resaltar cada uno. En cuanto a personajes ser\u00e1 f\u00e1cil tener empat\u00eda con algunos de ellos.<\/p>\n<p><a href=\"http:\/\/www.reconoce.mx\/wp-content\/uploads\/2018\/04\/sac\u00fadete-las-penas-2.jpg\"><img loading=\"lazy\" decoding=\"async\" class=\"aligncenter size-full wp-image-72632\" src=\"http:\/\/www.reconoce.mx\/wp-content\/uploads\/2018\/04\/sac\u00fadete-las-penas-2.jpg\" alt=\"\" width=\"590\" height=\"380\" srcset=\"https:\/\/www.reconoce.mx\/wp-content\/uploads\/2018\/04\/sac\u00fadete-las-penas-2.jpg 590w, https:\/\/www.reconoce.mx\/wp-content\/uploads\/2018\/04\/sac\u00fadete-las-penas-2-300x193.jpg 300w, https:\/\/www.reconoce.mx\/wp-content\/uploads\/2018\/04\/sac\u00fadete-las-penas-2-150x97.jpg 150w\" sizes=\"auto, (max-width: 590px) 100vw, 590px\" \/><\/a><\/p>\n<p>Tras 10 a\u00f1os de trabajo del director para desarrollar esta historia, se nota la atenci\u00f3n a los detalles, el problema es que podr\u00eda parecer que no llega a nada, aunque cada uno de los personajes tiene su momento para contar su papel dentro de la historia, no hay ning\u00fan tipo de reflexi\u00f3n, es una historia que simplemente se cuenta, en donde la reivindicaci\u00f3n, aunque resuelta, podr\u00eda no ser la esperada.<\/p>\n<p>Si lo suyo es el baile se van a divertir, si necesitan apagar el cerebro esta pel\u00edcula les puede funcionar, y quiz\u00e1 inspirarlos al salir del cine correr a un estudio de baile.<\/p>\n<style>.embed-container { position: relative; padding-bottom: 56.25%; height: 0; overflow: hidden; max-width: 100%; } .embed-container iframe, .embed-container object, .embed-container embed { position: absolute; top: 0; left: 0; width: 100%; height: 100%; }<\/style>\n<div class='embed-container'><iframe src='https:\/\/www.youtube.com\/embed\/5jstm_JeyW8' frameborder='0' allowfullscreen><\/iframe><\/div>\n<p>&nbsp;<\/p>\n<h1><em><strong>\u00abSac\u00fadete las penas\u00bb<\/strong><\/em><\/h1>\n<p><strong>Pa\u00eds<\/strong>: M\u00e9xico.<br \/>\n<strong>A\u00f1o<\/strong>: 2018.<br \/>\n<strong>Duraci\u00f3n<\/strong>: 90 min.<br \/>\n<strong>Director<\/strong>: Andr\u00e9s Ib\u00e1\u00f1ez D\u00edaz Infante.<br \/>\n<strong>Cast<\/strong>: Arturo Barba, Daniela Barcelo, Melissa Barrera, Alejandro Calva, Fernanda Castillo, Enrique Cueva, Mar\u00eda del Carmen F\u00e9lix, Jocelyn G\u00f3mez G\u00f3nzalez, Tom\u00e1s Guzm\u00e1n, Hern\u00e1n Mendoza, Pedro Mira, Antonio Monroi, Bego\u00f1a Narv\u00e1ez, Jes\u00fas Nunez, Emmanuel Orenday, Mariano Palacios, Denisse Prieto, Sof\u00eda Sereno, Roberto Sosa, Gustavo S\u00e1nchez Parra, Valent\u00edn Trujillo Jr., Carlos Valencia, Mario Zaragoza.<br \/>\n<strong>Fecha de estreno<\/strong>: 27 de abril 2018.<\/p>\n<p>&nbsp;<\/p>\n<p>&nbsp;<\/p>\n","protected":false},"excerpt":{"rendered":"<p>Muchos dicen que una de las grandes terapias para curar algunos males es bailar, y esto es algo que el director Andr\u00e9s Ib\u00e1\u00f1ez quer\u00eda reflejar con su \u00f3pera prima \u00abSac\u00fadete las penas\u00bb, que cuenta la historia de Gonz\u00e1lez (Gustavo S\u00e1nchez Parra) quien se encuentra con Rigoberto (Valent\u00edn Trujillo Jr.) dentro de Lecumberri para pagar una larga condena en los a\u00f1os 50.<\/p>\n","protected":false},"author":2,"featured_media":72631,"comment_status":"open","ping_status":"open","sticky":false,"template":"","format":"standard","meta":{"footnotes":""},"categories":[24,1,17],"tags":[],"class_list":["post-72630","post","type-post","status-publish","format-standard","has-post-thumbnail","hentry","category-cine","category-cultura","category-principal"],"yoast_head":"<!-- This site is optimized with the Yoast SEO plugin v24.7 - https:\/\/yoast.com\/wordpress\/plugins\/seo\/ -->\n<title>&quot;Sac\u00fadete las penas&quot;: el baile como terapia &#171; Reconoce MX<\/title>\n<meta name=\"robots\" content=\"index, follow, max-snippet:-1, max-image-preview:large, max-video-preview:-1\" \/>\n<link rel=\"canonical\" href=\"https:\/\/www.reconoce.mx\/?p=72630\" \/>\n<meta property=\"og:locale\" content=\"es_ES\" \/>\n<meta property=\"og:type\" content=\"article\" \/>\n<meta property=\"og:title\" content=\"&quot;Sac\u00fadete las penas&quot;: el baile como terapia &#171; Reconoce MX\" \/>\n<meta property=\"og:description\" content=\"Muchos dicen que una de las grandes terapias para curar algunos males es bailar, y esto es algo que el director Andr\u00e9s Ib\u00e1\u00f1ez quer\u00eda reflejar con su \u00f3pera prima &quot;Sac\u00fadete las penas&quot;, que cuenta la historia de Gonz\u00e1lez (Gustavo S\u00e1nchez Parra) quien se encuentra con Rigoberto (Valent\u00edn Trujillo Jr.) dentro de Lecumberri para pagar una larga condena en los a\u00f1os 50.\" \/>\n<meta property=\"og:url\" content=\"https:\/\/www.reconoce.mx\/?p=72630\" \/>\n<meta property=\"og:site_name\" content=\"Reconoce MX\" \/>\n<meta property=\"article:publisher\" content=\"https:\/\/es-la.facebook.com\/ReconoceMX\/\" \/>\n<meta property=\"article:published_time\" content=\"2018-04-26T05:05:01+00:00\" \/>\n<meta property=\"article:modified_time\" content=\"2018-04-26T21:29:29+00:00\" \/>\n<meta property=\"og:image\" content=\"https:\/\/www.reconoce.mx\/wp-content\/uploads\/2018\/04\/sac\u00fadete-las-penas-1.jpg\" \/>\n\t<meta property=\"og:image:width\" content=\"590\" \/>\n\t<meta property=\"og:image:height\" content=\"380\" \/>\n\t<meta property=\"og:image:type\" content=\"image\/jpeg\" \/>\n<meta name=\"author\" content=\"Reconoce MX\" \/>\n<meta name=\"twitter:card\" content=\"summary_large_image\" \/>\n<meta name=\"twitter:creator\" content=\"@reconocemx\" \/>\n<meta name=\"twitter:site\" content=\"@reconocemx\" \/>\n<meta name=\"twitter:label1\" content=\"Escrito por\" \/>\n\t<meta name=\"twitter:data1\" content=\"Reconoce MX\" \/>\n\t<meta name=\"twitter:label2\" content=\"Tiempo de lectura\" \/>\n\t<meta name=\"twitter:data2\" content=\"2 minutos\" \/>\n<script type=\"application\/ld+json\" class=\"yoast-schema-graph\">{\"@context\":\"https:\/\/schema.org\",\"@graph\":[{\"@type\":\"Article\",\"@id\":\"https:\/\/www.reconoce.mx\/?p=72630#article\",\"isPartOf\":{\"@id\":\"https:\/\/www.reconoce.mx\/?p=72630\"},\"author\":{\"name\":\"Reconoce MX\",\"@id\":\"http:\/\/www.reconoce.mx\/#\/schema\/person\/2117e997d7051dc15d6880eaf9bca0b2\"},\"headline\":\"\u00abSac\u00fadete las penas\u00bb: el baile como terapia\",\"datePublished\":\"2018-04-26T05:05:01+00:00\",\"dateModified\":\"2018-04-26T21:29:29+00:00\",\"mainEntityOfPage\":{\"@id\":\"https:\/\/www.reconoce.mx\/?p=72630\"},\"wordCount\":415,\"commentCount\":0,\"publisher\":{\"@id\":\"http:\/\/www.reconoce.mx\/#organization\"},\"image\":{\"@id\":\"https:\/\/www.reconoce.mx\/?p=72630#primaryimage\"},\"thumbnailUrl\":\"https:\/\/www.reconoce.mx\/wp-content\/uploads\/2018\/04\/sac\u00fadete-las-penas-1.jpg\",\"articleSection\":[\"Cine\",\"Cultura\",\"Principal\"],\"inLanguage\":\"es\",\"potentialAction\":[{\"@type\":\"CommentAction\",\"name\":\"Comment\",\"target\":[\"https:\/\/www.reconoce.mx\/?p=72630#respond\"]}]},{\"@type\":\"WebPage\",\"@id\":\"https:\/\/www.reconoce.mx\/?p=72630\",\"url\":\"https:\/\/www.reconoce.mx\/?p=72630\",\"name\":\"\\\"Sac\u00fadete las penas\\\": el baile como terapia &#171; Reconoce MX\",\"isPartOf\":{\"@id\":\"http:\/\/www.reconoce.mx\/#website\"},\"primaryImageOfPage\":{\"@id\":\"https:\/\/www.reconoce.mx\/?p=72630#primaryimage\"},\"image\":{\"@id\":\"https:\/\/www.reconoce.mx\/?p=72630#primaryimage\"},\"thumbnailUrl\":\"https:\/\/www.reconoce.mx\/wp-content\/uploads\/2018\/04\/sac\u00fadete-las-penas-1.jpg\",\"datePublished\":\"2018-04-26T05:05:01+00:00\",\"dateModified\":\"2018-04-26T21:29:29+00:00\",\"breadcrumb\":{\"@id\":\"https:\/\/www.reconoce.mx\/?p=72630#breadcrumb\"},\"inLanguage\":\"es\",\"potentialAction\":[{\"@type\":\"ReadAction\",\"target\":[\"https:\/\/www.reconoce.mx\/?p=72630\"]}]},{\"@type\":\"ImageObject\",\"inLanguage\":\"es\",\"@id\":\"https:\/\/www.reconoce.mx\/?p=72630#primaryimage\",\"url\":\"https:\/\/www.reconoce.mx\/wp-content\/uploads\/2018\/04\/sac\u00fadete-las-penas-1.jpg\",\"contentUrl\":\"https:\/\/www.reconoce.mx\/wp-content\/uploads\/2018\/04\/sac\u00fadete-las-penas-1.jpg\",\"width\":590,\"height\":380},{\"@type\":\"BreadcrumbList\",\"@id\":\"https:\/\/www.reconoce.mx\/?p=72630#breadcrumb\",\"itemListElement\":[{\"@type\":\"ListItem\",\"position\":1,\"name\":\"Portada\",\"item\":\"http:\/\/www.reconoce.mx\/\"},{\"@type\":\"ListItem\",\"position\":2,\"name\":\"\u00abSac\u00fadete las penas\u00bb: el baile como terapia\"}]},{\"@type\":\"WebSite\",\"@id\":\"http:\/\/www.reconoce.mx\/#website\",\"url\":\"http:\/\/www.reconoce.mx\/\",\"name\":\"Reconoce MX\",\"description\":\"En Reconoce MX difundimos arte, cultura y conciencia social en M\u00e9xico. Tu ciudad en otra perspectiva.\",\"publisher\":{\"@id\":\"http:\/\/www.reconoce.mx\/#organization\"},\"potentialAction\":[{\"@type\":\"SearchAction\",\"target\":{\"@type\":\"EntryPoint\",\"urlTemplate\":\"http:\/\/www.reconoce.mx\/?s={search_term_string}\"},\"query-input\":{\"@type\":\"PropertyValueSpecification\",\"valueRequired\":true,\"valueName\":\"search_term_string\"}}],\"inLanguage\":\"es\"},{\"@type\":\"Organization\",\"@id\":\"http:\/\/www.reconoce.mx\/#organization\",\"name\":\"Reconoce MX\",\"url\":\"http:\/\/www.reconoce.mx\/\",\"logo\":{\"@type\":\"ImageObject\",\"inLanguage\":\"es\",\"@id\":\"http:\/\/www.reconoce.mx\/#\/schema\/logo\/image\/\",\"url\":\"https:\/\/www.reconoce.mx\/wp-content\/uploads\/2019\/03\/logorcmx-good-1.png\",\"contentUrl\":\"https:\/\/www.reconoce.mx\/wp-content\/uploads\/2019\/03\/logorcmx-good-1.png\",\"width\":280,\"height\":90,\"caption\":\"Reconoce MX\"},\"image\":{\"@id\":\"http:\/\/www.reconoce.mx\/#\/schema\/logo\/image\/\"},\"sameAs\":[\"https:\/\/es-la.facebook.com\/ReconoceMX\/\",\"https:\/\/x.com\/reconocemx\",\"http:\/\/@reconocemx\"]},{\"@type\":\"Person\",\"@id\":\"http:\/\/www.reconoce.mx\/#\/schema\/person\/2117e997d7051dc15d6880eaf9bca0b2\",\"name\":\"Reconoce MX\",\"image\":{\"@type\":\"ImageObject\",\"inLanguage\":\"es\",\"@id\":\"http:\/\/www.reconoce.mx\/#\/schema\/person\/image\/\",\"url\":\"https:\/\/secure.gravatar.com\/avatar\/6c8d4dc7569ca1c90c5fdcc349f839d5ddef6fe1e70b4337ead2ef1a4c43fc3a?s=96&d=identicon&r=g\",\"contentUrl\":\"https:\/\/secure.gravatar.com\/avatar\/6c8d4dc7569ca1c90c5fdcc349f839d5ddef6fe1e70b4337ead2ef1a4c43fc3a?s=96&d=identicon&r=g\",\"caption\":\"Reconoce MX\"},\"description\":\"Reconoce MX es un proyecto de difusi\u00f3n art\u00edstica, cultural y de conciencia social que est\u00e1 enfocado a difundir y fomentar el entretenimiento alternativo de calidad para todo el p\u00fablico que comparta el mismo entusiasmo.\",\"sameAs\":[\"http:\/\/www.reconoce.mx\"],\"url\":\"https:\/\/www.reconoce.mx\/?author=2\"}]}<\/script>\n<!-- \/ Yoast SEO plugin. -->","yoast_head_json":{"title":"\"Sac\u00fadete las penas\": el baile como terapia &#171; Reconoce MX","robots":{"index":"index","follow":"follow","max-snippet":"max-snippet:-1","max-image-preview":"max-image-preview:large","max-video-preview":"max-video-preview:-1"},"canonical":"https:\/\/www.reconoce.mx\/?p=72630","og_locale":"es_ES","og_type":"article","og_title":"\"Sac\u00fadete las penas\": el baile como terapia &#171; Reconoce MX","og_description":"Muchos dicen que una de las grandes terapias para curar algunos males es bailar, y esto es algo que el director Andr\u00e9s Ib\u00e1\u00f1ez quer\u00eda reflejar con su \u00f3pera prima \"Sac\u00fadete las penas\", que cuenta la historia de Gonz\u00e1lez (Gustavo S\u00e1nchez Parra) quien se encuentra con Rigoberto (Valent\u00edn Trujillo Jr.) dentro de Lecumberri para pagar una larga condena en los a\u00f1os 50.","og_url":"https:\/\/www.reconoce.mx\/?p=72630","og_site_name":"Reconoce MX","article_publisher":"https:\/\/es-la.facebook.com\/ReconoceMX\/","article_published_time":"2018-04-26T05:05:01+00:00","article_modified_time":"2018-04-26T21:29:29+00:00","og_image":[{"width":590,"height":380,"url":"https:\/\/www.reconoce.mx\/wp-content\/uploads\/2018\/04\/sac\u00fadete-las-penas-1.jpg","type":"image\/jpeg"}],"author":"Reconoce MX","twitter_card":"summary_large_image","twitter_creator":"@reconocemx","twitter_site":"@reconocemx","twitter_misc":{"Escrito por":"Reconoce MX","Tiempo de lectura":"2 minutos"},"schema":{"@context":"https:\/\/schema.org","@graph":[{"@type":"Article","@id":"https:\/\/www.reconoce.mx\/?p=72630#article","isPartOf":{"@id":"https:\/\/www.reconoce.mx\/?p=72630"},"author":{"name":"Reconoce MX","@id":"http:\/\/www.reconoce.mx\/#\/schema\/person\/2117e997d7051dc15d6880eaf9bca0b2"},"headline":"\u00abSac\u00fadete las penas\u00bb: el baile como terapia","datePublished":"2018-04-26T05:05:01+00:00","dateModified":"2018-04-26T21:29:29+00:00","mainEntityOfPage":{"@id":"https:\/\/www.reconoce.mx\/?p=72630"},"wordCount":415,"commentCount":0,"publisher":{"@id":"http:\/\/www.reconoce.mx\/#organization"},"image":{"@id":"https:\/\/www.reconoce.mx\/?p=72630#primaryimage"},"thumbnailUrl":"https:\/\/www.reconoce.mx\/wp-content\/uploads\/2018\/04\/sac\u00fadete-las-penas-1.jpg","articleSection":["Cine","Cultura","Principal"],"inLanguage":"es","potentialAction":[{"@type":"CommentAction","name":"Comment","target":["https:\/\/www.reconoce.mx\/?p=72630#respond"]}]},{"@type":"WebPage","@id":"https:\/\/www.reconoce.mx\/?p=72630","url":"https:\/\/www.reconoce.mx\/?p=72630","name":"\"Sac\u00fadete las penas\": el baile como terapia &#171; Reconoce MX","isPartOf":{"@id":"http:\/\/www.reconoce.mx\/#website"},"primaryImageOfPage":{"@id":"https:\/\/www.reconoce.mx\/?p=72630#primaryimage"},"image":{"@id":"https:\/\/www.reconoce.mx\/?p=72630#primaryimage"},"thumbnailUrl":"https:\/\/www.reconoce.mx\/wp-content\/uploads\/2018\/04\/sac\u00fadete-las-penas-1.jpg","datePublished":"2018-04-26T05:05:01+00:00","dateModified":"2018-04-26T21:29:29+00:00","breadcrumb":{"@id":"https:\/\/www.reconoce.mx\/?p=72630#breadcrumb"},"inLanguage":"es","potentialAction":[{"@type":"ReadAction","target":["https:\/\/www.reconoce.mx\/?p=72630"]}]},{"@type":"ImageObject","inLanguage":"es","@id":"https:\/\/www.reconoce.mx\/?p=72630#primaryimage","url":"https:\/\/www.reconoce.mx\/wp-content\/uploads\/2018\/04\/sac\u00fadete-las-penas-1.jpg","contentUrl":"https:\/\/www.reconoce.mx\/wp-content\/uploads\/2018\/04\/sac\u00fadete-las-penas-1.jpg","width":590,"height":380},{"@type":"BreadcrumbList","@id":"https:\/\/www.reconoce.mx\/?p=72630#breadcrumb","itemListElement":[{"@type":"ListItem","position":1,"name":"Portada","item":"http:\/\/www.reconoce.mx\/"},{"@type":"ListItem","position":2,"name":"\u00abSac\u00fadete las penas\u00bb: el baile como terapia"}]},{"@type":"WebSite","@id":"http:\/\/www.reconoce.mx\/#website","url":"http:\/\/www.reconoce.mx\/","name":"Reconoce MX","description":"En Reconoce MX difundimos arte, cultura y conciencia social en M\u00e9xico. Tu ciudad en otra perspectiva.","publisher":{"@id":"http:\/\/www.reconoce.mx\/#organization"},"potentialAction":[{"@type":"SearchAction","target":{"@type":"EntryPoint","urlTemplate":"http:\/\/www.reconoce.mx\/?s={search_term_string}"},"query-input":{"@type":"PropertyValueSpecification","valueRequired":true,"valueName":"search_term_string"}}],"inLanguage":"es"},{"@type":"Organization","@id":"http:\/\/www.reconoce.mx\/#organization","name":"Reconoce MX","url":"http:\/\/www.reconoce.mx\/","logo":{"@type":"ImageObject","inLanguage":"es","@id":"http:\/\/www.reconoce.mx\/#\/schema\/logo\/image\/","url":"https:\/\/www.reconoce.mx\/wp-content\/uploads\/2019\/03\/logorcmx-good-1.png","contentUrl":"https:\/\/www.reconoce.mx\/wp-content\/uploads\/2019\/03\/logorcmx-good-1.png","width":280,"height":90,"caption":"Reconoce MX"},"image":{"@id":"http:\/\/www.reconoce.mx\/#\/schema\/logo\/image\/"},"sameAs":["https:\/\/es-la.facebook.com\/ReconoceMX\/","https:\/\/x.com\/reconocemx","http:\/\/@reconocemx"]},{"@type":"Person","@id":"http:\/\/www.reconoce.mx\/#\/schema\/person\/2117e997d7051dc15d6880eaf9bca0b2","name":"Reconoce MX","image":{"@type":"ImageObject","inLanguage":"es","@id":"http:\/\/www.reconoce.mx\/#\/schema\/person\/image\/","url":"https:\/\/secure.gravatar.com\/avatar\/6c8d4dc7569ca1c90c5fdcc349f839d5ddef6fe1e70b4337ead2ef1a4c43fc3a?s=96&d=identicon&r=g","contentUrl":"https:\/\/secure.gravatar.com\/avatar\/6c8d4dc7569ca1c90c5fdcc349f839d5ddef6fe1e70b4337ead2ef1a4c43fc3a?s=96&d=identicon&r=g","caption":"Reconoce MX"},"description":"Reconoce MX es un proyecto de difusi\u00f3n art\u00edstica, cultural y de conciencia social que est\u00e1 enfocado a difundir y fomentar el entretenimiento alternativo de calidad para todo el p\u00fablico que comparta el mismo entusiasmo.","sameAs":["http:\/\/www.reconoce.mx"],"url":"https:\/\/www.reconoce.mx\/?author=2"}]}},"_links":{"self":[{"href":"https:\/\/www.reconoce.mx\/index.php?rest_route=\/wp\/v2\/posts\/72630","targetHints":{"allow":["GET"]}}],"collection":[{"href":"https:\/\/www.reconoce.mx\/index.php?rest_route=\/wp\/v2\/posts"}],"about":[{"href":"https:\/\/www.reconoce.mx\/index.php?rest_route=\/wp\/v2\/types\/post"}],"author":[{"embeddable":true,"href":"https:\/\/www.reconoce.mx\/index.php?rest_route=\/wp\/v2\/users\/2"}],"replies":[{"embeddable":true,"href":"https:\/\/www.reconoce.mx\/index.php?rest_route=%2Fwp%2Fv2%2Fcomments&post=72630"}],"version-history":[{"count":3,"href":"https:\/\/www.reconoce.mx\/index.php?rest_route=\/wp\/v2\/posts\/72630\/revisions"}],"predecessor-version":[{"id":72636,"href":"https:\/\/www.reconoce.mx\/index.php?rest_route=\/wp\/v2\/posts\/72630\/revisions\/72636"}],"wp:featuredmedia":[{"embeddable":true,"href":"https:\/\/www.reconoce.mx\/index.php?rest_route=\/wp\/v2\/media\/72631"}],"wp:attachment":[{"href":"https:\/\/www.reconoce.mx\/index.php?rest_route=%2Fwp%2Fv2%2Fmedia&parent=72630"}],"wp:term":[{"taxonomy":"category","embeddable":true,"href":"https:\/\/www.reconoce.mx\/index.php?rest_route=%2Fwp%2Fv2%2Fcategories&post=72630"},{"taxonomy":"post_tag","embeddable":true,"href":"https:\/\/www.reconoce.mx\/index.php?rest_route=%2Fwp%2Fv2%2Ftags&post=72630"}],"curies":[{"name":"wp","href":"https:\/\/api.w.org\/{rel}","templated":true}]}}