{"id":72643,"date":"2018-04-30T00:01:03","date_gmt":"2018-04-30T05:01:03","guid":{"rendered":"http:\/\/www.reconoce.mx\/?p=72643"},"modified":"2018-04-30T00:49:03","modified_gmt":"2018-04-30T05:49:03","slug":"svankmajer-wiseman-y-anderson-en-mayo-en-cineteca-nacional","status":"publish","type":"post","link":"https:\/\/www.reconoce.mx\/?p=72643","title":{"rendered":"\u0160vankmajer, Wiseman y Anderson en mayo en Cineteca Nacional"},"content":{"rendered":"<p><strong> Por <a title=\"@AsfaltosTweets\" href=\"http:\/\/twitter.com\/AsfaltosTweets\" target=\"_blank\" rel=\"noopener noreferrer\" data-slimstat-type=\"0\" data-slimstat-callback=\"false\" data-slimstat-tracking=\"true\">Asfaltos<\/a><\/strong>.<\/p>\n<p>Tres grandes cineastas llenar\u00e1n con su cine este pr\u00f3ximo mes de mayo en <strong>Cineteca Nacional<\/strong>. Dos de ellos, <strong>Frederick Wiseman<\/strong> y<strong> Jan \u0160vankmajer<\/strong> ofrecer\u00e1n Clases Magistrales en el recinto de Xoco; el tercero, <strong>Wes Anderson<\/strong>, estrenar\u00e1 su m\u00e1s reciente pel\u00edcula \u00abIsla de perros\u00bb.<\/p>\n<p><a href=\"http:\/\/www.reconoce.mx\/wp-content\/uploads\/2018\/04\/mayocinetca.jpg\"><img loading=\"lazy\" decoding=\"async\" class=\"aligncenter size-full wp-image-72645\" src=\"http:\/\/www.reconoce.mx\/wp-content\/uploads\/2018\/04\/mayocinetca.jpg\" alt=\"\" width=\"852\" height=\"1102\" srcset=\"https:\/\/www.reconoce.mx\/wp-content\/uploads\/2018\/04\/mayocinetca.jpg 852w, https:\/\/www.reconoce.mx\/wp-content\/uploads\/2018\/04\/mayocinetca-232x300.jpg 232w, https:\/\/www.reconoce.mx\/wp-content\/uploads\/2018\/04\/mayocinetca-768x993.jpg 768w, https:\/\/www.reconoce.mx\/wp-content\/uploads\/2018\/04\/mayocinetca-792x1024.jpg 792w, https:\/\/www.reconoce.mx\/wp-content\/uploads\/2018\/04\/mayocinetca-150x194.jpg 150w, https:\/\/www.reconoce.mx\/wp-content\/uploads\/2018\/04\/mayocinetca-700x905.jpg 700w, https:\/\/www.reconoce.mx\/wp-content\/uploads\/2018\/04\/mayocinetca-658x851.jpg 658w, https:\/\/www.reconoce.mx\/wp-content\/uploads\/2018\/04\/mayocinetca-300x388.jpg 300w\" sizes=\"auto, (max-width: 852px) 100vw, 852px\" \/><\/a><\/p>\n<p>El realizador checo surrealista<strong> Jan \u0160vankmajer<\/strong>, reconocido por sus narraciones desconcertantes en su mayor\u00eda creadas con stop-motion, tiene como principales inspiraciones la corriente pict\u00f3rica que tuvo su apogeo en los a\u00f1os 20 conocida como surrealismo, as\u00ed como las obras literarias de autores como Lewis Caroll, Franz Kafka o Edgar Allan Poe. Algunos de sus cortos, as\u00ed como siete largometrajes de su filmograf\u00eda como \u00abAlicia\u00bb (1988), \u00abFausto\u00bb (1994), \u00abLos conspiradores del placer\u00bb (1996) e \u00abInsecto\u00bb (\u00abHmyz\u00bb) que, seg\u00fan el mismo \u0160vankmajer, tambi\u00e9n ser\u00e1 el \u00faltimo de su carrera, se proyectar\u00e1n en <strong>Cineteca Nacional<\/strong> a partir del 2 de mayo.<\/p>\n<p>Por su parte del polifac\u00e9tico documentalista <strong>Frederick Wiseman<\/strong>, conocido por su exploraci\u00f3n desde el interior de diferentes organismos para entender sus contextos, se presentar\u00e1 tambi\u00e9n una retrospectiva entre las que destaca su documental \u00abTiticut\u00bb (\u00abTiticut Follies\u00bb, 1967). \u00abTiticut\u00bb es un crudo acercamiento la vida en una prisi\u00f3n para enfermos mentales en Massachusetts. La retrospectiva se presentar\u00e1 a partir del pr\u00f3ximo 3 de mayo.<\/p>\n<p>Finalmente, y aprovechando el estreno de la esperada \u00abIsla de perros\u00bb (2018), <strong>Wes Anderson<\/strong> estar\u00e1 con un ciclo presente en <strong>Cineteca Nacional<\/strong>. Sus largometrajes \u00abVida acu\u00e1tica\u00bb (2004), \u00abTres son multitud\u00bb (Rushmore, 1998), \u00abMoonrise Kingdom: Un reino bajo la Luna\u00bb (2012) o \u00abEl fant\u00e1stico se\u00f1or Zorr\u00bbo (2009), que han definido su estilo como uno de los m\u00e1s identificables y admirados del cine contempor\u00e1neo, ser\u00e1n parte de la restrospectiva que se presentar\u00e1 en <strong>Cinteca Nacional<\/strong> a partir del 18 de mayo.<\/p>\n<p>Adem\u00e1s, y en algo que resulta un aut\u00e9ntico lujo,<strong> Jan \u0160vankmajer<\/strong> y <strong>Frederick Wiseman<\/strong> &#8211;<a href=\"http:\/\/www.reconoce.mx\/ambulante-dedica-retrospectiva-a-su-invitado-frederick-wiseman\/\" target=\"_blank\" rel=\"noopener\">\u00e9ste \u00faltimo presentado por Ambulante<\/a>&#8211; ofrecer\u00e1n sendas clases magirstrales en<strong> Cineteca Nacional<\/strong>.<\/p>\n<p>A continuaci\u00f3n el listado de largometrajes que forman parte de cada una de las retrospectivas mencionadas. Para m\u00e1s informaci\u00f3n consultar el sitio oficial de <strong>Cineteca Nacional<\/strong>.<\/p>\n<h2><strong>Retrospectiva de Jan \u0160vankmajer<\/strong><\/h2>\n<ul>\n<li>\u00abAlicia\u00bb (1988)<\/li>\n<li>\u00abFausto\u00bb (1994)<\/li>\n<li>\u00abConspiradores del placer\u00bb (1996)<\/li>\n<li>\u00abEl peque\u00f1o Otik\u00bb (2000)<\/li>\n<li>\u00abLocura \/ demencia\u00bb (2005)<\/li>\n<li>\u00abSobrevivir a la vida\u00bb (2010)<\/li>\n<li>\u00abInsecto\u00bb (2018)<\/li>\n<\/ul>\n<h2><strong>Retrospectiva de Frederick Wiseman<\/strong><\/h2>\n<ul>\n<li>\u00abTiticut Follies\u00bb (1967)<\/li>\n<li>\u00abHospital | Hospital\u00bb (1970)<\/li>\n<li>\u00abJuvenile Court | Tribunal Juvenil\u00bb (1973)<\/li>\n<li>\u00abPrimate | Primate\u00bb (1974)<\/li>\n<li>\u00abModel | Modelo\u00bb (1981)<\/li>\n<li>\u00abBlind | Ciegos\u00bb (1987)<\/li>\n<li>\u00abBelfast, Maine\u00bb (1999)<\/li>\n<li>\u00abLa danse \u2013 Le Ballet de l\u2019Op\u00e9ra de Paris | La danse: el Ballet de la \u00d3pera de Par\u00eds\u00bb (2009)<\/li>\n<li>\u00abBoxing Gym | Gimnasio de box\u00bb (2010)<\/li>\n<li>\u00abCrazy Horse\u00bb (2011)<\/li>\n<li>\u00abNational Gallery | Galer\u00eda Nacional\u00bb (2014)<\/li>\n<li>\u00abEx Libris: The New York Public Library | Ex libris: la Biblioteca P\u00fablica de Nueva York\u00bb (2017)<\/li>\n<\/ul>\n<h2><strong>Retrospectiva Wes Anderson<\/strong><\/h2>\n<ul>\n<li>\u00abBottle Rocket\u00bb (1994)<\/li>\n<li>\u00abTres son multitud | Rushmore\u00bb (1998)<\/li>\n<li>\u00abLos exc\u00e9ntricos Tenembaum\u00bb (2001)<\/li>\n<li>\u00abVida acu\u00e1tica\u00bb (2004)<\/li>\n<li>\u00abViaje a Darjeeling \/ Hotel Chevalier\u00bb (2007)<\/li>\n<li>\u00abEl fant\u00e1stico se\u00f1or Zorro\u00bb (2009)<\/li>\n<li>\u00abMoonrise Kingdom: Un reino bajo la Luna\u00bb (2012)<\/li>\n<li>\u00abEl gran hotel Budapest\u00bb (2014)<\/li>\n<li>\u00abIsla de perros\u00bb (2018)<\/li>\n<\/ul>\n<p style=\"text-align: right;\">Con imagen e informaci\u00f3n cortes\u00eda de <strong>Cineteca Nacional<\/strong>.<\/p>\n<p>&nbsp;<\/p>\n<p>&nbsp;<\/p>\n","protected":false},"excerpt":{"rendered":"<p>Tres grandes cineastas llenar\u00e1n con su cine este pr\u00f3ximo mes de mayo en Cineteca Nacional. Dos de ellos, Frederick Wiseman y Jan \u0160vankmajer ofrecer\u00e1n Clases Magistrales en el recinto de Xoco; el tercero, Wes Anderson, estrenar\u00e1 su m\u00e1s reciente pel\u00edcula \u00abIsla de perros\u00bb.<\/p>\n","protected":false},"author":2,"featured_media":72644,"comment_status":"open","ping_status":"open","sticky":false,"template":"","format":"standard","meta":{"footnotes":""},"categories":[24,1,17],"tags":[],"class_list":["post-72643","post","type-post","status-publish","format-standard","has-post-thumbnail","hentry","category-cine","category-cultura","category-principal"],"yoast_head":"<!-- This site is optimized with the Yoast SEO plugin v24.7 - https:\/\/yoast.com\/wordpress\/plugins\/seo\/ -->\n<title>\u0160vankmajer, Wiseman y Anderson en mayo en Cineteca Nacional &#171; Reconoce MX<\/title>\n<meta name=\"robots\" content=\"index, follow, max-snippet:-1, max-image-preview:large, max-video-preview:-1\" \/>\n<link rel=\"canonical\" href=\"https:\/\/www.reconoce.mx\/?p=72643\" \/>\n<meta property=\"og:locale\" content=\"es_ES\" \/>\n<meta property=\"og:type\" content=\"article\" \/>\n<meta property=\"og:title\" content=\"\u0160vankmajer, Wiseman y Anderson en mayo en Cineteca Nacional &#171; Reconoce MX\" \/>\n<meta property=\"og:description\" content=\"Tres grandes cineastas llenar\u00e1n con su cine este pr\u00f3ximo mes de mayo en Cineteca Nacional. Dos de ellos, Frederick Wiseman y Jan \u0160vankmajer ofrecer\u00e1n Clases Magistrales en el recinto de Xoco; el tercero, Wes Anderson, estrenar\u00e1 su m\u00e1s reciente pel\u00edcula &quot;Isla de perros&quot;.\" \/>\n<meta property=\"og:url\" content=\"https:\/\/www.reconoce.mx\/?p=72643\" \/>\n<meta property=\"og:site_name\" content=\"Reconoce MX\" \/>\n<meta property=\"article:publisher\" content=\"https:\/\/es-la.facebook.com\/ReconoceMX\/\" \/>\n<meta property=\"article:published_time\" content=\"2018-04-30T05:01:03+00:00\" \/>\n<meta property=\"article:modified_time\" content=\"2018-04-30T05:49:03+00:00\" \/>\n<meta property=\"og:image\" content=\"https:\/\/www.reconoce.mx\/wp-content\/uploads\/2018\/04\/mayo-cineteca.jpg\" \/>\n\t<meta property=\"og:image:width\" content=\"590\" \/>\n\t<meta property=\"og:image:height\" content=\"380\" \/>\n\t<meta property=\"og:image:type\" content=\"image\/jpeg\" \/>\n<meta name=\"author\" content=\"Reconoce MX\" \/>\n<meta name=\"twitter:card\" content=\"summary_large_image\" \/>\n<meta name=\"twitter:creator\" content=\"@reconocemx\" \/>\n<meta name=\"twitter:site\" content=\"@reconocemx\" \/>\n<meta name=\"twitter:label1\" content=\"Escrito por\" \/>\n\t<meta name=\"twitter:data1\" content=\"Reconoce MX\" \/>\n\t<meta name=\"twitter:label2\" content=\"Tiempo de lectura\" \/>\n\t<meta name=\"twitter:data2\" content=\"2 minutos\" \/>\n<script type=\"application\/ld+json\" class=\"yoast-schema-graph\">{\"@context\":\"https:\/\/schema.org\",\"@graph\":[{\"@type\":\"Article\",\"@id\":\"https:\/\/www.reconoce.mx\/?p=72643#article\",\"isPartOf\":{\"@id\":\"https:\/\/www.reconoce.mx\/?p=72643\"},\"author\":{\"name\":\"Reconoce MX\",\"@id\":\"http:\/\/www.reconoce.mx\/#\/schema\/person\/2117e997d7051dc15d6880eaf9bca0b2\"},\"headline\":\"\u0160vankmajer, Wiseman y Anderson en mayo en Cineteca Nacional\",\"datePublished\":\"2018-04-30T05:01:03+00:00\",\"dateModified\":\"2018-04-30T05:49:03+00:00\",\"mainEntityOfPage\":{\"@id\":\"https:\/\/www.reconoce.mx\/?p=72643\"},\"wordCount\":505,\"commentCount\":0,\"publisher\":{\"@id\":\"http:\/\/www.reconoce.mx\/#organization\"},\"image\":{\"@id\":\"https:\/\/www.reconoce.mx\/?p=72643#primaryimage\"},\"thumbnailUrl\":\"https:\/\/www.reconoce.mx\/wp-content\/uploads\/2018\/04\/mayo-cineteca.jpg\",\"articleSection\":[\"Cine\",\"Cultura\",\"Principal\"],\"inLanguage\":\"es\",\"potentialAction\":[{\"@type\":\"CommentAction\",\"name\":\"Comment\",\"target\":[\"https:\/\/www.reconoce.mx\/?p=72643#respond\"]}]},{\"@type\":\"WebPage\",\"@id\":\"https:\/\/www.reconoce.mx\/?p=72643\",\"url\":\"https:\/\/www.reconoce.mx\/?p=72643\",\"name\":\"\u0160vankmajer, Wiseman y Anderson en mayo en Cineteca Nacional &#171; Reconoce MX\",\"isPartOf\":{\"@id\":\"http:\/\/www.reconoce.mx\/#website\"},\"primaryImageOfPage\":{\"@id\":\"https:\/\/www.reconoce.mx\/?p=72643#primaryimage\"},\"image\":{\"@id\":\"https:\/\/www.reconoce.mx\/?p=72643#primaryimage\"},\"thumbnailUrl\":\"https:\/\/www.reconoce.mx\/wp-content\/uploads\/2018\/04\/mayo-cineteca.jpg\",\"datePublished\":\"2018-04-30T05:01:03+00:00\",\"dateModified\":\"2018-04-30T05:49:03+00:00\",\"breadcrumb\":{\"@id\":\"https:\/\/www.reconoce.mx\/?p=72643#breadcrumb\"},\"inLanguage\":\"es\",\"potentialAction\":[{\"@type\":\"ReadAction\",\"target\":[\"https:\/\/www.reconoce.mx\/?p=72643\"]}]},{\"@type\":\"ImageObject\",\"inLanguage\":\"es\",\"@id\":\"https:\/\/www.reconoce.mx\/?p=72643#primaryimage\",\"url\":\"https:\/\/www.reconoce.mx\/wp-content\/uploads\/2018\/04\/mayo-cineteca.jpg\",\"contentUrl\":\"https:\/\/www.reconoce.mx\/wp-content\/uploads\/2018\/04\/mayo-cineteca.jpg\",\"width\":590,\"height\":380},{\"@type\":\"BreadcrumbList\",\"@id\":\"https:\/\/www.reconoce.mx\/?p=72643#breadcrumb\",\"itemListElement\":[{\"@type\":\"ListItem\",\"position\":1,\"name\":\"Portada\",\"item\":\"http:\/\/www.reconoce.mx\/\"},{\"@type\":\"ListItem\",\"position\":2,\"name\":\"\u0160vankmajer, Wiseman y Anderson en mayo en Cineteca Nacional\"}]},{\"@type\":\"WebSite\",\"@id\":\"http:\/\/www.reconoce.mx\/#website\",\"url\":\"http:\/\/www.reconoce.mx\/\",\"name\":\"Reconoce MX\",\"description\":\"En Reconoce MX difundimos arte, cultura y conciencia social en M\u00e9xico. Tu ciudad en otra perspectiva.\",\"publisher\":{\"@id\":\"http:\/\/www.reconoce.mx\/#organization\"},\"potentialAction\":[{\"@type\":\"SearchAction\",\"target\":{\"@type\":\"EntryPoint\",\"urlTemplate\":\"http:\/\/www.reconoce.mx\/?s={search_term_string}\"},\"query-input\":{\"@type\":\"PropertyValueSpecification\",\"valueRequired\":true,\"valueName\":\"search_term_string\"}}],\"inLanguage\":\"es\"},{\"@type\":\"Organization\",\"@id\":\"http:\/\/www.reconoce.mx\/#organization\",\"name\":\"Reconoce MX\",\"url\":\"http:\/\/www.reconoce.mx\/\",\"logo\":{\"@type\":\"ImageObject\",\"inLanguage\":\"es\",\"@id\":\"http:\/\/www.reconoce.mx\/#\/schema\/logo\/image\/\",\"url\":\"https:\/\/www.reconoce.mx\/wp-content\/uploads\/2019\/03\/logorcmx-good-1.png\",\"contentUrl\":\"https:\/\/www.reconoce.mx\/wp-content\/uploads\/2019\/03\/logorcmx-good-1.png\",\"width\":280,\"height\":90,\"caption\":\"Reconoce MX\"},\"image\":{\"@id\":\"http:\/\/www.reconoce.mx\/#\/schema\/logo\/image\/\"},\"sameAs\":[\"https:\/\/es-la.facebook.com\/ReconoceMX\/\",\"https:\/\/x.com\/reconocemx\",\"http:\/\/@reconocemx\"]},{\"@type\":\"Person\",\"@id\":\"http:\/\/www.reconoce.mx\/#\/schema\/person\/2117e997d7051dc15d6880eaf9bca0b2\",\"name\":\"Reconoce MX\",\"image\":{\"@type\":\"ImageObject\",\"inLanguage\":\"es\",\"@id\":\"http:\/\/www.reconoce.mx\/#\/schema\/person\/image\/\",\"url\":\"https:\/\/secure.gravatar.com\/avatar\/6c8d4dc7569ca1c90c5fdcc349f839d5ddef6fe1e70b4337ead2ef1a4c43fc3a?s=96&d=identicon&r=g\",\"contentUrl\":\"https:\/\/secure.gravatar.com\/avatar\/6c8d4dc7569ca1c90c5fdcc349f839d5ddef6fe1e70b4337ead2ef1a4c43fc3a?s=96&d=identicon&r=g\",\"caption\":\"Reconoce MX\"},\"description\":\"Reconoce MX es un proyecto de difusi\u00f3n art\u00edstica, cultural y de conciencia social que est\u00e1 enfocado a difundir y fomentar el entretenimiento alternativo de calidad para todo el p\u00fablico que comparta el mismo entusiasmo.\",\"sameAs\":[\"http:\/\/www.reconoce.mx\"],\"url\":\"https:\/\/www.reconoce.mx\/?author=2\"}]}<\/script>\n<!-- \/ Yoast SEO plugin. -->","yoast_head_json":{"title":"\u0160vankmajer, Wiseman y Anderson en mayo en Cineteca Nacional &#171; Reconoce MX","robots":{"index":"index","follow":"follow","max-snippet":"max-snippet:-1","max-image-preview":"max-image-preview:large","max-video-preview":"max-video-preview:-1"},"canonical":"https:\/\/www.reconoce.mx\/?p=72643","og_locale":"es_ES","og_type":"article","og_title":"\u0160vankmajer, Wiseman y Anderson en mayo en Cineteca Nacional &#171; Reconoce MX","og_description":"Tres grandes cineastas llenar\u00e1n con su cine este pr\u00f3ximo mes de mayo en Cineteca Nacional. Dos de ellos, Frederick Wiseman y Jan \u0160vankmajer ofrecer\u00e1n Clases Magistrales en el recinto de Xoco; el tercero, Wes Anderson, estrenar\u00e1 su m\u00e1s reciente pel\u00edcula \"Isla de perros\".","og_url":"https:\/\/www.reconoce.mx\/?p=72643","og_site_name":"Reconoce MX","article_publisher":"https:\/\/es-la.facebook.com\/ReconoceMX\/","article_published_time":"2018-04-30T05:01:03+00:00","article_modified_time":"2018-04-30T05:49:03+00:00","og_image":[{"width":590,"height":380,"url":"https:\/\/www.reconoce.mx\/wp-content\/uploads\/2018\/04\/mayo-cineteca.jpg","type":"image\/jpeg"}],"author":"Reconoce MX","twitter_card":"summary_large_image","twitter_creator":"@reconocemx","twitter_site":"@reconocemx","twitter_misc":{"Escrito por":"Reconoce MX","Tiempo de lectura":"2 minutos"},"schema":{"@context":"https:\/\/schema.org","@graph":[{"@type":"Article","@id":"https:\/\/www.reconoce.mx\/?p=72643#article","isPartOf":{"@id":"https:\/\/www.reconoce.mx\/?p=72643"},"author":{"name":"Reconoce MX","@id":"http:\/\/www.reconoce.mx\/#\/schema\/person\/2117e997d7051dc15d6880eaf9bca0b2"},"headline":"\u0160vankmajer, Wiseman y Anderson en mayo en Cineteca Nacional","datePublished":"2018-04-30T05:01:03+00:00","dateModified":"2018-04-30T05:49:03+00:00","mainEntityOfPage":{"@id":"https:\/\/www.reconoce.mx\/?p=72643"},"wordCount":505,"commentCount":0,"publisher":{"@id":"http:\/\/www.reconoce.mx\/#organization"},"image":{"@id":"https:\/\/www.reconoce.mx\/?p=72643#primaryimage"},"thumbnailUrl":"https:\/\/www.reconoce.mx\/wp-content\/uploads\/2018\/04\/mayo-cineteca.jpg","articleSection":["Cine","Cultura","Principal"],"inLanguage":"es","potentialAction":[{"@type":"CommentAction","name":"Comment","target":["https:\/\/www.reconoce.mx\/?p=72643#respond"]}]},{"@type":"WebPage","@id":"https:\/\/www.reconoce.mx\/?p=72643","url":"https:\/\/www.reconoce.mx\/?p=72643","name":"\u0160vankmajer, Wiseman y Anderson en mayo en Cineteca Nacional &#171; Reconoce MX","isPartOf":{"@id":"http:\/\/www.reconoce.mx\/#website"},"primaryImageOfPage":{"@id":"https:\/\/www.reconoce.mx\/?p=72643#primaryimage"},"image":{"@id":"https:\/\/www.reconoce.mx\/?p=72643#primaryimage"},"thumbnailUrl":"https:\/\/www.reconoce.mx\/wp-content\/uploads\/2018\/04\/mayo-cineteca.jpg","datePublished":"2018-04-30T05:01:03+00:00","dateModified":"2018-04-30T05:49:03+00:00","breadcrumb":{"@id":"https:\/\/www.reconoce.mx\/?p=72643#breadcrumb"},"inLanguage":"es","potentialAction":[{"@type":"ReadAction","target":["https:\/\/www.reconoce.mx\/?p=72643"]}]},{"@type":"ImageObject","inLanguage":"es","@id":"https:\/\/www.reconoce.mx\/?p=72643#primaryimage","url":"https:\/\/www.reconoce.mx\/wp-content\/uploads\/2018\/04\/mayo-cineteca.jpg","contentUrl":"https:\/\/www.reconoce.mx\/wp-content\/uploads\/2018\/04\/mayo-cineteca.jpg","width":590,"height":380},{"@type":"BreadcrumbList","@id":"https:\/\/www.reconoce.mx\/?p=72643#breadcrumb","itemListElement":[{"@type":"ListItem","position":1,"name":"Portada","item":"http:\/\/www.reconoce.mx\/"},{"@type":"ListItem","position":2,"name":"\u0160vankmajer, Wiseman y Anderson en mayo en Cineteca Nacional"}]},{"@type":"WebSite","@id":"http:\/\/www.reconoce.mx\/#website","url":"http:\/\/www.reconoce.mx\/","name":"Reconoce MX","description":"En Reconoce MX difundimos arte, cultura y conciencia social en M\u00e9xico. Tu ciudad en otra perspectiva.","publisher":{"@id":"http:\/\/www.reconoce.mx\/#organization"},"potentialAction":[{"@type":"SearchAction","target":{"@type":"EntryPoint","urlTemplate":"http:\/\/www.reconoce.mx\/?s={search_term_string}"},"query-input":{"@type":"PropertyValueSpecification","valueRequired":true,"valueName":"search_term_string"}}],"inLanguage":"es"},{"@type":"Organization","@id":"http:\/\/www.reconoce.mx\/#organization","name":"Reconoce MX","url":"http:\/\/www.reconoce.mx\/","logo":{"@type":"ImageObject","inLanguage":"es","@id":"http:\/\/www.reconoce.mx\/#\/schema\/logo\/image\/","url":"https:\/\/www.reconoce.mx\/wp-content\/uploads\/2019\/03\/logorcmx-good-1.png","contentUrl":"https:\/\/www.reconoce.mx\/wp-content\/uploads\/2019\/03\/logorcmx-good-1.png","width":280,"height":90,"caption":"Reconoce MX"},"image":{"@id":"http:\/\/www.reconoce.mx\/#\/schema\/logo\/image\/"},"sameAs":["https:\/\/es-la.facebook.com\/ReconoceMX\/","https:\/\/x.com\/reconocemx","http:\/\/@reconocemx"]},{"@type":"Person","@id":"http:\/\/www.reconoce.mx\/#\/schema\/person\/2117e997d7051dc15d6880eaf9bca0b2","name":"Reconoce MX","image":{"@type":"ImageObject","inLanguage":"es","@id":"http:\/\/www.reconoce.mx\/#\/schema\/person\/image\/","url":"https:\/\/secure.gravatar.com\/avatar\/6c8d4dc7569ca1c90c5fdcc349f839d5ddef6fe1e70b4337ead2ef1a4c43fc3a?s=96&d=identicon&r=g","contentUrl":"https:\/\/secure.gravatar.com\/avatar\/6c8d4dc7569ca1c90c5fdcc349f839d5ddef6fe1e70b4337ead2ef1a4c43fc3a?s=96&d=identicon&r=g","caption":"Reconoce MX"},"description":"Reconoce MX es un proyecto de difusi\u00f3n art\u00edstica, cultural y de conciencia social que est\u00e1 enfocado a difundir y fomentar el entretenimiento alternativo de calidad para todo el p\u00fablico que comparta el mismo entusiasmo.","sameAs":["http:\/\/www.reconoce.mx"],"url":"https:\/\/www.reconoce.mx\/?author=2"}]}},"_links":{"self":[{"href":"https:\/\/www.reconoce.mx\/index.php?rest_route=\/wp\/v2\/posts\/72643","targetHints":{"allow":["GET"]}}],"collection":[{"href":"https:\/\/www.reconoce.mx\/index.php?rest_route=\/wp\/v2\/posts"}],"about":[{"href":"https:\/\/www.reconoce.mx\/index.php?rest_route=\/wp\/v2\/types\/post"}],"author":[{"embeddable":true,"href":"https:\/\/www.reconoce.mx\/index.php?rest_route=\/wp\/v2\/users\/2"}],"replies":[{"embeddable":true,"href":"https:\/\/www.reconoce.mx\/index.php?rest_route=%2Fwp%2Fv2%2Fcomments&post=72643"}],"version-history":[{"count":3,"href":"https:\/\/www.reconoce.mx\/index.php?rest_route=\/wp\/v2\/posts\/72643\/revisions"}],"predecessor-version":[{"id":72648,"href":"https:\/\/www.reconoce.mx\/index.php?rest_route=\/wp\/v2\/posts\/72643\/revisions\/72648"}],"wp:featuredmedia":[{"embeddable":true,"href":"https:\/\/www.reconoce.mx\/index.php?rest_route=\/wp\/v2\/media\/72644"}],"wp:attachment":[{"href":"https:\/\/www.reconoce.mx\/index.php?rest_route=%2Fwp%2Fv2%2Fmedia&parent=72643"}],"wp:term":[{"taxonomy":"category","embeddable":true,"href":"https:\/\/www.reconoce.mx\/index.php?rest_route=%2Fwp%2Fv2%2Fcategories&post=72643"},{"taxonomy":"post_tag","embeddable":true,"href":"https:\/\/www.reconoce.mx\/index.php?rest_route=%2Fwp%2Fv2%2Ftags&post=72643"}],"curies":[{"name":"wp","href":"https:\/\/api.w.org\/{rel}","templated":true}]}}