{"id":72649,"date":"2018-05-12T00:03:55","date_gmt":"2018-05-12T05:03:55","guid":{"rendered":"http:\/\/www.reconoce.mx\/?p=72649"},"modified":"2018-05-12T14:26:16","modified_gmt":"2018-05-12T19:26:16","slug":"todo-listo-para-la-segunda-edicion-de-ltdo","status":"publish","type":"post","link":"https:\/\/www.reconoce.mx\/?p=72649","title":{"rendered":"\u00a1Todo listo para la segunda edici\u00f3n de LTDO!"},"content":{"rendered":"<p><strong>Por <a title=\"@AsfaltosTweets\" href=\"http:\/\/twitter.com\/AsfaltosTweets\" target=\"_blank\" rel=\"noopener noreferrer\">Asfaltos<\/a><\/strong>.<\/p>\n<p>El a\u00f1o pasado, <a href=\"http:\/\/www.reconoce.mx\/l4tido-festin-musical-y-artistico-en-guanajuato\/\" target=\"_blank\" rel=\"noopener\">cuando hizo su aparici\u00f3n<\/a>, el festival <strong>LTDO<\/strong> se gan\u00f3 un lugar entre los festines musicales de nuestro pa\u00eds. La segunda edici\u00f3n, muestra de que el proyecto sigue creciendo, se llevar\u00e1 a cabo el pr\u00f3ximo 19 de mayo en el <strong>Parque Guanajuato Bicentenario<\/strong>. \u00bfYa tienen sus boletos?<\/p>\n<p><a href=\"http:\/\/www.reconoce.mx\/wp-content\/uploads\/2018\/04\/unnamed.jpg\"><img loading=\"lazy\" decoding=\"async\" class=\"aligncenter size-full wp-image-72651\" src=\"http:\/\/www.reconoce.mx\/wp-content\/uploads\/2018\/04\/unnamed.jpg\" alt=\"\" width=\"946\" height=\"1334\" srcset=\"https:\/\/www.reconoce.mx\/wp-content\/uploads\/2018\/04\/unnamed.jpg 946w, https:\/\/www.reconoce.mx\/wp-content\/uploads\/2018\/04\/unnamed-213x300.jpg 213w, https:\/\/www.reconoce.mx\/wp-content\/uploads\/2018\/04\/unnamed-768x1083.jpg 768w, https:\/\/www.reconoce.mx\/wp-content\/uploads\/2018\/04\/unnamed-726x1024.jpg 726w, https:\/\/www.reconoce.mx\/wp-content\/uploads\/2018\/04\/unnamed-150x212.jpg 150w, https:\/\/www.reconoce.mx\/wp-content\/uploads\/2018\/04\/unnamed-700x987.jpg 700w, https:\/\/www.reconoce.mx\/wp-content\/uploads\/2018\/04\/unnamed-658x928.jpg 658w, https:\/\/www.reconoce.mx\/wp-content\/uploads\/2018\/04\/unnamed-300x423.jpg 300w\" sizes=\"auto, (max-width: 946px) 100vw, 946px\" \/><\/a><\/p>\n<p>Para esta segunda edici\u00f3n destaca la presencia de <strong>Devendra Banhart<\/strong>, m\u00fasico que resultar\u00e1 imperdible escuchar en un sitio magno como lo es el <strong>Parque Guanajuato Bicentenario<\/strong>. Adem\u00e1s de \u00e9l destacan<strong> Camilo S\u00e9ptimo<\/strong>, <strong>Porter<\/strong>, <strong>Hello Seahorse!<\/strong>, <strong>Elsa y Elmar<\/strong>, <strong>Lng\/SHT<\/strong>, <strong>Girl Ultra<\/strong>, <strong>Los Blenders<\/strong>, <strong>The Plastics Revolution<\/strong>, <strong>Big Big Love<\/strong>, <strong>Dromedarios M\u00e1gicos<\/strong>, entre otros.<\/p>\n<p><strong>LTDO<\/strong> se ha distinguido por su enfoque en brindar a su gente una experiencia \u00fanica y que la regi\u00f3n la adopte como propia. Del mismo modo su oferta musical incluye una selecci\u00f3n de bandas que toma en cuenta y da su lugar a los proyectos emergentes. <strong>LTDO<\/strong> nace del sue\u00f1o y la necesidad de tener nuevas formas de entretenimiento, siempre con el fin de ser una plataforma de proyecci\u00f3n para las expresiones art\u00edsticas de la regi\u00f3n y el pa\u00eds.<\/p>\n<p>Festival <strong>LTDO<\/strong> se realizar\u00e1 el pr\u00f3ximo 19 de mayo en el <strong>Parque Guanajuato Bicentenario<\/strong>. <a href=\"https:\/\/ltdomx.boletia.com\/\" target=\"_blank\" rel=\"noopener\">Boletos ya a la venta<\/a>. Para m\u00e1s informaci\u00f3n consulta el <a href=\"https:\/\/latidomx.com\/\" target=\"_blank\" rel=\"noopener\">sitio oficial<\/a>.<\/p>\n<p style=\"text-align: right;\">Con informaci\u00f3n y cartel oficial cortes\u00eda de <strong>Malfi Co<\/strong>.<\/p>\n<p>&nbsp;<\/p>\n<p>&nbsp;<\/p>\n","protected":false},"excerpt":{"rendered":"<p>El a\u00f1o pasado, cuando hizo su aparici\u00f3n, el festival LTDO se gan\u00f3 un lugar entre los festines musicales de nuestro pa\u00eds. La segunda edici\u00f3n, muestra de que el proyecto sigue creciendo, se llevar\u00e1 a cabo el pr\u00f3ximo 19 de mayo en el Parque Guanajuato Bicentenario. \u00bfYa tienen sus boletos?<\/p>\n","protected":false},"author":2,"featured_media":72650,"comment_status":"open","ping_status":"open","sticky":false,"template":"","format":"standard","meta":{"footnotes":""},"categories":[1,18,17],"tags":[],"class_list":["post-72649","post","type-post","status-publish","format-standard","has-post-thumbnail","hentry","category-cultura","category-musica","category-principal"],"yoast_head":"<!-- This site is optimized with the Yoast SEO plugin v24.7 - https:\/\/yoast.com\/wordpress\/plugins\/seo\/ -->\n<title>\u00a1Todo listo para la segunda edici\u00f3n de LTDO! &#171; Reconoce MX<\/title>\n<meta name=\"robots\" content=\"index, follow, max-snippet:-1, max-image-preview:large, max-video-preview:-1\" \/>\n<link rel=\"canonical\" href=\"https:\/\/www.reconoce.mx\/?p=72649\" \/>\n<meta property=\"og:locale\" content=\"es_ES\" \/>\n<meta property=\"og:type\" content=\"article\" \/>\n<meta property=\"og:title\" content=\"\u00a1Todo listo para la segunda edici\u00f3n de LTDO! &#171; Reconoce MX\" \/>\n<meta property=\"og:description\" content=\"El a\u00f1o pasado, cuando hizo su aparici\u00f3n, el festival LTDO se gan\u00f3 un lugar entre los festines musicales de nuestro pa\u00eds. La segunda edici\u00f3n, muestra de que el proyecto sigue creciendo, se llevar\u00e1 a cabo el pr\u00f3ximo 19 de mayo en el Parque Guanajuato Bicentenario. \u00bfYa tienen sus boletos?\" \/>\n<meta property=\"og:url\" content=\"https:\/\/www.reconoce.mx\/?p=72649\" \/>\n<meta property=\"og:site_name\" content=\"Reconoce MX\" \/>\n<meta property=\"article:publisher\" content=\"https:\/\/es-la.facebook.com\/ReconoceMX\/\" \/>\n<meta property=\"article:published_time\" content=\"2018-05-12T05:03:55+00:00\" \/>\n<meta property=\"article:modified_time\" content=\"2018-05-12T19:26:16+00:00\" \/>\n<meta property=\"og:image\" content=\"https:\/\/www.reconoce.mx\/wp-content\/uploads\/2018\/04\/ltdo18.jpg\" \/>\n\t<meta property=\"og:image:width\" content=\"590\" \/>\n\t<meta property=\"og:image:height\" content=\"380\" \/>\n\t<meta property=\"og:image:type\" content=\"image\/jpeg\" \/>\n<meta name=\"author\" content=\"Reconoce MX\" \/>\n<meta name=\"twitter:card\" content=\"summary_large_image\" \/>\n<meta name=\"twitter:creator\" content=\"@reconocemx\" \/>\n<meta name=\"twitter:site\" content=\"@reconocemx\" \/>\n<meta name=\"twitter:label1\" content=\"Escrito por\" \/>\n\t<meta name=\"twitter:data1\" content=\"Reconoce MX\" \/>\n\t<meta name=\"twitter:label2\" content=\"Tiempo de lectura\" \/>\n\t<meta name=\"twitter:data2\" content=\"1 minuto\" \/>\n<script type=\"application\/ld+json\" class=\"yoast-schema-graph\">{\"@context\":\"https:\/\/schema.org\",\"@graph\":[{\"@type\":\"Article\",\"@id\":\"https:\/\/www.reconoce.mx\/?p=72649#article\",\"isPartOf\":{\"@id\":\"https:\/\/www.reconoce.mx\/?p=72649\"},\"author\":{\"name\":\"Reconoce MX\",\"@id\":\"http:\/\/www.reconoce.mx\/#\/schema\/person\/2117e997d7051dc15d6880eaf9bca0b2\"},\"headline\":\"\u00a1Todo listo para la segunda edici\u00f3n de LTDO!\",\"datePublished\":\"2018-05-12T05:03:55+00:00\",\"dateModified\":\"2018-05-12T19:26:16+00:00\",\"mainEntityOfPage\":{\"@id\":\"https:\/\/www.reconoce.mx\/?p=72649\"},\"wordCount\":250,\"commentCount\":0,\"publisher\":{\"@id\":\"http:\/\/www.reconoce.mx\/#organization\"},\"image\":{\"@id\":\"https:\/\/www.reconoce.mx\/?p=72649#primaryimage\"},\"thumbnailUrl\":\"https:\/\/www.reconoce.mx\/wp-content\/uploads\/2018\/04\/ltdo18.jpg\",\"articleSection\":[\"Cultura\",\"M\u00fasica\",\"Principal\"],\"inLanguage\":\"es\",\"potentialAction\":[{\"@type\":\"CommentAction\",\"name\":\"Comment\",\"target\":[\"https:\/\/www.reconoce.mx\/?p=72649#respond\"]}]},{\"@type\":\"WebPage\",\"@id\":\"https:\/\/www.reconoce.mx\/?p=72649\",\"url\":\"https:\/\/www.reconoce.mx\/?p=72649\",\"name\":\"\u00a1Todo listo para la segunda edici\u00f3n de LTDO! &#171; Reconoce MX\",\"isPartOf\":{\"@id\":\"http:\/\/www.reconoce.mx\/#website\"},\"primaryImageOfPage\":{\"@id\":\"https:\/\/www.reconoce.mx\/?p=72649#primaryimage\"},\"image\":{\"@id\":\"https:\/\/www.reconoce.mx\/?p=72649#primaryimage\"},\"thumbnailUrl\":\"https:\/\/www.reconoce.mx\/wp-content\/uploads\/2018\/04\/ltdo18.jpg\",\"datePublished\":\"2018-05-12T05:03:55+00:00\",\"dateModified\":\"2018-05-12T19:26:16+00:00\",\"breadcrumb\":{\"@id\":\"https:\/\/www.reconoce.mx\/?p=72649#breadcrumb\"},\"inLanguage\":\"es\",\"potentialAction\":[{\"@type\":\"ReadAction\",\"target\":[\"https:\/\/www.reconoce.mx\/?p=72649\"]}]},{\"@type\":\"ImageObject\",\"inLanguage\":\"es\",\"@id\":\"https:\/\/www.reconoce.mx\/?p=72649#primaryimage\",\"url\":\"https:\/\/www.reconoce.mx\/wp-content\/uploads\/2018\/04\/ltdo18.jpg\",\"contentUrl\":\"https:\/\/www.reconoce.mx\/wp-content\/uploads\/2018\/04\/ltdo18.jpg\",\"width\":590,\"height\":380},{\"@type\":\"BreadcrumbList\",\"@id\":\"https:\/\/www.reconoce.mx\/?p=72649#breadcrumb\",\"itemListElement\":[{\"@type\":\"ListItem\",\"position\":1,\"name\":\"Portada\",\"item\":\"http:\/\/www.reconoce.mx\/\"},{\"@type\":\"ListItem\",\"position\":2,\"name\":\"\u00a1Todo listo para la segunda edici\u00f3n de LTDO!\"}]},{\"@type\":\"WebSite\",\"@id\":\"http:\/\/www.reconoce.mx\/#website\",\"url\":\"http:\/\/www.reconoce.mx\/\",\"name\":\"Reconoce MX\",\"description\":\"En Reconoce MX difundimos arte, cultura y conciencia social en M\u00e9xico. Tu ciudad en otra perspectiva.\",\"publisher\":{\"@id\":\"http:\/\/www.reconoce.mx\/#organization\"},\"potentialAction\":[{\"@type\":\"SearchAction\",\"target\":{\"@type\":\"EntryPoint\",\"urlTemplate\":\"http:\/\/www.reconoce.mx\/?s={search_term_string}\"},\"query-input\":{\"@type\":\"PropertyValueSpecification\",\"valueRequired\":true,\"valueName\":\"search_term_string\"}}],\"inLanguage\":\"es\"},{\"@type\":\"Organization\",\"@id\":\"http:\/\/www.reconoce.mx\/#organization\",\"name\":\"Reconoce MX\",\"url\":\"http:\/\/www.reconoce.mx\/\",\"logo\":{\"@type\":\"ImageObject\",\"inLanguage\":\"es\",\"@id\":\"http:\/\/www.reconoce.mx\/#\/schema\/logo\/image\/\",\"url\":\"https:\/\/www.reconoce.mx\/wp-content\/uploads\/2019\/03\/logorcmx-good-1.png\",\"contentUrl\":\"https:\/\/www.reconoce.mx\/wp-content\/uploads\/2019\/03\/logorcmx-good-1.png\",\"width\":280,\"height\":90,\"caption\":\"Reconoce MX\"},\"image\":{\"@id\":\"http:\/\/www.reconoce.mx\/#\/schema\/logo\/image\/\"},\"sameAs\":[\"https:\/\/es-la.facebook.com\/ReconoceMX\/\",\"https:\/\/x.com\/reconocemx\",\"http:\/\/@reconocemx\"]},{\"@type\":\"Person\",\"@id\":\"http:\/\/www.reconoce.mx\/#\/schema\/person\/2117e997d7051dc15d6880eaf9bca0b2\",\"name\":\"Reconoce MX\",\"image\":{\"@type\":\"ImageObject\",\"inLanguage\":\"es\",\"@id\":\"http:\/\/www.reconoce.mx\/#\/schema\/person\/image\/\",\"url\":\"https:\/\/secure.gravatar.com\/avatar\/6c8d4dc7569ca1c90c5fdcc349f839d5ddef6fe1e70b4337ead2ef1a4c43fc3a?s=96&d=identicon&r=g\",\"contentUrl\":\"https:\/\/secure.gravatar.com\/avatar\/6c8d4dc7569ca1c90c5fdcc349f839d5ddef6fe1e70b4337ead2ef1a4c43fc3a?s=96&d=identicon&r=g\",\"caption\":\"Reconoce MX\"},\"description\":\"Reconoce MX es un proyecto de difusi\u00f3n art\u00edstica, cultural y de conciencia social que est\u00e1 enfocado a difundir y fomentar el entretenimiento alternativo de calidad para todo el p\u00fablico que comparta el mismo entusiasmo.\",\"sameAs\":[\"http:\/\/www.reconoce.mx\"],\"url\":\"https:\/\/www.reconoce.mx\/?author=2\"}]}<\/script>\n<!-- \/ Yoast SEO plugin. -->","yoast_head_json":{"title":"\u00a1Todo listo para la segunda edici\u00f3n de LTDO! &#171; Reconoce MX","robots":{"index":"index","follow":"follow","max-snippet":"max-snippet:-1","max-image-preview":"max-image-preview:large","max-video-preview":"max-video-preview:-1"},"canonical":"https:\/\/www.reconoce.mx\/?p=72649","og_locale":"es_ES","og_type":"article","og_title":"\u00a1Todo listo para la segunda edici\u00f3n de LTDO! &#171; Reconoce MX","og_description":"El a\u00f1o pasado, cuando hizo su aparici\u00f3n, el festival LTDO se gan\u00f3 un lugar entre los festines musicales de nuestro pa\u00eds. La segunda edici\u00f3n, muestra de que el proyecto sigue creciendo, se llevar\u00e1 a cabo el pr\u00f3ximo 19 de mayo en el Parque Guanajuato Bicentenario. \u00bfYa tienen sus boletos?","og_url":"https:\/\/www.reconoce.mx\/?p=72649","og_site_name":"Reconoce MX","article_publisher":"https:\/\/es-la.facebook.com\/ReconoceMX\/","article_published_time":"2018-05-12T05:03:55+00:00","article_modified_time":"2018-05-12T19:26:16+00:00","og_image":[{"width":590,"height":380,"url":"https:\/\/www.reconoce.mx\/wp-content\/uploads\/2018\/04\/ltdo18.jpg","type":"image\/jpeg"}],"author":"Reconoce MX","twitter_card":"summary_large_image","twitter_creator":"@reconocemx","twitter_site":"@reconocemx","twitter_misc":{"Escrito por":"Reconoce MX","Tiempo de lectura":"1 minuto"},"schema":{"@context":"https:\/\/schema.org","@graph":[{"@type":"Article","@id":"https:\/\/www.reconoce.mx\/?p=72649#article","isPartOf":{"@id":"https:\/\/www.reconoce.mx\/?p=72649"},"author":{"name":"Reconoce MX","@id":"http:\/\/www.reconoce.mx\/#\/schema\/person\/2117e997d7051dc15d6880eaf9bca0b2"},"headline":"\u00a1Todo listo para la segunda edici\u00f3n de LTDO!","datePublished":"2018-05-12T05:03:55+00:00","dateModified":"2018-05-12T19:26:16+00:00","mainEntityOfPage":{"@id":"https:\/\/www.reconoce.mx\/?p=72649"},"wordCount":250,"commentCount":0,"publisher":{"@id":"http:\/\/www.reconoce.mx\/#organization"},"image":{"@id":"https:\/\/www.reconoce.mx\/?p=72649#primaryimage"},"thumbnailUrl":"https:\/\/www.reconoce.mx\/wp-content\/uploads\/2018\/04\/ltdo18.jpg","articleSection":["Cultura","M\u00fasica","Principal"],"inLanguage":"es","potentialAction":[{"@type":"CommentAction","name":"Comment","target":["https:\/\/www.reconoce.mx\/?p=72649#respond"]}]},{"@type":"WebPage","@id":"https:\/\/www.reconoce.mx\/?p=72649","url":"https:\/\/www.reconoce.mx\/?p=72649","name":"\u00a1Todo listo para la segunda edici\u00f3n de LTDO! &#171; Reconoce MX","isPartOf":{"@id":"http:\/\/www.reconoce.mx\/#website"},"primaryImageOfPage":{"@id":"https:\/\/www.reconoce.mx\/?p=72649#primaryimage"},"image":{"@id":"https:\/\/www.reconoce.mx\/?p=72649#primaryimage"},"thumbnailUrl":"https:\/\/www.reconoce.mx\/wp-content\/uploads\/2018\/04\/ltdo18.jpg","datePublished":"2018-05-12T05:03:55+00:00","dateModified":"2018-05-12T19:26:16+00:00","breadcrumb":{"@id":"https:\/\/www.reconoce.mx\/?p=72649#breadcrumb"},"inLanguage":"es","potentialAction":[{"@type":"ReadAction","target":["https:\/\/www.reconoce.mx\/?p=72649"]}]},{"@type":"ImageObject","inLanguage":"es","@id":"https:\/\/www.reconoce.mx\/?p=72649#primaryimage","url":"https:\/\/www.reconoce.mx\/wp-content\/uploads\/2018\/04\/ltdo18.jpg","contentUrl":"https:\/\/www.reconoce.mx\/wp-content\/uploads\/2018\/04\/ltdo18.jpg","width":590,"height":380},{"@type":"BreadcrumbList","@id":"https:\/\/www.reconoce.mx\/?p=72649#breadcrumb","itemListElement":[{"@type":"ListItem","position":1,"name":"Portada","item":"http:\/\/www.reconoce.mx\/"},{"@type":"ListItem","position":2,"name":"\u00a1Todo listo para la segunda edici\u00f3n de LTDO!"}]},{"@type":"WebSite","@id":"http:\/\/www.reconoce.mx\/#website","url":"http:\/\/www.reconoce.mx\/","name":"Reconoce MX","description":"En Reconoce MX difundimos arte, cultura y conciencia social en M\u00e9xico. Tu ciudad en otra perspectiva.","publisher":{"@id":"http:\/\/www.reconoce.mx\/#organization"},"potentialAction":[{"@type":"SearchAction","target":{"@type":"EntryPoint","urlTemplate":"http:\/\/www.reconoce.mx\/?s={search_term_string}"},"query-input":{"@type":"PropertyValueSpecification","valueRequired":true,"valueName":"search_term_string"}}],"inLanguage":"es"},{"@type":"Organization","@id":"http:\/\/www.reconoce.mx\/#organization","name":"Reconoce MX","url":"http:\/\/www.reconoce.mx\/","logo":{"@type":"ImageObject","inLanguage":"es","@id":"http:\/\/www.reconoce.mx\/#\/schema\/logo\/image\/","url":"https:\/\/www.reconoce.mx\/wp-content\/uploads\/2019\/03\/logorcmx-good-1.png","contentUrl":"https:\/\/www.reconoce.mx\/wp-content\/uploads\/2019\/03\/logorcmx-good-1.png","width":280,"height":90,"caption":"Reconoce MX"},"image":{"@id":"http:\/\/www.reconoce.mx\/#\/schema\/logo\/image\/"},"sameAs":["https:\/\/es-la.facebook.com\/ReconoceMX\/","https:\/\/x.com\/reconocemx","http:\/\/@reconocemx"]},{"@type":"Person","@id":"http:\/\/www.reconoce.mx\/#\/schema\/person\/2117e997d7051dc15d6880eaf9bca0b2","name":"Reconoce MX","image":{"@type":"ImageObject","inLanguage":"es","@id":"http:\/\/www.reconoce.mx\/#\/schema\/person\/image\/","url":"https:\/\/secure.gravatar.com\/avatar\/6c8d4dc7569ca1c90c5fdcc349f839d5ddef6fe1e70b4337ead2ef1a4c43fc3a?s=96&d=identicon&r=g","contentUrl":"https:\/\/secure.gravatar.com\/avatar\/6c8d4dc7569ca1c90c5fdcc349f839d5ddef6fe1e70b4337ead2ef1a4c43fc3a?s=96&d=identicon&r=g","caption":"Reconoce MX"},"description":"Reconoce MX es un proyecto de difusi\u00f3n art\u00edstica, cultural y de conciencia social que est\u00e1 enfocado a difundir y fomentar el entretenimiento alternativo de calidad para todo el p\u00fablico que comparta el mismo entusiasmo.","sameAs":["http:\/\/www.reconoce.mx"],"url":"https:\/\/www.reconoce.mx\/?author=2"}]}},"_links":{"self":[{"href":"https:\/\/www.reconoce.mx\/index.php?rest_route=\/wp\/v2\/posts\/72649","targetHints":{"allow":["GET"]}}],"collection":[{"href":"https:\/\/www.reconoce.mx\/index.php?rest_route=\/wp\/v2\/posts"}],"about":[{"href":"https:\/\/www.reconoce.mx\/index.php?rest_route=\/wp\/v2\/types\/post"}],"author":[{"embeddable":true,"href":"https:\/\/www.reconoce.mx\/index.php?rest_route=\/wp\/v2\/users\/2"}],"replies":[{"embeddable":true,"href":"https:\/\/www.reconoce.mx\/index.php?rest_route=%2Fwp%2Fv2%2Fcomments&post=72649"}],"version-history":[{"count":2,"href":"https:\/\/www.reconoce.mx\/index.php?rest_route=\/wp\/v2\/posts\/72649\/revisions"}],"predecessor-version":[{"id":72653,"href":"https:\/\/www.reconoce.mx\/index.php?rest_route=\/wp\/v2\/posts\/72649\/revisions\/72653"}],"wp:featuredmedia":[{"embeddable":true,"href":"https:\/\/www.reconoce.mx\/index.php?rest_route=\/wp\/v2\/media\/72650"}],"wp:attachment":[{"href":"https:\/\/www.reconoce.mx\/index.php?rest_route=%2Fwp%2Fv2%2Fmedia&parent=72649"}],"wp:term":[{"taxonomy":"category","embeddable":true,"href":"https:\/\/www.reconoce.mx\/index.php?rest_route=%2Fwp%2Fv2%2Fcategories&post=72649"},{"taxonomy":"post_tag","embeddable":true,"href":"https:\/\/www.reconoce.mx\/index.php?rest_route=%2Fwp%2Fv2%2Ftags&post=72649"}],"curies":[{"name":"wp","href":"https:\/\/api.w.org\/{rel}","templated":true}]}}