{"id":72734,"date":"2018-04-30T00:06:09","date_gmt":"2018-04-30T05:06:09","guid":{"rendered":"http:\/\/www.reconoce.mx\/?p=72734"},"modified":"2018-04-30T00:48:18","modified_gmt":"2018-04-30T05:48:18","slug":"dia-del-nino-sobre-el-vocho-mas-famoso-del-mundo","status":"publish","type":"post","link":"https:\/\/www.reconoce.mx\/?p=72734","title":{"rendered":"D\u00eda del ni\u00f1o sobre el \u00abvocho\u00bb m\u00e1s famoso del mundo"},"content":{"rendered":"<p><a href=\"http:\/\/www.reconoce.mx\/category\/columnistas\/la-ballesta-de-mascatabaco\/\"><img loading=\"lazy\" decoding=\"async\" class=\"aligncenter size-full wp-image-42011\" src=\"http:\/\/www.reconoce.mx\/wp-content\/uploads\/2015\/05\/la-ballesta.png\" sizes=\"auto, (max-width: 570px) 100vw, 570px\" srcset=\"http:\/\/www.reconoce.mx\/wp-content\/uploads\/2015\/05\/la-ballesta.png 570w, http:\/\/www.reconoce.mx\/wp-content\/uploads\/2015\/05\/la-ballesta-300x37.png 300w, http:\/\/www.reconoce.mx\/wp-content\/uploads\/2015\/05\/la-ballesta-150x18.png 150w\" alt=\"la-ballesta\" width=\"570\" height=\"70\" \/><\/a><strong><br \/>\nPor <a title=\"@AsfaltosTweets\" href=\"http:\/\/twitter.com\/AsfaltosTweets\" target=\"_blank\" rel=\"noopener noreferrer\">Asfaltos<\/a><\/strong>.<\/p>\n<p>\u00a1Feliz d\u00eda del ni\u00f1o! S\u00ed, a\u00fan y cuando hemos dejado de ser f\u00edsicamente ya unos infantes, siempre que mantengamos la actitud nunca dejaremos de ser ni\u00f1os. Ser ni\u00f1os para un servidor significa nunca perder la alegr\u00eda de vivir: porque cuando uno es ni\u00f1o todo le asombra, todo le fascina, todo lo entusiasma. No nos dejemos arrugar por el tiempo, de amargarnos por los a\u00f1os, de volvernos unos aburridos por el entorno. Jam\u00e1s olvidemos lo maravilloso que es ser ni\u00f1o.<\/p>\n<p><a href=\"http:\/\/www.reconoce.mx\/wp-content\/uploads\/2018\/04\/disney-la-pandilla-de-cupido-motorizado-cartel-lobby-cards-D_NQ_NP_966607-MLM26203409025_102017-F.jpg\"><img loading=\"lazy\" decoding=\"async\" class=\"aligncenter size-full wp-image-72735\" src=\"http:\/\/www.reconoce.mx\/wp-content\/uploads\/2018\/04\/disney-la-pandilla-de-cupido-motorizado-cartel-lobby-cards-D_NQ_NP_966607-MLM26203409025_102017-F.jpg\" alt=\"\" width=\"1200\" height=\"900\" srcset=\"https:\/\/www.reconoce.mx\/wp-content\/uploads\/2018\/04\/disney-la-pandilla-de-cupido-motorizado-cartel-lobby-cards-D_NQ_NP_966607-MLM26203409025_102017-F.jpg 1200w, https:\/\/www.reconoce.mx\/wp-content\/uploads\/2018\/04\/disney-la-pandilla-de-cupido-motorizado-cartel-lobby-cards-D_NQ_NP_966607-MLM26203409025_102017-F-300x225.jpg 300w, https:\/\/www.reconoce.mx\/wp-content\/uploads\/2018\/04\/disney-la-pandilla-de-cupido-motorizado-cartel-lobby-cards-D_NQ_NP_966607-MLM26203409025_102017-F-768x576.jpg 768w, https:\/\/www.reconoce.mx\/wp-content\/uploads\/2018\/04\/disney-la-pandilla-de-cupido-motorizado-cartel-lobby-cards-D_NQ_NP_966607-MLM26203409025_102017-F-1024x768.jpg 1024w, https:\/\/www.reconoce.mx\/wp-content\/uploads\/2018\/04\/disney-la-pandilla-de-cupido-motorizado-cartel-lobby-cards-D_NQ_NP_966607-MLM26203409025_102017-F-150x113.jpg 150w, https:\/\/www.reconoce.mx\/wp-content\/uploads\/2018\/04\/disney-la-pandilla-de-cupido-motorizado-cartel-lobby-cards-D_NQ_NP_966607-MLM26203409025_102017-F-700x525.jpg 700w, https:\/\/www.reconoce.mx\/wp-content\/uploads\/2018\/04\/disney-la-pandilla-de-cupido-motorizado-cartel-lobby-cards-D_NQ_NP_966607-MLM26203409025_102017-F-658x494.jpg 658w\" sizes=\"auto, (max-width: 1200px) 100vw, 1200px\" \/><\/a><\/p>\n<p>Con motivo de esta fecha, como ya han le\u00eddo en el t\u00edtulo de la columna de hoy, recordar\u00e9 al m\u00e1s famoso \u00abvocho\u00bb que a su vez me permitir\u00e1 evocar diversos momentos de mi infancia; cosa que con suerte espero haga lo mismo con varios de ustedes. Porque s\u00ed, en efecto, el cine ha estado presente en nuestras vidas desde que \u00e9ramos tan solo unos peque\u00f1os. En mi caso -como seguramente en el de muchos de ustedes- fueron mis padres los principales responsables de mis primeros acercamientos al cine, raz\u00f3n por lo cual las pel\u00edculas infantiles fueron en gran medida las primeras que me impactaron en la vida. \u00abLa pandilla de cupido motorizado\u00bb (1974) fue una de esas pel\u00edculas; la cinta permenace muy viva, en mi recuerdo, en la versi\u00f3n casera en formato Beta que guard\u00e1bamos de ella.<\/p>\n<p>Estrenada en el verano de 1974 como secuela tard\u00eda de \u00abCupido motorizado\u00bb (1968) -que por cierto este a\u00f1o en diciembre pr\u00f3ximo cumple ya 50 a\u00f1os, \u00a150!-, \u00abLa pandilla de cupido motorizado\u00bb fue dirigida por el exitoso director y escritor de cine ingl\u00e9s <strong>Robert Stevenson<\/strong>. As\u00ed es, el director del cl\u00e1sico \u00abMary Poppins\u00bb (1964) que le merecer\u00eda su \u00fanica nominaci\u00f3n al <strong>Oscar<\/strong> como \u00abMejor director\u00bb, fue el responsable de las dos primeras pel\u00edculas del \u00abvocho\u00bb m\u00e1s famoso del mundo.<\/p>\n<p>Creado en la d\u00e9cada de los 60 por <strong>Gordon Buford<\/strong> -a quien se le atribuye el libro \u00abCar-Boy-Girl\u00bb, origen del personaje-, Herbie naci\u00f3 como uno de los nombres m\u00e1s populares de <strong>Disney<\/strong> en el momento en el que el estudio apost\u00f3 por una pel\u00edcula que le tuviera como protagonista. Se dice que un empleado de la empresa coloc\u00f3 una serie de autom\u00f3viles en un estacionamiento para decidir, tras una encuesta, cu\u00e1l resultaba el m\u00e1s popular. La respuesta fue el conocido en M\u00e9xico como \u00abvocho\u00bb.<\/p>\n<p><a href=\"http:\/\/www.reconoce.mx\/wp-content\/uploads\/2018\/04\/cupido-motorizado-2.jpg\"><img loading=\"lazy\" decoding=\"async\" class=\"aligncenter size-full wp-image-72737\" src=\"http:\/\/www.reconoce.mx\/wp-content\/uploads\/2018\/04\/cupido-motorizado-2.jpg\" alt=\"\" width=\"590\" height=\"380\" srcset=\"https:\/\/www.reconoce.mx\/wp-content\/uploads\/2018\/04\/cupido-motorizado-2.jpg 590w, https:\/\/www.reconoce.mx\/wp-content\/uploads\/2018\/04\/cupido-motorizado-2-300x193.jpg 300w, https:\/\/www.reconoce.mx\/wp-content\/uploads\/2018\/04\/cupido-motorizado-2-150x97.jpg 150w\" sizes=\"auto, (max-width: 590px) 100vw, 590px\" \/><\/a><\/p>\n<p>Como secuela directa de \u00abCupido motorizado\u00bb, \u00abCupido motorizado al ataque\u00bb resulta por decirlo as\u00ed, un tanto curiosa. Sin ninguno de los personajes de la primera cinta presentes -pel\u00edcula que por cierto habr\u00eda que destacar fue de las m\u00e1s taquilleras en aquellos a\u00f1os para <strong>Disney<\/strong>-, Herbie regresaba ahora para ser parte de una pel\u00edcula que lo presentaba lejos de las pistas y con una historia diametralmente distinta a la que se le hab\u00eda conocido seis a\u00f1os atr\u00e1s. La f\u00f3rmula, sin conseguir los logros de la primera, termin\u00f3 qued\u00e1ndose en la memoria y corazones de muchos.<\/p>\n<p>Un ambicioso empresario de bienes ra\u00edces llamado Alonzo A. Hawk (<strong>Keenan Wynn<\/strong>), se obsesiona con la construcci\u00f3n de un complejo en una zona donde le estorba una vieja estaci\u00f3n de bomberos. En \u00e9sta habita la dulce se\u00f1ora Steinmetz (<strong>Helen Hayes<\/strong>), quien a pesar de las amenazas de Hawk decide defederse de la embestida de un empresario voraz que no aceptar\u00e1 nunca un no como respuesta. Hawk, vali\u00e9ndose de cualquier artima\u00f1a, env\u00eda a su sobrino\u00a0Willoughby Whitfield (<strong>Ken Berry<\/strong>), quien deber\u00e1 persuadir a Steinmetz para la cesi\u00f3n de su hogar; lamentablemente, para Hawk, Whitfield queda prendido de la nieta de Steinmetz, Nicole Harris (<strong>Stefanie Powers<\/strong>). Herbie, en compa\u00f1\u00eda de dos personajes m\u00e1s, acompa\u00f1an a Steinmetz, la nieta de ella y eventualmente a Willoughby frente e la ambici\u00f3n de Hawk.<\/p>\n<p>Entre los detalles que guardo de mis recuerdos infantiles, destaco sin duda la t\u00edpica melod\u00eda de Herbie que siempre guard\u00e9 con aprecio &#8211;<a href=\"https:\/\/www.youtube.com\/watch?v=YrRB8lcBlqc\" target=\"_blank\" rel=\"noopener\">imposible no ponerse de buenas con el \u00absilbidito\u00bb<\/a>-; del mismo modo los personajes de la pel\u00edcula. Evoco as\u00ed claramente a la abuela Steinmetz y al magnate Alonzo A. Hawk. De la primera guardo la ternura que me daba, misma que seguramente era porque me recordaba a mi abuela (que en paz descanse), mientras que del segundo me acordaba con mucha gracia de todas las peripecias que le hac\u00eda sufrir el alguna vez \u00abvochito\u00bb blanco de carreras.<\/p>\n<p><a href=\"http:\/\/www.reconoce.mx\/wp-content\/uploads\/2018\/04\/cupido-motorizado-3.jpg\"><img loading=\"lazy\" decoding=\"async\" class=\"aligncenter size-full wp-image-72738\" src=\"http:\/\/www.reconoce.mx\/wp-content\/uploads\/2018\/04\/cupido-motorizado-3.jpg\" alt=\"\" width=\"590\" height=\"380\" srcset=\"https:\/\/www.reconoce.mx\/wp-content\/uploads\/2018\/04\/cupido-motorizado-3.jpg 590w, https:\/\/www.reconoce.mx\/wp-content\/uploads\/2018\/04\/cupido-motorizado-3-300x193.jpg 300w, https:\/\/www.reconoce.mx\/wp-content\/uploads\/2018\/04\/cupido-motorizado-3-150x97.jpg 150w\" sizes=\"auto, (max-width: 590px) 100vw, 590px\" \/><\/a><\/p>\n<p>Naturalmente Herbie es otro de los favoritos, sino es que el m\u00e1s; el famoso \u00abvocho\u00bb blanco estuvo presente en mi infancia, tanto que cuando ten\u00eda 6, 7 \u00fa 8 a\u00f1os, cuando mi pap\u00e1 cont\u00f3 con dos vochos blancos en los que varias veces nos llevaba a mi hermano y a m\u00ed a la escuela, en silencio, y en secreto, para m\u00ed eran sin duda alguna Herbie. Yo imaginaba que en efecto ambos autom\u00f3viles -por cierto, robados por la delincuencia de los a\u00f1os 90 en Ciudad de M\u00e9xico-, eran ese personaje al que <strong>Disney<\/strong> les hab\u00eda dado vida.<\/p>\n<p>Tambi\u00e9n mencionar\u00eda entre los personajes al viejo instrumento ingl\u00e9s, el <em>orchestrion<\/em> ; as\u00ed como a un \u00abvochito\u00bb ya bastante destartalado (casi en pedazos) que me generaba (y genera) siempre mucha alegr\u00eda cuando sal\u00eda en escena. Claro, tambi\u00e9n recuerdo al viejo tranv\u00eda (el viejo 22), a un personaje terciario que enfrenta a Herbie en un auto rojo y naturalmente a los dos personajes principales.<\/p>\n<p>Antes de escribir esta columna revis\u00e9 una vez m\u00e1s la pel\u00edcula para evocar muchas de las escenas que guardaba almacenadas de manera profunda en mis archivos mentales; pero s\u00ed, en efecto, fueron algunas las que me volvieron a hacer tremendo eco. Una en la que Hawk sue\u00f1a con Herbie (o m\u00e1s bien tiene una pesadilla con \u00e9l), otra en la que Herbie se acuerda de sus \u00e9pocas de gloria, y s\u00ed, finalmente, la \u00e9pica batalla final.<\/p>\n<style>.embed-container { position: relative; padding-bottom: 56.25%; height: 0; overflow: hidden; max-width: 100%; } .embed-container iframe, .embed-container object, .embed-container embed { position: absolute; top: 0; left: 0; width: 100%; height: 100%; }<\/style>\n<div class=\"embed-container\"><iframe loading=\"lazy\" src=\"https:\/\/www.youtube.com\/embed\/LKyhP7dWGhE\" width=\"300\" height=\"150\" frameborder=\"0\" allowfullscreen=\"allowfullscreen\"><\/iframe><\/div>\n<p>&nbsp;<\/p>\n<p>Vaya, la batalla final tiene momentos muy significativos para un servidor. Me acuerdo mucho de c\u00f3mo me hac\u00eda sufrir ver a la abuelita siendo lastimada en el \u00faltimo embate que le lanza Hawk, adem\u00e1s de la hero\u00edca participaci\u00f3n de Herbie y sus amigos \u00abvochos\u00bb para salvar la noche.<\/p>\n<p>\u00abLa pandilla de cupido motorizado\u00bb desde luego no es la mejor cinta de su tipo, ni tampoco de la serie misma, pero s\u00ed es y no lo niego una de mis pel\u00edculas favoritas, misma que al momento de revivir de principio a fin volv\u00ed a disfrutar como si fuera una vez m\u00e1s un ni\u00f1o. No, no dir\u00eda que es un cl\u00e1sico instant\u00e1neo y quiz\u00e1 hasta para los que la vean la primera vez les es un tanto ajena; pero para aquellos que la vieron siendo chicos y la revivan comoy p, quiz\u00e1 este texto tenga mayor sentido y as\u00ed puedan estar de acuerdo conmigo.<\/p>\n<p>Como sea, para quienes la vieron y tambi\u00e9n para los curiosos, <a href=\"https:\/\/www.youtube.com\/watch?v=rpGelyCQ-qM\" target=\"_blank\" rel=\"noopener\">aqu\u00ed les dejo la liga de YouTube en donde pueden rentar la pel\u00edcula doblada al espa\u00f1ol latino<\/a>. \u00bfLa ven y la comentamos? \u00a1Feliz d\u00eda del ni\u00f1o!<\/p>\n<blockquote><p><a href=\"http:\/\/www.reconoce.mx\/wp-content\/uploads\/2016\/03\/968932_515227815190918_654397283_n-e1459260491114.jpg\" rel=\"lightbox[62561]\"><img loading=\"lazy\" decoding=\"async\" class=\"alignleft size-thumbnail wp-image-39872\" src=\"http:\/\/www.reconoce.mx\/wp-content\/uploads\/2016\/03\/968932_515227815190918_654397283_n-e1459260491114.jpg\" alt=\"IMG_5743\" width=\"150\" height=\"150\" \/><\/a><strong>Asfaltos<\/strong>. Sobrevivo en una ciudad junto a millones de personas. \u00bfMexique\u00f1o? Me enamoro r\u00e1pido y olvido dif\u00edcilmente. Amo la m\u00fasica, el cine, los c\u00f3mics, las mujeres y -\u00faltimamente gracias a los servicios de <em>streaming<\/em>\u2013 las series tambi\u00e9n. Vivo la vida a trav\u00e9s de letras y melod\u00edas. M\u00fasico frustrado. Me pueden encontrar escuchando U2, Radiohead y Coldplay; as\u00ed como Grand Funk Railroad, Styx y Eric Burdon; Chetes, Jumbo y Siddhartha; y hasta Jesse &amp; Joy, Silverio y Aleks Syntek. Batman y Star Wars mis pasiones; tambi\u00e9n el Cruz Azul, pero ya saben\u2026 subcampeon\u00edsimo. Sobreviviente y n\u00e1ufrago; ermita\u00f1o que odia la soledad.<\/p><\/blockquote>\n<p>&nbsp;<\/p>\n<p>&nbsp;<\/p>\n","protected":false},"excerpt":{"rendered":"<p>\u00a1Feliz d\u00eda del ni\u00f1o! S\u00ed, a\u00fan y cuando hemos dejado de ser f\u00edsicamente ya unos infantes, siempre que mantengamos la actitud nunca dejaremos de ser ni\u00f1os. Ser ni\u00f1os para un servidor significa nunca perder la alegr\u00eda de vivir: porque cuando uno es ni\u00f1o todo le asombra, todo le fascina, todo lo entusiasma. <\/p>\n","protected":false},"author":2,"featured_media":72736,"comment_status":"open","ping_status":"open","sticky":false,"template":"","format":"standard","meta":{"footnotes":""},"categories":[16,2602,17],"tags":[],"class_list":["post-72734","post","type-post","status-publish","format-standard","has-post-thumbnail","hentry","category-columnistas","category-la-ballesta-de-mascatabaco","category-principal"],"yoast_head":"<!-- This site is optimized with the Yoast SEO plugin v24.7 - https:\/\/yoast.com\/wordpress\/plugins\/seo\/ -->\n<title>D\u00eda del ni\u00f1o sobre el &quot;vocho&quot; m\u00e1s famoso del mundo &#171; Reconoce MX<\/title>\n<meta name=\"robots\" content=\"index, follow, max-snippet:-1, max-image-preview:large, max-video-preview:-1\" \/>\n<link rel=\"canonical\" href=\"https:\/\/www.reconoce.mx\/?p=72734\" \/>\n<meta property=\"og:locale\" content=\"es_ES\" \/>\n<meta property=\"og:type\" content=\"article\" \/>\n<meta property=\"og:title\" content=\"D\u00eda del ni\u00f1o sobre el &quot;vocho&quot; m\u00e1s famoso del mundo &#171; Reconoce MX\" \/>\n<meta property=\"og:description\" content=\"\u00a1Feliz d\u00eda del ni\u00f1o! S\u00ed, a\u00fan y cuando hemos dejado de ser f\u00edsicamente ya unos infantes, siempre que mantengamos la actitud nunca dejaremos de ser ni\u00f1os. Ser ni\u00f1os para un servidor significa nunca perder la alegr\u00eda de vivir: porque cuando uno es ni\u00f1o todo le asombra, todo le fascina, todo lo entusiasma.\" \/>\n<meta property=\"og:url\" content=\"https:\/\/www.reconoce.mx\/?p=72734\" \/>\n<meta property=\"og:site_name\" content=\"Reconoce MX\" \/>\n<meta property=\"article:publisher\" content=\"https:\/\/es-la.facebook.com\/ReconoceMX\/\" \/>\n<meta property=\"article:published_time\" content=\"2018-04-30T05:06:09+00:00\" \/>\n<meta property=\"article:modified_time\" content=\"2018-04-30T05:48:18+00:00\" \/>\n<meta property=\"og:image\" content=\"https:\/\/www.reconoce.mx\/wp-content\/uploads\/2018\/04\/cupido-motorizado-1.jpg\" \/>\n\t<meta property=\"og:image:width\" content=\"590\" \/>\n\t<meta property=\"og:image:height\" content=\"380\" \/>\n\t<meta property=\"og:image:type\" content=\"image\/jpeg\" \/>\n<meta name=\"author\" content=\"Reconoce MX\" \/>\n<meta name=\"twitter:card\" content=\"summary_large_image\" \/>\n<meta name=\"twitter:creator\" content=\"@reconocemx\" \/>\n<meta name=\"twitter:site\" content=\"@reconocemx\" \/>\n<meta name=\"twitter:label1\" content=\"Escrito por\" \/>\n\t<meta name=\"twitter:data1\" content=\"Reconoce MX\" \/>\n\t<meta name=\"twitter:label2\" content=\"Tiempo de lectura\" \/>\n\t<meta name=\"twitter:data2\" content=\"7 minutos\" \/>\n<script type=\"application\/ld+json\" class=\"yoast-schema-graph\">{\"@context\":\"https:\/\/schema.org\",\"@graph\":[{\"@type\":\"Article\",\"@id\":\"https:\/\/www.reconoce.mx\/?p=72734#article\",\"isPartOf\":{\"@id\":\"https:\/\/www.reconoce.mx\/?p=72734\"},\"author\":{\"name\":\"Reconoce MX\",\"@id\":\"http:\/\/www.reconoce.mx\/#\/schema\/person\/2117e997d7051dc15d6880eaf9bca0b2\"},\"headline\":\"D\u00eda del ni\u00f1o sobre el \u00abvocho\u00bb m\u00e1s famoso del mundo\",\"datePublished\":\"2018-04-30T05:06:09+00:00\",\"dateModified\":\"2018-04-30T05:48:18+00:00\",\"mainEntityOfPage\":{\"@id\":\"https:\/\/www.reconoce.mx\/?p=72734\"},\"wordCount\":1340,\"commentCount\":0,\"publisher\":{\"@id\":\"http:\/\/www.reconoce.mx\/#organization\"},\"image\":{\"@id\":\"https:\/\/www.reconoce.mx\/?p=72734#primaryimage\"},\"thumbnailUrl\":\"https:\/\/www.reconoce.mx\/wp-content\/uploads\/2018\/04\/cupido-motorizado-1.jpg\",\"articleSection\":[\"Columnistas\",\"La ballesta de Mascatabaco\",\"Principal\"],\"inLanguage\":\"es\",\"potentialAction\":[{\"@type\":\"CommentAction\",\"name\":\"Comment\",\"target\":[\"https:\/\/www.reconoce.mx\/?p=72734#respond\"]}]},{\"@type\":\"WebPage\",\"@id\":\"https:\/\/www.reconoce.mx\/?p=72734\",\"url\":\"https:\/\/www.reconoce.mx\/?p=72734\",\"name\":\"D\u00eda del ni\u00f1o sobre el \\\"vocho\\\" m\u00e1s famoso del mundo &#171; Reconoce MX\",\"isPartOf\":{\"@id\":\"http:\/\/www.reconoce.mx\/#website\"},\"primaryImageOfPage\":{\"@id\":\"https:\/\/www.reconoce.mx\/?p=72734#primaryimage\"},\"image\":{\"@id\":\"https:\/\/www.reconoce.mx\/?p=72734#primaryimage\"},\"thumbnailUrl\":\"https:\/\/www.reconoce.mx\/wp-content\/uploads\/2018\/04\/cupido-motorizado-1.jpg\",\"datePublished\":\"2018-04-30T05:06:09+00:00\",\"dateModified\":\"2018-04-30T05:48:18+00:00\",\"breadcrumb\":{\"@id\":\"https:\/\/www.reconoce.mx\/?p=72734#breadcrumb\"},\"inLanguage\":\"es\",\"potentialAction\":[{\"@type\":\"ReadAction\",\"target\":[\"https:\/\/www.reconoce.mx\/?p=72734\"]}]},{\"@type\":\"ImageObject\",\"inLanguage\":\"es\",\"@id\":\"https:\/\/www.reconoce.mx\/?p=72734#primaryimage\",\"url\":\"https:\/\/www.reconoce.mx\/wp-content\/uploads\/2018\/04\/cupido-motorizado-1.jpg\",\"contentUrl\":\"https:\/\/www.reconoce.mx\/wp-content\/uploads\/2018\/04\/cupido-motorizado-1.jpg\",\"width\":590,\"height\":380},{\"@type\":\"BreadcrumbList\",\"@id\":\"https:\/\/www.reconoce.mx\/?p=72734#breadcrumb\",\"itemListElement\":[{\"@type\":\"ListItem\",\"position\":1,\"name\":\"Portada\",\"item\":\"http:\/\/www.reconoce.mx\/\"},{\"@type\":\"ListItem\",\"position\":2,\"name\":\"D\u00eda del ni\u00f1o sobre el \u00abvocho\u00bb m\u00e1s famoso del mundo\"}]},{\"@type\":\"WebSite\",\"@id\":\"http:\/\/www.reconoce.mx\/#website\",\"url\":\"http:\/\/www.reconoce.mx\/\",\"name\":\"Reconoce MX\",\"description\":\"En Reconoce MX difundimos arte, cultura y conciencia social en M\u00e9xico. Tu ciudad en otra perspectiva.\",\"publisher\":{\"@id\":\"http:\/\/www.reconoce.mx\/#organization\"},\"potentialAction\":[{\"@type\":\"SearchAction\",\"target\":{\"@type\":\"EntryPoint\",\"urlTemplate\":\"http:\/\/www.reconoce.mx\/?s={search_term_string}\"},\"query-input\":{\"@type\":\"PropertyValueSpecification\",\"valueRequired\":true,\"valueName\":\"search_term_string\"}}],\"inLanguage\":\"es\"},{\"@type\":\"Organization\",\"@id\":\"http:\/\/www.reconoce.mx\/#organization\",\"name\":\"Reconoce MX\",\"url\":\"http:\/\/www.reconoce.mx\/\",\"logo\":{\"@type\":\"ImageObject\",\"inLanguage\":\"es\",\"@id\":\"http:\/\/www.reconoce.mx\/#\/schema\/logo\/image\/\",\"url\":\"https:\/\/www.reconoce.mx\/wp-content\/uploads\/2019\/03\/logorcmx-good-1.png\",\"contentUrl\":\"https:\/\/www.reconoce.mx\/wp-content\/uploads\/2019\/03\/logorcmx-good-1.png\",\"width\":280,\"height\":90,\"caption\":\"Reconoce MX\"},\"image\":{\"@id\":\"http:\/\/www.reconoce.mx\/#\/schema\/logo\/image\/\"},\"sameAs\":[\"https:\/\/es-la.facebook.com\/ReconoceMX\/\",\"https:\/\/x.com\/reconocemx\",\"http:\/\/@reconocemx\"]},{\"@type\":\"Person\",\"@id\":\"http:\/\/www.reconoce.mx\/#\/schema\/person\/2117e997d7051dc15d6880eaf9bca0b2\",\"name\":\"Reconoce MX\",\"image\":{\"@type\":\"ImageObject\",\"inLanguage\":\"es\",\"@id\":\"http:\/\/www.reconoce.mx\/#\/schema\/person\/image\/\",\"url\":\"https:\/\/secure.gravatar.com\/avatar\/6c8d4dc7569ca1c90c5fdcc349f839d5ddef6fe1e70b4337ead2ef1a4c43fc3a?s=96&d=identicon&r=g\",\"contentUrl\":\"https:\/\/secure.gravatar.com\/avatar\/6c8d4dc7569ca1c90c5fdcc349f839d5ddef6fe1e70b4337ead2ef1a4c43fc3a?s=96&d=identicon&r=g\",\"caption\":\"Reconoce MX\"},\"description\":\"Reconoce MX es un proyecto de difusi\u00f3n art\u00edstica, cultural y de conciencia social que est\u00e1 enfocado a difundir y fomentar el entretenimiento alternativo de calidad para todo el p\u00fablico que comparta el mismo entusiasmo.\",\"sameAs\":[\"http:\/\/www.reconoce.mx\"],\"url\":\"https:\/\/www.reconoce.mx\/?author=2\"}]}<\/script>\n<!-- \/ Yoast SEO plugin. -->","yoast_head_json":{"title":"D\u00eda del ni\u00f1o sobre el \"vocho\" m\u00e1s famoso del mundo &#171; Reconoce MX","robots":{"index":"index","follow":"follow","max-snippet":"max-snippet:-1","max-image-preview":"max-image-preview:large","max-video-preview":"max-video-preview:-1"},"canonical":"https:\/\/www.reconoce.mx\/?p=72734","og_locale":"es_ES","og_type":"article","og_title":"D\u00eda del ni\u00f1o sobre el \"vocho\" m\u00e1s famoso del mundo &#171; Reconoce MX","og_description":"\u00a1Feliz d\u00eda del ni\u00f1o! S\u00ed, a\u00fan y cuando hemos dejado de ser f\u00edsicamente ya unos infantes, siempre que mantengamos la actitud nunca dejaremos de ser ni\u00f1os. Ser ni\u00f1os para un servidor significa nunca perder la alegr\u00eda de vivir: porque cuando uno es ni\u00f1o todo le asombra, todo le fascina, todo lo entusiasma.","og_url":"https:\/\/www.reconoce.mx\/?p=72734","og_site_name":"Reconoce MX","article_publisher":"https:\/\/es-la.facebook.com\/ReconoceMX\/","article_published_time":"2018-04-30T05:06:09+00:00","article_modified_time":"2018-04-30T05:48:18+00:00","og_image":[{"width":590,"height":380,"url":"https:\/\/www.reconoce.mx\/wp-content\/uploads\/2018\/04\/cupido-motorizado-1.jpg","type":"image\/jpeg"}],"author":"Reconoce MX","twitter_card":"summary_large_image","twitter_creator":"@reconocemx","twitter_site":"@reconocemx","twitter_misc":{"Escrito por":"Reconoce MX","Tiempo de lectura":"7 minutos"},"schema":{"@context":"https:\/\/schema.org","@graph":[{"@type":"Article","@id":"https:\/\/www.reconoce.mx\/?p=72734#article","isPartOf":{"@id":"https:\/\/www.reconoce.mx\/?p=72734"},"author":{"name":"Reconoce MX","@id":"http:\/\/www.reconoce.mx\/#\/schema\/person\/2117e997d7051dc15d6880eaf9bca0b2"},"headline":"D\u00eda del ni\u00f1o sobre el \u00abvocho\u00bb m\u00e1s famoso del mundo","datePublished":"2018-04-30T05:06:09+00:00","dateModified":"2018-04-30T05:48:18+00:00","mainEntityOfPage":{"@id":"https:\/\/www.reconoce.mx\/?p=72734"},"wordCount":1340,"commentCount":0,"publisher":{"@id":"http:\/\/www.reconoce.mx\/#organization"},"image":{"@id":"https:\/\/www.reconoce.mx\/?p=72734#primaryimage"},"thumbnailUrl":"https:\/\/www.reconoce.mx\/wp-content\/uploads\/2018\/04\/cupido-motorizado-1.jpg","articleSection":["Columnistas","La ballesta de Mascatabaco","Principal"],"inLanguage":"es","potentialAction":[{"@type":"CommentAction","name":"Comment","target":["https:\/\/www.reconoce.mx\/?p=72734#respond"]}]},{"@type":"WebPage","@id":"https:\/\/www.reconoce.mx\/?p=72734","url":"https:\/\/www.reconoce.mx\/?p=72734","name":"D\u00eda del ni\u00f1o sobre el \"vocho\" m\u00e1s famoso del mundo &#171; Reconoce MX","isPartOf":{"@id":"http:\/\/www.reconoce.mx\/#website"},"primaryImageOfPage":{"@id":"https:\/\/www.reconoce.mx\/?p=72734#primaryimage"},"image":{"@id":"https:\/\/www.reconoce.mx\/?p=72734#primaryimage"},"thumbnailUrl":"https:\/\/www.reconoce.mx\/wp-content\/uploads\/2018\/04\/cupido-motorizado-1.jpg","datePublished":"2018-04-30T05:06:09+00:00","dateModified":"2018-04-30T05:48:18+00:00","breadcrumb":{"@id":"https:\/\/www.reconoce.mx\/?p=72734#breadcrumb"},"inLanguage":"es","potentialAction":[{"@type":"ReadAction","target":["https:\/\/www.reconoce.mx\/?p=72734"]}]},{"@type":"ImageObject","inLanguage":"es","@id":"https:\/\/www.reconoce.mx\/?p=72734#primaryimage","url":"https:\/\/www.reconoce.mx\/wp-content\/uploads\/2018\/04\/cupido-motorizado-1.jpg","contentUrl":"https:\/\/www.reconoce.mx\/wp-content\/uploads\/2018\/04\/cupido-motorizado-1.jpg","width":590,"height":380},{"@type":"BreadcrumbList","@id":"https:\/\/www.reconoce.mx\/?p=72734#breadcrumb","itemListElement":[{"@type":"ListItem","position":1,"name":"Portada","item":"http:\/\/www.reconoce.mx\/"},{"@type":"ListItem","position":2,"name":"D\u00eda del ni\u00f1o sobre el \u00abvocho\u00bb m\u00e1s famoso del mundo"}]},{"@type":"WebSite","@id":"http:\/\/www.reconoce.mx\/#website","url":"http:\/\/www.reconoce.mx\/","name":"Reconoce MX","description":"En Reconoce MX difundimos arte, cultura y conciencia social en M\u00e9xico. Tu ciudad en otra perspectiva.","publisher":{"@id":"http:\/\/www.reconoce.mx\/#organization"},"potentialAction":[{"@type":"SearchAction","target":{"@type":"EntryPoint","urlTemplate":"http:\/\/www.reconoce.mx\/?s={search_term_string}"},"query-input":{"@type":"PropertyValueSpecification","valueRequired":true,"valueName":"search_term_string"}}],"inLanguage":"es"},{"@type":"Organization","@id":"http:\/\/www.reconoce.mx\/#organization","name":"Reconoce MX","url":"http:\/\/www.reconoce.mx\/","logo":{"@type":"ImageObject","inLanguage":"es","@id":"http:\/\/www.reconoce.mx\/#\/schema\/logo\/image\/","url":"https:\/\/www.reconoce.mx\/wp-content\/uploads\/2019\/03\/logorcmx-good-1.png","contentUrl":"https:\/\/www.reconoce.mx\/wp-content\/uploads\/2019\/03\/logorcmx-good-1.png","width":280,"height":90,"caption":"Reconoce MX"},"image":{"@id":"http:\/\/www.reconoce.mx\/#\/schema\/logo\/image\/"},"sameAs":["https:\/\/es-la.facebook.com\/ReconoceMX\/","https:\/\/x.com\/reconocemx","http:\/\/@reconocemx"]},{"@type":"Person","@id":"http:\/\/www.reconoce.mx\/#\/schema\/person\/2117e997d7051dc15d6880eaf9bca0b2","name":"Reconoce MX","image":{"@type":"ImageObject","inLanguage":"es","@id":"http:\/\/www.reconoce.mx\/#\/schema\/person\/image\/","url":"https:\/\/secure.gravatar.com\/avatar\/6c8d4dc7569ca1c90c5fdcc349f839d5ddef6fe1e70b4337ead2ef1a4c43fc3a?s=96&d=identicon&r=g","contentUrl":"https:\/\/secure.gravatar.com\/avatar\/6c8d4dc7569ca1c90c5fdcc349f839d5ddef6fe1e70b4337ead2ef1a4c43fc3a?s=96&d=identicon&r=g","caption":"Reconoce MX"},"description":"Reconoce MX es un proyecto de difusi\u00f3n art\u00edstica, cultural y de conciencia social que est\u00e1 enfocado a difundir y fomentar el entretenimiento alternativo de calidad para todo el p\u00fablico que comparta el mismo entusiasmo.","sameAs":["http:\/\/www.reconoce.mx"],"url":"https:\/\/www.reconoce.mx\/?author=2"}]}},"_links":{"self":[{"href":"https:\/\/www.reconoce.mx\/index.php?rest_route=\/wp\/v2\/posts\/72734","targetHints":{"allow":["GET"]}}],"collection":[{"href":"https:\/\/www.reconoce.mx\/index.php?rest_route=\/wp\/v2\/posts"}],"about":[{"href":"https:\/\/www.reconoce.mx\/index.php?rest_route=\/wp\/v2\/types\/post"}],"author":[{"embeddable":true,"href":"https:\/\/www.reconoce.mx\/index.php?rest_route=\/wp\/v2\/users\/2"}],"replies":[{"embeddable":true,"href":"https:\/\/www.reconoce.mx\/index.php?rest_route=%2Fwp%2Fv2%2Fcomments&post=72734"}],"version-history":[{"count":2,"href":"https:\/\/www.reconoce.mx\/index.php?rest_route=\/wp\/v2\/posts\/72734\/revisions"}],"predecessor-version":[{"id":72740,"href":"https:\/\/www.reconoce.mx\/index.php?rest_route=\/wp\/v2\/posts\/72734\/revisions\/72740"}],"wp:featuredmedia":[{"embeddable":true,"href":"https:\/\/www.reconoce.mx\/index.php?rest_route=\/wp\/v2\/media\/72736"}],"wp:attachment":[{"href":"https:\/\/www.reconoce.mx\/index.php?rest_route=%2Fwp%2Fv2%2Fmedia&parent=72734"}],"wp:term":[{"taxonomy":"category","embeddable":true,"href":"https:\/\/www.reconoce.mx\/index.php?rest_route=%2Fwp%2Fv2%2Fcategories&post=72734"},{"taxonomy":"post_tag","embeddable":true,"href":"https:\/\/www.reconoce.mx\/index.php?rest_route=%2Fwp%2Fv2%2Ftags&post=72734"}],"curies":[{"name":"wp","href":"https:\/\/api.w.org\/{rel}","templated":true}]}}