{"id":72741,"date":"2018-04-30T00:04:45","date_gmt":"2018-04-30T05:04:45","guid":{"rendered":"http:\/\/www.reconoce.mx\/?p=72741"},"modified":"2018-04-30T01:14:14","modified_gmt":"2018-04-30T06:14:14","slug":"el-gran-circo-del-egocentrismo-politico","status":"publish","type":"post","link":"https:\/\/www.reconoce.mx\/?p=72741","title":{"rendered":"El gran circo del egocentrismo pol\u00edtico"},"content":{"rendered":"<p><strong>Por <a title=\"@danielhiga_al\" href=\"https:\/\/twitter.com\/danielhiga_al\" target=\"_blank\" rel=\"noopener noreferrer\">Daniel Higa Alquicira<\/a><\/strong>.<\/p>\n<p>Cuando en las campa\u00f1as pol\u00edticas se habla de un debate entre candidatos, todo puede pasar menos una exposici\u00f3n clara de ideas y propuestas. Y el debate presidencial no fue la excepci\u00f3n. En la configuraci\u00f3n mental de que a los ciudadanos nos gustan los esc\u00e1ndalos y que disfrutamos de los linchamientos medi\u00e1ticos, lo que sobraron fueron acusaciones y lo que faltaron fueron planes de gobierno.<\/p>\n<p><a href=\"http:\/\/www.reconoce.mx\/wp-content\/uploads\/2018\/04\/debate-presidencial-1-2018-2.jpg\"><img loading=\"lazy\" decoding=\"async\" class=\"aligncenter size-full wp-image-72744\" src=\"http:\/\/www.reconoce.mx\/wp-content\/uploads\/2018\/04\/debate-presidencial-1-2018-2.jpg\" alt=\"\" width=\"590\" height=\"380\" srcset=\"https:\/\/www.reconoce.mx\/wp-content\/uploads\/2018\/04\/debate-presidencial-1-2018-2.jpg 590w, https:\/\/www.reconoce.mx\/wp-content\/uploads\/2018\/04\/debate-presidencial-1-2018-2-300x193.jpg 300w, https:\/\/www.reconoce.mx\/wp-content\/uploads\/2018\/04\/debate-presidencial-1-2018-2-150x97.jpg 150w\" sizes=\"auto, (max-width: 590px) 100vw, 590px\" \/><\/a><\/p>\n<p>Y digo que es el gran circo del egocentrismo pol\u00edtico, porque todos los candidatos hablan como si solo de ellos dependiera implementar tal o cual \u201cestrategia\u201d o los cambios que necesita el pa\u00eds, basados en su idea m\u00e1gica de que la figura presidencial lo puede todo.<\/p>\n<p>Pero algo muy grave qued\u00f3 expuesto en este ejercicio medi\u00e1tico y fue el hecho de que la sociedad est\u00e1 excluida de un ejercicio real de gobierno y de poder. Ellos son los que idean las propuestas, los que las ejecutan, los que cosechan los resultados \u2013siempre y cuando sean buenos\u2013 y los que se acusan de corruptos o \u201cfaltos a la verdad\u201d.<\/p>\n<p>Adem\u00e1s, hay un juego muy perverso que parece ser la herencia del presidencialismo pri\u00edsta en donde no hab\u00eda personaje m\u00e1s poderoso, que aquel que fuera inquilino de Los Pinos.<\/p>\n<p>Todos los dem\u00e1s poderes quedaban sujetos a sus mandamientos y cuando se supone que las cosas han cambiado, casi todos los candidatos piensan que solo por usar la banda presidencial, el mundo caer\u00e1 rendido a sus pies.<\/p>\n<p>Y lo peor es que todos formaron parte en alg\u00fan momento del gobierno en turno. Todos son culpables del desastre en que se ha convertido el pa\u00eds y ahora los cuatros, se dicen los salvadores de la patria; los que rescatar\u00e1n a M\u00e9xico de la situaci\u00f3n tan grave en la que estamos.<\/p>\n<p>Nadie reconoce errores, ninguno asume responsabilidades y en una muestra de inmadurez pol\u00edtica y emocional, siempre son los otros lo que tienen la culpa.<\/p>\n<p>\u201cYo siempre act\u00fae bien y de acuerdo a mis principios\u201d, es la frase m\u00e1s usada en el escenario del poder, algo equiparable a lo que dicen los futbolistas cuando justifican las derrotas con la cl\u00e1sica: \u201cas\u00ed es el f\u00fatbol\u201d.<\/p>\n<p>Hablar en particular de lo que dijeron los candidatos me parece un ejercicio que otros ya han hecho y para m\u00ed, es una p\u00e9rdida de tiempo porque son como di\u00e1logos de los antagonistas de una telenovela; donde los buenos deben triunfar y los malos deben ser castigados.<\/p>\n<p>\u00bfY d\u00f3nde quedaron los 43 desaparecidos de Ayotzinapa; ahora los estudiantes de cine de Guadalajara; los cientos de miles de desplazados; los miles de desaparecidos\u2026? \u00bfQu\u00e9 piensan hacer para regresarnos la tranquilidad para andar en las calles\u2026?<\/p>\n<p>Ahora no s\u00e9 si en realidad los debates son \u00fatiles, provechosos e incluso, necesarios. Lo \u00fanico que medianamente rescato es el formato, que fue m\u00e1s \u00e1gil, menos acartonado y con una intenci\u00f3n \u2013poco cre\u00edble, eso s\u00ed\u2013 de incomodar a los candidatos.<\/p>\n<p>Los expertos dicen que incluso para los contrincantes de <strong>AMLO<\/strong> esto fue poco provechoso, ya que no perder\u00e1 la ventaja que le dan las encuestas.<\/p>\n<p>Algunos ya hablan de que todos se preparan para su eventual triunfo y en ese \u00e1mbito de las percepciones, todos salieron perdiendo, a pesar de los esfuerzos por asumir papeles claramente acartonados con lo que pretendieron conquistar las c\u00e1maras.<\/p>\n<p>Muy pocas ideas claras, casi nada de propuestas precisas, muchos ataques como en un discusi\u00f3n familiar y podr\u00e1 ser que algunos indecisos tomen postura luego del debate, pero ve muy poco probable que se revierta la tendencia con la que llegaron; sobre todo, porque la mayor\u00eda est\u00e1 decepcionada y harta de los juegos pol\u00edticos y de poder.<\/p>\n<style>.embed-container { position: relative; padding-bottom: 56.25%; height: 0; overflow: hidden; max-width: 100%; } .embed-container iframe, .embed-container object, .embed-container embed { position: absolute; top: 0; left: 0; width: 100%; height: 100%; }<\/style>\n<div class='embed-container'><iframe src='https:\/\/www.youtube.com\/embed\/adrQcRwqwwk' frameborder='0' allowfullscreen><\/iframe><\/div>\n<p>&nbsp;<\/p>\n<p>Pero el sistema funciona a la perfecci\u00f3n y cuando se esperaba una aparici\u00f3n hist\u00f3rica de candidatos independientes, salen Margarita y el Bronco como un mal chiste en medio de un velorio nada m\u00e1s para entristecer m\u00e1s el ambiente.<\/p>\n<p>Esta es la democracia electoral que tenemos\u2026<\/p>\n<p style=\"text-align: right;\">Im\u00e1genes tomadas del sitio web del candidato presidencial <strong>Andr\u00e9s Manuel L\u00f3pez Obrador<\/strong>.<\/p>\n<p>&nbsp;<\/p>\n<p>&nbsp;<\/p>\n","protected":false},"excerpt":{"rendered":"<p>Cuando en las campa\u00f1as pol\u00edticas se habla de un debate entre candidatos, todo puede pasar menos una exposici\u00f3n clara de ideas y propuestas. Y el debate presidencial no fue la excepci\u00f3n. <\/p>\n","protected":false},"author":2,"featured_media":72743,"comment_status":"open","ping_status":"open","sticky":false,"template":"","format":"standard","meta":{"footnotes":""},"categories":[43,169,17],"tags":[],"class_list":["post-72741","post","type-post","status-publish","format-standard","has-post-thumbnail","hentry","category-conciencia","category-politica-entorno","category-principal"],"yoast_head":"<!-- This site is optimized with the Yoast SEO plugin v24.7 - https:\/\/yoast.com\/wordpress\/plugins\/seo\/ -->\n<title>El gran circo del egocentrismo pol\u00edtico &#171; Reconoce MX<\/title>\n<meta name=\"robots\" content=\"index, follow, max-snippet:-1, max-image-preview:large, max-video-preview:-1\" \/>\n<link rel=\"canonical\" href=\"https:\/\/www.reconoce.mx\/?p=72741\" \/>\n<meta property=\"og:locale\" content=\"es_ES\" \/>\n<meta property=\"og:type\" content=\"article\" \/>\n<meta property=\"og:title\" content=\"El gran circo del egocentrismo pol\u00edtico &#171; Reconoce MX\" \/>\n<meta property=\"og:description\" content=\"Cuando en las campa\u00f1as pol\u00edticas se habla de un debate entre candidatos, todo puede pasar menos una exposici\u00f3n clara de ideas y propuestas. Y el debate presidencial no fue la excepci\u00f3n.\" \/>\n<meta property=\"og:url\" content=\"https:\/\/www.reconoce.mx\/?p=72741\" \/>\n<meta property=\"og:site_name\" content=\"Reconoce MX\" \/>\n<meta property=\"article:publisher\" content=\"https:\/\/es-la.facebook.com\/ReconoceMX\/\" \/>\n<meta property=\"article:published_time\" content=\"2018-04-30T05:04:45+00:00\" \/>\n<meta property=\"article:modified_time\" content=\"2018-04-30T06:14:14+00:00\" \/>\n<meta property=\"og:image\" content=\"https:\/\/www.reconoce.mx\/wp-content\/uploads\/2018\/04\/debate-presidencial-1-2018-1.jpg\" \/>\n\t<meta property=\"og:image:width\" content=\"590\" \/>\n\t<meta property=\"og:image:height\" content=\"380\" \/>\n\t<meta property=\"og:image:type\" content=\"image\/jpeg\" \/>\n<meta name=\"author\" content=\"Reconoce MX\" \/>\n<meta name=\"twitter:card\" content=\"summary_large_image\" \/>\n<meta name=\"twitter:creator\" content=\"@reconocemx\" \/>\n<meta name=\"twitter:site\" content=\"@reconocemx\" \/>\n<meta name=\"twitter:label1\" content=\"Escrito por\" \/>\n\t<meta name=\"twitter:data1\" content=\"Reconoce MX\" \/>\n\t<meta name=\"twitter:label2\" content=\"Tiempo de lectura\" \/>\n\t<meta name=\"twitter:data2\" content=\"4 minutos\" \/>\n<script type=\"application\/ld+json\" class=\"yoast-schema-graph\">{\"@context\":\"https:\/\/schema.org\",\"@graph\":[{\"@type\":\"Article\",\"@id\":\"https:\/\/www.reconoce.mx\/?p=72741#article\",\"isPartOf\":{\"@id\":\"https:\/\/www.reconoce.mx\/?p=72741\"},\"author\":{\"name\":\"Reconoce MX\",\"@id\":\"http:\/\/www.reconoce.mx\/#\/schema\/person\/2117e997d7051dc15d6880eaf9bca0b2\"},\"headline\":\"El gran circo del egocentrismo pol\u00edtico\",\"datePublished\":\"2018-04-30T05:04:45+00:00\",\"dateModified\":\"2018-04-30T06:14:14+00:00\",\"mainEntityOfPage\":{\"@id\":\"https:\/\/www.reconoce.mx\/?p=72741\"},\"wordCount\":713,\"commentCount\":0,\"publisher\":{\"@id\":\"http:\/\/www.reconoce.mx\/#organization\"},\"image\":{\"@id\":\"https:\/\/www.reconoce.mx\/?p=72741#primaryimage\"},\"thumbnailUrl\":\"https:\/\/www.reconoce.mx\/wp-content\/uploads\/2018\/04\/debate-presidencial-1-2018-1.jpg\",\"articleSection\":[\"Conciencia\",\"Pol\u00edtica\",\"Principal\"],\"inLanguage\":\"es\",\"potentialAction\":[{\"@type\":\"CommentAction\",\"name\":\"Comment\",\"target\":[\"https:\/\/www.reconoce.mx\/?p=72741#respond\"]}]},{\"@type\":\"WebPage\",\"@id\":\"https:\/\/www.reconoce.mx\/?p=72741\",\"url\":\"https:\/\/www.reconoce.mx\/?p=72741\",\"name\":\"El gran circo del egocentrismo pol\u00edtico &#171; Reconoce MX\",\"isPartOf\":{\"@id\":\"http:\/\/www.reconoce.mx\/#website\"},\"primaryImageOfPage\":{\"@id\":\"https:\/\/www.reconoce.mx\/?p=72741#primaryimage\"},\"image\":{\"@id\":\"https:\/\/www.reconoce.mx\/?p=72741#primaryimage\"},\"thumbnailUrl\":\"https:\/\/www.reconoce.mx\/wp-content\/uploads\/2018\/04\/debate-presidencial-1-2018-1.jpg\",\"datePublished\":\"2018-04-30T05:04:45+00:00\",\"dateModified\":\"2018-04-30T06:14:14+00:00\",\"breadcrumb\":{\"@id\":\"https:\/\/www.reconoce.mx\/?p=72741#breadcrumb\"},\"inLanguage\":\"es\",\"potentialAction\":[{\"@type\":\"ReadAction\",\"target\":[\"https:\/\/www.reconoce.mx\/?p=72741\"]}]},{\"@type\":\"ImageObject\",\"inLanguage\":\"es\",\"@id\":\"https:\/\/www.reconoce.mx\/?p=72741#primaryimage\",\"url\":\"https:\/\/www.reconoce.mx\/wp-content\/uploads\/2018\/04\/debate-presidencial-1-2018-1.jpg\",\"contentUrl\":\"https:\/\/www.reconoce.mx\/wp-content\/uploads\/2018\/04\/debate-presidencial-1-2018-1.jpg\",\"width\":590,\"height\":380},{\"@type\":\"BreadcrumbList\",\"@id\":\"https:\/\/www.reconoce.mx\/?p=72741#breadcrumb\",\"itemListElement\":[{\"@type\":\"ListItem\",\"position\":1,\"name\":\"Portada\",\"item\":\"http:\/\/www.reconoce.mx\/\"},{\"@type\":\"ListItem\",\"position\":2,\"name\":\"El gran circo del egocentrismo pol\u00edtico\"}]},{\"@type\":\"WebSite\",\"@id\":\"http:\/\/www.reconoce.mx\/#website\",\"url\":\"http:\/\/www.reconoce.mx\/\",\"name\":\"Reconoce MX\",\"description\":\"En Reconoce MX difundimos arte, cultura y conciencia social en M\u00e9xico. Tu ciudad en otra perspectiva.\",\"publisher\":{\"@id\":\"http:\/\/www.reconoce.mx\/#organization\"},\"potentialAction\":[{\"@type\":\"SearchAction\",\"target\":{\"@type\":\"EntryPoint\",\"urlTemplate\":\"http:\/\/www.reconoce.mx\/?s={search_term_string}\"},\"query-input\":{\"@type\":\"PropertyValueSpecification\",\"valueRequired\":true,\"valueName\":\"search_term_string\"}}],\"inLanguage\":\"es\"},{\"@type\":\"Organization\",\"@id\":\"http:\/\/www.reconoce.mx\/#organization\",\"name\":\"Reconoce MX\",\"url\":\"http:\/\/www.reconoce.mx\/\",\"logo\":{\"@type\":\"ImageObject\",\"inLanguage\":\"es\",\"@id\":\"http:\/\/www.reconoce.mx\/#\/schema\/logo\/image\/\",\"url\":\"https:\/\/www.reconoce.mx\/wp-content\/uploads\/2019\/03\/logorcmx-good-1.png\",\"contentUrl\":\"https:\/\/www.reconoce.mx\/wp-content\/uploads\/2019\/03\/logorcmx-good-1.png\",\"width\":280,\"height\":90,\"caption\":\"Reconoce MX\"},\"image\":{\"@id\":\"http:\/\/www.reconoce.mx\/#\/schema\/logo\/image\/\"},\"sameAs\":[\"https:\/\/es-la.facebook.com\/ReconoceMX\/\",\"https:\/\/x.com\/reconocemx\",\"http:\/\/@reconocemx\"]},{\"@type\":\"Person\",\"@id\":\"http:\/\/www.reconoce.mx\/#\/schema\/person\/2117e997d7051dc15d6880eaf9bca0b2\",\"name\":\"Reconoce MX\",\"image\":{\"@type\":\"ImageObject\",\"inLanguage\":\"es\",\"@id\":\"http:\/\/www.reconoce.mx\/#\/schema\/person\/image\/\",\"url\":\"https:\/\/secure.gravatar.com\/avatar\/6c8d4dc7569ca1c90c5fdcc349f839d5ddef6fe1e70b4337ead2ef1a4c43fc3a?s=96&d=identicon&r=g\",\"contentUrl\":\"https:\/\/secure.gravatar.com\/avatar\/6c8d4dc7569ca1c90c5fdcc349f839d5ddef6fe1e70b4337ead2ef1a4c43fc3a?s=96&d=identicon&r=g\",\"caption\":\"Reconoce MX\"},\"description\":\"Reconoce MX es un proyecto de difusi\u00f3n art\u00edstica, cultural y de conciencia social que est\u00e1 enfocado a difundir y fomentar el entretenimiento alternativo de calidad para todo el p\u00fablico que comparta el mismo entusiasmo.\",\"sameAs\":[\"http:\/\/www.reconoce.mx\"],\"url\":\"https:\/\/www.reconoce.mx\/?author=2\"}]}<\/script>\n<!-- \/ Yoast SEO plugin. -->","yoast_head_json":{"title":"El gran circo del egocentrismo pol\u00edtico &#171; Reconoce MX","robots":{"index":"index","follow":"follow","max-snippet":"max-snippet:-1","max-image-preview":"max-image-preview:large","max-video-preview":"max-video-preview:-1"},"canonical":"https:\/\/www.reconoce.mx\/?p=72741","og_locale":"es_ES","og_type":"article","og_title":"El gran circo del egocentrismo pol\u00edtico &#171; Reconoce MX","og_description":"Cuando en las campa\u00f1as pol\u00edticas se habla de un debate entre candidatos, todo puede pasar menos una exposici\u00f3n clara de ideas y propuestas. Y el debate presidencial no fue la excepci\u00f3n.","og_url":"https:\/\/www.reconoce.mx\/?p=72741","og_site_name":"Reconoce MX","article_publisher":"https:\/\/es-la.facebook.com\/ReconoceMX\/","article_published_time":"2018-04-30T05:04:45+00:00","article_modified_time":"2018-04-30T06:14:14+00:00","og_image":[{"width":590,"height":380,"url":"https:\/\/www.reconoce.mx\/wp-content\/uploads\/2018\/04\/debate-presidencial-1-2018-1.jpg","type":"image\/jpeg"}],"author":"Reconoce MX","twitter_card":"summary_large_image","twitter_creator":"@reconocemx","twitter_site":"@reconocemx","twitter_misc":{"Escrito por":"Reconoce MX","Tiempo de lectura":"4 minutos"},"schema":{"@context":"https:\/\/schema.org","@graph":[{"@type":"Article","@id":"https:\/\/www.reconoce.mx\/?p=72741#article","isPartOf":{"@id":"https:\/\/www.reconoce.mx\/?p=72741"},"author":{"name":"Reconoce MX","@id":"http:\/\/www.reconoce.mx\/#\/schema\/person\/2117e997d7051dc15d6880eaf9bca0b2"},"headline":"El gran circo del egocentrismo pol\u00edtico","datePublished":"2018-04-30T05:04:45+00:00","dateModified":"2018-04-30T06:14:14+00:00","mainEntityOfPage":{"@id":"https:\/\/www.reconoce.mx\/?p=72741"},"wordCount":713,"commentCount":0,"publisher":{"@id":"http:\/\/www.reconoce.mx\/#organization"},"image":{"@id":"https:\/\/www.reconoce.mx\/?p=72741#primaryimage"},"thumbnailUrl":"https:\/\/www.reconoce.mx\/wp-content\/uploads\/2018\/04\/debate-presidencial-1-2018-1.jpg","articleSection":["Conciencia","Pol\u00edtica","Principal"],"inLanguage":"es","potentialAction":[{"@type":"CommentAction","name":"Comment","target":["https:\/\/www.reconoce.mx\/?p=72741#respond"]}]},{"@type":"WebPage","@id":"https:\/\/www.reconoce.mx\/?p=72741","url":"https:\/\/www.reconoce.mx\/?p=72741","name":"El gran circo del egocentrismo pol\u00edtico &#171; Reconoce MX","isPartOf":{"@id":"http:\/\/www.reconoce.mx\/#website"},"primaryImageOfPage":{"@id":"https:\/\/www.reconoce.mx\/?p=72741#primaryimage"},"image":{"@id":"https:\/\/www.reconoce.mx\/?p=72741#primaryimage"},"thumbnailUrl":"https:\/\/www.reconoce.mx\/wp-content\/uploads\/2018\/04\/debate-presidencial-1-2018-1.jpg","datePublished":"2018-04-30T05:04:45+00:00","dateModified":"2018-04-30T06:14:14+00:00","breadcrumb":{"@id":"https:\/\/www.reconoce.mx\/?p=72741#breadcrumb"},"inLanguage":"es","potentialAction":[{"@type":"ReadAction","target":["https:\/\/www.reconoce.mx\/?p=72741"]}]},{"@type":"ImageObject","inLanguage":"es","@id":"https:\/\/www.reconoce.mx\/?p=72741#primaryimage","url":"https:\/\/www.reconoce.mx\/wp-content\/uploads\/2018\/04\/debate-presidencial-1-2018-1.jpg","contentUrl":"https:\/\/www.reconoce.mx\/wp-content\/uploads\/2018\/04\/debate-presidencial-1-2018-1.jpg","width":590,"height":380},{"@type":"BreadcrumbList","@id":"https:\/\/www.reconoce.mx\/?p=72741#breadcrumb","itemListElement":[{"@type":"ListItem","position":1,"name":"Portada","item":"http:\/\/www.reconoce.mx\/"},{"@type":"ListItem","position":2,"name":"El gran circo del egocentrismo pol\u00edtico"}]},{"@type":"WebSite","@id":"http:\/\/www.reconoce.mx\/#website","url":"http:\/\/www.reconoce.mx\/","name":"Reconoce MX","description":"En Reconoce MX difundimos arte, cultura y conciencia social en M\u00e9xico. Tu ciudad en otra perspectiva.","publisher":{"@id":"http:\/\/www.reconoce.mx\/#organization"},"potentialAction":[{"@type":"SearchAction","target":{"@type":"EntryPoint","urlTemplate":"http:\/\/www.reconoce.mx\/?s={search_term_string}"},"query-input":{"@type":"PropertyValueSpecification","valueRequired":true,"valueName":"search_term_string"}}],"inLanguage":"es"},{"@type":"Organization","@id":"http:\/\/www.reconoce.mx\/#organization","name":"Reconoce MX","url":"http:\/\/www.reconoce.mx\/","logo":{"@type":"ImageObject","inLanguage":"es","@id":"http:\/\/www.reconoce.mx\/#\/schema\/logo\/image\/","url":"https:\/\/www.reconoce.mx\/wp-content\/uploads\/2019\/03\/logorcmx-good-1.png","contentUrl":"https:\/\/www.reconoce.mx\/wp-content\/uploads\/2019\/03\/logorcmx-good-1.png","width":280,"height":90,"caption":"Reconoce MX"},"image":{"@id":"http:\/\/www.reconoce.mx\/#\/schema\/logo\/image\/"},"sameAs":["https:\/\/es-la.facebook.com\/ReconoceMX\/","https:\/\/x.com\/reconocemx","http:\/\/@reconocemx"]},{"@type":"Person","@id":"http:\/\/www.reconoce.mx\/#\/schema\/person\/2117e997d7051dc15d6880eaf9bca0b2","name":"Reconoce MX","image":{"@type":"ImageObject","inLanguage":"es","@id":"http:\/\/www.reconoce.mx\/#\/schema\/person\/image\/","url":"https:\/\/secure.gravatar.com\/avatar\/6c8d4dc7569ca1c90c5fdcc349f839d5ddef6fe1e70b4337ead2ef1a4c43fc3a?s=96&d=identicon&r=g","contentUrl":"https:\/\/secure.gravatar.com\/avatar\/6c8d4dc7569ca1c90c5fdcc349f839d5ddef6fe1e70b4337ead2ef1a4c43fc3a?s=96&d=identicon&r=g","caption":"Reconoce MX"},"description":"Reconoce MX es un proyecto de difusi\u00f3n art\u00edstica, cultural y de conciencia social que est\u00e1 enfocado a difundir y fomentar el entretenimiento alternativo de calidad para todo el p\u00fablico que comparta el mismo entusiasmo.","sameAs":["http:\/\/www.reconoce.mx"],"url":"https:\/\/www.reconoce.mx\/?author=2"}]}},"_links":{"self":[{"href":"https:\/\/www.reconoce.mx\/index.php?rest_route=\/wp\/v2\/posts\/72741","targetHints":{"allow":["GET"]}}],"collection":[{"href":"https:\/\/www.reconoce.mx\/index.php?rest_route=\/wp\/v2\/posts"}],"about":[{"href":"https:\/\/www.reconoce.mx\/index.php?rest_route=\/wp\/v2\/types\/post"}],"author":[{"embeddable":true,"href":"https:\/\/www.reconoce.mx\/index.php?rest_route=\/wp\/v2\/users\/2"}],"replies":[{"embeddable":true,"href":"https:\/\/www.reconoce.mx\/index.php?rest_route=%2Fwp%2Fv2%2Fcomments&post=72741"}],"version-history":[{"count":2,"href":"https:\/\/www.reconoce.mx\/index.php?rest_route=\/wp\/v2\/posts\/72741\/revisions"}],"predecessor-version":[{"id":72745,"href":"https:\/\/www.reconoce.mx\/index.php?rest_route=\/wp\/v2\/posts\/72741\/revisions\/72745"}],"wp:featuredmedia":[{"embeddable":true,"href":"https:\/\/www.reconoce.mx\/index.php?rest_route=\/wp\/v2\/media\/72743"}],"wp:attachment":[{"href":"https:\/\/www.reconoce.mx\/index.php?rest_route=%2Fwp%2Fv2%2Fmedia&parent=72741"}],"wp:term":[{"taxonomy":"category","embeddable":true,"href":"https:\/\/www.reconoce.mx\/index.php?rest_route=%2Fwp%2Fv2%2Fcategories&post=72741"},{"taxonomy":"post_tag","embeddable":true,"href":"https:\/\/www.reconoce.mx\/index.php?rest_route=%2Fwp%2Fv2%2Ftags&post=72741"}],"curies":[{"name":"wp","href":"https:\/\/api.w.org\/{rel}","templated":true}]}}