{"id":72807,"date":"2018-05-01T00:06:21","date_gmt":"2018-05-01T05:06:21","guid":{"rendered":"http:\/\/www.reconoce.mx\/?p=72807"},"modified":"2018-05-01T09:39:33","modified_gmt":"2018-05-01T14:39:33","slug":"ambulante2018-hasta-los-dientes","status":"publish","type":"post","link":"https:\/\/www.reconoce.mx\/?p=72807","title":{"rendered":"#Ambulante2018: \u00abHasta los dientes\u00bb"},"content":{"rendered":"<p><strong>Por <a title=\"@AsfaltosTweets\" href=\"http:\/\/twitter.com\/AsfaltosTweets\" target=\"_blank\" rel=\"noopener noreferrer\">Asfaltos<\/a><\/strong>.<\/p>\n<p>Tras su paso por los estados de Oaxaca, Veracruz, Michoac\u00e1n, Puebla, Jalisco, Quer\u00e9taro y Chihuahua, la <strong>Gira de Documentales Ambulante<\/strong> aterrizar\u00e1 finalmente en Ciudad de M\u00e9xico como bocanada de aire fresco para quienes buscan algo distinto en las pantallas de cine comercial. Documentales de diversos sitios del mundo y con distintas tem\u00e1ticas podr\u00e1n disfrutarse del pr\u00f3ximo 3 al 17 de mayo de 2018 en la capital mexicana. \u00abHasta los dientes\u00bb de <strong>Alberto Arnaut<\/strong> es uno de los trabajos que no se pueden perder.<\/p>\n<p><a href=\"http:\/\/www.reconoce.mx\/wp-content\/uploads\/2018\/04\/hasta-los-dientes-2.jpg\"><img loading=\"lazy\" decoding=\"async\" class=\"aligncenter size-full wp-image-72809\" src=\"http:\/\/www.reconoce.mx\/wp-content\/uploads\/2018\/04\/hasta-los-dientes-2.jpg\" alt=\"\" width=\"590\" height=\"380\" srcset=\"https:\/\/www.reconoce.mx\/wp-content\/uploads\/2018\/04\/hasta-los-dientes-2.jpg 590w, https:\/\/www.reconoce.mx\/wp-content\/uploads\/2018\/04\/hasta-los-dientes-2-300x193.jpg 300w, https:\/\/www.reconoce.mx\/wp-content\/uploads\/2018\/04\/hasta-los-dientes-2-150x97.jpg 150w\" sizes=\"auto, (max-width: 590px) 100vw, 590px\" \/><\/a><\/p>\n<p>A partir del cambio de estrategia a nivel comunicaci\u00f3n de la actual labor de seguridad en el pa\u00eds por parte del gobierno federal, pareciera que \u00e9sta ha cambiado si no diametralmente s\u00ed por lo menos en intensidad con respecto a lo que se vivi\u00f3 durante el sexenio del presidente <strong>Felipe Calder\u00f3n<\/strong>. Sin embargo los n\u00fameros no mienten; los muertos en el gobierno del presidente <strong>Enrique Pe\u00f1a Nieto<\/strong> han superado al sexenio de su antecesor; y sobre todo, la estrategia ha demostrado una vez m\u00e1s su fracaso. Con \u00abHasta los dientes\u00bb, su m\u00e1s reciente trabajo como documentalista, <strong>Alberto Arnaut<\/strong> nos ofrece un retrato desolador con un caso en particular.<\/p>\n<p>Era la madrugada del 19 de marzo de 2010 en Monterrey, Nuevo Le\u00f3n, en plena ebullici\u00f3n del enfrentamiento entre narcotraficantes y sus aliados -en muchos casos polic\u00edas locales- frente al ej\u00e9rcito mexicano junto con la polic\u00eda federal. Una persecuci\u00f3n que militares hac\u00edan en calles de la capital regiomontana a un grupo de narcotraficantes los lleva a las puertas del Tecnol\u00f3gico de Monterrey, donde tras una serie de intercambios despu\u00e9s de ser sorprendidos, dos v\u00edctimas terminan por pagar el saldo de esa noche. Las v\u00edctimas fueron dos alumnos de excelencia de la instituci\u00f3n educativa: <strong>Jorge Antonio Mercado Alonso<\/strong> y <strong>Javier Francisco Arredondo Verdugo<\/strong>.<\/p>\n<p>Arnaut, egresado de Comunicaci\u00f3n Social de la Universidad Aut\u00f3noma Metropolitana y con una carrera como asistente de direcci\u00f3n y editor en documentales sobre derechos humanos dirigidos por la prestigiada <strong>Mar\u00eda del Carmen de Lara<\/strong>, consigue con \u00abHasta los dientes\u00bb un trabajo valioso. Con la dosis de sensibilidad adecuada, con el cuidado milim\u00e9trico de quien ha trabajado con ese tipo de temas, con la contundencia necesaria y simplemente retratando sin tomar parte de manera tan clara, <strong>Alberto Arnaut<\/strong> ofrece un retrato desolador en el que las v\u00edctimas de la violencia de nuestro pa\u00eds se enfrentan solas frente al mundo con la carga de su inmenso dolor.<\/p>\n<p>Pasamos de conocer la historia de sue\u00f1os y anhelos de los dos j\u00f3venes becados por el Tecnol\u00f3gico de Monterrey, a observar como espectadores la cruda y dura realidad de la confusi\u00f3n de la que fueron parte y que en cuesti\u00f3n de segundos apag\u00f3 para siempre sus vidas. Nos enfrentamos, con ayuda del lente de Arnaut, a la falta de sensibilidad de las autoridades de todo tipo, al desorden, a la improvisaci\u00f3n, a la opacidad, a la corrupci\u00f3n, a la manipulaci\u00f3n, a las p\u00e9simas pr\u00e1cticas profesionales; pero sobre todo a la insensibilidad, a la falta de humanidad, a la frialdad.<\/p>\n<p>Lo que resulta a\u00fan m\u00e1s desesperanzador del retrato presentado, son los ecos en la actualidad de lo que vemos en pantalla: el hecho de que mucho de lo que se nos presenta sigue sucediendo y hasta se repite con oprobiosa regularidad. El retrato muy espec\u00edfico que consigue<strong> Alberto Arnaut<\/strong> es tan solo un pedazo de realidad de los muchos casos que siguen sucediendo a lo largo y ancho de nuestro pa\u00eds. Al ver \u00abHasta los dientes\u00bb a uno le retumban en la cabeza los casos de los 43 de Ayotzinapa, los 3 recientes estudiantes desaparecidos y muertos en Guadalajara; y hasta las v\u00edctimas de la corrupci\u00f3n y la frialdad del sismo del pasado 19 de septiembre.<\/p>\n<p>Como obra cinematogr\u00e1fica \u00abHasta los dientes\u00bb destaca por su manufactura, por el cuidado, por la forma tan cuidadosa en la que nos va presentando la historia que pone delante de nosotros; la lucha, el dolor. Como pieza hist\u00f3rica de nuestra realidad es definitivamente un documento de inmenso valor, uno m\u00e1s que se une a la larga lista de retratos valientes de los muchos agravios que contin\u00faan y -perd\u00f3n por el pesimismo- continuar\u00e1n sucediendo en nuestro pa\u00eds. \u00bfCu\u00e1l fue la primer\u00edsima raz\u00f3n que se dio sobre la muerte de <strong>Jorge Antonio Mercado Alonso<\/strong> y <strong>Javier Francisco Arredondo Verdugo<\/strong>? Que iban armados \u00abHasta los dientes\u00bb.<\/p>\n<p><a href=\"http:\/\/www.reconoce.mx\/wp-content\/uploads\/2018\/05\/DcE9R0DU8AAwhok.jpg-large.jpg\"><img loading=\"lazy\" decoding=\"async\" class=\"aligncenter size-full wp-image-72812\" src=\"http:\/\/www.reconoce.mx\/wp-content\/uploads\/2018\/05\/DcE9R0DU8AAwhok.jpg-large.jpg\" alt=\"\" width=\"1024\" height=\"394\" srcset=\"https:\/\/www.reconoce.mx\/wp-content\/uploads\/2018\/05\/DcE9R0DU8AAwhok.jpg-large.jpg 1024w, https:\/\/www.reconoce.mx\/wp-content\/uploads\/2018\/05\/DcE9R0DU8AAwhok.jpg-large-300x115.jpg 300w, https:\/\/www.reconoce.mx\/wp-content\/uploads\/2018\/05\/DcE9R0DU8AAwhok.jpg-large-768x296.jpg 768w, https:\/\/www.reconoce.mx\/wp-content\/uploads\/2018\/05\/DcE9R0DU8AAwhok.jpg-large-150x58.jpg 150w, https:\/\/www.reconoce.mx\/wp-content\/uploads\/2018\/05\/DcE9R0DU8AAwhok.jpg-large-700x269.jpg 700w, https:\/\/www.reconoce.mx\/wp-content\/uploads\/2018\/05\/DcE9R0DU8AAwhok.jpg-large-658x253.jpg 658w\" sizes=\"auto, (max-width: 1024px) 100vw, 1024px\" \/><\/a><\/p>\n<p><strong>Ambulante<\/strong> llega a Ciudad de M\u00e9xico del 3 al 17 de mayo. Descarga <a href=\"https:\/\/www.ambulante.org\/wp-content\/uploads\/2018\/04\/PM_CDMX_2018-2-1.pdf\" target=\"_blank\" rel=\"noopener\">aqu\u00ed el programa de mano<\/a> con la programaci\u00f3n en Ciudad de M\u00e9xico. Para m\u00e1s informaci\u00f3n <a href=\"http:\/\/ambulante.org\/\" target=\"_blank\" rel=\"noopener\">consulta el sitio oficial de <strong>Ambulante<\/strong><\/a>.<\/p>\n<p style=\"text-align: right;\">Con informaci\u00f3n e im\u00e1genes cortes\u00eda de <strong>Ambulante<\/strong>.<\/p>\n<p>&nbsp;<\/p>\n<p>&nbsp;<\/p>\n","protected":false},"excerpt":{"rendered":"<p>Tras su paso por los estados de Oaxaca, Veracruz, Michoac\u00e1n, Puebla, Jalisco, Quer\u00e9taro y Chihuahua, la Gira de Documentales Ambulante aterrizar\u00e1 finalmente en Ciudad de M\u00e9xico como bocanada de aire fresco para quienes buscan algo distinto en las pantallas de cine comercial.<\/p>\n","protected":false},"author":2,"featured_media":72808,"comment_status":"open","ping_status":"open","sticky":false,"template":"","format":"standard","meta":{"footnotes":""},"categories":[24,1,17],"tags":[],"class_list":["post-72807","post","type-post","status-publish","format-standard","has-post-thumbnail","hentry","category-cine","category-cultura","category-principal"],"yoast_head":"<!-- This site is optimized with the Yoast SEO plugin v24.7 - https:\/\/yoast.com\/wordpress\/plugins\/seo\/ -->\n<title>#Ambulante2018: &quot;Hasta los dientes&quot; &#171; Reconoce MX<\/title>\n<meta name=\"robots\" content=\"index, follow, max-snippet:-1, max-image-preview:large, max-video-preview:-1\" \/>\n<link rel=\"canonical\" href=\"https:\/\/www.reconoce.mx\/?p=72807\" \/>\n<meta property=\"og:locale\" content=\"es_ES\" \/>\n<meta property=\"og:type\" content=\"article\" \/>\n<meta property=\"og:title\" content=\"#Ambulante2018: &quot;Hasta los dientes&quot; &#171; Reconoce MX\" \/>\n<meta property=\"og:description\" content=\"Tras su paso por los estados de Oaxaca, Veracruz, Michoac\u00e1n, Puebla, Jalisco, Quer\u00e9taro y Chihuahua, la Gira de Documentales Ambulante aterrizar\u00e1 finalmente en Ciudad de M\u00e9xico como bocanada de aire fresco para quienes buscan algo distinto en las pantallas de cine comercial.\" \/>\n<meta property=\"og:url\" content=\"https:\/\/www.reconoce.mx\/?p=72807\" \/>\n<meta property=\"og:site_name\" content=\"Reconoce MX\" \/>\n<meta property=\"article:publisher\" content=\"https:\/\/es-la.facebook.com\/ReconoceMX\/\" \/>\n<meta property=\"article:published_time\" content=\"2018-05-01T05:06:21+00:00\" \/>\n<meta property=\"article:modified_time\" content=\"2018-05-01T14:39:33+00:00\" \/>\n<meta property=\"og:image\" content=\"https:\/\/www.reconoce.mx\/wp-content\/uploads\/2018\/04\/hasta-los-dientes-1.jpg\" \/>\n\t<meta property=\"og:image:width\" content=\"590\" \/>\n\t<meta property=\"og:image:height\" content=\"380\" \/>\n\t<meta property=\"og:image:type\" content=\"image\/jpeg\" \/>\n<meta name=\"author\" content=\"Reconoce MX\" \/>\n<meta name=\"twitter:card\" content=\"summary_large_image\" \/>\n<meta name=\"twitter:creator\" content=\"@reconocemx\" \/>\n<meta name=\"twitter:site\" content=\"@reconocemx\" \/>\n<meta name=\"twitter:label1\" content=\"Escrito por\" \/>\n\t<meta name=\"twitter:data1\" content=\"Reconoce MX\" \/>\n\t<meta name=\"twitter:label2\" content=\"Tiempo de lectura\" \/>\n\t<meta name=\"twitter:data2\" content=\"4 minutos\" \/>\n<script type=\"application\/ld+json\" class=\"yoast-schema-graph\">{\"@context\":\"https:\/\/schema.org\",\"@graph\":[{\"@type\":\"Article\",\"@id\":\"https:\/\/www.reconoce.mx\/?p=72807#article\",\"isPartOf\":{\"@id\":\"https:\/\/www.reconoce.mx\/?p=72807\"},\"author\":{\"name\":\"Reconoce MX\",\"@id\":\"http:\/\/www.reconoce.mx\/#\/schema\/person\/2117e997d7051dc15d6880eaf9bca0b2\"},\"headline\":\"#Ambulante2018: \u00abHasta los dientes\u00bb\",\"datePublished\":\"2018-05-01T05:06:21+00:00\",\"dateModified\":\"2018-05-01T14:39:33+00:00\",\"mainEntityOfPage\":{\"@id\":\"https:\/\/www.reconoce.mx\/?p=72807\"},\"wordCount\":821,\"commentCount\":0,\"publisher\":{\"@id\":\"http:\/\/www.reconoce.mx\/#organization\"},\"image\":{\"@id\":\"https:\/\/www.reconoce.mx\/?p=72807#primaryimage\"},\"thumbnailUrl\":\"https:\/\/www.reconoce.mx\/wp-content\/uploads\/2018\/04\/hasta-los-dientes-1.jpg\",\"articleSection\":[\"Cine\",\"Cultura\",\"Principal\"],\"inLanguage\":\"es\",\"potentialAction\":[{\"@type\":\"CommentAction\",\"name\":\"Comment\",\"target\":[\"https:\/\/www.reconoce.mx\/?p=72807#respond\"]}]},{\"@type\":\"WebPage\",\"@id\":\"https:\/\/www.reconoce.mx\/?p=72807\",\"url\":\"https:\/\/www.reconoce.mx\/?p=72807\",\"name\":\"#Ambulante2018: \\\"Hasta los dientes\\\" &#171; Reconoce MX\",\"isPartOf\":{\"@id\":\"http:\/\/www.reconoce.mx\/#website\"},\"primaryImageOfPage\":{\"@id\":\"https:\/\/www.reconoce.mx\/?p=72807#primaryimage\"},\"image\":{\"@id\":\"https:\/\/www.reconoce.mx\/?p=72807#primaryimage\"},\"thumbnailUrl\":\"https:\/\/www.reconoce.mx\/wp-content\/uploads\/2018\/04\/hasta-los-dientes-1.jpg\",\"datePublished\":\"2018-05-01T05:06:21+00:00\",\"dateModified\":\"2018-05-01T14:39:33+00:00\",\"breadcrumb\":{\"@id\":\"https:\/\/www.reconoce.mx\/?p=72807#breadcrumb\"},\"inLanguage\":\"es\",\"potentialAction\":[{\"@type\":\"ReadAction\",\"target\":[\"https:\/\/www.reconoce.mx\/?p=72807\"]}]},{\"@type\":\"ImageObject\",\"inLanguage\":\"es\",\"@id\":\"https:\/\/www.reconoce.mx\/?p=72807#primaryimage\",\"url\":\"https:\/\/www.reconoce.mx\/wp-content\/uploads\/2018\/04\/hasta-los-dientes-1.jpg\",\"contentUrl\":\"https:\/\/www.reconoce.mx\/wp-content\/uploads\/2018\/04\/hasta-los-dientes-1.jpg\",\"width\":590,\"height\":380},{\"@type\":\"BreadcrumbList\",\"@id\":\"https:\/\/www.reconoce.mx\/?p=72807#breadcrumb\",\"itemListElement\":[{\"@type\":\"ListItem\",\"position\":1,\"name\":\"Portada\",\"item\":\"http:\/\/www.reconoce.mx\/\"},{\"@type\":\"ListItem\",\"position\":2,\"name\":\"#Ambulante2018: \u00abHasta los dientes\u00bb\"}]},{\"@type\":\"WebSite\",\"@id\":\"http:\/\/www.reconoce.mx\/#website\",\"url\":\"http:\/\/www.reconoce.mx\/\",\"name\":\"Reconoce MX\",\"description\":\"En Reconoce MX difundimos arte, cultura y conciencia social en M\u00e9xico. Tu ciudad en otra perspectiva.\",\"publisher\":{\"@id\":\"http:\/\/www.reconoce.mx\/#organization\"},\"potentialAction\":[{\"@type\":\"SearchAction\",\"target\":{\"@type\":\"EntryPoint\",\"urlTemplate\":\"http:\/\/www.reconoce.mx\/?s={search_term_string}\"},\"query-input\":{\"@type\":\"PropertyValueSpecification\",\"valueRequired\":true,\"valueName\":\"search_term_string\"}}],\"inLanguage\":\"es\"},{\"@type\":\"Organization\",\"@id\":\"http:\/\/www.reconoce.mx\/#organization\",\"name\":\"Reconoce MX\",\"url\":\"http:\/\/www.reconoce.mx\/\",\"logo\":{\"@type\":\"ImageObject\",\"inLanguage\":\"es\",\"@id\":\"http:\/\/www.reconoce.mx\/#\/schema\/logo\/image\/\",\"url\":\"https:\/\/www.reconoce.mx\/wp-content\/uploads\/2019\/03\/logorcmx-good-1.png\",\"contentUrl\":\"https:\/\/www.reconoce.mx\/wp-content\/uploads\/2019\/03\/logorcmx-good-1.png\",\"width\":280,\"height\":90,\"caption\":\"Reconoce MX\"},\"image\":{\"@id\":\"http:\/\/www.reconoce.mx\/#\/schema\/logo\/image\/\"},\"sameAs\":[\"https:\/\/es-la.facebook.com\/ReconoceMX\/\",\"https:\/\/x.com\/reconocemx\",\"http:\/\/@reconocemx\"]},{\"@type\":\"Person\",\"@id\":\"http:\/\/www.reconoce.mx\/#\/schema\/person\/2117e997d7051dc15d6880eaf9bca0b2\",\"name\":\"Reconoce MX\",\"image\":{\"@type\":\"ImageObject\",\"inLanguage\":\"es\",\"@id\":\"http:\/\/www.reconoce.mx\/#\/schema\/person\/image\/\",\"url\":\"https:\/\/secure.gravatar.com\/avatar\/6c8d4dc7569ca1c90c5fdcc349f839d5ddef6fe1e70b4337ead2ef1a4c43fc3a?s=96&d=identicon&r=g\",\"contentUrl\":\"https:\/\/secure.gravatar.com\/avatar\/6c8d4dc7569ca1c90c5fdcc349f839d5ddef6fe1e70b4337ead2ef1a4c43fc3a?s=96&d=identicon&r=g\",\"caption\":\"Reconoce MX\"},\"description\":\"Reconoce MX es un proyecto de difusi\u00f3n art\u00edstica, cultural y de conciencia social que est\u00e1 enfocado a difundir y fomentar el entretenimiento alternativo de calidad para todo el p\u00fablico que comparta el mismo entusiasmo.\",\"sameAs\":[\"http:\/\/www.reconoce.mx\"],\"url\":\"https:\/\/www.reconoce.mx\/?author=2\"}]}<\/script>\n<!-- \/ Yoast SEO plugin. -->","yoast_head_json":{"title":"#Ambulante2018: \"Hasta los dientes\" &#171; Reconoce MX","robots":{"index":"index","follow":"follow","max-snippet":"max-snippet:-1","max-image-preview":"max-image-preview:large","max-video-preview":"max-video-preview:-1"},"canonical":"https:\/\/www.reconoce.mx\/?p=72807","og_locale":"es_ES","og_type":"article","og_title":"#Ambulante2018: \"Hasta los dientes\" &#171; Reconoce MX","og_description":"Tras su paso por los estados de Oaxaca, Veracruz, Michoac\u00e1n, Puebla, Jalisco, Quer\u00e9taro y Chihuahua, la Gira de Documentales Ambulante aterrizar\u00e1 finalmente en Ciudad de M\u00e9xico como bocanada de aire fresco para quienes buscan algo distinto en las pantallas de cine comercial.","og_url":"https:\/\/www.reconoce.mx\/?p=72807","og_site_name":"Reconoce MX","article_publisher":"https:\/\/es-la.facebook.com\/ReconoceMX\/","article_published_time":"2018-05-01T05:06:21+00:00","article_modified_time":"2018-05-01T14:39:33+00:00","og_image":[{"width":590,"height":380,"url":"https:\/\/www.reconoce.mx\/wp-content\/uploads\/2018\/04\/hasta-los-dientes-1.jpg","type":"image\/jpeg"}],"author":"Reconoce MX","twitter_card":"summary_large_image","twitter_creator":"@reconocemx","twitter_site":"@reconocemx","twitter_misc":{"Escrito por":"Reconoce MX","Tiempo de lectura":"4 minutos"},"schema":{"@context":"https:\/\/schema.org","@graph":[{"@type":"Article","@id":"https:\/\/www.reconoce.mx\/?p=72807#article","isPartOf":{"@id":"https:\/\/www.reconoce.mx\/?p=72807"},"author":{"name":"Reconoce MX","@id":"http:\/\/www.reconoce.mx\/#\/schema\/person\/2117e997d7051dc15d6880eaf9bca0b2"},"headline":"#Ambulante2018: \u00abHasta los dientes\u00bb","datePublished":"2018-05-01T05:06:21+00:00","dateModified":"2018-05-01T14:39:33+00:00","mainEntityOfPage":{"@id":"https:\/\/www.reconoce.mx\/?p=72807"},"wordCount":821,"commentCount":0,"publisher":{"@id":"http:\/\/www.reconoce.mx\/#organization"},"image":{"@id":"https:\/\/www.reconoce.mx\/?p=72807#primaryimage"},"thumbnailUrl":"https:\/\/www.reconoce.mx\/wp-content\/uploads\/2018\/04\/hasta-los-dientes-1.jpg","articleSection":["Cine","Cultura","Principal"],"inLanguage":"es","potentialAction":[{"@type":"CommentAction","name":"Comment","target":["https:\/\/www.reconoce.mx\/?p=72807#respond"]}]},{"@type":"WebPage","@id":"https:\/\/www.reconoce.mx\/?p=72807","url":"https:\/\/www.reconoce.mx\/?p=72807","name":"#Ambulante2018: \"Hasta los dientes\" &#171; Reconoce MX","isPartOf":{"@id":"http:\/\/www.reconoce.mx\/#website"},"primaryImageOfPage":{"@id":"https:\/\/www.reconoce.mx\/?p=72807#primaryimage"},"image":{"@id":"https:\/\/www.reconoce.mx\/?p=72807#primaryimage"},"thumbnailUrl":"https:\/\/www.reconoce.mx\/wp-content\/uploads\/2018\/04\/hasta-los-dientes-1.jpg","datePublished":"2018-05-01T05:06:21+00:00","dateModified":"2018-05-01T14:39:33+00:00","breadcrumb":{"@id":"https:\/\/www.reconoce.mx\/?p=72807#breadcrumb"},"inLanguage":"es","potentialAction":[{"@type":"ReadAction","target":["https:\/\/www.reconoce.mx\/?p=72807"]}]},{"@type":"ImageObject","inLanguage":"es","@id":"https:\/\/www.reconoce.mx\/?p=72807#primaryimage","url":"https:\/\/www.reconoce.mx\/wp-content\/uploads\/2018\/04\/hasta-los-dientes-1.jpg","contentUrl":"https:\/\/www.reconoce.mx\/wp-content\/uploads\/2018\/04\/hasta-los-dientes-1.jpg","width":590,"height":380},{"@type":"BreadcrumbList","@id":"https:\/\/www.reconoce.mx\/?p=72807#breadcrumb","itemListElement":[{"@type":"ListItem","position":1,"name":"Portada","item":"http:\/\/www.reconoce.mx\/"},{"@type":"ListItem","position":2,"name":"#Ambulante2018: \u00abHasta los dientes\u00bb"}]},{"@type":"WebSite","@id":"http:\/\/www.reconoce.mx\/#website","url":"http:\/\/www.reconoce.mx\/","name":"Reconoce MX","description":"En Reconoce MX difundimos arte, cultura y conciencia social en M\u00e9xico. Tu ciudad en otra perspectiva.","publisher":{"@id":"http:\/\/www.reconoce.mx\/#organization"},"potentialAction":[{"@type":"SearchAction","target":{"@type":"EntryPoint","urlTemplate":"http:\/\/www.reconoce.mx\/?s={search_term_string}"},"query-input":{"@type":"PropertyValueSpecification","valueRequired":true,"valueName":"search_term_string"}}],"inLanguage":"es"},{"@type":"Organization","@id":"http:\/\/www.reconoce.mx\/#organization","name":"Reconoce MX","url":"http:\/\/www.reconoce.mx\/","logo":{"@type":"ImageObject","inLanguage":"es","@id":"http:\/\/www.reconoce.mx\/#\/schema\/logo\/image\/","url":"https:\/\/www.reconoce.mx\/wp-content\/uploads\/2019\/03\/logorcmx-good-1.png","contentUrl":"https:\/\/www.reconoce.mx\/wp-content\/uploads\/2019\/03\/logorcmx-good-1.png","width":280,"height":90,"caption":"Reconoce MX"},"image":{"@id":"http:\/\/www.reconoce.mx\/#\/schema\/logo\/image\/"},"sameAs":["https:\/\/es-la.facebook.com\/ReconoceMX\/","https:\/\/x.com\/reconocemx","http:\/\/@reconocemx"]},{"@type":"Person","@id":"http:\/\/www.reconoce.mx\/#\/schema\/person\/2117e997d7051dc15d6880eaf9bca0b2","name":"Reconoce MX","image":{"@type":"ImageObject","inLanguage":"es","@id":"http:\/\/www.reconoce.mx\/#\/schema\/person\/image\/","url":"https:\/\/secure.gravatar.com\/avatar\/6c8d4dc7569ca1c90c5fdcc349f839d5ddef6fe1e70b4337ead2ef1a4c43fc3a?s=96&d=identicon&r=g","contentUrl":"https:\/\/secure.gravatar.com\/avatar\/6c8d4dc7569ca1c90c5fdcc349f839d5ddef6fe1e70b4337ead2ef1a4c43fc3a?s=96&d=identicon&r=g","caption":"Reconoce MX"},"description":"Reconoce MX es un proyecto de difusi\u00f3n art\u00edstica, cultural y de conciencia social que est\u00e1 enfocado a difundir y fomentar el entretenimiento alternativo de calidad para todo el p\u00fablico que comparta el mismo entusiasmo.","sameAs":["http:\/\/www.reconoce.mx"],"url":"https:\/\/www.reconoce.mx\/?author=2"}]}},"_links":{"self":[{"href":"https:\/\/www.reconoce.mx\/index.php?rest_route=\/wp\/v2\/posts\/72807","targetHints":{"allow":["GET"]}}],"collection":[{"href":"https:\/\/www.reconoce.mx\/index.php?rest_route=\/wp\/v2\/posts"}],"about":[{"href":"https:\/\/www.reconoce.mx\/index.php?rest_route=\/wp\/v2\/types\/post"}],"author":[{"embeddable":true,"href":"https:\/\/www.reconoce.mx\/index.php?rest_route=\/wp\/v2\/users\/2"}],"replies":[{"embeddable":true,"href":"https:\/\/www.reconoce.mx\/index.php?rest_route=%2Fwp%2Fv2%2Fcomments&post=72807"}],"version-history":[{"count":4,"href":"https:\/\/www.reconoce.mx\/index.php?rest_route=\/wp\/v2\/posts\/72807\/revisions"}],"predecessor-version":[{"id":72814,"href":"https:\/\/www.reconoce.mx\/index.php?rest_route=\/wp\/v2\/posts\/72807\/revisions\/72814"}],"wp:featuredmedia":[{"embeddable":true,"href":"https:\/\/www.reconoce.mx\/index.php?rest_route=\/wp\/v2\/media\/72808"}],"wp:attachment":[{"href":"https:\/\/www.reconoce.mx\/index.php?rest_route=%2Fwp%2Fv2%2Fmedia&parent=72807"}],"wp:term":[{"taxonomy":"category","embeddable":true,"href":"https:\/\/www.reconoce.mx\/index.php?rest_route=%2Fwp%2Fv2%2Fcategories&post=72807"},{"taxonomy":"post_tag","embeddable":true,"href":"https:\/\/www.reconoce.mx\/index.php?rest_route=%2Fwp%2Fv2%2Ftags&post=72807"}],"curies":[{"name":"wp","href":"https:\/\/api.w.org\/{rel}","templated":true}]}}