{"id":72866,"date":"2018-05-11T00:01:52","date_gmt":"2018-05-11T05:01:52","guid":{"rendered":"http:\/\/www.reconoce.mx\/?p=72866"},"modified":"2018-05-11T08:49:51","modified_gmt":"2018-05-11T13:49:51","slug":"lunario-cartelera-del-11-al-17-de-mayo","status":"publish","type":"post","link":"https:\/\/www.reconoce.mx\/?p=72866","title":{"rendered":"Lunario: Cartelera del 11 al 17 de mayo"},"content":{"rendered":"<p><strong>Por <a title=\"@AsfaltosTweets\" href=\"http:\/\/twitter.com\/AsfaltosTweets\" target=\"_blank\" rel=\"noopener noreferrer\">Asfaltos<\/a><\/strong>.<\/p>\n<p>Al caer la noche, en una ubicaci\u00f3n inmejorable como es Paseo de la Reforma, en el coraz\u00f3n del Bosque de Chapultepec, el foro alternativo del <strong>Auditorio Nacional<\/strong>, el <strong>Lunario<\/strong>, se convierte en un espacio \u00edntimo y confortable donde innumerables artistas, grupos, solistas, ensambles y compa\u00f1\u00edas de prestigio nacional e internacional, deleitan a los muy diversos p\u00fablicos que se permiten disfrutar de sus noches.<\/p>\n<p>Disfruta de la variopinta cartelera del <strong>Lunario del Auditorio Nacional<\/strong>, un sitio donde lo sentidos son atendidos sin reserva y s\u00ed con mucha calidez.<\/p>\n<h1>La Pegatina <em>Ahora o nunca<\/em><\/h1>\n<p>\/\/ mayo 11; viernes; 21:00h<br \/>\n\/\/ precios: $500<\/p>\n<style>.embed-container { position: relative; padding-bottom: 56.25%; height: 0; overflow: hidden; max-width: 100%; } .embed-container iframe, .embed-container object, .embed-container embed { position: absolute; top: 0; left: 0; width: 100%; height: 100%; }<\/style>\n<div class=\"embed-container\"><iframe loading=\"lazy\" src=\"https:\/\/www.youtube.com\/embed\/QLBYpq5Ydbg\" width=\"300\" height=\"150\" frameborder=\"0\" allowfullscreen=\"allowfullscreen\"><\/iframe><\/div>\n<p>&nbsp;<\/p>\n<p>La emblem\u00e1tica agrupaci\u00f3n de rumba y ska catal\u00e1n llegar\u00e1 al <strong>Lunario<\/strong> para presentar su m\u00e1s reciente material discogr\u00e1fico \u00abAhora o nunca\u00bb, producido por Rafa Arcaute, quien ha trabajado para Calle 13, Andr\u00e9s Calamaro y Residente. \u00abLa tempestad\u00bb, uno de sus m\u00e1s recientes sencillos, cuenta con la colaboraci\u00f3n de Eva Amaral; en su segundo sencillo \u00abY volar participa\u00bb la banda argentina Los Caligaris; el videoclip ya cuenta con m\u00e1s de 200 mil reproducciones en YouTube. Su discograf\u00eda se compone de \u00e1lbumes como \u00abAl Carrer!\u00bb (2007), \u00abVia mandarina\u00bb (2009), \u00abXapomel\u00f6n\u00bb (2011), \u00abEureka!\u00bb (2013), \u00abRevulsiu\u00bb (2015), \u00abLa gran Pegatina Live\u00bb (2016), \u00abLa pegatina en el Laboratorio Sonoro\u00bb (2017) y \u00abAhora o nunca\u00bb (2018). Adem\u00e1s, la agrupaci\u00f3n cuenta con un documental y un videojuego.<\/p>\n<h1>Costera Cierre <em>Tour Aliados<\/em><\/h1>\n<p>\/\/ mayo 12; s\u00e1bado; 21:00h<br \/>\n\/\/ precios: $360<\/p>\n<style>.embed-container { position: relative; padding-bottom: 56.25%; height: 0; overflow: hidden; max-width: 100%; } .embed-container iframe, .embed-container object, .embed-container embed { position: absolute; top: 0; left: 0; width: 100%; height: 100%; }<\/style>\n<div class=\"embed-container\"><iframe loading=\"lazy\" src=\"https:\/\/www.youtube.com\/embed\/aGc9oUAvLiM\" width=\"300\" height=\"150\" frameborder=\"0\" allowfullscreen=\"allowfullscreen\"><\/iframe><\/div>\n<p>&nbsp;<\/p>\n<p><strong>Costera<\/strong>, banda de rock alternativo formada en Ciudad de M\u00e9xico por Mauricio Garc\u00eda (voz y guitarra), Andr\u00e9s Kenguan (teclado) y Beto Ramos (bater\u00eda), llegar\u00e1 por primera vez al <strong>Lunario<\/strong> para cerrar su \u00abTour Aliados\u00bb, que los llev\u00f3 a presentarse en los principales festivales del pa\u00eds, entre ellos Vive Latino, Revolution Fest, Jrz Music Fest y Machaca Fest, as\u00ed como a visitar las principales ciudades del pa\u00eds dentro del Circuito Indio. En 2017, el grupo lanz\u00f3 su disco debut \u00abAliados\u00bb, en el que Mauricio Garc\u00eda fue el compositor de los temas y Le\u00f3n Larregui colabor\u00f3 en la canci\u00f3n \u00abPaseo sideral\u00bb.<\/p>\n<h1><em>Sgt. Pepper a trav\u00e9s de la lente: exposici\u00f3n y documental<\/em><\/h1>\n<p>\/\/ mayo; lunes a domingo; de 11:00 a 17:00h<br \/>\n\/\/ precios: entrada libre<\/p>\n<style>.embed-container { position: relative; padding-bottom: 56.25%; height: 0; overflow: hidden; max-width: 100%; } .embed-container iframe, .embed-container object, .embed-container embed { position: absolute; top: 0; left: 0; width: 100%; height: 100%; }<\/style>\n<div class=\"embed-container\"><iframe loading=\"lazy\" src=\"https:\/\/www.youtube.com\/embed\/8snLuP7YZ1Q\" width=\"300\" height=\"150\" frameborder=\"0\" allowfullscreen=\"allowfullscreen\"><\/iframe><\/div>\n<p>&nbsp;<\/p>\n<p>En el marco de los 50 a\u00f1os del lanzamiento del disco \u00abSgt. Pepper&#8217;s Lonely Heart Club Band\u00bb del grupo ingl\u00e9s <strong>The Beatles<\/strong> y en alianza con la <strong>Embajada Brit\u00e1nica en M\u00e9xico<\/strong>, el <strong>Lunario del Auditorio Nacional<\/strong> presenta la exposici\u00f3n \u00abSgt. Pepper a trav\u00e9s de la lente\u00bb, formada por 45 im\u00e1genes tomadas por el fot\u00f3grafo brit\u00e1nico <strong>Michael Cooper<\/strong> (1941-1973) durante el proceso de creaci\u00f3n de la portada del ic\u00f3nico \u00e1lbum. La exposici\u00f3n estar\u00e1 abierta de lunes a s\u00e1bado, hasta el 12 de mayo de las 11:00 a las 17:00 horas en el Lobby del <strong>Lunario<\/strong>.<\/p>\n<h1>Yoshio &amp; Iv\u00e1n Caraza <em>Variety Whit the BBJM<\/em><\/h1>\n<p>\/\/ mayo 16; mi\u00e9rcoles; 21:00h<br \/>\n\/\/ precios: de $400 a $1,600<\/p>\n<style>.embed-container { position: relative; padding-bottom: 56.25%; height: 0; overflow: hidden; max-width: 100%; } .embed-container iframe, .embed-container object, .embed-container embed { position: absolute; top: 0; left: 0; width: 100%; height: 100%; }<\/style>\n<div class=\"embed-container\"><iframe loading=\"lazy\" src=\"https:\/\/www.youtube.com\/embed\/X3BmNTkg6uc\" width=\"300\" height=\"150\" frameborder=\"0\" allowfullscreen=\"allowfullscreen\"><\/iframe><\/div>\n<p>&nbsp;<\/p>\n<p>El cantante y compositor <strong>Yoshio<\/strong> vuelve a unir su talento al de <strong>Iv\u00e1n Caraza<\/strong> para ofrecer su segundo concierto en el <strong>Lunario<\/strong>, luego de su presentaci\u00f3n de 2016, acompa\u00f1ados por la <strong>Big Band Jazz de M\u00e9xico<\/strong>, bajo la direcci\u00f3n de Mart\u00edn y Ernesto Ramos. En este espect\u00e1culo, \u00abVariety with The Big Band Jazz de M\u00e9xico\u00bb, celebrar\u00e1n el D\u00eda de las Madres y el D\u00eda del Maestro al estilo de los a\u00f1os 50, evocando a Frank Sinatra y Dean Martin en sus memorables presentaciones en Las Vegas. <strong>Yoshio<\/strong> inici\u00f3 su carrera en los 70 y a la fecha cuenta con m\u00e1s de 30 producciones discogr\u00e1ficas. Por su parte, el cantante <strong>Iv\u00e1n Caraza<\/strong>, a quien hace un tiempo lo ha llamado la m\u00fasica, ha desarrollado su carrera como actor de teatro, cine y televisi\u00f3n. La<strong> Big Band Jazz de M\u00e9xico<\/strong>, formada en 1999, es una de las agrupaciones de Big Band m\u00e1s emblem\u00e1ticas en el pa\u00eds. Se ha presentado en el <strong>Lunario<\/strong> en diversas temporadas anuales y como parte del elenco de la segunda edici\u00f3n del <strong>Big Band Fest<\/strong>.<\/p>\n<p>Boletos a la venta en taquilla y a trav\u00e9s del <a href=\"http:\/\/www.ticketmaster.com.mx\/Lunario-Del-Auditorio-Nacional-boletos-Mexico\/venue\/164051\" target=\"_blank\" rel=\"noopener noreferrer\">Sistema Ticketmaster<\/a>. <strong>Lunario<\/strong> se encuentra ubicado en Paseo de la Reforma #50, Polanco V Secc, Miguel Hidalgo, Ciudad de M\u00e9xico.<\/p>\n<p>&nbsp;<\/p>\n<p>&nbsp;<\/p>\n","protected":false},"excerpt":{"rendered":"<p>Disfruta de la variopinta cartelera del Lunario del Auditorio Nacional, un sitio donde lo sentidos son atendidos sin reserva y s\u00ed con mucha calidez.<\/p>\n","protected":false},"author":2,"featured_media":53154,"comment_status":"open","ping_status":"open","sticky":false,"template":"","format":"standard","meta":{"footnotes":""},"categories":[1,18,17],"tags":[],"class_list":["post-72866","post","type-post","status-publish","format-standard","has-post-thumbnail","hentry","category-cultura","category-musica","category-principal"],"yoast_head":"<!-- This site is optimized with the Yoast SEO plugin v24.7 - https:\/\/yoast.com\/wordpress\/plugins\/seo\/ -->\n<title>Lunario: Cartelera del 11 al 17 de mayo &#171; Reconoce MX<\/title>\n<meta name=\"robots\" content=\"index, follow, max-snippet:-1, max-image-preview:large, max-video-preview:-1\" \/>\n<link rel=\"canonical\" href=\"https:\/\/www.reconoce.mx\/?p=72866\" \/>\n<meta property=\"og:locale\" content=\"es_ES\" \/>\n<meta property=\"og:type\" content=\"article\" \/>\n<meta property=\"og:title\" content=\"Lunario: Cartelera del 11 al 17 de mayo &#171; Reconoce MX\" \/>\n<meta property=\"og:description\" content=\"Disfruta de la variopinta cartelera del Lunario del Auditorio Nacional, un sitio donde lo sentidos son atendidos sin reserva y s\u00ed con mucha calidez.\" \/>\n<meta property=\"og:url\" content=\"https:\/\/www.reconoce.mx\/?p=72866\" \/>\n<meta property=\"og:site_name\" content=\"Reconoce MX\" \/>\n<meta property=\"article:publisher\" content=\"https:\/\/es-la.facebook.com\/ReconoceMX\/\" \/>\n<meta property=\"article:published_time\" content=\"2018-05-11T05:01:52+00:00\" \/>\n<meta property=\"article:modified_time\" content=\"2018-05-11T13:49:51+00:00\" \/>\n<meta property=\"og:image\" content=\"https:\/\/www.reconoce.mx\/wp-content\/uploads\/2016\/10\/lunario.cover2_.png\" \/>\n\t<meta property=\"og:image:width\" content=\"590\" \/>\n\t<meta property=\"og:image:height\" content=\"380\" \/>\n\t<meta property=\"og:image:type\" content=\"image\/png\" \/>\n<meta name=\"author\" content=\"Reconoce MX\" \/>\n<meta name=\"twitter:card\" content=\"summary_large_image\" \/>\n<meta name=\"twitter:creator\" content=\"@reconocemx\" \/>\n<meta name=\"twitter:site\" content=\"@reconocemx\" \/>\n<meta name=\"twitter:label1\" content=\"Escrito por\" \/>\n\t<meta name=\"twitter:data1\" content=\"Reconoce MX\" \/>\n\t<meta name=\"twitter:label2\" content=\"Tiempo de lectura\" \/>\n\t<meta name=\"twitter:data2\" content=\"4 minutos\" \/>\n<script type=\"application\/ld+json\" class=\"yoast-schema-graph\">{\"@context\":\"https:\/\/schema.org\",\"@graph\":[{\"@type\":\"Article\",\"@id\":\"https:\/\/www.reconoce.mx\/?p=72866#article\",\"isPartOf\":{\"@id\":\"https:\/\/www.reconoce.mx\/?p=72866\"},\"author\":{\"name\":\"Reconoce MX\",\"@id\":\"http:\/\/www.reconoce.mx\/#\/schema\/person\/2117e997d7051dc15d6880eaf9bca0b2\"},\"headline\":\"Lunario: Cartelera del 11 al 17 de mayo\",\"datePublished\":\"2018-05-11T05:01:52+00:00\",\"dateModified\":\"2018-05-11T13:49:51+00:00\",\"mainEntityOfPage\":{\"@id\":\"https:\/\/www.reconoce.mx\/?p=72866\"},\"wordCount\":718,\"commentCount\":0,\"publisher\":{\"@id\":\"http:\/\/www.reconoce.mx\/#organization\"},\"image\":{\"@id\":\"https:\/\/www.reconoce.mx\/?p=72866#primaryimage\"},\"thumbnailUrl\":\"https:\/\/www.reconoce.mx\/wp-content\/uploads\/2016\/10\/lunario.cover2_.png\",\"articleSection\":[\"Cultura\",\"M\u00fasica\",\"Principal\"],\"inLanguage\":\"es\",\"potentialAction\":[{\"@type\":\"CommentAction\",\"name\":\"Comment\",\"target\":[\"https:\/\/www.reconoce.mx\/?p=72866#respond\"]}]},{\"@type\":\"WebPage\",\"@id\":\"https:\/\/www.reconoce.mx\/?p=72866\",\"url\":\"https:\/\/www.reconoce.mx\/?p=72866\",\"name\":\"Lunario: Cartelera del 11 al 17 de mayo &#171; Reconoce MX\",\"isPartOf\":{\"@id\":\"http:\/\/www.reconoce.mx\/#website\"},\"primaryImageOfPage\":{\"@id\":\"https:\/\/www.reconoce.mx\/?p=72866#primaryimage\"},\"image\":{\"@id\":\"https:\/\/www.reconoce.mx\/?p=72866#primaryimage\"},\"thumbnailUrl\":\"https:\/\/www.reconoce.mx\/wp-content\/uploads\/2016\/10\/lunario.cover2_.png\",\"datePublished\":\"2018-05-11T05:01:52+00:00\",\"dateModified\":\"2018-05-11T13:49:51+00:00\",\"breadcrumb\":{\"@id\":\"https:\/\/www.reconoce.mx\/?p=72866#breadcrumb\"},\"inLanguage\":\"es\",\"potentialAction\":[{\"@type\":\"ReadAction\",\"target\":[\"https:\/\/www.reconoce.mx\/?p=72866\"]}]},{\"@type\":\"ImageObject\",\"inLanguage\":\"es\",\"@id\":\"https:\/\/www.reconoce.mx\/?p=72866#primaryimage\",\"url\":\"https:\/\/www.reconoce.mx\/wp-content\/uploads\/2016\/10\/lunario.cover2_.png\",\"contentUrl\":\"https:\/\/www.reconoce.mx\/wp-content\/uploads\/2016\/10\/lunario.cover2_.png\",\"width\":590,\"height\":380},{\"@type\":\"BreadcrumbList\",\"@id\":\"https:\/\/www.reconoce.mx\/?p=72866#breadcrumb\",\"itemListElement\":[{\"@type\":\"ListItem\",\"position\":1,\"name\":\"Portada\",\"item\":\"http:\/\/www.reconoce.mx\/\"},{\"@type\":\"ListItem\",\"position\":2,\"name\":\"Lunario: Cartelera del 11 al 17 de mayo\"}]},{\"@type\":\"WebSite\",\"@id\":\"http:\/\/www.reconoce.mx\/#website\",\"url\":\"http:\/\/www.reconoce.mx\/\",\"name\":\"Reconoce MX\",\"description\":\"En Reconoce MX difundimos arte, cultura y conciencia social en M\u00e9xico. Tu ciudad en otra perspectiva.\",\"publisher\":{\"@id\":\"http:\/\/www.reconoce.mx\/#organization\"},\"potentialAction\":[{\"@type\":\"SearchAction\",\"target\":{\"@type\":\"EntryPoint\",\"urlTemplate\":\"http:\/\/www.reconoce.mx\/?s={search_term_string}\"},\"query-input\":{\"@type\":\"PropertyValueSpecification\",\"valueRequired\":true,\"valueName\":\"search_term_string\"}}],\"inLanguage\":\"es\"},{\"@type\":\"Organization\",\"@id\":\"http:\/\/www.reconoce.mx\/#organization\",\"name\":\"Reconoce MX\",\"url\":\"http:\/\/www.reconoce.mx\/\",\"logo\":{\"@type\":\"ImageObject\",\"inLanguage\":\"es\",\"@id\":\"http:\/\/www.reconoce.mx\/#\/schema\/logo\/image\/\",\"url\":\"https:\/\/www.reconoce.mx\/wp-content\/uploads\/2019\/03\/logorcmx-good-1.png\",\"contentUrl\":\"https:\/\/www.reconoce.mx\/wp-content\/uploads\/2019\/03\/logorcmx-good-1.png\",\"width\":280,\"height\":90,\"caption\":\"Reconoce MX\"},\"image\":{\"@id\":\"http:\/\/www.reconoce.mx\/#\/schema\/logo\/image\/\"},\"sameAs\":[\"https:\/\/es-la.facebook.com\/ReconoceMX\/\",\"https:\/\/x.com\/reconocemx\",\"http:\/\/@reconocemx\"]},{\"@type\":\"Person\",\"@id\":\"http:\/\/www.reconoce.mx\/#\/schema\/person\/2117e997d7051dc15d6880eaf9bca0b2\",\"name\":\"Reconoce MX\",\"image\":{\"@type\":\"ImageObject\",\"inLanguage\":\"es\",\"@id\":\"http:\/\/www.reconoce.mx\/#\/schema\/person\/image\/\",\"url\":\"https:\/\/secure.gravatar.com\/avatar\/6c8d4dc7569ca1c90c5fdcc349f839d5ddef6fe1e70b4337ead2ef1a4c43fc3a?s=96&d=identicon&r=g\",\"contentUrl\":\"https:\/\/secure.gravatar.com\/avatar\/6c8d4dc7569ca1c90c5fdcc349f839d5ddef6fe1e70b4337ead2ef1a4c43fc3a?s=96&d=identicon&r=g\",\"caption\":\"Reconoce MX\"},\"description\":\"Reconoce MX es un proyecto de difusi\u00f3n art\u00edstica, cultural y de conciencia social que est\u00e1 enfocado a difundir y fomentar el entretenimiento alternativo de calidad para todo el p\u00fablico que comparta el mismo entusiasmo.\",\"sameAs\":[\"http:\/\/www.reconoce.mx\"],\"url\":\"https:\/\/www.reconoce.mx\/?author=2\"}]}<\/script>\n<!-- \/ Yoast SEO plugin. -->","yoast_head_json":{"title":"Lunario: Cartelera del 11 al 17 de mayo &#171; Reconoce MX","robots":{"index":"index","follow":"follow","max-snippet":"max-snippet:-1","max-image-preview":"max-image-preview:large","max-video-preview":"max-video-preview:-1"},"canonical":"https:\/\/www.reconoce.mx\/?p=72866","og_locale":"es_ES","og_type":"article","og_title":"Lunario: Cartelera del 11 al 17 de mayo &#171; Reconoce MX","og_description":"Disfruta de la variopinta cartelera del Lunario del Auditorio Nacional, un sitio donde lo sentidos son atendidos sin reserva y s\u00ed con mucha calidez.","og_url":"https:\/\/www.reconoce.mx\/?p=72866","og_site_name":"Reconoce MX","article_publisher":"https:\/\/es-la.facebook.com\/ReconoceMX\/","article_published_time":"2018-05-11T05:01:52+00:00","article_modified_time":"2018-05-11T13:49:51+00:00","og_image":[{"width":590,"height":380,"url":"https:\/\/www.reconoce.mx\/wp-content\/uploads\/2016\/10\/lunario.cover2_.png","type":"image\/png"}],"author":"Reconoce MX","twitter_card":"summary_large_image","twitter_creator":"@reconocemx","twitter_site":"@reconocemx","twitter_misc":{"Escrito por":"Reconoce MX","Tiempo de lectura":"4 minutos"},"schema":{"@context":"https:\/\/schema.org","@graph":[{"@type":"Article","@id":"https:\/\/www.reconoce.mx\/?p=72866#article","isPartOf":{"@id":"https:\/\/www.reconoce.mx\/?p=72866"},"author":{"name":"Reconoce MX","@id":"http:\/\/www.reconoce.mx\/#\/schema\/person\/2117e997d7051dc15d6880eaf9bca0b2"},"headline":"Lunario: Cartelera del 11 al 17 de mayo","datePublished":"2018-05-11T05:01:52+00:00","dateModified":"2018-05-11T13:49:51+00:00","mainEntityOfPage":{"@id":"https:\/\/www.reconoce.mx\/?p=72866"},"wordCount":718,"commentCount":0,"publisher":{"@id":"http:\/\/www.reconoce.mx\/#organization"},"image":{"@id":"https:\/\/www.reconoce.mx\/?p=72866#primaryimage"},"thumbnailUrl":"https:\/\/www.reconoce.mx\/wp-content\/uploads\/2016\/10\/lunario.cover2_.png","articleSection":["Cultura","M\u00fasica","Principal"],"inLanguage":"es","potentialAction":[{"@type":"CommentAction","name":"Comment","target":["https:\/\/www.reconoce.mx\/?p=72866#respond"]}]},{"@type":"WebPage","@id":"https:\/\/www.reconoce.mx\/?p=72866","url":"https:\/\/www.reconoce.mx\/?p=72866","name":"Lunario: Cartelera del 11 al 17 de mayo &#171; Reconoce MX","isPartOf":{"@id":"http:\/\/www.reconoce.mx\/#website"},"primaryImageOfPage":{"@id":"https:\/\/www.reconoce.mx\/?p=72866#primaryimage"},"image":{"@id":"https:\/\/www.reconoce.mx\/?p=72866#primaryimage"},"thumbnailUrl":"https:\/\/www.reconoce.mx\/wp-content\/uploads\/2016\/10\/lunario.cover2_.png","datePublished":"2018-05-11T05:01:52+00:00","dateModified":"2018-05-11T13:49:51+00:00","breadcrumb":{"@id":"https:\/\/www.reconoce.mx\/?p=72866#breadcrumb"},"inLanguage":"es","potentialAction":[{"@type":"ReadAction","target":["https:\/\/www.reconoce.mx\/?p=72866"]}]},{"@type":"ImageObject","inLanguage":"es","@id":"https:\/\/www.reconoce.mx\/?p=72866#primaryimage","url":"https:\/\/www.reconoce.mx\/wp-content\/uploads\/2016\/10\/lunario.cover2_.png","contentUrl":"https:\/\/www.reconoce.mx\/wp-content\/uploads\/2016\/10\/lunario.cover2_.png","width":590,"height":380},{"@type":"BreadcrumbList","@id":"https:\/\/www.reconoce.mx\/?p=72866#breadcrumb","itemListElement":[{"@type":"ListItem","position":1,"name":"Portada","item":"http:\/\/www.reconoce.mx\/"},{"@type":"ListItem","position":2,"name":"Lunario: Cartelera del 11 al 17 de mayo"}]},{"@type":"WebSite","@id":"http:\/\/www.reconoce.mx\/#website","url":"http:\/\/www.reconoce.mx\/","name":"Reconoce MX","description":"En Reconoce MX difundimos arte, cultura y conciencia social en M\u00e9xico. Tu ciudad en otra perspectiva.","publisher":{"@id":"http:\/\/www.reconoce.mx\/#organization"},"potentialAction":[{"@type":"SearchAction","target":{"@type":"EntryPoint","urlTemplate":"http:\/\/www.reconoce.mx\/?s={search_term_string}"},"query-input":{"@type":"PropertyValueSpecification","valueRequired":true,"valueName":"search_term_string"}}],"inLanguage":"es"},{"@type":"Organization","@id":"http:\/\/www.reconoce.mx\/#organization","name":"Reconoce MX","url":"http:\/\/www.reconoce.mx\/","logo":{"@type":"ImageObject","inLanguage":"es","@id":"http:\/\/www.reconoce.mx\/#\/schema\/logo\/image\/","url":"https:\/\/www.reconoce.mx\/wp-content\/uploads\/2019\/03\/logorcmx-good-1.png","contentUrl":"https:\/\/www.reconoce.mx\/wp-content\/uploads\/2019\/03\/logorcmx-good-1.png","width":280,"height":90,"caption":"Reconoce MX"},"image":{"@id":"http:\/\/www.reconoce.mx\/#\/schema\/logo\/image\/"},"sameAs":["https:\/\/es-la.facebook.com\/ReconoceMX\/","https:\/\/x.com\/reconocemx","http:\/\/@reconocemx"]},{"@type":"Person","@id":"http:\/\/www.reconoce.mx\/#\/schema\/person\/2117e997d7051dc15d6880eaf9bca0b2","name":"Reconoce MX","image":{"@type":"ImageObject","inLanguage":"es","@id":"http:\/\/www.reconoce.mx\/#\/schema\/person\/image\/","url":"https:\/\/secure.gravatar.com\/avatar\/6c8d4dc7569ca1c90c5fdcc349f839d5ddef6fe1e70b4337ead2ef1a4c43fc3a?s=96&d=identicon&r=g","contentUrl":"https:\/\/secure.gravatar.com\/avatar\/6c8d4dc7569ca1c90c5fdcc349f839d5ddef6fe1e70b4337ead2ef1a4c43fc3a?s=96&d=identicon&r=g","caption":"Reconoce MX"},"description":"Reconoce MX es un proyecto de difusi\u00f3n art\u00edstica, cultural y de conciencia social que est\u00e1 enfocado a difundir y fomentar el entretenimiento alternativo de calidad para todo el p\u00fablico que comparta el mismo entusiasmo.","sameAs":["http:\/\/www.reconoce.mx"],"url":"https:\/\/www.reconoce.mx\/?author=2"}]}},"_links":{"self":[{"href":"https:\/\/www.reconoce.mx\/index.php?rest_route=\/wp\/v2\/posts\/72866","targetHints":{"allow":["GET"]}}],"collection":[{"href":"https:\/\/www.reconoce.mx\/index.php?rest_route=\/wp\/v2\/posts"}],"about":[{"href":"https:\/\/www.reconoce.mx\/index.php?rest_route=\/wp\/v2\/types\/post"}],"author":[{"embeddable":true,"href":"https:\/\/www.reconoce.mx\/index.php?rest_route=\/wp\/v2\/users\/2"}],"replies":[{"embeddable":true,"href":"https:\/\/www.reconoce.mx\/index.php?rest_route=%2Fwp%2Fv2%2Fcomments&post=72866"}],"version-history":[{"count":2,"href":"https:\/\/www.reconoce.mx\/index.php?rest_route=\/wp\/v2\/posts\/72866\/revisions"}],"predecessor-version":[{"id":72868,"href":"https:\/\/www.reconoce.mx\/index.php?rest_route=\/wp\/v2\/posts\/72866\/revisions\/72868"}],"wp:featuredmedia":[{"embeddable":true,"href":"https:\/\/www.reconoce.mx\/index.php?rest_route=\/wp\/v2\/media\/53154"}],"wp:attachment":[{"href":"https:\/\/www.reconoce.mx\/index.php?rest_route=%2Fwp%2Fv2%2Fmedia&parent=72866"}],"wp:term":[{"taxonomy":"category","embeddable":true,"href":"https:\/\/www.reconoce.mx\/index.php?rest_route=%2Fwp%2Fv2%2Fcategories&post=72866"},{"taxonomy":"post_tag","embeddable":true,"href":"https:\/\/www.reconoce.mx\/index.php?rest_route=%2Fwp%2Fv2%2Ftags&post=72866"}],"curies":[{"name":"wp","href":"https:\/\/api.w.org\/{rel}","templated":true}]}}