{"id":72897,"date":"2018-05-11T00:02:25","date_gmt":"2018-05-11T05:02:25","guid":{"rendered":"http:\/\/www.reconoce.mx\/?p=72897"},"modified":"2018-05-11T08:49:29","modified_gmt":"2018-05-11T13:49:29","slug":"nunca-es-suficiente-version-los-angeles-azules-y-natalia-lafourcade","status":"publish","type":"post","link":"https:\/\/www.reconoce.mx\/?p=72897","title":{"rendered":"&#8216;Nunca es suficiente&#8217;, versi\u00f3n Los \u00c1ngeles Azules y Natalia Lafourcade"},"content":{"rendered":"<p><a href=\"http:\/\/www.reconoce.mx\/category\/cultura\/musica\/viernes-versionado\/\"><img loading=\"lazy\" decoding=\"async\" class=\"aligncenter size-full wp-image-38362\" src=\"http:\/\/www.reconoce.mx\/wp-content\/uploads\/2015\/06\/Viernes.png\" sizes=\"auto, (max-width: 550px) 100vw, 550px\" srcset=\"http:\/\/www.reconoce.mx\/wp-content\/uploads\/2015\/06\/Viernes.png 550w, http:\/\/www.reconoce.mx\/wp-content\/uploads\/2015\/06\/Viernes-300x38.png 300w, http:\/\/www.reconoce.mx\/wp-content\/uploads\/2015\/06\/Viernes-150x19.png 150w\" alt=\"Viernes\" width=\"550\" height=\"70\" \/><\/a><strong><br \/>\nPor <a title=\"@AsfaltosTweets\" href=\"http:\/\/twitter.com\/AsfaltosTweets\" target=\"_blank\" rel=\"noopener noreferrer\" data-slimstat-type=\"0\" data-slimstat-callback=\"false\" data-slimstat-tracking=\"true\">Asfaltos<\/a><\/strong>.<\/p>\n<p>Como sucede siempre cuando los pin\u00e1culos de la carreras de importantes m\u00fasicos coinciden, las ganas por verlos juntos tanto de la industria como de los fan\u00e1ticos se suelen cumplir. Ese el caso de los oriundos de Iztapalapa, Ciudad de M\u00e9xico, <strong>Los \u00c1ngeles Azules<\/strong>; as\u00ed como de la veracruzana <strong>Natalia Lafourcade<\/strong>. Ambos, con carreras ya con paso por los Estados Unidos &#8211;<strong>Los \u00c1ngeles Azules<\/strong> recientemente en <strong>Coachella<\/strong> y Natalia en la ceremonia de entrega de los <strong>Oscar<\/strong>-, se unen en una canci\u00f3n original de Lafourcade versi\u00f3n cumbia cortes\u00eda de <strong>Los \u00c1ngeles Azules<\/strong>.<\/p>\n<style>.embed-container { position: relative; padding-bottom: 56.25%; height: 0; overflow: hidden; max-width: 100%; } .embed-container iframe, .embed-container object, .embed-container embed { position: absolute; top: 0; left: 0; width: 100%; height: 100%; }<\/style>\n<div class=\"embed-container\"><iframe loading=\"lazy\" src=\"https:\/\/www.youtube.com\/embed\/k76BgIb89-s\" width=\"300\" height=\"150\" frameborder=\"0\" allowfullscreen=\"allowfullscreen\"><\/iframe><\/div>\n<p>&nbsp;<\/p>\n<p>\u00a1Vaya, qu\u00e9 delicia! Qu\u00e9 le vamos a hacer, estimados lectores, soy sin duda un adicto a la m\u00fasica de <strong>Natalia Lafourcade<\/strong>, y es que la m\u00fasica no para de sorprender. Desprendido de su tremendo \u00abHasta la ra\u00edz\u00bb, \u00abNunca es suficiente\u00bb es sin duda uno de los temas m\u00e1s aplaudidos y queridos de Natalia. Pues bien, <strong>Los \u00c1ngeles Azules<\/strong> la hicieron cumbia e invitaron a Natalia a cantar con ellos.<\/p>\n<p>Qu\u00e9 envidia haber estado en Puerto Progreso, Yucat\u00e1n, sitio donde se graba el video de la versi\u00f3n que ahora les presento, y haber sido testigo de este aut\u00e9ntico bailongo del que <strong>Los \u00c1ngeles Azules<\/strong> y <strong>Natalia Lafourcade<\/strong> nos hacen part\u00edcipes. \u00abEs un gran honor que una de mis composiciones recorra el mundo en voz y la alegr\u00eda de <strong>Los \u00c1ngeles Azules<\/strong>\u00ab, comparti\u00f3 en su cuenta de Twitter la cantante.<\/p>\n<p>Pues bien, a\u00f1adan un tema m\u00e1s para bodas, XV a\u00f1os, fiestas de cumplea\u00f1os y dem\u00e1s. \u00abNunca es suficiente\u00bb version <strong>Los \u00c1ngeles Azules<\/strong> y <strong>Natalia Lafourcade<\/strong> promete ser una de las favoritas de las pachangas nacionales; adem\u00e1s, de tambi\u00e9n -y por qu\u00e9 no decirlo-, ser una de las favoritas para dedicar a morras y morros que nos traen barriendo la banqueta -\u00a1te estoy escribiendo a t\u00ed, canija!-.<\/p>\n<p>Por cierto, si les gust\u00f3 la combinaci\u00f3n, <a href=\"http:\/\/www.reconoce.mx\/la-cumbia-del-infinito-de-los-angeles-azules-ft-natalia-lafourcade-rodrigo-gabriela\/\" target=\"_blank\" rel=\"noopener\">no dejen de revivir \u00abLa cumbia del infinito\u00bb de <strong>Los \u00c1ngeles Azules<\/strong>, con la presencia de <strong>Natalia Lafourcade<\/strong>, adem\u00e1s de los buenazos de <strong>Rodrigo &amp; Gabriela<\/strong><\/a>.<\/p>\n<p>\u00bfLes gust\u00f3 la versi\u00f3n del d\u00eda de hoy? H\u00e1ganse presentes y formen parte de la conversaci\u00f3n.<\/p>\n<p>&nbsp;<\/p>\n<p>&nbsp;<\/p>\n","protected":false},"excerpt":{"rendered":"<p>Como sucede siempre cuando los pin\u00e1culos de la carreras de importantes m\u00fasicos coinciden, las ganas por verlos juntos tanto de la industria como de los fan\u00e1ticos se suelen cumplir. Ese el caso de los oriundos de Iztapalapa, Ciudad de M\u00e9xico, Los \u00c1ngeles Azules; as\u00ed como de la veracruzana Natalia Lafourcade. <\/p>\n","protected":false},"author":2,"featured_media":72898,"comment_status":"open","ping_status":"open","sticky":false,"template":"","format":"standard","meta":{"footnotes":""},"categories":[1,18],"tags":[],"class_list":["post-72897","post","type-post","status-publish","format-standard","has-post-thumbnail","hentry","category-cultura","category-musica"],"yoast_head":"<!-- This site is optimized with the Yoast SEO plugin v24.7 - https:\/\/yoast.com\/wordpress\/plugins\/seo\/ -->\n<title>&#039;Nunca es suficiente&#039;, versi\u00f3n Los \u00c1ngeles Azules y Natalia Lafourcade &#171; Reconoce MX<\/title>\n<meta name=\"robots\" content=\"index, follow, max-snippet:-1, max-image-preview:large, max-video-preview:-1\" \/>\n<link rel=\"canonical\" href=\"https:\/\/www.reconoce.mx\/?p=72897\" \/>\n<meta property=\"og:locale\" content=\"es_ES\" \/>\n<meta property=\"og:type\" content=\"article\" \/>\n<meta property=\"og:title\" content=\"&#039;Nunca es suficiente&#039;, versi\u00f3n Los \u00c1ngeles Azules y Natalia Lafourcade &#171; Reconoce MX\" \/>\n<meta property=\"og:description\" content=\"Como sucede siempre cuando los pin\u00e1culos de la carreras de importantes m\u00fasicos coinciden, las ganas por verlos juntos tanto de la industria como de los fan\u00e1ticos se suelen cumplir. Ese el caso de los oriundos de Iztapalapa, Ciudad de M\u00e9xico, Los \u00c1ngeles Azules; as\u00ed como de la veracruzana Natalia Lafourcade.\" \/>\n<meta property=\"og:url\" content=\"https:\/\/www.reconoce.mx\/?p=72897\" \/>\n<meta property=\"og:site_name\" content=\"Reconoce MX\" \/>\n<meta property=\"article:publisher\" content=\"https:\/\/es-la.facebook.com\/ReconoceMX\/\" \/>\n<meta property=\"article:published_time\" content=\"2018-05-11T05:02:25+00:00\" \/>\n<meta property=\"article:modified_time\" content=\"2018-05-11T13:49:29+00:00\" \/>\n<meta property=\"og:image\" content=\"https:\/\/www.reconoce.mx\/wp-content\/uploads\/2018\/05\/nunca-es-suficiente-natalia-lafourcade.jpg\" \/>\n\t<meta property=\"og:image:width\" content=\"590\" \/>\n\t<meta property=\"og:image:height\" content=\"380\" \/>\n\t<meta property=\"og:image:type\" content=\"image\/jpeg\" \/>\n<meta name=\"author\" content=\"Reconoce MX\" \/>\n<meta name=\"twitter:card\" content=\"summary_large_image\" \/>\n<meta name=\"twitter:creator\" content=\"@reconocemx\" \/>\n<meta name=\"twitter:site\" content=\"@reconocemx\" \/>\n<meta name=\"twitter:label1\" content=\"Escrito por\" \/>\n\t<meta name=\"twitter:data1\" content=\"Reconoce MX\" \/>\n\t<meta name=\"twitter:label2\" content=\"Tiempo de lectura\" \/>\n\t<meta name=\"twitter:data2\" content=\"2 minutos\" \/>\n<script type=\"application\/ld+json\" class=\"yoast-schema-graph\">{\"@context\":\"https:\/\/schema.org\",\"@graph\":[{\"@type\":\"Article\",\"@id\":\"https:\/\/www.reconoce.mx\/?p=72897#article\",\"isPartOf\":{\"@id\":\"https:\/\/www.reconoce.mx\/?p=72897\"},\"author\":{\"name\":\"Reconoce MX\",\"@id\":\"http:\/\/www.reconoce.mx\/#\/schema\/person\/2117e997d7051dc15d6880eaf9bca0b2\"},\"headline\":\"&#8216;Nunca es suficiente&#8217;, versi\u00f3n Los \u00c1ngeles Azules y Natalia Lafourcade\",\"datePublished\":\"2018-05-11T05:02:25+00:00\",\"dateModified\":\"2018-05-11T13:49:29+00:00\",\"mainEntityOfPage\":{\"@id\":\"https:\/\/www.reconoce.mx\/?p=72897\"},\"wordCount\":391,\"commentCount\":0,\"publisher\":{\"@id\":\"http:\/\/www.reconoce.mx\/#organization\"},\"image\":{\"@id\":\"https:\/\/www.reconoce.mx\/?p=72897#primaryimage\"},\"thumbnailUrl\":\"https:\/\/www.reconoce.mx\/wp-content\/uploads\/2018\/05\/nunca-es-suficiente-natalia-lafourcade.jpg\",\"articleSection\":[\"Cultura\",\"M\u00fasica\"],\"inLanguage\":\"es\",\"potentialAction\":[{\"@type\":\"CommentAction\",\"name\":\"Comment\",\"target\":[\"https:\/\/www.reconoce.mx\/?p=72897#respond\"]}]},{\"@type\":\"WebPage\",\"@id\":\"https:\/\/www.reconoce.mx\/?p=72897\",\"url\":\"https:\/\/www.reconoce.mx\/?p=72897\",\"name\":\"'Nunca es suficiente', versi\u00f3n Los \u00c1ngeles Azules y Natalia Lafourcade &#171; Reconoce MX\",\"isPartOf\":{\"@id\":\"http:\/\/www.reconoce.mx\/#website\"},\"primaryImageOfPage\":{\"@id\":\"https:\/\/www.reconoce.mx\/?p=72897#primaryimage\"},\"image\":{\"@id\":\"https:\/\/www.reconoce.mx\/?p=72897#primaryimage\"},\"thumbnailUrl\":\"https:\/\/www.reconoce.mx\/wp-content\/uploads\/2018\/05\/nunca-es-suficiente-natalia-lafourcade.jpg\",\"datePublished\":\"2018-05-11T05:02:25+00:00\",\"dateModified\":\"2018-05-11T13:49:29+00:00\",\"breadcrumb\":{\"@id\":\"https:\/\/www.reconoce.mx\/?p=72897#breadcrumb\"},\"inLanguage\":\"es\",\"potentialAction\":[{\"@type\":\"ReadAction\",\"target\":[\"https:\/\/www.reconoce.mx\/?p=72897\"]}]},{\"@type\":\"ImageObject\",\"inLanguage\":\"es\",\"@id\":\"https:\/\/www.reconoce.mx\/?p=72897#primaryimage\",\"url\":\"https:\/\/www.reconoce.mx\/wp-content\/uploads\/2018\/05\/nunca-es-suficiente-natalia-lafourcade.jpg\",\"contentUrl\":\"https:\/\/www.reconoce.mx\/wp-content\/uploads\/2018\/05\/nunca-es-suficiente-natalia-lafourcade.jpg\",\"width\":590,\"height\":380},{\"@type\":\"BreadcrumbList\",\"@id\":\"https:\/\/www.reconoce.mx\/?p=72897#breadcrumb\",\"itemListElement\":[{\"@type\":\"ListItem\",\"position\":1,\"name\":\"Portada\",\"item\":\"http:\/\/www.reconoce.mx\/\"},{\"@type\":\"ListItem\",\"position\":2,\"name\":\"&#8216;Nunca es suficiente&#8217;, versi\u00f3n Los \u00c1ngeles Azules y Natalia Lafourcade\"}]},{\"@type\":\"WebSite\",\"@id\":\"http:\/\/www.reconoce.mx\/#website\",\"url\":\"http:\/\/www.reconoce.mx\/\",\"name\":\"Reconoce MX\",\"description\":\"En Reconoce MX difundimos arte, cultura y conciencia social en M\u00e9xico. Tu ciudad en otra perspectiva.\",\"publisher\":{\"@id\":\"http:\/\/www.reconoce.mx\/#organization\"},\"potentialAction\":[{\"@type\":\"SearchAction\",\"target\":{\"@type\":\"EntryPoint\",\"urlTemplate\":\"http:\/\/www.reconoce.mx\/?s={search_term_string}\"},\"query-input\":{\"@type\":\"PropertyValueSpecification\",\"valueRequired\":true,\"valueName\":\"search_term_string\"}}],\"inLanguage\":\"es\"},{\"@type\":\"Organization\",\"@id\":\"http:\/\/www.reconoce.mx\/#organization\",\"name\":\"Reconoce MX\",\"url\":\"http:\/\/www.reconoce.mx\/\",\"logo\":{\"@type\":\"ImageObject\",\"inLanguage\":\"es\",\"@id\":\"http:\/\/www.reconoce.mx\/#\/schema\/logo\/image\/\",\"url\":\"https:\/\/www.reconoce.mx\/wp-content\/uploads\/2019\/03\/logorcmx-good-1.png\",\"contentUrl\":\"https:\/\/www.reconoce.mx\/wp-content\/uploads\/2019\/03\/logorcmx-good-1.png\",\"width\":280,\"height\":90,\"caption\":\"Reconoce MX\"},\"image\":{\"@id\":\"http:\/\/www.reconoce.mx\/#\/schema\/logo\/image\/\"},\"sameAs\":[\"https:\/\/es-la.facebook.com\/ReconoceMX\/\",\"https:\/\/x.com\/reconocemx\",\"http:\/\/@reconocemx\"]},{\"@type\":\"Person\",\"@id\":\"http:\/\/www.reconoce.mx\/#\/schema\/person\/2117e997d7051dc15d6880eaf9bca0b2\",\"name\":\"Reconoce MX\",\"image\":{\"@type\":\"ImageObject\",\"inLanguage\":\"es\",\"@id\":\"http:\/\/www.reconoce.mx\/#\/schema\/person\/image\/\",\"url\":\"https:\/\/secure.gravatar.com\/avatar\/6c8d4dc7569ca1c90c5fdcc349f839d5ddef6fe1e70b4337ead2ef1a4c43fc3a?s=96&d=identicon&r=g\",\"contentUrl\":\"https:\/\/secure.gravatar.com\/avatar\/6c8d4dc7569ca1c90c5fdcc349f839d5ddef6fe1e70b4337ead2ef1a4c43fc3a?s=96&d=identicon&r=g\",\"caption\":\"Reconoce MX\"},\"description\":\"Reconoce MX es un proyecto de difusi\u00f3n art\u00edstica, cultural y de conciencia social que est\u00e1 enfocado a difundir y fomentar el entretenimiento alternativo de calidad para todo el p\u00fablico que comparta el mismo entusiasmo.\",\"sameAs\":[\"http:\/\/www.reconoce.mx\"],\"url\":\"https:\/\/www.reconoce.mx\/?author=2\"}]}<\/script>\n<!-- \/ Yoast SEO plugin. -->","yoast_head_json":{"title":"'Nunca es suficiente', versi\u00f3n Los \u00c1ngeles Azules y Natalia Lafourcade &#171; Reconoce MX","robots":{"index":"index","follow":"follow","max-snippet":"max-snippet:-1","max-image-preview":"max-image-preview:large","max-video-preview":"max-video-preview:-1"},"canonical":"https:\/\/www.reconoce.mx\/?p=72897","og_locale":"es_ES","og_type":"article","og_title":"'Nunca es suficiente', versi\u00f3n Los \u00c1ngeles Azules y Natalia Lafourcade &#171; Reconoce MX","og_description":"Como sucede siempre cuando los pin\u00e1culos de la carreras de importantes m\u00fasicos coinciden, las ganas por verlos juntos tanto de la industria como de los fan\u00e1ticos se suelen cumplir. Ese el caso de los oriundos de Iztapalapa, Ciudad de M\u00e9xico, Los \u00c1ngeles Azules; as\u00ed como de la veracruzana Natalia Lafourcade.","og_url":"https:\/\/www.reconoce.mx\/?p=72897","og_site_name":"Reconoce MX","article_publisher":"https:\/\/es-la.facebook.com\/ReconoceMX\/","article_published_time":"2018-05-11T05:02:25+00:00","article_modified_time":"2018-05-11T13:49:29+00:00","og_image":[{"width":590,"height":380,"url":"https:\/\/www.reconoce.mx\/wp-content\/uploads\/2018\/05\/nunca-es-suficiente-natalia-lafourcade.jpg","type":"image\/jpeg"}],"author":"Reconoce MX","twitter_card":"summary_large_image","twitter_creator":"@reconocemx","twitter_site":"@reconocemx","twitter_misc":{"Escrito por":"Reconoce MX","Tiempo de lectura":"2 minutos"},"schema":{"@context":"https:\/\/schema.org","@graph":[{"@type":"Article","@id":"https:\/\/www.reconoce.mx\/?p=72897#article","isPartOf":{"@id":"https:\/\/www.reconoce.mx\/?p=72897"},"author":{"name":"Reconoce MX","@id":"http:\/\/www.reconoce.mx\/#\/schema\/person\/2117e997d7051dc15d6880eaf9bca0b2"},"headline":"&#8216;Nunca es suficiente&#8217;, versi\u00f3n Los \u00c1ngeles Azules y Natalia Lafourcade","datePublished":"2018-05-11T05:02:25+00:00","dateModified":"2018-05-11T13:49:29+00:00","mainEntityOfPage":{"@id":"https:\/\/www.reconoce.mx\/?p=72897"},"wordCount":391,"commentCount":0,"publisher":{"@id":"http:\/\/www.reconoce.mx\/#organization"},"image":{"@id":"https:\/\/www.reconoce.mx\/?p=72897#primaryimage"},"thumbnailUrl":"https:\/\/www.reconoce.mx\/wp-content\/uploads\/2018\/05\/nunca-es-suficiente-natalia-lafourcade.jpg","articleSection":["Cultura","M\u00fasica"],"inLanguage":"es","potentialAction":[{"@type":"CommentAction","name":"Comment","target":["https:\/\/www.reconoce.mx\/?p=72897#respond"]}]},{"@type":"WebPage","@id":"https:\/\/www.reconoce.mx\/?p=72897","url":"https:\/\/www.reconoce.mx\/?p=72897","name":"'Nunca es suficiente', versi\u00f3n Los \u00c1ngeles Azules y Natalia Lafourcade &#171; Reconoce MX","isPartOf":{"@id":"http:\/\/www.reconoce.mx\/#website"},"primaryImageOfPage":{"@id":"https:\/\/www.reconoce.mx\/?p=72897#primaryimage"},"image":{"@id":"https:\/\/www.reconoce.mx\/?p=72897#primaryimage"},"thumbnailUrl":"https:\/\/www.reconoce.mx\/wp-content\/uploads\/2018\/05\/nunca-es-suficiente-natalia-lafourcade.jpg","datePublished":"2018-05-11T05:02:25+00:00","dateModified":"2018-05-11T13:49:29+00:00","breadcrumb":{"@id":"https:\/\/www.reconoce.mx\/?p=72897#breadcrumb"},"inLanguage":"es","potentialAction":[{"@type":"ReadAction","target":["https:\/\/www.reconoce.mx\/?p=72897"]}]},{"@type":"ImageObject","inLanguage":"es","@id":"https:\/\/www.reconoce.mx\/?p=72897#primaryimage","url":"https:\/\/www.reconoce.mx\/wp-content\/uploads\/2018\/05\/nunca-es-suficiente-natalia-lafourcade.jpg","contentUrl":"https:\/\/www.reconoce.mx\/wp-content\/uploads\/2018\/05\/nunca-es-suficiente-natalia-lafourcade.jpg","width":590,"height":380},{"@type":"BreadcrumbList","@id":"https:\/\/www.reconoce.mx\/?p=72897#breadcrumb","itemListElement":[{"@type":"ListItem","position":1,"name":"Portada","item":"http:\/\/www.reconoce.mx\/"},{"@type":"ListItem","position":2,"name":"&#8216;Nunca es suficiente&#8217;, versi\u00f3n Los \u00c1ngeles Azules y Natalia Lafourcade"}]},{"@type":"WebSite","@id":"http:\/\/www.reconoce.mx\/#website","url":"http:\/\/www.reconoce.mx\/","name":"Reconoce MX","description":"En Reconoce MX difundimos arte, cultura y conciencia social en M\u00e9xico. Tu ciudad en otra perspectiva.","publisher":{"@id":"http:\/\/www.reconoce.mx\/#organization"},"potentialAction":[{"@type":"SearchAction","target":{"@type":"EntryPoint","urlTemplate":"http:\/\/www.reconoce.mx\/?s={search_term_string}"},"query-input":{"@type":"PropertyValueSpecification","valueRequired":true,"valueName":"search_term_string"}}],"inLanguage":"es"},{"@type":"Organization","@id":"http:\/\/www.reconoce.mx\/#organization","name":"Reconoce MX","url":"http:\/\/www.reconoce.mx\/","logo":{"@type":"ImageObject","inLanguage":"es","@id":"http:\/\/www.reconoce.mx\/#\/schema\/logo\/image\/","url":"https:\/\/www.reconoce.mx\/wp-content\/uploads\/2019\/03\/logorcmx-good-1.png","contentUrl":"https:\/\/www.reconoce.mx\/wp-content\/uploads\/2019\/03\/logorcmx-good-1.png","width":280,"height":90,"caption":"Reconoce MX"},"image":{"@id":"http:\/\/www.reconoce.mx\/#\/schema\/logo\/image\/"},"sameAs":["https:\/\/es-la.facebook.com\/ReconoceMX\/","https:\/\/x.com\/reconocemx","http:\/\/@reconocemx"]},{"@type":"Person","@id":"http:\/\/www.reconoce.mx\/#\/schema\/person\/2117e997d7051dc15d6880eaf9bca0b2","name":"Reconoce MX","image":{"@type":"ImageObject","inLanguage":"es","@id":"http:\/\/www.reconoce.mx\/#\/schema\/person\/image\/","url":"https:\/\/secure.gravatar.com\/avatar\/6c8d4dc7569ca1c90c5fdcc349f839d5ddef6fe1e70b4337ead2ef1a4c43fc3a?s=96&d=identicon&r=g","contentUrl":"https:\/\/secure.gravatar.com\/avatar\/6c8d4dc7569ca1c90c5fdcc349f839d5ddef6fe1e70b4337ead2ef1a4c43fc3a?s=96&d=identicon&r=g","caption":"Reconoce MX"},"description":"Reconoce MX es un proyecto de difusi\u00f3n art\u00edstica, cultural y de conciencia social que est\u00e1 enfocado a difundir y fomentar el entretenimiento alternativo de calidad para todo el p\u00fablico que comparta el mismo entusiasmo.","sameAs":["http:\/\/www.reconoce.mx"],"url":"https:\/\/www.reconoce.mx\/?author=2"}]}},"_links":{"self":[{"href":"https:\/\/www.reconoce.mx\/index.php?rest_route=\/wp\/v2\/posts\/72897","targetHints":{"allow":["GET"]}}],"collection":[{"href":"https:\/\/www.reconoce.mx\/index.php?rest_route=\/wp\/v2\/posts"}],"about":[{"href":"https:\/\/www.reconoce.mx\/index.php?rest_route=\/wp\/v2\/types\/post"}],"author":[{"embeddable":true,"href":"https:\/\/www.reconoce.mx\/index.php?rest_route=\/wp\/v2\/users\/2"}],"replies":[{"embeddable":true,"href":"https:\/\/www.reconoce.mx\/index.php?rest_route=%2Fwp%2Fv2%2Fcomments&post=72897"}],"version-history":[{"count":2,"href":"https:\/\/www.reconoce.mx\/index.php?rest_route=\/wp\/v2\/posts\/72897\/revisions"}],"predecessor-version":[{"id":72900,"href":"https:\/\/www.reconoce.mx\/index.php?rest_route=\/wp\/v2\/posts\/72897\/revisions\/72900"}],"wp:featuredmedia":[{"embeddable":true,"href":"https:\/\/www.reconoce.mx\/index.php?rest_route=\/wp\/v2\/media\/72898"}],"wp:attachment":[{"href":"https:\/\/www.reconoce.mx\/index.php?rest_route=%2Fwp%2Fv2%2Fmedia&parent=72897"}],"wp:term":[{"taxonomy":"category","embeddable":true,"href":"https:\/\/www.reconoce.mx\/index.php?rest_route=%2Fwp%2Fv2%2Fcategories&post=72897"},{"taxonomy":"post_tag","embeddable":true,"href":"https:\/\/www.reconoce.mx\/index.php?rest_route=%2Fwp%2Fv2%2Ftags&post=72897"}],"curies":[{"name":"wp","href":"https:\/\/api.w.org\/{rel}","templated":true}]}}